{"id":10002,"date":"2017-04-11T15:15:28","date_gmt":"2017-04-11T13:15:28","guid":{"rendered":"https:\/\/www.umweltperspektiven.ch\/?p=935"},"modified":"2022-02-09T11:10:56","modified_gmt":"2022-02-09T10:10:56","slug":"netzwerk-der-wasseringenieurinnen-gegruendet","status":"publish","type":"post","link":"https:\/\/www.organisator.ch\/de\/sustainability\/2017-04-11\/netzwerk-der-wasseringenieurinnen-gegruendet\/","title":{"rendered":"Netzwerk der Wasseringenieurinnen gegr\u00fcndet"},"content":{"rendered":"<figure id=\"attachment_936\" aria-describedby=\"caption-attachment-936\" style=\"width: 680px\" class=\"wp-caption alignnone\"><img loading=\"lazy\" decoding=\"async\" class=\"size-medium wp-image-936\" src=\"\/\/www.umweltperspektiven.ch\/wp-content\/uploads\/2017\/04\/Vorstand_NeWI.jpg\" alt=\"\" width=\"680\" height=\"452\" \/><figcaption id=\"caption-attachment-936\" class=\"wp-caption-text\">Der Vorstand des Netzwerks besteht aus Angelika Hess, Lena Mutzner, Angela Birrer und Alexandra Fumasoli (v.l.n.r)<\/figcaption><\/figure>\n<p>NeWI steht f\u00fcr das k\u00fcrzlich gegr\u00fcndete Netzwerk der Wasseringenieurinnen. NeWI m\u00f6chte Ingenieurinnen aus dem Bereich Wasser (Trinkwasser, Abwasser, Gew\u00e4sser, Hochwasserschutz, Wasserbau, Hydrologie und Andere) f\u00fcreinander als auch in der \u00d6ffentlichkeit sichtbar machen. NeWI bietet eine Plattform f\u00fcr den pers\u00f6nlichen und berufsspezifischen Erfahrungsaustausch und f\u00fchrt Frauen mit unterschiedlichen Berufswegen und in verschiedenen Positionen zusammen. \u00dcberdies m\u00f6chte NeWI Nachwuchs f\u00f6rdern und jungen Ingenieurinnen und Berufsanw\u00e4rterinnen Vorbilder n\u00e4herbringen und m\u00f6gliche Karrierewege aufzeigen.<\/p>\n<p>Die Gr\u00fcnderinnen und Vorstandsmitglieder sind\u00a0Angela Birrer, Ingenierin im Bereich Siedlungsentw\u00e4sserung; Alexandra Fumasoli, Verfahrenstechnik-Ingenieurin im Bereich Kl\u00e4ranlagen; Angelika Hess, wissenschaftliche Assistentin f\u00fcr Siedlungswasserwirtschaft an der ETH, sowie Lea Mutzner, die derzeit an der Eawag an ihrer Dissertation zum Thema Mikroverunreinigungen arbeitet.<\/p>\n<p><strong>Events und Workshops<\/strong><\/p>\n<p>Das Netzwerk wurde im Januar 2017 mit einem erfolgreichen ersten Event lanciert. \u00dcber 50 Teilnehmerinnen konnten an einer spannenden F\u00fchrung durchs NEST &#8211; dem modularen Forschungs- und Innovationsgeb\u00e4ude der EMPA und EAWAG \u2013 teilnehmen. Nun folgen weitere Anl\u00e4sse im Jahr 2017, wie der Karriereevent f\u00fcr Studentinnen, ein Workshop zum Thema Teilzeit und Karriere (bei dem auch M\u00e4nner willkommen sind) und die j\u00e4hrlich geplante\u00a0NeWI-Sommergrillade.<\/p>\n<figure id=\"attachment_937\" aria-describedby=\"caption-attachment-937\" style=\"width: 680px\" class=\"wp-caption alignnone\"><img loading=\"lazy\" decoding=\"async\" class=\"size-medium wp-image-937\" src=\"\/\/www.umweltperspektiven.ch\/wp-content\/uploads\/2017\/04\/Anlass_NeWI.jpg\" alt=\"\" width=\"680\" height=\"453\" srcset=\"https:\/\/www.organisator.ch\/wp-content\/uploads\/2017\/04\/Anlass_NeWI.jpg 1194w, https:\/\/www.organisator.ch\/wp-content\/uploads\/2017\/04\/Anlass_NeWI-680x453.jpg 680w, https:\/\/www.organisator.ch\/wp-content\/uploads\/2017\/04\/Anlass_NeWI-1024x682.jpg 1024w, https:\/\/www.organisator.ch\/wp-content\/uploads\/2017\/04\/Anlass_NeWI-768x511.jpg 768w, https:\/\/www.organisator.ch\/wp-content\/uploads\/2017\/04\/Anlass_NeWI-18x12.jpg 18w, https:\/\/www.organisator.ch\/wp-content\/uploads\/2017\/04\/Anlass_NeWI-263x175.jpg 263w, https:\/\/www.organisator.ch\/wp-content\/uploads\/2017\/04\/Anlass_NeWI-526x350.jpg 526w, https:\/\/www.organisator.ch\/wp-content\/uploads\/2017\/04\/Anlass_NeWI-920x613.jpg 920w, https:\/\/www.organisator.ch\/wp-content\/uploads\/2017\/04\/Anlass_NeWI-300x200.jpg 300w\" sizes=\"auto, (max-width: 680px) 100vw, 680px\" \/><figcaption id=\"caption-attachment-937\" class=\"wp-caption-text\">Netzwerk der Wasseringenieurinnen am Gr\u00fcndungsanlass<\/figcaption><\/figure>\n<p>Die Mitgliedschaft ist zurzeit kostenlos und die Registrierung kann jederzeit \u00fcber die Homepage erfolgen. Das Netzwerk freut sich auf weitere Mitglieder, um NeWI gemeinsam in eine erfolgreiche Zukunft zu f\u00fchren. N\u00e4heres zu den Anl\u00e4ssen und zur Mitgliedschaft ist auf der Homepage <a href=\"\/\/www.wasseringenieurinnen.ch\">www.wasseringenieurinnen.ch<\/a> zu finden.<\/p>\n","protected":false},"excerpt":{"rendered":"<p>NeWI steht f\u00fcr das k\u00fcrzlich gegr\u00fcndete Netzwerk der Wasseringenieurinnen. NeWI m\u00f6chte Ingenieurinnen aus dem Bereich Wasser (Trinkwasser, Abwasser, Gew\u00e4sser, Hochwasserschutz, Wasserbau, Hydrologie und Andere) f\u00fcreinander als auch in der \u00d6ffentlichkeit sichtbar machen. NeWI bietet eine Plattform f\u00fcr den pers\u00f6nlichen und berufsspezifischen Erfahrungsaustausch und f\u00fchrt Frauen mit unterschiedlichen Berufswegen und in verschiedenen Positionen zusammen. \u00dcberdies m\u00f6chte [&hellip;]<\/p>\n","protected":false},"author":1,"featured_media":9486,"comment_status":"open","ping_status":"open","sticky":false,"template":"","format":"standard","meta":{"_acf_changed":false,"_yoast_wpseo_focuskw":"Wasseringenieurinnen","_yoast_wpseo_metadesc":"Ingenieurinnen aus dem Wasserbereich vernetzen und sichtbarer machen: Das will das im Januar gegr\u00fcndete Netzwerk der Wasseringenieurinnen.","articlekey":"","footnotes":""},"categories":[580],"tags":[663,1824,600],"class_list":["post-10002","post","type-post","status-publish","format-standard","has-post-thumbnail","hentry","category-sustainability","tag-abwasser","tag-netzwerk","tag-wasser"],"acf":[],"yoast_head":"<!-- This site is optimized with the Yoast SEO plugin v27.4 - https:\/\/yoast.com\/product\/yoast-seo-wordpress\/ -->\n<title>Netzwerk der Wasseringenieurinnen gegr\u00fcndet - Organisator<\/title>\n<meta name=\"description\" content=\"Ingenieurinnen aus dem Wasserbereich vernetzen und sichtbarer machen: Das will das im Januar gegr\u00fcndete Netzwerk der Wasseringenieurinnen.\" \/>\n<meta name=\"robots\" content=\"index, follow, max-snippet:-1, max-image-preview:large, max-video-preview:-1\" \/>\n<link rel=\"canonical\" href=\"https:\/\/www.organisator.ch\/de\/sustainability\/2017-04-11\/netzwerk-der-wasseringenieurinnen-gegruendet\/\" \/>\n<meta property=\"og:locale\" content=\"de_DE\" \/>\n<meta property=\"og:type\" content=\"article\" \/>\n<meta property=\"og:title\" content=\"Netzwerk der Wasseringenieurinnen gegr\u00fcndet - Organisator\" \/>\n<meta property=\"og:description\" content=\"Ingenieurinnen aus dem Wasserbereich vernetzen und sichtbarer machen: Das will das im Januar gegr\u00fcndete Netzwerk der Wasseringenieurinnen.\" \/>\n<meta property=\"og:url\" content=\"https:\/\/www.organisator.ch\/de\/sustainability\/2017-04-11\/netzwerk-der-wasseringenieurinnen-gegruendet\/\" \/>\n<meta property=\"og:site_name\" content=\"Organisator\" \/>\n<meta property=\"article:publisher\" content=\"https:\/\/www.facebook.com\/OrganisatorFachmagazin\" \/>\n<meta property=\"article:published_time\" content=\"2017-04-11T13:15:28+00:00\" \/>\n<meta property=\"article:modified_time\" content=\"2022-02-09T10:10:56+00:00\" \/>\n<meta property=\"og:image\" content=\"https:\/\/www.organisator.ch\/wp-content\/uploads\/2017\/04\/Vorstand_NeWI.jpg\" \/>\n\t<meta property=\"og:image:width\" content=\"1251\" \/>\n\t<meta property=\"og:image:height\" content=\"832\" \/>\n\t<meta property=\"og:image:type\" content=\"image\/jpeg\" \/>\n<meta name=\"author\" content=\"admin\" \/>\n<meta name=\"twitter:card\" content=\"summary_large_image\" \/>\n<script type=\"application\/ld+json\" class=\"yoast-schema-graph\">{\"@context\":\"https:\\\/\\\/schema.org\",\"@graph\":[{\"@type\":\"Article\",\"@id\":\"https:\\\/\\\/www.organisator.ch\\\/sustainability\\\/2017-04-11\\\/netzwerk-der-wasseringenieurinnen-gegruendet\\\/#article\",\"isPartOf\":{\"@id\":\"https:\\\/\\\/www.organisator.ch\\\/sustainability\\\/2017-04-11\\\/netzwerk-der-wasseringenieurinnen-gegruendet\\\/\"},\"author\":{\"name\":\"admin\",\"@id\":\"https:\\\/\\\/www.organisator.ch\\\/#\\\/schema\\\/person\\\/aa2bace6c5c5aad60102004a50c4eb1c\"},\"headline\":\"Netzwerk der Wasseringenieurinnen gegr\u00fcndet\",\"datePublished\":\"2017-04-11T13:15:28+00:00\",\"dateModified\":\"2022-02-09T10:10:56+00:00\",\"mainEntityOfPage\":{\"@id\":\"https:\\\/\\\/www.organisator.ch\\\/sustainability\\\/2017-04-11\\\/netzwerk-der-wasseringenieurinnen-gegruendet\\\/\"},\"wordCount\":290,\"commentCount\":0,\"publisher\":{\"@id\":\"https:\\\/\\\/www.organisator.ch\\\/#organization\"},\"image\":{\"@id\":\"https:\\\/\\\/www.organisator.ch\\\/sustainability\\\/2017-04-11\\\/netzwerk-der-wasseringenieurinnen-gegruendet\\\/#primaryimage\"},\"thumbnailUrl\":\"https:\\\/\\\/www.organisator.ch\\\/wp-content\\\/uploads\\\/2017\\\/04\\\/Vorstand_NeWI.jpg\",\"keywords\":[\"Abwasser\",\"Netzwerk\",\"WASSER\"],\"articleSection\":[\"SUSTAINABILITY\"],\"inLanguage\":\"de\"},{\"@type\":\"WebPage\",\"@id\":\"https:\\\/\\\/www.organisator.ch\\\/sustainability\\\/2017-04-11\\\/netzwerk-der-wasseringenieurinnen-gegruendet\\\/\",\"url\":\"https:\\\/\\\/www.organisator.ch\\\/sustainability\\\/2017-04-11\\\/netzwerk-der-wasseringenieurinnen-gegruendet\\\/\",\"name\":\"Netzwerk der Wasseringenieurinnen gegr\u00fcndet - Organisator\",\"isPartOf\":{\"@id\":\"https:\\\/\\\/www.organisator.ch\\\/#website\"},\"primaryImageOfPage\":{\"@id\":\"https:\\\/\\\/www.organisator.ch\\\/sustainability\\\/2017-04-11\\\/netzwerk-der-wasseringenieurinnen-gegruendet\\\/#primaryimage\"},\"image\":{\"@id\":\"https:\\\/\\\/www.organisator.ch\\\/sustainability\\\/2017-04-11\\\/netzwerk-der-wasseringenieurinnen-gegruendet\\\/#primaryimage\"},\"thumbnailUrl\":\"https:\\\/\\\/www.organisator.ch\\\/wp-content\\\/uploads\\\/2017\\\/04\\\/Vorstand_NeWI.jpg\",\"datePublished\":\"2017-04-11T13:15:28+00:00\",\"dateModified\":\"2022-02-09T10:10:56+00:00\",\"description\":\"Ingenieurinnen aus dem Wasserbereich vernetzen und sichtbarer machen: Das will das im Januar gegr\u00fcndete Netzwerk der Wasseringenieurinnen.\",\"breadcrumb\":{\"@id\":\"https:\\\/\\\/www.organisator.ch\\\/sustainability\\\/2017-04-11\\\/netzwerk-der-wasseringenieurinnen-gegruendet\\\/#breadcrumb\"},\"inLanguage\":\"de\",\"potentialAction\":[{\"@type\":\"ReadAction\",\"target\":[\"https:\\\/\\\/www.organisator.ch\\\/sustainability\\\/2017-04-11\\\/netzwerk-der-wasseringenieurinnen-gegruendet\\\/\"]}]},{\"@type\":\"ImageObject\",\"inLanguage\":\"de\",\"@id\":\"https:\\\/\\\/www.organisator.ch\\\/sustainability\\\/2017-04-11\\\/netzwerk-der-wasseringenieurinnen-gegruendet\\\/#primaryimage\",\"url\":\"https:\\\/\\\/www.organisator.ch\\\/wp-content\\\/uploads\\\/2017\\\/04\\\/Vorstand_NeWI.jpg\",\"contentUrl\":\"https:\\\/\\\/www.organisator.ch\\\/wp-content\\\/uploads\\\/2017\\\/04\\\/Vorstand_NeWI.jpg\",\"width\":1251,\"height\":832,\"caption\":\"Der Vorstand des Netzwerks besteht aus Angelika Hess, Lena Mutzner, Angela Birrer und Alexandra Fumasoli (v.l.n.r)\"},{\"@type\":\"BreadcrumbList\",\"@id\":\"https:\\\/\\\/www.organisator.ch\\\/sustainability\\\/2017-04-11\\\/netzwerk-der-wasseringenieurinnen-gegruendet\\\/#breadcrumb\",\"itemListElement\":[{\"@type\":\"ListItem\",\"position\":1,\"name\":\"Home\",\"item\":\"https:\\\/\\\/www.organisator.ch\\\/\"},{\"@type\":\"ListItem\",\"position\":2,\"name\":\"Netzwerk der Wasseringenieurinnen gegr\u00fcndet\"}]},{\"@type\":\"WebSite\",\"@id\":\"https:\\\/\\\/www.organisator.ch\\\/#website\",\"url\":\"https:\\\/\\\/www.organisator.ch\\\/\",\"name\":\"Organisator\",\"description\":\"Kompetent. Praxisnah. Der ORGANISATOR bereitet in 10 Ausgaben pro Jahr die wesentlichen Themen f\u00fcr F\u00fchrungskr\u00e4fte von KMU auf.\",\"publisher\":{\"@id\":\"https:\\\/\\\/www.organisator.ch\\\/#organization\"},\"potentialAction\":[{\"@type\":\"SearchAction\",\"target\":{\"@type\":\"EntryPoint\",\"urlTemplate\":\"https:\\\/\\\/www.organisator.ch\\\/?s={search_term_string}\"},\"query-input\":{\"@type\":\"PropertyValueSpecification\",\"valueRequired\":true,\"valueName\":\"search_term_string\"}}],\"inLanguage\":\"de\"},{\"@type\":\"Organization\",\"@id\":\"https:\\\/\\\/www.organisator.ch\\\/#organization\",\"name\":\"Organisator\",\"url\":\"https:\\\/\\\/www.organisator.ch\\\/\",\"logo\":{\"@type\":\"ImageObject\",\"inLanguage\":\"de\",\"@id\":\"https:\\\/\\\/www.organisator.ch\\\/#\\\/schema\\\/logo\\\/image\\\/\",\"url\":\"https:\\\/\\\/www.organisator.ch\\\/wp-content\\\/uploads\\\/2022\\\/01\\\/Logo_Organisator_Website.png\",\"contentUrl\":\"https:\\\/\\\/www.organisator.ch\\\/wp-content\\\/uploads\\\/2022\\\/01\\\/Logo_Organisator_Website.png\",\"width\":800,\"height\":77,\"caption\":\"Organisator\"},\"image\":{\"@id\":\"https:\\\/\\\/www.organisator.ch\\\/#\\\/schema\\\/logo\\\/image\\\/\"},\"sameAs\":[\"https:\\\/\\\/www.facebook.com\\\/OrganisatorFachmagazin\",\"https:\\\/\\\/www.linkedin.com\\\/showcase\\\/organisator-das-magazin-fr-kmu\",\"https:\\\/\\\/www.xing.com\\\/news\\\/pages\\\/organisator-ch-695\",\"https:\\\/\\\/www.youtube.com\\\/channel\\\/UCGP2Sq0iWaZwT3BdIAQFYpw\"]},{\"@type\":\"Person\",\"@id\":\"https:\\\/\\\/www.organisator.ch\\\/#\\\/schema\\\/person\\\/aa2bace6c5c5aad60102004a50c4eb1c\",\"name\":\"admin\",\"image\":{\"@type\":\"ImageObject\",\"inLanguage\":\"de\",\"@id\":\"https:\\\/\\\/secure.gravatar.com\\\/avatar\\\/ae2f4d718e6c49043e314ce431e7e645d646302a24a5ef5a8bc8e3f5a032e319?s=96&d=mm&r=g\",\"url\":\"https:\\\/\\\/secure.gravatar.com\\\/avatar\\\/ae2f4d718e6c49043e314ce431e7e645d646302a24a5ef5a8bc8e3f5a032e319?s=96&d=mm&r=g\",\"contentUrl\":\"https:\\\/\\\/secure.gravatar.com\\\/avatar\\\/ae2f4d718e6c49043e314ce431e7e645d646302a24a5ef5a8bc8e3f5a032e319?s=96&d=mm&r=g\",\"caption\":\"admin\"},\"sameAs\":[\"https:\\\/\\\/www.organisator.ch\"],\"url\":\"https:\\\/\\\/www.organisator.ch\\\/de\\\/author\\\/admin\\\/\"}]}<\/script>\n<!-- \/ Yoast SEO plugin. -->","yoast_head_json":{"title":"Netzwerk der Wasseringenieurinnen gegr\u00fcndet - Organisator","description":"Ingenieurinnen aus dem Wasserbereich vernetzen und sichtbarer machen: Das will das im Januar gegr\u00fcndete Netzwerk der Wasseringenieurinnen.","robots":{"index":"index","follow":"follow","max-snippet":"max-snippet:-1","max-image-preview":"max-image-preview:large","max-video-preview":"max-video-preview:-1"},"canonical":"https:\/\/www.organisator.ch\/de\/sustainability\/2017-04-11\/netzwerk-der-wasseringenieurinnen-gegruendet\/","og_locale":"de_DE","og_type":"article","og_title":"Netzwerk der Wasseringenieurinnen gegr\u00fcndet - Organisator","og_description":"Ingenieurinnen aus dem Wasserbereich vernetzen und sichtbarer machen: Das will das im Januar gegr\u00fcndete Netzwerk der Wasseringenieurinnen.","og_url":"https:\/\/www.organisator.ch\/de\/sustainability\/2017-04-11\/netzwerk-der-wasseringenieurinnen-gegruendet\/","og_site_name":"Organisator","article_publisher":"https:\/\/www.facebook.com\/OrganisatorFachmagazin","article_published_time":"2017-04-11T13:15:28+00:00","article_modified_time":"2022-02-09T10:10:56+00:00","og_image":[{"width":1251,"height":832,"url":"https:\/\/www.organisator.ch\/wp-content\/uploads\/2017\/04\/Vorstand_NeWI.jpg","type":"image\/jpeg"}],"author":"admin","twitter_card":"summary_large_image","schema":{"@context":"https:\/\/schema.org","@graph":[{"@type":"Article","@id":"https:\/\/www.organisator.ch\/sustainability\/2017-04-11\/netzwerk-der-wasseringenieurinnen-gegruendet\/#article","isPartOf":{"@id":"https:\/\/www.organisator.ch\/sustainability\/2017-04-11\/netzwerk-der-wasseringenieurinnen-gegruendet\/"},"author":{"name":"admin","@id":"https:\/\/www.organisator.ch\/#\/schema\/person\/aa2bace6c5c5aad60102004a50c4eb1c"},"headline":"Netzwerk der Wasseringenieurinnen gegr\u00fcndet","datePublished":"2017-04-11T13:15:28+00:00","dateModified":"2022-02-09T10:10:56+00:00","mainEntityOfPage":{"@id":"https:\/\/www.organisator.ch\/sustainability\/2017-04-11\/netzwerk-der-wasseringenieurinnen-gegruendet\/"},"wordCount":290,"commentCount":0,"publisher":{"@id":"https:\/\/www.organisator.ch\/#organization"},"image":{"@id":"https:\/\/www.organisator.ch\/sustainability\/2017-04-11\/netzwerk-der-wasseringenieurinnen-gegruendet\/#primaryimage"},"thumbnailUrl":"https:\/\/www.organisator.ch\/wp-content\/uploads\/2017\/04\/Vorstand_NeWI.jpg","keywords":["Abwasser","Netzwerk","WASSER"],"articleSection":["SUSTAINABILITY"],"inLanguage":"de"},{"@type":"WebPage","@id":"https:\/\/www.organisator.ch\/sustainability\/2017-04-11\/netzwerk-der-wasseringenieurinnen-gegruendet\/","url":"https:\/\/www.organisator.ch\/sustainability\/2017-04-11\/netzwerk-der-wasseringenieurinnen-gegruendet\/","name":"Netzwerk der Wasseringenieurinnen gegr\u00fcndet - Organisator","isPartOf":{"@id":"https:\/\/www.organisator.ch\/#website"},"primaryImageOfPage":{"@id":"https:\/\/www.organisator.ch\/sustainability\/2017-04-11\/netzwerk-der-wasseringenieurinnen-gegruendet\/#primaryimage"},"image":{"@id":"https:\/\/www.organisator.ch\/sustainability\/2017-04-11\/netzwerk-der-wasseringenieurinnen-gegruendet\/#primaryimage"},"thumbnailUrl":"https:\/\/www.organisator.ch\/wp-content\/uploads\/2017\/04\/Vorstand_NeWI.jpg","datePublished":"2017-04-11T13:15:28+00:00","dateModified":"2022-02-09T10:10:56+00:00","description":"Ingenieurinnen aus dem Wasserbereich vernetzen und sichtbarer machen: Das will das im Januar gegr\u00fcndete Netzwerk der Wasseringenieurinnen.","breadcrumb":{"@id":"https:\/\/www.organisator.ch\/sustainability\/2017-04-11\/netzwerk-der-wasseringenieurinnen-gegruendet\/#breadcrumb"},"inLanguage":"de","potentialAction":[{"@type":"ReadAction","target":["https:\/\/www.organisator.ch\/sustainability\/2017-04-11\/netzwerk-der-wasseringenieurinnen-gegruendet\/"]}]},{"@type":"ImageObject","inLanguage":"de","@id":"https:\/\/www.organisator.ch\/sustainability\/2017-04-11\/netzwerk-der-wasseringenieurinnen-gegruendet\/#primaryimage","url":"https:\/\/www.organisator.ch\/wp-content\/uploads\/2017\/04\/Vorstand_NeWI.jpg","contentUrl":"https:\/\/www.organisator.ch\/wp-content\/uploads\/2017\/04\/Vorstand_NeWI.jpg","width":1251,"height":832,"caption":"Der Vorstand des Netzwerks besteht aus Angelika Hess, Lena Mutzner, Angela Birrer und Alexandra Fumasoli (v.l.n.r)"},{"@type":"BreadcrumbList","@id":"https:\/\/www.organisator.ch\/sustainability\/2017-04-11\/netzwerk-der-wasseringenieurinnen-gegruendet\/#breadcrumb","itemListElement":[{"@type":"ListItem","position":1,"name":"Home","item":"https:\/\/www.organisator.ch\/"},{"@type":"ListItem","position":2,"name":"Netzwerk der Wasseringenieurinnen gegr\u00fcndet"}]},{"@type":"WebSite","@id":"https:\/\/www.organisator.ch\/#website","url":"https:\/\/www.organisator.ch\/","name":"Organisator","description":"Kompetent. Praxisnah. Der ORGANISATOR bereitet in 10 Ausgaben pro Jahr die wesentlichen Themen f\u00fcr F\u00fchrungskr\u00e4fte von KMU auf.","publisher":{"@id":"https:\/\/www.organisator.ch\/#organization"},"potentialAction":[{"@type":"SearchAction","target":{"@type":"EntryPoint","urlTemplate":"https:\/\/www.organisator.ch\/?s={search_term_string}"},"query-input":{"@type":"PropertyValueSpecification","valueRequired":true,"valueName":"search_term_string"}}],"inLanguage":"de"},{"@type":"Organization","@id":"https:\/\/www.organisator.ch\/#organization","name":"Organisator","url":"https:\/\/www.organisator.ch\/","logo":{"@type":"ImageObject","inLanguage":"de","@id":"https:\/\/www.organisator.ch\/#\/schema\/logo\/image\/","url":"https:\/\/www.organisator.ch\/wp-content\/uploads\/2022\/01\/Logo_Organisator_Website.png","contentUrl":"https:\/\/www.organisator.ch\/wp-content\/uploads\/2022\/01\/Logo_Organisator_Website.png","width":800,"height":77,"caption":"Organisator"},"image":{"@id":"https:\/\/www.organisator.ch\/#\/schema\/logo\/image\/"},"sameAs":["https:\/\/www.facebook.com\/OrganisatorFachmagazin","https:\/\/www.linkedin.com\/showcase\/organisator-das-magazin-fr-kmu","https:\/\/www.xing.com\/news\/pages\/organisator-ch-695","https:\/\/www.youtube.com\/channel\/UCGP2Sq0iWaZwT3BdIAQFYpw"]},{"@type":"Person","@id":"https:\/\/www.organisator.ch\/#\/schema\/person\/aa2bace6c5c5aad60102004a50c4eb1c","name":"admin","image":{"@type":"ImageObject","inLanguage":"de","@id":"https:\/\/secure.gravatar.com\/avatar\/ae2f4d718e6c49043e314ce431e7e645d646302a24a5ef5a8bc8e3f5a032e319?s=96&d=mm&r=g","url":"https:\/\/secure.gravatar.com\/avatar\/ae2f4d718e6c49043e314ce431e7e645d646302a24a5ef5a8bc8e3f5a032e319?s=96&d=mm&r=g","contentUrl":"https:\/\/secure.gravatar.com\/avatar\/ae2f4d718e6c49043e314ce431e7e645d646302a24a5ef5a8bc8e3f5a032e319?s=96&d=mm&r=g","caption":"admin"},"sameAs":["https:\/\/www.organisator.ch"],"url":"https:\/\/www.organisator.ch\/de\/author\/admin\/"}]}},"_links":{"self":[{"href":"https:\/\/www.organisator.ch\/de\/wp-json\/wp\/v2\/posts\/10002","targetHints":{"allow":["GET"]}}],"collection":[{"href":"https:\/\/www.organisator.ch\/de\/wp-json\/wp\/v2\/posts"}],"about":[{"href":"https:\/\/www.organisator.ch\/de\/wp-json\/wp\/v2\/types\/post"}],"author":[{"embeddable":true,"href":"https:\/\/www.organisator.ch\/de\/wp-json\/wp\/v2\/users\/1"}],"replies":[{"embeddable":true,"href":"https:\/\/www.organisator.ch\/de\/wp-json\/wp\/v2\/comments?post=10002"}],"version-history":[{"count":1,"href":"https:\/\/www.organisator.ch\/de\/wp-json\/wp\/v2\/posts\/10002\/revisions"}],"predecessor-version":[{"id":11046,"href":"https:\/\/www.organisator.ch\/de\/wp-json\/wp\/v2\/posts\/10002\/revisions\/11046"}],"wp:featuredmedia":[{"embeddable":true,"href":"https:\/\/www.organisator.ch\/de\/wp-json\/wp\/v2\/media\/9486"}],"wp:attachment":[{"href":"https:\/\/www.organisator.ch\/de\/wp-json\/wp\/v2\/media?parent=10002"}],"wp:term":[{"taxonomy":"category","embeddable":true,"href":"https:\/\/www.organisator.ch\/de\/wp-json\/wp\/v2\/categories?post=10002"},{"taxonomy":"post_tag","embeddable":true,"href":"https:\/\/www.organisator.ch\/de\/wp-json\/wp\/v2\/tags?post=10002"}],"curies":[{"name":"wp","href":"https:\/\/api.w.org\/{rel}","templated":true}]}}