{"id":10006,"date":"2017-06-10T12:13:50","date_gmt":"2017-06-10T10:13:50","guid":{"rendered":"https:\/\/www.umweltperspektiven.ch\/?p=966"},"modified":"2022-02-09T11:06:20","modified_gmt":"2022-02-09T10:06:20","slug":"watt-dor-ausschreibung-laeuft","status":"publish","type":"post","link":"https:\/\/www.organisator.ch\/de\/sustainability\/2017-06-10\/watt-dor-ausschreibung-laeuft\/","title":{"rendered":"Watt d&#8217;Or: Ausschreibung l\u00e4uft"},"content":{"rendered":"<p>Bewerbungen f\u00fcr den Watt d&#8217;Or 2018 werden in vier Kategorien entgegengenommen:<\/p>\n<ol>\n<li>Energietechnologien<\/li>\n<li>Erneuerbare Energien<\/li>\n<li>Energieeffiziente Mobilit\u00e4t<\/li>\n<li>Geb\u00e4ude und Raum<\/li>\n<\/ol>\n<p>Wer einen der begehrten Preise gewinnen m\u00f6chte, muss die hochkar\u00e4tige Jury davon \u00fcberzeugen, dass sein Projekt innovativ, aber auch \u00fcberraschend oder mutig ist und andere zum Nachmachen motivieren kann. Und vor allem soll jedes potentielle Siegerprojekt einen ganz besonderen Beitrag zur Energiezukunft der Schweiz leisten.<\/p>\n<p>Bewerben k\u00f6nnen sich Gemeinden, St\u00e4dte, Kantone, Vereine und Verb\u00e4nde, Einzelpersonen, kleine und grosse Unternehmen oder Organisationen aus Wissenschaft, Gesellschaft, Umwelt, Politik und Kultur. Die eingereichten Vorschl\u00e4ge m\u00fcssen aktuell sein, das heisst, dass zwischen August 2016 und Juli 2017 entscheidende Aktivit\u00e4ten erfolgt sein m\u00fcssen. Vorschl\u00e4ge k\u00f6nnen bis zum 31. Juli 2017 beim Bundesamt f\u00fcr Energie ganz einfach per online-Formular eingereicht werden.<\/p>\n<p>Weitere Informationen zu Kriterien und Kategorien sowie das Bewerbungsformular gibt&#8217;s im Internet unter <a href=\"\/\/www.wattdor.ch\">www.wattdor.ch<\/a>.<\/p>\n","protected":false},"excerpt":{"rendered":"<p>Bewerbungen f\u00fcr den Watt d&#8217;Or 2018 werden in vier Kategorien entgegengenommen: Energietechnologien Erneuerbare Energien Energieeffiziente Mobilit\u00e4t Geb\u00e4ude und Raum Wer einen der begehrten Preise gewinnen m\u00f6chte, muss die hochkar\u00e4tige Jury davon \u00fcberzeugen, dass sein Projekt innovativ, aber auch \u00fcberraschend oder mutig ist und andere zum Nachmachen motivieren kann. Und vor allem soll jedes potentielle Siegerprojekt [&hellip;]<\/p>\n","protected":false},"author":1,"featured_media":9490,"comment_status":"open","ping_status":"open","sticky":false,"template":"","format":"standard","meta":{"_acf_changed":false,"_yoast_wpseo_focuskw":"Watt d'Or","_yoast_wpseo_metadesc":"Der Watt d'Or wird im Januar 2018 zum elften Mal verliehen. \u00dcberraschende, innovative und zukunftsweisende Energie-Initiativen und -Projekte sind gefragt","articlekey":"","footnotes":""},"categories":[580],"tags":[807,1947,2537],"class_list":["post-10006","post","type-post","status-publish","format-standard","has-post-thumbnail","hentry","category-sustainability","tag-bfe","tag-presiverleihung","tag-watt-dor"],"acf":[],"yoast_head":"<!-- This site is optimized with the Yoast SEO plugin v27.4 - https:\/\/yoast.com\/product\/yoast-seo-wordpress\/ -->\n<title>Watt d&#039;Or: Ausschreibung l\u00e4uft - Organisator<\/title>\n<meta name=\"description\" content=\"Der Watt d&#039;Or wird im Januar 2018 zum elften Mal verliehen. \u00dcberraschende, innovative und zukunftsweisende Energie-Initiativen und -Projekte sind gefragt\" \/>\n<meta name=\"robots\" content=\"index, follow, max-snippet:-1, max-image-preview:large, max-video-preview:-1\" \/>\n<link rel=\"canonical\" href=\"https:\/\/www.organisator.ch\/de\/sustainability\/2017-06-10\/watt-dor-ausschreibung-laeuft\/\" \/>\n<meta property=\"og:locale\" content=\"de_DE\" \/>\n<meta property=\"og:type\" content=\"article\" \/>\n<meta property=\"og:title\" content=\"Watt d&#039;Or: Ausschreibung l\u00e4uft - Organisator\" \/>\n<meta property=\"og:description\" content=\"Der Watt d&#039;Or wird im Januar 2018 zum elften Mal verliehen. \u00dcberraschende, innovative und zukunftsweisende Energie-Initiativen und -Projekte sind gefragt\" \/>\n<meta property=\"og:url\" content=\"https:\/\/www.organisator.ch\/de\/sustainability\/2017-06-10\/watt-dor-ausschreibung-laeuft\/\" \/>\n<meta property=\"og:site_name\" content=\"Organisator\" \/>\n<meta property=\"article:publisher\" content=\"https:\/\/www.facebook.com\/OrganisatorFachmagazin\" \/>\n<meta property=\"article:published_time\" content=\"2017-06-10T10:13:50+00:00\" \/>\n<meta property=\"article:modified_time\" content=\"2022-02-09T10:06:20+00:00\" \/>\n<meta property=\"og:image\" content=\"https:\/\/www.organisator.ch\/wp-content\/uploads\/2017\/06\/24232086365_fd6c6b515d_k.jpg\" \/>\n\t<meta property=\"og:image:width\" content=\"2048\" \/>\n\t<meta property=\"og:image:height\" content=\"1367\" \/>\n\t<meta property=\"og:image:type\" content=\"image\/jpeg\" \/>\n<meta name=\"author\" content=\"admin\" \/>\n<meta name=\"twitter:card\" content=\"summary_large_image\" \/>\n<script type=\"application\/ld+json\" class=\"yoast-schema-graph\">{\"@context\":\"https:\\\/\\\/schema.org\",\"@graph\":[{\"@type\":\"Article\",\"@id\":\"https:\\\/\\\/www.organisator.ch\\\/sustainability\\\/2017-06-10\\\/watt-dor-ausschreibung-laeuft\\\/#article\",\"isPartOf\":{\"@id\":\"https:\\\/\\\/www.organisator.ch\\\/sustainability\\\/2017-06-10\\\/watt-dor-ausschreibung-laeuft\\\/\"},\"author\":{\"name\":\"admin\",\"@id\":\"https:\\\/\\\/www.organisator.ch\\\/#\\\/schema\\\/person\\\/aa2bace6c5c5aad60102004a50c4eb1c\"},\"headline\":\"Watt d&#8217;Or: Ausschreibung l\u00e4uft\",\"datePublished\":\"2017-06-10T10:13:50+00:00\",\"dateModified\":\"2022-02-09T10:06:20+00:00\",\"mainEntityOfPage\":{\"@id\":\"https:\\\/\\\/www.organisator.ch\\\/sustainability\\\/2017-06-10\\\/watt-dor-ausschreibung-laeuft\\\/\"},\"wordCount\":158,\"commentCount\":0,\"publisher\":{\"@id\":\"https:\\\/\\\/www.organisator.ch\\\/#organization\"},\"image\":{\"@id\":\"https:\\\/\\\/www.organisator.ch\\\/sustainability\\\/2017-06-10\\\/watt-dor-ausschreibung-laeuft\\\/#primaryimage\"},\"thumbnailUrl\":\"https:\\\/\\\/www.organisator.ch\\\/wp-content\\\/uploads\\\/2017\\\/06\\\/24232086365_fd6c6b515d_k.jpg\",\"keywords\":[\"BFE\",\"Presiverleihung\",\"Watt d'Or\"],\"articleSection\":[\"SUSTAINABILITY\"],\"inLanguage\":\"de\"},{\"@type\":\"WebPage\",\"@id\":\"https:\\\/\\\/www.organisator.ch\\\/sustainability\\\/2017-06-10\\\/watt-dor-ausschreibung-laeuft\\\/\",\"url\":\"https:\\\/\\\/www.organisator.ch\\\/sustainability\\\/2017-06-10\\\/watt-dor-ausschreibung-laeuft\\\/\",\"name\":\"Watt d'Or: Ausschreibung l\u00e4uft - Organisator\",\"isPartOf\":{\"@id\":\"https:\\\/\\\/www.organisator.ch\\\/#website\"},\"primaryImageOfPage\":{\"@id\":\"https:\\\/\\\/www.organisator.ch\\\/sustainability\\\/2017-06-10\\\/watt-dor-ausschreibung-laeuft\\\/#primaryimage\"},\"image\":{\"@id\":\"https:\\\/\\\/www.organisator.ch\\\/sustainability\\\/2017-06-10\\\/watt-dor-ausschreibung-laeuft\\\/#primaryimage\"},\"thumbnailUrl\":\"https:\\\/\\\/www.organisator.ch\\\/wp-content\\\/uploads\\\/2017\\\/06\\\/24232086365_fd6c6b515d_k.jpg\",\"datePublished\":\"2017-06-10T10:13:50+00:00\",\"dateModified\":\"2022-02-09T10:06:20+00:00\",\"description\":\"Der Watt d'Or wird im Januar 2018 zum elften Mal verliehen. \u00dcberraschende, innovative und zukunftsweisende Energie-Initiativen und -Projekte sind gefragt\",\"breadcrumb\":{\"@id\":\"https:\\\/\\\/www.organisator.ch\\\/sustainability\\\/2017-06-10\\\/watt-dor-ausschreibung-laeuft\\\/#breadcrumb\"},\"inLanguage\":\"de\",\"potentialAction\":[{\"@type\":\"ReadAction\",\"target\":[\"https:\\\/\\\/www.organisator.ch\\\/sustainability\\\/2017-06-10\\\/watt-dor-ausschreibung-laeuft\\\/\"]}]},{\"@type\":\"ImageObject\",\"inLanguage\":\"de\",\"@id\":\"https:\\\/\\\/www.organisator.ch\\\/sustainability\\\/2017-06-10\\\/watt-dor-ausschreibung-laeuft\\\/#primaryimage\",\"url\":\"https:\\\/\\\/www.organisator.ch\\\/wp-content\\\/uploads\\\/2017\\\/06\\\/24232086365_fd6c6b515d_k.jpg\",\"contentUrl\":\"https:\\\/\\\/www.organisator.ch\\\/wp-content\\\/uploads\\\/2017\\\/06\\\/24232086365_fd6c6b515d_k.jpg\",\"width\":2048,\"height\":1367,\"caption\":\"2018 ist es wieder soweit: Der Preis des BFE wartet auf die Gewinner.\"},{\"@type\":\"BreadcrumbList\",\"@id\":\"https:\\\/\\\/www.organisator.ch\\\/sustainability\\\/2017-06-10\\\/watt-dor-ausschreibung-laeuft\\\/#breadcrumb\",\"itemListElement\":[{\"@type\":\"ListItem\",\"position\":1,\"name\":\"Home\",\"item\":\"https:\\\/\\\/www.organisator.ch\\\/\"},{\"@type\":\"ListItem\",\"position\":2,\"name\":\"Watt d&#8217;Or: Ausschreibung l\u00e4uft\"}]},{\"@type\":\"WebSite\",\"@id\":\"https:\\\/\\\/www.organisator.ch\\\/#website\",\"url\":\"https:\\\/\\\/www.organisator.ch\\\/\",\"name\":\"Organisator\",\"description\":\"Kompetent. Praxisnah. Der ORGANISATOR bereitet in 10 Ausgaben pro Jahr die wesentlichen Themen f\u00fcr F\u00fchrungskr\u00e4fte von KMU auf.\",\"publisher\":{\"@id\":\"https:\\\/\\\/www.organisator.ch\\\/#organization\"},\"potentialAction\":[{\"@type\":\"SearchAction\",\"target\":{\"@type\":\"EntryPoint\",\"urlTemplate\":\"https:\\\/\\\/www.organisator.ch\\\/?s={search_term_string}\"},\"query-input\":{\"@type\":\"PropertyValueSpecification\",\"valueRequired\":true,\"valueName\":\"search_term_string\"}}],\"inLanguage\":\"de\"},{\"@type\":\"Organization\",\"@id\":\"https:\\\/\\\/www.organisator.ch\\\/#organization\",\"name\":\"Organisator\",\"url\":\"https:\\\/\\\/www.organisator.ch\\\/\",\"logo\":{\"@type\":\"ImageObject\",\"inLanguage\":\"de\",\"@id\":\"https:\\\/\\\/www.organisator.ch\\\/#\\\/schema\\\/logo\\\/image\\\/\",\"url\":\"https:\\\/\\\/www.organisator.ch\\\/wp-content\\\/uploads\\\/2022\\\/01\\\/Logo_Organisator_Website.png\",\"contentUrl\":\"https:\\\/\\\/www.organisator.ch\\\/wp-content\\\/uploads\\\/2022\\\/01\\\/Logo_Organisator_Website.png\",\"width\":800,\"height\":77,\"caption\":\"Organisator\"},\"image\":{\"@id\":\"https:\\\/\\\/www.organisator.ch\\\/#\\\/schema\\\/logo\\\/image\\\/\"},\"sameAs\":[\"https:\\\/\\\/www.facebook.com\\\/OrganisatorFachmagazin\",\"https:\\\/\\\/www.linkedin.com\\\/showcase\\\/organisator-das-magazin-fr-kmu\",\"https:\\\/\\\/www.xing.com\\\/news\\\/pages\\\/organisator-ch-695\",\"https:\\\/\\\/www.youtube.com\\\/channel\\\/UCGP2Sq0iWaZwT3BdIAQFYpw\"]},{\"@type\":\"Person\",\"@id\":\"https:\\\/\\\/www.organisator.ch\\\/#\\\/schema\\\/person\\\/aa2bace6c5c5aad60102004a50c4eb1c\",\"name\":\"admin\",\"image\":{\"@type\":\"ImageObject\",\"inLanguage\":\"de\",\"@id\":\"https:\\\/\\\/secure.gravatar.com\\\/avatar\\\/ae2f4d718e6c49043e314ce431e7e645d646302a24a5ef5a8bc8e3f5a032e319?s=96&d=mm&r=g\",\"url\":\"https:\\\/\\\/secure.gravatar.com\\\/avatar\\\/ae2f4d718e6c49043e314ce431e7e645d646302a24a5ef5a8bc8e3f5a032e319?s=96&d=mm&r=g\",\"contentUrl\":\"https:\\\/\\\/secure.gravatar.com\\\/avatar\\\/ae2f4d718e6c49043e314ce431e7e645d646302a24a5ef5a8bc8e3f5a032e319?s=96&d=mm&r=g\",\"caption\":\"admin\"},\"sameAs\":[\"https:\\\/\\\/www.organisator.ch\"],\"url\":\"https:\\\/\\\/www.organisator.ch\\\/de\\\/author\\\/admin\\\/\"}]}<\/script>\n<!-- \/ Yoast SEO plugin. -->","yoast_head_json":{"title":"Watt d'Or: Ausschreibung l\u00e4uft - Organisator","description":"Der Watt d'Or wird im Januar 2018 zum elften Mal verliehen. \u00dcberraschende, innovative und zukunftsweisende Energie-Initiativen und -Projekte sind gefragt","robots":{"index":"index","follow":"follow","max-snippet":"max-snippet:-1","max-image-preview":"max-image-preview:large","max-video-preview":"max-video-preview:-1"},"canonical":"https:\/\/www.organisator.ch\/de\/sustainability\/2017-06-10\/watt-dor-ausschreibung-laeuft\/","og_locale":"de_DE","og_type":"article","og_title":"Watt d'Or: Ausschreibung l\u00e4uft - Organisator","og_description":"Der Watt d'Or wird im Januar 2018 zum elften Mal verliehen. \u00dcberraschende, innovative und zukunftsweisende Energie-Initiativen und -Projekte sind gefragt","og_url":"https:\/\/www.organisator.ch\/de\/sustainability\/2017-06-10\/watt-dor-ausschreibung-laeuft\/","og_site_name":"Organisator","article_publisher":"https:\/\/www.facebook.com\/OrganisatorFachmagazin","article_published_time":"2017-06-10T10:13:50+00:00","article_modified_time":"2022-02-09T10:06:20+00:00","og_image":[{"width":2048,"height":1367,"url":"https:\/\/www.organisator.ch\/wp-content\/uploads\/2017\/06\/24232086365_fd6c6b515d_k.jpg","type":"image\/jpeg"}],"author":"admin","twitter_card":"summary_large_image","schema":{"@context":"https:\/\/schema.org","@graph":[{"@type":"Article","@id":"https:\/\/www.organisator.ch\/sustainability\/2017-06-10\/watt-dor-ausschreibung-laeuft\/#article","isPartOf":{"@id":"https:\/\/www.organisator.ch\/sustainability\/2017-06-10\/watt-dor-ausschreibung-laeuft\/"},"author":{"name":"admin","@id":"https:\/\/www.organisator.ch\/#\/schema\/person\/aa2bace6c5c5aad60102004a50c4eb1c"},"headline":"Watt d&#8217;Or: Ausschreibung l\u00e4uft","datePublished":"2017-06-10T10:13:50+00:00","dateModified":"2022-02-09T10:06:20+00:00","mainEntityOfPage":{"@id":"https:\/\/www.organisator.ch\/sustainability\/2017-06-10\/watt-dor-ausschreibung-laeuft\/"},"wordCount":158,"commentCount":0,"publisher":{"@id":"https:\/\/www.organisator.ch\/#organization"},"image":{"@id":"https:\/\/www.organisator.ch\/sustainability\/2017-06-10\/watt-dor-ausschreibung-laeuft\/#primaryimage"},"thumbnailUrl":"https:\/\/www.organisator.ch\/wp-content\/uploads\/2017\/06\/24232086365_fd6c6b515d_k.jpg","keywords":["BFE","Presiverleihung","Watt d'Or"],"articleSection":["SUSTAINABILITY"],"inLanguage":"de"},{"@type":"WebPage","@id":"https:\/\/www.organisator.ch\/sustainability\/2017-06-10\/watt-dor-ausschreibung-laeuft\/","url":"https:\/\/www.organisator.ch\/sustainability\/2017-06-10\/watt-dor-ausschreibung-laeuft\/","name":"Watt d'Or: Ausschreibung l\u00e4uft - Organisator","isPartOf":{"@id":"https:\/\/www.organisator.ch\/#website"},"primaryImageOfPage":{"@id":"https:\/\/www.organisator.ch\/sustainability\/2017-06-10\/watt-dor-ausschreibung-laeuft\/#primaryimage"},"image":{"@id":"https:\/\/www.organisator.ch\/sustainability\/2017-06-10\/watt-dor-ausschreibung-laeuft\/#primaryimage"},"thumbnailUrl":"https:\/\/www.organisator.ch\/wp-content\/uploads\/2017\/06\/24232086365_fd6c6b515d_k.jpg","datePublished":"2017-06-10T10:13:50+00:00","dateModified":"2022-02-09T10:06:20+00:00","description":"Der Watt d'Or wird im Januar 2018 zum elften Mal verliehen. \u00dcberraschende, innovative und zukunftsweisende Energie-Initiativen und -Projekte sind gefragt","breadcrumb":{"@id":"https:\/\/www.organisator.ch\/sustainability\/2017-06-10\/watt-dor-ausschreibung-laeuft\/#breadcrumb"},"inLanguage":"de","potentialAction":[{"@type":"ReadAction","target":["https:\/\/www.organisator.ch\/sustainability\/2017-06-10\/watt-dor-ausschreibung-laeuft\/"]}]},{"@type":"ImageObject","inLanguage":"de","@id":"https:\/\/www.organisator.ch\/sustainability\/2017-06-10\/watt-dor-ausschreibung-laeuft\/#primaryimage","url":"https:\/\/www.organisator.ch\/wp-content\/uploads\/2017\/06\/24232086365_fd6c6b515d_k.jpg","contentUrl":"https:\/\/www.organisator.ch\/wp-content\/uploads\/2017\/06\/24232086365_fd6c6b515d_k.jpg","width":2048,"height":1367,"caption":"2018 ist es wieder soweit: Der Preis des BFE wartet auf die Gewinner."},{"@type":"BreadcrumbList","@id":"https:\/\/www.organisator.ch\/sustainability\/2017-06-10\/watt-dor-ausschreibung-laeuft\/#breadcrumb","itemListElement":[{"@type":"ListItem","position":1,"name":"Home","item":"https:\/\/www.organisator.ch\/"},{"@type":"ListItem","position":2,"name":"Watt d&#8217;Or: Ausschreibung l\u00e4uft"}]},{"@type":"WebSite","@id":"https:\/\/www.organisator.ch\/#website","url":"https:\/\/www.organisator.ch\/","name":"Organisator","description":"Kompetent. Praxisnah. Der ORGANISATOR bereitet in 10 Ausgaben pro Jahr die wesentlichen Themen f\u00fcr F\u00fchrungskr\u00e4fte von KMU auf.","publisher":{"@id":"https:\/\/www.organisator.ch\/#organization"},"potentialAction":[{"@type":"SearchAction","target":{"@type":"EntryPoint","urlTemplate":"https:\/\/www.organisator.ch\/?s={search_term_string}"},"query-input":{"@type":"PropertyValueSpecification","valueRequired":true,"valueName":"search_term_string"}}],"inLanguage":"de"},{"@type":"Organization","@id":"https:\/\/www.organisator.ch\/#organization","name":"Organisator","url":"https:\/\/www.organisator.ch\/","logo":{"@type":"ImageObject","inLanguage":"de","@id":"https:\/\/www.organisator.ch\/#\/schema\/logo\/image\/","url":"https:\/\/www.organisator.ch\/wp-content\/uploads\/2022\/01\/Logo_Organisator_Website.png","contentUrl":"https:\/\/www.organisator.ch\/wp-content\/uploads\/2022\/01\/Logo_Organisator_Website.png","width":800,"height":77,"caption":"Organisator"},"image":{"@id":"https:\/\/www.organisator.ch\/#\/schema\/logo\/image\/"},"sameAs":["https:\/\/www.facebook.com\/OrganisatorFachmagazin","https:\/\/www.linkedin.com\/showcase\/organisator-das-magazin-fr-kmu","https:\/\/www.xing.com\/news\/pages\/organisator-ch-695","https:\/\/www.youtube.com\/channel\/UCGP2Sq0iWaZwT3BdIAQFYpw"]},{"@type":"Person","@id":"https:\/\/www.organisator.ch\/#\/schema\/person\/aa2bace6c5c5aad60102004a50c4eb1c","name":"admin","image":{"@type":"ImageObject","inLanguage":"de","@id":"https:\/\/secure.gravatar.com\/avatar\/ae2f4d718e6c49043e314ce431e7e645d646302a24a5ef5a8bc8e3f5a032e319?s=96&d=mm&r=g","url":"https:\/\/secure.gravatar.com\/avatar\/ae2f4d718e6c49043e314ce431e7e645d646302a24a5ef5a8bc8e3f5a032e319?s=96&d=mm&r=g","contentUrl":"https:\/\/secure.gravatar.com\/avatar\/ae2f4d718e6c49043e314ce431e7e645d646302a24a5ef5a8bc8e3f5a032e319?s=96&d=mm&r=g","caption":"admin"},"sameAs":["https:\/\/www.organisator.ch"],"url":"https:\/\/www.organisator.ch\/de\/author\/admin\/"}]}},"_links":{"self":[{"href":"https:\/\/www.organisator.ch\/de\/wp-json\/wp\/v2\/posts\/10006","targetHints":{"allow":["GET"]}}],"collection":[{"href":"https:\/\/www.organisator.ch\/de\/wp-json\/wp\/v2\/posts"}],"about":[{"href":"https:\/\/www.organisator.ch\/de\/wp-json\/wp\/v2\/types\/post"}],"author":[{"embeddable":true,"href":"https:\/\/www.organisator.ch\/de\/wp-json\/wp\/v2\/users\/1"}],"replies":[{"embeddable":true,"href":"https:\/\/www.organisator.ch\/de\/wp-json\/wp\/v2\/comments?post=10006"}],"version-history":[{"count":1,"href":"https:\/\/www.organisator.ch\/de\/wp-json\/wp\/v2\/posts\/10006\/revisions"}],"predecessor-version":[{"id":10580,"href":"https:\/\/www.organisator.ch\/de\/wp-json\/wp\/v2\/posts\/10006\/revisions\/10580"}],"wp:featuredmedia":[{"embeddable":true,"href":"https:\/\/www.organisator.ch\/de\/wp-json\/wp\/v2\/media\/9490"}],"wp:attachment":[{"href":"https:\/\/www.organisator.ch\/de\/wp-json\/wp\/v2\/media?parent=10006"}],"wp:term":[{"taxonomy":"category","embeddable":true,"href":"https:\/\/www.organisator.ch\/de\/wp-json\/wp\/v2\/categories?post=10006"},{"taxonomy":"post_tag","embeddable":true,"href":"https:\/\/www.organisator.ch\/de\/wp-json\/wp\/v2\/tags?post=10006"}],"curies":[{"name":"wp","href":"https:\/\/api.w.org\/{rel}","templated":true}]}}