{"id":10010,"date":"2017-05-11T14:37:26","date_gmt":"2017-05-11T12:37:26","guid":{"rendered":"https:\/\/www.umweltperspektiven.ch\/?p=986"},"modified":"2022-02-09T11:05:38","modified_gmt":"2022-02-09T10:05:38","slug":"label-gegen-littering","status":"publish","type":"post","link":"https:\/\/www.organisator.ch\/de\/sustainability\/2017-05-11\/label-gegen-littering\/","title":{"rendered":"Label gegen Littering"},"content":{"rendered":"<div>\n<figure id=\"attachment_987\" aria-describedby=\"caption-attachment-987\" style=\"width: 680px\" class=\"wp-caption alignnone\"><img loading=\"lazy\" decoding=\"async\" class=\"size-medium wp-image-987\" src=\"\/\/www.umweltperspektiven.ch\/wp-content\/uploads\/2017\/06\/Littering.jpg\" alt=\"\" width=\"680\" height=\"453\" \/><figcaption id=\"caption-attachment-987\" class=\"wp-caption-text\">Basel-Stadt, einer der ersten Tr\u00e4ger des No-Littering-Labels, setzt im Kampf gegen Littering auf Reinigung, Sensibilisierung, Repression, saubere Veranstaltungen und Einbezug des Gewerbes. (Foto: J\u00e9r\u00f4me Depierre)<\/figcaption><\/figure>\n<p>&nbsp;<\/p>\n<\/div>\n<div><span style=\"font-family: Times New Roman,serif; font-size: medium;\"><span style=\"color: #202020; font-family: Arial,sans-serif; font-size: small;\">St\u00e4dte, Gemeinden und Schulen spielen eine Schl\u00fcsselrolle im Kampf gegen Littering. Sie tragen einen Grossteil der durch Littering verursachten Kosten und stehen in der Verantwortung, die Bev\u00f6lkerung zu einem korrekten Umgang mit Abfall anzuhalten. Dabei leisten sehr viele von ihnen intensive Arbeit und setzen kreative Aktionen um. In der \u00d6ffentlichkeit wird ihr Engagement jedoch zu wenig wahrgenommen und gew\u00fcrdigt.<\/span><span style=\"color: #202020; font-family: Arial,sans-serif; font-size: small;\"><br \/>\nDie IG saubere Umwelt (IGSU) f\u00fchrt das No-Littering-Label ein, um St\u00e4dte, Gemeinden und Schulen in ihrem Engagement zu best\u00e4tigen, sie zur Weiterf\u00fchrung zu motivieren und um ihre Leistungen publik zu machen. Das Label verhilft den Institutionen zudem zu einem klaren Positionsbezug und zu einem \u00f6ffentlichen Bekenntnis gegen die Unsitte, Abf\u00e4lle achtlos auf den Boden zu werfen oder liegen zu lassen.<\/span><span style=\"color: #202020; font-family: Arial,sans-serif; font-size: small;\"><br \/>\n<\/span><span style=\"color: #202020; font-family: Arial,sans-serif; font-size: small;\"><br \/>\n<\/span><span style=\"color: #202020; font-family: Arial,sans-serif; font-size: small;\"><b>Durchhalteverm\u00f6gen ist notwendig <\/b><\/span><span style=\"color: #202020; font-family: Arial,sans-serif; font-size: small;\"><br \/>\nOb jemand Abf\u00e4lle korrekt entsorgt oder sie einfach auf den Boden wirft, h\u00e4ngt von seiner Einstellung ab. Einstellungen k\u00f6nnen nicht von einem auf den anderen Tag ver\u00e4ndert werden. Es braucht Zeit und Durchhalteverm\u00f6gen, um jemanden davon zu \u00fcberzeugen, sein Verhalten zu \u00e4ndern. Das Label soll dazu beitragen, die Motivation der Institutionen hochzuhalten und die gesteckten Ziele konsequent zu verfolgen. \u00abDie IGSU ber\u00e4t und unterst\u00fctzt St\u00e4dte, Gemeinden und Schulen seit vielen Jahren im tagt\u00e4glichen Kampf gegen Littering\u00bb, berichtet Nora Steimer, Gesch\u00e4ftsleiterin der IGSU. \u00abMit der Lancierung des No-Littering-Labels setzen wir ein weiteres klares Zeichen f\u00fcr eine saubere Umwelt und helfen, die Botschaften der Institutionen zu verbreiten.\u00bb <\/span><\/span><\/div>\n<p><span style=\"font-family: Arial,sans-serif; font-size: small;\"><span lang=\"de-CH\"><span style=\"font-family: Times New Roman,serif; font-size: medium;\"><span style=\"color: #202020; font-family: Arial,sans-serif; font-size: small;\"><b>St\u00e4dte, Gemeinden und Schulen begr\u00fcssen die Initiative <\/b><\/span><span style=\"color: #202020; font-family: Arial,sans-serif; font-size: small;\"><br \/>\n\u00abWir arbeiten t\u00e4glich daran, die Menschen dazu zu motivieren, ihre Abf\u00e4lle korrekt zu entsorgen\u00bb, sagt Matthias Nabholz, Leiter Amt f\u00fcr Umwelt und Energie Basel-Stadt. \u00abDas Label unterstreicht die Bedeutung der Aufgabe, die Littering-Problematik konsequent und gemeinsam mit der Bev\u00f6lkerung anzugehen. Zudem ist die Auszeichnung eine Best\u00e4tigung daf\u00fcr, dass wir auf dem richtigen Weg sind.\u00bb<\/span><span style=\"color: #202020; font-family: Arial,sans-serif; font-size: small;\"><br \/>\n<\/span><span style=\"color: #202020; font-family: Arial,sans-serif; font-size: small;\"><br \/>\nAuch Martin Frei, Technischer Mitarbeiter Bauverwaltung St. Margrethen, zeigt sich erfreut \u00fcber die Lancierung des Labels: \u00abDas No-Littering-Label bedeutet f\u00fcr uns eine grosse M\u00f6glichkeit, um der Bev\u00f6lkerung auf knackige Art und Weise zu zeigen, was wir alles tun und welche Aktionen wir in Zukunft geplant haben.\u00bb<\/span><span style=\"color: #202020; font-family: Arial,sans-serif; font-size: small;\"><br \/>\nDenise Widmer, Gesamtschulleiterin der Schule Suhr, findet es wichtig, dass das Label auch von Schulen beantragt werden kann: \u00abDer korrekte Umgang mit Abfall muss schon von klein auf gelernt werden. Das Label motiviert Schulen, das Thema Littering noch intensiver zu behandeln und belohnt jene, die sich bereits erfolgreich f\u00fcr eine saubere Umwelt einsetzen.\u00bb<\/span><span style=\"color: #202020; font-family: Arial,sans-serif; font-size: small;\"><br \/>\n<\/span><span style=\"color: #202020; font-family: Arial,sans-serif; font-size: small;\"><br \/>\n<\/span><span style=\"color: #202020; font-family: Arial,sans-serif; font-size: small;\"><b>Das Label kennzeichnet und f\u00f6rdert engagierte Institutionen<\/b><\/span><span style=\"color: #202020; font-family: Arial,sans-serif; font-size: small;\"><br \/>\nAlle St\u00e4dte, Gemeinden und Schulen der Schweiz haben die M\u00f6glichkeit, das Label zu beantragen. Dazu muss sich die Institution zum Anforderungskatalog bekennen und ein ausreichendes Leistungsversprechen abgeben. Wird der Stadt, Gemeinde oder Schule das Label zugesprochen, kann sie es w\u00e4hrend des entsprechenden Kalenderjahres kostenlos in der gesamten Kommunikation einsetzen und zeigt so auf \u00f6ffentlichkeitswirksame Weise, dass Littering im Verantwortungsbereich ihrer Institution nicht akzeptiert ist. Damit verst\u00e4rkt sie die Wirkung ihrer Anti-Littering-Massnahmen.<\/span><span style=\"color: #202020; font-family: Arial,sans-serif; font-size: small;\"><br \/>\n<\/span><span style=\"color: #202020; font-family: Arial,sans-serif; font-size: small;\"><br \/>\n<\/span><span style=\"color: #202020; font-family: Arial,sans-serif; font-size: small;\"><b>Littering ist unsch\u00f6n und kostet <\/b><\/span><span style=\"color: #202020; font-family: Arial,sans-serif; font-size: small;\"><br \/>\nDass Anti-Littering-Massnahmen n\u00f6tig sind, best\u00e4tigt der Littering-Index der IGSU. Gem\u00e4ss der letztj\u00e4hrigen Umfrage f\u00fchlen sich fast drei Viertel der Befragten \u00abeher stark\u00bb bis \u00abstark\u00bb von herumliegendem Abfall gest\u00f6rt. Zudem verursacht Littering jedes Jahr Kosten im achtstelligen Bereich: \u00abGem\u00e4ss einer Studie des BAFU aus dem Jahr 2010 betrug der Reinigungsaufwand schweizweit damals fast 200 Millionen Franken pro Jahr\u00bb, gibt Marco Buletti, Sektionschef Abteilung Abfall und Rohstoffe des Bundesamts f\u00fcr Umwelt BAFU, zu bedenken. Rund 75% davon m\u00fcssten St\u00e4dte und Gemeinden tragen. \u00abDas No-Littering-Label der IGSU bringt jenen Institutionen Wertsch\u00e4tzung entgegen, die sich gegen Littering engagieren, und sorgt daf\u00fcr, dass nicht nur Probleme, sondern insbesondere auch L\u00f6sungsans\u00e4tze im Fokus stehen\u00bb, so Marco Buletti.<\/span><span style=\"color: #202020; font-family: Arial,sans-serif; font-size: small;\"><br \/>\n<\/span><\/span><\/span><\/span><\/p>\n","protected":false},"excerpt":{"rendered":"<p>&nbsp; St\u00e4dte, Gemeinden und Schulen spielen eine Schl\u00fcsselrolle im Kampf gegen Littering. Sie tragen einen Grossteil der durch Littering verursachten Kosten und stehen in der Verantwortung, die Bev\u00f6lkerung zu einem korrekten Umgang mit Abfall anzuhalten. Dabei leisten sehr viele von ihnen intensive Arbeit und setzen kreative Aktionen um. In der \u00d6ffentlichkeit wird ihr Engagement jedoch [&hellip;]<\/p>\n","protected":false},"author":1,"featured_media":9494,"comment_status":"open","ping_status":"open","sticky":false,"template":"","format":"standard","meta":{"_acf_changed":false,"_yoast_wpseo_focuskw":"Littering","_yoast_wpseo_metadesc":"Das No-Littering-Label kennzeichnet ab sofort St\u00e4dte, Gemeinden und Schulen, die sich gegen Littering einsetzen. Es soll zu weiteren Massnahmen motivieren.","articlekey":"","footnotes":""},"categories":[580],"tags":[654,1583,1635],"class_list":["post-10010","post","type-post","status-publish","format-standard","has-post-thumbnail","hentry","category-sustainability","tag-abfall","tag-label","tag-littering"],"acf":[],"yoast_head":"<!-- This site is optimized with the Yoast SEO plugin v27.4 - https:\/\/yoast.com\/product\/yoast-seo-wordpress\/ -->\n<title>Label gegen Littering - Organisator<\/title>\n<meta name=\"description\" content=\"Das No-Littering-Label kennzeichnet ab sofort St\u00e4dte, Gemeinden und Schulen, die sich gegen Littering einsetzen. Es soll zu weiteren Massnahmen motivieren.\" \/>\n<meta name=\"robots\" content=\"index, follow, max-snippet:-1, max-image-preview:large, max-video-preview:-1\" \/>\n<link rel=\"canonical\" href=\"https:\/\/www.organisator.ch\/de\/sustainability\/2017-05-11\/label-gegen-littering\/\" \/>\n<meta property=\"og:locale\" content=\"de_DE\" \/>\n<meta property=\"og:type\" content=\"article\" \/>\n<meta property=\"og:title\" content=\"Label gegen Littering - Organisator\" \/>\n<meta property=\"og:description\" content=\"Das No-Littering-Label kennzeichnet ab sofort St\u00e4dte, Gemeinden und Schulen, die sich gegen Littering einsetzen. Es soll zu weiteren Massnahmen motivieren.\" \/>\n<meta property=\"og:url\" content=\"https:\/\/www.organisator.ch\/de\/sustainability\/2017-05-11\/label-gegen-littering\/\" \/>\n<meta property=\"og:site_name\" content=\"Organisator\" \/>\n<meta property=\"article:publisher\" content=\"https:\/\/www.facebook.com\/OrganisatorFachmagazin\" \/>\n<meta property=\"article:published_time\" content=\"2017-05-11T12:37:26+00:00\" \/>\n<meta property=\"article:modified_time\" content=\"2022-02-09T10:05:38+00:00\" \/>\n<meta property=\"og:image\" content=\"https:\/\/www.organisator.ch\/wp-content\/uploads\/2017\/06\/Littering-scaled.jpg\" \/>\n\t<meta property=\"og:image:width\" content=\"2560\" \/>\n\t<meta property=\"og:image:height\" content=\"1707\" \/>\n\t<meta property=\"og:image:type\" content=\"image\/jpeg\" \/>\n<meta name=\"author\" content=\"admin\" \/>\n<meta name=\"twitter:card\" content=\"summary_large_image\" \/>\n<script type=\"application\/ld+json\" class=\"yoast-schema-graph\">{\"@context\":\"https:\\\/\\\/schema.org\",\"@graph\":[{\"@type\":\"Article\",\"@id\":\"https:\\\/\\\/www.organisator.ch\\\/sustainability\\\/2017-05-11\\\/label-gegen-littering\\\/#article\",\"isPartOf\":{\"@id\":\"https:\\\/\\\/www.organisator.ch\\\/sustainability\\\/2017-05-11\\\/label-gegen-littering\\\/\"},\"author\":{\"name\":\"admin\",\"@id\":\"https:\\\/\\\/www.organisator.ch\\\/#\\\/schema\\\/person\\\/aa2bace6c5c5aad60102004a50c4eb1c\"},\"headline\":\"Label gegen Littering\",\"datePublished\":\"2017-05-11T12:37:26+00:00\",\"dateModified\":\"2022-02-09T10:05:38+00:00\",\"mainEntityOfPage\":{\"@id\":\"https:\\\/\\\/www.organisator.ch\\\/sustainability\\\/2017-05-11\\\/label-gegen-littering\\\/\"},\"wordCount\":670,\"commentCount\":0,\"publisher\":{\"@id\":\"https:\\\/\\\/www.organisator.ch\\\/#organization\"},\"image\":{\"@id\":\"https:\\\/\\\/www.organisator.ch\\\/sustainability\\\/2017-05-11\\\/label-gegen-littering\\\/#primaryimage\"},\"thumbnailUrl\":\"https:\\\/\\\/www.organisator.ch\\\/wp-content\\\/uploads\\\/2017\\\/06\\\/Littering-scaled.jpg\",\"keywords\":[\"Abfall\",\"Label\",\"Littering\"],\"articleSection\":[\"SUSTAINABILITY\"],\"inLanguage\":\"de\"},{\"@type\":\"WebPage\",\"@id\":\"https:\\\/\\\/www.organisator.ch\\\/sustainability\\\/2017-05-11\\\/label-gegen-littering\\\/\",\"url\":\"https:\\\/\\\/www.organisator.ch\\\/sustainability\\\/2017-05-11\\\/label-gegen-littering\\\/\",\"name\":\"Label gegen Littering - Organisator\",\"isPartOf\":{\"@id\":\"https:\\\/\\\/www.organisator.ch\\\/#website\"},\"primaryImageOfPage\":{\"@id\":\"https:\\\/\\\/www.organisator.ch\\\/sustainability\\\/2017-05-11\\\/label-gegen-littering\\\/#primaryimage\"},\"image\":{\"@id\":\"https:\\\/\\\/www.organisator.ch\\\/sustainability\\\/2017-05-11\\\/label-gegen-littering\\\/#primaryimage\"},\"thumbnailUrl\":\"https:\\\/\\\/www.organisator.ch\\\/wp-content\\\/uploads\\\/2017\\\/06\\\/Littering-scaled.jpg\",\"datePublished\":\"2017-05-11T12:37:26+00:00\",\"dateModified\":\"2022-02-09T10:05:38+00:00\",\"description\":\"Das No-Littering-Label kennzeichnet ab sofort St\u00e4dte, Gemeinden und Schulen, die sich gegen Littering einsetzen. Es soll zu weiteren Massnahmen motivieren.\",\"breadcrumb\":{\"@id\":\"https:\\\/\\\/www.organisator.ch\\\/sustainability\\\/2017-05-11\\\/label-gegen-littering\\\/#breadcrumb\"},\"inLanguage\":\"de\",\"potentialAction\":[{\"@type\":\"ReadAction\",\"target\":[\"https:\\\/\\\/www.organisator.ch\\\/sustainability\\\/2017-05-11\\\/label-gegen-littering\\\/\"]}]},{\"@type\":\"ImageObject\",\"inLanguage\":\"de\",\"@id\":\"https:\\\/\\\/www.organisator.ch\\\/sustainability\\\/2017-05-11\\\/label-gegen-littering\\\/#primaryimage\",\"url\":\"https:\\\/\\\/www.organisator.ch\\\/wp-content\\\/uploads\\\/2017\\\/06\\\/Littering-scaled.jpg\",\"contentUrl\":\"https:\\\/\\\/www.organisator.ch\\\/wp-content\\\/uploads\\\/2017\\\/06\\\/Littering-scaled.jpg\",\"width\":2560,\"height\":1707,\"caption\":\"Basel-Stadt, einer der ersten Tr\u00e4ger des No-Littering-Labels, setzt im Kampf gegen Littering auf Reinigung, Sensibilisierung, Repression, saubere Veranstaltungen und Einbezug des Gewerbes. (Foto: J\u00e9r\u00f4me Depierre)\"},{\"@type\":\"BreadcrumbList\",\"@id\":\"https:\\\/\\\/www.organisator.ch\\\/sustainability\\\/2017-05-11\\\/label-gegen-littering\\\/#breadcrumb\",\"itemListElement\":[{\"@type\":\"ListItem\",\"position\":1,\"name\":\"Home\",\"item\":\"https:\\\/\\\/www.organisator.ch\\\/\"},{\"@type\":\"ListItem\",\"position\":2,\"name\":\"Label gegen Littering\"}]},{\"@type\":\"WebSite\",\"@id\":\"https:\\\/\\\/www.organisator.ch\\\/#website\",\"url\":\"https:\\\/\\\/www.organisator.ch\\\/\",\"name\":\"Organisator\",\"description\":\"Kompetent. Praxisnah. Der ORGANISATOR bereitet in 10 Ausgaben pro Jahr die wesentlichen Themen f\u00fcr F\u00fchrungskr\u00e4fte von KMU auf.\",\"publisher\":{\"@id\":\"https:\\\/\\\/www.organisator.ch\\\/#organization\"},\"potentialAction\":[{\"@type\":\"SearchAction\",\"target\":{\"@type\":\"EntryPoint\",\"urlTemplate\":\"https:\\\/\\\/www.organisator.ch\\\/?s={search_term_string}\"},\"query-input\":{\"@type\":\"PropertyValueSpecification\",\"valueRequired\":true,\"valueName\":\"search_term_string\"}}],\"inLanguage\":\"de\"},{\"@type\":\"Organization\",\"@id\":\"https:\\\/\\\/www.organisator.ch\\\/#organization\",\"name\":\"Organisator\",\"url\":\"https:\\\/\\\/www.organisator.ch\\\/\",\"logo\":{\"@type\":\"ImageObject\",\"inLanguage\":\"de\",\"@id\":\"https:\\\/\\\/www.organisator.ch\\\/#\\\/schema\\\/logo\\\/image\\\/\",\"url\":\"https:\\\/\\\/www.organisator.ch\\\/wp-content\\\/uploads\\\/2022\\\/01\\\/Logo_Organisator_Website.png\",\"contentUrl\":\"https:\\\/\\\/www.organisator.ch\\\/wp-content\\\/uploads\\\/2022\\\/01\\\/Logo_Organisator_Website.png\",\"width\":800,\"height\":77,\"caption\":\"Organisator\"},\"image\":{\"@id\":\"https:\\\/\\\/www.organisator.ch\\\/#\\\/schema\\\/logo\\\/image\\\/\"},\"sameAs\":[\"https:\\\/\\\/www.facebook.com\\\/OrganisatorFachmagazin\",\"https:\\\/\\\/www.linkedin.com\\\/showcase\\\/organisator-das-magazin-fr-kmu\",\"https:\\\/\\\/www.xing.com\\\/news\\\/pages\\\/organisator-ch-695\",\"https:\\\/\\\/www.youtube.com\\\/channel\\\/UCGP2Sq0iWaZwT3BdIAQFYpw\"]},{\"@type\":\"Person\",\"@id\":\"https:\\\/\\\/www.organisator.ch\\\/#\\\/schema\\\/person\\\/aa2bace6c5c5aad60102004a50c4eb1c\",\"name\":\"admin\",\"image\":{\"@type\":\"ImageObject\",\"inLanguage\":\"de\",\"@id\":\"https:\\\/\\\/secure.gravatar.com\\\/avatar\\\/ae2f4d718e6c49043e314ce431e7e645d646302a24a5ef5a8bc8e3f5a032e319?s=96&d=mm&r=g\",\"url\":\"https:\\\/\\\/secure.gravatar.com\\\/avatar\\\/ae2f4d718e6c49043e314ce431e7e645d646302a24a5ef5a8bc8e3f5a032e319?s=96&d=mm&r=g\",\"contentUrl\":\"https:\\\/\\\/secure.gravatar.com\\\/avatar\\\/ae2f4d718e6c49043e314ce431e7e645d646302a24a5ef5a8bc8e3f5a032e319?s=96&d=mm&r=g\",\"caption\":\"admin\"},\"sameAs\":[\"https:\\\/\\\/www.organisator.ch\"],\"url\":\"https:\\\/\\\/www.organisator.ch\\\/de\\\/author\\\/admin\\\/\"}]}<\/script>\n<!-- \/ Yoast SEO plugin. -->","yoast_head_json":{"title":"Label gegen Littering - Organisator","description":"Das No-Littering-Label kennzeichnet ab sofort St\u00e4dte, Gemeinden und Schulen, die sich gegen Littering einsetzen. Es soll zu weiteren Massnahmen motivieren.","robots":{"index":"index","follow":"follow","max-snippet":"max-snippet:-1","max-image-preview":"max-image-preview:large","max-video-preview":"max-video-preview:-1"},"canonical":"https:\/\/www.organisator.ch\/de\/sustainability\/2017-05-11\/label-gegen-littering\/","og_locale":"de_DE","og_type":"article","og_title":"Label gegen Littering - Organisator","og_description":"Das No-Littering-Label kennzeichnet ab sofort St\u00e4dte, Gemeinden und Schulen, die sich gegen Littering einsetzen. Es soll zu weiteren Massnahmen motivieren.","og_url":"https:\/\/www.organisator.ch\/de\/sustainability\/2017-05-11\/label-gegen-littering\/","og_site_name":"Organisator","article_publisher":"https:\/\/www.facebook.com\/OrganisatorFachmagazin","article_published_time":"2017-05-11T12:37:26+00:00","article_modified_time":"2022-02-09T10:05:38+00:00","og_image":[{"width":2560,"height":1707,"url":"https:\/\/www.organisator.ch\/wp-content\/uploads\/2017\/06\/Littering-scaled.jpg","type":"image\/jpeg"}],"author":"admin","twitter_card":"summary_large_image","schema":{"@context":"https:\/\/schema.org","@graph":[{"@type":"Article","@id":"https:\/\/www.organisator.ch\/sustainability\/2017-05-11\/label-gegen-littering\/#article","isPartOf":{"@id":"https:\/\/www.organisator.ch\/sustainability\/2017-05-11\/label-gegen-littering\/"},"author":{"name":"admin","@id":"https:\/\/www.organisator.ch\/#\/schema\/person\/aa2bace6c5c5aad60102004a50c4eb1c"},"headline":"Label gegen Littering","datePublished":"2017-05-11T12:37:26+00:00","dateModified":"2022-02-09T10:05:38+00:00","mainEntityOfPage":{"@id":"https:\/\/www.organisator.ch\/sustainability\/2017-05-11\/label-gegen-littering\/"},"wordCount":670,"commentCount":0,"publisher":{"@id":"https:\/\/www.organisator.ch\/#organization"},"image":{"@id":"https:\/\/www.organisator.ch\/sustainability\/2017-05-11\/label-gegen-littering\/#primaryimage"},"thumbnailUrl":"https:\/\/www.organisator.ch\/wp-content\/uploads\/2017\/06\/Littering-scaled.jpg","keywords":["Abfall","Label","Littering"],"articleSection":["SUSTAINABILITY"],"inLanguage":"de"},{"@type":"WebPage","@id":"https:\/\/www.organisator.ch\/sustainability\/2017-05-11\/label-gegen-littering\/","url":"https:\/\/www.organisator.ch\/sustainability\/2017-05-11\/label-gegen-littering\/","name":"Label gegen Littering - Organisator","isPartOf":{"@id":"https:\/\/www.organisator.ch\/#website"},"primaryImageOfPage":{"@id":"https:\/\/www.organisator.ch\/sustainability\/2017-05-11\/label-gegen-littering\/#primaryimage"},"image":{"@id":"https:\/\/www.organisator.ch\/sustainability\/2017-05-11\/label-gegen-littering\/#primaryimage"},"thumbnailUrl":"https:\/\/www.organisator.ch\/wp-content\/uploads\/2017\/06\/Littering-scaled.jpg","datePublished":"2017-05-11T12:37:26+00:00","dateModified":"2022-02-09T10:05:38+00:00","description":"Das No-Littering-Label kennzeichnet ab sofort St\u00e4dte, Gemeinden und Schulen, die sich gegen Littering einsetzen. Es soll zu weiteren Massnahmen motivieren.","breadcrumb":{"@id":"https:\/\/www.organisator.ch\/sustainability\/2017-05-11\/label-gegen-littering\/#breadcrumb"},"inLanguage":"de","potentialAction":[{"@type":"ReadAction","target":["https:\/\/www.organisator.ch\/sustainability\/2017-05-11\/label-gegen-littering\/"]}]},{"@type":"ImageObject","inLanguage":"de","@id":"https:\/\/www.organisator.ch\/sustainability\/2017-05-11\/label-gegen-littering\/#primaryimage","url":"https:\/\/www.organisator.ch\/wp-content\/uploads\/2017\/06\/Littering-scaled.jpg","contentUrl":"https:\/\/www.organisator.ch\/wp-content\/uploads\/2017\/06\/Littering-scaled.jpg","width":2560,"height":1707,"caption":"Basel-Stadt, einer der ersten Tr\u00e4ger des No-Littering-Labels, setzt im Kampf gegen Littering auf Reinigung, Sensibilisierung, Repression, saubere Veranstaltungen und Einbezug des Gewerbes. (Foto: J\u00e9r\u00f4me Depierre)"},{"@type":"BreadcrumbList","@id":"https:\/\/www.organisator.ch\/sustainability\/2017-05-11\/label-gegen-littering\/#breadcrumb","itemListElement":[{"@type":"ListItem","position":1,"name":"Home","item":"https:\/\/www.organisator.ch\/"},{"@type":"ListItem","position":2,"name":"Label gegen Littering"}]},{"@type":"WebSite","@id":"https:\/\/www.organisator.ch\/#website","url":"https:\/\/www.organisator.ch\/","name":"Organisator","description":"Kompetent. Praxisnah. Der ORGANISATOR bereitet in 10 Ausgaben pro Jahr die wesentlichen Themen f\u00fcr F\u00fchrungskr\u00e4fte von KMU auf.","publisher":{"@id":"https:\/\/www.organisator.ch\/#organization"},"potentialAction":[{"@type":"SearchAction","target":{"@type":"EntryPoint","urlTemplate":"https:\/\/www.organisator.ch\/?s={search_term_string}"},"query-input":{"@type":"PropertyValueSpecification","valueRequired":true,"valueName":"search_term_string"}}],"inLanguage":"de"},{"@type":"Organization","@id":"https:\/\/www.organisator.ch\/#organization","name":"Organisator","url":"https:\/\/www.organisator.ch\/","logo":{"@type":"ImageObject","inLanguage":"de","@id":"https:\/\/www.organisator.ch\/#\/schema\/logo\/image\/","url":"https:\/\/www.organisator.ch\/wp-content\/uploads\/2022\/01\/Logo_Organisator_Website.png","contentUrl":"https:\/\/www.organisator.ch\/wp-content\/uploads\/2022\/01\/Logo_Organisator_Website.png","width":800,"height":77,"caption":"Organisator"},"image":{"@id":"https:\/\/www.organisator.ch\/#\/schema\/logo\/image\/"},"sameAs":["https:\/\/www.facebook.com\/OrganisatorFachmagazin","https:\/\/www.linkedin.com\/showcase\/organisator-das-magazin-fr-kmu","https:\/\/www.xing.com\/news\/pages\/organisator-ch-695","https:\/\/www.youtube.com\/channel\/UCGP2Sq0iWaZwT3BdIAQFYpw"]},{"@type":"Person","@id":"https:\/\/www.organisator.ch\/#\/schema\/person\/aa2bace6c5c5aad60102004a50c4eb1c","name":"admin","image":{"@type":"ImageObject","inLanguage":"de","@id":"https:\/\/secure.gravatar.com\/avatar\/ae2f4d718e6c49043e314ce431e7e645d646302a24a5ef5a8bc8e3f5a032e319?s=96&d=mm&r=g","url":"https:\/\/secure.gravatar.com\/avatar\/ae2f4d718e6c49043e314ce431e7e645d646302a24a5ef5a8bc8e3f5a032e319?s=96&d=mm&r=g","contentUrl":"https:\/\/secure.gravatar.com\/avatar\/ae2f4d718e6c49043e314ce431e7e645d646302a24a5ef5a8bc8e3f5a032e319?s=96&d=mm&r=g","caption":"admin"},"sameAs":["https:\/\/www.organisator.ch"],"url":"https:\/\/www.organisator.ch\/de\/author\/admin\/"}]}},"_links":{"self":[{"href":"https:\/\/www.organisator.ch\/de\/wp-json\/wp\/v2\/posts\/10010","targetHints":{"allow":["GET"]}}],"collection":[{"href":"https:\/\/www.organisator.ch\/de\/wp-json\/wp\/v2\/posts"}],"about":[{"href":"https:\/\/www.organisator.ch\/de\/wp-json\/wp\/v2\/types\/post"}],"author":[{"embeddable":true,"href":"https:\/\/www.organisator.ch\/de\/wp-json\/wp\/v2\/users\/1"}],"replies":[{"embeddable":true,"href":"https:\/\/www.organisator.ch\/de\/wp-json\/wp\/v2\/comments?post=10010"}],"version-history":[{"count":1,"href":"https:\/\/www.organisator.ch\/de\/wp-json\/wp\/v2\/posts\/10010\/revisions"}],"predecessor-version":[{"id":10426,"href":"https:\/\/www.organisator.ch\/de\/wp-json\/wp\/v2\/posts\/10010\/revisions\/10426"}],"wp:featuredmedia":[{"embeddable":true,"href":"https:\/\/www.organisator.ch\/de\/wp-json\/wp\/v2\/media\/9494"}],"wp:attachment":[{"href":"https:\/\/www.organisator.ch\/de\/wp-json\/wp\/v2\/media?parent=10010"}],"wp:term":[{"taxonomy":"category","embeddable":true,"href":"https:\/\/www.organisator.ch\/de\/wp-json\/wp\/v2\/categories?post=10010"},{"taxonomy":"post_tag","embeddable":true,"href":"https:\/\/www.organisator.ch\/de\/wp-json\/wp\/v2\/tags?post=10010"}],"curies":[{"name":"wp","href":"https:\/\/api.w.org\/{rel}","templated":true}]}}