{"id":10013,"date":"2017-07-06T16:09:41","date_gmt":"2017-07-06T14:09:41","guid":{"rendered":"https:\/\/www.umweltperspektiven.ch\/?p=1031"},"modified":"2022-02-09T11:10:11","modified_gmt":"2022-02-09T10:10:11","slug":"gebaeudeprogramm-spart-15000-gwh","status":"publish","type":"post","link":"https:\/\/www.organisator.ch\/de\/sustainability\/2017-07-06\/gebaeudeprogramm-spart-15000-gwh\/","title":{"rendered":"Das Geb\u00e4udeprogramm spart 15&#8217;000 GWh"},"content":{"rendered":"<figure id=\"attachment_1032\" aria-describedby=\"caption-attachment-1032\" style=\"width: 640px\" class=\"wp-caption alignnone\"><img loading=\"lazy\" decoding=\"async\" class=\"size-full wp-image-1032\" src=\"\/\/www.umweltperspektiven.ch\/wp-content\/uploads\/2017\/07\/phoca_thumb_l_gebaeudeprogramm_bild17-1.jpg\" alt=\"\" width=\"640\" height=\"447\" srcset=\"https:\/\/www.organisator.ch\/wp-content\/uploads\/2017\/07\/phoca_thumb_l_gebaeudeprogramm_bild17-1.jpg 640w, https:\/\/www.organisator.ch\/wp-content\/uploads\/2017\/07\/phoca_thumb_l_gebaeudeprogramm_bild17-1-18x12.jpg 18w, https:\/\/www.organisator.ch\/wp-content\/uploads\/2017\/07\/phoca_thumb_l_gebaeudeprogramm_bild17-1-251x175.jpg 251w, https:\/\/www.organisator.ch\/wp-content\/uploads\/2017\/07\/phoca_thumb_l_gebaeudeprogramm_bild17-1-501x350.jpg 501w, https:\/\/www.organisator.ch\/wp-content\/uploads\/2017\/07\/phoca_thumb_l_gebaeudeprogramm_bild17-1-300x210.jpg 300w\" sizes=\"auto, (max-width: 640px) 100vw, 640px\" \/><figcaption id=\"caption-attachment-1032\" class=\"wp-caption-text\">Das Geb\u00e4udeprogramm im Jahr 2016 hat energetische Geb\u00e4udesanierungen mit rund 161 Millionen Franken gef\u00f6rdert. Bild: \u00a9 2013 Konferenz Kantonaler Energiedirektoren<\/figcaption><\/figure>\n<p>Hauseigent\u00fcmer\/-innen, die Dach, Fassaden, B\u00f6den und Fenster ihrer Geb\u00e4ude besser d\u00e4mmen, tragen dazu bei, den klimasch\u00e4dlichen CO2-Ausstoss und den Energieverbrauch in der Schweiz zu reduzieren. Im Jahr 2016 hat das Geb\u00e4udeprogramm, ein F\u00f6rderprogramm des Bundes, solche energetischen Sanierungen der Geb\u00e4udeh\u00fclle (Teil A) mit rund 93 Millionen Franken gef\u00f6rdert. Dabei wurden rund 3,3 Millionen Quadratmeter Geb\u00e4udeh\u00fcllenfl\u00e4che ged\u00e4mmt. Die gef\u00f6rderten Massnahmen reduzieren \u00fcber ihre Lebensdauer den CO2-Ausstoss in der Schweiz um rund 1,5 Millionen Tonnen. Zudem senken sie den Energieverbrauch um rund 7\u2018200 Gigawattstunden.<\/p>\n<p>Parallel dazu haben die Kantone im Rahmen des Geb\u00e4udeprogramms im vergangenen Jahr mit rund 68 Millionen Franken weitere Massnahmen zur energetischen Optimierung von Geb\u00e4uden gef\u00f6rdert, darunter den Einsatz erneuerbarer Energien, die Nutzung von Abw\u00e4rme, die Optimierung der Geb\u00e4udetechnik sowie Neubauten und Sanierungen nach Minergie-Standard (Teil B). Damit lassen sich im Schweizer Geb\u00e4udepark in den kommenden Jahrzehnten rund 1,35 Millionen Tonnen CO2 vermeiden und weitere rund 7&#8217;200 Gigawattstunden Energie einsparen.<br \/>\nDetails zu den Resultaten und Wirkungen des Geb\u00e4udeprogramms finden sich im neuen Jahresbericht 2016 unter folgendem Link:<br \/>\n<a href=\"\/\/www.dasgebaeudeprogramm.ch\/index.php\/de\/publikationen-und-fotos\/berichte-und-statistiken\">Jahresbericht 2016<\/a><\/p>\n<p><strong>Energetische Sanierungen f\u00f6rdern<\/strong><\/p>\n<p>Das Geb\u00e4udeprogramm f\u00f6rdert energetische Sanierungsmassnahmen f\u00fcr Geb\u00e4ude.\u00a0Diese\u00a0sind f\u00fcr rund einen Drittel der CO2-Emissionen und 40 Prozent des Energieverbrauchs der Schweiz verantwortlich. Rund 1,5 Millionen H\u00e4user sind nicht oder kaum ged\u00e4mmt und damit energetisch dringend sanierungsbed\u00fcrftig. Zudem werden drei Viertel der Schweizer Geb\u00e4ude heute noch immer fossil oder direkt elektrisch beheizt. Mit dem seit 2010 bestehenden Geb\u00e4udeprogramm wollen Bund und Kantone den Energieverbrauch des Schweizer Geb\u00e4udeparks und den CO2-Ausstoss erheblich reduzieren. Das Geb\u00e4udeprogramm ist damit ein wichtiger Pfeiler der Schweizer Klima- und Energiepolitik.<\/p>\n<p>Das Geb\u00e4udeprogramm wird aus der CO2-Abgabe und aus F\u00f6rdergeldern der Kantone finanziert. Bis Ende 2016 bestand das Programm aus einem schweizweit einheitlichen Teil A mit Massnahmen zur Sanierung der Geb\u00e4udeh\u00fclle, sowie einem Teil B mit kantonal unterschiedlichen Zusatzprogrammen zur F\u00f6rderung erneuerbarer Energien, der Abw\u00e4rmenutzung und der Optimierung der Geb\u00e4udetechnik.<\/p>\n<p>Seit 1. Januar 2017 sind die Kantone sowohl f\u00fcr Teil A als auch f\u00fcr Teil B zust\u00e4ndig und legen auf der Grundlage des Harmonisierten F\u00f6rdermodells der Kantone (HFM 2015) individuell fest, welche Massnahmen sie zu welchen Bedingungen f\u00f6rdern. So k\u00f6nnen sie ihre F\u00f6rderangebote noch gezielter auf ihre Gegebenheiten ausrichten.<\/p>\n<p>Mit der Annahme des revidierten Energiegesetzes haben die Stimmb\u00fcrger\/-innen am 21. Mai 2017 die Grundlage daf\u00fcr geschaffen, dass Das Geb\u00e4udeprogramm auch nach 2019 weitergef\u00fchrt werden kann und weiterhin ein Drittel der Einnahmen aus der CO2-Abgabe, neu aber bis zu 450 statt wie bisher 300 Millionen Franken zur Verf\u00fcgung stehen k\u00f6nnten.<\/p>\n<p>Text: Das Geb\u00e4udeprogramm\/BFE<\/p>\n","protected":false},"excerpt":{"rendered":"<p>Hauseigent\u00fcmer\/-innen, die Dach, Fassaden, B\u00f6den und Fenster ihrer Geb\u00e4ude besser d\u00e4mmen, tragen dazu bei, den klimasch\u00e4dlichen CO2-Ausstoss und den Energieverbrauch in der Schweiz zu reduzieren. Im Jahr 2016 hat das Geb\u00e4udeprogramm, ein F\u00f6rderprogramm des Bundes, solche energetischen Sanierungen der Geb\u00e4udeh\u00fclle (Teil A) mit rund 93 Millionen Franken gef\u00f6rdert. Dabei wurden rund 3,3 Millionen Quadratmeter Geb\u00e4udeh\u00fcllenfl\u00e4che [&hellip;]<\/p>\n","protected":false},"author":1,"featured_media":1032,"comment_status":"open","ping_status":"open","sticky":false,"template":"","format":"standard","meta":{"_acf_changed":false,"_yoast_wpseo_focuskw":"Geb\u00e4udeprogramm","_yoast_wpseo_metadesc":"Das Geb\u00e4udeprogramm von Bund und Kantonen hat im Jahr 2016 die energetische Sanierung von Geb\u00e4uden mit insgesamt rund 161 Millionen Franken gef\u00f6rdert","articlekey":"","footnotes":""},"categories":[580],"tags":[883,1215,1777,2047],"class_list":["post-10013","post","type-post","status-publish","format-standard","has-post-thumbnail","hentry","category-sustainability","tag-bund","tag-foerderung","tag-nachhaltiges-bauen","tag-sanierung"],"acf":[],"yoast_head":"<!-- This site is optimized with the Yoast SEO plugin v27.5 - https:\/\/yoast.com\/product\/yoast-seo-wordpress\/ -->\n<title>Das Geb\u00e4udeprogramm spart 15&#039;000 GWh - Organisator<\/title>\n<meta name=\"description\" content=\"Das Geb\u00e4udeprogramm von Bund und Kantonen hat im Jahr 2016 die energetische Sanierung von Geb\u00e4uden mit insgesamt rund 161 Millionen Franken gef\u00f6rdert\" \/>\n<meta name=\"robots\" content=\"index, follow, max-snippet:-1, max-image-preview:large, max-video-preview:-1\" \/>\n<link rel=\"canonical\" href=\"https:\/\/www.organisator.ch\/de\/sustainability\/2017-07-06\/gebaeudeprogramm-spart-15000-gwh\/\" \/>\n<meta property=\"og:locale\" content=\"de_DE\" \/>\n<meta property=\"og:type\" content=\"article\" \/>\n<meta property=\"og:title\" content=\"Das Geb\u00e4udeprogramm spart 15&#039;000 GWh - Organisator\" \/>\n<meta property=\"og:description\" content=\"Das Geb\u00e4udeprogramm von Bund und Kantonen hat im Jahr 2016 die energetische Sanierung von Geb\u00e4uden mit insgesamt rund 161 Millionen Franken gef\u00f6rdert\" \/>\n<meta property=\"og:url\" content=\"https:\/\/www.organisator.ch\/de\/sustainability\/2017-07-06\/gebaeudeprogramm-spart-15000-gwh\/\" \/>\n<meta property=\"og:site_name\" content=\"Organisator\" \/>\n<meta property=\"article:publisher\" content=\"https:\/\/www.facebook.com\/OrganisatorFachmagazin\" \/>\n<meta property=\"article:published_time\" content=\"2017-07-06T14:09:41+00:00\" \/>\n<meta property=\"article:modified_time\" content=\"2022-02-09T10:10:11+00:00\" \/>\n<meta property=\"og:image\" content=\"https:\/\/www.organisator.ch\/wp-content\/uploads\/2017\/07\/phoca_thumb_l_gebaeudeprogramm_bild17-1.jpg\" \/>\n\t<meta property=\"og:image:width\" content=\"640\" \/>\n\t<meta property=\"og:image:height\" content=\"447\" \/>\n\t<meta property=\"og:image:type\" content=\"image\/jpeg\" \/>\n<meta name=\"author\" content=\"admin\" \/>\n<meta name=\"twitter:card\" content=\"summary_large_image\" \/>\n<script type=\"application\/ld+json\" class=\"yoast-schema-graph\">{\"@context\":\"https:\\\/\\\/schema.org\",\"@graph\":[{\"@type\":\"Article\",\"@id\":\"https:\\\/\\\/www.organisator.ch\\\/sustainability\\\/2017-07-06\\\/gebaeudeprogramm-spart-15000-gwh\\\/#article\",\"isPartOf\":{\"@id\":\"https:\\\/\\\/www.organisator.ch\\\/sustainability\\\/2017-07-06\\\/gebaeudeprogramm-spart-15000-gwh\\\/\"},\"author\":{\"name\":\"admin\",\"@id\":\"https:\\\/\\\/www.organisator.ch\\\/#\\\/schema\\\/person\\\/aa2bace6c5c5aad60102004a50c4eb1c\"},\"headline\":\"Das Geb\u00e4udeprogramm spart 15&#8217;000 GWh\",\"datePublished\":\"2017-07-06T14:09:41+00:00\",\"dateModified\":\"2022-02-09T10:10:11+00:00\",\"mainEntityOfPage\":{\"@id\":\"https:\\\/\\\/www.organisator.ch\\\/sustainability\\\/2017-07-06\\\/gebaeudeprogramm-spart-15000-gwh\\\/\"},\"wordCount\":482,\"commentCount\":0,\"publisher\":{\"@id\":\"https:\\\/\\\/www.organisator.ch\\\/#organization\"},\"image\":{\"@id\":\"https:\\\/\\\/www.organisator.ch\\\/sustainability\\\/2017-07-06\\\/gebaeudeprogramm-spart-15000-gwh\\\/#primaryimage\"},\"thumbnailUrl\":\"https:\\\/\\\/www.organisator.ch\\\/wp-content\\\/uploads\\\/2017\\\/07\\\/phoca_thumb_l_gebaeudeprogramm_bild17-1.jpg\",\"keywords\":[\"Bund\",\"F\u00f6rderung\",\"nachhaltiges Bauen\",\"Sanierung\"],\"articleSection\":[\"SUSTAINABILITY\"],\"inLanguage\":\"de\"},{\"@type\":\"WebPage\",\"@id\":\"https:\\\/\\\/www.organisator.ch\\\/sustainability\\\/2017-07-06\\\/gebaeudeprogramm-spart-15000-gwh\\\/\",\"url\":\"https:\\\/\\\/www.organisator.ch\\\/sustainability\\\/2017-07-06\\\/gebaeudeprogramm-spart-15000-gwh\\\/\",\"name\":\"Das Geb\u00e4udeprogramm spart 15'000 GWh - Organisator\",\"isPartOf\":{\"@id\":\"https:\\\/\\\/www.organisator.ch\\\/#website\"},\"primaryImageOfPage\":{\"@id\":\"https:\\\/\\\/www.organisator.ch\\\/sustainability\\\/2017-07-06\\\/gebaeudeprogramm-spart-15000-gwh\\\/#primaryimage\"},\"image\":{\"@id\":\"https:\\\/\\\/www.organisator.ch\\\/sustainability\\\/2017-07-06\\\/gebaeudeprogramm-spart-15000-gwh\\\/#primaryimage\"},\"thumbnailUrl\":\"https:\\\/\\\/www.organisator.ch\\\/wp-content\\\/uploads\\\/2017\\\/07\\\/phoca_thumb_l_gebaeudeprogramm_bild17-1.jpg\",\"datePublished\":\"2017-07-06T14:09:41+00:00\",\"dateModified\":\"2022-02-09T10:10:11+00:00\",\"description\":\"Das Geb\u00e4udeprogramm von Bund und Kantonen hat im Jahr 2016 die energetische Sanierung von Geb\u00e4uden mit insgesamt rund 161 Millionen Franken gef\u00f6rdert\",\"breadcrumb\":{\"@id\":\"https:\\\/\\\/www.organisator.ch\\\/sustainability\\\/2017-07-06\\\/gebaeudeprogramm-spart-15000-gwh\\\/#breadcrumb\"},\"inLanguage\":\"de\",\"potentialAction\":[{\"@type\":\"ReadAction\",\"target\":[\"https:\\\/\\\/www.organisator.ch\\\/sustainability\\\/2017-07-06\\\/gebaeudeprogramm-spart-15000-gwh\\\/\"]}]},{\"@type\":\"ImageObject\",\"inLanguage\":\"de\",\"@id\":\"https:\\\/\\\/www.organisator.ch\\\/sustainability\\\/2017-07-06\\\/gebaeudeprogramm-spart-15000-gwh\\\/#primaryimage\",\"url\":\"https:\\\/\\\/www.organisator.ch\\\/wp-content\\\/uploads\\\/2017\\\/07\\\/phoca_thumb_l_gebaeudeprogramm_bild17-1.jpg\",\"contentUrl\":\"https:\\\/\\\/www.organisator.ch\\\/wp-content\\\/uploads\\\/2017\\\/07\\\/phoca_thumb_l_gebaeudeprogramm_bild17-1.jpg\",\"width\":640,\"height\":447,\"caption\":\"Das Geb\u00e4udeprogramm im Jahr 2016 hat energetische Geb\u00e4udesanierungen mit rund 161 Millionen Franken gef\u00f6rdert. Bild: \u00a9 2013 Konferenz Kantonaler Energiedirektoren\"},{\"@type\":\"BreadcrumbList\",\"@id\":\"https:\\\/\\\/www.organisator.ch\\\/sustainability\\\/2017-07-06\\\/gebaeudeprogramm-spart-15000-gwh\\\/#breadcrumb\",\"itemListElement\":[{\"@type\":\"ListItem\",\"position\":1,\"name\":\"Home\",\"item\":\"https:\\\/\\\/www.organisator.ch\\\/\"},{\"@type\":\"ListItem\",\"position\":2,\"name\":\"Das Geb\u00e4udeprogramm spart 15&#8217;000 GWh\"}]},{\"@type\":\"WebSite\",\"@id\":\"https:\\\/\\\/www.organisator.ch\\\/#website\",\"url\":\"https:\\\/\\\/www.organisator.ch\\\/\",\"name\":\"Organisator\",\"description\":\"Kompetent. Praxisnah. Der ORGANISATOR bereitet in 10 Ausgaben pro Jahr die wesentlichen Themen f\u00fcr F\u00fchrungskr\u00e4fte von KMU auf.\",\"publisher\":{\"@id\":\"https:\\\/\\\/www.organisator.ch\\\/#organization\"},\"potentialAction\":[{\"@type\":\"SearchAction\",\"target\":{\"@type\":\"EntryPoint\",\"urlTemplate\":\"https:\\\/\\\/www.organisator.ch\\\/?s={search_term_string}\"},\"query-input\":{\"@type\":\"PropertyValueSpecification\",\"valueRequired\":true,\"valueName\":\"search_term_string\"}}],\"inLanguage\":\"de\"},{\"@type\":\"Organization\",\"@id\":\"https:\\\/\\\/www.organisator.ch\\\/#organization\",\"name\":\"Organisator\",\"url\":\"https:\\\/\\\/www.organisator.ch\\\/\",\"logo\":{\"@type\":\"ImageObject\",\"inLanguage\":\"de\",\"@id\":\"https:\\\/\\\/www.organisator.ch\\\/#\\\/schema\\\/logo\\\/image\\\/\",\"url\":\"https:\\\/\\\/www.organisator.ch\\\/wp-content\\\/uploads\\\/2022\\\/01\\\/Logo_Organisator_Website.png\",\"contentUrl\":\"https:\\\/\\\/www.organisator.ch\\\/wp-content\\\/uploads\\\/2022\\\/01\\\/Logo_Organisator_Website.png\",\"width\":800,\"height\":77,\"caption\":\"Organisator\"},\"image\":{\"@id\":\"https:\\\/\\\/www.organisator.ch\\\/#\\\/schema\\\/logo\\\/image\\\/\"},\"sameAs\":[\"https:\\\/\\\/www.facebook.com\\\/OrganisatorFachmagazin\",\"https:\\\/\\\/www.linkedin.com\\\/showcase\\\/organisator-das-magazin-fr-kmu\",\"https:\\\/\\\/www.xing.com\\\/news\\\/pages\\\/organisator-ch-695\",\"https:\\\/\\\/www.youtube.com\\\/channel\\\/UCGP2Sq0iWaZwT3BdIAQFYpw\"]},{\"@type\":\"Person\",\"@id\":\"https:\\\/\\\/www.organisator.ch\\\/#\\\/schema\\\/person\\\/aa2bace6c5c5aad60102004a50c4eb1c\",\"name\":\"admin\",\"image\":{\"@type\":\"ImageObject\",\"inLanguage\":\"de\",\"@id\":\"https:\\\/\\\/secure.gravatar.com\\\/avatar\\\/ae2f4d718e6c49043e314ce431e7e645d646302a24a5ef5a8bc8e3f5a032e319?s=96&d=mm&r=g\",\"url\":\"https:\\\/\\\/secure.gravatar.com\\\/avatar\\\/ae2f4d718e6c49043e314ce431e7e645d646302a24a5ef5a8bc8e3f5a032e319?s=96&d=mm&r=g\",\"contentUrl\":\"https:\\\/\\\/secure.gravatar.com\\\/avatar\\\/ae2f4d718e6c49043e314ce431e7e645d646302a24a5ef5a8bc8e3f5a032e319?s=96&d=mm&r=g\",\"caption\":\"admin\"},\"sameAs\":[\"https:\\\/\\\/www.organisator.ch\"],\"url\":\"https:\\\/\\\/www.organisator.ch\\\/de\\\/author\\\/admin\\\/\"}]}<\/script>\n<!-- \/ Yoast SEO plugin. -->","yoast_head_json":{"title":"Das Geb\u00e4udeprogramm spart 15'000 GWh - Organisator","description":"Das Geb\u00e4udeprogramm von Bund und Kantonen hat im Jahr 2016 die energetische Sanierung von Geb\u00e4uden mit insgesamt rund 161 Millionen Franken gef\u00f6rdert","robots":{"index":"index","follow":"follow","max-snippet":"max-snippet:-1","max-image-preview":"max-image-preview:large","max-video-preview":"max-video-preview:-1"},"canonical":"https:\/\/www.organisator.ch\/de\/sustainability\/2017-07-06\/gebaeudeprogramm-spart-15000-gwh\/","og_locale":"de_DE","og_type":"article","og_title":"Das Geb\u00e4udeprogramm spart 15'000 GWh - Organisator","og_description":"Das Geb\u00e4udeprogramm von Bund und Kantonen hat im Jahr 2016 die energetische Sanierung von Geb\u00e4uden mit insgesamt rund 161 Millionen Franken gef\u00f6rdert","og_url":"https:\/\/www.organisator.ch\/de\/sustainability\/2017-07-06\/gebaeudeprogramm-spart-15000-gwh\/","og_site_name":"Organisator","article_publisher":"https:\/\/www.facebook.com\/OrganisatorFachmagazin","article_published_time":"2017-07-06T14:09:41+00:00","article_modified_time":"2022-02-09T10:10:11+00:00","og_image":[{"width":640,"height":447,"url":"https:\/\/www.organisator.ch\/wp-content\/uploads\/2017\/07\/phoca_thumb_l_gebaeudeprogramm_bild17-1.jpg","type":"image\/jpeg"}],"author":"admin","twitter_card":"summary_large_image","schema":{"@context":"https:\/\/schema.org","@graph":[{"@type":"Article","@id":"https:\/\/www.organisator.ch\/sustainability\/2017-07-06\/gebaeudeprogramm-spart-15000-gwh\/#article","isPartOf":{"@id":"https:\/\/www.organisator.ch\/sustainability\/2017-07-06\/gebaeudeprogramm-spart-15000-gwh\/"},"author":{"name":"admin","@id":"https:\/\/www.organisator.ch\/#\/schema\/person\/aa2bace6c5c5aad60102004a50c4eb1c"},"headline":"Das Geb\u00e4udeprogramm spart 15&#8217;000 GWh","datePublished":"2017-07-06T14:09:41+00:00","dateModified":"2022-02-09T10:10:11+00:00","mainEntityOfPage":{"@id":"https:\/\/www.organisator.ch\/sustainability\/2017-07-06\/gebaeudeprogramm-spart-15000-gwh\/"},"wordCount":482,"commentCount":0,"publisher":{"@id":"https:\/\/www.organisator.ch\/#organization"},"image":{"@id":"https:\/\/www.organisator.ch\/sustainability\/2017-07-06\/gebaeudeprogramm-spart-15000-gwh\/#primaryimage"},"thumbnailUrl":"https:\/\/www.organisator.ch\/wp-content\/uploads\/2017\/07\/phoca_thumb_l_gebaeudeprogramm_bild17-1.jpg","keywords":["Bund","F\u00f6rderung","nachhaltiges Bauen","Sanierung"],"articleSection":["SUSTAINABILITY"],"inLanguage":"de"},{"@type":"WebPage","@id":"https:\/\/www.organisator.ch\/sustainability\/2017-07-06\/gebaeudeprogramm-spart-15000-gwh\/","url":"https:\/\/www.organisator.ch\/sustainability\/2017-07-06\/gebaeudeprogramm-spart-15000-gwh\/","name":"Das Geb\u00e4udeprogramm spart 15'000 GWh - Organisator","isPartOf":{"@id":"https:\/\/www.organisator.ch\/#website"},"primaryImageOfPage":{"@id":"https:\/\/www.organisator.ch\/sustainability\/2017-07-06\/gebaeudeprogramm-spart-15000-gwh\/#primaryimage"},"image":{"@id":"https:\/\/www.organisator.ch\/sustainability\/2017-07-06\/gebaeudeprogramm-spart-15000-gwh\/#primaryimage"},"thumbnailUrl":"https:\/\/www.organisator.ch\/wp-content\/uploads\/2017\/07\/phoca_thumb_l_gebaeudeprogramm_bild17-1.jpg","datePublished":"2017-07-06T14:09:41+00:00","dateModified":"2022-02-09T10:10:11+00:00","description":"Das Geb\u00e4udeprogramm von Bund und Kantonen hat im Jahr 2016 die energetische Sanierung von Geb\u00e4uden mit insgesamt rund 161 Millionen Franken gef\u00f6rdert","breadcrumb":{"@id":"https:\/\/www.organisator.ch\/sustainability\/2017-07-06\/gebaeudeprogramm-spart-15000-gwh\/#breadcrumb"},"inLanguage":"de","potentialAction":[{"@type":"ReadAction","target":["https:\/\/www.organisator.ch\/sustainability\/2017-07-06\/gebaeudeprogramm-spart-15000-gwh\/"]}]},{"@type":"ImageObject","inLanguage":"de","@id":"https:\/\/www.organisator.ch\/sustainability\/2017-07-06\/gebaeudeprogramm-spart-15000-gwh\/#primaryimage","url":"https:\/\/www.organisator.ch\/wp-content\/uploads\/2017\/07\/phoca_thumb_l_gebaeudeprogramm_bild17-1.jpg","contentUrl":"https:\/\/www.organisator.ch\/wp-content\/uploads\/2017\/07\/phoca_thumb_l_gebaeudeprogramm_bild17-1.jpg","width":640,"height":447,"caption":"Das Geb\u00e4udeprogramm im Jahr 2016 hat energetische Geb\u00e4udesanierungen mit rund 161 Millionen Franken gef\u00f6rdert. Bild: \u00a9 2013 Konferenz Kantonaler Energiedirektoren"},{"@type":"BreadcrumbList","@id":"https:\/\/www.organisator.ch\/sustainability\/2017-07-06\/gebaeudeprogramm-spart-15000-gwh\/#breadcrumb","itemListElement":[{"@type":"ListItem","position":1,"name":"Home","item":"https:\/\/www.organisator.ch\/"},{"@type":"ListItem","position":2,"name":"Das Geb\u00e4udeprogramm spart 15&#8217;000 GWh"}]},{"@type":"WebSite","@id":"https:\/\/www.organisator.ch\/#website","url":"https:\/\/www.organisator.ch\/","name":"Organisator","description":"Kompetent. Praxisnah. Der ORGANISATOR bereitet in 10 Ausgaben pro Jahr die wesentlichen Themen f\u00fcr F\u00fchrungskr\u00e4fte von KMU auf.","publisher":{"@id":"https:\/\/www.organisator.ch\/#organization"},"potentialAction":[{"@type":"SearchAction","target":{"@type":"EntryPoint","urlTemplate":"https:\/\/www.organisator.ch\/?s={search_term_string}"},"query-input":{"@type":"PropertyValueSpecification","valueRequired":true,"valueName":"search_term_string"}}],"inLanguage":"de"},{"@type":"Organization","@id":"https:\/\/www.organisator.ch\/#organization","name":"Organisator","url":"https:\/\/www.organisator.ch\/","logo":{"@type":"ImageObject","inLanguage":"de","@id":"https:\/\/www.organisator.ch\/#\/schema\/logo\/image\/","url":"https:\/\/www.organisator.ch\/wp-content\/uploads\/2022\/01\/Logo_Organisator_Website.png","contentUrl":"https:\/\/www.organisator.ch\/wp-content\/uploads\/2022\/01\/Logo_Organisator_Website.png","width":800,"height":77,"caption":"Organisator"},"image":{"@id":"https:\/\/www.organisator.ch\/#\/schema\/logo\/image\/"},"sameAs":["https:\/\/www.facebook.com\/OrganisatorFachmagazin","https:\/\/www.linkedin.com\/showcase\/organisator-das-magazin-fr-kmu","https:\/\/www.xing.com\/news\/pages\/organisator-ch-695","https:\/\/www.youtube.com\/channel\/UCGP2Sq0iWaZwT3BdIAQFYpw"]},{"@type":"Person","@id":"https:\/\/www.organisator.ch\/#\/schema\/person\/aa2bace6c5c5aad60102004a50c4eb1c","name":"admin","image":{"@type":"ImageObject","inLanguage":"de","@id":"https:\/\/secure.gravatar.com\/avatar\/ae2f4d718e6c49043e314ce431e7e645d646302a24a5ef5a8bc8e3f5a032e319?s=96&d=mm&r=g","url":"https:\/\/secure.gravatar.com\/avatar\/ae2f4d718e6c49043e314ce431e7e645d646302a24a5ef5a8bc8e3f5a032e319?s=96&d=mm&r=g","contentUrl":"https:\/\/secure.gravatar.com\/avatar\/ae2f4d718e6c49043e314ce431e7e645d646302a24a5ef5a8bc8e3f5a032e319?s=96&d=mm&r=g","caption":"admin"},"sameAs":["https:\/\/www.organisator.ch"],"url":"https:\/\/www.organisator.ch\/de\/author\/admin\/"}]}},"_links":{"self":[{"href":"https:\/\/www.organisator.ch\/de\/wp-json\/wp\/v2\/posts\/10013","targetHints":{"allow":["GET"]}}],"collection":[{"href":"https:\/\/www.organisator.ch\/de\/wp-json\/wp\/v2\/posts"}],"about":[{"href":"https:\/\/www.organisator.ch\/de\/wp-json\/wp\/v2\/types\/post"}],"author":[{"embeddable":true,"href":"https:\/\/www.organisator.ch\/de\/wp-json\/wp\/v2\/users\/1"}],"replies":[{"embeddable":true,"href":"https:\/\/www.organisator.ch\/de\/wp-json\/wp\/v2\/comments?post=10013"}],"version-history":[{"count":1,"href":"https:\/\/www.organisator.ch\/de\/wp-json\/wp\/v2\/posts\/10013\/revisions"}],"predecessor-version":[{"id":10936,"href":"https:\/\/www.organisator.ch\/de\/wp-json\/wp\/v2\/posts\/10013\/revisions\/10936"}],"wp:featuredmedia":[{"embeddable":true,"href":"https:\/\/www.organisator.ch\/de\/wp-json\/wp\/v2\/media\/1032"}],"wp:attachment":[{"href":"https:\/\/www.organisator.ch\/de\/wp-json\/wp\/v2\/media?parent=10013"}],"wp:term":[{"taxonomy":"category","embeddable":true,"href":"https:\/\/www.organisator.ch\/de\/wp-json\/wp\/v2\/categories?post=10013"},{"taxonomy":"post_tag","embeddable":true,"href":"https:\/\/www.organisator.ch\/de\/wp-json\/wp\/v2\/tags?post=10013"}],"curies":[{"name":"wp","href":"https:\/\/api.w.org\/{rel}","templated":true}]}}