{"id":10020,"date":"2017-10-13T09:00:01","date_gmt":"2017-10-13T07:00:01","guid":{"rendered":"https:\/\/www.umweltperspektiven.ch\/?p=1265"},"modified":"2022-02-09T11:06:19","modified_gmt":"2022-02-09T10:06:19","slug":"erneuerbare-energien-sommerwetter-foerderte-rekorde","status":"publish","type":"post","link":"https:\/\/www.organisator.ch\/de\/sustainability\/2017-10-13\/erneuerbare-energien-sommerwetter-foerderte-rekorde\/","title":{"rendered":"Erneuerbare Energien: Sommerwetter f\u00f6rderte Rekorde"},"content":{"rendered":"<figure id=\"attachment_1266\" aria-describedby=\"caption-attachment-1266\" style=\"width: 600px\" class=\"wp-caption alignnone\"><img loading=\"lazy\" decoding=\"async\" class=\"size-full wp-image-1266\" src=\"\/\/www.umweltperspektiven.ch\/wp-content\/uploads\/2017\/10\/Erneuerbare-Energien-Sommerwetter-f\u00f6rderte-Rekorde-up_umweltperspektiven.jpg\" alt=\"\" width=\"600\" height=\"412\" \/><figcaption id=\"caption-attachment-1266\" class=\"wp-caption-text\">Mehr und mehr des europ\u00e4ischen Energiebedarfs wird von den &#8222;Erneuerbaren&#8220; gedeckt \u2013 das wird auch in Schweizer Gemeinden so weitergehen. (Bild zVg)<\/figcaption><\/figure>\n<p>Im Juni hat man immer hohe Erwartungen an das Sommerwetter. Wirklich &#8222;sch\u00f6n&#8220; war das Wetter in Europa Anfang Juni nicht. Nat\u00fcrlich kam die Sonne ab und zu raus, aber es gab auch viel Regen und ungew\u00f6hnlich starke Winde. Was Freunden von Freiluftaktivit\u00e4ten eher weniger gefiel, war f\u00fcr die Produzenten erneuerbarer Energieformen offenbar ein Segen \u2013 und zwar gleich in mehreren europ\u00e4ischen L\u00e4ndern.<\/p>\n<p>Ob in Grossbritannien, ob in D\u00e4nemark oder in Deutschland: An dem einen oder anderen Junitag gelang es spezialisierte Unternehmen mehr Strom aus sauberen Quellen als aus fossilen Brennstoffen zu gewinnen. So konnte man in Grossbritannien mehr Strom aus sauberen Quellen als aus Kohle und Erdgas produzieren. Die Briten haben stark in Windkraft investiert, der Output an Windenergie machte 10 Prozent am Rekordtag aus. Hinzu kamen Sonnenenergie, Wasserkraft und Biomasse.<\/p>\n<p>Zusammengenommen erreichten die erneuerbaren Energien so 50,7 Prozent des notwendigen Energiebedarfs. Erg\u00e4nzt man noch die Kernenergie, landeten die Briten bei beeindruckenden 72,1 Prozent an CO2-neutraler Energieerzeugung.<\/p>\n<p><strong>Gegenw\u00e4rtige Klassenbeste<\/strong><\/p>\n<p>In Deutschland sah es noch besser aus. Anfang Juni gab es einen Tag, an dem 66 Prozent des Strombedarfs durch erneuerbare Quellen gedeckt wurde. Ein Rekord ist das hierzulande allerdings nicht, hatte man April zwischenzeitlich doch sogar schon 85 Prozent erreicht. Noch besser lief es nur in D\u00e4nemark. In dem skandinavischen Land sorgten die erh\u00f6hten Windst\u00e4rken f\u00fcr Spitzenwerte bei der Energieerzeugung. Hier deckten in einer kurzen Periode Anfang Juni Windkraftwerke, die auch Exportstrom erzeugen, sage und schreibe 137 Prozent des Gesamtstrombedarfs des K\u00f6nigreichs.<\/p>\n<p>Der d\u00e4nische \u00d6kostromerfolg zeigt aber auch ein zentrales Problem auf: Bl\u00e4st der Wind sehr stark, ist die Produktion hervorragend, ist es windstill, kommt dagegen kaum ein Watt an. Da es nach wie vor an grossen Energiespeichersystemen mangelt, die den zu viel erzeugten Strom vor Ort aufbewahren k\u00f6nnten, geht Energie in Zeiten der \u00dcberproduktion verloren \u2013 und schlechte Erzeugungszeitr\u00e4ume m\u00fcssen auf anderen Wegen ausgeglichen werden.<\/p>\n<p><strong>Weitere Rekordtage in Sicht<\/strong><\/p>\n<p>Der Trend an sich scheint unumkehrbar: Mehr und mehr des europ\u00e4ischen Energiebedarfs wird von den &#8222;Erneuerbaren&#8220; gedeckt \u2013 und das wird so auch wohl weitergehen. Die grossen Investitionen in die Windkraft setzen sich fort. So sollen Hunderte neue Offshore-Turbinen in der Nordsee in den kommenden Jahren errichtet werden und der weiterhin fallende Preis f\u00fcr Solarzellen sorgt f\u00fcr eine zunehmende \u2013 und vor allem profitable \u2013 Nutzung der Sonnenenergie. Es wird also zweifellos weitere Rekordtage geben. (Quelle: TechnologyReview)<\/p>\n<p>&nbsp;<\/p>\n<p>&nbsp;<\/p>\n<p><em>Mehr Aktualit\u00e4ten und Eckdaten zum Schweizer Solar-Sektor finden Sie unter <a href=\"\/\/www.swissolar.ch\">www.swissolar.ch<\/a><\/em><\/p>\n","protected":false},"excerpt":{"rendered":"<p>Im Juni hat man immer hohe Erwartungen an das Sommerwetter. Wirklich &#8222;sch\u00f6n&#8220; war das Wetter in Europa Anfang Juni nicht. Nat\u00fcrlich kam die Sonne ab und zu raus, aber es gab auch viel Regen und ungew\u00f6hnlich starke Winde. Was Freunden von Freiluftaktivit\u00e4ten eher weniger gefiel, war f\u00fcr die Produzenten erneuerbarer Energieformen offenbar ein Segen \u2013 [&hellip;]<\/p>\n","protected":false},"author":5,"featured_media":9514,"comment_status":"open","ping_status":"open","sticky":false,"template":"","format":"standard","meta":{"_acf_changed":false,"_yoast_wpseo_focuskw":"Sommerwetter","_yoast_wpseo_metadesc":"Wirklich \"sch\u00f6n\" war das Wetter in Europa Anfang Juni nicht, trotzdem brachte das Sommerwetter 2017 den einen oder anderen neuen Rekord mit sich.","articlekey":"","footnotes":""},"categories":[580],"tags":[1098,2005,2143],"class_list":["post-10020","post","type-post","status-publish","format-standard","has-post-thumbnail","hentry","category-sustainability","tag-enerneuerbare-energie","tag-rekorde","tag-solarenergie"],"acf":[],"yoast_head":"<!-- This site is optimized with the Yoast SEO plugin v27.4 - https:\/\/yoast.com\/product\/yoast-seo-wordpress\/ -->\n<title>Erneuerbare Energien: Sommerwetter f\u00f6rderte Rekorde - Organisator<\/title>\n<meta name=\"description\" content=\"Wirklich &quot;sch\u00f6n&quot; war das Wetter in Europa Anfang Juni nicht, trotzdem brachte das Sommerwetter 2017 den einen oder anderen neuen Rekord mit sich.\" \/>\n<meta name=\"robots\" content=\"index, follow, max-snippet:-1, max-image-preview:large, max-video-preview:-1\" \/>\n<link rel=\"canonical\" href=\"https:\/\/www.organisator.ch\/de\/sustainability\/2017-10-13\/erneuerbare-energien-sommerwetter-foerderte-rekorde\/\" \/>\n<meta property=\"og:locale\" content=\"de_DE\" \/>\n<meta property=\"og:type\" content=\"article\" \/>\n<meta property=\"og:title\" content=\"Erneuerbare Energien: Sommerwetter f\u00f6rderte Rekorde - Organisator\" \/>\n<meta property=\"og:description\" content=\"Wirklich &quot;sch\u00f6n&quot; war das Wetter in Europa Anfang Juni nicht, trotzdem brachte das Sommerwetter 2017 den einen oder anderen neuen Rekord mit sich.\" \/>\n<meta property=\"og:url\" content=\"https:\/\/www.organisator.ch\/de\/sustainability\/2017-10-13\/erneuerbare-energien-sommerwetter-foerderte-rekorde\/\" \/>\n<meta property=\"og:site_name\" content=\"Organisator\" \/>\n<meta property=\"article:publisher\" content=\"https:\/\/www.facebook.com\/OrganisatorFachmagazin\" \/>\n<meta property=\"article:published_time\" content=\"2017-10-13T07:00:01+00:00\" \/>\n<meta property=\"article:modified_time\" content=\"2022-02-09T10:06:19+00:00\" \/>\n<meta property=\"og:image\" content=\"https:\/\/www.organisator.ch\/wp-content\/uploads\/2017\/10\/Erneuerbare-Energien-Sommerwetter-foerderte-Rekorde-up_umweltperspektiven.jpg\" \/>\n\t<meta property=\"og:image:width\" content=\"600\" \/>\n\t<meta property=\"og:image:height\" content=\"412\" \/>\n\t<meta property=\"og:image:type\" content=\"image\/jpeg\" \/>\n<meta name=\"author\" content=\"michael.merz\" \/>\n<meta name=\"twitter:card\" content=\"summary_large_image\" \/>\n<script type=\"application\/ld+json\" class=\"yoast-schema-graph\">{\"@context\":\"https:\\\/\\\/schema.org\",\"@graph\":[{\"@type\":\"Article\",\"@id\":\"https:\\\/\\\/www.organisator.ch\\\/sustainability\\\/2017-10-13\\\/erneuerbare-energien-sommerwetter-foerderte-rekorde\\\/#article\",\"isPartOf\":{\"@id\":\"https:\\\/\\\/www.organisator.ch\\\/sustainability\\\/2017-10-13\\\/erneuerbare-energien-sommerwetter-foerderte-rekorde\\\/\"},\"author\":{\"name\":\"michael.merz\",\"@id\":\"https:\\\/\\\/www.organisator.ch\\\/#\\\/schema\\\/person\\\/134708ca9321c57b0362cceb7948ffbd\"},\"headline\":\"Erneuerbare Energien: Sommerwetter f\u00f6rderte Rekorde\",\"datePublished\":\"2017-10-13T07:00:01+00:00\",\"dateModified\":\"2022-02-09T10:06:19+00:00\",\"mainEntityOfPage\":{\"@id\":\"https:\\\/\\\/www.organisator.ch\\\/sustainability\\\/2017-10-13\\\/erneuerbare-energien-sommerwetter-foerderte-rekorde\\\/\"},\"wordCount\":451,\"commentCount\":0,\"publisher\":{\"@id\":\"https:\\\/\\\/www.organisator.ch\\\/#organization\"},\"image\":{\"@id\":\"https:\\\/\\\/www.organisator.ch\\\/sustainability\\\/2017-10-13\\\/erneuerbare-energien-sommerwetter-foerderte-rekorde\\\/#primaryimage\"},\"thumbnailUrl\":\"https:\\\/\\\/www.organisator.ch\\\/wp-content\\\/uploads\\\/2017\\\/10\\\/Erneuerbare-Energien-Sommerwetter-foerderte-Rekorde-up_umweltperspektiven.jpg\",\"keywords\":[\"Enerneuerbare Energie\",\"Rekorde\",\"Solarenergie\"],\"articleSection\":[\"SUSTAINABILITY\"],\"inLanguage\":\"de\"},{\"@type\":\"WebPage\",\"@id\":\"https:\\\/\\\/www.organisator.ch\\\/sustainability\\\/2017-10-13\\\/erneuerbare-energien-sommerwetter-foerderte-rekorde\\\/\",\"url\":\"https:\\\/\\\/www.organisator.ch\\\/sustainability\\\/2017-10-13\\\/erneuerbare-energien-sommerwetter-foerderte-rekorde\\\/\",\"name\":\"Erneuerbare Energien: Sommerwetter f\u00f6rderte Rekorde - Organisator\",\"isPartOf\":{\"@id\":\"https:\\\/\\\/www.organisator.ch\\\/#website\"},\"primaryImageOfPage\":{\"@id\":\"https:\\\/\\\/www.organisator.ch\\\/sustainability\\\/2017-10-13\\\/erneuerbare-energien-sommerwetter-foerderte-rekorde\\\/#primaryimage\"},\"image\":{\"@id\":\"https:\\\/\\\/www.organisator.ch\\\/sustainability\\\/2017-10-13\\\/erneuerbare-energien-sommerwetter-foerderte-rekorde\\\/#primaryimage\"},\"thumbnailUrl\":\"https:\\\/\\\/www.organisator.ch\\\/wp-content\\\/uploads\\\/2017\\\/10\\\/Erneuerbare-Energien-Sommerwetter-foerderte-Rekorde-up_umweltperspektiven.jpg\",\"datePublished\":\"2017-10-13T07:00:01+00:00\",\"dateModified\":\"2022-02-09T10:06:19+00:00\",\"description\":\"Wirklich \\\"sch\u00f6n\\\" war das Wetter in Europa Anfang Juni nicht, trotzdem brachte das Sommerwetter 2017 den einen oder anderen neuen Rekord mit sich.\",\"breadcrumb\":{\"@id\":\"https:\\\/\\\/www.organisator.ch\\\/sustainability\\\/2017-10-13\\\/erneuerbare-energien-sommerwetter-foerderte-rekorde\\\/#breadcrumb\"},\"inLanguage\":\"de\",\"potentialAction\":[{\"@type\":\"ReadAction\",\"target\":[\"https:\\\/\\\/www.organisator.ch\\\/sustainability\\\/2017-10-13\\\/erneuerbare-energien-sommerwetter-foerderte-rekorde\\\/\"]}]},{\"@type\":\"ImageObject\",\"inLanguage\":\"de\",\"@id\":\"https:\\\/\\\/www.organisator.ch\\\/sustainability\\\/2017-10-13\\\/erneuerbare-energien-sommerwetter-foerderte-rekorde\\\/#primaryimage\",\"url\":\"https:\\\/\\\/www.organisator.ch\\\/wp-content\\\/uploads\\\/2017\\\/10\\\/Erneuerbare-Energien-Sommerwetter-foerderte-Rekorde-up_umweltperspektiven.jpg\",\"contentUrl\":\"https:\\\/\\\/www.organisator.ch\\\/wp-content\\\/uploads\\\/2017\\\/10\\\/Erneuerbare-Energien-Sommerwetter-foerderte-Rekorde-up_umweltperspektiven.jpg\",\"width\":600,\"height\":412,\"caption\":\"Mehr und mehr des europ\u00e4ischen Energiebedarfs wird von den \\\"Erneuerbaren\\\" gedeckt \u2013 das wird auch in Schweizer Gemeinden so weitergehen. (Bild zVg)\"},{\"@type\":\"BreadcrumbList\",\"@id\":\"https:\\\/\\\/www.organisator.ch\\\/sustainability\\\/2017-10-13\\\/erneuerbare-energien-sommerwetter-foerderte-rekorde\\\/#breadcrumb\",\"itemListElement\":[{\"@type\":\"ListItem\",\"position\":1,\"name\":\"Home\",\"item\":\"https:\\\/\\\/www.organisator.ch\\\/\"},{\"@type\":\"ListItem\",\"position\":2,\"name\":\"Erneuerbare Energien: Sommerwetter f\u00f6rderte Rekorde\"}]},{\"@type\":\"WebSite\",\"@id\":\"https:\\\/\\\/www.organisator.ch\\\/#website\",\"url\":\"https:\\\/\\\/www.organisator.ch\\\/\",\"name\":\"Organisator\",\"description\":\"Kompetent. Praxisnah. Der ORGANISATOR bereitet in 10 Ausgaben pro Jahr die wesentlichen Themen f\u00fcr F\u00fchrungskr\u00e4fte von KMU auf.\",\"publisher\":{\"@id\":\"https:\\\/\\\/www.organisator.ch\\\/#organization\"},\"potentialAction\":[{\"@type\":\"SearchAction\",\"target\":{\"@type\":\"EntryPoint\",\"urlTemplate\":\"https:\\\/\\\/www.organisator.ch\\\/?s={search_term_string}\"},\"query-input\":{\"@type\":\"PropertyValueSpecification\",\"valueRequired\":true,\"valueName\":\"search_term_string\"}}],\"inLanguage\":\"de\"},{\"@type\":\"Organization\",\"@id\":\"https:\\\/\\\/www.organisator.ch\\\/#organization\",\"name\":\"Organisator\",\"url\":\"https:\\\/\\\/www.organisator.ch\\\/\",\"logo\":{\"@type\":\"ImageObject\",\"inLanguage\":\"de\",\"@id\":\"https:\\\/\\\/www.organisator.ch\\\/#\\\/schema\\\/logo\\\/image\\\/\",\"url\":\"https:\\\/\\\/www.organisator.ch\\\/wp-content\\\/uploads\\\/2022\\\/01\\\/Logo_Organisator_Website.png\",\"contentUrl\":\"https:\\\/\\\/www.organisator.ch\\\/wp-content\\\/uploads\\\/2022\\\/01\\\/Logo_Organisator_Website.png\",\"width\":800,\"height\":77,\"caption\":\"Organisator\"},\"image\":{\"@id\":\"https:\\\/\\\/www.organisator.ch\\\/#\\\/schema\\\/logo\\\/image\\\/\"},\"sameAs\":[\"https:\\\/\\\/www.facebook.com\\\/OrganisatorFachmagazin\",\"https:\\\/\\\/www.linkedin.com\\\/showcase\\\/organisator-das-magazin-fr-kmu\",\"https:\\\/\\\/www.xing.com\\\/news\\\/pages\\\/organisator-ch-695\",\"https:\\\/\\\/www.youtube.com\\\/channel\\\/UCGP2Sq0iWaZwT3BdIAQFYpw\"]},{\"@type\":\"Person\",\"@id\":\"https:\\\/\\\/www.organisator.ch\\\/#\\\/schema\\\/person\\\/134708ca9321c57b0362cceb7948ffbd\",\"name\":\"michael.merz\",\"image\":{\"@type\":\"ImageObject\",\"inLanguage\":\"de\",\"@id\":\"https:\\\/\\\/secure.gravatar.com\\\/avatar\\\/?s=96&d=mm&r=g\",\"url\":\"https:\\\/\\\/secure.gravatar.com\\\/avatar\\\/?s=96&d=mm&r=g\",\"contentUrl\":\"https:\\\/\\\/secure.gravatar.com\\\/avatar\\\/?s=96&d=mm&r=g\",\"caption\":\"michael.merz\"},\"url\":\"https:\\\/\\\/www.organisator.ch\\\/de\\\/author\\\/michael-merz\\\/\"}]}<\/script>\n<!-- \/ Yoast SEO plugin. -->","yoast_head_json":{"title":"Erneuerbare Energien: Sommerwetter f\u00f6rderte Rekorde - Organisator","description":"Wirklich \"sch\u00f6n\" war das Wetter in Europa Anfang Juni nicht, trotzdem brachte das Sommerwetter 2017 den einen oder anderen neuen Rekord mit sich.","robots":{"index":"index","follow":"follow","max-snippet":"max-snippet:-1","max-image-preview":"max-image-preview:large","max-video-preview":"max-video-preview:-1"},"canonical":"https:\/\/www.organisator.ch\/de\/sustainability\/2017-10-13\/erneuerbare-energien-sommerwetter-foerderte-rekorde\/","og_locale":"de_DE","og_type":"article","og_title":"Erneuerbare Energien: Sommerwetter f\u00f6rderte Rekorde - Organisator","og_description":"Wirklich \"sch\u00f6n\" war das Wetter in Europa Anfang Juni nicht, trotzdem brachte das Sommerwetter 2017 den einen oder anderen neuen Rekord mit sich.","og_url":"https:\/\/www.organisator.ch\/de\/sustainability\/2017-10-13\/erneuerbare-energien-sommerwetter-foerderte-rekorde\/","og_site_name":"Organisator","article_publisher":"https:\/\/www.facebook.com\/OrganisatorFachmagazin","article_published_time":"2017-10-13T07:00:01+00:00","article_modified_time":"2022-02-09T10:06:19+00:00","og_image":[{"width":600,"height":412,"url":"https:\/\/www.organisator.ch\/wp-content\/uploads\/2017\/10\/Erneuerbare-Energien-Sommerwetter-foerderte-Rekorde-up_umweltperspektiven.jpg","type":"image\/jpeg"}],"author":"michael.merz","twitter_card":"summary_large_image","schema":{"@context":"https:\/\/schema.org","@graph":[{"@type":"Article","@id":"https:\/\/www.organisator.ch\/sustainability\/2017-10-13\/erneuerbare-energien-sommerwetter-foerderte-rekorde\/#article","isPartOf":{"@id":"https:\/\/www.organisator.ch\/sustainability\/2017-10-13\/erneuerbare-energien-sommerwetter-foerderte-rekorde\/"},"author":{"name":"michael.merz","@id":"https:\/\/www.organisator.ch\/#\/schema\/person\/134708ca9321c57b0362cceb7948ffbd"},"headline":"Erneuerbare Energien: Sommerwetter f\u00f6rderte Rekorde","datePublished":"2017-10-13T07:00:01+00:00","dateModified":"2022-02-09T10:06:19+00:00","mainEntityOfPage":{"@id":"https:\/\/www.organisator.ch\/sustainability\/2017-10-13\/erneuerbare-energien-sommerwetter-foerderte-rekorde\/"},"wordCount":451,"commentCount":0,"publisher":{"@id":"https:\/\/www.organisator.ch\/#organization"},"image":{"@id":"https:\/\/www.organisator.ch\/sustainability\/2017-10-13\/erneuerbare-energien-sommerwetter-foerderte-rekorde\/#primaryimage"},"thumbnailUrl":"https:\/\/www.organisator.ch\/wp-content\/uploads\/2017\/10\/Erneuerbare-Energien-Sommerwetter-foerderte-Rekorde-up_umweltperspektiven.jpg","keywords":["Enerneuerbare Energie","Rekorde","Solarenergie"],"articleSection":["SUSTAINABILITY"],"inLanguage":"de"},{"@type":"WebPage","@id":"https:\/\/www.organisator.ch\/sustainability\/2017-10-13\/erneuerbare-energien-sommerwetter-foerderte-rekorde\/","url":"https:\/\/www.organisator.ch\/sustainability\/2017-10-13\/erneuerbare-energien-sommerwetter-foerderte-rekorde\/","name":"Erneuerbare Energien: Sommerwetter f\u00f6rderte Rekorde - Organisator","isPartOf":{"@id":"https:\/\/www.organisator.ch\/#website"},"primaryImageOfPage":{"@id":"https:\/\/www.organisator.ch\/sustainability\/2017-10-13\/erneuerbare-energien-sommerwetter-foerderte-rekorde\/#primaryimage"},"image":{"@id":"https:\/\/www.organisator.ch\/sustainability\/2017-10-13\/erneuerbare-energien-sommerwetter-foerderte-rekorde\/#primaryimage"},"thumbnailUrl":"https:\/\/www.organisator.ch\/wp-content\/uploads\/2017\/10\/Erneuerbare-Energien-Sommerwetter-foerderte-Rekorde-up_umweltperspektiven.jpg","datePublished":"2017-10-13T07:00:01+00:00","dateModified":"2022-02-09T10:06:19+00:00","description":"Wirklich \"sch\u00f6n\" war das Wetter in Europa Anfang Juni nicht, trotzdem brachte das Sommerwetter 2017 den einen oder anderen neuen Rekord mit sich.","breadcrumb":{"@id":"https:\/\/www.organisator.ch\/sustainability\/2017-10-13\/erneuerbare-energien-sommerwetter-foerderte-rekorde\/#breadcrumb"},"inLanguage":"de","potentialAction":[{"@type":"ReadAction","target":["https:\/\/www.organisator.ch\/sustainability\/2017-10-13\/erneuerbare-energien-sommerwetter-foerderte-rekorde\/"]}]},{"@type":"ImageObject","inLanguage":"de","@id":"https:\/\/www.organisator.ch\/sustainability\/2017-10-13\/erneuerbare-energien-sommerwetter-foerderte-rekorde\/#primaryimage","url":"https:\/\/www.organisator.ch\/wp-content\/uploads\/2017\/10\/Erneuerbare-Energien-Sommerwetter-foerderte-Rekorde-up_umweltperspektiven.jpg","contentUrl":"https:\/\/www.organisator.ch\/wp-content\/uploads\/2017\/10\/Erneuerbare-Energien-Sommerwetter-foerderte-Rekorde-up_umweltperspektiven.jpg","width":600,"height":412,"caption":"Mehr und mehr des europ\u00e4ischen Energiebedarfs wird von den \"Erneuerbaren\" gedeckt \u2013 das wird auch in Schweizer Gemeinden so weitergehen. (Bild zVg)"},{"@type":"BreadcrumbList","@id":"https:\/\/www.organisator.ch\/sustainability\/2017-10-13\/erneuerbare-energien-sommerwetter-foerderte-rekorde\/#breadcrumb","itemListElement":[{"@type":"ListItem","position":1,"name":"Home","item":"https:\/\/www.organisator.ch\/"},{"@type":"ListItem","position":2,"name":"Erneuerbare Energien: Sommerwetter f\u00f6rderte Rekorde"}]},{"@type":"WebSite","@id":"https:\/\/www.organisator.ch\/#website","url":"https:\/\/www.organisator.ch\/","name":"Organisator","description":"Kompetent. Praxisnah. Der ORGANISATOR bereitet in 10 Ausgaben pro Jahr die wesentlichen Themen f\u00fcr F\u00fchrungskr\u00e4fte von KMU auf.","publisher":{"@id":"https:\/\/www.organisator.ch\/#organization"},"potentialAction":[{"@type":"SearchAction","target":{"@type":"EntryPoint","urlTemplate":"https:\/\/www.organisator.ch\/?s={search_term_string}"},"query-input":{"@type":"PropertyValueSpecification","valueRequired":true,"valueName":"search_term_string"}}],"inLanguage":"de"},{"@type":"Organization","@id":"https:\/\/www.organisator.ch\/#organization","name":"Organisator","url":"https:\/\/www.organisator.ch\/","logo":{"@type":"ImageObject","inLanguage":"de","@id":"https:\/\/www.organisator.ch\/#\/schema\/logo\/image\/","url":"https:\/\/www.organisator.ch\/wp-content\/uploads\/2022\/01\/Logo_Organisator_Website.png","contentUrl":"https:\/\/www.organisator.ch\/wp-content\/uploads\/2022\/01\/Logo_Organisator_Website.png","width":800,"height":77,"caption":"Organisator"},"image":{"@id":"https:\/\/www.organisator.ch\/#\/schema\/logo\/image\/"},"sameAs":["https:\/\/www.facebook.com\/OrganisatorFachmagazin","https:\/\/www.linkedin.com\/showcase\/organisator-das-magazin-fr-kmu","https:\/\/www.xing.com\/news\/pages\/organisator-ch-695","https:\/\/www.youtube.com\/channel\/UCGP2Sq0iWaZwT3BdIAQFYpw"]},{"@type":"Person","@id":"https:\/\/www.organisator.ch\/#\/schema\/person\/134708ca9321c57b0362cceb7948ffbd","name":"michael.merz","image":{"@type":"ImageObject","inLanguage":"de","@id":"https:\/\/secure.gravatar.com\/avatar\/?s=96&d=mm&r=g","url":"https:\/\/secure.gravatar.com\/avatar\/?s=96&d=mm&r=g","contentUrl":"https:\/\/secure.gravatar.com\/avatar\/?s=96&d=mm&r=g","caption":"michael.merz"},"url":"https:\/\/www.organisator.ch\/de\/author\/michael-merz\/"}]}},"_links":{"self":[{"href":"https:\/\/www.organisator.ch\/de\/wp-json\/wp\/v2\/posts\/10020","targetHints":{"allow":["GET"]}}],"collection":[{"href":"https:\/\/www.organisator.ch\/de\/wp-json\/wp\/v2\/posts"}],"about":[{"href":"https:\/\/www.organisator.ch\/de\/wp-json\/wp\/v2\/types\/post"}],"author":[{"embeddable":true,"href":"https:\/\/www.organisator.ch\/de\/wp-json\/wp\/v2\/users\/5"}],"replies":[{"embeddable":true,"href":"https:\/\/www.organisator.ch\/de\/wp-json\/wp\/v2\/comments?post=10020"}],"version-history":[{"count":1,"href":"https:\/\/www.organisator.ch\/de\/wp-json\/wp\/v2\/posts\/10020\/revisions"}],"predecessor-version":[{"id":10575,"href":"https:\/\/www.organisator.ch\/de\/wp-json\/wp\/v2\/posts\/10020\/revisions\/10575"}],"wp:featuredmedia":[{"embeddable":true,"href":"https:\/\/www.organisator.ch\/de\/wp-json\/wp\/v2\/media\/9514"}],"wp:attachment":[{"href":"https:\/\/www.organisator.ch\/de\/wp-json\/wp\/v2\/media?parent=10020"}],"wp:term":[{"taxonomy":"category","embeddable":true,"href":"https:\/\/www.organisator.ch\/de\/wp-json\/wp\/v2\/categories?post=10020"},{"taxonomy":"post_tag","embeddable":true,"href":"https:\/\/www.organisator.ch\/de\/wp-json\/wp\/v2\/tags?post=10020"}],"curies":[{"name":"wp","href":"https:\/\/api.w.org\/{rel}","templated":true}]}}