{"id":10024,"date":"2017-11-24T17:07:37","date_gmt":"2017-11-24T16:07:37","guid":{"rendered":"https:\/\/www.umweltperspektiven.ch\/?p=1381"},"modified":"2022-02-09T11:06:55","modified_gmt":"2022-02-09T10:06:55","slug":"emmisionshandelssyssteme-schweiz-und-eu-fuer-abkommen","status":"publish","type":"post","link":"https:\/\/www.organisator.ch\/de\/sustainability\/2017-11-24\/emmisionshandelssyssteme-schweiz-und-eu-fuer-abkommen\/","title":{"rendered":"Emmisionshandelssyssteme: Schweiz und EU f\u00fcr Abkommen"},"content":{"rendered":"<figure id=\"attachment_1382\" aria-describedby=\"caption-attachment-1382\" style=\"width: 640px\" class=\"wp-caption alignnone\"><img loading=\"lazy\" decoding=\"async\" class=\"size-full wp-image-1382\" src=\"\/\/www.umweltperspektiven.ch\/wp-content\/uploads\/2017\/11\/Emmisionshandelssyssteme-Schweiz-und-EU-f\u00fcr-Abkommen-up-umweltperspektiven.jpg.png\" alt=\"\" width=\"640\" height=\"426\" \/><figcaption id=\"caption-attachment-1382\" class=\"wp-caption-text\">Vertr\u00e4gt sich der CO2-Emmisisionshandel und eine europaweite Stromregulierung \u00fcberhaupt in einer stets mobilen und wachsenden Bev\u00f6lkerung? (Bild: Unsplash)<\/figcaption><\/figure>\n<p>Die Schweiz ist der erste Drittstaat, der Emissionshandelssysteme der EU bef\u00fcrwortet, erkl\u00e4rte Bundespr\u00e4sidentin und Energieministerin Doris Leuthard (CVP) in Bern. Dies sei f\u00fcr die internationale Klimapolitik ein wichtiger Fortschritt. Dies sieht auch Br\u00fcssel so. F\u00fcr die EU sei es der erste Abschluss dieser Art und zwischen zwei Parteien, die hinter dem Pariser Klimaabkommen st\u00fcnden, teilte die EU-Kommission mit. F\u00fcr die EU sei es ein langfristiges Ziel, Emissionshandelssysteme zu verbinden, um Emissionen zu senken und die Kosten im Kampf gegen den Klimawandel zu verringern.<\/p>\n<p><strong>Schweiz und EU wollen Vorbild sein<\/strong><\/p>\n<p>Die Schweiz und die EU hatten die Gespr\u00e4che \u00fcber eine Verkn\u00fcpfung der Handelssysteme 2010 begonnen und sich im vergangenen Jahr \u00fcber die Kriterien verst\u00e4ndigt. Jetzt bereite man die Verkn\u00fcpfung der Systeme vor. Urspr\u00fcnglich war ein Vertragsschluss f\u00fcr den Januar 2016 vorgesehen, die Annahme der Masseneinwanderungsinitiative hatte dies jedoch verz\u00f6gert.<\/p>\n<p>&#8222;Dies ist ein sehr wichtiger Schritt, um die Kooperation zwischen der EU und der Schweiz in der Klimapolitik zu intensivieren&#8220;, liess sich EU-Klima- und Energiekommissar Arias Canete zitieren. Zu einem Zeitpunkt, wo es wichtige Entwicklungen bei der CO2-Bepreisung in anderen Teilen der Welt gebe, zeige die EU weiter ihre f\u00fchrende Rolle.<\/p>\n<p><strong>Klima-Allianz h\u00e4lt nichts vom Abkommen<\/strong><\/p>\n<p>Kritik an der Einigung zum Emissionshandel gab es von der Klima-Allianz. &#8222;Das EU-Emissionshandelssystem bewirkt keine CO2-Reduktion\u201c, sagte Christian L\u00fcthi, Gesch\u00e4ftsleiter der Klima-Allianz. Denn der Preis f\u00fcr Emissionsrechte liege mit unter zehn Euro je Tonne CO2 zu tief und es sei unwahrscheinlich, dass sich dies bis 2030 \u00e4ndere. Patrick Hofstetter, Leiter Klima &amp; Energie des WWF, kritisierte:<\/p>\n<p>&#8222;Kommt kein CO2-Preissignal bei den betroffenen Firmen an, riskieren diese, Investitionen zu t\u00e4tigen, welche sich als unwirtschaftlich erweisen, sobald wirksame Instrumente eingef\u00fchrt werden m\u00fcssen&#8220;. Greenpeace Schweiz formulierte noch kritischer: &#8222;Das EU-Emissionshandelssystem ist zum wirkungslosen Tummelfeld von H\u00e4ndlern und Industrielobbyisten verkommen&#8220;, sagte Georg Klingler, Greenpeace-Klimaexperte. Mit dem aktuell geplanten Linking schaffe die Schweiz wirkungslose B\u00fcrokratie und verliere an Einfluss.<\/p>\n<p><strong>Stromabkommen l\u00e4sst weiter auf sich warten<\/strong><\/p>\n<p>Juncker und Leuthard res\u00fcmierten in Bern, dass man bei den Dossiers vorangekommen sei. So teilte das EDA mit, dass zu den Dossiers mit Fortschritten auch die institutionellen Fragen geh\u00f6rten. Ein Rahmenabkommen lasse aber noch auf sich warten, denn es seien noch offene Punkte zu kl\u00e4ren. Vor diesem Hintergrund gab es nichts Neues in Sachen Stromabkommen.<\/p>\n<p>Das Rahmenabkommen, das Junker &#8222;eher einen Freundschaftsvertrag&#8220; nennen wollte, solle bis zum Fr\u00fchjahr stehen. Die Dinge w\u00fcrden sich bewegen und zwar in die richtige Richtung. Die von der Schweiz geplante Regelung zur Personenfreiz\u00fcgigkeit begegnet Juncker &#8222;mit Sympathie&#8220;. So stellt denn auch das EDA fest, dass in diesem Jahr eine positive Dynamik in Gang gekommen sei, die zur Wiederaufnahme verschiedener h\u00e4ngiger Dossiers gef\u00fchrt habe.\u00a0 (Quelle: UVEK)<\/p>\n","protected":false},"excerpt":{"rendered":"<p>Die Schweiz ist der erste Drittstaat, der Emissionshandelssysteme der EU bef\u00fcrwortet, erkl\u00e4rte Bundespr\u00e4sidentin und Energieministerin Doris Leuthard (CVP) in Bern. Dies sei f\u00fcr die internationale Klimapolitik ein wichtiger Fortschritt. Dies sieht auch Br\u00fcssel so. F\u00fcr die EU sei es der erste Abschluss dieser Art und zwischen zwei Parteien, die hinter dem Pariser Klimaabkommen st\u00fcnden, teilte [&hellip;]<\/p>\n","protected":false},"author":5,"featured_media":9524,"comment_status":"open","ping_status":"open","sticky":false,"template":"","format":"standard","meta":{"_acf_changed":false,"_yoast_wpseo_focuskw":"Emmisionshandelssyssteme","_yoast_wpseo_metadesc":"Die Schweiz und die EU haben am 23. November 2017 ein Abkommen zur Verkn\u00fcpfung der CO2 Emissionshandelssysteme ver\u00f6ffentlicht.","articlekey":"","footnotes":""},"categories":[580],"tags":[928,1051,1134,2216],"class_list":["post-10024","post","type-post","status-publish","format-standard","has-post-thumbnail","hentry","category-sustainability","tag-co2","tag-emmisionshandel","tag-eu-abkommen","tag-strom"],"acf":[],"yoast_head":"<!-- This site is optimized with the Yoast SEO plugin v27.5 - https:\/\/yoast.com\/product\/yoast-seo-wordpress\/ -->\n<title>Emmisionshandelssyssteme: Schweiz und EU f\u00fcr Abkommen - Organisator<\/title>\n<meta name=\"description\" content=\"Die Schweiz und die EU haben am 23. November 2017 ein Abkommen zur Verkn\u00fcpfung der CO2 Emissionshandelssysteme ver\u00f6ffentlicht.\" \/>\n<meta name=\"robots\" content=\"index, follow, max-snippet:-1, max-image-preview:large, max-video-preview:-1\" \/>\n<link rel=\"canonical\" href=\"https:\/\/www.organisator.ch\/de\/sustainability\/2017-11-24\/emmisionshandelssyssteme-schweiz-und-eu-fuer-abkommen\/\" \/>\n<meta property=\"og:locale\" content=\"de_DE\" \/>\n<meta property=\"og:type\" content=\"article\" \/>\n<meta property=\"og:title\" content=\"Emmisionshandelssyssteme: Schweiz und EU f\u00fcr Abkommen - Organisator\" \/>\n<meta property=\"og:description\" content=\"Die Schweiz und die EU haben am 23. November 2017 ein Abkommen zur Verkn\u00fcpfung der CO2 Emissionshandelssysteme ver\u00f6ffentlicht.\" \/>\n<meta property=\"og:url\" content=\"https:\/\/www.organisator.ch\/de\/sustainability\/2017-11-24\/emmisionshandelssyssteme-schweiz-und-eu-fuer-abkommen\/\" \/>\n<meta property=\"og:site_name\" content=\"Organisator\" \/>\n<meta property=\"article:publisher\" content=\"https:\/\/www.facebook.com\/OrganisatorFachmagazin\" \/>\n<meta property=\"article:published_time\" content=\"2017-11-24T16:07:37+00:00\" \/>\n<meta property=\"article:modified_time\" content=\"2022-02-09T10:06:55+00:00\" \/>\n<meta property=\"og:image\" content=\"https:\/\/www.organisator.ch\/wp-content\/uploads\/2017\/11\/Emmisionshandelssyssteme-Schweiz-und-EU-fuer-Abkommen-up-umweltperspektiven.jpg.png\" \/>\n\t<meta property=\"og:image:width\" content=\"640\" \/>\n\t<meta property=\"og:image:height\" content=\"426\" \/>\n\t<meta property=\"og:image:type\" content=\"image\/png\" \/>\n<meta name=\"author\" content=\"michael.merz\" \/>\n<meta name=\"twitter:card\" content=\"summary_large_image\" \/>\n<script type=\"application\/ld+json\" class=\"yoast-schema-graph\">{\"@context\":\"https:\\\/\\\/schema.org\",\"@graph\":[{\"@type\":\"Article\",\"@id\":\"https:\\\/\\\/www.organisator.ch\\\/sustainability\\\/2017-11-24\\\/emmisionshandelssyssteme-schweiz-und-eu-fuer-abkommen\\\/#article\",\"isPartOf\":{\"@id\":\"https:\\\/\\\/www.organisator.ch\\\/sustainability\\\/2017-11-24\\\/emmisionshandelssyssteme-schweiz-und-eu-fuer-abkommen\\\/\"},\"author\":{\"name\":\"michael.merz\",\"@id\":\"https:\\\/\\\/www.organisator.ch\\\/#\\\/schema\\\/person\\\/134708ca9321c57b0362cceb7948ffbd\"},\"headline\":\"Emmisionshandelssyssteme: Schweiz und EU f\u00fcr Abkommen\",\"datePublished\":\"2017-11-24T16:07:37+00:00\",\"dateModified\":\"2022-02-09T10:06:55+00:00\",\"mainEntityOfPage\":{\"@id\":\"https:\\\/\\\/www.organisator.ch\\\/sustainability\\\/2017-11-24\\\/emmisionshandelssyssteme-schweiz-und-eu-fuer-abkommen\\\/\"},\"wordCount\":503,\"commentCount\":0,\"publisher\":{\"@id\":\"https:\\\/\\\/www.organisator.ch\\\/#organization\"},\"image\":{\"@id\":\"https:\\\/\\\/www.organisator.ch\\\/sustainability\\\/2017-11-24\\\/emmisionshandelssyssteme-schweiz-und-eu-fuer-abkommen\\\/#primaryimage\"},\"thumbnailUrl\":\"https:\\\/\\\/www.organisator.ch\\\/wp-content\\\/uploads\\\/2017\\\/11\\\/Emmisionshandelssyssteme-Schweiz-und-EU-fuer-Abkommen-up-umweltperspektiven.jpg.png\",\"keywords\":[\"CO2\",\"Emmisionshandel\",\"EU-Abkommen\",\"Strom\"],\"articleSection\":[\"SUSTAINABILITY\"],\"inLanguage\":\"de\"},{\"@type\":\"WebPage\",\"@id\":\"https:\\\/\\\/www.organisator.ch\\\/sustainability\\\/2017-11-24\\\/emmisionshandelssyssteme-schweiz-und-eu-fuer-abkommen\\\/\",\"url\":\"https:\\\/\\\/www.organisator.ch\\\/sustainability\\\/2017-11-24\\\/emmisionshandelssyssteme-schweiz-und-eu-fuer-abkommen\\\/\",\"name\":\"Emmisionshandelssyssteme: Schweiz und EU f\u00fcr Abkommen - Organisator\",\"isPartOf\":{\"@id\":\"https:\\\/\\\/www.organisator.ch\\\/#website\"},\"primaryImageOfPage\":{\"@id\":\"https:\\\/\\\/www.organisator.ch\\\/sustainability\\\/2017-11-24\\\/emmisionshandelssyssteme-schweiz-und-eu-fuer-abkommen\\\/#primaryimage\"},\"image\":{\"@id\":\"https:\\\/\\\/www.organisator.ch\\\/sustainability\\\/2017-11-24\\\/emmisionshandelssyssteme-schweiz-und-eu-fuer-abkommen\\\/#primaryimage\"},\"thumbnailUrl\":\"https:\\\/\\\/www.organisator.ch\\\/wp-content\\\/uploads\\\/2017\\\/11\\\/Emmisionshandelssyssteme-Schweiz-und-EU-fuer-Abkommen-up-umweltperspektiven.jpg.png\",\"datePublished\":\"2017-11-24T16:07:37+00:00\",\"dateModified\":\"2022-02-09T10:06:55+00:00\",\"description\":\"Die Schweiz und die EU haben am 23. November 2017 ein Abkommen zur Verkn\u00fcpfung der CO2 Emissionshandelssysteme ver\u00f6ffentlicht.\",\"breadcrumb\":{\"@id\":\"https:\\\/\\\/www.organisator.ch\\\/sustainability\\\/2017-11-24\\\/emmisionshandelssyssteme-schweiz-und-eu-fuer-abkommen\\\/#breadcrumb\"},\"inLanguage\":\"de\",\"potentialAction\":[{\"@type\":\"ReadAction\",\"target\":[\"https:\\\/\\\/www.organisator.ch\\\/sustainability\\\/2017-11-24\\\/emmisionshandelssyssteme-schweiz-und-eu-fuer-abkommen\\\/\"]}]},{\"@type\":\"ImageObject\",\"inLanguage\":\"de\",\"@id\":\"https:\\\/\\\/www.organisator.ch\\\/sustainability\\\/2017-11-24\\\/emmisionshandelssyssteme-schweiz-und-eu-fuer-abkommen\\\/#primaryimage\",\"url\":\"https:\\\/\\\/www.organisator.ch\\\/wp-content\\\/uploads\\\/2017\\\/11\\\/Emmisionshandelssyssteme-Schweiz-und-EU-fuer-Abkommen-up-umweltperspektiven.jpg.png\",\"contentUrl\":\"https:\\\/\\\/www.organisator.ch\\\/wp-content\\\/uploads\\\/2017\\\/11\\\/Emmisionshandelssyssteme-Schweiz-und-EU-fuer-Abkommen-up-umweltperspektiven.jpg.png\",\"width\":640,\"height\":426,\"caption\":\"Vertr\u00e4gt sich der CO2-Emmisisionshandel und eine Stromregulierung \u00fcberhaupt in einer wachsenden Bev\u00f6lkerung? (Bild: Unsplah)\"},{\"@type\":\"BreadcrumbList\",\"@id\":\"https:\\\/\\\/www.organisator.ch\\\/sustainability\\\/2017-11-24\\\/emmisionshandelssyssteme-schweiz-und-eu-fuer-abkommen\\\/#breadcrumb\",\"itemListElement\":[{\"@type\":\"ListItem\",\"position\":1,\"name\":\"Home\",\"item\":\"https:\\\/\\\/www.organisator.ch\\\/\"},{\"@type\":\"ListItem\",\"position\":2,\"name\":\"Emmisionshandelssyssteme: Schweiz und EU f\u00fcr Abkommen\"}]},{\"@type\":\"WebSite\",\"@id\":\"https:\\\/\\\/www.organisator.ch\\\/#website\",\"url\":\"https:\\\/\\\/www.organisator.ch\\\/\",\"name\":\"Organisator\",\"description\":\"Kompetent. Praxisnah. Der ORGANISATOR bereitet in 10 Ausgaben pro Jahr die wesentlichen Themen f\u00fcr F\u00fchrungskr\u00e4fte von KMU auf.\",\"publisher\":{\"@id\":\"https:\\\/\\\/www.organisator.ch\\\/#organization\"},\"potentialAction\":[{\"@type\":\"SearchAction\",\"target\":{\"@type\":\"EntryPoint\",\"urlTemplate\":\"https:\\\/\\\/www.organisator.ch\\\/?s={search_term_string}\"},\"query-input\":{\"@type\":\"PropertyValueSpecification\",\"valueRequired\":true,\"valueName\":\"search_term_string\"}}],\"inLanguage\":\"de\"},{\"@type\":\"Organization\",\"@id\":\"https:\\\/\\\/www.organisator.ch\\\/#organization\",\"name\":\"Organisator\",\"url\":\"https:\\\/\\\/www.organisator.ch\\\/\",\"logo\":{\"@type\":\"ImageObject\",\"inLanguage\":\"de\",\"@id\":\"https:\\\/\\\/www.organisator.ch\\\/#\\\/schema\\\/logo\\\/image\\\/\",\"url\":\"https:\\\/\\\/www.organisator.ch\\\/wp-content\\\/uploads\\\/2022\\\/01\\\/Logo_Organisator_Website.png\",\"contentUrl\":\"https:\\\/\\\/www.organisator.ch\\\/wp-content\\\/uploads\\\/2022\\\/01\\\/Logo_Organisator_Website.png\",\"width\":800,\"height\":77,\"caption\":\"Organisator\"},\"image\":{\"@id\":\"https:\\\/\\\/www.organisator.ch\\\/#\\\/schema\\\/logo\\\/image\\\/\"},\"sameAs\":[\"https:\\\/\\\/www.facebook.com\\\/OrganisatorFachmagazin\",\"https:\\\/\\\/www.linkedin.com\\\/showcase\\\/organisator-das-magazin-fr-kmu\",\"https:\\\/\\\/www.xing.com\\\/news\\\/pages\\\/organisator-ch-695\",\"https:\\\/\\\/www.youtube.com\\\/channel\\\/UCGP2Sq0iWaZwT3BdIAQFYpw\"]},{\"@type\":\"Person\",\"@id\":\"https:\\\/\\\/www.organisator.ch\\\/#\\\/schema\\\/person\\\/134708ca9321c57b0362cceb7948ffbd\",\"name\":\"michael.merz\",\"image\":{\"@type\":\"ImageObject\",\"inLanguage\":\"de\",\"@id\":\"https:\\\/\\\/secure.gravatar.com\\\/avatar\\\/?s=96&d=mm&r=g\",\"url\":\"https:\\\/\\\/secure.gravatar.com\\\/avatar\\\/?s=96&d=mm&r=g\",\"contentUrl\":\"https:\\\/\\\/secure.gravatar.com\\\/avatar\\\/?s=96&d=mm&r=g\",\"caption\":\"michael.merz\"},\"url\":\"https:\\\/\\\/www.organisator.ch\\\/de\\\/author\\\/michael-merz\\\/\"}]}<\/script>\n<!-- \/ Yoast SEO plugin. -->","yoast_head_json":{"title":"Emmisionshandelssyssteme: Schweiz und EU f\u00fcr Abkommen - Organisator","description":"Die Schweiz und die EU haben am 23. November 2017 ein Abkommen zur Verkn\u00fcpfung der CO2 Emissionshandelssysteme ver\u00f6ffentlicht.","robots":{"index":"index","follow":"follow","max-snippet":"max-snippet:-1","max-image-preview":"max-image-preview:large","max-video-preview":"max-video-preview:-1"},"canonical":"https:\/\/www.organisator.ch\/de\/sustainability\/2017-11-24\/emmisionshandelssyssteme-schweiz-und-eu-fuer-abkommen\/","og_locale":"de_DE","og_type":"article","og_title":"Emmisionshandelssyssteme: Schweiz und EU f\u00fcr Abkommen - Organisator","og_description":"Die Schweiz und die EU haben am 23. November 2017 ein Abkommen zur Verkn\u00fcpfung der CO2 Emissionshandelssysteme ver\u00f6ffentlicht.","og_url":"https:\/\/www.organisator.ch\/de\/sustainability\/2017-11-24\/emmisionshandelssyssteme-schweiz-und-eu-fuer-abkommen\/","og_site_name":"Organisator","article_publisher":"https:\/\/www.facebook.com\/OrganisatorFachmagazin","article_published_time":"2017-11-24T16:07:37+00:00","article_modified_time":"2022-02-09T10:06:55+00:00","og_image":[{"width":640,"height":426,"url":"https:\/\/www.organisator.ch\/wp-content\/uploads\/2017\/11\/Emmisionshandelssyssteme-Schweiz-und-EU-fuer-Abkommen-up-umweltperspektiven.jpg.png","type":"image\/png"}],"author":"michael.merz","twitter_card":"summary_large_image","schema":{"@context":"https:\/\/schema.org","@graph":[{"@type":"Article","@id":"https:\/\/www.organisator.ch\/sustainability\/2017-11-24\/emmisionshandelssyssteme-schweiz-und-eu-fuer-abkommen\/#article","isPartOf":{"@id":"https:\/\/www.organisator.ch\/sustainability\/2017-11-24\/emmisionshandelssyssteme-schweiz-und-eu-fuer-abkommen\/"},"author":{"name":"michael.merz","@id":"https:\/\/www.organisator.ch\/#\/schema\/person\/134708ca9321c57b0362cceb7948ffbd"},"headline":"Emmisionshandelssyssteme: Schweiz und EU f\u00fcr Abkommen","datePublished":"2017-11-24T16:07:37+00:00","dateModified":"2022-02-09T10:06:55+00:00","mainEntityOfPage":{"@id":"https:\/\/www.organisator.ch\/sustainability\/2017-11-24\/emmisionshandelssyssteme-schweiz-und-eu-fuer-abkommen\/"},"wordCount":503,"commentCount":0,"publisher":{"@id":"https:\/\/www.organisator.ch\/#organization"},"image":{"@id":"https:\/\/www.organisator.ch\/sustainability\/2017-11-24\/emmisionshandelssyssteme-schweiz-und-eu-fuer-abkommen\/#primaryimage"},"thumbnailUrl":"https:\/\/www.organisator.ch\/wp-content\/uploads\/2017\/11\/Emmisionshandelssyssteme-Schweiz-und-EU-fuer-Abkommen-up-umweltperspektiven.jpg.png","keywords":["CO2","Emmisionshandel","EU-Abkommen","Strom"],"articleSection":["SUSTAINABILITY"],"inLanguage":"de"},{"@type":"WebPage","@id":"https:\/\/www.organisator.ch\/sustainability\/2017-11-24\/emmisionshandelssyssteme-schweiz-und-eu-fuer-abkommen\/","url":"https:\/\/www.organisator.ch\/sustainability\/2017-11-24\/emmisionshandelssyssteme-schweiz-und-eu-fuer-abkommen\/","name":"Emmisionshandelssyssteme: Schweiz und EU f\u00fcr Abkommen - Organisator","isPartOf":{"@id":"https:\/\/www.organisator.ch\/#website"},"primaryImageOfPage":{"@id":"https:\/\/www.organisator.ch\/sustainability\/2017-11-24\/emmisionshandelssyssteme-schweiz-und-eu-fuer-abkommen\/#primaryimage"},"image":{"@id":"https:\/\/www.organisator.ch\/sustainability\/2017-11-24\/emmisionshandelssyssteme-schweiz-und-eu-fuer-abkommen\/#primaryimage"},"thumbnailUrl":"https:\/\/www.organisator.ch\/wp-content\/uploads\/2017\/11\/Emmisionshandelssyssteme-Schweiz-und-EU-fuer-Abkommen-up-umweltperspektiven.jpg.png","datePublished":"2017-11-24T16:07:37+00:00","dateModified":"2022-02-09T10:06:55+00:00","description":"Die Schweiz und die EU haben am 23. November 2017 ein Abkommen zur Verkn\u00fcpfung der CO2 Emissionshandelssysteme ver\u00f6ffentlicht.","breadcrumb":{"@id":"https:\/\/www.organisator.ch\/sustainability\/2017-11-24\/emmisionshandelssyssteme-schweiz-und-eu-fuer-abkommen\/#breadcrumb"},"inLanguage":"de","potentialAction":[{"@type":"ReadAction","target":["https:\/\/www.organisator.ch\/sustainability\/2017-11-24\/emmisionshandelssyssteme-schweiz-und-eu-fuer-abkommen\/"]}]},{"@type":"ImageObject","inLanguage":"de","@id":"https:\/\/www.organisator.ch\/sustainability\/2017-11-24\/emmisionshandelssyssteme-schweiz-und-eu-fuer-abkommen\/#primaryimage","url":"https:\/\/www.organisator.ch\/wp-content\/uploads\/2017\/11\/Emmisionshandelssyssteme-Schweiz-und-EU-fuer-Abkommen-up-umweltperspektiven.jpg.png","contentUrl":"https:\/\/www.organisator.ch\/wp-content\/uploads\/2017\/11\/Emmisionshandelssyssteme-Schweiz-und-EU-fuer-Abkommen-up-umweltperspektiven.jpg.png","width":640,"height":426,"caption":"Vertr\u00e4gt sich der CO2-Emmisisionshandel und eine Stromregulierung \u00fcberhaupt in einer wachsenden Bev\u00f6lkerung? (Bild: Unsplah)"},{"@type":"BreadcrumbList","@id":"https:\/\/www.organisator.ch\/sustainability\/2017-11-24\/emmisionshandelssyssteme-schweiz-und-eu-fuer-abkommen\/#breadcrumb","itemListElement":[{"@type":"ListItem","position":1,"name":"Home","item":"https:\/\/www.organisator.ch\/"},{"@type":"ListItem","position":2,"name":"Emmisionshandelssyssteme: Schweiz und EU f\u00fcr Abkommen"}]},{"@type":"WebSite","@id":"https:\/\/www.organisator.ch\/#website","url":"https:\/\/www.organisator.ch\/","name":"Organisator","description":"Kompetent. Praxisnah. Der ORGANISATOR bereitet in 10 Ausgaben pro Jahr die wesentlichen Themen f\u00fcr F\u00fchrungskr\u00e4fte von KMU auf.","publisher":{"@id":"https:\/\/www.organisator.ch\/#organization"},"potentialAction":[{"@type":"SearchAction","target":{"@type":"EntryPoint","urlTemplate":"https:\/\/www.organisator.ch\/?s={search_term_string}"},"query-input":{"@type":"PropertyValueSpecification","valueRequired":true,"valueName":"search_term_string"}}],"inLanguage":"de"},{"@type":"Organization","@id":"https:\/\/www.organisator.ch\/#organization","name":"Organisator","url":"https:\/\/www.organisator.ch\/","logo":{"@type":"ImageObject","inLanguage":"de","@id":"https:\/\/www.organisator.ch\/#\/schema\/logo\/image\/","url":"https:\/\/www.organisator.ch\/wp-content\/uploads\/2022\/01\/Logo_Organisator_Website.png","contentUrl":"https:\/\/www.organisator.ch\/wp-content\/uploads\/2022\/01\/Logo_Organisator_Website.png","width":800,"height":77,"caption":"Organisator"},"image":{"@id":"https:\/\/www.organisator.ch\/#\/schema\/logo\/image\/"},"sameAs":["https:\/\/www.facebook.com\/OrganisatorFachmagazin","https:\/\/www.linkedin.com\/showcase\/organisator-das-magazin-fr-kmu","https:\/\/www.xing.com\/news\/pages\/organisator-ch-695","https:\/\/www.youtube.com\/channel\/UCGP2Sq0iWaZwT3BdIAQFYpw"]},{"@type":"Person","@id":"https:\/\/www.organisator.ch\/#\/schema\/person\/134708ca9321c57b0362cceb7948ffbd","name":"michael.merz","image":{"@type":"ImageObject","inLanguage":"de","@id":"https:\/\/secure.gravatar.com\/avatar\/?s=96&d=mm&r=g","url":"https:\/\/secure.gravatar.com\/avatar\/?s=96&d=mm&r=g","contentUrl":"https:\/\/secure.gravatar.com\/avatar\/?s=96&d=mm&r=g","caption":"michael.merz"},"url":"https:\/\/www.organisator.ch\/de\/author\/michael-merz\/"}]}},"_links":{"self":[{"href":"https:\/\/www.organisator.ch\/de\/wp-json\/wp\/v2\/posts\/10024","targetHints":{"allow":["GET"]}}],"collection":[{"href":"https:\/\/www.organisator.ch\/de\/wp-json\/wp\/v2\/posts"}],"about":[{"href":"https:\/\/www.organisator.ch\/de\/wp-json\/wp\/v2\/types\/post"}],"author":[{"embeddable":true,"href":"https:\/\/www.organisator.ch\/de\/wp-json\/wp\/v2\/users\/5"}],"replies":[{"embeddable":true,"href":"https:\/\/www.organisator.ch\/de\/wp-json\/wp\/v2\/comments?post=10024"}],"version-history":[{"count":1,"href":"https:\/\/www.organisator.ch\/de\/wp-json\/wp\/v2\/posts\/10024\/revisions"}],"predecessor-version":[{"id":10720,"href":"https:\/\/www.organisator.ch\/de\/wp-json\/wp\/v2\/posts\/10024\/revisions\/10720"}],"wp:featuredmedia":[{"embeddable":true,"href":"https:\/\/www.organisator.ch\/de\/wp-json\/wp\/v2\/media\/9524"}],"wp:attachment":[{"href":"https:\/\/www.organisator.ch\/de\/wp-json\/wp\/v2\/media?parent=10024"}],"wp:term":[{"taxonomy":"category","embeddable":true,"href":"https:\/\/www.organisator.ch\/de\/wp-json\/wp\/v2\/categories?post=10024"},{"taxonomy":"post_tag","embeddable":true,"href":"https:\/\/www.organisator.ch\/de\/wp-json\/wp\/v2\/tags?post=10024"}],"curies":[{"name":"wp","href":"https:\/\/api.w.org\/{rel}","templated":true}]}}