{"id":10032,"date":"2018-02-20T07:00:42","date_gmt":"2018-02-20T06:00:42","guid":{"rendered":"https:\/\/www.umweltperspektiven.ch\/?p=1523"},"modified":"2018-02-20T07:00:42","modified_gmt":"2018-02-20T06:00:42","slug":"biomarkt-schweiz-hatte-2016-weltweit-hoechsten-pro-kopf-verbrauch","status":"publish","type":"post","link":"https:\/\/www.organisator.ch\/de\/allgemein\/2018-02-20\/biomarkt-schweiz-hatte-2016-weltweit-hoechsten-pro-kopf-verbrauch\/","title":{"rendered":"Biomarkt &#8211; Schweiz hatte 2016 weltweit h\u00f6chsten Pro-Kopf-Verbrauch"},"content":{"rendered":"<div class=\"news_image\">\n<figure id=\"attachment_1524\" aria-describedby=\"caption-attachment-1524\" style=\"width: 680px\" class=\"wp-caption alignnone\"><img loading=\"lazy\" decoding=\"async\" class=\"size-medium wp-image-1524\" src=\"\/\/www.umweltperspektiven.ch\/wp-content\/uploads\/2018\/02\/csm_europa_infografik_umsatz_einzelhandel_83f72aaf6e.png\" alt=\"\" width=\"680\" height=\"510\" \/><figcaption id=\"caption-attachment-1524\" class=\"wp-caption-text\">Die Schweiz hat 2016 europa- und weltweit den h\u00f6chsten Pro-Kopf-Bioverbrauch. (Quelle: fibl.org)<\/figcaption><\/figure>\n<p>Auch im Jahr 2016 brach der europ\u00e4ische Biomarkt Rekorde, unter anderem indem das Fl\u00e4chenwachstum erweitert wurde.<\/p>\n<\/div>\n<div class=\"tt_news_single\">\n<h2>Fast 14 Millionen Hektar werden biologisch bewirtschaftet \u2013 Spanien hat die gr\u00f6sste Biofl\u00e4che<\/h2>\n<p>2016 wurden in Europa 13,5 Millionen Hektar biologisch bewirtschaftet (Europ\u00e4ische Union: 12,1 Millionen Hektar). Mit mehr als 2 Millionen Hektar ist Spanien nach wie vor das Land mit der gr\u00f6ssten Biofl\u00e4che in Europa, gefolgt von Italien (1,8 Millionen Hektar) und Frankreich (1,5 Millionen Hektar).<\/p>\n<h2>Biolandwirtschaftsfl\u00e4che um fast eine Million Hektar ausgeweitet<\/h2>\n<p>Die Biofl\u00e4che nahm in Europa und in der Europ\u00e4ischen Union um fast eine Million Hektar zu, was einem Zuwachs von 6,7 Prozent in Europa und 8,2 Prozent in der Europ\u00e4ischen Union entspricht. Das Wachstum war h\u00f6her als im Jahr 2015 und deutlich h\u00f6her als in den ersten Jahren des laufenden Jahrzehnts. Im Jahr 2016 verzeichnete Italien \u00fcber 300&#8217;000 Hektar mehr als im Jahr 2015 und Frankreich \u00fcber 200&#8217;000 Hektar mehr.<\/p>\n<h2>Liechtenstein hat den h\u00f6chsten Bioanteil weltweit<\/h2>\n<p>Die Biofl\u00e4che macht in Europa 2,7 Prozent der gesamten landwirtschaftlichen Nutzfl\u00e4che und in der Europ\u00e4ischen Union 6,7 Prozent aus. In Europa (und weltweit) weist Liechtenstein mit 37,7 Prozent den h\u00f6chsten Bioanteil an der landwirtschaftlichen Nutzfl\u00e4che auf, gefolgt von \u00d6sterreich, dem Land in der Europ\u00e4ischen Union mit dem h\u00f6chsten Bioanteil. Neun europ\u00e4ische L\u00e4nder gaben an, dass mindestens 10 Prozent ihrer Landwirtschaftsfl\u00e4che biologisch bewirtschaftet wird.<\/p>\n<h2>\u00dcber 370\u2018000 Bioproduzenten<\/h2>\n<p>In Europa gab es mehr als 370&#8217;000 Bioproduzenten und in der Europ\u00e4ischen Union fast 300&#8217;000. Die T\u00fcrkei ist das Land mit den meisten Betrieben (fast 68&#8217;000). Die Anzahl der Produzenten in Europa wuchs 2016 um 7 Prozent (10 Prozent in der EU).<\/p>\n<h2>Starkes Wachstum bei Verarbeitern und Importeuren<\/h2>\n<p>Es gab fast 66&#8217;000 Bioverarbeiter in Europa und knapp 63&#8217;000 in der Europ\u00e4ischen Union. Fast 4&#8217;700 Importeure wurden in Europa gez\u00e4hlt und fast 4&#8217;000 in der Europ\u00e4ischen Union. Ein besonders starkes Wachstum verzeichneten die Importeure, die sowohl in Europa als auch in der Europ\u00e4ischen Union zweistellig zulegten. Das Land mit der gr\u00f6ssten Anzahl an Verarbeitern war Italien (fast 17&#8217;000), w\u00e4hrend Deutschland die meisten Importeure aufwies (fast 1&#8217;600).<\/p>\n<h2>Einzelhandelsums\u00e4tze \u00fcberschreiten in der Europ\u00e4ischen Union die 30-Milliarden-Euro-Marke<\/h2>\n<p>Die Einzelhandelsums\u00e4tze in Europa beliefen sich auf 33,5 Milliarden Euro (30,7 Milliarden Euro in der Europ\u00e4ischen Union). Die Europ\u00e4ische Union stellt nach den Vereinigten Staaten den zweitgr\u00f6ssten Binnenmarkt f\u00fcr Bioprodukte in der Welt dar.<\/p>\n<h2>Zweistellige Wachstumsraten der Einzelhandelsums\u00e4tze im Jahr 2016<\/h2>\n<p>Der europ\u00e4ische Markt verzeichnete ein Wachstum rund 11,4 Prozent (Europ\u00e4ische Union: 12 Prozent), womit die Einzelhandelsums\u00e4tze zum zweiten Mal seit der Finanzkrise zweistellig gewachsen sind.<\/p>\n<h2>Europ\u00e4ische Verbraucher geben mehr f\u00fcr biologische Lebensmittel aus<\/h2>\n<p>In Europa gaben die Verbraucher pro Person 41 Euro f\u00fcr Biolebensmittel aus (Europ\u00e4ische Union: 61 Euro). Die Pro-Kopf-Verbraucherausgaben f\u00fcr Biolebensmittel haben sich in den letzten zehn Jahren verdoppelt. Die Schweizer gaben am meisten f\u00fcr Biolebensmittel aus (274 Euro pro Kopf).<\/p>\n<h2>Biomarktanteile n\u00e4hern sich in einigen L\u00e4ndern der Zehn-Prozent-Marke<\/h2>\n<p>Weltweit hat der Biolebensmittelabsatz in den europ\u00e4ischen L\u00e4ndern den h\u00f6chsten Anteil am jeweiligen Lebensmittelmarkt. D\u00e4nemark hat mit 9,7 Prozent den h\u00f6chsten Bioanteil weltweit. Einzelne Produkte und Produktgruppen haben sogar noch h\u00f6here Anteile. Bio-Eier beispielsweise machen in mehreren L\u00e4ndern mehr als 20 Prozent des Wertes aller verkauften Eier aus.<\/p>\n<p>Die Erhebung zum biologischen Landbau in Europa wird von FiBL und AMI durchgef\u00fchrt. Die FiBL-Datenerhebung\u00a0 erfolgte im Rahmen der globalen Erhebung zum biologischen Landbau, welche vom Staatssekretariat f\u00fcr Wirtschaft (SECO), dem internationalen Handelszentrum (International Trade Centre ITC), der N\u00fcrnbergMesse und IFOAM &#8211; Organics International unterst\u00fctzt wird.<\/p>\n<p><strong>Links:<\/strong><\/p>\n<ul>\n<li><a href=\"\/\/organic-world.net\/yearbook.html\">organic-world.net\/yearbook.html<\/a>: <a class=\"external-link-new-window in2extendlinks in2extendlinks--external\" title=\"Opens internal link in current window \" href=\"\/\/w.w.organic-world.net\/yearbook.html\" target=\"_blank\" rel=\"noopener\">Jahrbuch &#8222;The World of Organic Agriculture&#8220;<\/a><\/li>\n<li><a href=\"\/\/fibl.org\">fibl.org<\/a>: <a class=\"external-link-new-window in2extendlinks in2extendlinks--external\" title=\"Opens internal link in current window \" href=\"\/\/www.fibl.org\" target=\"_blank\" rel=\"noopener\">Website des Forschungsinstituts f\u00fcr biologischen Landbau FiBL<\/a><\/li>\n<li><a href=\"\/\/ami-informiert.de\">ami-informiert.de<\/a>: <a class=\"external-link-new-window in2extendlinks in2extendlinks--external\" title=\"Opens internal link in current window \" href=\"\/\/www.ami-informiert.de\" target=\"_blank\" rel=\"noopener\">Website der Agrarmarkt Informations-Gesellschaft mbH (AMI)<\/a><\/li>\n<li><a href=\"\/\/ifoam-eu.org\">ifoam-eu.org<\/a>: <a class=\"external-link-new-window in2extendlinks in2extendlinks--external\" title=\"Opens internal link in current window \" href=\"\/\/www.ifoam-eu.org\/\" target=\"_blank\" rel=\"noopener\">Website der IFOAM-EU-Gruppe<\/a><\/li>\n<li><a href=\"\/\/biofach.de\">biofach.de<\/a>: <a class=\"external-link-new-window in2extendlinks in2extendlinks--external\" title=\"Opens internal link in current window \" href=\"\/\/www.biofach.de\/\" target=\"_blank\" rel=\"noopener\">Website der BIOFACH<\/a><\/li>\n<\/ul>\n<\/div>\n","protected":false},"excerpt":{"rendered":"<p>Auch im Jahr 2016 brach der europ\u00e4ische Biomarkt Rekorde, unter anderem indem das Fl\u00e4chenwachstum erweitert wurde. Fast 14 Millionen Hektar werden biologisch bewirtschaftet \u2013 Spanien hat die gr\u00f6sste Biofl\u00e4che 2016 wurden in Europa 13,5 Millionen Hektar biologisch bewirtschaftet (Europ\u00e4ische Union: 12,1 Millionen Hektar). Mit mehr als 2 Millionen Hektar ist Spanien nach wie vor das [&hellip;]<\/p>\n","protected":false},"author":5,"featured_media":9538,"comment_status":"open","ping_status":"open","sticky":false,"template":"","format":"standard","meta":{"_acf_changed":false,"_yoast_wpseo_focuskw":"Biomarkt","_yoast_wpseo_metadesc":"Die Erhebung zum europ\u00e4ischen Biomarkt, sprich biologischen Landbau in Europa, wird von FiBL und AMI f\u00fcrs SECO und andere Organisationen durchgef\u00fchrt.","articlekey":"","footnotes":""},"categories":[1],"tags":[819,833,842],"class_list":["post-10032","post","type-post","status-publish","format-standard","has-post-thumbnail","hentry","category-allgemein","tag-bio","tag-bioflaeche","tag-biomarkt"],"acf":[],"yoast_head":"<!-- This site is optimized with the Yoast SEO plugin v27.5 - https:\/\/yoast.com\/product\/yoast-seo-wordpress\/ -->\n<title>Biomarkt - Schweiz hatte 2016 weltweit h\u00f6chsten Pro-Kopf-Verbrauch - Organisator<\/title>\n<meta name=\"description\" content=\"Die Erhebung zum europ\u00e4ischen Biomarkt, sprich biologischen Landbau in Europa, wird von FiBL und AMI f\u00fcrs SECO und andere Organisationen durchgef\u00fchrt.\" \/>\n<meta name=\"robots\" content=\"index, follow, max-snippet:-1, max-image-preview:large, max-video-preview:-1\" \/>\n<link rel=\"canonical\" href=\"https:\/\/www.organisator.ch\/de\/allgemein\/2018-02-20\/biomarkt-schweiz-hatte-2016-weltweit-hoechsten-pro-kopf-verbrauch\/\" \/>\n<meta property=\"og:locale\" content=\"de_DE\" \/>\n<meta property=\"og:type\" content=\"article\" \/>\n<meta property=\"og:title\" content=\"Biomarkt - Schweiz hatte 2016 weltweit h\u00f6chsten Pro-Kopf-Verbrauch\" \/>\n<meta property=\"og:description\" content=\"Die Erhebung zum europ\u00e4ischen Biomarkt, sprich biologischen Landbau in Europa, wird von FiBL und AMI f\u00fcrs SECO und andere Organisationen durchgef\u00fchrt.\" \/>\n<meta property=\"og:url\" content=\"https:\/\/www.organisator.ch\/de\/allgemein\/2018-02-20\/biomarkt-schweiz-hatte-2016-weltweit-hoechsten-pro-kopf-verbrauch\/\" \/>\n<meta property=\"og:site_name\" content=\"Organisator\" \/>\n<meta property=\"article:publisher\" content=\"https:\/\/www.facebook.com\/OrganisatorFachmagazin\" \/>\n<meta property=\"article:published_time\" content=\"2018-02-20T06:00:42+00:00\" \/>\n<meta property=\"og:image\" content=\"https:\/\/www.organisator.ch\/wp-content\/uploads\/2018\/02\/csm_europa_infografik_umsatz_einzelhandel_83f72aaf6e.png\" \/>\n\t<meta property=\"og:image:width\" content=\"800\" \/>\n\t<meta property=\"og:image:height\" content=\"600\" \/>\n\t<meta property=\"og:image:type\" content=\"image\/png\" \/>\n<meta name=\"author\" content=\"michael.merz\" \/>\n<meta name=\"twitter:card\" content=\"summary_large_image\" \/>\n<script type=\"application\/ld+json\" class=\"yoast-schema-graph\">{\"@context\":\"https:\\\/\\\/schema.org\",\"@graph\":[{\"@type\":\"Article\",\"@id\":\"https:\\\/\\\/www.organisator.ch\\\/fr\\\/general\\\/2018-02-20\\\/biomarkt-schweiz-hatte-2016-weltweit-hoechsten-pro-kopf-verbrauch\\\/#article\",\"isPartOf\":{\"@id\":\"https:\\\/\\\/www.organisator.ch\\\/fr\\\/general\\\/2018-02-20\\\/biomarkt-schweiz-hatte-2016-weltweit-hoechsten-pro-kopf-verbrauch\\\/\"},\"author\":{\"name\":\"michael.merz\",\"@id\":\"https:\\\/\\\/www.organisator.ch\\\/#\\\/schema\\\/person\\\/134708ca9321c57b0362cceb7948ffbd\"},\"headline\":\"Biomarkt &#8211; Schweiz hatte 2016 weltweit h\u00f6chsten Pro-Kopf-Verbrauch\",\"datePublished\":\"2018-02-20T06:00:42+00:00\",\"mainEntityOfPage\":{\"@id\":\"https:\\\/\\\/www.organisator.ch\\\/fr\\\/general\\\/2018-02-20\\\/biomarkt-schweiz-hatte-2016-weltweit-hoechsten-pro-kopf-verbrauch\\\/\"},\"wordCount\":647,\"commentCount\":0,\"publisher\":{\"@id\":\"https:\\\/\\\/www.organisator.ch\\\/#organization\"},\"image\":{\"@id\":\"https:\\\/\\\/www.organisator.ch\\\/fr\\\/general\\\/2018-02-20\\\/biomarkt-schweiz-hatte-2016-weltweit-hoechsten-pro-kopf-verbrauch\\\/#primaryimage\"},\"thumbnailUrl\":\"https:\\\/\\\/www.organisator.ch\\\/wp-content\\\/uploads\\\/2018\\\/02\\\/csm_europa_infografik_umsatz_einzelhandel_83f72aaf6e.png\",\"keywords\":[\"Bio\",\"Biofl\u00e4che\",\"Biomarkt\"],\"inLanguage\":\"de\"},{\"@type\":\"WebPage\",\"@id\":\"https:\\\/\\\/www.organisator.ch\\\/fr\\\/general\\\/2018-02-20\\\/biomarkt-schweiz-hatte-2016-weltweit-hoechsten-pro-kopf-verbrauch\\\/\",\"url\":\"https:\\\/\\\/www.organisator.ch\\\/fr\\\/general\\\/2018-02-20\\\/biomarkt-schweiz-hatte-2016-weltweit-hoechsten-pro-kopf-verbrauch\\\/\",\"name\":\"Biomarkt - Schweiz hatte 2016 weltweit h\u00f6chsten Pro-Kopf-Verbrauch - Organisator\",\"isPartOf\":{\"@id\":\"https:\\\/\\\/www.organisator.ch\\\/#website\"},\"primaryImageOfPage\":{\"@id\":\"https:\\\/\\\/www.organisator.ch\\\/fr\\\/general\\\/2018-02-20\\\/biomarkt-schweiz-hatte-2016-weltweit-hoechsten-pro-kopf-verbrauch\\\/#primaryimage\"},\"image\":{\"@id\":\"https:\\\/\\\/www.organisator.ch\\\/fr\\\/general\\\/2018-02-20\\\/biomarkt-schweiz-hatte-2016-weltweit-hoechsten-pro-kopf-verbrauch\\\/#primaryimage\"},\"thumbnailUrl\":\"https:\\\/\\\/www.organisator.ch\\\/wp-content\\\/uploads\\\/2018\\\/02\\\/csm_europa_infografik_umsatz_einzelhandel_83f72aaf6e.png\",\"datePublished\":\"2018-02-20T06:00:42+00:00\",\"description\":\"Die Erhebung zum europ\u00e4ischen Biomarkt, sprich biologischen Landbau in Europa, wird von FiBL und AMI f\u00fcrs SECO und andere Organisationen durchgef\u00fchrt.\",\"breadcrumb\":{\"@id\":\"https:\\\/\\\/www.organisator.ch\\\/fr\\\/general\\\/2018-02-20\\\/biomarkt-schweiz-hatte-2016-weltweit-hoechsten-pro-kopf-verbrauch\\\/#breadcrumb\"},\"inLanguage\":\"de\",\"potentialAction\":[{\"@type\":\"ReadAction\",\"target\":[\"https:\\\/\\\/www.organisator.ch\\\/fr\\\/general\\\/2018-02-20\\\/biomarkt-schweiz-hatte-2016-weltweit-hoechsten-pro-kopf-verbrauch\\\/\"]}]},{\"@type\":\"ImageObject\",\"inLanguage\":\"de\",\"@id\":\"https:\\\/\\\/www.organisator.ch\\\/fr\\\/general\\\/2018-02-20\\\/biomarkt-schweiz-hatte-2016-weltweit-hoechsten-pro-kopf-verbrauch\\\/#primaryimage\",\"url\":\"https:\\\/\\\/www.organisator.ch\\\/wp-content\\\/uploads\\\/2018\\\/02\\\/csm_europa_infografik_umsatz_einzelhandel_83f72aaf6e.png\",\"contentUrl\":\"https:\\\/\\\/www.organisator.ch\\\/wp-content\\\/uploads\\\/2018\\\/02\\\/csm_europa_infografik_umsatz_einzelhandel_83f72aaf6e.png\",\"width\":800,\"height\":600,\"caption\":\"Die Schweiz hat 2016 europa- und weltweit den h\u00f6chsten Pro-Kopf-Bioverbrauch. (Quelle: fibl.org)\"},{\"@type\":\"BreadcrumbList\",\"@id\":\"https:\\\/\\\/www.organisator.ch\\\/fr\\\/general\\\/2018-02-20\\\/biomarkt-schweiz-hatte-2016-weltweit-hoechsten-pro-kopf-verbrauch\\\/#breadcrumb\",\"itemListElement\":[{\"@type\":\"ListItem\",\"position\":1,\"name\":\"Home\",\"item\":\"https:\\\/\\\/www.organisator.ch\\\/\"},{\"@type\":\"ListItem\",\"position\":2,\"name\":\"Biomarkt &#8211; Schweiz hatte 2016 weltweit h\u00f6chsten Pro-Kopf-Verbrauch\"}]},{\"@type\":\"WebSite\",\"@id\":\"https:\\\/\\\/www.organisator.ch\\\/#website\",\"url\":\"https:\\\/\\\/www.organisator.ch\\\/\",\"name\":\"Organisator\",\"description\":\"Kompetent. Praxisnah. Der ORGANISATOR bereitet in 10 Ausgaben pro Jahr die wesentlichen Themen f\u00fcr F\u00fchrungskr\u00e4fte von KMU auf.\",\"publisher\":{\"@id\":\"https:\\\/\\\/www.organisator.ch\\\/#organization\"},\"potentialAction\":[{\"@type\":\"SearchAction\",\"target\":{\"@type\":\"EntryPoint\",\"urlTemplate\":\"https:\\\/\\\/www.organisator.ch\\\/?s={search_term_string}\"},\"query-input\":{\"@type\":\"PropertyValueSpecification\",\"valueRequired\":true,\"valueName\":\"search_term_string\"}}],\"inLanguage\":\"de\"},{\"@type\":\"Organization\",\"@id\":\"https:\\\/\\\/www.organisator.ch\\\/#organization\",\"name\":\"Organisator\",\"url\":\"https:\\\/\\\/www.organisator.ch\\\/\",\"logo\":{\"@type\":\"ImageObject\",\"inLanguage\":\"de\",\"@id\":\"https:\\\/\\\/www.organisator.ch\\\/#\\\/schema\\\/logo\\\/image\\\/\",\"url\":\"https:\\\/\\\/www.organisator.ch\\\/wp-content\\\/uploads\\\/2022\\\/01\\\/Logo_Organisator_Website.png\",\"contentUrl\":\"https:\\\/\\\/www.organisator.ch\\\/wp-content\\\/uploads\\\/2022\\\/01\\\/Logo_Organisator_Website.png\",\"width\":800,\"height\":77,\"caption\":\"Organisator\"},\"image\":{\"@id\":\"https:\\\/\\\/www.organisator.ch\\\/#\\\/schema\\\/logo\\\/image\\\/\"},\"sameAs\":[\"https:\\\/\\\/www.facebook.com\\\/OrganisatorFachmagazin\",\"https:\\\/\\\/www.linkedin.com\\\/showcase\\\/organisator-das-magazin-fr-kmu\",\"https:\\\/\\\/www.xing.com\\\/news\\\/pages\\\/organisator-ch-695\",\"https:\\\/\\\/www.youtube.com\\\/channel\\\/UCGP2Sq0iWaZwT3BdIAQFYpw\"]},{\"@type\":\"Person\",\"@id\":\"https:\\\/\\\/www.organisator.ch\\\/#\\\/schema\\\/person\\\/134708ca9321c57b0362cceb7948ffbd\",\"name\":\"michael.merz\",\"image\":{\"@type\":\"ImageObject\",\"inLanguage\":\"de\",\"@id\":\"https:\\\/\\\/secure.gravatar.com\\\/avatar\\\/?s=96&d=mm&r=g\",\"url\":\"https:\\\/\\\/secure.gravatar.com\\\/avatar\\\/?s=96&d=mm&r=g\",\"contentUrl\":\"https:\\\/\\\/secure.gravatar.com\\\/avatar\\\/?s=96&d=mm&r=g\",\"caption\":\"michael.merz\"},\"url\":\"https:\\\/\\\/www.organisator.ch\\\/de\\\/author\\\/michael-merz\\\/\"}]}<\/script>\n<!-- \/ Yoast SEO plugin. -->","yoast_head_json":{"title":"Biomarkt - Schweiz hatte 2016 weltweit h\u00f6chsten Pro-Kopf-Verbrauch - Organisator","description":"Die Erhebung zum europ\u00e4ischen Biomarkt, sprich biologischen Landbau in Europa, wird von FiBL und AMI f\u00fcrs SECO und andere Organisationen durchgef\u00fchrt.","robots":{"index":"index","follow":"follow","max-snippet":"max-snippet:-1","max-image-preview":"max-image-preview:large","max-video-preview":"max-video-preview:-1"},"canonical":"https:\/\/www.organisator.ch\/de\/allgemein\/2018-02-20\/biomarkt-schweiz-hatte-2016-weltweit-hoechsten-pro-kopf-verbrauch\/","og_locale":"de_DE","og_type":"article","og_title":"Biomarkt - Schweiz hatte 2016 weltweit h\u00f6chsten Pro-Kopf-Verbrauch","og_description":"Die Erhebung zum europ\u00e4ischen Biomarkt, sprich biologischen Landbau in Europa, wird von FiBL und AMI f\u00fcrs SECO und andere Organisationen durchgef\u00fchrt.","og_url":"https:\/\/www.organisator.ch\/de\/allgemein\/2018-02-20\/biomarkt-schweiz-hatte-2016-weltweit-hoechsten-pro-kopf-verbrauch\/","og_site_name":"Organisator","article_publisher":"https:\/\/www.facebook.com\/OrganisatorFachmagazin","article_published_time":"2018-02-20T06:00:42+00:00","og_image":[{"width":800,"height":600,"url":"https:\/\/www.organisator.ch\/wp-content\/uploads\/2018\/02\/csm_europa_infografik_umsatz_einzelhandel_83f72aaf6e.png","type":"image\/png"}],"author":"michael.merz","twitter_card":"summary_large_image","schema":{"@context":"https:\/\/schema.org","@graph":[{"@type":"Article","@id":"https:\/\/www.organisator.ch\/fr\/general\/2018-02-20\/biomarkt-schweiz-hatte-2016-weltweit-hoechsten-pro-kopf-verbrauch\/#article","isPartOf":{"@id":"https:\/\/www.organisator.ch\/fr\/general\/2018-02-20\/biomarkt-schweiz-hatte-2016-weltweit-hoechsten-pro-kopf-verbrauch\/"},"author":{"name":"michael.merz","@id":"https:\/\/www.organisator.ch\/#\/schema\/person\/134708ca9321c57b0362cceb7948ffbd"},"headline":"Biomarkt &#8211; Schweiz hatte 2016 weltweit h\u00f6chsten Pro-Kopf-Verbrauch","datePublished":"2018-02-20T06:00:42+00:00","mainEntityOfPage":{"@id":"https:\/\/www.organisator.ch\/fr\/general\/2018-02-20\/biomarkt-schweiz-hatte-2016-weltweit-hoechsten-pro-kopf-verbrauch\/"},"wordCount":647,"commentCount":0,"publisher":{"@id":"https:\/\/www.organisator.ch\/#organization"},"image":{"@id":"https:\/\/www.organisator.ch\/fr\/general\/2018-02-20\/biomarkt-schweiz-hatte-2016-weltweit-hoechsten-pro-kopf-verbrauch\/#primaryimage"},"thumbnailUrl":"https:\/\/www.organisator.ch\/wp-content\/uploads\/2018\/02\/csm_europa_infografik_umsatz_einzelhandel_83f72aaf6e.png","keywords":["Bio","Biofl\u00e4che","Biomarkt"],"inLanguage":"de"},{"@type":"WebPage","@id":"https:\/\/www.organisator.ch\/fr\/general\/2018-02-20\/biomarkt-schweiz-hatte-2016-weltweit-hoechsten-pro-kopf-verbrauch\/","url":"https:\/\/www.organisator.ch\/fr\/general\/2018-02-20\/biomarkt-schweiz-hatte-2016-weltweit-hoechsten-pro-kopf-verbrauch\/","name":"Biomarkt - Schweiz hatte 2016 weltweit h\u00f6chsten Pro-Kopf-Verbrauch - Organisator","isPartOf":{"@id":"https:\/\/www.organisator.ch\/#website"},"primaryImageOfPage":{"@id":"https:\/\/www.organisator.ch\/fr\/general\/2018-02-20\/biomarkt-schweiz-hatte-2016-weltweit-hoechsten-pro-kopf-verbrauch\/#primaryimage"},"image":{"@id":"https:\/\/www.organisator.ch\/fr\/general\/2018-02-20\/biomarkt-schweiz-hatte-2016-weltweit-hoechsten-pro-kopf-verbrauch\/#primaryimage"},"thumbnailUrl":"https:\/\/www.organisator.ch\/wp-content\/uploads\/2018\/02\/csm_europa_infografik_umsatz_einzelhandel_83f72aaf6e.png","datePublished":"2018-02-20T06:00:42+00:00","description":"Die Erhebung zum europ\u00e4ischen Biomarkt, sprich biologischen Landbau in Europa, wird von FiBL und AMI f\u00fcrs SECO und andere Organisationen durchgef\u00fchrt.","breadcrumb":{"@id":"https:\/\/www.organisator.ch\/fr\/general\/2018-02-20\/biomarkt-schweiz-hatte-2016-weltweit-hoechsten-pro-kopf-verbrauch\/#breadcrumb"},"inLanguage":"de","potentialAction":[{"@type":"ReadAction","target":["https:\/\/www.organisator.ch\/fr\/general\/2018-02-20\/biomarkt-schweiz-hatte-2016-weltweit-hoechsten-pro-kopf-verbrauch\/"]}]},{"@type":"ImageObject","inLanguage":"de","@id":"https:\/\/www.organisator.ch\/fr\/general\/2018-02-20\/biomarkt-schweiz-hatte-2016-weltweit-hoechsten-pro-kopf-verbrauch\/#primaryimage","url":"https:\/\/www.organisator.ch\/wp-content\/uploads\/2018\/02\/csm_europa_infografik_umsatz_einzelhandel_83f72aaf6e.png","contentUrl":"https:\/\/www.organisator.ch\/wp-content\/uploads\/2018\/02\/csm_europa_infografik_umsatz_einzelhandel_83f72aaf6e.png","width":800,"height":600,"caption":"Die Schweiz hat 2016 europa- und weltweit den h\u00f6chsten Pro-Kopf-Bioverbrauch. (Quelle: fibl.org)"},{"@type":"BreadcrumbList","@id":"https:\/\/www.organisator.ch\/fr\/general\/2018-02-20\/biomarkt-schweiz-hatte-2016-weltweit-hoechsten-pro-kopf-verbrauch\/#breadcrumb","itemListElement":[{"@type":"ListItem","position":1,"name":"Home","item":"https:\/\/www.organisator.ch\/"},{"@type":"ListItem","position":2,"name":"Biomarkt &#8211; Schweiz hatte 2016 weltweit h\u00f6chsten Pro-Kopf-Verbrauch"}]},{"@type":"WebSite","@id":"https:\/\/www.organisator.ch\/#website","url":"https:\/\/www.organisator.ch\/","name":"Organisator","description":"Kompetent. Praxisnah. Der ORGANISATOR bereitet in 10 Ausgaben pro Jahr die wesentlichen Themen f\u00fcr F\u00fchrungskr\u00e4fte von KMU auf.","publisher":{"@id":"https:\/\/www.organisator.ch\/#organization"},"potentialAction":[{"@type":"SearchAction","target":{"@type":"EntryPoint","urlTemplate":"https:\/\/www.organisator.ch\/?s={search_term_string}"},"query-input":{"@type":"PropertyValueSpecification","valueRequired":true,"valueName":"search_term_string"}}],"inLanguage":"de"},{"@type":"Organization","@id":"https:\/\/www.organisator.ch\/#organization","name":"Organisator","url":"https:\/\/www.organisator.ch\/","logo":{"@type":"ImageObject","inLanguage":"de","@id":"https:\/\/www.organisator.ch\/#\/schema\/logo\/image\/","url":"https:\/\/www.organisator.ch\/wp-content\/uploads\/2022\/01\/Logo_Organisator_Website.png","contentUrl":"https:\/\/www.organisator.ch\/wp-content\/uploads\/2022\/01\/Logo_Organisator_Website.png","width":800,"height":77,"caption":"Organisator"},"image":{"@id":"https:\/\/www.organisator.ch\/#\/schema\/logo\/image\/"},"sameAs":["https:\/\/www.facebook.com\/OrganisatorFachmagazin","https:\/\/www.linkedin.com\/showcase\/organisator-das-magazin-fr-kmu","https:\/\/www.xing.com\/news\/pages\/organisator-ch-695","https:\/\/www.youtube.com\/channel\/UCGP2Sq0iWaZwT3BdIAQFYpw"]},{"@type":"Person","@id":"https:\/\/www.organisator.ch\/#\/schema\/person\/134708ca9321c57b0362cceb7948ffbd","name":"michael.merz","image":{"@type":"ImageObject","inLanguage":"de","@id":"https:\/\/secure.gravatar.com\/avatar\/?s=96&d=mm&r=g","url":"https:\/\/secure.gravatar.com\/avatar\/?s=96&d=mm&r=g","contentUrl":"https:\/\/secure.gravatar.com\/avatar\/?s=96&d=mm&r=g","caption":"michael.merz"},"url":"https:\/\/www.organisator.ch\/de\/author\/michael-merz\/"}]}},"_links":{"self":[{"href":"https:\/\/www.organisator.ch\/de\/wp-json\/wp\/v2\/posts\/10032","targetHints":{"allow":["GET"]}}],"collection":[{"href":"https:\/\/www.organisator.ch\/de\/wp-json\/wp\/v2\/posts"}],"about":[{"href":"https:\/\/www.organisator.ch\/de\/wp-json\/wp\/v2\/types\/post"}],"author":[{"embeddable":true,"href":"https:\/\/www.organisator.ch\/de\/wp-json\/wp\/v2\/users\/5"}],"replies":[{"embeddable":true,"href":"https:\/\/www.organisator.ch\/de\/wp-json\/wp\/v2\/comments?post=10032"}],"version-history":[{"count":0,"href":"https:\/\/www.organisator.ch\/de\/wp-json\/wp\/v2\/posts\/10032\/revisions"}],"wp:featuredmedia":[{"embeddable":true,"href":"https:\/\/www.organisator.ch\/de\/wp-json\/wp\/v2\/media\/9538"}],"wp:attachment":[{"href":"https:\/\/www.organisator.ch\/de\/wp-json\/wp\/v2\/media?parent=10032"}],"wp:term":[{"taxonomy":"category","embeddable":true,"href":"https:\/\/www.organisator.ch\/de\/wp-json\/wp\/v2\/categories?post=10032"},{"taxonomy":"post_tag","embeddable":true,"href":"https:\/\/www.organisator.ch\/de\/wp-json\/wp\/v2\/tags?post=10032"}],"curies":[{"name":"wp","href":"https:\/\/api.w.org\/{rel}","templated":true}]}}