{"id":10035,"date":"2018-02-27T12:49:34","date_gmt":"2018-02-27T11:49:34","guid":{"rendered":"https:\/\/www.umweltperspektiven.ch\/?p=1550"},"modified":"2018-02-27T12:49:34","modified_gmt":"2018-02-27T11:49:34","slug":"waerme-initative-schweiz","status":"publish","type":"post","link":"https:\/\/www.organisator.ch\/de\/allgemein\/2018-02-27\/waerme-initative-schweiz\/","title":{"rendered":"W\u00e4rme Initative Schweiz"},"content":{"rendered":"<figure id=\"attachment_1551\" aria-describedby=\"caption-attachment-1551\" style=\"width: 680px\" class=\"wp-caption alignnone\"><img loading=\"lazy\" decoding=\"async\" class=\"size-medium wp-image-1551\" src=\"\/\/www.umweltperspektiven.ch\/wp-content\/uploads\/2018\/03\/W\u00e4rme-Initative-Schweiz-up-UmweltPerspektiven.jpg\" alt=\"\" width=\"680\" height=\"453\" \/><figcaption id=\"caption-attachment-1551\" class=\"wp-caption-text\">Es gibt noch viel zu tun, wurde am Kick-off-Meeting der &#8222;W\u00e4rme Iniative Schweiz&#8220; Ende Januar 2018 in Z\u00fcrich festgehalten. (Bild: depositphotos)<\/figcaption><\/figure>\n<p>Die Allianz-Mitglieder der &#8222;W\u00e4rme Iniative Schweiz&#8220; sind sich einig: Mit der Abstimmung zur Energiestrategie 2050 am 21. Mai 2017 ist das Ziel einer zukunftsf\u00e4higen und auf erneuerbaren Energien beruhenden Energieversorgung noch nicht erreicht.<\/p>\n<p><strong>Ziele und Vision<br \/>\n<\/strong>Der W\u00e4rmeverbrauch hat neben der Mobilit\u00e4t den gr\u00f6ssten Anteil in der Schweiz am Energiebedarf. 45 Prozent des Energieverbrauches werden f\u00fcr Raumw\u00e4rme und Warmwasseraufbereitung aufgewendet. Der Schweizer Geb\u00e4udepark verschlingt rund 100 TWh pro Jahr und ist damit 50 Prozent aller CO<sub>2<\/sub>-Emissionen verantwortlich. Von diesem Bedarf fallen 75 Prozent auf das Heizen. Aktuell werden davon 50 Prozent durch Heiz\u00f6l und 25 Prozent durch Erdgas abgedeckt (alle Zahlen Sch\u00e4tzwerte des BFE f\u00fcr den Zeitraum 2010-2015). Die Vision des BFE ist es, diesen Verbrauch bis zum Jahr 2050 auf 55 TWh pro Jahr zu reduzieren. Zudem soll (mit allf\u00e4lligen Ausnahmen) kein Heiz\u00f6l, Erdgas oder Strom f\u00fcr den direkten Verbrauch zum Heizen eingesetzt werden. Fernw\u00e4rmenetze sollen bis 2025 zu \u00fcber 80 Prozent aus Abw\u00e4rme oder erneuerbaren Energien gespiesen werden. Mit erneuerbaren Energien soll bis 2050 ganzj\u00e4hrig eine m\u00f6glichst grosse Abdeckung des Eigenbedarfs erzielt werden. Netze sollen Energie nicht nur abgeben, sondern je nach dezentraler Produktion auch aufnehmen k\u00f6nnen.<\/p>\n<p><strong>Der Weg ist noch weit<br \/>\n<\/strong>Obwohl sich seit 1990 der Anteil der erneuerbaren Energien im W\u00e4rmesektor f\u00fcr Haushalte verdoppelt hat, betr\u00e4gt deren Anteil am Gesamtverbrauch immer noch nur 17.6 Prozent. Dies obwohl die notwendigen Technologien bereits vorhanden und auch etabliert sind. Die Geothermie bildet hier einen wichtigen Eckpfeiler. Um die Energieversorgung zukunftsf\u00e4hig zu machen, muss dringend gehandelt werden. Mit der Allianz \u00abW\u00e4rme Initiative Schweiz\u00bb b\u00fcndeln sich die Kr\u00e4fte aus Wirtschaft, Verb\u00e4nden und Wissenschaft, um die gew\u00fcnschten Ziele und Massnahmen zur erneuerbaren und effizienten W\u00e4rme- und K\u00e4lteversorgung im k\u00fcnftigen total revidierten CO<sub>2<\/sub>-Gesetz, dem Raumplanungsgesetz und \u00fcber die Mustervorschriften der Kantone im Energiebereich (MuKEn) zu verankern. Hierf\u00fcr sind passende politische Rahmenbedingungen und eine aktive Marktbearbeitung n\u00f6tig.<\/p>\n<p><strong>Die Zeit ist reif<br \/>\n<\/strong>Die Zeit ist reif, mit der \u00abW\u00e4rme Initiative Schweiz\u00bb die Schaffung der n\u00f6tigen Rahmenbedingungen zu forcieren. Die Beratung zur Revision des CO<sub>2<\/sub>-Gesetzes haben in der vorberatenden Kommission des Nationalrats begonnen. Die MuKEn 2014 sind aktuell in den Kantonen Bern, Graub\u00fcnden, Luzern und Solothurn in der Umsetzung, die Botschaft zur Revision des Raumplanungsgesetzes erfolgt 2018. Die erneuerbare W\u00e4rmeversorgung ist nicht nur m\u00f6glich, sondern auch wirtschaftlicher.<\/p>\n<p><strong>&#8222;W\u00e4rme Initiative Schweiz&#8220;<br \/>\n<\/strong>Die Ziele der &#8222;W\u00e4rme Initiative Schweiz&#8220; sind im Einzelnen:<\/p>\n<ul>\n<li><em>B\u00fcndelung der Kr\u00e4fte der erneuerbaren und effizienten W\u00e4rmewirtschaft<\/em><\/li>\n<li><em>Sp\u00fcrbare Impulse f\u00fcr Politik, Gesellschaft, Anwender<\/em><\/li>\n<li><em>Ber\u00fccksichtigung der Anliegen in den relevanten Gesetzen und Verordnungen<\/em><\/li>\n<li><em>Nutzung der Revision des CO<sub>2<\/sub>-Gesetzes, Umsetzung der MuKEn und Revision des Raumplanungsgesetzes als Chance f\u00fcr eine Sensibilisierung und (politische) Aufwertung der W\u00e4rmeenergie<\/em><\/li>\n<li><em>Optimierung der politischen Rahmenbedingungen\/Spielregeln im W\u00e4rmemarkt Schweiz<\/em><\/li>\n<li><em>Einsatz f\u00fcr einen nachhaltigen Durchbruch der erneuerbaren W\u00e4rmeerzeugung und effizienten W\u00e4rmenutzung<\/em><\/li>\n<li><em>Wesentlicher Beitrag zur Umsetzung der Energiestrategie und dem Erreichen der Klimaziele<\/em><\/li>\n<\/ul>\n<p>Die &#8222;W\u00e4rme Initiative Schweiz&#8220; wird unter dem Dach der AEE Suisse ein gemeinsames Commitment erarbeiten. Im Kick-off Meeting vom 25. Januar 2018 wurde ein erstes Commitment der Teilnehmer abgegeben und die Grundlagen, Ziele und To Dos definiert. An einer weiteren Sitzung soll das Commitment der Allianz finalisiert und die Ziele der \u00abW\u00e4rme initiative Schweiz\u00bb festgehalten werden. Es wird eine W\u00e4rmestrategie erarbeitet und ein Aktionsprogramm ins Leben gerufen. Geothermie-Schweiz wird sich engagieren. Die Geothermie hat ein enormes Potenzial f\u00fcr die effiziente Versorgung mit erneuerbarer W\u00e4rme und K\u00e4lte. (Quelle: geothermie-schweiz.ch)<\/p>\n<p><a href=\"\/\/geothermie-schweiz.ch\">http:\/\/geothermie-schweiz.ch<\/a><\/p>\n","protected":false},"excerpt":{"rendered":"<p>Die Allianz-Mitglieder der &#8222;W\u00e4rme Iniative Schweiz&#8220; sind sich einig: Mit der Abstimmung zur Energiestrategie 2050 am 21. Mai 2017 ist das Ziel einer zukunftsf\u00e4higen und auf erneuerbaren Energien beruhenden Energieversorgung noch nicht erreicht. Ziele und Vision Der W\u00e4rmeverbrauch hat neben der Mobilit\u00e4t den gr\u00f6ssten Anteil in der Schweiz am Energiebedarf. 45 Prozent des Energieverbrauches werden [&hellip;]<\/p>\n","protected":false},"author":5,"featured_media":9541,"comment_status":"open","ping_status":"open","sticky":false,"template":"","format":"standard","meta":{"_acf_changed":false,"_yoast_wpseo_focuskw":"W\u00e4rme Initiative Schweiz","_yoast_wpseo_metadesc":"Akteure aus Wirtschaft, Verb\u00e4nden, Wissenschaft und Verwaltung trafen sich auf Einladung der AEE Suisse zum Kick-off Meeting der \"W\u00e4rme Initiative Schweiz\".","articlekey":"","footnotes":""},"categories":[1],"tags":[1086,2507,2511],"class_list":["post-10035","post","type-post","status-publish","format-standard","has-post-thumbnail","hentry","category-allgemein","tag-energiestrategie","tag-waere-initative-schweiz","tag-waermewirtschaft"],"acf":[],"yoast_head":"<!-- This site is optimized with the Yoast SEO plugin v27.5 - https:\/\/yoast.com\/product\/yoast-seo-wordpress\/ -->\n<title>W\u00e4rme Initative Schweiz - Organisator<\/title>\n<meta name=\"description\" content=\"Akteure aus Wirtschaft, Verb\u00e4nden, Wissenschaft und Verwaltung trafen sich auf Einladung der AEE Suisse zum Kick-off Meeting der &quot;W\u00e4rme Initiative Schweiz&quot;.\" \/>\n<meta name=\"robots\" content=\"index, follow, max-snippet:-1, max-image-preview:large, max-video-preview:-1\" \/>\n<link rel=\"canonical\" href=\"https:\/\/www.organisator.ch\/de\/allgemein\/2018-02-27\/waerme-initative-schweiz\/\" \/>\n<meta property=\"og:locale\" content=\"de_DE\" \/>\n<meta property=\"og:type\" content=\"article\" \/>\n<meta property=\"og:title\" content=\"W\u00e4rme Initative Schweiz\" \/>\n<meta property=\"og:description\" content=\"Akteure aus Wirtschaft, Verb\u00e4nden, Wissenschaft und Verwaltung trafen sich auf Einladung der AEE Suisse zum Kick-off Meeting der &quot;W\u00e4rme Initiative Schweiz&quot;.\" \/>\n<meta property=\"og:url\" content=\"https:\/\/www.organisator.ch\/de\/allgemein\/2018-02-27\/waerme-initative-schweiz\/\" \/>\n<meta property=\"og:site_name\" content=\"Organisator\" \/>\n<meta property=\"article:publisher\" content=\"https:\/\/www.facebook.com\/OrganisatorFachmagazin\" \/>\n<meta property=\"article:published_time\" content=\"2018-02-27T11:49:34+00:00\" \/>\n<meta property=\"og:image\" content=\"https:\/\/www.organisator.ch\/wp-content\/uploads\/2018\/03\/Waerme-Initative-Schweiz-up-UmweltPerspektiven-1024x682.jpg\" \/>\n\t<meta property=\"og:image:width\" content=\"1024\" \/>\n\t<meta property=\"og:image:height\" content=\"682\" \/>\n\t<meta property=\"og:image:type\" content=\"image\/jpeg\" \/>\n<meta name=\"author\" content=\"michael.merz\" \/>\n<meta name=\"twitter:card\" content=\"summary_large_image\" \/>\n<script type=\"application\/ld+json\" class=\"yoast-schema-graph\">{\"@context\":\"https:\\\/\\\/schema.org\",\"@graph\":[{\"@type\":\"Article\",\"@id\":\"https:\\\/\\\/www.organisator.ch\\\/en\\\/general\\\/2018-02-27\\\/waerme-initative-schweiz\\\/#article\",\"isPartOf\":{\"@id\":\"https:\\\/\\\/www.organisator.ch\\\/en\\\/general\\\/2018-02-27\\\/waerme-initative-schweiz\\\/\"},\"author\":{\"name\":\"michael.merz\",\"@id\":\"https:\\\/\\\/www.organisator.ch\\\/#\\\/schema\\\/person\\\/134708ca9321c57b0362cceb7948ffbd\"},\"headline\":\"W\u00e4rme Initative Schweiz\",\"datePublished\":\"2018-02-27T11:49:34+00:00\",\"mainEntityOfPage\":{\"@id\":\"https:\\\/\\\/www.organisator.ch\\\/en\\\/general\\\/2018-02-27\\\/waerme-initative-schweiz\\\/\"},\"wordCount\":625,\"commentCount\":0,\"publisher\":{\"@id\":\"https:\\\/\\\/www.organisator.ch\\\/#organization\"},\"image\":{\"@id\":\"https:\\\/\\\/www.organisator.ch\\\/en\\\/general\\\/2018-02-27\\\/waerme-initative-schweiz\\\/#primaryimage\"},\"thumbnailUrl\":\"https:\\\/\\\/www.organisator.ch\\\/wp-content\\\/uploads\\\/2018\\\/03\\\/Waerme-Initative-Schweiz-up-UmweltPerspektiven.jpg\",\"keywords\":[\"Energiestrategie\",\"W\u00e4re Initative Schweiz\",\"W\u00e4rmewirtschaft\"],\"inLanguage\":\"de\"},{\"@type\":\"WebPage\",\"@id\":\"https:\\\/\\\/www.organisator.ch\\\/en\\\/general\\\/2018-02-27\\\/waerme-initative-schweiz\\\/\",\"url\":\"https:\\\/\\\/www.organisator.ch\\\/en\\\/general\\\/2018-02-27\\\/waerme-initative-schweiz\\\/\",\"name\":\"W\u00e4rme Initative Schweiz - Organisator\",\"isPartOf\":{\"@id\":\"https:\\\/\\\/www.organisator.ch\\\/#website\"},\"primaryImageOfPage\":{\"@id\":\"https:\\\/\\\/www.organisator.ch\\\/en\\\/general\\\/2018-02-27\\\/waerme-initative-schweiz\\\/#primaryimage\"},\"image\":{\"@id\":\"https:\\\/\\\/www.organisator.ch\\\/en\\\/general\\\/2018-02-27\\\/waerme-initative-schweiz\\\/#primaryimage\"},\"thumbnailUrl\":\"https:\\\/\\\/www.organisator.ch\\\/wp-content\\\/uploads\\\/2018\\\/03\\\/Waerme-Initative-Schweiz-up-UmweltPerspektiven.jpg\",\"datePublished\":\"2018-02-27T11:49:34+00:00\",\"description\":\"Akteure aus Wirtschaft, Verb\u00e4nden, Wissenschaft und Verwaltung trafen sich auf Einladung der AEE Suisse zum Kick-off Meeting der \\\"W\u00e4rme Initiative Schweiz\\\".\",\"breadcrumb\":{\"@id\":\"https:\\\/\\\/www.organisator.ch\\\/en\\\/general\\\/2018-02-27\\\/waerme-initative-schweiz\\\/#breadcrumb\"},\"inLanguage\":\"de\",\"potentialAction\":[{\"@type\":\"ReadAction\",\"target\":[\"https:\\\/\\\/www.organisator.ch\\\/en\\\/general\\\/2018-02-27\\\/waerme-initative-schweiz\\\/\"]}]},{\"@type\":\"ImageObject\",\"inLanguage\":\"de\",\"@id\":\"https:\\\/\\\/www.organisator.ch\\\/en\\\/general\\\/2018-02-27\\\/waerme-initative-schweiz\\\/#primaryimage\",\"url\":\"https:\\\/\\\/www.organisator.ch\\\/wp-content\\\/uploads\\\/2018\\\/03\\\/Waerme-Initative-Schweiz-up-UmweltPerspektiven.jpg\",\"contentUrl\":\"https:\\\/\\\/www.organisator.ch\\\/wp-content\\\/uploads\\\/2018\\\/03\\\/Waerme-Initative-Schweiz-up-UmweltPerspektiven.jpg\",\"width\":2000,\"height\":1333,\"caption\":\"Es gibt noch viel zu tun, wurde am Kick-off-Meeting der \\\"W\u00e4rme Iniative Schweiz\\\" Ende Januar 2018 in Z\u00fcrich festgehalten. (Bild: depositphotos)\"},{\"@type\":\"BreadcrumbList\",\"@id\":\"https:\\\/\\\/www.organisator.ch\\\/en\\\/general\\\/2018-02-27\\\/waerme-initative-schweiz\\\/#breadcrumb\",\"itemListElement\":[{\"@type\":\"ListItem\",\"position\":1,\"name\":\"Home\",\"item\":\"https:\\\/\\\/www.organisator.ch\\\/\"},{\"@type\":\"ListItem\",\"position\":2,\"name\":\"W\u00e4rme Initative Schweiz\"}]},{\"@type\":\"WebSite\",\"@id\":\"https:\\\/\\\/www.organisator.ch\\\/#website\",\"url\":\"https:\\\/\\\/www.organisator.ch\\\/\",\"name\":\"Organisator\",\"description\":\"Kompetent. Praxisnah. Der ORGANISATOR bereitet in 10 Ausgaben pro Jahr die wesentlichen Themen f\u00fcr F\u00fchrungskr\u00e4fte von KMU auf.\",\"publisher\":{\"@id\":\"https:\\\/\\\/www.organisator.ch\\\/#organization\"},\"potentialAction\":[{\"@type\":\"SearchAction\",\"target\":{\"@type\":\"EntryPoint\",\"urlTemplate\":\"https:\\\/\\\/www.organisator.ch\\\/?s={search_term_string}\"},\"query-input\":{\"@type\":\"PropertyValueSpecification\",\"valueRequired\":true,\"valueName\":\"search_term_string\"}}],\"inLanguage\":\"de\"},{\"@type\":\"Organization\",\"@id\":\"https:\\\/\\\/www.organisator.ch\\\/#organization\",\"name\":\"Organisator\",\"url\":\"https:\\\/\\\/www.organisator.ch\\\/\",\"logo\":{\"@type\":\"ImageObject\",\"inLanguage\":\"de\",\"@id\":\"https:\\\/\\\/www.organisator.ch\\\/#\\\/schema\\\/logo\\\/image\\\/\",\"url\":\"https:\\\/\\\/www.organisator.ch\\\/wp-content\\\/uploads\\\/2022\\\/01\\\/Logo_Organisator_Website.png\",\"contentUrl\":\"https:\\\/\\\/www.organisator.ch\\\/wp-content\\\/uploads\\\/2022\\\/01\\\/Logo_Organisator_Website.png\",\"width\":800,\"height\":77,\"caption\":\"Organisator\"},\"image\":{\"@id\":\"https:\\\/\\\/www.organisator.ch\\\/#\\\/schema\\\/logo\\\/image\\\/\"},\"sameAs\":[\"https:\\\/\\\/www.facebook.com\\\/OrganisatorFachmagazin\",\"https:\\\/\\\/www.linkedin.com\\\/showcase\\\/organisator-das-magazin-fr-kmu\",\"https:\\\/\\\/www.xing.com\\\/news\\\/pages\\\/organisator-ch-695\",\"https:\\\/\\\/www.youtube.com\\\/channel\\\/UCGP2Sq0iWaZwT3BdIAQFYpw\"]},{\"@type\":\"Person\",\"@id\":\"https:\\\/\\\/www.organisator.ch\\\/#\\\/schema\\\/person\\\/134708ca9321c57b0362cceb7948ffbd\",\"name\":\"michael.merz\",\"image\":{\"@type\":\"ImageObject\",\"inLanguage\":\"de\",\"@id\":\"https:\\\/\\\/secure.gravatar.com\\\/avatar\\\/?s=96&d=mm&r=g\",\"url\":\"https:\\\/\\\/secure.gravatar.com\\\/avatar\\\/?s=96&d=mm&r=g\",\"contentUrl\":\"https:\\\/\\\/secure.gravatar.com\\\/avatar\\\/?s=96&d=mm&r=g\",\"caption\":\"michael.merz\"},\"url\":\"https:\\\/\\\/www.organisator.ch\\\/de\\\/author\\\/michael-merz\\\/\"}]}<\/script>\n<!-- \/ Yoast SEO plugin. -->","yoast_head_json":{"title":"W\u00e4rme Initative Schweiz - Organisator","description":"Akteure aus Wirtschaft, Verb\u00e4nden, Wissenschaft und Verwaltung trafen sich auf Einladung der AEE Suisse zum Kick-off Meeting der \"W\u00e4rme Initiative Schweiz\".","robots":{"index":"index","follow":"follow","max-snippet":"max-snippet:-1","max-image-preview":"max-image-preview:large","max-video-preview":"max-video-preview:-1"},"canonical":"https:\/\/www.organisator.ch\/de\/allgemein\/2018-02-27\/waerme-initative-schweiz\/","og_locale":"de_DE","og_type":"article","og_title":"W\u00e4rme Initative Schweiz","og_description":"Akteure aus Wirtschaft, Verb\u00e4nden, Wissenschaft und Verwaltung trafen sich auf Einladung der AEE Suisse zum Kick-off Meeting der \"W\u00e4rme Initiative Schweiz\".","og_url":"https:\/\/www.organisator.ch\/de\/allgemein\/2018-02-27\/waerme-initative-schweiz\/","og_site_name":"Organisator","article_publisher":"https:\/\/www.facebook.com\/OrganisatorFachmagazin","article_published_time":"2018-02-27T11:49:34+00:00","og_image":[{"width":1024,"height":682,"url":"https:\/\/www.organisator.ch\/wp-content\/uploads\/2018\/03\/Waerme-Initative-Schweiz-up-UmweltPerspektiven-1024x682.jpg","type":"image\/jpeg"}],"author":"michael.merz","twitter_card":"summary_large_image","schema":{"@context":"https:\/\/schema.org","@graph":[{"@type":"Article","@id":"https:\/\/www.organisator.ch\/en\/general\/2018-02-27\/waerme-initative-schweiz\/#article","isPartOf":{"@id":"https:\/\/www.organisator.ch\/en\/general\/2018-02-27\/waerme-initative-schweiz\/"},"author":{"name":"michael.merz","@id":"https:\/\/www.organisator.ch\/#\/schema\/person\/134708ca9321c57b0362cceb7948ffbd"},"headline":"W\u00e4rme Initative Schweiz","datePublished":"2018-02-27T11:49:34+00:00","mainEntityOfPage":{"@id":"https:\/\/www.organisator.ch\/en\/general\/2018-02-27\/waerme-initative-schweiz\/"},"wordCount":625,"commentCount":0,"publisher":{"@id":"https:\/\/www.organisator.ch\/#organization"},"image":{"@id":"https:\/\/www.organisator.ch\/en\/general\/2018-02-27\/waerme-initative-schweiz\/#primaryimage"},"thumbnailUrl":"https:\/\/www.organisator.ch\/wp-content\/uploads\/2018\/03\/Waerme-Initative-Schweiz-up-UmweltPerspektiven.jpg","keywords":["Energiestrategie","W\u00e4re Initative Schweiz","W\u00e4rmewirtschaft"],"inLanguage":"de"},{"@type":"WebPage","@id":"https:\/\/www.organisator.ch\/en\/general\/2018-02-27\/waerme-initative-schweiz\/","url":"https:\/\/www.organisator.ch\/en\/general\/2018-02-27\/waerme-initative-schweiz\/","name":"W\u00e4rme Initative Schweiz - Organisator","isPartOf":{"@id":"https:\/\/www.organisator.ch\/#website"},"primaryImageOfPage":{"@id":"https:\/\/www.organisator.ch\/en\/general\/2018-02-27\/waerme-initative-schweiz\/#primaryimage"},"image":{"@id":"https:\/\/www.organisator.ch\/en\/general\/2018-02-27\/waerme-initative-schweiz\/#primaryimage"},"thumbnailUrl":"https:\/\/www.organisator.ch\/wp-content\/uploads\/2018\/03\/Waerme-Initative-Schweiz-up-UmweltPerspektiven.jpg","datePublished":"2018-02-27T11:49:34+00:00","description":"Akteure aus Wirtschaft, Verb\u00e4nden, Wissenschaft und Verwaltung trafen sich auf Einladung der AEE Suisse zum Kick-off Meeting der \"W\u00e4rme Initiative Schweiz\".","breadcrumb":{"@id":"https:\/\/www.organisator.ch\/en\/general\/2018-02-27\/waerme-initative-schweiz\/#breadcrumb"},"inLanguage":"de","potentialAction":[{"@type":"ReadAction","target":["https:\/\/www.organisator.ch\/en\/general\/2018-02-27\/waerme-initative-schweiz\/"]}]},{"@type":"ImageObject","inLanguage":"de","@id":"https:\/\/www.organisator.ch\/en\/general\/2018-02-27\/waerme-initative-schweiz\/#primaryimage","url":"https:\/\/www.organisator.ch\/wp-content\/uploads\/2018\/03\/Waerme-Initative-Schweiz-up-UmweltPerspektiven.jpg","contentUrl":"https:\/\/www.organisator.ch\/wp-content\/uploads\/2018\/03\/Waerme-Initative-Schweiz-up-UmweltPerspektiven.jpg","width":2000,"height":1333,"caption":"Es gibt noch viel zu tun, wurde am Kick-off-Meeting der \"W\u00e4rme Iniative Schweiz\" Ende Januar 2018 in Z\u00fcrich festgehalten. (Bild: depositphotos)"},{"@type":"BreadcrumbList","@id":"https:\/\/www.organisator.ch\/en\/general\/2018-02-27\/waerme-initative-schweiz\/#breadcrumb","itemListElement":[{"@type":"ListItem","position":1,"name":"Home","item":"https:\/\/www.organisator.ch\/"},{"@type":"ListItem","position":2,"name":"W\u00e4rme Initative Schweiz"}]},{"@type":"WebSite","@id":"https:\/\/www.organisator.ch\/#website","url":"https:\/\/www.organisator.ch\/","name":"Organisator","description":"Kompetent. Praxisnah. Der ORGANISATOR bereitet in 10 Ausgaben pro Jahr die wesentlichen Themen f\u00fcr F\u00fchrungskr\u00e4fte von KMU auf.","publisher":{"@id":"https:\/\/www.organisator.ch\/#organization"},"potentialAction":[{"@type":"SearchAction","target":{"@type":"EntryPoint","urlTemplate":"https:\/\/www.organisator.ch\/?s={search_term_string}"},"query-input":{"@type":"PropertyValueSpecification","valueRequired":true,"valueName":"search_term_string"}}],"inLanguage":"de"},{"@type":"Organization","@id":"https:\/\/www.organisator.ch\/#organization","name":"Organisator","url":"https:\/\/www.organisator.ch\/","logo":{"@type":"ImageObject","inLanguage":"de","@id":"https:\/\/www.organisator.ch\/#\/schema\/logo\/image\/","url":"https:\/\/www.organisator.ch\/wp-content\/uploads\/2022\/01\/Logo_Organisator_Website.png","contentUrl":"https:\/\/www.organisator.ch\/wp-content\/uploads\/2022\/01\/Logo_Organisator_Website.png","width":800,"height":77,"caption":"Organisator"},"image":{"@id":"https:\/\/www.organisator.ch\/#\/schema\/logo\/image\/"},"sameAs":["https:\/\/www.facebook.com\/OrganisatorFachmagazin","https:\/\/www.linkedin.com\/showcase\/organisator-das-magazin-fr-kmu","https:\/\/www.xing.com\/news\/pages\/organisator-ch-695","https:\/\/www.youtube.com\/channel\/UCGP2Sq0iWaZwT3BdIAQFYpw"]},{"@type":"Person","@id":"https:\/\/www.organisator.ch\/#\/schema\/person\/134708ca9321c57b0362cceb7948ffbd","name":"michael.merz","image":{"@type":"ImageObject","inLanguage":"de","@id":"https:\/\/secure.gravatar.com\/avatar\/?s=96&d=mm&r=g","url":"https:\/\/secure.gravatar.com\/avatar\/?s=96&d=mm&r=g","contentUrl":"https:\/\/secure.gravatar.com\/avatar\/?s=96&d=mm&r=g","caption":"michael.merz"},"url":"https:\/\/www.organisator.ch\/de\/author\/michael-merz\/"}]}},"_links":{"self":[{"href":"https:\/\/www.organisator.ch\/de\/wp-json\/wp\/v2\/posts\/10035","targetHints":{"allow":["GET"]}}],"collection":[{"href":"https:\/\/www.organisator.ch\/de\/wp-json\/wp\/v2\/posts"}],"about":[{"href":"https:\/\/www.organisator.ch\/de\/wp-json\/wp\/v2\/types\/post"}],"author":[{"embeddable":true,"href":"https:\/\/www.organisator.ch\/de\/wp-json\/wp\/v2\/users\/5"}],"replies":[{"embeddable":true,"href":"https:\/\/www.organisator.ch\/de\/wp-json\/wp\/v2\/comments?post=10035"}],"version-history":[{"count":0,"href":"https:\/\/www.organisator.ch\/de\/wp-json\/wp\/v2\/posts\/10035\/revisions"}],"wp:featuredmedia":[{"embeddable":true,"href":"https:\/\/www.organisator.ch\/de\/wp-json\/wp\/v2\/media\/9541"}],"wp:attachment":[{"href":"https:\/\/www.organisator.ch\/de\/wp-json\/wp\/v2\/media?parent=10035"}],"wp:term":[{"taxonomy":"category","embeddable":true,"href":"https:\/\/www.organisator.ch\/de\/wp-json\/wp\/v2\/categories?post=10035"},{"taxonomy":"post_tag","embeddable":true,"href":"https:\/\/www.organisator.ch\/de\/wp-json\/wp\/v2\/tags?post=10035"}],"curies":[{"name":"wp","href":"https:\/\/api.w.org\/{rel}","templated":true}]}}