{"id":10041,"date":"2018-04-19T15:50:27","date_gmt":"2018-04-19T13:50:27","guid":{"rendered":"https:\/\/www.umweltperspektiven.ch\/?p=1661"},"modified":"2024-11-07T07:22:09","modified_gmt":"2024-11-07T06:22:09","slug":"vorschau-zum-remforum-2018","status":"publish","type":"post","link":"https:\/\/www.organisator.ch\/de\/sustainability\/2018-04-19\/vorschau-zum-remforum-2018\/","title":{"rendered":"Vorschau zum REMforum 2018"},"content":{"rendered":"<figure id=\"attachment_1662\" aria-describedby=\"caption-attachment-1662\" style=\"width: 680px\" class=\"wp-caption alignnone\"><img loading=\"lazy\" decoding=\"async\" class=\"wp-image-1662 size-medium\" src=\"https:\/\/www.organisator.ch\/wp-content\/uploads\/2018\/04\/Vorschau-zum-REMforum-2018-up-umwelt-perspektiven-680x467.jpg\" alt=\"REMforum 2018\" width=\"680\" height=\"467\" srcset=\"https:\/\/www.organisator.ch\/wp-content\/uploads\/2018\/04\/Vorschau-zum-REMforum-2018-up-umwelt-perspektiven-680x467.jpg 680w, https:\/\/www.organisator.ch\/wp-content\/uploads\/2018\/04\/Vorschau-zum-REMforum-2018-up-umwelt-perspektiven-1024x704.jpg 1024w, https:\/\/www.organisator.ch\/wp-content\/uploads\/2018\/04\/Vorschau-zum-REMforum-2018-up-umwelt-perspektiven-768x528.jpg 768w, https:\/\/www.organisator.ch\/wp-content\/uploads\/2018\/04\/Vorschau-zum-REMforum-2018-up-umwelt-perspektiven-18x12.jpg 18w, https:\/\/www.organisator.ch\/wp-content\/uploads\/2018\/04\/Vorschau-zum-REMforum-2018-up-umwelt-perspektiven-255x175.jpg 255w, https:\/\/www.organisator.ch\/wp-content\/uploads\/2018\/04\/Vorschau-zum-REMforum-2018-up-umwelt-perspektiven-509x350.jpg 509w, https:\/\/www.organisator.ch\/wp-content\/uploads\/2018\/04\/Vorschau-zum-REMforum-2018-up-umwelt-perspektiven-1164x800.jpg 1164w, https:\/\/www.organisator.ch\/wp-content\/uploads\/2018\/04\/Vorschau-zum-REMforum-2018-up-umwelt-perspektiven-920x632.jpg 920w, https:\/\/www.organisator.ch\/wp-content\/uploads\/2018\/04\/Vorschau-zum-REMforum-2018-up-umwelt-perspektiven-1400x962.jpg 1400w, https:\/\/www.organisator.ch\/wp-content\/uploads\/2018\/04\/Vorschau-zum-REMforum-2018-up-umwelt-perspektiven-300x206.jpg 300w, https:\/\/www.organisator.ch\/wp-content\/uploads\/2018\/04\/Vorschau-zum-REMforum-2018-up-umwelt-perspektiven.jpg 1521w\" sizes=\"auto, (max-width: 680px) 100vw, 680px\" \/><figcaption id=\"caption-attachment-1662\" class=\"wp-caption-text\">Das #REMforum bietet M\u00f6glichkeiten \u00fcber neue Technologien f\u00fcr erneuerbare Energie zu diskutieren. (Bild: zVg)<\/figcaption><\/figure>\n<p>Das REMforum 2018 ist mehr als ein Impulsgeber f\u00fcr Energie-Insider. In den letzten zwei Jahrzehnten hat sich das Energiesystem von der zentralen Infrastruktur in Richtung Dezentralisierung verschoben. W\u00e4hrend erneuerbare Energien sowohl zentral (z.B. grosse Wasserkraft oder Offshore-Wind-Anlagen) als auch dezentral (z.B. Photovoltaik) angeboten werden, zeigen die j\u00fcngsten technologischen Trends st\u00e4rkere, weltweite Verteilungstendenzen von Energie auf.<\/p>\n<p>Die Konvergenz von kleinr\u00e4umiger Energieumwandlung und -speicherung mit Elektromobilit\u00e4t und Digitaltechnik forciert Energiesysteme mit hohem Grad an lokaler Autonomie. Dies schafft Chancen f\u00fcr neue Gesch\u00e4ftsmodelle f\u00fcr den Eigenverbrauch und f\u00fcr den Peer-to-Peer-Handel mit erneuerbaren Energien, stellt aber auch den derzeitigen institutionellen Rahmen der Energiem\u00e4rkte in Frage.<\/p>\n<p>Am <a href=\"\/\/www.REMforum.ch\">#REMforum 2018<\/a>, dem 9. St.Galler Forum f\u00fcr Management erneuerbarer Energien, werden die Vordenker der Energiem\u00e4rkte von morgen die neuesten Erkenntnisse austauschen und neue Gesch\u00e4ftsm\u00f6glichkeiten diskutieren. Diese einzigartige, j\u00e4hrliche Veranstaltung verbindet Manager, Investoren und andere Schl\u00fcsselakteure der globalen Energiewende und bietet inspirierende Redner, aufschlussreiche Debatten, interaktive Workshops und umfangreiche Netzwerkm\u00f6glichkeiten. Das &#8222;#REMforum&#8220; wird vom <a href=\"\/\/iwoe.unisg.ch\/de\/lehrstuhlmanagementee\">Lehrstuhl f\u00fcr Management Erneuerbarer Energien<\/a> an der Universit\u00e4t St.Gallen, einer der f\u00fchrenden europ\u00e4ischen Business Schools, ausgerichtet.<\/p>\n<p><em>Das 9. St. Galler Forum f\u00fcrs Management erneuerbarer Energien (\u201cDisruptive Decentralization? Energy Markets at a Crossroads\u201d findet vom 31. Mai\u00a0 bis zum 1. Juni 2018 in St. Gallen statt.<\/em> <strong><br \/>\n<\/strong><\/p>\n<p><em>Das aktuelle Programm finden Sie unter <a href=\"\/\/www.REMforum.ch\">www.REMforum.ch<\/a><\/em><\/p>\n<p>&nbsp;<\/p>\n","protected":false},"excerpt":{"rendered":"<p>Das REMforum 2018 ist mehr als ein Impulsgeber f\u00fcr Energie-Insider. In den letzten zwei Jahrzehnten hat sich das Energiesystem von der zentralen Infrastruktur in Richtung Dezentralisierung verschoben. W\u00e4hrend erneuerbare Energien sowohl zentral (z.B. grosse Wasserkraft oder Offshore-Wind-Anlagen) als auch dezentral (z.B. Photovoltaik) angeboten werden, zeigen die j\u00fcngsten technologischen Trends st\u00e4rkere, weltweite Verteilungstendenzen von Energie auf. [&hellip;]<\/p>\n","protected":false},"author":5,"featured_media":1662,"comment_status":"closed","ping_status":"closed","sticky":false,"template":"","format":"standard","meta":{"_acf_changed":false,"_yoast_wpseo_focuskw":"REMforum 2018","_yoast_wpseo_metadesc":"Das REMforum 2018 beleuchtet die Dezentralisierung der Energiem\u00e4rkte und neue Gesch\u00e4ftsmodelle f\u00fcr erneuerbare Energien.","articlekey":"","footnotes":""},"categories":[580],"tags":[1098,221],"class_list":["post-10041","post","type-post","status-publish","format-standard","has-post-thumbnail","hentry","category-sustainability","tag-enerneuerbare-energie","tag-forum"],"acf":[],"yoast_head":"<!-- This site is optimized with the Yoast SEO plugin v27.5 - https:\/\/yoast.com\/product\/yoast-seo-wordpress\/ -->\n<title>Vorschau zum REMforum 2018 - Organisator<\/title>\n<meta name=\"description\" content=\"Das REMforum 2018 beleuchtet die Dezentralisierung der Energiem\u00e4rkte und neue Gesch\u00e4ftsmodelle f\u00fcr erneuerbare Energien.\" \/>\n<meta name=\"robots\" content=\"index, follow, max-snippet:-1, max-image-preview:large, max-video-preview:-1\" \/>\n<link rel=\"canonical\" href=\"https:\/\/www.organisator.ch\/de\/sustainability\/2018-04-19\/vorschau-zum-remforum-2018\/\" \/>\n<meta property=\"og:locale\" content=\"de_DE\" \/>\n<meta property=\"og:type\" content=\"article\" \/>\n<meta property=\"og:title\" content=\"Vorschau zum REMforum 2018 - Organisator\" \/>\n<meta property=\"og:description\" content=\"Das REMforum 2018 beleuchtet die Dezentralisierung der Energiem\u00e4rkte und neue Gesch\u00e4ftsmodelle f\u00fcr erneuerbare Energien.\" \/>\n<meta property=\"og:url\" content=\"https:\/\/www.organisator.ch\/de\/sustainability\/2018-04-19\/vorschau-zum-remforum-2018\/\" \/>\n<meta property=\"og:site_name\" content=\"Organisator\" \/>\n<meta property=\"article:publisher\" content=\"https:\/\/www.facebook.com\/OrganisatorFachmagazin\" \/>\n<meta property=\"article:published_time\" content=\"2018-04-19T13:50:27+00:00\" \/>\n<meta property=\"article:modified_time\" content=\"2024-11-07T06:22:09+00:00\" \/>\n<meta property=\"og:image\" content=\"https:\/\/www.organisator.ch\/wp-content\/uploads\/2018\/04\/Vorschau-zum-REMforum-2018-up-umwelt-perspektiven.jpg\" \/>\n\t<meta property=\"og:image:width\" content=\"1521\" \/>\n\t<meta property=\"og:image:height\" content=\"1045\" \/>\n\t<meta property=\"og:image:type\" content=\"image\/jpeg\" \/>\n<meta name=\"author\" content=\"michael.merz\" \/>\n<meta name=\"twitter:card\" content=\"summary_large_image\" \/>\n<script type=\"application\/ld+json\" class=\"yoast-schema-graph\">{\"@context\":\"https:\\\/\\\/schema.org\",\"@graph\":[{\"@type\":\"Article\",\"@id\":\"https:\\\/\\\/www.organisator.ch\\\/sustainability\\\/2018-04-19\\\/vorschau-zum-remforum-2018\\\/#article\",\"isPartOf\":{\"@id\":\"https:\\\/\\\/www.organisator.ch\\\/sustainability\\\/2018-04-19\\\/vorschau-zum-remforum-2018\\\/\"},\"author\":{\"name\":\"michael.merz\",\"@id\":\"https:\\\/\\\/www.organisator.ch\\\/#\\\/schema\\\/person\\\/134708ca9321c57b0362cceb7948ffbd\"},\"headline\":\"Vorschau zum REMforum 2018\",\"datePublished\":\"2018-04-19T13:50:27+00:00\",\"dateModified\":\"2024-11-07T06:22:09+00:00\",\"mainEntityOfPage\":{\"@id\":\"https:\\\/\\\/www.organisator.ch\\\/sustainability\\\/2018-04-19\\\/vorschau-zum-remforum-2018\\\/\"},\"wordCount\":256,\"publisher\":{\"@id\":\"https:\\\/\\\/www.organisator.ch\\\/#organization\"},\"image\":{\"@id\":\"https:\\\/\\\/www.organisator.ch\\\/sustainability\\\/2018-04-19\\\/vorschau-zum-remforum-2018\\\/#primaryimage\"},\"thumbnailUrl\":\"https:\\\/\\\/www.organisator.ch\\\/wp-content\\\/uploads\\\/2018\\\/04\\\/Vorschau-zum-REMforum-2018-up-umwelt-perspektiven.jpg\",\"keywords\":[\"Enerneuerbare Energie\",\"Forum\"],\"articleSection\":[\"SUSTAINABILITY\"],\"inLanguage\":\"de\"},{\"@type\":\"WebPage\",\"@id\":\"https:\\\/\\\/www.organisator.ch\\\/sustainability\\\/2018-04-19\\\/vorschau-zum-remforum-2018\\\/\",\"url\":\"https:\\\/\\\/www.organisator.ch\\\/sustainability\\\/2018-04-19\\\/vorschau-zum-remforum-2018\\\/\",\"name\":\"Vorschau zum REMforum 2018 - Organisator\",\"isPartOf\":{\"@id\":\"https:\\\/\\\/www.organisator.ch\\\/#website\"},\"primaryImageOfPage\":{\"@id\":\"https:\\\/\\\/www.organisator.ch\\\/sustainability\\\/2018-04-19\\\/vorschau-zum-remforum-2018\\\/#primaryimage\"},\"image\":{\"@id\":\"https:\\\/\\\/www.organisator.ch\\\/sustainability\\\/2018-04-19\\\/vorschau-zum-remforum-2018\\\/#primaryimage\"},\"thumbnailUrl\":\"https:\\\/\\\/www.organisator.ch\\\/wp-content\\\/uploads\\\/2018\\\/04\\\/Vorschau-zum-REMforum-2018-up-umwelt-perspektiven.jpg\",\"datePublished\":\"2018-04-19T13:50:27+00:00\",\"dateModified\":\"2024-11-07T06:22:09+00:00\",\"description\":\"Das REMforum 2018 beleuchtet die Dezentralisierung der Energiem\u00e4rkte und neue Gesch\u00e4ftsmodelle f\u00fcr erneuerbare Energien.\",\"breadcrumb\":{\"@id\":\"https:\\\/\\\/www.organisator.ch\\\/sustainability\\\/2018-04-19\\\/vorschau-zum-remforum-2018\\\/#breadcrumb\"},\"inLanguage\":\"de\",\"potentialAction\":[{\"@type\":\"ReadAction\",\"target\":[\"https:\\\/\\\/www.organisator.ch\\\/sustainability\\\/2018-04-19\\\/vorschau-zum-remforum-2018\\\/\"]}]},{\"@type\":\"ImageObject\",\"inLanguage\":\"de\",\"@id\":\"https:\\\/\\\/www.organisator.ch\\\/sustainability\\\/2018-04-19\\\/vorschau-zum-remforum-2018\\\/#primaryimage\",\"url\":\"https:\\\/\\\/www.organisator.ch\\\/wp-content\\\/uploads\\\/2018\\\/04\\\/Vorschau-zum-REMforum-2018-up-umwelt-perspektiven.jpg\",\"contentUrl\":\"https:\\\/\\\/www.organisator.ch\\\/wp-content\\\/uploads\\\/2018\\\/04\\\/Vorschau-zum-REMforum-2018-up-umwelt-perspektiven.jpg\",\"width\":1521,\"height\":1045,\"caption\":\"Das #REMforum bietet M\u00f6glichkeiten \u00fcber neue Technologien f\u00fcr erneuerbare Energie zu diskutieren. (Bild: zVg)\"},{\"@type\":\"BreadcrumbList\",\"@id\":\"https:\\\/\\\/www.organisator.ch\\\/sustainability\\\/2018-04-19\\\/vorschau-zum-remforum-2018\\\/#breadcrumb\",\"itemListElement\":[{\"@type\":\"ListItem\",\"position\":1,\"name\":\"Home\",\"item\":\"https:\\\/\\\/www.organisator.ch\\\/\"},{\"@type\":\"ListItem\",\"position\":2,\"name\":\"Vorschau zum REMforum 2018\"}]},{\"@type\":\"WebSite\",\"@id\":\"https:\\\/\\\/www.organisator.ch\\\/#website\",\"url\":\"https:\\\/\\\/www.organisator.ch\\\/\",\"name\":\"Organisator\",\"description\":\"Kompetent. Praxisnah. Der ORGANISATOR bereitet in 10 Ausgaben pro Jahr die wesentlichen Themen f\u00fcr F\u00fchrungskr\u00e4fte von KMU auf.\",\"publisher\":{\"@id\":\"https:\\\/\\\/www.organisator.ch\\\/#organization\"},\"potentialAction\":[{\"@type\":\"SearchAction\",\"target\":{\"@type\":\"EntryPoint\",\"urlTemplate\":\"https:\\\/\\\/www.organisator.ch\\\/?s={search_term_string}\"},\"query-input\":{\"@type\":\"PropertyValueSpecification\",\"valueRequired\":true,\"valueName\":\"search_term_string\"}}],\"inLanguage\":\"de\"},{\"@type\":\"Organization\",\"@id\":\"https:\\\/\\\/www.organisator.ch\\\/#organization\",\"name\":\"Organisator\",\"url\":\"https:\\\/\\\/www.organisator.ch\\\/\",\"logo\":{\"@type\":\"ImageObject\",\"inLanguage\":\"de\",\"@id\":\"https:\\\/\\\/www.organisator.ch\\\/#\\\/schema\\\/logo\\\/image\\\/\",\"url\":\"https:\\\/\\\/www.organisator.ch\\\/wp-content\\\/uploads\\\/2022\\\/01\\\/Logo_Organisator_Website.png\",\"contentUrl\":\"https:\\\/\\\/www.organisator.ch\\\/wp-content\\\/uploads\\\/2022\\\/01\\\/Logo_Organisator_Website.png\",\"width\":800,\"height\":77,\"caption\":\"Organisator\"},\"image\":{\"@id\":\"https:\\\/\\\/www.organisator.ch\\\/#\\\/schema\\\/logo\\\/image\\\/\"},\"sameAs\":[\"https:\\\/\\\/www.facebook.com\\\/OrganisatorFachmagazin\",\"https:\\\/\\\/www.linkedin.com\\\/showcase\\\/organisator-das-magazin-fr-kmu\",\"https:\\\/\\\/www.xing.com\\\/news\\\/pages\\\/organisator-ch-695\",\"https:\\\/\\\/www.youtube.com\\\/channel\\\/UCGP2Sq0iWaZwT3BdIAQFYpw\"]},{\"@type\":\"Person\",\"@id\":\"https:\\\/\\\/www.organisator.ch\\\/#\\\/schema\\\/person\\\/134708ca9321c57b0362cceb7948ffbd\",\"name\":\"michael.merz\",\"image\":{\"@type\":\"ImageObject\",\"inLanguage\":\"de\",\"@id\":\"https:\\\/\\\/secure.gravatar.com\\\/avatar\\\/?s=96&d=mm&r=g\",\"url\":\"https:\\\/\\\/secure.gravatar.com\\\/avatar\\\/?s=96&d=mm&r=g\",\"contentUrl\":\"https:\\\/\\\/secure.gravatar.com\\\/avatar\\\/?s=96&d=mm&r=g\",\"caption\":\"michael.merz\"},\"url\":\"https:\\\/\\\/www.organisator.ch\\\/de\\\/author\\\/michael-merz\\\/\"}]}<\/script>\n<!-- \/ Yoast SEO plugin. -->","yoast_head_json":{"title":"Vorschau zum REMforum 2018 - Organisator","description":"Das REMforum 2018 beleuchtet die Dezentralisierung der Energiem\u00e4rkte und neue Gesch\u00e4ftsmodelle f\u00fcr erneuerbare Energien.","robots":{"index":"index","follow":"follow","max-snippet":"max-snippet:-1","max-image-preview":"max-image-preview:large","max-video-preview":"max-video-preview:-1"},"canonical":"https:\/\/www.organisator.ch\/de\/sustainability\/2018-04-19\/vorschau-zum-remforum-2018\/","og_locale":"de_DE","og_type":"article","og_title":"Vorschau zum REMforum 2018 - Organisator","og_description":"Das REMforum 2018 beleuchtet die Dezentralisierung der Energiem\u00e4rkte und neue Gesch\u00e4ftsmodelle f\u00fcr erneuerbare Energien.","og_url":"https:\/\/www.organisator.ch\/de\/sustainability\/2018-04-19\/vorschau-zum-remforum-2018\/","og_site_name":"Organisator","article_publisher":"https:\/\/www.facebook.com\/OrganisatorFachmagazin","article_published_time":"2018-04-19T13:50:27+00:00","article_modified_time":"2024-11-07T06:22:09+00:00","og_image":[{"width":1521,"height":1045,"url":"https:\/\/www.organisator.ch\/wp-content\/uploads\/2018\/04\/Vorschau-zum-REMforum-2018-up-umwelt-perspektiven.jpg","type":"image\/jpeg"}],"author":"michael.merz","twitter_card":"summary_large_image","schema":{"@context":"https:\/\/schema.org","@graph":[{"@type":"Article","@id":"https:\/\/www.organisator.ch\/sustainability\/2018-04-19\/vorschau-zum-remforum-2018\/#article","isPartOf":{"@id":"https:\/\/www.organisator.ch\/sustainability\/2018-04-19\/vorschau-zum-remforum-2018\/"},"author":{"name":"michael.merz","@id":"https:\/\/www.organisator.ch\/#\/schema\/person\/134708ca9321c57b0362cceb7948ffbd"},"headline":"Vorschau zum REMforum 2018","datePublished":"2018-04-19T13:50:27+00:00","dateModified":"2024-11-07T06:22:09+00:00","mainEntityOfPage":{"@id":"https:\/\/www.organisator.ch\/sustainability\/2018-04-19\/vorschau-zum-remforum-2018\/"},"wordCount":256,"publisher":{"@id":"https:\/\/www.organisator.ch\/#organization"},"image":{"@id":"https:\/\/www.organisator.ch\/sustainability\/2018-04-19\/vorschau-zum-remforum-2018\/#primaryimage"},"thumbnailUrl":"https:\/\/www.organisator.ch\/wp-content\/uploads\/2018\/04\/Vorschau-zum-REMforum-2018-up-umwelt-perspektiven.jpg","keywords":["Enerneuerbare Energie","Forum"],"articleSection":["SUSTAINABILITY"],"inLanguage":"de"},{"@type":"WebPage","@id":"https:\/\/www.organisator.ch\/sustainability\/2018-04-19\/vorschau-zum-remforum-2018\/","url":"https:\/\/www.organisator.ch\/sustainability\/2018-04-19\/vorschau-zum-remforum-2018\/","name":"Vorschau zum REMforum 2018 - Organisator","isPartOf":{"@id":"https:\/\/www.organisator.ch\/#website"},"primaryImageOfPage":{"@id":"https:\/\/www.organisator.ch\/sustainability\/2018-04-19\/vorschau-zum-remforum-2018\/#primaryimage"},"image":{"@id":"https:\/\/www.organisator.ch\/sustainability\/2018-04-19\/vorschau-zum-remforum-2018\/#primaryimage"},"thumbnailUrl":"https:\/\/www.organisator.ch\/wp-content\/uploads\/2018\/04\/Vorschau-zum-REMforum-2018-up-umwelt-perspektiven.jpg","datePublished":"2018-04-19T13:50:27+00:00","dateModified":"2024-11-07T06:22:09+00:00","description":"Das REMforum 2018 beleuchtet die Dezentralisierung der Energiem\u00e4rkte und neue Gesch\u00e4ftsmodelle f\u00fcr erneuerbare Energien.","breadcrumb":{"@id":"https:\/\/www.organisator.ch\/sustainability\/2018-04-19\/vorschau-zum-remforum-2018\/#breadcrumb"},"inLanguage":"de","potentialAction":[{"@type":"ReadAction","target":["https:\/\/www.organisator.ch\/sustainability\/2018-04-19\/vorschau-zum-remforum-2018\/"]}]},{"@type":"ImageObject","inLanguage":"de","@id":"https:\/\/www.organisator.ch\/sustainability\/2018-04-19\/vorschau-zum-remforum-2018\/#primaryimage","url":"https:\/\/www.organisator.ch\/wp-content\/uploads\/2018\/04\/Vorschau-zum-REMforum-2018-up-umwelt-perspektiven.jpg","contentUrl":"https:\/\/www.organisator.ch\/wp-content\/uploads\/2018\/04\/Vorschau-zum-REMforum-2018-up-umwelt-perspektiven.jpg","width":1521,"height":1045,"caption":"Das #REMforum bietet M\u00f6glichkeiten \u00fcber neue Technologien f\u00fcr erneuerbare Energie zu diskutieren. (Bild: zVg)"},{"@type":"BreadcrumbList","@id":"https:\/\/www.organisator.ch\/sustainability\/2018-04-19\/vorschau-zum-remforum-2018\/#breadcrumb","itemListElement":[{"@type":"ListItem","position":1,"name":"Home","item":"https:\/\/www.organisator.ch\/"},{"@type":"ListItem","position":2,"name":"Vorschau zum REMforum 2018"}]},{"@type":"WebSite","@id":"https:\/\/www.organisator.ch\/#website","url":"https:\/\/www.organisator.ch\/","name":"Organisator","description":"Kompetent. Praxisnah. Der ORGANISATOR bereitet in 10 Ausgaben pro Jahr die wesentlichen Themen f\u00fcr F\u00fchrungskr\u00e4fte von KMU auf.","publisher":{"@id":"https:\/\/www.organisator.ch\/#organization"},"potentialAction":[{"@type":"SearchAction","target":{"@type":"EntryPoint","urlTemplate":"https:\/\/www.organisator.ch\/?s={search_term_string}"},"query-input":{"@type":"PropertyValueSpecification","valueRequired":true,"valueName":"search_term_string"}}],"inLanguage":"de"},{"@type":"Organization","@id":"https:\/\/www.organisator.ch\/#organization","name":"Organisator","url":"https:\/\/www.organisator.ch\/","logo":{"@type":"ImageObject","inLanguage":"de","@id":"https:\/\/www.organisator.ch\/#\/schema\/logo\/image\/","url":"https:\/\/www.organisator.ch\/wp-content\/uploads\/2022\/01\/Logo_Organisator_Website.png","contentUrl":"https:\/\/www.organisator.ch\/wp-content\/uploads\/2022\/01\/Logo_Organisator_Website.png","width":800,"height":77,"caption":"Organisator"},"image":{"@id":"https:\/\/www.organisator.ch\/#\/schema\/logo\/image\/"},"sameAs":["https:\/\/www.facebook.com\/OrganisatorFachmagazin","https:\/\/www.linkedin.com\/showcase\/organisator-das-magazin-fr-kmu","https:\/\/www.xing.com\/news\/pages\/organisator-ch-695","https:\/\/www.youtube.com\/channel\/UCGP2Sq0iWaZwT3BdIAQFYpw"]},{"@type":"Person","@id":"https:\/\/www.organisator.ch\/#\/schema\/person\/134708ca9321c57b0362cceb7948ffbd","name":"michael.merz","image":{"@type":"ImageObject","inLanguage":"de","@id":"https:\/\/secure.gravatar.com\/avatar\/?s=96&d=mm&r=g","url":"https:\/\/secure.gravatar.com\/avatar\/?s=96&d=mm&r=g","contentUrl":"https:\/\/secure.gravatar.com\/avatar\/?s=96&d=mm&r=g","caption":"michael.merz"},"url":"https:\/\/www.organisator.ch\/de\/author\/michael-merz\/"}]}},"_links":{"self":[{"href":"https:\/\/www.organisator.ch\/de\/wp-json\/wp\/v2\/posts\/10041","targetHints":{"allow":["GET"]}}],"collection":[{"href":"https:\/\/www.organisator.ch\/de\/wp-json\/wp\/v2\/posts"}],"about":[{"href":"https:\/\/www.organisator.ch\/de\/wp-json\/wp\/v2\/types\/post"}],"author":[{"embeddable":true,"href":"https:\/\/www.organisator.ch\/de\/wp-json\/wp\/v2\/users\/5"}],"replies":[{"embeddable":true,"href":"https:\/\/www.organisator.ch\/de\/wp-json\/wp\/v2\/comments?post=10041"}],"version-history":[{"count":2,"href":"https:\/\/www.organisator.ch\/de\/wp-json\/wp\/v2\/posts\/10041\/revisions"}],"predecessor-version":[{"id":31649,"href":"https:\/\/www.organisator.ch\/de\/wp-json\/wp\/v2\/posts\/10041\/revisions\/31649"}],"wp:featuredmedia":[{"embeddable":true,"href":"https:\/\/www.organisator.ch\/de\/wp-json\/wp\/v2\/media\/1662"}],"wp:attachment":[{"href":"https:\/\/www.organisator.ch\/de\/wp-json\/wp\/v2\/media?parent=10041"}],"wp:term":[{"taxonomy":"category","embeddable":true,"href":"https:\/\/www.organisator.ch\/de\/wp-json\/wp\/v2\/categories?post=10041"},{"taxonomy":"post_tag","embeddable":true,"href":"https:\/\/www.organisator.ch\/de\/wp-json\/wp\/v2\/tags?post=10041"}],"curies":[{"name":"wp","href":"https:\/\/api.w.org\/{rel}","templated":true}]}}