{"id":10048,"date":"2018-08-06T05:48:36","date_gmt":"2018-08-06T03:48:36","guid":{"rendered":"https:\/\/www.umweltperspektiven.ch\/?p=1810"},"modified":"2024-11-07T07:18:59","modified_gmt":"2024-11-07T06:18:59","slug":"ernaehrungsgesundheitsvereine-sge-und-radix-kooperieren","status":"publish","type":"post","link":"https:\/\/www.organisator.ch\/de\/allgemein\/2018-08-06\/ernaehrungsgesundheitsvereine-sge-und-radix-kooperieren\/","title":{"rendered":"SGE und RADIX kooperieren im Namen der Ern\u00e4hrung"},"content":{"rendered":"<figure id=\"attachment_1811\" aria-describedby=\"caption-attachment-1811\" style=\"width: 150px\" class=\"wp-caption alignnone\"><img loading=\"lazy\" decoding=\"async\" class=\"wp-image-1811 size-thumbnail\" src=\"https:\/\/www.organisator.ch\/wp-content\/uploads\/2017\/04\/Coople-Ein-Unternehmen-revolutioniert-die-Arbeitswelt_Organisator-150x150.jpg\" alt=\"Schweizerische Gesellschaft f\u00fcr Ern\u00e4hrung \" width=\"150\" height=\"150\" srcset=\"https:\/\/www.organisator.ch\/wp-content\/uploads\/2017\/04\/Coople-Ein-Unternehmen-revolutioniert-die-Arbeitswelt_Organisator-150x150.jpg 150w, https:\/\/www.organisator.ch\/wp-content\/uploads\/2017\/04\/Coople-Ein-Unternehmen-revolutioniert-die-Arbeitswelt_Organisator-12x12.jpg 12w, https:\/\/www.organisator.ch\/wp-content\/uploads\/2017\/04\/Coople-Ein-Unternehmen-revolutioniert-die-Arbeitswelt_Organisator-175x175.jpg 175w, https:\/\/www.organisator.ch\/wp-content\/uploads\/2017\/04\/Coople-Ein-Unternehmen-revolutioniert-die-Arbeitswelt_Organisator-350x350.jpg 350w, https:\/\/www.organisator.ch\/wp-content\/uploads\/2017\/04\/Coople-Ein-Unternehmen-revolutioniert-die-Arbeitswelt_Organisator-250x250.jpg 250w, https:\/\/www.organisator.ch\/wp-content\/uploads\/2017\/04\/Coople-Ein-Unternehmen-revolutioniert-die-Arbeitswelt_Organisator-300x300.jpg 300w, https:\/\/www.organisator.ch\/wp-content\/uploads\/2017\/04\/Coople-Ein-Unternehmen-revolutioniert-die-Arbeitswelt_Organisator-100x100.jpg 100w, https:\/\/www.organisator.ch\/wp-content\/uploads\/2017\/04\/Coople-Ein-Unternehmen-revolutioniert-die-Arbeitswelt_Organisator.jpg 480w\" sizes=\"auto, (max-width: 150px) 100vw, 150px\" \/><figcaption id=\"caption-attachment-1811\" class=\"wp-caption-text\">Die Schweizerischen Gesellschaft f\u00fcr Ern\u00e4hrung SGE und RADIX gehen operative Zusammenarbeit ein. (Bild: zVg)<\/figcaption><\/figure>\n<p>Die Schweizerische Gesellschaft f\u00fcr Ern\u00e4hrung SGE erwirtschaftet seit 2015 ein strukturelles Defizit. Die Liquidit\u00e4t der SGE konnte langfristig nicht mehr gew\u00e4hrleistet werden. Aus diesem Grund wurde der Vorstand aktiv und berief auf den 30. Juli 2018 eine ausserordentliche Mitgliederversammlung ein. Den anwesenden wurden drei Optionen pr\u00e4sentiert, wie es mit der SGE weitergehen k\u00f6nnte:<\/p>\n<p><em>1. Liquidation der SGE. Alle Mitarbeitenden verlieren Ihre Stelle und der Vereinszweck <\/em><em>kann nicht mehr umgesetzt werden.<\/em><br \/>\n<em>2. Die SGE schrumpft sich aus eigener Kraft gesund. Ein Grossteil der Mitarbeitenden <\/em><em>verliert dadurch jedoch die Anstellung. Somit stehen massiv weniger Ressourcen zur <\/em><em>Verf\u00fcgung. Der Vereinszweck kann nur noch teilweise umgesetzt werden.<\/em><br \/>\n<em>3. Die SGE sucht sich einen Partner f\u00fcr die Gesch\u00e4ftsstelle, der die operative F\u00fchrung <\/em><em>\u00fcbernimmt. Der Verein bleibt bestehen und der Vereinszweck kann weiter verfolgt <\/em><em>werden.<\/em><\/p>\n<p>Der Vorstand der SGE erachtet die dritte Option als einzig gangbaren Weg in die Zukunft.<\/p>\n<p><strong>Aus langj\u00e4hriger Partnerschaft wird Kooperation<\/strong><\/p>\n<p>Die Gesundheitsstiftung RADIX hatte von den finanziellen Schwierigkeiten der SGE erfahren und im Sp\u00e4tfr\u00fchling die Pr\u00e4sidentin der SGE angesprochen. Daraus entstand die Idee, dass die Stiftung RADIX die F\u00fchrung der Gesch\u00e4ftsstelle der SGE \u00fcbernehmen k\u00f6nnte, der Verein SGE aber weiter bestehen bleiben soll. Die Einnahmen der SGE werden vollumf\u00e4nglich zur Erf\u00fcllung des Vereinszwecks verwendet. \u00abWir arbeiten seit vielen Jahren im Bereich Ern\u00e4hrung als Fachpartner mit RADIX zusammen. Die M\u00f6glichkeit zur operativen Kooperation ist f\u00fcr die SGE ein absoluter Gl\u00fccksfall. Unsere Gesch\u00e4ftsstelle erh\u00e4lt so ein f\u00fchrungserprobtes Team, wir k\u00f6nnen Synergien nutzen und gleichzeitig unser Netzwerk erweitern\u00bb, erkl\u00e4rt Isabelle Herter, Pr\u00e4sidentin der SGE. \u00abDiese L\u00f6sung ist sowohl f\u00fcr die Mitarbeitenden, Mitglieder, G\u00f6nner und Partner der SGE eine solide und zukunftstr\u00e4chtige L\u00f6sung\u00bb, zeigt sich Isabelle Herter<br \/>\n\u00fcberzeugt.<\/p>\n<p><a href=\"\/\/www.sge-ssn.ch\">www.sge-ssn.ch<\/a><\/p>\n<p>&nbsp;<\/p>\n<p><em><strong>Nationale Fachtagung der SGE 2018, Dienstag, 11. September\u00a02018<\/strong><\/em><\/p>\n<p><em>Die SGE f\u00fchrt am 11. September 2018 ihre j\u00e4hrliche nationale Fachtagung durch. Experten aus Forschung und Industrie werden Referate und Ateliers zum Thema<a href=\"\/\/www.sge-ssn.ch\/die-sge\/partner-und-netzwerke\/fachtagung\/\"><strong> \u00abErn\u00e4hrung am Arbeitsplatz: Mehr als ein Lunch!\u00bb <\/strong><\/a>halten.<\/em><\/p>\n<p><em><strong>Datum: Dienstag, 11. September 2018, 8:30 Uhr \u2013 17 Uhr<\/strong><\/em><br \/>\n<em><strong>Ort: Inselspital, Ettore Rossi, Bern<\/strong><\/em><\/p>\n","protected":false},"excerpt":{"rendered":"<p>Die Schweizerische Gesellschaft f\u00fcr Ern\u00e4hrung SGE erwirtschaftet seit 2015 ein strukturelles Defizit. Die Liquidit\u00e4t der SGE konnte langfristig nicht mehr gew\u00e4hrleistet werden. Aus diesem Grund wurde der Vorstand aktiv und berief auf den 30. Juli 2018 eine ausserordentliche Mitgliederversammlung ein. Den anwesenden wurden drei Optionen pr\u00e4sentiert, wie es mit der SGE weitergehen k\u00f6nnte: 1. Liquidation [&hellip;]<\/p>\n","protected":false},"author":5,"featured_media":9563,"comment_status":"closed","ping_status":"closed","sticky":false,"template":"","format":"standard","meta":{"_acf_changed":false,"_yoast_wpseo_focuskw":"Schweizerische Gesellschaft f\u00fcr Ern\u00e4hrung","_yoast_wpseo_metadesc":"Die SGE erwirtschaftet seit 2015 ein strukturelles Defizit und strebt eine operative Kooperation mit der Gesundheitsstiftung RADIX an.","articlekey":"","footnotes":""},"categories":[1],"tags":[181,1150,313,424,2114],"class_list":["post-10048","post","type-post","status-publish","format-standard","has-post-thumbnail","hentry","category-allgemein","tag-ernaehrung","tag-fachtagung","tag-kooperation","tag-schweiz","tag-sge"],"acf":[],"yoast_head":"<!-- This site is optimized with the Yoast SEO plugin v27.4 - https:\/\/yoast.com\/product\/yoast-seo-wordpress\/ -->\n<title>SGE und RADIX kooperieren im Namen der Ern\u00e4hrung - Organisator<\/title>\n<meta name=\"description\" content=\"Die SGE erwirtschaftet seit 2015 ein strukturelles Defizit und strebt eine operative Kooperation mit der Gesundheitsstiftung RADIX an.\" \/>\n<meta name=\"robots\" content=\"index, follow, max-snippet:-1, max-image-preview:large, max-video-preview:-1\" \/>\n<link rel=\"canonical\" href=\"https:\/\/www.organisator.ch\/de\/allgemein\/2018-08-06\/ernaehrungsgesundheitsvereine-sge-und-radix-kooperieren\/\" \/>\n<meta property=\"og:locale\" content=\"de_DE\" \/>\n<meta property=\"og:type\" content=\"article\" \/>\n<meta property=\"og:title\" content=\"SGE und RADIX kooperieren im Namen der Ern\u00e4hrung - Organisator\" \/>\n<meta property=\"og:description\" content=\"Die SGE erwirtschaftet seit 2015 ein strukturelles Defizit und strebt eine operative Kooperation mit der Gesundheitsstiftung RADIX an.\" \/>\n<meta property=\"og:url\" content=\"https:\/\/www.organisator.ch\/de\/allgemein\/2018-08-06\/ernaehrungsgesundheitsvereine-sge-und-radix-kooperieren\/\" \/>\n<meta property=\"og:site_name\" content=\"Organisator\" \/>\n<meta property=\"article:publisher\" content=\"https:\/\/www.facebook.com\/OrganisatorFachmagazin\" \/>\n<meta property=\"article:published_time\" content=\"2018-08-06T03:48:36+00:00\" \/>\n<meta property=\"article:modified_time\" content=\"2024-11-07T06:18:59+00:00\" \/>\n<meta property=\"og:image\" content=\"https:\/\/www.organisator.ch\/wp-content\/uploads\/2018\/08\/Ernaehrungsgesundheitsvereine-SGE-und-RADIX-tun-sich-zusammen-up-umweltperspektiven.jpg\" \/>\n\t<meta property=\"og:image:width\" content=\"687\" \/>\n\t<meta property=\"og:image:height\" content=\"400\" \/>\n\t<meta property=\"og:image:type\" content=\"image\/jpeg\" \/>\n<meta name=\"author\" content=\"michael.merz\" \/>\n<meta name=\"twitter:card\" content=\"summary_large_image\" \/>\n<script type=\"application\/ld+json\" class=\"yoast-schema-graph\">{\"@context\":\"https:\\\/\\\/schema.org\",\"@graph\":[{\"@type\":\"Article\",\"@id\":\"https:\\\/\\\/www.organisator.ch\\\/allgemein\\\/2018-08-06\\\/ernaehrungsgesundheitsvereine-sge-und-radix-kooperieren\\\/#article\",\"isPartOf\":{\"@id\":\"https:\\\/\\\/www.organisator.ch\\\/allgemein\\\/2018-08-06\\\/ernaehrungsgesundheitsvereine-sge-und-radix-kooperieren\\\/\"},\"author\":{\"name\":\"michael.merz\",\"@id\":\"https:\\\/\\\/www.organisator.ch\\\/#\\\/schema\\\/person\\\/134708ca9321c57b0362cceb7948ffbd\"},\"headline\":\"SGE und RADIX kooperieren im Namen der Ern\u00e4hrung\",\"datePublished\":\"2018-08-06T03:48:36+00:00\",\"dateModified\":\"2024-11-07T06:18:59+00:00\",\"mainEntityOfPage\":{\"@id\":\"https:\\\/\\\/www.organisator.ch\\\/allgemein\\\/2018-08-06\\\/ernaehrungsgesundheitsvereine-sge-und-radix-kooperieren\\\/\"},\"wordCount\":385,\"publisher\":{\"@id\":\"https:\\\/\\\/www.organisator.ch\\\/#organization\"},\"image\":{\"@id\":\"https:\\\/\\\/www.organisator.ch\\\/allgemein\\\/2018-08-06\\\/ernaehrungsgesundheitsvereine-sge-und-radix-kooperieren\\\/#primaryimage\"},\"thumbnailUrl\":\"https:\\\/\\\/www.organisator.ch\\\/wp-content\\\/uploads\\\/2018\\\/08\\\/Ernaehrungsgesundheitsvereine-SGE-und-RADIX-tun-sich-zusammen-up-umweltperspektiven.jpg\",\"keywords\":[\"Ern\u00e4hrung\",\"Fachtagung\",\"Kooperation\",\"Schweiz\",\"SGE\"],\"inLanguage\":\"de\"},{\"@type\":\"WebPage\",\"@id\":\"https:\\\/\\\/www.organisator.ch\\\/allgemein\\\/2018-08-06\\\/ernaehrungsgesundheitsvereine-sge-und-radix-kooperieren\\\/\",\"url\":\"https:\\\/\\\/www.organisator.ch\\\/allgemein\\\/2018-08-06\\\/ernaehrungsgesundheitsvereine-sge-und-radix-kooperieren\\\/\",\"name\":\"SGE und RADIX kooperieren im Namen der Ern\u00e4hrung - Organisator\",\"isPartOf\":{\"@id\":\"https:\\\/\\\/www.organisator.ch\\\/#website\"},\"primaryImageOfPage\":{\"@id\":\"https:\\\/\\\/www.organisator.ch\\\/allgemein\\\/2018-08-06\\\/ernaehrungsgesundheitsvereine-sge-und-radix-kooperieren\\\/#primaryimage\"},\"image\":{\"@id\":\"https:\\\/\\\/www.organisator.ch\\\/allgemein\\\/2018-08-06\\\/ernaehrungsgesundheitsvereine-sge-und-radix-kooperieren\\\/#primaryimage\"},\"thumbnailUrl\":\"https:\\\/\\\/www.organisator.ch\\\/wp-content\\\/uploads\\\/2018\\\/08\\\/Ernaehrungsgesundheitsvereine-SGE-und-RADIX-tun-sich-zusammen-up-umweltperspektiven.jpg\",\"datePublished\":\"2018-08-06T03:48:36+00:00\",\"dateModified\":\"2024-11-07T06:18:59+00:00\",\"description\":\"Die SGE erwirtschaftet seit 2015 ein strukturelles Defizit und strebt eine operative Kooperation mit der Gesundheitsstiftung RADIX an.\",\"breadcrumb\":{\"@id\":\"https:\\\/\\\/www.organisator.ch\\\/allgemein\\\/2018-08-06\\\/ernaehrungsgesundheitsvereine-sge-und-radix-kooperieren\\\/#breadcrumb\"},\"inLanguage\":\"de\",\"potentialAction\":[{\"@type\":\"ReadAction\",\"target\":[\"https:\\\/\\\/www.organisator.ch\\\/allgemein\\\/2018-08-06\\\/ernaehrungsgesundheitsvereine-sge-und-radix-kooperieren\\\/\"]}]},{\"@type\":\"ImageObject\",\"inLanguage\":\"de\",\"@id\":\"https:\\\/\\\/www.organisator.ch\\\/allgemein\\\/2018-08-06\\\/ernaehrungsgesundheitsvereine-sge-und-radix-kooperieren\\\/#primaryimage\",\"url\":\"https:\\\/\\\/www.organisator.ch\\\/wp-content\\\/uploads\\\/2018\\\/08\\\/Ernaehrungsgesundheitsvereine-SGE-und-RADIX-tun-sich-zusammen-up-umweltperspektiven.jpg\",\"contentUrl\":\"https:\\\/\\\/www.organisator.ch\\\/wp-content\\\/uploads\\\/2018\\\/08\\\/Ernaehrungsgesundheitsvereine-SGE-und-RADIX-tun-sich-zusammen-up-umweltperspektiven.jpg\",\"width\":687,\"height\":400,\"caption\":\"Die Schweizerischen Gesellschaft f\u00fcr Ern\u00e4hrung SGE und RADIX schliesslich sich zusammen. (Bild: zVg)\"},{\"@type\":\"BreadcrumbList\",\"@id\":\"https:\\\/\\\/www.organisator.ch\\\/allgemein\\\/2018-08-06\\\/ernaehrungsgesundheitsvereine-sge-und-radix-kooperieren\\\/#breadcrumb\",\"itemListElement\":[{\"@type\":\"ListItem\",\"position\":1,\"name\":\"Home\",\"item\":\"https:\\\/\\\/www.organisator.ch\\\/\"},{\"@type\":\"ListItem\",\"position\":2,\"name\":\"SGE und RADIX kooperieren im Namen der Ern\u00e4hrung\"}]},{\"@type\":\"WebSite\",\"@id\":\"https:\\\/\\\/www.organisator.ch\\\/#website\",\"url\":\"https:\\\/\\\/www.organisator.ch\\\/\",\"name\":\"Organisator\",\"description\":\"Kompetent. Praxisnah. Der ORGANISATOR bereitet in 10 Ausgaben pro Jahr die wesentlichen Themen f\u00fcr F\u00fchrungskr\u00e4fte von KMU auf.\",\"publisher\":{\"@id\":\"https:\\\/\\\/www.organisator.ch\\\/#organization\"},\"potentialAction\":[{\"@type\":\"SearchAction\",\"target\":{\"@type\":\"EntryPoint\",\"urlTemplate\":\"https:\\\/\\\/www.organisator.ch\\\/?s={search_term_string}\"},\"query-input\":{\"@type\":\"PropertyValueSpecification\",\"valueRequired\":true,\"valueName\":\"search_term_string\"}}],\"inLanguage\":\"de\"},{\"@type\":\"Organization\",\"@id\":\"https:\\\/\\\/www.organisator.ch\\\/#organization\",\"name\":\"Organisator\",\"url\":\"https:\\\/\\\/www.organisator.ch\\\/\",\"logo\":{\"@type\":\"ImageObject\",\"inLanguage\":\"de\",\"@id\":\"https:\\\/\\\/www.organisator.ch\\\/#\\\/schema\\\/logo\\\/image\\\/\",\"url\":\"https:\\\/\\\/www.organisator.ch\\\/wp-content\\\/uploads\\\/2022\\\/01\\\/Logo_Organisator_Website.png\",\"contentUrl\":\"https:\\\/\\\/www.organisator.ch\\\/wp-content\\\/uploads\\\/2022\\\/01\\\/Logo_Organisator_Website.png\",\"width\":800,\"height\":77,\"caption\":\"Organisator\"},\"image\":{\"@id\":\"https:\\\/\\\/www.organisator.ch\\\/#\\\/schema\\\/logo\\\/image\\\/\"},\"sameAs\":[\"https:\\\/\\\/www.facebook.com\\\/OrganisatorFachmagazin\",\"https:\\\/\\\/www.linkedin.com\\\/showcase\\\/organisator-das-magazin-fr-kmu\",\"https:\\\/\\\/www.xing.com\\\/news\\\/pages\\\/organisator-ch-695\",\"https:\\\/\\\/www.youtube.com\\\/channel\\\/UCGP2Sq0iWaZwT3BdIAQFYpw\"]},{\"@type\":\"Person\",\"@id\":\"https:\\\/\\\/www.organisator.ch\\\/#\\\/schema\\\/person\\\/134708ca9321c57b0362cceb7948ffbd\",\"name\":\"michael.merz\",\"image\":{\"@type\":\"ImageObject\",\"inLanguage\":\"de\",\"@id\":\"https:\\\/\\\/secure.gravatar.com\\\/avatar\\\/?s=96&d=mm&r=g\",\"url\":\"https:\\\/\\\/secure.gravatar.com\\\/avatar\\\/?s=96&d=mm&r=g\",\"contentUrl\":\"https:\\\/\\\/secure.gravatar.com\\\/avatar\\\/?s=96&d=mm&r=g\",\"caption\":\"michael.merz\"},\"url\":\"https:\\\/\\\/www.organisator.ch\\\/de\\\/author\\\/michael-merz\\\/\"}]}<\/script>\n<!-- \/ Yoast SEO plugin. -->","yoast_head_json":{"title":"SGE und RADIX kooperieren im Namen der Ern\u00e4hrung - Organisator","description":"Die SGE erwirtschaftet seit 2015 ein strukturelles Defizit und strebt eine operative Kooperation mit der Gesundheitsstiftung RADIX an.","robots":{"index":"index","follow":"follow","max-snippet":"max-snippet:-1","max-image-preview":"max-image-preview:large","max-video-preview":"max-video-preview:-1"},"canonical":"https:\/\/www.organisator.ch\/de\/allgemein\/2018-08-06\/ernaehrungsgesundheitsvereine-sge-und-radix-kooperieren\/","og_locale":"de_DE","og_type":"article","og_title":"SGE und RADIX kooperieren im Namen der Ern\u00e4hrung - Organisator","og_description":"Die SGE erwirtschaftet seit 2015 ein strukturelles Defizit und strebt eine operative Kooperation mit der Gesundheitsstiftung RADIX an.","og_url":"https:\/\/www.organisator.ch\/de\/allgemein\/2018-08-06\/ernaehrungsgesundheitsvereine-sge-und-radix-kooperieren\/","og_site_name":"Organisator","article_publisher":"https:\/\/www.facebook.com\/OrganisatorFachmagazin","article_published_time":"2018-08-06T03:48:36+00:00","article_modified_time":"2024-11-07T06:18:59+00:00","og_image":[{"width":687,"height":400,"url":"https:\/\/www.organisator.ch\/wp-content\/uploads\/2018\/08\/Ernaehrungsgesundheitsvereine-SGE-und-RADIX-tun-sich-zusammen-up-umweltperspektiven.jpg","type":"image\/jpeg"}],"author":"michael.merz","twitter_card":"summary_large_image","schema":{"@context":"https:\/\/schema.org","@graph":[{"@type":"Article","@id":"https:\/\/www.organisator.ch\/allgemein\/2018-08-06\/ernaehrungsgesundheitsvereine-sge-und-radix-kooperieren\/#article","isPartOf":{"@id":"https:\/\/www.organisator.ch\/allgemein\/2018-08-06\/ernaehrungsgesundheitsvereine-sge-und-radix-kooperieren\/"},"author":{"name":"michael.merz","@id":"https:\/\/www.organisator.ch\/#\/schema\/person\/134708ca9321c57b0362cceb7948ffbd"},"headline":"SGE und RADIX kooperieren im Namen der Ern\u00e4hrung","datePublished":"2018-08-06T03:48:36+00:00","dateModified":"2024-11-07T06:18:59+00:00","mainEntityOfPage":{"@id":"https:\/\/www.organisator.ch\/allgemein\/2018-08-06\/ernaehrungsgesundheitsvereine-sge-und-radix-kooperieren\/"},"wordCount":385,"publisher":{"@id":"https:\/\/www.organisator.ch\/#organization"},"image":{"@id":"https:\/\/www.organisator.ch\/allgemein\/2018-08-06\/ernaehrungsgesundheitsvereine-sge-und-radix-kooperieren\/#primaryimage"},"thumbnailUrl":"https:\/\/www.organisator.ch\/wp-content\/uploads\/2018\/08\/Ernaehrungsgesundheitsvereine-SGE-und-RADIX-tun-sich-zusammen-up-umweltperspektiven.jpg","keywords":["Ern\u00e4hrung","Fachtagung","Kooperation","Schweiz","SGE"],"inLanguage":"de"},{"@type":"WebPage","@id":"https:\/\/www.organisator.ch\/allgemein\/2018-08-06\/ernaehrungsgesundheitsvereine-sge-und-radix-kooperieren\/","url":"https:\/\/www.organisator.ch\/allgemein\/2018-08-06\/ernaehrungsgesundheitsvereine-sge-und-radix-kooperieren\/","name":"SGE und RADIX kooperieren im Namen der Ern\u00e4hrung - Organisator","isPartOf":{"@id":"https:\/\/www.organisator.ch\/#website"},"primaryImageOfPage":{"@id":"https:\/\/www.organisator.ch\/allgemein\/2018-08-06\/ernaehrungsgesundheitsvereine-sge-und-radix-kooperieren\/#primaryimage"},"image":{"@id":"https:\/\/www.organisator.ch\/allgemein\/2018-08-06\/ernaehrungsgesundheitsvereine-sge-und-radix-kooperieren\/#primaryimage"},"thumbnailUrl":"https:\/\/www.organisator.ch\/wp-content\/uploads\/2018\/08\/Ernaehrungsgesundheitsvereine-SGE-und-RADIX-tun-sich-zusammen-up-umweltperspektiven.jpg","datePublished":"2018-08-06T03:48:36+00:00","dateModified":"2024-11-07T06:18:59+00:00","description":"Die SGE erwirtschaftet seit 2015 ein strukturelles Defizit und strebt eine operative Kooperation mit der Gesundheitsstiftung RADIX an.","breadcrumb":{"@id":"https:\/\/www.organisator.ch\/allgemein\/2018-08-06\/ernaehrungsgesundheitsvereine-sge-und-radix-kooperieren\/#breadcrumb"},"inLanguage":"de","potentialAction":[{"@type":"ReadAction","target":["https:\/\/www.organisator.ch\/allgemein\/2018-08-06\/ernaehrungsgesundheitsvereine-sge-und-radix-kooperieren\/"]}]},{"@type":"ImageObject","inLanguage":"de","@id":"https:\/\/www.organisator.ch\/allgemein\/2018-08-06\/ernaehrungsgesundheitsvereine-sge-und-radix-kooperieren\/#primaryimage","url":"https:\/\/www.organisator.ch\/wp-content\/uploads\/2018\/08\/Ernaehrungsgesundheitsvereine-SGE-und-RADIX-tun-sich-zusammen-up-umweltperspektiven.jpg","contentUrl":"https:\/\/www.organisator.ch\/wp-content\/uploads\/2018\/08\/Ernaehrungsgesundheitsvereine-SGE-und-RADIX-tun-sich-zusammen-up-umweltperspektiven.jpg","width":687,"height":400,"caption":"Die Schweizerischen Gesellschaft f\u00fcr Ern\u00e4hrung SGE und RADIX schliesslich sich zusammen. (Bild: zVg)"},{"@type":"BreadcrumbList","@id":"https:\/\/www.organisator.ch\/allgemein\/2018-08-06\/ernaehrungsgesundheitsvereine-sge-und-radix-kooperieren\/#breadcrumb","itemListElement":[{"@type":"ListItem","position":1,"name":"Home","item":"https:\/\/www.organisator.ch\/"},{"@type":"ListItem","position":2,"name":"SGE und RADIX kooperieren im Namen der Ern\u00e4hrung"}]},{"@type":"WebSite","@id":"https:\/\/www.organisator.ch\/#website","url":"https:\/\/www.organisator.ch\/","name":"Organisator","description":"Kompetent. Praxisnah. Der ORGANISATOR bereitet in 10 Ausgaben pro Jahr die wesentlichen Themen f\u00fcr F\u00fchrungskr\u00e4fte von KMU auf.","publisher":{"@id":"https:\/\/www.organisator.ch\/#organization"},"potentialAction":[{"@type":"SearchAction","target":{"@type":"EntryPoint","urlTemplate":"https:\/\/www.organisator.ch\/?s={search_term_string}"},"query-input":{"@type":"PropertyValueSpecification","valueRequired":true,"valueName":"search_term_string"}}],"inLanguage":"de"},{"@type":"Organization","@id":"https:\/\/www.organisator.ch\/#organization","name":"Organisator","url":"https:\/\/www.organisator.ch\/","logo":{"@type":"ImageObject","inLanguage":"de","@id":"https:\/\/www.organisator.ch\/#\/schema\/logo\/image\/","url":"https:\/\/www.organisator.ch\/wp-content\/uploads\/2022\/01\/Logo_Organisator_Website.png","contentUrl":"https:\/\/www.organisator.ch\/wp-content\/uploads\/2022\/01\/Logo_Organisator_Website.png","width":800,"height":77,"caption":"Organisator"},"image":{"@id":"https:\/\/www.organisator.ch\/#\/schema\/logo\/image\/"},"sameAs":["https:\/\/www.facebook.com\/OrganisatorFachmagazin","https:\/\/www.linkedin.com\/showcase\/organisator-das-magazin-fr-kmu","https:\/\/www.xing.com\/news\/pages\/organisator-ch-695","https:\/\/www.youtube.com\/channel\/UCGP2Sq0iWaZwT3BdIAQFYpw"]},{"@type":"Person","@id":"https:\/\/www.organisator.ch\/#\/schema\/person\/134708ca9321c57b0362cceb7948ffbd","name":"michael.merz","image":{"@type":"ImageObject","inLanguage":"de","@id":"https:\/\/secure.gravatar.com\/avatar\/?s=96&d=mm&r=g","url":"https:\/\/secure.gravatar.com\/avatar\/?s=96&d=mm&r=g","contentUrl":"https:\/\/secure.gravatar.com\/avatar\/?s=96&d=mm&r=g","caption":"michael.merz"},"url":"https:\/\/www.organisator.ch\/de\/author\/michael-merz\/"}]}},"_links":{"self":[{"href":"https:\/\/www.organisator.ch\/de\/wp-json\/wp\/v2\/posts\/10048","targetHints":{"allow":["GET"]}}],"collection":[{"href":"https:\/\/www.organisator.ch\/de\/wp-json\/wp\/v2\/posts"}],"about":[{"href":"https:\/\/www.organisator.ch\/de\/wp-json\/wp\/v2\/types\/post"}],"author":[{"embeddable":true,"href":"https:\/\/www.organisator.ch\/de\/wp-json\/wp\/v2\/users\/5"}],"replies":[{"embeddable":true,"href":"https:\/\/www.organisator.ch\/de\/wp-json\/wp\/v2\/comments?post=10048"}],"version-history":[{"count":2,"href":"https:\/\/www.organisator.ch\/de\/wp-json\/wp\/v2\/posts\/10048\/revisions"}],"predecessor-version":[{"id":31647,"href":"https:\/\/www.organisator.ch\/de\/wp-json\/wp\/v2\/posts\/10048\/revisions\/31647"}],"wp:featuredmedia":[{"embeddable":true,"href":"https:\/\/www.organisator.ch\/de\/wp-json\/wp\/v2\/media\/9563"}],"wp:attachment":[{"href":"https:\/\/www.organisator.ch\/de\/wp-json\/wp\/v2\/media?parent=10048"}],"wp:term":[{"taxonomy":"category","embeddable":true,"href":"https:\/\/www.organisator.ch\/de\/wp-json\/wp\/v2\/categories?post=10048"},{"taxonomy":"post_tag","embeddable":true,"href":"https:\/\/www.organisator.ch\/de\/wp-json\/wp\/v2\/tags?post=10048"}],"curies":[{"name":"wp","href":"https:\/\/api.w.org\/{rel}","templated":true}]}}