{"id":10049,"date":"2018-08-16T09:49:36","date_gmt":"2018-08-16T07:49:36","guid":{"rendered":"https:\/\/www.umweltperspektiven.ch\/?p=1825"},"modified":"2022-02-09T11:10:09","modified_gmt":"2022-02-09T10:10:09","slug":"doris-leuthard-ueber-die-umsetzung-der-agenda-2030","status":"publish","type":"post","link":"https:\/\/www.organisator.ch\/de\/sustainability\/2018-08-16\/doris-leuthard-ueber-die-umsetzung-der-agenda-2030\/","title":{"rendered":"Doris Leuthard \u00fcber die Umsetzung der Agenda 2030"},"content":{"rendered":"<figure id=\"attachment_1826\" aria-describedby=\"caption-attachment-1826\" style=\"width: 680px\" class=\"wp-caption alignnone\"><img loading=\"lazy\" decoding=\"async\" class=\"size-medium wp-image-1826\" src=\"\/\/www.umweltperspektiven.ch\/wp-content\/uploads\/2018\/08\/Doris_Leuthard_UNO_Nachhaltigkeitsziele_2013_UP_Umweltperspektiven.jpg\" alt=\"\" width=\"680\" height=\"443\" srcset=\"https:\/\/www.organisator.ch\/wp-content\/uploads\/2018\/08\/Doris_Leuthard_UNO_Nachhaltigkeitsziele_2013_UP_Umweltperspektiven.jpg 955w, https:\/\/www.organisator.ch\/wp-content\/uploads\/2018\/08\/Doris_Leuthard_UNO_Nachhaltigkeitsziele_2013_UP_Umweltperspektiven-680x443.jpg 680w, https:\/\/www.organisator.ch\/wp-content\/uploads\/2018\/08\/Doris_Leuthard_UNO_Nachhaltigkeitsziele_2013_UP_Umweltperspektiven-768x500.jpg 768w, https:\/\/www.organisator.ch\/wp-content\/uploads\/2018\/08\/Doris_Leuthard_UNO_Nachhaltigkeitsziele_2013_UP_Umweltperspektiven-18x12.jpg 18w, https:\/\/www.organisator.ch\/wp-content\/uploads\/2018\/08\/Doris_Leuthard_UNO_Nachhaltigkeitsziele_2013_UP_Umweltperspektiven-269x175.jpg 269w, https:\/\/www.organisator.ch\/wp-content\/uploads\/2018\/08\/Doris_Leuthard_UNO_Nachhaltigkeitsziele_2013_UP_Umweltperspektiven-537x350.jpg 537w, https:\/\/www.organisator.ch\/wp-content\/uploads\/2018\/08\/Doris_Leuthard_UNO_Nachhaltigkeitsziele_2013_UP_Umweltperspektiven-920x599.jpg 920w, https:\/\/www.organisator.ch\/wp-content\/uploads\/2018\/08\/Doris_Leuthard_UNO_Nachhaltigkeitsziele_2013_UP_Umweltperspektiven-300x195.jpg 300w\" sizes=\"auto, (max-width: 680px) 100vw, 680px\" \/><figcaption id=\"caption-attachment-1826\" class=\"wp-caption-text\">Bundesr\u00e4ting Doris Leuthard zieht im Bericht der Schweiz an die UNO eine mehrheitlich positive Zwischenbilanz. Rechts abgebildet steht die Generalsekret\u00e4rin der Vereinten Nationen Amina Mohammed. (Copyright: UVEK)<\/figcaption><\/figure>\n<p>In ihrer Pr\u00e4sentation zeigte Bundesr\u00e4tin Leuthard auf, dass die Schweiz bei vielen Zielen, z.B. zu Gesundheit, Bildung, Energie, Besch\u00e4ftigung, Infrastruktur und Innovation, gut auf Kurs ist. Sie nannte aber auch Bereiche, in denen die Schweiz nach wie vor Handlungsbedarf hat, etwa im Umgang mit dem nicht-nachhaltigen Ressourcenverbrauch aufgrund des Konsumverhaltens im Inland und die Produktionsbedingungen f\u00fcr in die Schweiz importierte G\u00fcter.<\/p>\n<p>Anhand der Pr\u00e4sentation konkreter Massnahmen, welche die Schweiz bereits ergriffen hat, rief sie die Staatengemeinschaft dazu auf, das Engagement weiter zu erh\u00f6hen, um die Klimaerw\u00e4rmung zu drosseln sowie negative Effekte der wirtschaftlichen Entwicklung auf die Umwelt einzud\u00e4mmen.<\/p>\n<p><strong>Zum Pariser Klimaabkommen<\/strong><\/p>\n<p>In der Generaldebatte forderte sie alle Parteien des Pariser Klimaabkommens dazu auf, ihre zugesagten nationalen Beitr\u00e4ge zu leisten, um die Klimaerw\u00e4rmung unter 2 Grad Celsius zu senken und dadurch das Erreichen der Nachhaltigkeitsziele zu beg\u00fcnstigen. Bundesr\u00e4tin Leuthard hob daher hervor, dass es f\u00fcr die Operationalisierung des Pariser Klimaabkommens wichtig sei, dass 2018 ein robustes \u201eRule Book\u201c verabschiedet werde.<\/p>\n<p>Der Klimakonferenz in Katowice, Polen, komme diesbez\u00fcglich eine bedeutende Rolle zu. Bundesr\u00e4tin Leuthard begr\u00fcsste \u00fcberdies die erfolgreich abgeschlossenen Verhandlungen zu einem \u201eGlobal Compact for Migration\u201c.<\/p>\n<p><strong>Lieferketten f\u00fcr Nahrungmittel<\/strong><\/p>\n<p>Bundesr\u00e4tin Leuthard nutzte ihre Pr\u00e4senz am HLPF in New York, um die Schweiz an verschiedenen ministeriellen Veranstaltungen zu vertreten sowie bilaterale Gespr\u00e4che mit hochrangigen VertreterInnen anderer Regierungen und der UNO zu f\u00fchren. An einem von der Schweiz und S\u00fcdafrika durchgef\u00fchrten Anlass zum Thema Nachhaltigkeit von Konsum und Produktion (SDG 12) hielt sie fest, dass es eines noch gr\u00f6sseren gemeinsamen Efforts aller lokaler und internationaler Akteure bed\u00fcrfe, um Lieferketten f\u00fcr Nahrungsmittel umwelt- und sozialvertr\u00e4glich zu <em>gestalten.<\/em><\/p>\n<p>Bundesr\u00e4tin Leuthard nahm \u00fcberdies an einer von Schweden durchgef\u00fchrten Veranstaltung teil, bei der es insbesondere um die Frage ging, wie mittel- und langfristig mit der Thematik Chemikalien und Abfall umgegangen werden soll.<\/p>\n<p>An anderen Veranstaltungen, z.B. zum Umgang mit Wasserknappheit (SDG 6) oder zur Rolle von Unternehmen bei der Umsetzung der SDGs, rief sie dazu auf, weltweit Marktbedingungen zu f\u00f6rdern, die Investitionen privater und institutioneller Anleger in die nachhaltige Entwicklung beg\u00fcnstigen.<\/p>\n<p>Ausserdem traf Bundesr\u00e4tin Leuthard MinisterInnen von Finnland, Korea, \u00c4gypten und Andorra und tauschte sich mit der stellvertretenden Generalsekret\u00e4rin Amina J. Mohammed sowie weiteren hochrangigen UNO-VertreterInnen, unter anderem den Exekutivdirektor der UNEP Erik Solheim, \u00fcber aktuelle politische Herausforderungen auf multilateraler Ebene und insbesondere auch die globale und nationale Umsetzung der Agenda 2030 aus.<\/p>\n<p>&nbsp;<\/p>\n<p><em>Die Schweiz beteiligt sich am Monitoring und an der internationalen Berichterstattung zur Umsetzung und Messung der Resultate der Agenda 2030. Mehr Informationen zur Nationalen Berichterstattung finden Sie <a href=\"\/\/www.eda.admin.ch\/agenda2030\/de\/home\/berichterstattung\/nationale-berichterstattung.html\">hier\u00a0<\/a><br \/>\n<\/em><\/p>\n<p>&nbsp;<\/p>\n<p>&nbsp;<\/p>\n<p>&nbsp;<\/p>\n<p>&nbsp;<\/p>\n<p>&nbsp;<\/p>\n","protected":false},"excerpt":{"rendered":"<p>In ihrer Pr\u00e4sentation zeigte Bundesr\u00e4tin Leuthard auf, dass die Schweiz bei vielen Zielen, z.B. zu Gesundheit, Bildung, Energie, Besch\u00e4ftigung, Infrastruktur und Innovation, gut auf Kurs ist. Sie nannte aber auch Bereiche, in denen die Schweiz nach wie vor Handlungsbedarf hat, etwa im Umgang mit dem nicht-nachhaltigen Ressourcenverbrauch aufgrund des Konsumverhaltens im Inland und die Produktionsbedingungen [&hellip;]<\/p>\n","protected":false},"author":5,"featured_media":1826,"comment_status":"open","ping_status":"open","sticky":false,"template":"","format":"standard","meta":{"_acf_changed":false,"_yoast_wpseo_focuskw":"Doris Leuthard","_yoast_wpseo_metadesc":"Bundesr\u00e4tin Doris Leuthard nahm mitte Juli am High-Level Political Forum for Sustainable Development HLPF) an der UNO in New York teil.","articlekey":"","footnotes":""},"categories":[580],"tags":[679,221,1794,1805],"class_list":["post-10049","post","type-post","status-publish","format-standard","has-post-thumbnail","hentry","category-sustainability","tag-agenda-2030","tag-forum","tag-nachhaltigkeitsziele","tag-nationale-berichterstattung"],"acf":[],"yoast_head":"<!-- This site is optimized with the Yoast SEO plugin v27.4 - https:\/\/yoast.com\/product\/yoast-seo-wordpress\/ -->\n<title>Doris Leuthard \u00fcber die Umsetzung der Agenda 2030 - Organisator<\/title>\n<meta name=\"description\" content=\"Bundesr\u00e4tin Doris Leuthard nahm mitte Juli am High-Level Political Forum for Sustainable Development HLPF) an der UNO in New York teil.\" \/>\n<meta name=\"robots\" content=\"index, follow, max-snippet:-1, max-image-preview:large, max-video-preview:-1\" \/>\n<link rel=\"canonical\" href=\"https:\/\/www.organisator.ch\/de\/sustainability\/2018-08-16\/doris-leuthard-ueber-die-umsetzung-der-agenda-2030\/\" \/>\n<meta property=\"og:locale\" content=\"de_DE\" \/>\n<meta property=\"og:type\" content=\"article\" \/>\n<meta property=\"og:title\" content=\"Doris Leuthard \u00fcber die Umsetzung der Agenda 2030 - Organisator\" \/>\n<meta property=\"og:description\" content=\"Bundesr\u00e4tin Doris Leuthard nahm mitte Juli am High-Level Political Forum for Sustainable Development HLPF) an der UNO in New York teil.\" \/>\n<meta property=\"og:url\" content=\"https:\/\/www.organisator.ch\/de\/sustainability\/2018-08-16\/doris-leuthard-ueber-die-umsetzung-der-agenda-2030\/\" \/>\n<meta property=\"og:site_name\" content=\"Organisator\" \/>\n<meta property=\"article:publisher\" content=\"https:\/\/www.facebook.com\/OrganisatorFachmagazin\" \/>\n<meta property=\"article:published_time\" content=\"2018-08-16T07:49:36+00:00\" \/>\n<meta property=\"article:modified_time\" content=\"2022-02-09T10:10:09+00:00\" \/>\n<meta property=\"og:image\" content=\"https:\/\/www.organisator.ch\/wp-content\/uploads\/2018\/08\/Doris_Leuthard_UNO_Nachhaltigkeitsziele_2013_UP_Umweltperspektiven.jpg\" \/>\n\t<meta property=\"og:image:width\" content=\"955\" \/>\n\t<meta property=\"og:image:height\" content=\"622\" \/>\n\t<meta property=\"og:image:type\" content=\"image\/jpeg\" \/>\n<meta name=\"author\" content=\"michael.merz\" \/>\n<meta name=\"twitter:card\" content=\"summary_large_image\" \/>\n<script type=\"application\/ld+json\" class=\"yoast-schema-graph\">{\"@context\":\"https:\\\/\\\/schema.org\",\"@graph\":[{\"@type\":\"Article\",\"@id\":\"https:\\\/\\\/www.organisator.ch\\\/sustainability\\\/2018-08-16\\\/doris-leuthard-ueber-die-umsetzung-der-agenda-2030\\\/#article\",\"isPartOf\":{\"@id\":\"https:\\\/\\\/www.organisator.ch\\\/sustainability\\\/2018-08-16\\\/doris-leuthard-ueber-die-umsetzung-der-agenda-2030\\\/\"},\"author\":{\"name\":\"michael.merz\",\"@id\":\"https:\\\/\\\/www.organisator.ch\\\/#\\\/schema\\\/person\\\/134708ca9321c57b0362cceb7948ffbd\"},\"headline\":\"Doris Leuthard \u00fcber die Umsetzung der Agenda 2030\",\"datePublished\":\"2018-08-16T07:49:36+00:00\",\"dateModified\":\"2022-02-09T10:10:09+00:00\",\"mainEntityOfPage\":{\"@id\":\"https:\\\/\\\/www.organisator.ch\\\/sustainability\\\/2018-08-16\\\/doris-leuthard-ueber-die-umsetzung-der-agenda-2030\\\/\"},\"wordCount\":492,\"commentCount\":0,\"publisher\":{\"@id\":\"https:\\\/\\\/www.organisator.ch\\\/#organization\"},\"image\":{\"@id\":\"https:\\\/\\\/www.organisator.ch\\\/sustainability\\\/2018-08-16\\\/doris-leuthard-ueber-die-umsetzung-der-agenda-2030\\\/#primaryimage\"},\"thumbnailUrl\":\"https:\\\/\\\/www.organisator.ch\\\/wp-content\\\/uploads\\\/2018\\\/08\\\/Doris_Leuthard_UNO_Nachhaltigkeitsziele_2013_UP_Umweltperspektiven.jpg\",\"keywords\":[\"Agenda 2030\",\"Forum\",\"Nachhaltigkeitsziele\",\"Nationale Berichterstattung\"],\"articleSection\":[\"SUSTAINABILITY\"],\"inLanguage\":\"de\"},{\"@type\":\"WebPage\",\"@id\":\"https:\\\/\\\/www.organisator.ch\\\/sustainability\\\/2018-08-16\\\/doris-leuthard-ueber-die-umsetzung-der-agenda-2030\\\/\",\"url\":\"https:\\\/\\\/www.organisator.ch\\\/sustainability\\\/2018-08-16\\\/doris-leuthard-ueber-die-umsetzung-der-agenda-2030\\\/\",\"name\":\"Doris Leuthard \u00fcber die Umsetzung der Agenda 2030 - Organisator\",\"isPartOf\":{\"@id\":\"https:\\\/\\\/www.organisator.ch\\\/#website\"},\"primaryImageOfPage\":{\"@id\":\"https:\\\/\\\/www.organisator.ch\\\/sustainability\\\/2018-08-16\\\/doris-leuthard-ueber-die-umsetzung-der-agenda-2030\\\/#primaryimage\"},\"image\":{\"@id\":\"https:\\\/\\\/www.organisator.ch\\\/sustainability\\\/2018-08-16\\\/doris-leuthard-ueber-die-umsetzung-der-agenda-2030\\\/#primaryimage\"},\"thumbnailUrl\":\"https:\\\/\\\/www.organisator.ch\\\/wp-content\\\/uploads\\\/2018\\\/08\\\/Doris_Leuthard_UNO_Nachhaltigkeitsziele_2013_UP_Umweltperspektiven.jpg\",\"datePublished\":\"2018-08-16T07:49:36+00:00\",\"dateModified\":\"2022-02-09T10:10:09+00:00\",\"description\":\"Bundesr\u00e4tin Doris Leuthard nahm mitte Juli am High-Level Political Forum for Sustainable Development HLPF) an der UNO in New York teil.\",\"breadcrumb\":{\"@id\":\"https:\\\/\\\/www.organisator.ch\\\/sustainability\\\/2018-08-16\\\/doris-leuthard-ueber-die-umsetzung-der-agenda-2030\\\/#breadcrumb\"},\"inLanguage\":\"de\",\"potentialAction\":[{\"@type\":\"ReadAction\",\"target\":[\"https:\\\/\\\/www.organisator.ch\\\/sustainability\\\/2018-08-16\\\/doris-leuthard-ueber-die-umsetzung-der-agenda-2030\\\/\"]}]},{\"@type\":\"ImageObject\",\"inLanguage\":\"de\",\"@id\":\"https:\\\/\\\/www.organisator.ch\\\/sustainability\\\/2018-08-16\\\/doris-leuthard-ueber-die-umsetzung-der-agenda-2030\\\/#primaryimage\",\"url\":\"https:\\\/\\\/www.organisator.ch\\\/wp-content\\\/uploads\\\/2018\\\/08\\\/Doris_Leuthard_UNO_Nachhaltigkeitsziele_2013_UP_Umweltperspektiven.jpg\",\"contentUrl\":\"https:\\\/\\\/www.organisator.ch\\\/wp-content\\\/uploads\\\/2018\\\/08\\\/Doris_Leuthard_UNO_Nachhaltigkeitsziele_2013_UP_Umweltperspektiven.jpg\",\"width\":955,\"height\":622,\"caption\":\"Bundesr\u00e4ting Doris Leuthard zieht im Bericht der Schweiz an die UNO eine mehrheitlich positive Zwischenbilanz. Rechts abgebildet steht die Generalsekret\u00e4rin der Vereinten Nationen Amina Mohammed. (Copyright: UVEK)\"},{\"@type\":\"BreadcrumbList\",\"@id\":\"https:\\\/\\\/www.organisator.ch\\\/sustainability\\\/2018-08-16\\\/doris-leuthard-ueber-die-umsetzung-der-agenda-2030\\\/#breadcrumb\",\"itemListElement\":[{\"@type\":\"ListItem\",\"position\":1,\"name\":\"Home\",\"item\":\"https:\\\/\\\/www.organisator.ch\\\/\"},{\"@type\":\"ListItem\",\"position\":2,\"name\":\"Doris Leuthard \u00fcber die Umsetzung der Agenda 2030\"}]},{\"@type\":\"WebSite\",\"@id\":\"https:\\\/\\\/www.organisator.ch\\\/#website\",\"url\":\"https:\\\/\\\/www.organisator.ch\\\/\",\"name\":\"Organisator\",\"description\":\"Kompetent. Praxisnah. Der ORGANISATOR bereitet in 10 Ausgaben pro Jahr die wesentlichen Themen f\u00fcr F\u00fchrungskr\u00e4fte von KMU auf.\",\"publisher\":{\"@id\":\"https:\\\/\\\/www.organisator.ch\\\/#organization\"},\"potentialAction\":[{\"@type\":\"SearchAction\",\"target\":{\"@type\":\"EntryPoint\",\"urlTemplate\":\"https:\\\/\\\/www.organisator.ch\\\/?s={search_term_string}\"},\"query-input\":{\"@type\":\"PropertyValueSpecification\",\"valueRequired\":true,\"valueName\":\"search_term_string\"}}],\"inLanguage\":\"de\"},{\"@type\":\"Organization\",\"@id\":\"https:\\\/\\\/www.organisator.ch\\\/#organization\",\"name\":\"Organisator\",\"url\":\"https:\\\/\\\/www.organisator.ch\\\/\",\"logo\":{\"@type\":\"ImageObject\",\"inLanguage\":\"de\",\"@id\":\"https:\\\/\\\/www.organisator.ch\\\/#\\\/schema\\\/logo\\\/image\\\/\",\"url\":\"https:\\\/\\\/www.organisator.ch\\\/wp-content\\\/uploads\\\/2022\\\/01\\\/Logo_Organisator_Website.png\",\"contentUrl\":\"https:\\\/\\\/www.organisator.ch\\\/wp-content\\\/uploads\\\/2022\\\/01\\\/Logo_Organisator_Website.png\",\"width\":800,\"height\":77,\"caption\":\"Organisator\"},\"image\":{\"@id\":\"https:\\\/\\\/www.organisator.ch\\\/#\\\/schema\\\/logo\\\/image\\\/\"},\"sameAs\":[\"https:\\\/\\\/www.facebook.com\\\/OrganisatorFachmagazin\",\"https:\\\/\\\/www.linkedin.com\\\/showcase\\\/organisator-das-magazin-fr-kmu\",\"https:\\\/\\\/www.xing.com\\\/news\\\/pages\\\/organisator-ch-695\",\"https:\\\/\\\/www.youtube.com\\\/channel\\\/UCGP2Sq0iWaZwT3BdIAQFYpw\"]},{\"@type\":\"Person\",\"@id\":\"https:\\\/\\\/www.organisator.ch\\\/#\\\/schema\\\/person\\\/134708ca9321c57b0362cceb7948ffbd\",\"name\":\"michael.merz\",\"image\":{\"@type\":\"ImageObject\",\"inLanguage\":\"de\",\"@id\":\"https:\\\/\\\/secure.gravatar.com\\\/avatar\\\/?s=96&d=mm&r=g\",\"url\":\"https:\\\/\\\/secure.gravatar.com\\\/avatar\\\/?s=96&d=mm&r=g\",\"contentUrl\":\"https:\\\/\\\/secure.gravatar.com\\\/avatar\\\/?s=96&d=mm&r=g\",\"caption\":\"michael.merz\"},\"url\":\"https:\\\/\\\/www.organisator.ch\\\/de\\\/author\\\/michael-merz\\\/\"}]}<\/script>\n<!-- \/ Yoast SEO plugin. -->","yoast_head_json":{"title":"Doris Leuthard \u00fcber die Umsetzung der Agenda 2030 - Organisator","description":"Bundesr\u00e4tin Doris Leuthard nahm mitte Juli am High-Level Political Forum for Sustainable Development HLPF) an der UNO in New York teil.","robots":{"index":"index","follow":"follow","max-snippet":"max-snippet:-1","max-image-preview":"max-image-preview:large","max-video-preview":"max-video-preview:-1"},"canonical":"https:\/\/www.organisator.ch\/de\/sustainability\/2018-08-16\/doris-leuthard-ueber-die-umsetzung-der-agenda-2030\/","og_locale":"de_DE","og_type":"article","og_title":"Doris Leuthard \u00fcber die Umsetzung der Agenda 2030 - Organisator","og_description":"Bundesr\u00e4tin Doris Leuthard nahm mitte Juli am High-Level Political Forum for Sustainable Development HLPF) an der UNO in New York teil.","og_url":"https:\/\/www.organisator.ch\/de\/sustainability\/2018-08-16\/doris-leuthard-ueber-die-umsetzung-der-agenda-2030\/","og_site_name":"Organisator","article_publisher":"https:\/\/www.facebook.com\/OrganisatorFachmagazin","article_published_time":"2018-08-16T07:49:36+00:00","article_modified_time":"2022-02-09T10:10:09+00:00","og_image":[{"width":955,"height":622,"url":"https:\/\/www.organisator.ch\/wp-content\/uploads\/2018\/08\/Doris_Leuthard_UNO_Nachhaltigkeitsziele_2013_UP_Umweltperspektiven.jpg","type":"image\/jpeg"}],"author":"michael.merz","twitter_card":"summary_large_image","schema":{"@context":"https:\/\/schema.org","@graph":[{"@type":"Article","@id":"https:\/\/www.organisator.ch\/sustainability\/2018-08-16\/doris-leuthard-ueber-die-umsetzung-der-agenda-2030\/#article","isPartOf":{"@id":"https:\/\/www.organisator.ch\/sustainability\/2018-08-16\/doris-leuthard-ueber-die-umsetzung-der-agenda-2030\/"},"author":{"name":"michael.merz","@id":"https:\/\/www.organisator.ch\/#\/schema\/person\/134708ca9321c57b0362cceb7948ffbd"},"headline":"Doris Leuthard \u00fcber die Umsetzung der Agenda 2030","datePublished":"2018-08-16T07:49:36+00:00","dateModified":"2022-02-09T10:10:09+00:00","mainEntityOfPage":{"@id":"https:\/\/www.organisator.ch\/sustainability\/2018-08-16\/doris-leuthard-ueber-die-umsetzung-der-agenda-2030\/"},"wordCount":492,"commentCount":0,"publisher":{"@id":"https:\/\/www.organisator.ch\/#organization"},"image":{"@id":"https:\/\/www.organisator.ch\/sustainability\/2018-08-16\/doris-leuthard-ueber-die-umsetzung-der-agenda-2030\/#primaryimage"},"thumbnailUrl":"https:\/\/www.organisator.ch\/wp-content\/uploads\/2018\/08\/Doris_Leuthard_UNO_Nachhaltigkeitsziele_2013_UP_Umweltperspektiven.jpg","keywords":["Agenda 2030","Forum","Nachhaltigkeitsziele","Nationale Berichterstattung"],"articleSection":["SUSTAINABILITY"],"inLanguage":"de"},{"@type":"WebPage","@id":"https:\/\/www.organisator.ch\/sustainability\/2018-08-16\/doris-leuthard-ueber-die-umsetzung-der-agenda-2030\/","url":"https:\/\/www.organisator.ch\/sustainability\/2018-08-16\/doris-leuthard-ueber-die-umsetzung-der-agenda-2030\/","name":"Doris Leuthard \u00fcber die Umsetzung der Agenda 2030 - Organisator","isPartOf":{"@id":"https:\/\/www.organisator.ch\/#website"},"primaryImageOfPage":{"@id":"https:\/\/www.organisator.ch\/sustainability\/2018-08-16\/doris-leuthard-ueber-die-umsetzung-der-agenda-2030\/#primaryimage"},"image":{"@id":"https:\/\/www.organisator.ch\/sustainability\/2018-08-16\/doris-leuthard-ueber-die-umsetzung-der-agenda-2030\/#primaryimage"},"thumbnailUrl":"https:\/\/www.organisator.ch\/wp-content\/uploads\/2018\/08\/Doris_Leuthard_UNO_Nachhaltigkeitsziele_2013_UP_Umweltperspektiven.jpg","datePublished":"2018-08-16T07:49:36+00:00","dateModified":"2022-02-09T10:10:09+00:00","description":"Bundesr\u00e4tin Doris Leuthard nahm mitte Juli am High-Level Political Forum for Sustainable Development HLPF) an der UNO in New York teil.","breadcrumb":{"@id":"https:\/\/www.organisator.ch\/sustainability\/2018-08-16\/doris-leuthard-ueber-die-umsetzung-der-agenda-2030\/#breadcrumb"},"inLanguage":"de","potentialAction":[{"@type":"ReadAction","target":["https:\/\/www.organisator.ch\/sustainability\/2018-08-16\/doris-leuthard-ueber-die-umsetzung-der-agenda-2030\/"]}]},{"@type":"ImageObject","inLanguage":"de","@id":"https:\/\/www.organisator.ch\/sustainability\/2018-08-16\/doris-leuthard-ueber-die-umsetzung-der-agenda-2030\/#primaryimage","url":"https:\/\/www.organisator.ch\/wp-content\/uploads\/2018\/08\/Doris_Leuthard_UNO_Nachhaltigkeitsziele_2013_UP_Umweltperspektiven.jpg","contentUrl":"https:\/\/www.organisator.ch\/wp-content\/uploads\/2018\/08\/Doris_Leuthard_UNO_Nachhaltigkeitsziele_2013_UP_Umweltperspektiven.jpg","width":955,"height":622,"caption":"Bundesr\u00e4ting Doris Leuthard zieht im Bericht der Schweiz an die UNO eine mehrheitlich positive Zwischenbilanz. Rechts abgebildet steht die Generalsekret\u00e4rin der Vereinten Nationen Amina Mohammed. (Copyright: UVEK)"},{"@type":"BreadcrumbList","@id":"https:\/\/www.organisator.ch\/sustainability\/2018-08-16\/doris-leuthard-ueber-die-umsetzung-der-agenda-2030\/#breadcrumb","itemListElement":[{"@type":"ListItem","position":1,"name":"Home","item":"https:\/\/www.organisator.ch\/"},{"@type":"ListItem","position":2,"name":"Doris Leuthard \u00fcber die Umsetzung der Agenda 2030"}]},{"@type":"WebSite","@id":"https:\/\/www.organisator.ch\/#website","url":"https:\/\/www.organisator.ch\/","name":"Organisator","description":"Kompetent. Praxisnah. Der ORGANISATOR bereitet in 10 Ausgaben pro Jahr die wesentlichen Themen f\u00fcr F\u00fchrungskr\u00e4fte von KMU auf.","publisher":{"@id":"https:\/\/www.organisator.ch\/#organization"},"potentialAction":[{"@type":"SearchAction","target":{"@type":"EntryPoint","urlTemplate":"https:\/\/www.organisator.ch\/?s={search_term_string}"},"query-input":{"@type":"PropertyValueSpecification","valueRequired":true,"valueName":"search_term_string"}}],"inLanguage":"de"},{"@type":"Organization","@id":"https:\/\/www.organisator.ch\/#organization","name":"Organisator","url":"https:\/\/www.organisator.ch\/","logo":{"@type":"ImageObject","inLanguage":"de","@id":"https:\/\/www.organisator.ch\/#\/schema\/logo\/image\/","url":"https:\/\/www.organisator.ch\/wp-content\/uploads\/2022\/01\/Logo_Organisator_Website.png","contentUrl":"https:\/\/www.organisator.ch\/wp-content\/uploads\/2022\/01\/Logo_Organisator_Website.png","width":800,"height":77,"caption":"Organisator"},"image":{"@id":"https:\/\/www.organisator.ch\/#\/schema\/logo\/image\/"},"sameAs":["https:\/\/www.facebook.com\/OrganisatorFachmagazin","https:\/\/www.linkedin.com\/showcase\/organisator-das-magazin-fr-kmu","https:\/\/www.xing.com\/news\/pages\/organisator-ch-695","https:\/\/www.youtube.com\/channel\/UCGP2Sq0iWaZwT3BdIAQFYpw"]},{"@type":"Person","@id":"https:\/\/www.organisator.ch\/#\/schema\/person\/134708ca9321c57b0362cceb7948ffbd","name":"michael.merz","image":{"@type":"ImageObject","inLanguage":"de","@id":"https:\/\/secure.gravatar.com\/avatar\/?s=96&d=mm&r=g","url":"https:\/\/secure.gravatar.com\/avatar\/?s=96&d=mm&r=g","contentUrl":"https:\/\/secure.gravatar.com\/avatar\/?s=96&d=mm&r=g","caption":"michael.merz"},"url":"https:\/\/www.organisator.ch\/de\/author\/michael-merz\/"}]}},"_links":{"self":[{"href":"https:\/\/www.organisator.ch\/de\/wp-json\/wp\/v2\/posts\/10049","targetHints":{"allow":["GET"]}}],"collection":[{"href":"https:\/\/www.organisator.ch\/de\/wp-json\/wp\/v2\/posts"}],"about":[{"href":"https:\/\/www.organisator.ch\/de\/wp-json\/wp\/v2\/types\/post"}],"author":[{"embeddable":true,"href":"https:\/\/www.organisator.ch\/de\/wp-json\/wp\/v2\/users\/5"}],"replies":[{"embeddable":true,"href":"https:\/\/www.organisator.ch\/de\/wp-json\/wp\/v2\/comments?post=10049"}],"version-history":[{"count":1,"href":"https:\/\/www.organisator.ch\/de\/wp-json\/wp\/v2\/posts\/10049\/revisions"}],"predecessor-version":[{"id":10920,"href":"https:\/\/www.organisator.ch\/de\/wp-json\/wp\/v2\/posts\/10049\/revisions\/10920"}],"wp:featuredmedia":[{"embeddable":true,"href":"https:\/\/www.organisator.ch\/de\/wp-json\/wp\/v2\/media\/1826"}],"wp:attachment":[{"href":"https:\/\/www.organisator.ch\/de\/wp-json\/wp\/v2\/media?parent=10049"}],"wp:term":[{"taxonomy":"category","embeddable":true,"href":"https:\/\/www.organisator.ch\/de\/wp-json\/wp\/v2\/categories?post=10049"},{"taxonomy":"post_tag","embeddable":true,"href":"https:\/\/www.organisator.ch\/de\/wp-json\/wp\/v2\/tags?post=10049"}],"curies":[{"name":"wp","href":"https:\/\/api.w.org\/{rel}","templated":true}]}}