{"id":10055,"date":"2018-11-23T13:01:08","date_gmt":"2018-11-23T12:01:08","guid":{"rendered":"https:\/\/www.umweltperspektiven.ch\/?p=1908"},"modified":"2022-02-09T11:10:08","modified_gmt":"2022-02-09T10:10:08","slug":"ifz-sustainable-investments-studie-2018-ueber-nachhaltige-fonds","status":"publish","type":"post","link":"https:\/\/www.organisator.ch\/de\/sustainability\/2018-11-23\/ifz-sustainable-investments-studie-2018-ueber-nachhaltige-fonds\/","title":{"rendered":"&#8222;IFZ Sustainable Investments Studie 2018&#8220; \u00fcber nachhaltige Fonds"},"content":{"rendered":"<figure id=\"attachment_1910\" aria-describedby=\"caption-attachment-1910\" style=\"width: 680px\" class=\"wp-caption alignnone\"><img loading=\"lazy\" decoding=\"async\" class=\"size-medium wp-image-1910\" src=\"\/\/www.umweltperspektiven.ch\/wp-content\/uploads\/2018\/11\/ifz-sustainable-investments-up-umweltperspektiven.jpg\" alt=\"\" width=\"680\" height=\"454\" \/><figcaption id=\"caption-attachment-1910\" class=\"wp-caption-text\">27 Prozent der nachhaltigen Publikumsfonds investiert in ein relevantes Thema wie etwa Klima, Umwelt, Energie oder Soziales, heisst es in der IFZ Studie. (Symbolbild: depositphotos)<\/figcaption><\/figure>\n<p>Der Studienleiter der der &#8222;IFZ Sustainable Investments Studie 2018&#8220; Manfred St\u00fcttgen beobachtet eine Tendenz: \u00abThemenfonds greifen meist zeitgen\u00f6ssische Debatten auf, gegenw\u00e4rtig Umweltthemen wie den Klimawandel oder soziale Herausforderungen wie den demographischen Wandel\u00bb, sagt St\u00fcttgen. Themenfonds mit einem Fokus auf Umwelt und Klima wachsen \u00fcberproportional.<\/p>\n<p>Sie profitieren von der Nachfrage nach gr\u00fcnen Obligationen (Green Bonds). Diesen Fonds sind \u00fcber 1 Milliarde Franken Neugeld zugeflossen. Auch das Angebot an Fonds mit einem sozialen Thema wie Demographie, Generationengerechtigkeit oder Geschlechterdiversit\u00e4t wird breiter. Diese Fonds sind im Vergleich zu anderen Themenfonds (z. B. Wasser) noch relativ jung.<\/p>\n<p>Nachhaltige Anlagen gelten als erfolgreiche Innovation und erreichen eine immer breitere Investorenbasis: Die Anzahl an nachhaltigen Publikumsfonds steigt im Vergleich zum Vorjahr von 336 auf 423 Fonds (+26 Prozent). Die darin verwalteten Verm\u00f6gen wachsen von 109 auf 157 Milliarden Franken (+44 Prozent). Das zeigt die Studie des Instituts f\u00fcr Finanzdienstleitungen Zug IFZ der Hochschule Luzern, die nachhaltige Investmentfonds mit \u00f6ffentlicher Vertriebszulassung in der Schweiz analysiert.<\/p>\n<p><strong>21 Milliarden Franken Neugeld<\/strong><\/p>\n<p>Investoren bevorzugen vermehrt Fonds, die neben finanziellen Kriterien auch \u00f6kologische, soziale oder governance-spezifische Faktoren ber\u00fccksichtigen. Von den 8&#8217;788 Publikumsfonds mit Schweizer Vertriebszulassung werden 423 Fonds gem\u00e4ss der Studie als nachhaltig bezeichnet. Bestehende nachhaltige Fonds haben \u00fcber die Beobachtungsdauer 21 Milliarden Franken Neugeld angezogen. Das entspricht einem Nettomittelzufluss von rund 20 Prozent. Relativ zum Fondsverm\u00f6gen ziehen damit nachhaltige Fonds doppelt so viel Neugeld an wie der Gesamtmarkt aller Publikumsfonds in der Schweiz.<\/p>\n<p><strong>Schweizer Fondsanbieter sind besonders aktiv<\/strong><br \/>\nDie 423 Fonds werden von 119 Fondsanbietern offeriert. Unter den zehn gr\u00f6ssten Instituten mit den h\u00f6chsten verwalteten Verm\u00f6gen in nachhaltigen Publikumsfonds rangieren auch vier Schweizer (siehe Abbildung 2). Schweizer Anbieter markieren ausserdem mit neu lancierten nachhaltigen Fonds vermehrt Pr\u00e4senz: Zehn lokale Institute haben \u00fcber das Berichtsjahr mehr als zwei neue Nachhaltigkeitsfonds aufgesetzt. Neben einer Grossbank z\u00e4hlen dazu ausgew\u00e4hlte Kantonalbanken und Schweizer Asset Manager.<\/p>\n<p><strong>Passive Fonds werden relevanter<\/strong><br \/>\nVon den 423 nachhaltigen Fonds haben aktiv verwaltete Fonds weiterhin ein deutliches \u00dcbergewicht (siehe Abbildung 4). Passive Fonds machen lediglich 10 Prozent aus, die Wachstumsraten sind allerdings beachtlich: Passive nachhaltige Fonds verzeichnen Neugeld-Zuflussraten in der H\u00f6he von 33 Prozent. Dies ist signifikant h\u00f6her als bei passiv gemanagten konventionellen Fonds. Obwohl Banken und Fondsanbieter die Angebotspalette passiver nachhaltiger Fonds \u00fcber das vergangene Jahr um fast 50 Prozent erweitert haben, ist dieses Angebot weiterhin beschr\u00e4nkt.<\/p>\n<p>Ausschlusskriterien, Positivselektion und normbasiertes Screening sind h\u00e4ufig<br \/>\nEin entscheidendes Abgrenzungskriterium nachhaltiger Fonds ist die im Anlageprozess umgesetzte Nachhaltigkeitsstrategie. Meist werden verschiedene Strategien miteinander kombiniert: 78 Prozent der 423 nachhaltigen Fonds schliessen aus \u00f6kologischen, sozialen oder governance-spezifischen Erw\u00e4gungen gewisse Anlageobjekte aus, wie etwa Produzenten bestimmter Waffen (Ausschlusskriterien). 64 Prozent w\u00e4hlen Anlageobjekte aus, die sozial-\u00f6kologische Kriterien wie Umweltschutz besonders gut erf\u00fcllen (Positivselektion). 61 Prozent der Fonds pr\u00fcfen ihre Investments auf die Einhaltung internationaler Standards wie dem Global Compact der Vereinten Nationen (normbasiertes Screening).<br \/>\nKein Konsens zur Beurteilung der Nachhaltigkeitsleistung<\/p>\n<p>Die Studie zeigt, wie \u00abNachhaltigkeit\u00bb von Unternehmen gemessen und beurteilt werden kann. Oft ist man sich in der Praxis uneinig \u00fcber die \u00abrichtigen\u00bb Beurteilungskriterien. Rating-Agenturen leisten hier Hilfestellung, um die Nachhaltigkeitsleistung von Unternehmen zu beurteilen.<\/p>\n<p><strong>Wirkung der Fonds schwierig zu messen<\/strong><br \/>\n\u00abDerzeit ist es noch schwer, die Wirkung nachhaltiger Fonds zu messen\u00bb, sagt Manfred St\u00fcttgen. Fondsanbieter versuchen aber, mit sogenannten Impact Fonds diesem Erfordernis nachzukommen: Sie wollen die soziale und \u00f6kologische Wirkung messen und ausweisen. Nicht nur f\u00fcr Fondsanbieter ist ein transparentes Nachhaltigkeits-Reporting von Bedeutung. Auch f\u00fcr Pensionskassen werden messbare Nachhaltigkeits-Kennziffern aufgrund von Risiko-Erw\u00e4gungen im Anlageprozess immer relevanter.<\/p>\n<p>Auf die Umsetzung von Nachhaltigkeitskriterien im Investmentprozess von Schweizer Pensionskassen geht die Studie anhand von Praxisbeispielen ausf\u00fchrlich ein.<\/p>\n<p><em>Die \u00abSustainable Investments Studie 2018\u00bb kann unter ifz@hslu.ch f\u00fcr 190 Franken bestellt werden. Eine digitale Version der Studie steht <a href=\"\/\/www.hslu.ch\/de-ch\/hochschule-luzern\/ueber-uns\/medien\/medienmitteilungen\/2018\/11\/22\/sustainable-investments-studie\/\">hier<\/a> zur Verf\u00fcgung.<\/em><\/p>\n<figure id=\"attachment_1909\" aria-describedby=\"caption-attachment-1909\" style=\"width: 680px\" class=\"wp-caption alignnone\"><img loading=\"lazy\" decoding=\"async\" class=\"size-medium wp-image-1909\" src=\"\/\/www.umweltperspektiven.ch\/wp-content\/uploads\/2018\/11\/ifz_sustainable_studie_Publikumsfonds-up-umweltperspektiven.jpg\" alt=\"\" width=\"680\" height=\"902\" srcset=\"https:\/\/www.organisator.ch\/wp-content\/uploads\/2018\/11\/ifz_sustainable_studie_Publikumsfonds-up-umweltperspektiven.jpg 884w, https:\/\/www.organisator.ch\/wp-content\/uploads\/2018\/11\/ifz_sustainable_studie_Publikumsfonds-up-umweltperspektiven-680x902.jpg 680w, https:\/\/www.organisator.ch\/wp-content\/uploads\/2018\/11\/ifz_sustainable_studie_Publikumsfonds-up-umweltperspektiven-772x1024.jpg 772w, https:\/\/www.organisator.ch\/wp-content\/uploads\/2018\/11\/ifz_sustainable_studie_Publikumsfonds-up-umweltperspektiven-768x1018.jpg 768w, https:\/\/www.organisator.ch\/wp-content\/uploads\/2018\/11\/ifz_sustainable_studie_Publikumsfonds-up-umweltperspektiven-9x12.jpg 9w, https:\/\/www.organisator.ch\/wp-content\/uploads\/2018\/11\/ifz_sustainable_studie_Publikumsfonds-up-umweltperspektiven-132x175.jpg 132w, https:\/\/www.organisator.ch\/wp-content\/uploads\/2018\/11\/ifz_sustainable_studie_Publikumsfonds-up-umweltperspektiven-264x350.jpg 264w, https:\/\/www.organisator.ch\/wp-content\/uploads\/2018\/11\/ifz_sustainable_studie_Publikumsfonds-up-umweltperspektiven-603x800.jpg 603w, https:\/\/www.organisator.ch\/wp-content\/uploads\/2018\/11\/ifz_sustainable_studie_Publikumsfonds-up-umweltperspektiven-300x398.jpg 300w\" sizes=\"auto, (max-width: 680px) 100vw, 680px\" \/><figcaption id=\"caption-attachment-1909\" class=\"wp-caption-text\">(Quelle: HSLU)<\/figcaption><\/figure>\n<p>&nbsp;<\/p>\n<p>&nbsp;<\/p>\n","protected":false},"excerpt":{"rendered":"<p>Der Studienleiter der der &#8222;IFZ Sustainable Investments Studie 2018&#8220; Manfred St\u00fcttgen beobachtet eine Tendenz: \u00abThemenfonds greifen meist zeitgen\u00f6ssische Debatten auf, gegenw\u00e4rtig Umweltthemen wie den Klimawandel oder soziale Herausforderungen wie den demographischen Wandel\u00bb, sagt St\u00fcttgen. Themenfonds mit einem Fokus auf Umwelt und Klima wachsen \u00fcberproportional. Sie profitieren von der Nachfrage nach gr\u00fcnen Obligationen (Green Bonds). Diesen [&hellip;]<\/p>\n","protected":false},"author":5,"featured_media":9573,"comment_status":"open","ping_status":"open","sticky":false,"template":"","format":"standard","meta":{"_acf_changed":false,"_yoast_wpseo_focuskw":"IFZ Sustainable Investments Studie 2018","_yoast_wpseo_metadesc":"Die \u00abIFZ Sustainable Investments Studie 2018\u00bb der Hochschule Luzern belegt, dass nachhaltige Investmentfonds um ein Mehrfaches wachsen.","articlekey":"","footnotes":""},"categories":[580],"tags":[1125,1752,1889,377,2174,459,2251],"class_list":["post-10055","post","type-post","status-publish","format-standard","has-post-thumbnail","hentry","category-sustainability","tag-esg","tag-nachhaltig-anlegen","tag-passive-fonds","tag-pensionskassen","tag-sri","tag-studie","tag-sustainable-investments"],"acf":[],"yoast_head":"<!-- This site is optimized with the Yoast SEO plugin v27.5 - https:\/\/yoast.com\/product\/yoast-seo-wordpress\/ -->\n<title>&quot;IFZ Sustainable Investments Studie 2018&quot; \u00fcber nachhaltige Fonds - Organisator<\/title>\n<meta name=\"description\" content=\"Die \u00abIFZ Sustainable Investments Studie 2018\u00bb der Hochschule Luzern belegt, dass nachhaltige Investmentfonds um ein Mehrfaches wachsen.\" \/>\n<meta name=\"robots\" content=\"index, follow, max-snippet:-1, max-image-preview:large, max-video-preview:-1\" \/>\n<link rel=\"canonical\" href=\"https:\/\/www.organisator.ch\/de\/sustainability\/2018-11-23\/ifz-sustainable-investments-studie-2018-ueber-nachhaltige-fonds\/\" \/>\n<meta property=\"og:locale\" content=\"de_DE\" \/>\n<meta property=\"og:type\" content=\"article\" \/>\n<meta property=\"og:title\" content=\"&quot;IFZ Sustainable Investments Studie 2018&quot; \u00fcber nachhaltige Fonds - Organisator\" \/>\n<meta property=\"og:description\" content=\"Die \u00abIFZ Sustainable Investments Studie 2018\u00bb der Hochschule Luzern belegt, dass nachhaltige Investmentfonds um ein Mehrfaches wachsen.\" \/>\n<meta property=\"og:url\" content=\"https:\/\/www.organisator.ch\/de\/sustainability\/2018-11-23\/ifz-sustainable-investments-studie-2018-ueber-nachhaltige-fonds\/\" \/>\n<meta property=\"og:site_name\" content=\"Organisator\" \/>\n<meta property=\"article:publisher\" content=\"https:\/\/www.facebook.com\/OrganisatorFachmagazin\" \/>\n<meta property=\"article:published_time\" content=\"2018-11-23T12:01:08+00:00\" \/>\n<meta property=\"article:modified_time\" content=\"2022-02-09T10:10:08+00:00\" \/>\n<meta property=\"og:image\" content=\"https:\/\/www.organisator.ch\/wp-content\/uploads\/2018\/11\/ifz-sustainable-investments-up-umweltperspektiven.jpg\" \/>\n\t<meta property=\"og:image:width\" content=\"1000\" \/>\n\t<meta property=\"og:image:height\" content=\"667\" \/>\n\t<meta property=\"og:image:type\" content=\"image\/jpeg\" \/>\n<meta name=\"author\" content=\"michael.merz\" \/>\n<meta name=\"twitter:card\" content=\"summary_large_image\" \/>\n<script type=\"application\/ld+json\" class=\"yoast-schema-graph\">{\"@context\":\"https:\\\/\\\/schema.org\",\"@graph\":[{\"@type\":\"Article\",\"@id\":\"https:\\\/\\\/www.organisator.ch\\\/sustainability\\\/2018-11-23\\\/ifz-sustainable-investments-studie-2018-ueber-nachhaltige-fonds\\\/#article\",\"isPartOf\":{\"@id\":\"https:\\\/\\\/www.organisator.ch\\\/sustainability\\\/2018-11-23\\\/ifz-sustainable-investments-studie-2018-ueber-nachhaltige-fonds\\\/\"},\"author\":{\"name\":\"michael.merz\",\"@id\":\"https:\\\/\\\/www.organisator.ch\\\/#\\\/schema\\\/person\\\/134708ca9321c57b0362cceb7948ffbd\"},\"headline\":\"&#8222;IFZ Sustainable Investments Studie 2018&#8220; \u00fcber nachhaltige Fonds\",\"datePublished\":\"2018-11-23T12:01:08+00:00\",\"dateModified\":\"2022-02-09T10:10:08+00:00\",\"mainEntityOfPage\":{\"@id\":\"https:\\\/\\\/www.organisator.ch\\\/sustainability\\\/2018-11-23\\\/ifz-sustainable-investments-studie-2018-ueber-nachhaltige-fonds\\\/\"},\"wordCount\":660,\"commentCount\":0,\"publisher\":{\"@id\":\"https:\\\/\\\/www.organisator.ch\\\/#organization\"},\"image\":{\"@id\":\"https:\\\/\\\/www.organisator.ch\\\/sustainability\\\/2018-11-23\\\/ifz-sustainable-investments-studie-2018-ueber-nachhaltige-fonds\\\/#primaryimage\"},\"thumbnailUrl\":\"https:\\\/\\\/www.organisator.ch\\\/wp-content\\\/uploads\\\/2018\\\/11\\\/ifz-sustainable-investments-up-umweltperspektiven.jpg\",\"keywords\":[\"ESG\",\"nachhaltig anlegen\",\"passive Fonds\",\"Pensionskassen\",\"SRI\",\"Studie\",\"sustainable investments\"],\"articleSection\":[\"SUSTAINABILITY\"],\"inLanguage\":\"de\"},{\"@type\":\"WebPage\",\"@id\":\"https:\\\/\\\/www.organisator.ch\\\/sustainability\\\/2018-11-23\\\/ifz-sustainable-investments-studie-2018-ueber-nachhaltige-fonds\\\/\",\"url\":\"https:\\\/\\\/www.organisator.ch\\\/sustainability\\\/2018-11-23\\\/ifz-sustainable-investments-studie-2018-ueber-nachhaltige-fonds\\\/\",\"name\":\"\\\"IFZ Sustainable Investments Studie 2018\\\" \u00fcber nachhaltige Fonds - Organisator\",\"isPartOf\":{\"@id\":\"https:\\\/\\\/www.organisator.ch\\\/#website\"},\"primaryImageOfPage\":{\"@id\":\"https:\\\/\\\/www.organisator.ch\\\/sustainability\\\/2018-11-23\\\/ifz-sustainable-investments-studie-2018-ueber-nachhaltige-fonds\\\/#primaryimage\"},\"image\":{\"@id\":\"https:\\\/\\\/www.organisator.ch\\\/sustainability\\\/2018-11-23\\\/ifz-sustainable-investments-studie-2018-ueber-nachhaltige-fonds\\\/#primaryimage\"},\"thumbnailUrl\":\"https:\\\/\\\/www.organisator.ch\\\/wp-content\\\/uploads\\\/2018\\\/11\\\/ifz-sustainable-investments-up-umweltperspektiven.jpg\",\"datePublished\":\"2018-11-23T12:01:08+00:00\",\"dateModified\":\"2022-02-09T10:10:08+00:00\",\"description\":\"Die \u00abIFZ Sustainable Investments Studie 2018\u00bb der Hochschule Luzern belegt, dass nachhaltige Investmentfonds um ein Mehrfaches wachsen.\",\"breadcrumb\":{\"@id\":\"https:\\\/\\\/www.organisator.ch\\\/sustainability\\\/2018-11-23\\\/ifz-sustainable-investments-studie-2018-ueber-nachhaltige-fonds\\\/#breadcrumb\"},\"inLanguage\":\"de\",\"potentialAction\":[{\"@type\":\"ReadAction\",\"target\":[\"https:\\\/\\\/www.organisator.ch\\\/sustainability\\\/2018-11-23\\\/ifz-sustainable-investments-studie-2018-ueber-nachhaltige-fonds\\\/\"]}]},{\"@type\":\"ImageObject\",\"inLanguage\":\"de\",\"@id\":\"https:\\\/\\\/www.organisator.ch\\\/sustainability\\\/2018-11-23\\\/ifz-sustainable-investments-studie-2018-ueber-nachhaltige-fonds\\\/#primaryimage\",\"url\":\"https:\\\/\\\/www.organisator.ch\\\/wp-content\\\/uploads\\\/2018\\\/11\\\/ifz-sustainable-investments-up-umweltperspektiven.jpg\",\"contentUrl\":\"https:\\\/\\\/www.organisator.ch\\\/wp-content\\\/uploads\\\/2018\\\/11\\\/ifz-sustainable-investments-up-umweltperspektiven.jpg\",\"width\":1000,\"height\":667,\"caption\":\"27 Prozent der nachhaltigen Publikumsfonds investiert in ein nachhaltigkeitsrelevantes Thema wie etwa Klima, Umwelt, Energie oder Soziales, heisst es in der IFZ Studie. (Symbolbild: depositphotos)\"},{\"@type\":\"BreadcrumbList\",\"@id\":\"https:\\\/\\\/www.organisator.ch\\\/sustainability\\\/2018-11-23\\\/ifz-sustainable-investments-studie-2018-ueber-nachhaltige-fonds\\\/#breadcrumb\",\"itemListElement\":[{\"@type\":\"ListItem\",\"position\":1,\"name\":\"Home\",\"item\":\"https:\\\/\\\/www.organisator.ch\\\/\"},{\"@type\":\"ListItem\",\"position\":2,\"name\":\"&#8222;IFZ Sustainable Investments Studie 2018&#8220; \u00fcber nachhaltige Fonds\"}]},{\"@type\":\"WebSite\",\"@id\":\"https:\\\/\\\/www.organisator.ch\\\/#website\",\"url\":\"https:\\\/\\\/www.organisator.ch\\\/\",\"name\":\"Organisator\",\"description\":\"Kompetent. Praxisnah. Der ORGANISATOR bereitet in 10 Ausgaben pro Jahr die wesentlichen Themen f\u00fcr F\u00fchrungskr\u00e4fte von KMU auf.\",\"publisher\":{\"@id\":\"https:\\\/\\\/www.organisator.ch\\\/#organization\"},\"potentialAction\":[{\"@type\":\"SearchAction\",\"target\":{\"@type\":\"EntryPoint\",\"urlTemplate\":\"https:\\\/\\\/www.organisator.ch\\\/?s={search_term_string}\"},\"query-input\":{\"@type\":\"PropertyValueSpecification\",\"valueRequired\":true,\"valueName\":\"search_term_string\"}}],\"inLanguage\":\"de\"},{\"@type\":\"Organization\",\"@id\":\"https:\\\/\\\/www.organisator.ch\\\/#organization\",\"name\":\"Organisator\",\"url\":\"https:\\\/\\\/www.organisator.ch\\\/\",\"logo\":{\"@type\":\"ImageObject\",\"inLanguage\":\"de\",\"@id\":\"https:\\\/\\\/www.organisator.ch\\\/#\\\/schema\\\/logo\\\/image\\\/\",\"url\":\"https:\\\/\\\/www.organisator.ch\\\/wp-content\\\/uploads\\\/2022\\\/01\\\/Logo_Organisator_Website.png\",\"contentUrl\":\"https:\\\/\\\/www.organisator.ch\\\/wp-content\\\/uploads\\\/2022\\\/01\\\/Logo_Organisator_Website.png\",\"width\":800,\"height\":77,\"caption\":\"Organisator\"},\"image\":{\"@id\":\"https:\\\/\\\/www.organisator.ch\\\/#\\\/schema\\\/logo\\\/image\\\/\"},\"sameAs\":[\"https:\\\/\\\/www.facebook.com\\\/OrganisatorFachmagazin\",\"https:\\\/\\\/www.linkedin.com\\\/showcase\\\/organisator-das-magazin-fr-kmu\",\"https:\\\/\\\/www.xing.com\\\/news\\\/pages\\\/organisator-ch-695\",\"https:\\\/\\\/www.youtube.com\\\/channel\\\/UCGP2Sq0iWaZwT3BdIAQFYpw\"]},{\"@type\":\"Person\",\"@id\":\"https:\\\/\\\/www.organisator.ch\\\/#\\\/schema\\\/person\\\/134708ca9321c57b0362cceb7948ffbd\",\"name\":\"michael.merz\",\"image\":{\"@type\":\"ImageObject\",\"inLanguage\":\"de\",\"@id\":\"https:\\\/\\\/secure.gravatar.com\\\/avatar\\\/?s=96&d=mm&r=g\",\"url\":\"https:\\\/\\\/secure.gravatar.com\\\/avatar\\\/?s=96&d=mm&r=g\",\"contentUrl\":\"https:\\\/\\\/secure.gravatar.com\\\/avatar\\\/?s=96&d=mm&r=g\",\"caption\":\"michael.merz\"},\"url\":\"https:\\\/\\\/www.organisator.ch\\\/de\\\/author\\\/michael-merz\\\/\"}]}<\/script>\n<!-- \/ Yoast SEO plugin. -->","yoast_head_json":{"title":"\"IFZ Sustainable Investments Studie 2018\" \u00fcber nachhaltige Fonds - Organisator","description":"Die \u00abIFZ Sustainable Investments Studie 2018\u00bb der Hochschule Luzern belegt, dass nachhaltige Investmentfonds um ein Mehrfaches wachsen.","robots":{"index":"index","follow":"follow","max-snippet":"max-snippet:-1","max-image-preview":"max-image-preview:large","max-video-preview":"max-video-preview:-1"},"canonical":"https:\/\/www.organisator.ch\/de\/sustainability\/2018-11-23\/ifz-sustainable-investments-studie-2018-ueber-nachhaltige-fonds\/","og_locale":"de_DE","og_type":"article","og_title":"\"IFZ Sustainable Investments Studie 2018\" \u00fcber nachhaltige Fonds - Organisator","og_description":"Die \u00abIFZ Sustainable Investments Studie 2018\u00bb der Hochschule Luzern belegt, dass nachhaltige Investmentfonds um ein Mehrfaches wachsen.","og_url":"https:\/\/www.organisator.ch\/de\/sustainability\/2018-11-23\/ifz-sustainable-investments-studie-2018-ueber-nachhaltige-fonds\/","og_site_name":"Organisator","article_publisher":"https:\/\/www.facebook.com\/OrganisatorFachmagazin","article_published_time":"2018-11-23T12:01:08+00:00","article_modified_time":"2022-02-09T10:10:08+00:00","og_image":[{"width":1000,"height":667,"url":"https:\/\/www.organisator.ch\/wp-content\/uploads\/2018\/11\/ifz-sustainable-investments-up-umweltperspektiven.jpg","type":"image\/jpeg"}],"author":"michael.merz","twitter_card":"summary_large_image","schema":{"@context":"https:\/\/schema.org","@graph":[{"@type":"Article","@id":"https:\/\/www.organisator.ch\/sustainability\/2018-11-23\/ifz-sustainable-investments-studie-2018-ueber-nachhaltige-fonds\/#article","isPartOf":{"@id":"https:\/\/www.organisator.ch\/sustainability\/2018-11-23\/ifz-sustainable-investments-studie-2018-ueber-nachhaltige-fonds\/"},"author":{"name":"michael.merz","@id":"https:\/\/www.organisator.ch\/#\/schema\/person\/134708ca9321c57b0362cceb7948ffbd"},"headline":"&#8222;IFZ Sustainable Investments Studie 2018&#8220; \u00fcber nachhaltige Fonds","datePublished":"2018-11-23T12:01:08+00:00","dateModified":"2022-02-09T10:10:08+00:00","mainEntityOfPage":{"@id":"https:\/\/www.organisator.ch\/sustainability\/2018-11-23\/ifz-sustainable-investments-studie-2018-ueber-nachhaltige-fonds\/"},"wordCount":660,"commentCount":0,"publisher":{"@id":"https:\/\/www.organisator.ch\/#organization"},"image":{"@id":"https:\/\/www.organisator.ch\/sustainability\/2018-11-23\/ifz-sustainable-investments-studie-2018-ueber-nachhaltige-fonds\/#primaryimage"},"thumbnailUrl":"https:\/\/www.organisator.ch\/wp-content\/uploads\/2018\/11\/ifz-sustainable-investments-up-umweltperspektiven.jpg","keywords":["ESG","nachhaltig anlegen","passive Fonds","Pensionskassen","SRI","Studie","sustainable investments"],"articleSection":["SUSTAINABILITY"],"inLanguage":"de"},{"@type":"WebPage","@id":"https:\/\/www.organisator.ch\/sustainability\/2018-11-23\/ifz-sustainable-investments-studie-2018-ueber-nachhaltige-fonds\/","url":"https:\/\/www.organisator.ch\/sustainability\/2018-11-23\/ifz-sustainable-investments-studie-2018-ueber-nachhaltige-fonds\/","name":"\"IFZ Sustainable Investments Studie 2018\" \u00fcber nachhaltige Fonds - Organisator","isPartOf":{"@id":"https:\/\/www.organisator.ch\/#website"},"primaryImageOfPage":{"@id":"https:\/\/www.organisator.ch\/sustainability\/2018-11-23\/ifz-sustainable-investments-studie-2018-ueber-nachhaltige-fonds\/#primaryimage"},"image":{"@id":"https:\/\/www.organisator.ch\/sustainability\/2018-11-23\/ifz-sustainable-investments-studie-2018-ueber-nachhaltige-fonds\/#primaryimage"},"thumbnailUrl":"https:\/\/www.organisator.ch\/wp-content\/uploads\/2018\/11\/ifz-sustainable-investments-up-umweltperspektiven.jpg","datePublished":"2018-11-23T12:01:08+00:00","dateModified":"2022-02-09T10:10:08+00:00","description":"Die \u00abIFZ Sustainable Investments Studie 2018\u00bb der Hochschule Luzern belegt, dass nachhaltige Investmentfonds um ein Mehrfaches wachsen.","breadcrumb":{"@id":"https:\/\/www.organisator.ch\/sustainability\/2018-11-23\/ifz-sustainable-investments-studie-2018-ueber-nachhaltige-fonds\/#breadcrumb"},"inLanguage":"de","potentialAction":[{"@type":"ReadAction","target":["https:\/\/www.organisator.ch\/sustainability\/2018-11-23\/ifz-sustainable-investments-studie-2018-ueber-nachhaltige-fonds\/"]}]},{"@type":"ImageObject","inLanguage":"de","@id":"https:\/\/www.organisator.ch\/sustainability\/2018-11-23\/ifz-sustainable-investments-studie-2018-ueber-nachhaltige-fonds\/#primaryimage","url":"https:\/\/www.organisator.ch\/wp-content\/uploads\/2018\/11\/ifz-sustainable-investments-up-umweltperspektiven.jpg","contentUrl":"https:\/\/www.organisator.ch\/wp-content\/uploads\/2018\/11\/ifz-sustainable-investments-up-umweltperspektiven.jpg","width":1000,"height":667,"caption":"27 Prozent der nachhaltigen Publikumsfonds investiert in ein nachhaltigkeitsrelevantes Thema wie etwa Klima, Umwelt, Energie oder Soziales, heisst es in der IFZ Studie. (Symbolbild: depositphotos)"},{"@type":"BreadcrumbList","@id":"https:\/\/www.organisator.ch\/sustainability\/2018-11-23\/ifz-sustainable-investments-studie-2018-ueber-nachhaltige-fonds\/#breadcrumb","itemListElement":[{"@type":"ListItem","position":1,"name":"Home","item":"https:\/\/www.organisator.ch\/"},{"@type":"ListItem","position":2,"name":"&#8222;IFZ Sustainable Investments Studie 2018&#8220; \u00fcber nachhaltige Fonds"}]},{"@type":"WebSite","@id":"https:\/\/www.organisator.ch\/#website","url":"https:\/\/www.organisator.ch\/","name":"Organisator","description":"Kompetent. Praxisnah. Der ORGANISATOR bereitet in 10 Ausgaben pro Jahr die wesentlichen Themen f\u00fcr F\u00fchrungskr\u00e4fte von KMU auf.","publisher":{"@id":"https:\/\/www.organisator.ch\/#organization"},"potentialAction":[{"@type":"SearchAction","target":{"@type":"EntryPoint","urlTemplate":"https:\/\/www.organisator.ch\/?s={search_term_string}"},"query-input":{"@type":"PropertyValueSpecification","valueRequired":true,"valueName":"search_term_string"}}],"inLanguage":"de"},{"@type":"Organization","@id":"https:\/\/www.organisator.ch\/#organization","name":"Organisator","url":"https:\/\/www.organisator.ch\/","logo":{"@type":"ImageObject","inLanguage":"de","@id":"https:\/\/www.organisator.ch\/#\/schema\/logo\/image\/","url":"https:\/\/www.organisator.ch\/wp-content\/uploads\/2022\/01\/Logo_Organisator_Website.png","contentUrl":"https:\/\/www.organisator.ch\/wp-content\/uploads\/2022\/01\/Logo_Organisator_Website.png","width":800,"height":77,"caption":"Organisator"},"image":{"@id":"https:\/\/www.organisator.ch\/#\/schema\/logo\/image\/"},"sameAs":["https:\/\/www.facebook.com\/OrganisatorFachmagazin","https:\/\/www.linkedin.com\/showcase\/organisator-das-magazin-fr-kmu","https:\/\/www.xing.com\/news\/pages\/organisator-ch-695","https:\/\/www.youtube.com\/channel\/UCGP2Sq0iWaZwT3BdIAQFYpw"]},{"@type":"Person","@id":"https:\/\/www.organisator.ch\/#\/schema\/person\/134708ca9321c57b0362cceb7948ffbd","name":"michael.merz","image":{"@type":"ImageObject","inLanguage":"de","@id":"https:\/\/secure.gravatar.com\/avatar\/?s=96&d=mm&r=g","url":"https:\/\/secure.gravatar.com\/avatar\/?s=96&d=mm&r=g","contentUrl":"https:\/\/secure.gravatar.com\/avatar\/?s=96&d=mm&r=g","caption":"michael.merz"},"url":"https:\/\/www.organisator.ch\/de\/author\/michael-merz\/"}]}},"_links":{"self":[{"href":"https:\/\/www.organisator.ch\/de\/wp-json\/wp\/v2\/posts\/10055","targetHints":{"allow":["GET"]}}],"collection":[{"href":"https:\/\/www.organisator.ch\/de\/wp-json\/wp\/v2\/posts"}],"about":[{"href":"https:\/\/www.organisator.ch\/de\/wp-json\/wp\/v2\/types\/post"}],"author":[{"embeddable":true,"href":"https:\/\/www.organisator.ch\/de\/wp-json\/wp\/v2\/users\/5"}],"replies":[{"embeddable":true,"href":"https:\/\/www.organisator.ch\/de\/wp-json\/wp\/v2\/comments?post=10055"}],"version-history":[{"count":1,"href":"https:\/\/www.organisator.ch\/de\/wp-json\/wp\/v2\/posts\/10055\/revisions"}],"predecessor-version":[{"id":10917,"href":"https:\/\/www.organisator.ch\/de\/wp-json\/wp\/v2\/posts\/10055\/revisions\/10917"}],"wp:featuredmedia":[{"embeddable":true,"href":"https:\/\/www.organisator.ch\/de\/wp-json\/wp\/v2\/media\/9573"}],"wp:attachment":[{"href":"https:\/\/www.organisator.ch\/de\/wp-json\/wp\/v2\/media?parent=10055"}],"wp:term":[{"taxonomy":"category","embeddable":true,"href":"https:\/\/www.organisator.ch\/de\/wp-json\/wp\/v2\/categories?post=10055"},{"taxonomy":"post_tag","embeddable":true,"href":"https:\/\/www.organisator.ch\/de\/wp-json\/wp\/v2\/tags?post=10055"}],"curies":[{"name":"wp","href":"https:\/\/api.w.org\/{rel}","templated":true}]}}