{"id":10061,"date":"2019-01-22T15:57:02","date_gmt":"2019-01-22T14:57:02","guid":{"rendered":"https:\/\/www.umweltperspektiven.ch\/?p=1954"},"modified":"2022-02-09T11:10:08","modified_gmt":"2022-02-09T10:10:08","slug":"sustainserv-analyse-zum-umgang-der-schweizer-unternehmen-mit-den-sdgs","status":"publish","type":"post","link":"https:\/\/www.organisator.ch\/de\/sustainability\/2019-01-22\/sustainserv-analyse-zum-umgang-der-schweizer-unternehmen-mit-den-sdgs\/","title":{"rendered":"Sustainserv: Analyse zum Umgang der Schweizer Unternehmen mit den SDGs"},"content":{"rendered":"<figure id=\"attachment_1955\" aria-describedby=\"caption-attachment-1955\" style=\"width: 680px\" class=\"wp-caption alignnone\"><img loading=\"lazy\" decoding=\"async\" class=\"size-medium wp-image-1955\" src=\"\/\/www.umweltperspektiven.ch\/wp-content\/uploads\/2019\/01\/Sustainnerv-Analyse-zum-Umgang-der-Schweizer-Unternehmen-mit-den-SDGs-UP_Umweltperspektiven.jpg\" alt=\"\" width=\"680\" height=\"439\" \/><figcaption id=\"caption-attachment-1955\" class=\"wp-caption-text\">Eine neue Analyse zeigt, dass es im Moment noch eine grosse Diskrepanz zwischen guten Absichten und tats\u00e4chlicher Einbettung der SDGs in die Unternehmenspraxis gibt. (Bild: Unsplash)<\/figcaption><\/figure>\n<p>Sustainserv setzt sich damit auseinander, wie die Sustainable Development Goals \u2013 kurz SDGs \u2013 in Schweizer Unternehmen umgesetzt werden? Dieser Kernfrage sowie weiteren Fragen begr\u00fcndet Sustainserv im Rahmen ihrer Analyse zum Umgang der Schweizer Unternehmen mit den SDGs. Das Ergebnis: Die meisten Unternehmen stehen bei der Ber\u00fccksichtigung der Ziele erst am Anfang.<\/p>\n<p><strong>Scoring System f\u00fcr Bewertung<\/strong><\/p>\n<p>Um die Ans\u00e4tze der Unternehmen zu bewerten, entwickelte das Beratungsunternehmen ein Scoring-System, das es einerseits erlaubt, Unternehmen unabh\u00e4ngig der Gr\u00f6sse und Branche zu vergleichen, und andererseits ihre Ans\u00e4tze in Bezug zu setzen mit dem, was sie als idealen &#8211; \u00abBest-Practice\u00bb &#8211; Ansatz erachten.<\/p>\n<p>Die Analyse zeigt, dass es im Moment noch eine Diskrepanz zwischen guten Absichten und tats\u00e4chlicher Einbettung der SDGs in die Unternehmenspraxis gibt. Es bleibt viel zu tun, damit Schweizer Unternehmen zur Erreichung der nachhaltigen Entwicklungsziele beitragen: Nur 30% aller bewerteten Schweizer Unternehmen und 37% der Unternehmen, die zu Nachhaltigkeit berichten, thematisieren die SDGs.<\/p>\n<p>Die 58 Schweizer Unternehmen, die sich sichtbar mit den SDGs befassen, erreichten durchschnittlich zudem nur 40% der maximal erreichbaren Punktzahl (9.2 von 23 Punkten). Am aktivsten sind die Unternehmen bei der Priorisierung der in ihrem Kontext relevanten SDGs. Am wenigsten entwickelt sind im Moment noch unternehmensspezifische Ziele zu den SDGs, und der entsprechende Leistungsausweis.<\/p>\n<p>Die von Schweizer Unternehmen am h\u00e4ufigsten priorisierten SDGs sind:<\/p>\n<ul>\n<li>SDG 3: Gute Gesundheitsversorgung<\/li>\n<li>SDG 8: Gute Arbeitspl\u00e4tze und wirtschaftliches Wachstum<\/li>\n<li>SDG 9: Innovation und Infrastruktur<\/li>\n<li>SDG 12: Verantwortungsvoller Konsum<\/li>\n<li>SDG 13: Massnahmen zum Klimaschutz<\/li>\n<\/ul>\n<p><em> Dieses und weitere Punkte widerspiegeln die Intensit\u00e4t der Auseinandersetzung mit den SDGs, Art der unternehmerischen Zielsetzung und Qualit\u00e4t der Berichterstattung zu den SDGs. Die ausf\u00fchrlichen Ermittlungen zur vorliegenden Studie k\u00f6nnen sie sonst <a href=\"\/\/www.sustainserv.com\/images\/pdf\/Sustainserv_Swiss-Companies-Approach-to-SDGs.pdf\">hier (English Text)<\/a> studieren.<\/em><\/p>\n<p><a href=\"\/\/www.sustainserv.com\/\">www.sustainserv.com<\/a><\/p>\n<p>&nbsp;<\/p>\n<p>&nbsp;<\/p>\n","protected":false},"excerpt":{"rendered":"<p>Sustainserv setzt sich damit auseinander, wie die Sustainable Development Goals \u2013 kurz SDGs \u2013 in Schweizer Unternehmen umgesetzt werden? Dieser Kernfrage sowie weiteren Fragen begr\u00fcndet Sustainserv im Rahmen ihrer Analyse zum Umgang der Schweizer Unternehmen mit den SDGs. Das Ergebnis: Die meisten Unternehmen stehen bei der Ber\u00fccksichtigung der Ziele erst am Anfang. Scoring System f\u00fcr [&hellip;]<\/p>\n","protected":false},"author":5,"featured_media":9579,"comment_status":"open","ping_status":"open","sticky":false,"template":"","format":"standard","meta":{"_acf_changed":false,"_yoast_wpseo_focuskw":"Sustainserv","_yoast_wpseo_metadesc":"Sustainserv analysiert \u00f6ffentlich berichteten Ans\u00e4tze von 196 Schweizer Unternehmen hinsichtlich Engagement f\u00fcr die Sustainable Development Goals (SDGs).","articlekey":"","footnotes":""},"categories":[580],"tags":[2098,2231,2246,2274],"class_list":["post-10061","post","type-post","status-publish","format-standard","has-post-thumbnail","hentry","category-sustainability","tag-sdg","tag-study","tag-sustainability","tag-switzerland"],"acf":[],"yoast_head":"<!-- This site is optimized with the Yoast SEO plugin v27.5 - https:\/\/yoast.com\/product\/yoast-seo-wordpress\/ -->\n<title>Sustainserv: Analyse zum Umgang der Schweizer Unternehmen mit den SDGs - Organisator<\/title>\n<meta name=\"description\" content=\"Sustainserv analysiert \u00f6ffentlich berichteten Ans\u00e4tze von 196 Schweizer Unternehmen hinsichtlich Engagement f\u00fcr die Sustainable Development Goals (SDGs).\" \/>\n<meta name=\"robots\" content=\"index, follow, max-snippet:-1, max-image-preview:large, max-video-preview:-1\" \/>\n<link rel=\"canonical\" href=\"https:\/\/www.organisator.ch\/de\/sustainability\/2019-01-22\/sustainserv-analyse-zum-umgang-der-schweizer-unternehmen-mit-den-sdgs\/\" \/>\n<meta property=\"og:locale\" content=\"de_DE\" \/>\n<meta property=\"og:type\" content=\"article\" \/>\n<meta property=\"og:title\" content=\"Sustainserv: Analyse zum Umgang der Schweizer Unternehmen mit den SDGs - Organisator\" \/>\n<meta property=\"og:description\" content=\"Sustainserv analysiert \u00f6ffentlich berichteten Ans\u00e4tze von 196 Schweizer Unternehmen hinsichtlich Engagement f\u00fcr die Sustainable Development Goals (SDGs).\" \/>\n<meta property=\"og:url\" content=\"https:\/\/www.organisator.ch\/de\/sustainability\/2019-01-22\/sustainserv-analyse-zum-umgang-der-schweizer-unternehmen-mit-den-sdgs\/\" \/>\n<meta property=\"og:site_name\" content=\"Organisator\" \/>\n<meta property=\"article:publisher\" content=\"https:\/\/www.facebook.com\/OrganisatorFachmagazin\" \/>\n<meta property=\"article:published_time\" content=\"2019-01-22T14:57:02+00:00\" \/>\n<meta property=\"article:modified_time\" content=\"2022-02-09T10:10:08+00:00\" \/>\n<meta property=\"og:image\" content=\"https:\/\/www.organisator.ch\/wp-content\/uploads\/2019\/01\/Sustainnerv-Analyse-zum-Umgang-der-Schweizer-Unternehmen-mit-den-SDGs-UP_Umweltperspektiven-scaled.jpg\" \/>\n\t<meta property=\"og:image:width\" content=\"2560\" \/>\n\t<meta property=\"og:image:height\" content=\"1652\" \/>\n\t<meta property=\"og:image:type\" content=\"image\/jpeg\" \/>\n<meta name=\"author\" content=\"michael.merz\" \/>\n<meta name=\"twitter:card\" content=\"summary_large_image\" \/>\n<script type=\"application\/ld+json\" class=\"yoast-schema-graph\">{\"@context\":\"https:\\\/\\\/schema.org\",\"@graph\":[{\"@type\":\"Article\",\"@id\":\"https:\\\/\\\/www.organisator.ch\\\/sustainability\\\/2019-01-22\\\/sustainserv-analyse-zum-umgang-der-schweizer-unternehmen-mit-den-sdgs\\\/#article\",\"isPartOf\":{\"@id\":\"https:\\\/\\\/www.organisator.ch\\\/sustainability\\\/2019-01-22\\\/sustainserv-analyse-zum-umgang-der-schweizer-unternehmen-mit-den-sdgs\\\/\"},\"author\":{\"name\":\"michael.merz\",\"@id\":\"https:\\\/\\\/www.organisator.ch\\\/#\\\/schema\\\/person\\\/134708ca9321c57b0362cceb7948ffbd\"},\"headline\":\"Sustainserv: Analyse zum Umgang der Schweizer Unternehmen mit den SDGs\",\"datePublished\":\"2019-01-22T14:57:02+00:00\",\"dateModified\":\"2022-02-09T10:10:08+00:00\",\"mainEntityOfPage\":{\"@id\":\"https:\\\/\\\/www.organisator.ch\\\/sustainability\\\/2019-01-22\\\/sustainserv-analyse-zum-umgang-der-schweizer-unternehmen-mit-den-sdgs\\\/\"},\"wordCount\":326,\"commentCount\":0,\"publisher\":{\"@id\":\"https:\\\/\\\/www.organisator.ch\\\/#organization\"},\"image\":{\"@id\":\"https:\\\/\\\/www.organisator.ch\\\/sustainability\\\/2019-01-22\\\/sustainserv-analyse-zum-umgang-der-schweizer-unternehmen-mit-den-sdgs\\\/#primaryimage\"},\"thumbnailUrl\":\"https:\\\/\\\/www.organisator.ch\\\/wp-content\\\/uploads\\\/2019\\\/01\\\/Sustainnerv-Analyse-zum-Umgang-der-Schweizer-Unternehmen-mit-den-SDGs-UP_Umweltperspektiven-scaled.jpg\",\"keywords\":[\"SDG\",\"Study\",\"Sustainability\",\"Switzerland\"],\"articleSection\":[\"SUSTAINABILITY\"],\"inLanguage\":\"de\"},{\"@type\":\"WebPage\",\"@id\":\"https:\\\/\\\/www.organisator.ch\\\/sustainability\\\/2019-01-22\\\/sustainserv-analyse-zum-umgang-der-schweizer-unternehmen-mit-den-sdgs\\\/\",\"url\":\"https:\\\/\\\/www.organisator.ch\\\/sustainability\\\/2019-01-22\\\/sustainserv-analyse-zum-umgang-der-schweizer-unternehmen-mit-den-sdgs\\\/\",\"name\":\"Sustainserv: Analyse zum Umgang der Schweizer Unternehmen mit den SDGs - Organisator\",\"isPartOf\":{\"@id\":\"https:\\\/\\\/www.organisator.ch\\\/#website\"},\"primaryImageOfPage\":{\"@id\":\"https:\\\/\\\/www.organisator.ch\\\/sustainability\\\/2019-01-22\\\/sustainserv-analyse-zum-umgang-der-schweizer-unternehmen-mit-den-sdgs\\\/#primaryimage\"},\"image\":{\"@id\":\"https:\\\/\\\/www.organisator.ch\\\/sustainability\\\/2019-01-22\\\/sustainserv-analyse-zum-umgang-der-schweizer-unternehmen-mit-den-sdgs\\\/#primaryimage\"},\"thumbnailUrl\":\"https:\\\/\\\/www.organisator.ch\\\/wp-content\\\/uploads\\\/2019\\\/01\\\/Sustainnerv-Analyse-zum-Umgang-der-Schweizer-Unternehmen-mit-den-SDGs-UP_Umweltperspektiven-scaled.jpg\",\"datePublished\":\"2019-01-22T14:57:02+00:00\",\"dateModified\":\"2022-02-09T10:10:08+00:00\",\"description\":\"Sustainserv analysiert \u00f6ffentlich berichteten Ans\u00e4tze von 196 Schweizer Unternehmen hinsichtlich Engagement f\u00fcr die Sustainable Development Goals (SDGs).\",\"breadcrumb\":{\"@id\":\"https:\\\/\\\/www.organisator.ch\\\/sustainability\\\/2019-01-22\\\/sustainserv-analyse-zum-umgang-der-schweizer-unternehmen-mit-den-sdgs\\\/#breadcrumb\"},\"inLanguage\":\"de\",\"potentialAction\":[{\"@type\":\"ReadAction\",\"target\":[\"https:\\\/\\\/www.organisator.ch\\\/sustainability\\\/2019-01-22\\\/sustainserv-analyse-zum-umgang-der-schweizer-unternehmen-mit-den-sdgs\\\/\"]}]},{\"@type\":\"ImageObject\",\"inLanguage\":\"de\",\"@id\":\"https:\\\/\\\/www.organisator.ch\\\/sustainability\\\/2019-01-22\\\/sustainserv-analyse-zum-umgang-der-schweizer-unternehmen-mit-den-sdgs\\\/#primaryimage\",\"url\":\"https:\\\/\\\/www.organisator.ch\\\/wp-content\\\/uploads\\\/2019\\\/01\\\/Sustainnerv-Analyse-zum-Umgang-der-Schweizer-Unternehmen-mit-den-SDGs-UP_Umweltperspektiven-scaled.jpg\",\"contentUrl\":\"https:\\\/\\\/www.organisator.ch\\\/wp-content\\\/uploads\\\/2019\\\/01\\\/Sustainnerv-Analyse-zum-Umgang-der-Schweizer-Unternehmen-mit-den-SDGs-UP_Umweltperspektiven-scaled.jpg\",\"width\":2560,\"height\":1652,\"caption\":\"Eine neue Analyse zeigt, dass es im Moment noch eine grosse Diskrepanz zwischen guten Absichten und tats\u00e4chlicher Einbettung der SDGs in die Unternehmenspraxis gibt. (Bild: Unsplash)\"},{\"@type\":\"BreadcrumbList\",\"@id\":\"https:\\\/\\\/www.organisator.ch\\\/sustainability\\\/2019-01-22\\\/sustainserv-analyse-zum-umgang-der-schweizer-unternehmen-mit-den-sdgs\\\/#breadcrumb\",\"itemListElement\":[{\"@type\":\"ListItem\",\"position\":1,\"name\":\"Home\",\"item\":\"https:\\\/\\\/www.organisator.ch\\\/\"},{\"@type\":\"ListItem\",\"position\":2,\"name\":\"Sustainserv: Analyse zum Umgang der Schweizer Unternehmen mit den SDGs\"}]},{\"@type\":\"WebSite\",\"@id\":\"https:\\\/\\\/www.organisator.ch\\\/#website\",\"url\":\"https:\\\/\\\/www.organisator.ch\\\/\",\"name\":\"Organisator\",\"description\":\"Kompetent. Praxisnah. Der ORGANISATOR bereitet in 10 Ausgaben pro Jahr die wesentlichen Themen f\u00fcr F\u00fchrungskr\u00e4fte von KMU auf.\",\"publisher\":{\"@id\":\"https:\\\/\\\/www.organisator.ch\\\/#organization\"},\"potentialAction\":[{\"@type\":\"SearchAction\",\"target\":{\"@type\":\"EntryPoint\",\"urlTemplate\":\"https:\\\/\\\/www.organisator.ch\\\/?s={search_term_string}\"},\"query-input\":{\"@type\":\"PropertyValueSpecification\",\"valueRequired\":true,\"valueName\":\"search_term_string\"}}],\"inLanguage\":\"de\"},{\"@type\":\"Organization\",\"@id\":\"https:\\\/\\\/www.organisator.ch\\\/#organization\",\"name\":\"Organisator\",\"url\":\"https:\\\/\\\/www.organisator.ch\\\/\",\"logo\":{\"@type\":\"ImageObject\",\"inLanguage\":\"de\",\"@id\":\"https:\\\/\\\/www.organisator.ch\\\/#\\\/schema\\\/logo\\\/image\\\/\",\"url\":\"https:\\\/\\\/www.organisator.ch\\\/wp-content\\\/uploads\\\/2022\\\/01\\\/Logo_Organisator_Website.png\",\"contentUrl\":\"https:\\\/\\\/www.organisator.ch\\\/wp-content\\\/uploads\\\/2022\\\/01\\\/Logo_Organisator_Website.png\",\"width\":800,\"height\":77,\"caption\":\"Organisator\"},\"image\":{\"@id\":\"https:\\\/\\\/www.organisator.ch\\\/#\\\/schema\\\/logo\\\/image\\\/\"},\"sameAs\":[\"https:\\\/\\\/www.facebook.com\\\/OrganisatorFachmagazin\",\"https:\\\/\\\/www.linkedin.com\\\/showcase\\\/organisator-das-magazin-fr-kmu\",\"https:\\\/\\\/www.xing.com\\\/news\\\/pages\\\/organisator-ch-695\",\"https:\\\/\\\/www.youtube.com\\\/channel\\\/UCGP2Sq0iWaZwT3BdIAQFYpw\"]},{\"@type\":\"Person\",\"@id\":\"https:\\\/\\\/www.organisator.ch\\\/#\\\/schema\\\/person\\\/134708ca9321c57b0362cceb7948ffbd\",\"name\":\"michael.merz\",\"image\":{\"@type\":\"ImageObject\",\"inLanguage\":\"de\",\"@id\":\"https:\\\/\\\/secure.gravatar.com\\\/avatar\\\/?s=96&d=mm&r=g\",\"url\":\"https:\\\/\\\/secure.gravatar.com\\\/avatar\\\/?s=96&d=mm&r=g\",\"contentUrl\":\"https:\\\/\\\/secure.gravatar.com\\\/avatar\\\/?s=96&d=mm&r=g\",\"caption\":\"michael.merz\"},\"url\":\"https:\\\/\\\/www.organisator.ch\\\/de\\\/author\\\/michael-merz\\\/\"}]}<\/script>\n<!-- \/ Yoast SEO plugin. -->","yoast_head_json":{"title":"Sustainserv: Analyse zum Umgang der Schweizer Unternehmen mit den SDGs - Organisator","description":"Sustainserv analysiert \u00f6ffentlich berichteten Ans\u00e4tze von 196 Schweizer Unternehmen hinsichtlich Engagement f\u00fcr die Sustainable Development Goals (SDGs).","robots":{"index":"index","follow":"follow","max-snippet":"max-snippet:-1","max-image-preview":"max-image-preview:large","max-video-preview":"max-video-preview:-1"},"canonical":"https:\/\/www.organisator.ch\/de\/sustainability\/2019-01-22\/sustainserv-analyse-zum-umgang-der-schweizer-unternehmen-mit-den-sdgs\/","og_locale":"de_DE","og_type":"article","og_title":"Sustainserv: Analyse zum Umgang der Schweizer Unternehmen mit den SDGs - Organisator","og_description":"Sustainserv analysiert \u00f6ffentlich berichteten Ans\u00e4tze von 196 Schweizer Unternehmen hinsichtlich Engagement f\u00fcr die Sustainable Development Goals (SDGs).","og_url":"https:\/\/www.organisator.ch\/de\/sustainability\/2019-01-22\/sustainserv-analyse-zum-umgang-der-schweizer-unternehmen-mit-den-sdgs\/","og_site_name":"Organisator","article_publisher":"https:\/\/www.facebook.com\/OrganisatorFachmagazin","article_published_time":"2019-01-22T14:57:02+00:00","article_modified_time":"2022-02-09T10:10:08+00:00","og_image":[{"width":2560,"height":1652,"url":"https:\/\/www.organisator.ch\/wp-content\/uploads\/2019\/01\/Sustainnerv-Analyse-zum-Umgang-der-Schweizer-Unternehmen-mit-den-SDGs-UP_Umweltperspektiven-scaled.jpg","type":"image\/jpeg"}],"author":"michael.merz","twitter_card":"summary_large_image","schema":{"@context":"https:\/\/schema.org","@graph":[{"@type":"Article","@id":"https:\/\/www.organisator.ch\/sustainability\/2019-01-22\/sustainserv-analyse-zum-umgang-der-schweizer-unternehmen-mit-den-sdgs\/#article","isPartOf":{"@id":"https:\/\/www.organisator.ch\/sustainability\/2019-01-22\/sustainserv-analyse-zum-umgang-der-schweizer-unternehmen-mit-den-sdgs\/"},"author":{"name":"michael.merz","@id":"https:\/\/www.organisator.ch\/#\/schema\/person\/134708ca9321c57b0362cceb7948ffbd"},"headline":"Sustainserv: Analyse zum Umgang der Schweizer Unternehmen mit den SDGs","datePublished":"2019-01-22T14:57:02+00:00","dateModified":"2022-02-09T10:10:08+00:00","mainEntityOfPage":{"@id":"https:\/\/www.organisator.ch\/sustainability\/2019-01-22\/sustainserv-analyse-zum-umgang-der-schweizer-unternehmen-mit-den-sdgs\/"},"wordCount":326,"commentCount":0,"publisher":{"@id":"https:\/\/www.organisator.ch\/#organization"},"image":{"@id":"https:\/\/www.organisator.ch\/sustainability\/2019-01-22\/sustainserv-analyse-zum-umgang-der-schweizer-unternehmen-mit-den-sdgs\/#primaryimage"},"thumbnailUrl":"https:\/\/www.organisator.ch\/wp-content\/uploads\/2019\/01\/Sustainnerv-Analyse-zum-Umgang-der-Schweizer-Unternehmen-mit-den-SDGs-UP_Umweltperspektiven-scaled.jpg","keywords":["SDG","Study","Sustainability","Switzerland"],"articleSection":["SUSTAINABILITY"],"inLanguage":"de"},{"@type":"WebPage","@id":"https:\/\/www.organisator.ch\/sustainability\/2019-01-22\/sustainserv-analyse-zum-umgang-der-schweizer-unternehmen-mit-den-sdgs\/","url":"https:\/\/www.organisator.ch\/sustainability\/2019-01-22\/sustainserv-analyse-zum-umgang-der-schweizer-unternehmen-mit-den-sdgs\/","name":"Sustainserv: Analyse zum Umgang der Schweizer Unternehmen mit den SDGs - Organisator","isPartOf":{"@id":"https:\/\/www.organisator.ch\/#website"},"primaryImageOfPage":{"@id":"https:\/\/www.organisator.ch\/sustainability\/2019-01-22\/sustainserv-analyse-zum-umgang-der-schweizer-unternehmen-mit-den-sdgs\/#primaryimage"},"image":{"@id":"https:\/\/www.organisator.ch\/sustainability\/2019-01-22\/sustainserv-analyse-zum-umgang-der-schweizer-unternehmen-mit-den-sdgs\/#primaryimage"},"thumbnailUrl":"https:\/\/www.organisator.ch\/wp-content\/uploads\/2019\/01\/Sustainnerv-Analyse-zum-Umgang-der-Schweizer-Unternehmen-mit-den-SDGs-UP_Umweltperspektiven-scaled.jpg","datePublished":"2019-01-22T14:57:02+00:00","dateModified":"2022-02-09T10:10:08+00:00","description":"Sustainserv analysiert \u00f6ffentlich berichteten Ans\u00e4tze von 196 Schweizer Unternehmen hinsichtlich Engagement f\u00fcr die Sustainable Development Goals (SDGs).","breadcrumb":{"@id":"https:\/\/www.organisator.ch\/sustainability\/2019-01-22\/sustainserv-analyse-zum-umgang-der-schweizer-unternehmen-mit-den-sdgs\/#breadcrumb"},"inLanguage":"de","potentialAction":[{"@type":"ReadAction","target":["https:\/\/www.organisator.ch\/sustainability\/2019-01-22\/sustainserv-analyse-zum-umgang-der-schweizer-unternehmen-mit-den-sdgs\/"]}]},{"@type":"ImageObject","inLanguage":"de","@id":"https:\/\/www.organisator.ch\/sustainability\/2019-01-22\/sustainserv-analyse-zum-umgang-der-schweizer-unternehmen-mit-den-sdgs\/#primaryimage","url":"https:\/\/www.organisator.ch\/wp-content\/uploads\/2019\/01\/Sustainnerv-Analyse-zum-Umgang-der-Schweizer-Unternehmen-mit-den-SDGs-UP_Umweltperspektiven-scaled.jpg","contentUrl":"https:\/\/www.organisator.ch\/wp-content\/uploads\/2019\/01\/Sustainnerv-Analyse-zum-Umgang-der-Schweizer-Unternehmen-mit-den-SDGs-UP_Umweltperspektiven-scaled.jpg","width":2560,"height":1652,"caption":"Eine neue Analyse zeigt, dass es im Moment noch eine grosse Diskrepanz zwischen guten Absichten und tats\u00e4chlicher Einbettung der SDGs in die Unternehmenspraxis gibt. (Bild: Unsplash)"},{"@type":"BreadcrumbList","@id":"https:\/\/www.organisator.ch\/sustainability\/2019-01-22\/sustainserv-analyse-zum-umgang-der-schweizer-unternehmen-mit-den-sdgs\/#breadcrumb","itemListElement":[{"@type":"ListItem","position":1,"name":"Home","item":"https:\/\/www.organisator.ch\/"},{"@type":"ListItem","position":2,"name":"Sustainserv: Analyse zum Umgang der Schweizer Unternehmen mit den SDGs"}]},{"@type":"WebSite","@id":"https:\/\/www.organisator.ch\/#website","url":"https:\/\/www.organisator.ch\/","name":"Organisator","description":"Kompetent. Praxisnah. Der ORGANISATOR bereitet in 10 Ausgaben pro Jahr die wesentlichen Themen f\u00fcr F\u00fchrungskr\u00e4fte von KMU auf.","publisher":{"@id":"https:\/\/www.organisator.ch\/#organization"},"potentialAction":[{"@type":"SearchAction","target":{"@type":"EntryPoint","urlTemplate":"https:\/\/www.organisator.ch\/?s={search_term_string}"},"query-input":{"@type":"PropertyValueSpecification","valueRequired":true,"valueName":"search_term_string"}}],"inLanguage":"de"},{"@type":"Organization","@id":"https:\/\/www.organisator.ch\/#organization","name":"Organisator","url":"https:\/\/www.organisator.ch\/","logo":{"@type":"ImageObject","inLanguage":"de","@id":"https:\/\/www.organisator.ch\/#\/schema\/logo\/image\/","url":"https:\/\/www.organisator.ch\/wp-content\/uploads\/2022\/01\/Logo_Organisator_Website.png","contentUrl":"https:\/\/www.organisator.ch\/wp-content\/uploads\/2022\/01\/Logo_Organisator_Website.png","width":800,"height":77,"caption":"Organisator"},"image":{"@id":"https:\/\/www.organisator.ch\/#\/schema\/logo\/image\/"},"sameAs":["https:\/\/www.facebook.com\/OrganisatorFachmagazin","https:\/\/www.linkedin.com\/showcase\/organisator-das-magazin-fr-kmu","https:\/\/www.xing.com\/news\/pages\/organisator-ch-695","https:\/\/www.youtube.com\/channel\/UCGP2Sq0iWaZwT3BdIAQFYpw"]},{"@type":"Person","@id":"https:\/\/www.organisator.ch\/#\/schema\/person\/134708ca9321c57b0362cceb7948ffbd","name":"michael.merz","image":{"@type":"ImageObject","inLanguage":"de","@id":"https:\/\/secure.gravatar.com\/avatar\/?s=96&d=mm&r=g","url":"https:\/\/secure.gravatar.com\/avatar\/?s=96&d=mm&r=g","contentUrl":"https:\/\/secure.gravatar.com\/avatar\/?s=96&d=mm&r=g","caption":"michael.merz"},"url":"https:\/\/www.organisator.ch\/de\/author\/michael-merz\/"}]}},"_links":{"self":[{"href":"https:\/\/www.organisator.ch\/de\/wp-json\/wp\/v2\/posts\/10061","targetHints":{"allow":["GET"]}}],"collection":[{"href":"https:\/\/www.organisator.ch\/de\/wp-json\/wp\/v2\/posts"}],"about":[{"href":"https:\/\/www.organisator.ch\/de\/wp-json\/wp\/v2\/types\/post"}],"author":[{"embeddable":true,"href":"https:\/\/www.organisator.ch\/de\/wp-json\/wp\/v2\/users\/5"}],"replies":[{"embeddable":true,"href":"https:\/\/www.organisator.ch\/de\/wp-json\/wp\/v2\/comments?post=10061"}],"version-history":[{"count":1,"href":"https:\/\/www.organisator.ch\/de\/wp-json\/wp\/v2\/posts\/10061\/revisions"}],"predecessor-version":[{"id":10915,"href":"https:\/\/www.organisator.ch\/de\/wp-json\/wp\/v2\/posts\/10061\/revisions\/10915"}],"wp:featuredmedia":[{"embeddable":true,"href":"https:\/\/www.organisator.ch\/de\/wp-json\/wp\/v2\/media\/9579"}],"wp:attachment":[{"href":"https:\/\/www.organisator.ch\/de\/wp-json\/wp\/v2\/media?parent=10061"}],"wp:term":[{"taxonomy":"category","embeddable":true,"href":"https:\/\/www.organisator.ch\/de\/wp-json\/wp\/v2\/categories?post=10061"},{"taxonomy":"post_tag","embeddable":true,"href":"https:\/\/www.organisator.ch\/de\/wp-json\/wp\/v2\/tags?post=10061"}],"curies":[{"name":"wp","href":"https:\/\/api.w.org\/{rel}","templated":true}]}}