{"id":10062,"date":"2019-01-23T10:30:33","date_gmt":"2019-01-23T09:30:33","guid":{"rendered":"https:\/\/www.umweltperspektiven.ch\/?p=1957"},"modified":"2019-01-23T10:30:33","modified_gmt":"2019-01-23T09:30:33","slug":"zuerich-bietet-mehr-sharing-fahrzeuge-pro-person-als-berlin-london-oder-wien","status":"publish","type":"post","link":"https:\/\/www.organisator.ch\/de\/allgemein\/2019-01-23\/zuerich-bietet-mehr-sharing-fahrzeuge-pro-person-als-berlin-london-oder-wien\/","title":{"rendered":"Z\u00fcrich bietet mehr Sharing-Fahrzeuge pro Person als Berlin, London oder Wien"},"content":{"rendered":"<figure id=\"attachment_1959\" aria-describedby=\"caption-attachment-1959\" style=\"width: 598px\" class=\"wp-caption alignnone\"><img loading=\"lazy\" decoding=\"async\" class=\" wp-image-1959\" src=\"\/\/www.umweltperspektiven.ch\/wp-content\/uploads\/2019\/01\/Studie-Sharing-Fahrzeuge-Z\u00fcrich-mehr-als-London-UP-Umweltperspektiven.jpg\" alt=\"\" width=\"598\" height=\"337\" \/><figcaption id=\"caption-attachment-1959\" class=\"wp-caption-text\">Inzwischen gibt es sehr viele Sharing-Vehikel in europ\u00e4ischen St\u00e4dten. Immer mehr Scooter gibt es auch in Z\u00fcrich. (Symbolbild: unsplash)<\/figcaption><\/figure>\n<p><span style=\"font-size: 10.5pt; font-family: 'Arial','sans-serif';\">Z\u00fcrich muss sich im Sharing-Fahrzeuge Markt nicht verstecken. Denn mit 6,6 Sharing-Fahrzeugen pro 1000 Einwohner l\u00e4sst Z\u00fcrich Grossst\u00e4dte wie Berlin (5), London (2,1) und Wien (0,9) deutlich hinter sich. Mit den E-Trottinetts ist in Z\u00fcrich ausserdem auch ein neues Sharing-Angebot zu finden. Bereits das vierte Jahr in Folge haben ZHAW-Studierende des Studiengangs Verkehrssysteme in sieben europ\u00e4ischen St\u00e4dten bestehende Sharing-Konzepte im Bereich der Mobilit\u00e4t untersucht. Die Studie \u00abShared Mobility\u00bb zeigt, dass die Sharing-Angebote in Z\u00fcrich, Barcelona, Berlin, Kopenhagen, London, Paris und Wien kontinuierlich wachsen. Insgesamt verf\u00fcgt Paris \u00fcber das gr\u00f6sste Sharing-Angebot mit knapp 13 Sharing-Fahrzeugen pro 1000 Einwohner, davon sind acht Velos und E-Bikes.<\/span><\/p>\n<p><b><span style=\"font-size: 10.5pt; font-family: 'Arial','sans-serif';\">Z\u00fcrich an der Spitze beim Car- und E-Trottinett-Sharing<\/span><\/b><\/p>\n<p><span style=\"font-size: 10.5pt; font-family: 'Arial','sans-serif';\">Autos, Velos, Roller und neu auch E-Trottinetts: W\u00e4hrend in Paris total 31&#8217;533 Sharing-Fahrzeuge zur Verf\u00fcgung stehen, sind es in Z\u00fcrich insgesamt 2&#8217;821 Autos, Velos, Roller und E-Trottinetts. Gem\u00e4ss Jonathan Suter, Projektleiter der Studie, t\u00e4uschen aber die absoluten Zahlen: \u00abMit den Flottenzahlen platziert sich Z\u00fcrich zwar teilweise weit abgeschlagen am hinteren Ende des Vergleichs. Werden die Zahlen jedoch in Relation zu den Einwohnern gesetzt, ist das Gegenteil der Fall.\u00bb In Z\u00fcrich stehen pro Kopf am meisten der neuen E-Trottinetts zur Verf\u00fcgung. Mit 1,1 E-Trottinetts auf 1000 Einwohner werden die St\u00e4dte Wien (0,39) und Paris (0,36) auf die Pl\u00e4tze zwei und drei verwiesen. Im bereits etablierten Carsharing-Markt rangiert Z\u00fcrich mit 1,2 Autos pro 1000 Einwohner hinter Kopenhagen (1,8) auf Platz zwei. Werden alle verf\u00fcgbaren Sharing-Fahrzeuge (Car-, P2P-Car-, Roller-, Bike- und E-Trottinett-Sharing) zusammengerechnet, so steht jedem 152. Einwohner ein solches zur Verf\u00fcgung.<\/span><\/p>\n<p><b><span style=\"font-size: 10.5pt; font-family: 'Arial','sans-serif';\">Amerikanische V\u00f6gel und Limetten in Z\u00fcrich<br \/>\n<\/span><\/b><span style=\"font-size: 10.5pt; font-family: 'Arial','sans-serif';\">Im Verlaufe des vergangenen Jahres wurden in drei der untersuchten St\u00e4dte neu E-Trottinetts angeboten. Z\u00fcrich darf sich dabei mit neu 460 E-Trottinetts zu den europ\u00e4ischen Pionieren z\u00e4hlen. Die E-Trottinetts dienen als einfache und trendige Alternative, um k\u00fcrzere Strecken zur\u00fcckzulegen. Ganz billig sind diese noch nicht: Nach der Aktivierungsgeb\u00fchr von CHF\/EUR 1.- schlagen danach CHF 0.30 bzw. EUR 0.15 pro Minute zu Buche. Es wird jedoch erwartet, dass sich dies mit einem breiteren Aufkommen \u00e4ndern wird. Die amerikanischen Anbieter Bird und Lime sind in allen drei St\u00e4dten vertreten. In Paris und Wien sind ein respektive zwei weitere Anbieter aktiv. Neu steht den Z\u00fcrchern seit letztem Jahr auch erstmals ein Roller-Sharing zur Verf\u00fcgung mit 200 Fahrzeugen von Mobility.<\/span><\/p>\n<figure id=\"attachment_1958\" aria-describedby=\"caption-attachment-1958\" style=\"width: 582px\" class=\"wp-caption alignnone\"><img loading=\"lazy\" decoding=\"async\" class=\" wp-image-1958\" src=\"\/\/www.umweltperspektiven.ch\/wp-content\/uploads\/2019\/01\/UP_Sharing-FahrzeugeProEinwohner_2018.jpg\" alt=\"\" width=\"582\" height=\"420\" \/><figcaption id=\"caption-attachment-1958\" class=\"wp-caption-text\">(Quelle: zhaw)<\/figcaption><\/figure>\n<p><b><span style=\"font-size: 10.5pt; font-family: 'Arial','sans-serif';\">\u00d6V und Sharing \u2013 ein potenzielles Dreamteam<br \/>\n<\/span><\/b><span style=\"font-size: 10.5pt; font-family: 'Arial','sans-serif';\">Zwar w\u00e4chst der Sharing-Markt weiter, neue Anbieter mischen mit und Flotten werden vergr\u00f6ssert. Aber nur das Bikesharing erlebt derzeit ein sp\u00fcrbares Wachstum. \u00abDie Bikesharing-Unternehmen nutzen die Gunst der Stunde und bieten zu g\u00fcnstigen Preisen Velos an, die fast \u00fcberall abgeholt und abgestellt werden k\u00f6nnen\u00bb, erl\u00e4utert Thomas Sauter-Servaes, Leiter des Studiengangs Verkehrssysteme. \u00abDenn die Fahrzeuge sind \u2013 anders als beim Carsharing \u2013 g\u00fcnstiger in der Anschaffung, nehmen weniger Platz ein und sind ohne F\u00fchrerschein nutzbar.\u00bb<\/span><\/p>\n<p><span style=\"font-size: 10.5pt; font-family: 'Arial','sans-serif';\">Beim Sharing-Wachstum stellt Jonathan Suter aber auch einen Mangel fest: \u00abEs fehlt ein verkn\u00fcpftes System. Jedes Sharing-Angebot wird derzeit noch \u00fcber eine eigene App verwaltet.\u00bb Verkn\u00fcpfungen von \u00d6V-Abonnements und Sharing-Angeboten seien praktisch nicht vorhanden. Dabei w\u00fcrden Roller-, Bike- und E-Trottinett-Sharing eine L\u00f6sung zum Problem der letzten Meile darstellen, wie Suter erl\u00e4utert: \u00abK\u00f6nnte man mit der App oder Abo-Karte eines \u00f6ffentlichen Personennahverkehr-Unternehmens auch einfach Sharing-Fahrzeuge mieten, die an den Knotenpunkten oder Haltestellen zur Verf\u00fcgung stehen, w\u00fcrden solche Angebote sicher vermehrt genutzt werden.\u00bb<\/span><\/p>\n<p><a href=\"\/\/www.zhaw.ch\">www.zhaw.ch<\/a><\/p>\n","protected":false},"excerpt":{"rendered":"<p>Z\u00fcrich muss sich im Sharing-Fahrzeuge Markt nicht verstecken. Denn mit 6,6 Sharing-Fahrzeugen pro 1000 Einwohner l\u00e4sst Z\u00fcrich Grossst\u00e4dte wie Berlin (5), London (2,1) und Wien (0,9) deutlich hinter sich. Mit den E-Trottinetts ist in Z\u00fcrich ausserdem auch ein neues Sharing-Angebot zu finden. Bereits das vierte Jahr in Folge haben ZHAW-Studierende des Studiengangs Verkehrssysteme in sieben [&hellip;]<\/p>\n","protected":false},"author":5,"featured_media":1959,"comment_status":"open","ping_status":"open","sticky":false,"template":"","format":"standard","meta":{"_acf_changed":false,"_yoast_wpseo_focuskw":"Sharing-Fahrzeuge","_yoast_wpseo_metadesc":"In Z\u00fcrich stehen gemessen an der Anzahl Einwohner mehr Sharing-Fahrzeuge zur Verf\u00fcgung als in Grossst\u00e4dten wie Berlin, London und Wien.","articlekey":"","footnotes":""},"categories":[1],"tags":[811,898,1639,354,2097,2118,459,2562,542],"class_list":["post-10062","post","type-post","status-publish","format-standard","has-post-thumbnail","hentry","category-allgemein","tag-bikes","tag-cars","tag-london","tag-mobilitaet","tag-scooters","tag-sharing-economy","tag-studie","tag-wien","tag-zuerich"],"acf":[],"yoast_head":"<!-- This site is optimized with the Yoast SEO plugin v27.4 - https:\/\/yoast.com\/product\/yoast-seo-wordpress\/ -->\n<title>Z\u00fcrich bietet mehr Sharing-Fahrzeuge pro Person als Berlin, London oder Wien - Organisator<\/title>\n<meta name=\"description\" content=\"In Z\u00fcrich stehen gemessen an der Anzahl Einwohner mehr Sharing-Fahrzeuge zur Verf\u00fcgung als in Grossst\u00e4dten wie Berlin, London und Wien.\" \/>\n<meta name=\"robots\" content=\"index, follow, max-snippet:-1, max-image-preview:large, max-video-preview:-1\" \/>\n<link rel=\"canonical\" href=\"https:\/\/www.organisator.ch\/de\/allgemein\/2019-01-23\/zuerich-bietet-mehr-sharing-fahrzeuge-pro-person-als-berlin-london-oder-wien\/\" \/>\n<meta property=\"og:locale\" content=\"de_DE\" \/>\n<meta property=\"og:type\" content=\"article\" \/>\n<meta property=\"og:title\" content=\"Z\u00fcrich bietet mehr Sharing-Fahrzeuge pro Person als Berlin, London oder Wien - Organisator\" \/>\n<meta property=\"og:description\" content=\"In Z\u00fcrich stehen gemessen an der Anzahl Einwohner mehr Sharing-Fahrzeuge zur Verf\u00fcgung als in Grossst\u00e4dten wie Berlin, London und Wien.\" \/>\n<meta property=\"og:url\" content=\"https:\/\/www.organisator.ch\/de\/allgemein\/2019-01-23\/zuerich-bietet-mehr-sharing-fahrzeuge-pro-person-als-berlin-london-oder-wien\/\" \/>\n<meta property=\"og:site_name\" content=\"Organisator\" \/>\n<meta property=\"article:publisher\" content=\"https:\/\/www.facebook.com\/OrganisatorFachmagazin\" \/>\n<meta property=\"article:published_time\" content=\"2019-01-23T09:30:33+00:00\" \/>\n<meta property=\"og:image\" content=\"https:\/\/www.organisator.ch\/wp-content\/uploads\/2019\/01\/Studie-Sharing-Fahrzeuge-Zuerich-mehr-als-London-UP-Umweltperspektiven-scaled.jpg\" \/>\n\t<meta property=\"og:image:width\" content=\"2560\" \/>\n\t<meta property=\"og:image:height\" content=\"1440\" \/>\n\t<meta property=\"og:image:type\" content=\"image\/jpeg\" \/>\n<meta name=\"author\" content=\"michael.merz\" \/>\n<meta name=\"twitter:card\" content=\"summary_large_image\" \/>\n<script type=\"application\/ld+json\" class=\"yoast-schema-graph\">{\"@context\":\"https:\\\/\\\/schema.org\",\"@graph\":[{\"@type\":\"Article\",\"@id\":\"https:\\\/\\\/www.organisator.ch\\\/en\\\/general\\\/2019-01-23\\\/zuerich-bietet-mehr-sharing-fahrzeuge-pro-person-als-berlin-london-oder-wien\\\/#article\",\"isPartOf\":{\"@id\":\"https:\\\/\\\/www.organisator.ch\\\/en\\\/general\\\/2019-01-23\\\/zuerich-bietet-mehr-sharing-fahrzeuge-pro-person-als-berlin-london-oder-wien\\\/\"},\"author\":{\"name\":\"michael.merz\",\"@id\":\"https:\\\/\\\/www.organisator.ch\\\/#\\\/schema\\\/person\\\/134708ca9321c57b0362cceb7948ffbd\"},\"headline\":\"Z\u00fcrich bietet mehr Sharing-Fahrzeuge pro Person als Berlin, London oder Wien\",\"datePublished\":\"2019-01-23T09:30:33+00:00\",\"mainEntityOfPage\":{\"@id\":\"https:\\\/\\\/www.organisator.ch\\\/en\\\/general\\\/2019-01-23\\\/zuerich-bietet-mehr-sharing-fahrzeuge-pro-person-als-berlin-london-oder-wien\\\/\"},\"wordCount\":618,\"commentCount\":0,\"publisher\":{\"@id\":\"https:\\\/\\\/www.organisator.ch\\\/#organization\"},\"image\":{\"@id\":\"https:\\\/\\\/www.organisator.ch\\\/en\\\/general\\\/2019-01-23\\\/zuerich-bietet-mehr-sharing-fahrzeuge-pro-person-als-berlin-london-oder-wien\\\/#primaryimage\"},\"thumbnailUrl\":\"https:\\\/\\\/www.organisator.ch\\\/wp-content\\\/uploads\\\/2019\\\/01\\\/Studie-Sharing-Fahrzeuge-Zuerich-mehr-als-London-UP-Umweltperspektiven-scaled.jpg\",\"keywords\":[\"Bikes\",\"Cars\",\"London\",\"Mobilit\u00e4t\",\"Scooters\",\"sharing economy\",\"Studie\",\"Wien\",\"Z\u00fcrich\"],\"inLanguage\":\"de\"},{\"@type\":\"WebPage\",\"@id\":\"https:\\\/\\\/www.organisator.ch\\\/en\\\/general\\\/2019-01-23\\\/zuerich-bietet-mehr-sharing-fahrzeuge-pro-person-als-berlin-london-oder-wien\\\/\",\"url\":\"https:\\\/\\\/www.organisator.ch\\\/en\\\/general\\\/2019-01-23\\\/zuerich-bietet-mehr-sharing-fahrzeuge-pro-person-als-berlin-london-oder-wien\\\/\",\"name\":\"Z\u00fcrich bietet mehr Sharing-Fahrzeuge pro Person als Berlin, London oder Wien - Organisator\",\"isPartOf\":{\"@id\":\"https:\\\/\\\/www.organisator.ch\\\/#website\"},\"primaryImageOfPage\":{\"@id\":\"https:\\\/\\\/www.organisator.ch\\\/en\\\/general\\\/2019-01-23\\\/zuerich-bietet-mehr-sharing-fahrzeuge-pro-person-als-berlin-london-oder-wien\\\/#primaryimage\"},\"image\":{\"@id\":\"https:\\\/\\\/www.organisator.ch\\\/en\\\/general\\\/2019-01-23\\\/zuerich-bietet-mehr-sharing-fahrzeuge-pro-person-als-berlin-london-oder-wien\\\/#primaryimage\"},\"thumbnailUrl\":\"https:\\\/\\\/www.organisator.ch\\\/wp-content\\\/uploads\\\/2019\\\/01\\\/Studie-Sharing-Fahrzeuge-Zuerich-mehr-als-London-UP-Umweltperspektiven-scaled.jpg\",\"datePublished\":\"2019-01-23T09:30:33+00:00\",\"description\":\"In Z\u00fcrich stehen gemessen an der Anzahl Einwohner mehr Sharing-Fahrzeuge zur Verf\u00fcgung als in Grossst\u00e4dten wie Berlin, London und Wien.\",\"breadcrumb\":{\"@id\":\"https:\\\/\\\/www.organisator.ch\\\/en\\\/general\\\/2019-01-23\\\/zuerich-bietet-mehr-sharing-fahrzeuge-pro-person-als-berlin-london-oder-wien\\\/#breadcrumb\"},\"inLanguage\":\"de\",\"potentialAction\":[{\"@type\":\"ReadAction\",\"target\":[\"https:\\\/\\\/www.organisator.ch\\\/en\\\/general\\\/2019-01-23\\\/zuerich-bietet-mehr-sharing-fahrzeuge-pro-person-als-berlin-london-oder-wien\\\/\"]}]},{\"@type\":\"ImageObject\",\"inLanguage\":\"de\",\"@id\":\"https:\\\/\\\/www.organisator.ch\\\/en\\\/general\\\/2019-01-23\\\/zuerich-bietet-mehr-sharing-fahrzeuge-pro-person-als-berlin-london-oder-wien\\\/#primaryimage\",\"url\":\"https:\\\/\\\/www.organisator.ch\\\/wp-content\\\/uploads\\\/2019\\\/01\\\/Studie-Sharing-Fahrzeuge-Zuerich-mehr-als-London-UP-Umweltperspektiven-scaled.jpg\",\"contentUrl\":\"https:\\\/\\\/www.organisator.ch\\\/wp-content\\\/uploads\\\/2019\\\/01\\\/Studie-Sharing-Fahrzeuge-Zuerich-mehr-als-London-UP-Umweltperspektiven-scaled.jpg\",\"width\":2560,\"height\":1440,\"caption\":\"Inzwischen gibt es sehr viele Sharing-Vehikel in europ\u00e4ischen St\u00e4dten. Immer mehr Scooter gibt es auch in Z\u00fcrich. (Symbolbild: unsplash)\"},{\"@type\":\"BreadcrumbList\",\"@id\":\"https:\\\/\\\/www.organisator.ch\\\/en\\\/general\\\/2019-01-23\\\/zuerich-bietet-mehr-sharing-fahrzeuge-pro-person-als-berlin-london-oder-wien\\\/#breadcrumb\",\"itemListElement\":[{\"@type\":\"ListItem\",\"position\":1,\"name\":\"Home\",\"item\":\"https:\\\/\\\/www.organisator.ch\\\/\"},{\"@type\":\"ListItem\",\"position\":2,\"name\":\"Z\u00fcrich bietet mehr Sharing-Fahrzeuge pro Person als Berlin, London oder Wien\"}]},{\"@type\":\"WebSite\",\"@id\":\"https:\\\/\\\/www.organisator.ch\\\/#website\",\"url\":\"https:\\\/\\\/www.organisator.ch\\\/\",\"name\":\"Organisator\",\"description\":\"Kompetent. Praxisnah. Der ORGANISATOR bereitet in 10 Ausgaben pro Jahr die wesentlichen Themen f\u00fcr F\u00fchrungskr\u00e4fte von KMU auf.\",\"publisher\":{\"@id\":\"https:\\\/\\\/www.organisator.ch\\\/#organization\"},\"potentialAction\":[{\"@type\":\"SearchAction\",\"target\":{\"@type\":\"EntryPoint\",\"urlTemplate\":\"https:\\\/\\\/www.organisator.ch\\\/?s={search_term_string}\"},\"query-input\":{\"@type\":\"PropertyValueSpecification\",\"valueRequired\":true,\"valueName\":\"search_term_string\"}}],\"inLanguage\":\"de\"},{\"@type\":\"Organization\",\"@id\":\"https:\\\/\\\/www.organisator.ch\\\/#organization\",\"name\":\"Organisator\",\"url\":\"https:\\\/\\\/www.organisator.ch\\\/\",\"logo\":{\"@type\":\"ImageObject\",\"inLanguage\":\"de\",\"@id\":\"https:\\\/\\\/www.organisator.ch\\\/#\\\/schema\\\/logo\\\/image\\\/\",\"url\":\"https:\\\/\\\/www.organisator.ch\\\/wp-content\\\/uploads\\\/2022\\\/01\\\/Logo_Organisator_Website.png\",\"contentUrl\":\"https:\\\/\\\/www.organisator.ch\\\/wp-content\\\/uploads\\\/2022\\\/01\\\/Logo_Organisator_Website.png\",\"width\":800,\"height\":77,\"caption\":\"Organisator\"},\"image\":{\"@id\":\"https:\\\/\\\/www.organisator.ch\\\/#\\\/schema\\\/logo\\\/image\\\/\"},\"sameAs\":[\"https:\\\/\\\/www.facebook.com\\\/OrganisatorFachmagazin\",\"https:\\\/\\\/www.linkedin.com\\\/showcase\\\/organisator-das-magazin-fr-kmu\",\"https:\\\/\\\/www.xing.com\\\/news\\\/pages\\\/organisator-ch-695\",\"https:\\\/\\\/www.youtube.com\\\/channel\\\/UCGP2Sq0iWaZwT3BdIAQFYpw\"]},{\"@type\":\"Person\",\"@id\":\"https:\\\/\\\/www.organisator.ch\\\/#\\\/schema\\\/person\\\/134708ca9321c57b0362cceb7948ffbd\",\"name\":\"michael.merz\",\"image\":{\"@type\":\"ImageObject\",\"inLanguage\":\"de\",\"@id\":\"https:\\\/\\\/secure.gravatar.com\\\/avatar\\\/?s=96&d=mm&r=g\",\"url\":\"https:\\\/\\\/secure.gravatar.com\\\/avatar\\\/?s=96&d=mm&r=g\",\"contentUrl\":\"https:\\\/\\\/secure.gravatar.com\\\/avatar\\\/?s=96&d=mm&r=g\",\"caption\":\"michael.merz\"},\"url\":\"https:\\\/\\\/www.organisator.ch\\\/de\\\/author\\\/michael-merz\\\/\"}]}<\/script>\n<!-- \/ Yoast SEO plugin. -->","yoast_head_json":{"title":"Z\u00fcrich bietet mehr Sharing-Fahrzeuge pro Person als Berlin, London oder Wien - Organisator","description":"In Z\u00fcrich stehen gemessen an der Anzahl Einwohner mehr Sharing-Fahrzeuge zur Verf\u00fcgung als in Grossst\u00e4dten wie Berlin, London und Wien.","robots":{"index":"index","follow":"follow","max-snippet":"max-snippet:-1","max-image-preview":"max-image-preview:large","max-video-preview":"max-video-preview:-1"},"canonical":"https:\/\/www.organisator.ch\/de\/allgemein\/2019-01-23\/zuerich-bietet-mehr-sharing-fahrzeuge-pro-person-als-berlin-london-oder-wien\/","og_locale":"de_DE","og_type":"article","og_title":"Z\u00fcrich bietet mehr Sharing-Fahrzeuge pro Person als Berlin, London oder Wien - Organisator","og_description":"In Z\u00fcrich stehen gemessen an der Anzahl Einwohner mehr Sharing-Fahrzeuge zur Verf\u00fcgung als in Grossst\u00e4dten wie Berlin, London und Wien.","og_url":"https:\/\/www.organisator.ch\/de\/allgemein\/2019-01-23\/zuerich-bietet-mehr-sharing-fahrzeuge-pro-person-als-berlin-london-oder-wien\/","og_site_name":"Organisator","article_publisher":"https:\/\/www.facebook.com\/OrganisatorFachmagazin","article_published_time":"2019-01-23T09:30:33+00:00","og_image":[{"width":2560,"height":1440,"url":"https:\/\/www.organisator.ch\/wp-content\/uploads\/2019\/01\/Studie-Sharing-Fahrzeuge-Zuerich-mehr-als-London-UP-Umweltperspektiven-scaled.jpg","type":"image\/jpeg"}],"author":"michael.merz","twitter_card":"summary_large_image","schema":{"@context":"https:\/\/schema.org","@graph":[{"@type":"Article","@id":"https:\/\/www.organisator.ch\/en\/general\/2019-01-23\/zuerich-bietet-mehr-sharing-fahrzeuge-pro-person-als-berlin-london-oder-wien\/#article","isPartOf":{"@id":"https:\/\/www.organisator.ch\/en\/general\/2019-01-23\/zuerich-bietet-mehr-sharing-fahrzeuge-pro-person-als-berlin-london-oder-wien\/"},"author":{"name":"michael.merz","@id":"https:\/\/www.organisator.ch\/#\/schema\/person\/134708ca9321c57b0362cceb7948ffbd"},"headline":"Z\u00fcrich bietet mehr Sharing-Fahrzeuge pro Person als Berlin, London oder Wien","datePublished":"2019-01-23T09:30:33+00:00","mainEntityOfPage":{"@id":"https:\/\/www.organisator.ch\/en\/general\/2019-01-23\/zuerich-bietet-mehr-sharing-fahrzeuge-pro-person-als-berlin-london-oder-wien\/"},"wordCount":618,"commentCount":0,"publisher":{"@id":"https:\/\/www.organisator.ch\/#organization"},"image":{"@id":"https:\/\/www.organisator.ch\/en\/general\/2019-01-23\/zuerich-bietet-mehr-sharing-fahrzeuge-pro-person-als-berlin-london-oder-wien\/#primaryimage"},"thumbnailUrl":"https:\/\/www.organisator.ch\/wp-content\/uploads\/2019\/01\/Studie-Sharing-Fahrzeuge-Zuerich-mehr-als-London-UP-Umweltperspektiven-scaled.jpg","keywords":["Bikes","Cars","London","Mobilit\u00e4t","Scooters","sharing economy","Studie","Wien","Z\u00fcrich"],"inLanguage":"de"},{"@type":"WebPage","@id":"https:\/\/www.organisator.ch\/en\/general\/2019-01-23\/zuerich-bietet-mehr-sharing-fahrzeuge-pro-person-als-berlin-london-oder-wien\/","url":"https:\/\/www.organisator.ch\/en\/general\/2019-01-23\/zuerich-bietet-mehr-sharing-fahrzeuge-pro-person-als-berlin-london-oder-wien\/","name":"Z\u00fcrich bietet mehr Sharing-Fahrzeuge pro Person als Berlin, London oder Wien - Organisator","isPartOf":{"@id":"https:\/\/www.organisator.ch\/#website"},"primaryImageOfPage":{"@id":"https:\/\/www.organisator.ch\/en\/general\/2019-01-23\/zuerich-bietet-mehr-sharing-fahrzeuge-pro-person-als-berlin-london-oder-wien\/#primaryimage"},"image":{"@id":"https:\/\/www.organisator.ch\/en\/general\/2019-01-23\/zuerich-bietet-mehr-sharing-fahrzeuge-pro-person-als-berlin-london-oder-wien\/#primaryimage"},"thumbnailUrl":"https:\/\/www.organisator.ch\/wp-content\/uploads\/2019\/01\/Studie-Sharing-Fahrzeuge-Zuerich-mehr-als-London-UP-Umweltperspektiven-scaled.jpg","datePublished":"2019-01-23T09:30:33+00:00","description":"In Z\u00fcrich stehen gemessen an der Anzahl Einwohner mehr Sharing-Fahrzeuge zur Verf\u00fcgung als in Grossst\u00e4dten wie Berlin, London und Wien.","breadcrumb":{"@id":"https:\/\/www.organisator.ch\/en\/general\/2019-01-23\/zuerich-bietet-mehr-sharing-fahrzeuge-pro-person-als-berlin-london-oder-wien\/#breadcrumb"},"inLanguage":"de","potentialAction":[{"@type":"ReadAction","target":["https:\/\/www.organisator.ch\/en\/general\/2019-01-23\/zuerich-bietet-mehr-sharing-fahrzeuge-pro-person-als-berlin-london-oder-wien\/"]}]},{"@type":"ImageObject","inLanguage":"de","@id":"https:\/\/www.organisator.ch\/en\/general\/2019-01-23\/zuerich-bietet-mehr-sharing-fahrzeuge-pro-person-als-berlin-london-oder-wien\/#primaryimage","url":"https:\/\/www.organisator.ch\/wp-content\/uploads\/2019\/01\/Studie-Sharing-Fahrzeuge-Zuerich-mehr-als-London-UP-Umweltperspektiven-scaled.jpg","contentUrl":"https:\/\/www.organisator.ch\/wp-content\/uploads\/2019\/01\/Studie-Sharing-Fahrzeuge-Zuerich-mehr-als-London-UP-Umweltperspektiven-scaled.jpg","width":2560,"height":1440,"caption":"Inzwischen gibt es sehr viele Sharing-Vehikel in europ\u00e4ischen St\u00e4dten. Immer mehr Scooter gibt es auch in Z\u00fcrich. (Symbolbild: unsplash)"},{"@type":"BreadcrumbList","@id":"https:\/\/www.organisator.ch\/en\/general\/2019-01-23\/zuerich-bietet-mehr-sharing-fahrzeuge-pro-person-als-berlin-london-oder-wien\/#breadcrumb","itemListElement":[{"@type":"ListItem","position":1,"name":"Home","item":"https:\/\/www.organisator.ch\/"},{"@type":"ListItem","position":2,"name":"Z\u00fcrich bietet mehr Sharing-Fahrzeuge pro Person als Berlin, London oder Wien"}]},{"@type":"WebSite","@id":"https:\/\/www.organisator.ch\/#website","url":"https:\/\/www.organisator.ch\/","name":"Organisator","description":"Kompetent. Praxisnah. Der ORGANISATOR bereitet in 10 Ausgaben pro Jahr die wesentlichen Themen f\u00fcr F\u00fchrungskr\u00e4fte von KMU auf.","publisher":{"@id":"https:\/\/www.organisator.ch\/#organization"},"potentialAction":[{"@type":"SearchAction","target":{"@type":"EntryPoint","urlTemplate":"https:\/\/www.organisator.ch\/?s={search_term_string}"},"query-input":{"@type":"PropertyValueSpecification","valueRequired":true,"valueName":"search_term_string"}}],"inLanguage":"de"},{"@type":"Organization","@id":"https:\/\/www.organisator.ch\/#organization","name":"Organisator","url":"https:\/\/www.organisator.ch\/","logo":{"@type":"ImageObject","inLanguage":"de","@id":"https:\/\/www.organisator.ch\/#\/schema\/logo\/image\/","url":"https:\/\/www.organisator.ch\/wp-content\/uploads\/2022\/01\/Logo_Organisator_Website.png","contentUrl":"https:\/\/www.organisator.ch\/wp-content\/uploads\/2022\/01\/Logo_Organisator_Website.png","width":800,"height":77,"caption":"Organisator"},"image":{"@id":"https:\/\/www.organisator.ch\/#\/schema\/logo\/image\/"},"sameAs":["https:\/\/www.facebook.com\/OrganisatorFachmagazin","https:\/\/www.linkedin.com\/showcase\/organisator-das-magazin-fr-kmu","https:\/\/www.xing.com\/news\/pages\/organisator-ch-695","https:\/\/www.youtube.com\/channel\/UCGP2Sq0iWaZwT3BdIAQFYpw"]},{"@type":"Person","@id":"https:\/\/www.organisator.ch\/#\/schema\/person\/134708ca9321c57b0362cceb7948ffbd","name":"michael.merz","image":{"@type":"ImageObject","inLanguage":"de","@id":"https:\/\/secure.gravatar.com\/avatar\/?s=96&d=mm&r=g","url":"https:\/\/secure.gravatar.com\/avatar\/?s=96&d=mm&r=g","contentUrl":"https:\/\/secure.gravatar.com\/avatar\/?s=96&d=mm&r=g","caption":"michael.merz"},"url":"https:\/\/www.organisator.ch\/de\/author\/michael-merz\/"}]}},"_links":{"self":[{"href":"https:\/\/www.organisator.ch\/de\/wp-json\/wp\/v2\/posts\/10062","targetHints":{"allow":["GET"]}}],"collection":[{"href":"https:\/\/www.organisator.ch\/de\/wp-json\/wp\/v2\/posts"}],"about":[{"href":"https:\/\/www.organisator.ch\/de\/wp-json\/wp\/v2\/types\/post"}],"author":[{"embeddable":true,"href":"https:\/\/www.organisator.ch\/de\/wp-json\/wp\/v2\/users\/5"}],"replies":[{"embeddable":true,"href":"https:\/\/www.organisator.ch\/de\/wp-json\/wp\/v2\/comments?post=10062"}],"version-history":[{"count":0,"href":"https:\/\/www.organisator.ch\/de\/wp-json\/wp\/v2\/posts\/10062\/revisions"}],"wp:featuredmedia":[{"embeddable":true,"href":"https:\/\/www.organisator.ch\/de\/wp-json\/wp\/v2\/media\/1959"}],"wp:attachment":[{"href":"https:\/\/www.organisator.ch\/de\/wp-json\/wp\/v2\/media?parent=10062"}],"wp:term":[{"taxonomy":"category","embeddable":true,"href":"https:\/\/www.organisator.ch\/de\/wp-json\/wp\/v2\/categories?post=10062"},{"taxonomy":"post_tag","embeddable":true,"href":"https:\/\/www.organisator.ch\/de\/wp-json\/wp\/v2\/tags?post=10062"}],"curies":[{"name":"wp","href":"https:\/\/api.w.org\/{rel}","templated":true}]}}