{"id":10073,"date":"2019-02-28T16:17:00","date_gmt":"2019-02-28T15:17:00","guid":{"rendered":"https:\/\/www.umweltperspektiven.ch\/?p=2043"},"modified":"2022-02-09T11:06:17","modified_gmt":"2022-02-09T10:06:17","slug":"ein-energie-label-in-franken-und-rappen","status":"publish","type":"post","link":"https:\/\/www.organisator.ch\/de\/sustainability\/2019-02-28\/ein-energie-label-in-franken-und-rappen\/","title":{"rendered":"Ein Energie-Label in Franken und Rappen?"},"content":{"rendered":"<p>&nbsp;<\/p>\n<figure id=\"attachment_2046\" aria-describedby=\"caption-attachment-2046\" style=\"width: 680px\" class=\"wp-caption alignnone\"><img loading=\"lazy\" decoding=\"async\" class=\"size-medium wp-image-2046\" src=\"\/\/www.umweltperspektiven.ch\/wp-content\/uploads\/2019\/02\/UP_EnergyGuide.jpg\" alt=\"\" width=\"680\" height=\"931\" \/><figcaption id=\"caption-attachment-2046\" class=\"wp-caption-text\">Das in den USA gebr\u00e4uchliche \u00abEnergy Guide Label\u00bb gibt den Stromverbrauch von Haushaltger\u00e4ten ausser in Kilowattstunden auch in Dollar an. Auch Schweizer Haushalte k\u00f6nnten von so einem Modelle profitieren. (Bild: FTC, US-Gov.)<\/figcaption><\/figure>\n<p>&nbsp;<\/p>\n<p>Ein Energie-Label wie das &#8222;Energy Guide Label&#8220; k\u00f6nnte auch hierzulande helfen, mehr Energie zu sparen. Das Potential f\u00fcr mehr Energieeffizienz w\u00e4re durchaus vorhanden, zeigt nun eine neue Studie, die das Bundesamt f\u00fcr Energie (BFE) finanziert hat. \u00abDie Haushalte k\u00f6nnten 20 bis 30 Prozent mehr Strom sparen, als sie es bislang tun\u00bb, sagt Studienleiter Prof. Massimo Filippini, heute gebe es bei Kauf und Nutzung von elektrischen Haushaltger\u00e4ten \u00abbetr\u00e4chtliche Ineffizienzen\u00bb. Der \u00d6konom der ETH Z\u00fcrich hat gemeinsam mit Nina Boogen und Nilkanth Kumar von der ETH Z\u00fcrich sowie Dr. Julia Blasch von der Freien Universit\u00e4t Amsterdam eine grosse Umfrage zum Schweizer Stromkonsum durchgef\u00fchrt.<\/p>\n<p>Mittels Fragebogen erhob das Team in 8&#8217;400 Haushalten des Landes unter anderem, welche Elektroger\u00e4te wie intensiv verwendet werden und wieviel Strom sie de facto verbrauchen. Letzteres wurde mit Angaben von neun beteiligten Elektrizit\u00e4tswerken bestimmt.<\/p>\n<p>Auf der Basis dieser Daten berechneten die Forschenden mit statistischen Methoden die Energieeffizienz eines jeden Haushalts. Anschliessend verglichen sie den Stromverbrauch der Haushalte in einem Benchmarking mit dem gesch\u00e4tzten Stromverbrauch aus einem Best-Practice-Modell. Das Stromsparpotential von 20 bis 30 Prozent ermittelten die \u00d6konomen aus der Ineffizienz der Haushalte gemessen an dem Best-Practice-Modell. Genaugenommen fanden sie \u00ab22 Prozent strukturelle Ineffizienz\u00bb, wie sie etwa verursacht wird durch stromfressende veraltete Ger\u00e4te, die noch jahrelang halten, sowie 11 Prozent \u00abkurzfristige Ineffizienz\u00bb, was etwa der Fall ist, wenn man ein Ger\u00e4t im Standby-Modus bel\u00e4sst, obwohl man es jederzeit abschalten k\u00f6nnte.<\/p>\n<p>\u00abDer Kauf von Haushaltsger\u00e4ten kann \u00f6konomisch gesehen komplex sein\u00bb, schildert Massimo Filippini einen der Gr\u00fcnde f\u00fcr die heutigen Ineffizienzen. Solche Entscheide setzen einerseits einiges an Energiewissen voraus: Wieviel Strom braucht das Erhitzen von Wasser im Schnellkocher im Vergleich zum Kochtopf mit Deckel drauf? Wieviel kostet eine Kilowattstunde Strom? Wie hoch sind die Kosten bei der Benutzung eines Ger\u00e4ts? Zum Beispiel: Wieviel kostet ein Waschgang bei 60 \u00b0C? In der Befragung konnten die meisten Personen solche Fragen nicht korrekt beantworten.<\/p>\n<p><strong>\u00a0<\/strong><strong>Berechnungen, die es in sich haben<\/strong><\/p>\n<p>Nicht minder wichtig ist nach Auskunft von \u00d6konom Massimo Filippini ein anderer Aspekt: \u00abUm informierte energiebezogene Kaufentscheide zu treffen, braucht es eine gewisse Finanzkompetenz; die Leute m\u00fcssen beim Kauf von neuen Ger\u00e4ten eine Investitionsrechnung durchf\u00fchren k\u00f6nnen.\u00bb Energieeffiziente Ger\u00e4te haben im Verkaufsgesch\u00e4ft n\u00e4mlich ein Handicap: Sie sehen meist teurer aus als sie sind, weil die Stromkosten, die sie Jahr f\u00fcr Jahr einsparen, im Kaufpreis nicht zum Ausdruck kommen. Auf der Energieetikette, die auf verbreiteten Ger\u00e4ten wie K\u00fchlschr\u00e4nken, Kochherden, Tumblern oder Back\u00f6fen klebt, ist zwar der zu erwartende j\u00e4hrliche Stromverbrauch angegeben, allerdings in der physikalischen Einheit Kilowattstunden. Um die Stromkosten und letztlich die Gesamtkosten \u00fcber die angenommene Lebenszeit eines Ger\u00e4ts zu erfahren, muss man sie berechnen. Und diese Berechnungen haben es in sich, wie eine Aufgabe aus dem Fragebogen der Studie illustriert.<\/p>\n<p>Folgende Aufgabe galt es zu l\u00f6sen: Nehmen wir an, im Laden stehen zwei identische K\u00fchlschr\u00e4nke. Sie unterscheiden sich einzig bei Preis und Stromkonsum: Modell A kostet 3300 Franken und braucht j\u00e4hrlich 100 kWh Strom, Modell B kostet 2800 Franken und braucht j\u00e4hrlich 200 kWh Strom. Welcher K\u00fchlschrank hat nach zehn Jahren die tieferen Gesamtkosten, wenn eine kWh stets 20 Rappen kostet? Die korrekte Antwort auf diese Frage (Modell B) konnten gerade mal 30 Prozent der Befragten geben. Und dies, obwohl die Forschenden sogar den Kilowattstunden-Preis angegeben hatten, also eine Information, die auf der Energieetikette der realen Ger\u00e4te fehlt. Beim realen Kauf von Haushaltger\u00e4ten d\u00fcrfte daher die H\u00fcrde f\u00fcr korrekte Kostenabsch\u00e4tzungen sogar noch h\u00f6her sein.<\/p>\n<p>Das ern\u00fcchternde Fazit der Studie: Zwei Drittel der Konsumenten und Konsumentinnen waren nicht in der Lage, die Gesamtkosten (Kaufpreis plus Energiekosten f\u00fcr zehn Jahre) korrekt zu errechnen und auf diesem Weg die beiden K\u00fchlschr\u00e4nke aus \u00f6konomischer Perspektive korrekt zu vergleichen. Dass Modell A weniger Strom verbraucht als Modell B und damit \u00f6kologisch sinnvoller ist, war \u00fcbrigens ein bewusster &#8218;Kunstgriff&#8216; der Wissenschaftler: Sie wollten damit sicherstellen, dass die Testpersonen im Kontext der Umfrage nicht die vereinfachende Annahme treffen, wonach sich energieeffiziente Ger\u00e4te \u00fcber eine lange Zeitdauer lohnen w\u00fcrden (weil die Energiekosten entsprechend geringer sind), sondern dass sie die Gesamtkosten tats\u00e4chlich verl\u00e4sslich kulkulierten.<\/p>\n<p>Gem\u00e4ss Energiestrategie 2050 soll der durchschnittliche Stromverbrauch pro Kopf in der Schweiz bis 2020 um drei Prozent tiefer sein als im Jahr 2000. Noch ambitionierter ist die Zielsetzung f\u00fcr das Jahr 2035: Dann soll der durchschnittliche Stromverbrauch pro Kopf sogar 13 Prozent tiefer liegen als im Jahr 2000. Um diese Ziele zu erreichen, k\u00f6nnen die Haushalte einen signifikanten Beitrag leisten.<\/p>\n<p><strong>Stromdeklaration in monet\u00e4rer Form f\u00f6rdert Energieeffizienz<\/strong><\/p>\n<p>Die Forschenden wollten in der Folge herausfinden, wie die Konsumenten die Lebenszeit-Kosten von Haushaltger\u00e4ten erfolgreicher absch\u00e4tzen k\u00f6nnten. Mit Teilgruppen der Haushaltbefragung testeten sie Alternativen zu den heutigen Berechnungsgrundlagen. Zum Ergebnis sagt ETH-Forscherin Nina Boogen: \u00abWenn die Leute den Stromverbrauch von Haushaltger\u00e4ten in Franken und Rappen zu sehen bekommen statt wie heute in Kilowattstunden, treffen sie deutlich \u00f6fter rationale, gut informierte Kaufentscheide zugunsten von mehr Energieeffizienz\u00bb. Der Anteil richtiger Antworten erh\u00f6hte sich dann signifikant. Ebenfalls einen guten Effekt hatte der Einsatz eines Online-Rechners, mit dem die Befragten die Lebenszeit-Kosten von Elektroger\u00e4ten berechnen konnten. Eine leichte Verbesserung ergab sich, wenn die Befragungsteilnehmer eine Kurzanleitung erhielten zum richtigen Rechnen mit der abstrakten Gr\u00f6sse \u00abKilowattstunden\u00bb.<\/p>\n<p><strong>\u00a0<\/strong><strong>Energielabel wie in den USA?<\/strong><\/p>\n<p>Aus energiepolitischer Warte h\u00e4lt es das \u00d6konomenteam daher f\u00fcr sinnvoll, wenn die Hersteller von Haushaltger\u00e4ten k\u00fcnftig verpflichtet w\u00fcrden, die gesch\u00e4tzten j\u00e4hrlichen Stromkosten von K\u00fchlschr\u00e4nken, Tumblern etc. gut sichtbar auf den Produkteverpackungen anzugeben. Dabei k\u00f6nnte die Schweiz etwa dem Beispiel des \u00abEnergy Guide Label\u00bb (US-FTC, 2017) in den USA folgen. Auf jenem gelben Label sind die gesch\u00e4tzten j\u00e4hrlichen Stromkosten eines Ger\u00e4ts in fetten schwarzen Zahlen auf einer Skala eingetragen, welche die regional variierenden Strompreise mitber\u00fccksichtigt. Diese Massnahme liesse sich relativ einfach umsetzen, sch\u00e4tzt Massimo Filippini. Zugleich h\u00e4tte sie einen langfristigen Effekt: \u00abIst ein Haushaltger\u00e4t einmal gekauft, beeinflusst seine Energieeffizienz den Stromkonsum oft jahrelang.\u00bb<\/p>\n<p>Um die wichtige Kaufkompetenz noch weiter zu erh\u00f6hen und \u00fcberdies auch das allgemeine Energiewissen zu f\u00f6rdern, schl\u00e4gt das Forschungsteam weitere energiepolitische Massnahmen vor \u2013 von Informationsbrosch\u00fcren und -kampagnen \u00fcber Kurse an Schulen und f\u00fcr Konsumenten bis hin zu mobilen Apps, die bei der Berechnung der Lebenszeitkosten von Haushaltger\u00e4ten helfen. Was von den Massnahmen dereinst umgesetzt wird, ist allerdings nicht Sache der Wissenschaftler. Hier liegt der Ball nun bei der Politik.<\/p>\n<p>&nbsp;<\/p>\n<p>Den Schlussbericht zum Projekt \u00abEnergy efficiency, bounded rationality and energy-related financial literacy in the Swiss household sector\u00bb finden Sie unter: <a href=\"\/\/www.aramis.admin.ch\/Default.aspx?DocumentID=46444&amp;Load=true\">https:\/\/www.aramis.admin.ch\/Default.aspx?DocumentID=46444&amp;Load=true<\/a><\/p>\n<p>&nbsp;<\/p>\n<p><em>Ausk\u00fcnfte zu dem Projekt erteilt Dr. Anne-Kathrin Faust, <a href=\"mailto:anne-kathrin.faust@bfe.admin.ch\">anne-kathrin.faust@bfe.admin.ch<\/a>, Leiterin des BFE-Forschungsprogramms Energie, Wirtschaft, Gesellschaft.<\/em><\/p>\n<p><em>Weitere Fachbeitr\u00e4ge \u00fcber Forschungs-, Pilot-, Demonstrations- und Leuchtturmprojekte im Bereich Energie-Wirtschaft-Gesellschaft (EWG) finden Sie unter <a href=\"\/\/www.bfe.admin.ch\/CT\/divers\">www.bfe.admin.ch\/CT\/divers<\/a><\/em><\/p>\n","protected":false},"excerpt":{"rendered":"<p>&nbsp; &nbsp; Ein Energie-Label wie das &#8222;Energy Guide Label&#8220; k\u00f6nnte auch hierzulande helfen, mehr Energie zu sparen. Das Potential f\u00fcr mehr Energieeffizienz w\u00e4re durchaus vorhanden, zeigt nun eine neue Studie, die das Bundesamt f\u00fcr Energie (BFE) finanziert hat. \u00abDie Haushalte k\u00f6nnten 20 bis 30 Prozent mehr Strom sparen, als sie es bislang tun\u00bb, sagt Studienleiter [&hellip;]<\/p>\n","protected":false},"author":5,"featured_media":9590,"comment_status":"open","ping_status":"open","sticky":false,"template":"","format":"standard","meta":{"_acf_changed":false,"_yoast_wpseo_focuskw":"Energie-Label","_yoast_wpseo_metadesc":"Ein weiteres Energie-Label, was bringt's? Schweizer Haushalte sind noch lange nicht so energieeffizient, wie es heute m\u00f6glich w\u00e4re.","articlekey":"","footnotes":""},"categories":[580],"tags":[1056,1086,1351],"class_list":["post-10073","post","type-post","status-publish","format-standard","has-post-thumbnail","hentry","category-sustainability","tag-energie-label","tag-energiestrategie","tag-haushaltsgeraete"],"acf":[],"yoast_head":"<!-- This site is optimized with the Yoast SEO plugin v27.5 - https:\/\/yoast.com\/product\/yoast-seo-wordpress\/ -->\n<title>Ein Energie-Label in Franken und Rappen? - Organisator<\/title>\n<meta name=\"description\" content=\"Ein weiteres Energie-Label, was bringt&#039;s? Schweizer Haushalte sind noch lange nicht so energieeffizient, wie es heute m\u00f6glich w\u00e4re.\" \/>\n<meta name=\"robots\" content=\"index, follow, max-snippet:-1, max-image-preview:large, max-video-preview:-1\" \/>\n<link rel=\"canonical\" href=\"https:\/\/www.organisator.ch\/de\/sustainability\/2019-02-28\/ein-energie-label-in-franken-und-rappen\/\" \/>\n<meta property=\"og:locale\" content=\"de_DE\" \/>\n<meta property=\"og:type\" content=\"article\" \/>\n<meta property=\"og:title\" content=\"Ein Energie-Label in Franken und Rappen? - Organisator\" \/>\n<meta property=\"og:description\" content=\"Ein weiteres Energie-Label, was bringt&#039;s? Schweizer Haushalte sind noch lange nicht so energieeffizient, wie es heute m\u00f6glich w\u00e4re.\" \/>\n<meta property=\"og:url\" content=\"https:\/\/www.organisator.ch\/de\/sustainability\/2019-02-28\/ein-energie-label-in-franken-und-rappen\/\" \/>\n<meta property=\"og:site_name\" content=\"Organisator\" \/>\n<meta property=\"article:publisher\" content=\"https:\/\/www.facebook.com\/OrganisatorFachmagazin\" \/>\n<meta property=\"article:published_time\" content=\"2019-02-28T15:17:00+00:00\" \/>\n<meta property=\"article:modified_time\" content=\"2022-02-09T10:06:17+00:00\" \/>\n<meta property=\"og:image\" content=\"https:\/\/www.organisator.ch\/wp-content\/uploads\/2019\/02\/UP_EnergyGuide.jpg\" \/>\n\t<meta property=\"og:image:width\" content=\"1662\" \/>\n\t<meta property=\"og:image:height\" content=\"2275\" \/>\n\t<meta property=\"og:image:type\" content=\"image\/jpeg\" \/>\n<meta name=\"author\" content=\"michael.merz\" \/>\n<meta name=\"twitter:card\" content=\"summary_large_image\" \/>\n<script type=\"application\/ld+json\" class=\"yoast-schema-graph\">{\"@context\":\"https:\\\/\\\/schema.org\",\"@graph\":[{\"@type\":\"Article\",\"@id\":\"https:\\\/\\\/www.organisator.ch\\\/sustainability\\\/2019-02-28\\\/ein-energie-label-in-franken-und-rappen\\\/#article\",\"isPartOf\":{\"@id\":\"https:\\\/\\\/www.organisator.ch\\\/sustainability\\\/2019-02-28\\\/ein-energie-label-in-franken-und-rappen\\\/\"},\"author\":{\"name\":\"michael.merz\",\"@id\":\"https:\\\/\\\/www.organisator.ch\\\/#\\\/schema\\\/person\\\/134708ca9321c57b0362cceb7948ffbd\"},\"headline\":\"Ein Energie-Label in Franken und Rappen?\",\"datePublished\":\"2019-02-28T15:17:00+00:00\",\"dateModified\":\"2022-02-09T10:06:17+00:00\",\"mainEntityOfPage\":{\"@id\":\"https:\\\/\\\/www.organisator.ch\\\/sustainability\\\/2019-02-28\\\/ein-energie-label-in-franken-und-rappen\\\/\"},\"wordCount\":1209,\"commentCount\":0,\"publisher\":{\"@id\":\"https:\\\/\\\/www.organisator.ch\\\/#organization\"},\"image\":{\"@id\":\"https:\\\/\\\/www.organisator.ch\\\/sustainability\\\/2019-02-28\\\/ein-energie-label-in-franken-und-rappen\\\/#primaryimage\"},\"thumbnailUrl\":\"https:\\\/\\\/www.organisator.ch\\\/wp-content\\\/uploads\\\/2019\\\/02\\\/UP_EnergyGuide.jpg\",\"keywords\":[\"Energie Label\",\"Energiestrategie\",\"Haushaltsger\u00e4te\"],\"articleSection\":[\"SUSTAINABILITY\"],\"inLanguage\":\"de\"},{\"@type\":\"WebPage\",\"@id\":\"https:\\\/\\\/www.organisator.ch\\\/sustainability\\\/2019-02-28\\\/ein-energie-label-in-franken-und-rappen\\\/\",\"url\":\"https:\\\/\\\/www.organisator.ch\\\/sustainability\\\/2019-02-28\\\/ein-energie-label-in-franken-und-rappen\\\/\",\"name\":\"Ein Energie-Label in Franken und Rappen? - Organisator\",\"isPartOf\":{\"@id\":\"https:\\\/\\\/www.organisator.ch\\\/#website\"},\"primaryImageOfPage\":{\"@id\":\"https:\\\/\\\/www.organisator.ch\\\/sustainability\\\/2019-02-28\\\/ein-energie-label-in-franken-und-rappen\\\/#primaryimage\"},\"image\":{\"@id\":\"https:\\\/\\\/www.organisator.ch\\\/sustainability\\\/2019-02-28\\\/ein-energie-label-in-franken-und-rappen\\\/#primaryimage\"},\"thumbnailUrl\":\"https:\\\/\\\/www.organisator.ch\\\/wp-content\\\/uploads\\\/2019\\\/02\\\/UP_EnergyGuide.jpg\",\"datePublished\":\"2019-02-28T15:17:00+00:00\",\"dateModified\":\"2022-02-09T10:06:17+00:00\",\"description\":\"Ein weiteres Energie-Label, was bringt's? Schweizer Haushalte sind noch lange nicht so energieeffizient, wie es heute m\u00f6glich w\u00e4re.\",\"breadcrumb\":{\"@id\":\"https:\\\/\\\/www.organisator.ch\\\/sustainability\\\/2019-02-28\\\/ein-energie-label-in-franken-und-rappen\\\/#breadcrumb\"},\"inLanguage\":\"de\",\"potentialAction\":[{\"@type\":\"ReadAction\",\"target\":[\"https:\\\/\\\/www.organisator.ch\\\/sustainability\\\/2019-02-28\\\/ein-energie-label-in-franken-und-rappen\\\/\"]}]},{\"@type\":\"ImageObject\",\"inLanguage\":\"de\",\"@id\":\"https:\\\/\\\/www.organisator.ch\\\/sustainability\\\/2019-02-28\\\/ein-energie-label-in-franken-und-rappen\\\/#primaryimage\",\"url\":\"https:\\\/\\\/www.organisator.ch\\\/wp-content\\\/uploads\\\/2019\\\/02\\\/UP_EnergyGuide.jpg\",\"contentUrl\":\"https:\\\/\\\/www.organisator.ch\\\/wp-content\\\/uploads\\\/2019\\\/02\\\/UP_EnergyGuide.jpg\",\"width\":1662,\"height\":2275,\"caption\":\"Das in den USA gebr\u00e4uchliche \u00abEnergy Guide Label\u00bb gibt den Stromverbrauch von Haushaltger\u00e4ten ausser in Kilowattstunden auch in Dollar an. Auch Schweizer Haushalte k\u00f6nnten von so einem Modelle profitieren. (Bild: FTC, US-Gov.)\"},{\"@type\":\"BreadcrumbList\",\"@id\":\"https:\\\/\\\/www.organisator.ch\\\/sustainability\\\/2019-02-28\\\/ein-energie-label-in-franken-und-rappen\\\/#breadcrumb\",\"itemListElement\":[{\"@type\":\"ListItem\",\"position\":1,\"name\":\"Home\",\"item\":\"https:\\\/\\\/www.organisator.ch\\\/\"},{\"@type\":\"ListItem\",\"position\":2,\"name\":\"Ein Energie-Label in Franken und Rappen?\"}]},{\"@type\":\"WebSite\",\"@id\":\"https:\\\/\\\/www.organisator.ch\\\/#website\",\"url\":\"https:\\\/\\\/www.organisator.ch\\\/\",\"name\":\"Organisator\",\"description\":\"Kompetent. Praxisnah. Der ORGANISATOR bereitet in 10 Ausgaben pro Jahr die wesentlichen Themen f\u00fcr F\u00fchrungskr\u00e4fte von KMU auf.\",\"publisher\":{\"@id\":\"https:\\\/\\\/www.organisator.ch\\\/#organization\"},\"potentialAction\":[{\"@type\":\"SearchAction\",\"target\":{\"@type\":\"EntryPoint\",\"urlTemplate\":\"https:\\\/\\\/www.organisator.ch\\\/?s={search_term_string}\"},\"query-input\":{\"@type\":\"PropertyValueSpecification\",\"valueRequired\":true,\"valueName\":\"search_term_string\"}}],\"inLanguage\":\"de\"},{\"@type\":\"Organization\",\"@id\":\"https:\\\/\\\/www.organisator.ch\\\/#organization\",\"name\":\"Organisator\",\"url\":\"https:\\\/\\\/www.organisator.ch\\\/\",\"logo\":{\"@type\":\"ImageObject\",\"inLanguage\":\"de\",\"@id\":\"https:\\\/\\\/www.organisator.ch\\\/#\\\/schema\\\/logo\\\/image\\\/\",\"url\":\"https:\\\/\\\/www.organisator.ch\\\/wp-content\\\/uploads\\\/2022\\\/01\\\/Logo_Organisator_Website.png\",\"contentUrl\":\"https:\\\/\\\/www.organisator.ch\\\/wp-content\\\/uploads\\\/2022\\\/01\\\/Logo_Organisator_Website.png\",\"width\":800,\"height\":77,\"caption\":\"Organisator\"},\"image\":{\"@id\":\"https:\\\/\\\/www.organisator.ch\\\/#\\\/schema\\\/logo\\\/image\\\/\"},\"sameAs\":[\"https:\\\/\\\/www.facebook.com\\\/OrganisatorFachmagazin\",\"https:\\\/\\\/www.linkedin.com\\\/showcase\\\/organisator-das-magazin-fr-kmu\",\"https:\\\/\\\/www.xing.com\\\/news\\\/pages\\\/organisator-ch-695\",\"https:\\\/\\\/www.youtube.com\\\/channel\\\/UCGP2Sq0iWaZwT3BdIAQFYpw\"]},{\"@type\":\"Person\",\"@id\":\"https:\\\/\\\/www.organisator.ch\\\/#\\\/schema\\\/person\\\/134708ca9321c57b0362cceb7948ffbd\",\"name\":\"michael.merz\",\"image\":{\"@type\":\"ImageObject\",\"inLanguage\":\"de\",\"@id\":\"https:\\\/\\\/secure.gravatar.com\\\/avatar\\\/?s=96&d=mm&r=g\",\"url\":\"https:\\\/\\\/secure.gravatar.com\\\/avatar\\\/?s=96&d=mm&r=g\",\"contentUrl\":\"https:\\\/\\\/secure.gravatar.com\\\/avatar\\\/?s=96&d=mm&r=g\",\"caption\":\"michael.merz\"},\"url\":\"https:\\\/\\\/www.organisator.ch\\\/de\\\/author\\\/michael-merz\\\/\"}]}<\/script>\n<!-- \/ Yoast SEO plugin. -->","yoast_head_json":{"title":"Ein Energie-Label in Franken und Rappen? - Organisator","description":"Ein weiteres Energie-Label, was bringt's? Schweizer Haushalte sind noch lange nicht so energieeffizient, wie es heute m\u00f6glich w\u00e4re.","robots":{"index":"index","follow":"follow","max-snippet":"max-snippet:-1","max-image-preview":"max-image-preview:large","max-video-preview":"max-video-preview:-1"},"canonical":"https:\/\/www.organisator.ch\/de\/sustainability\/2019-02-28\/ein-energie-label-in-franken-und-rappen\/","og_locale":"de_DE","og_type":"article","og_title":"Ein Energie-Label in Franken und Rappen? - Organisator","og_description":"Ein weiteres Energie-Label, was bringt's? Schweizer Haushalte sind noch lange nicht so energieeffizient, wie es heute m\u00f6glich w\u00e4re.","og_url":"https:\/\/www.organisator.ch\/de\/sustainability\/2019-02-28\/ein-energie-label-in-franken-und-rappen\/","og_site_name":"Organisator","article_publisher":"https:\/\/www.facebook.com\/OrganisatorFachmagazin","article_published_time":"2019-02-28T15:17:00+00:00","article_modified_time":"2022-02-09T10:06:17+00:00","og_image":[{"width":1662,"height":2275,"url":"https:\/\/www.organisator.ch\/wp-content\/uploads\/2019\/02\/UP_EnergyGuide.jpg","type":"image\/jpeg"}],"author":"michael.merz","twitter_card":"summary_large_image","schema":{"@context":"https:\/\/schema.org","@graph":[{"@type":"Article","@id":"https:\/\/www.organisator.ch\/sustainability\/2019-02-28\/ein-energie-label-in-franken-und-rappen\/#article","isPartOf":{"@id":"https:\/\/www.organisator.ch\/sustainability\/2019-02-28\/ein-energie-label-in-franken-und-rappen\/"},"author":{"name":"michael.merz","@id":"https:\/\/www.organisator.ch\/#\/schema\/person\/134708ca9321c57b0362cceb7948ffbd"},"headline":"Ein Energie-Label in Franken und Rappen?","datePublished":"2019-02-28T15:17:00+00:00","dateModified":"2022-02-09T10:06:17+00:00","mainEntityOfPage":{"@id":"https:\/\/www.organisator.ch\/sustainability\/2019-02-28\/ein-energie-label-in-franken-und-rappen\/"},"wordCount":1209,"commentCount":0,"publisher":{"@id":"https:\/\/www.organisator.ch\/#organization"},"image":{"@id":"https:\/\/www.organisator.ch\/sustainability\/2019-02-28\/ein-energie-label-in-franken-und-rappen\/#primaryimage"},"thumbnailUrl":"https:\/\/www.organisator.ch\/wp-content\/uploads\/2019\/02\/UP_EnergyGuide.jpg","keywords":["Energie Label","Energiestrategie","Haushaltsger\u00e4te"],"articleSection":["SUSTAINABILITY"],"inLanguage":"de"},{"@type":"WebPage","@id":"https:\/\/www.organisator.ch\/sustainability\/2019-02-28\/ein-energie-label-in-franken-und-rappen\/","url":"https:\/\/www.organisator.ch\/sustainability\/2019-02-28\/ein-energie-label-in-franken-und-rappen\/","name":"Ein Energie-Label in Franken und Rappen? - Organisator","isPartOf":{"@id":"https:\/\/www.organisator.ch\/#website"},"primaryImageOfPage":{"@id":"https:\/\/www.organisator.ch\/sustainability\/2019-02-28\/ein-energie-label-in-franken-und-rappen\/#primaryimage"},"image":{"@id":"https:\/\/www.organisator.ch\/sustainability\/2019-02-28\/ein-energie-label-in-franken-und-rappen\/#primaryimage"},"thumbnailUrl":"https:\/\/www.organisator.ch\/wp-content\/uploads\/2019\/02\/UP_EnergyGuide.jpg","datePublished":"2019-02-28T15:17:00+00:00","dateModified":"2022-02-09T10:06:17+00:00","description":"Ein weiteres Energie-Label, was bringt's? Schweizer Haushalte sind noch lange nicht so energieeffizient, wie es heute m\u00f6glich w\u00e4re.","breadcrumb":{"@id":"https:\/\/www.organisator.ch\/sustainability\/2019-02-28\/ein-energie-label-in-franken-und-rappen\/#breadcrumb"},"inLanguage":"de","potentialAction":[{"@type":"ReadAction","target":["https:\/\/www.organisator.ch\/sustainability\/2019-02-28\/ein-energie-label-in-franken-und-rappen\/"]}]},{"@type":"ImageObject","inLanguage":"de","@id":"https:\/\/www.organisator.ch\/sustainability\/2019-02-28\/ein-energie-label-in-franken-und-rappen\/#primaryimage","url":"https:\/\/www.organisator.ch\/wp-content\/uploads\/2019\/02\/UP_EnergyGuide.jpg","contentUrl":"https:\/\/www.organisator.ch\/wp-content\/uploads\/2019\/02\/UP_EnergyGuide.jpg","width":1662,"height":2275,"caption":"Das in den USA gebr\u00e4uchliche \u00abEnergy Guide Label\u00bb gibt den Stromverbrauch von Haushaltger\u00e4ten ausser in Kilowattstunden auch in Dollar an. Auch Schweizer Haushalte k\u00f6nnten von so einem Modelle profitieren. (Bild: FTC, US-Gov.)"},{"@type":"BreadcrumbList","@id":"https:\/\/www.organisator.ch\/sustainability\/2019-02-28\/ein-energie-label-in-franken-und-rappen\/#breadcrumb","itemListElement":[{"@type":"ListItem","position":1,"name":"Home","item":"https:\/\/www.organisator.ch\/"},{"@type":"ListItem","position":2,"name":"Ein Energie-Label in Franken und Rappen?"}]},{"@type":"WebSite","@id":"https:\/\/www.organisator.ch\/#website","url":"https:\/\/www.organisator.ch\/","name":"Organisator","description":"Kompetent. Praxisnah. Der ORGANISATOR bereitet in 10 Ausgaben pro Jahr die wesentlichen Themen f\u00fcr F\u00fchrungskr\u00e4fte von KMU auf.","publisher":{"@id":"https:\/\/www.organisator.ch\/#organization"},"potentialAction":[{"@type":"SearchAction","target":{"@type":"EntryPoint","urlTemplate":"https:\/\/www.organisator.ch\/?s={search_term_string}"},"query-input":{"@type":"PropertyValueSpecification","valueRequired":true,"valueName":"search_term_string"}}],"inLanguage":"de"},{"@type":"Organization","@id":"https:\/\/www.organisator.ch\/#organization","name":"Organisator","url":"https:\/\/www.organisator.ch\/","logo":{"@type":"ImageObject","inLanguage":"de","@id":"https:\/\/www.organisator.ch\/#\/schema\/logo\/image\/","url":"https:\/\/www.organisator.ch\/wp-content\/uploads\/2022\/01\/Logo_Organisator_Website.png","contentUrl":"https:\/\/www.organisator.ch\/wp-content\/uploads\/2022\/01\/Logo_Organisator_Website.png","width":800,"height":77,"caption":"Organisator"},"image":{"@id":"https:\/\/www.organisator.ch\/#\/schema\/logo\/image\/"},"sameAs":["https:\/\/www.facebook.com\/OrganisatorFachmagazin","https:\/\/www.linkedin.com\/showcase\/organisator-das-magazin-fr-kmu","https:\/\/www.xing.com\/news\/pages\/organisator-ch-695","https:\/\/www.youtube.com\/channel\/UCGP2Sq0iWaZwT3BdIAQFYpw"]},{"@type":"Person","@id":"https:\/\/www.organisator.ch\/#\/schema\/person\/134708ca9321c57b0362cceb7948ffbd","name":"michael.merz","image":{"@type":"ImageObject","inLanguage":"de","@id":"https:\/\/secure.gravatar.com\/avatar\/?s=96&d=mm&r=g","url":"https:\/\/secure.gravatar.com\/avatar\/?s=96&d=mm&r=g","contentUrl":"https:\/\/secure.gravatar.com\/avatar\/?s=96&d=mm&r=g","caption":"michael.merz"},"url":"https:\/\/www.organisator.ch\/de\/author\/michael-merz\/"}]}},"_links":{"self":[{"href":"https:\/\/www.organisator.ch\/de\/wp-json\/wp\/v2\/posts\/10073","targetHints":{"allow":["GET"]}}],"collection":[{"href":"https:\/\/www.organisator.ch\/de\/wp-json\/wp\/v2\/posts"}],"about":[{"href":"https:\/\/www.organisator.ch\/de\/wp-json\/wp\/v2\/types\/post"}],"author":[{"embeddable":true,"href":"https:\/\/www.organisator.ch\/de\/wp-json\/wp\/v2\/users\/5"}],"replies":[{"embeddable":true,"href":"https:\/\/www.organisator.ch\/de\/wp-json\/wp\/v2\/comments?post=10073"}],"version-history":[{"count":1,"href":"https:\/\/www.organisator.ch\/de\/wp-json\/wp\/v2\/posts\/10073\/revisions"}],"predecessor-version":[{"id":10559,"href":"https:\/\/www.organisator.ch\/de\/wp-json\/wp\/v2\/posts\/10073\/revisions\/10559"}],"wp:featuredmedia":[{"embeddable":true,"href":"https:\/\/www.organisator.ch\/de\/wp-json\/wp\/v2\/media\/9590"}],"wp:attachment":[{"href":"https:\/\/www.organisator.ch\/de\/wp-json\/wp\/v2\/media?parent=10073"}],"wp:term":[{"taxonomy":"category","embeddable":true,"href":"https:\/\/www.organisator.ch\/de\/wp-json\/wp\/v2\/categories?post=10073"},{"taxonomy":"post_tag","embeddable":true,"href":"https:\/\/www.organisator.ch\/de\/wp-json\/wp\/v2\/tags?post=10073"}],"curies":[{"name":"wp","href":"https:\/\/api.w.org\/{rel}","templated":true}]}}