{"id":10077,"date":"2019-03-19T11:40:06","date_gmt":"2019-03-19T10:40:06","guid":{"rendered":"https:\/\/www.umweltperspektiven.ch\/?p=2077"},"modified":"2019-03-19T11:40:06","modified_gmt":"2019-03-19T10:40:06","slug":"tag-des-waldes-und-eine-ausbildung-im-sinne-der-nachhaltigkeit","status":"publish","type":"post","link":"https:\/\/www.organisator.ch\/de\/allgemein\/2019-03-19\/tag-des-waldes-und-eine-ausbildung-im-sinne-der-nachhaltigkeit\/","title":{"rendered":"Tag des Waldes und eine Ausbildung im Sinne der Nachhaltigkeit"},"content":{"rendered":"<figure id=\"attachment_2078\" aria-describedby=\"caption-attachment-2078\" style=\"width: 680px\" class=\"wp-caption alignnone\"><img loading=\"lazy\" decoding=\"async\" class=\"size-medium wp-image-2078\" src=\"\/\/www.umweltperspektiven.ch\/wp-content\/uploads\/2019\/03\/Tag-des-Waldes-UP_Umweltperspektiven.jpg\" alt=\"\" width=\"680\" height=\"453\" \/><figcaption id=\"caption-attachment-2078\" class=\"wp-caption-text\">Forstwarte sind in der Schweiz gesucht. In Magdenau (SG) re\u00fcssieren Forstwart-Lernende wie Anna Ehrbar, links auf dem Bild. (Bild: zVg)<\/figcaption><\/figure>\n<p>Erz\u00e4hlt Anna Ehrbar von ihrem Alltag im Wald und ihrem gew\u00e4hlten Ausbildungs-Beruf, sp\u00fcrt man ihre Begeisterung: \u201eJa, es war die richtige Entscheidung.\u201c Sie wollte nach der Schulzeit nicht in R\u00e4umen arbeiten, auf einem B\u00fcrostuhl verharren. Nein, sie geh\u00f6rt in die Natur, an die frische Luft. Rund 300 junge Menschen starten in der Schweiz j\u00e4hrlich mit der Berufsausbildung zur Forstwartin oder zum Forstwart. In Annas Jahrgang begannen 2016 schweizweit zw\u00f6lf Frauen die Lehrzeit. \u201eEs ist sicherlich kein typischer Frauenberuf und die Reaktionen auf meine Wahl fielen auch unterschiedlich aus\u201c, erz\u00e4hlt sie schmunzelnd.<\/p>\n<p><strong>Die Forstwartin aus Magdenau<\/strong><\/p>\n<p>Sie besucht die Berufsschule in Herisau mit 17 jungen M\u00e4nnern. \u201eDie Burschen haben sich l\u00e4ngst an mich gew\u00f6hnt und die Stimmung ist sehr gut.\u201c Auch ihr K\u00f6rper hat sich der t\u00e4glich, strengen Arbeit im Forst angepasst. Als Frau, ist sich die 18-J\u00e4hrige bewusst, hat sie zum Teil bei gewissen T\u00e4tigkeiten nicht dieselbe Kraft wie ihre Berufskollegen. Aber dies kompensiert sie klar mit ihrer Arbeitstechnik und \u00fcberlegtem Handeln. Vor allem liebt sie w\u00e4hrend ihrer Ausbildung die Holzhauerei. Sie ist stolz auf ihre treue Begleiterin, die 60 Kubikzentimeter starke Motors\u00e4ge Husquarna 562. Mit ihr zusammen hat sie nun schon viele Fallkerben ausges\u00e4gt und F\u00e4llschnitte ausgef\u00fchrt. Sie ist bereits ein Routinier und mit beinahe sanft anmutenden Bewegungen f\u00fchrt sie flink die Arbeitsschritte aus.<\/p>\n<p><strong>Eine vielseitige Fachausbildung<\/strong><\/p>\n<p>Ihr Tun wird von ihrem Ausbildner, Oliver Zangerl aus Herisau, achtsam begleitet. Der 28-j\u00e4hrige Forstwart-Vorarbeiter des Reviers Magdenau strahlt eine zu seinem Arbeitsort passende Ruhe aus. M\u00f6chte er Anna bei ihrem Handeln w\u00e4hrend der Holzernte auf eine Korrektur hinweisen, tut er dies \u00fcber ein im Sicherheitshelm angebrachtes Mikrofon per Funk. \u201eEs ist wichtig, dass die Lernenden gut, klar und ohne Hektik instruiert und begleitet werden\u201c, ist ihm bewusst. Er liebt es, jungen Menschen sein Wissen rund um die Forstarbeit weiterzugeben. Er ist deshalb auch als Instruktor in den Holzhauerei-Kursen, welche gesamtschweizerisch von Wald Schweiz organisiert werden, aktiv.<\/p>\n<p>\u201eWir m\u00fcssen f\u00fcr guten Branchen-Nachwuchs sorgen, damit auch in Zukunft im Wald im Sinne der Nachhaltigkeit gehandelt wird.\u201c Nachhaltiges Wirken bedingt ein umfangreiches Wissen rund um die komplexen Zusammenh\u00e4nge zwischen Fauna, Flora, Technik, Wirtschaft und Gesellschaft. Denn der Wald ist nicht nur Holzlieferant. Er ist Lebensraum f\u00fcr verschiedenste Tier- und Pflanzenarten, ein grosses Trinkwasser-Reservat, speichert Kohlenstoff und ist ein sehr beliebter, zum Teil viel begangener Erholungsort der Menschen. Den multifunktionalen Wald zu bewirtschaften und ihn f\u00fcr die nachkommenden Generationen umsichtig zu pflegen, ben\u00f6tigt Fachleute mit umfangreichen Kenntnissen. Dies auch in Anbetracht der zuk\u00fcnftigen Herausforderungen rund um den Klimawandel. H\u00f6here Temperaturen und h\u00e4ufigere Trockenperioden werden die Zusammensetzung der Baum-Gesellschaften ver\u00e4ndern und auch das wachsende Problem von Schadorganismen, die mit dem globalen Warenverkehr eingeschleppt werden, ist zu sp\u00fcren.<\/p>\n<p><strong>\u00a0Hohe Abwanderungsquote<\/strong><\/p>\n<p>Um die Ausbildung der Forstwartleute k\u00fcmmert sich unter anderem auch die Fachstelle des Bundes f\u00fcr die Aus- und Weiterbildung in der Waldwirtschaft namens \u201eCodoc\u201c. Sie ist Informationsdrehscheibe, Lehrmittelzentrale und Auskunftsstelle f\u00fcr forstliche Ausbildungsfragen. Rolf D\u00fcrig, Co-Leiter der Fachstelle, ist sich der komplexen Herausforderungen in der Forstbranche wohl bewusst: \u201eDer Wald muss versiert bewirtschaftet werden, damit die Stabilit\u00e4t und Schutzfunktion gew\u00e4hrleistet werden kann. Eine schwierige Aufgabe, dies auch in Anbetracht des existierenden wirtschaftlichen Drucks auf die Holz- und Forstbranche.\u201c Gem\u00e4ss Rolf D\u00fcrig ist die Berufsausbildung zum Forstwart in der Schweiz beliebt. Man habe kaum Probleme die Lehrstellen zu besetzen, erkl\u00e4rt er. Eher sei es ein Thema, gen\u00fcgend Ausbildungspl\u00e4tze anzubieten. Nicht jeder Forstbetrieb hat gen\u00fcgend Ressourcen an Zeit, Geld und Mitarbeitern, um eine seri\u00f6se und umfassende Ausbildung anbieten zu k\u00f6nnen.<\/p>\n<p>In Forstrevier Magdenau scheinen diese Ressourcen, auch nach Ausbildungs-Ende von Anna Ehrbar vorhanden zu sein. \u201eWir haben bereits die Lehrstelle f\u00fcr den kommenden August besetzt. Unser neuer Forstwart-Lernender ist ein junger Mann aus der Region\u201c, freut sich Oliver Zangerl. Und wie sieht die nahe Zukunft von Anna aus?<\/p>\n<p>\u201eIch m\u00f6chte mich nach meiner Lehrzeit in einem Baumpflege-Unternehmen zur Baumpflegerin weiterbilden. Ich liebe das Klettern und m\u00f6chte mich auch weiterhin in der Baumwelt bewegen. Und vielleicht kehre ich sp\u00e4ter wieder in die Forstbranche zur\u00fcck.\u201c Gem\u00e4ss Rolf D\u00fcrig bleiben rund ein Drittel der ausgebildeten Forstwarte und Forstwartinnen der Branche erhalten, viele wechseln in verwandte Berufe. \u201eDie Abwanderungs-Quote ist nichts Ungew\u00f6hnliches, auch in anderen Berufen ist dies der Fall. Unsere Lehrabg\u00e4nger sind begehrte Berufsleute. Sie haben gelernt in einem Team zu arbeiten, sind sicherheitsbewusst in ihrem Tun und k\u00f6nnen motiviert mit anpacken, und dies alles bei jeder Witterung.\u201c<\/p>\n<p>&nbsp;<\/p>\n<p><strong><em>Tag des Waldes<\/em><\/strong><\/p>\n<p><em>Am 21. M\u00e4rz findet der traditionelle Tag des Waldes statt. F\u00fcr 2019 lautet das Motto <\/em><em>\u00abIm Wald findet gute Bildung statt\u00bb<\/em><em>. Der Tag des Waldes wurde von der FAO (Ern\u00e4hrungs- und Landwirtschaftsorganisation der Vereinten Nationen) 1970er Jahren als Reaktion auf die globale Waldvernichtung ins Leben gerufen. In der Schweiz w\u00e4chst auf rund 1,28 Millionen Hektaren Wald. Diese Fl\u00e4che wird von rund 5\u2018000 Fachleuten der Forstwirtschaft gepflegt und bewirtschaftet. <\/em><em>Fast die H\u00e4lfte der in der Schweiz vorkommenden Tiere und Pflanzen sind auf den Wald angewiesen, das sind ungef\u00e4hr 20&#8217;000 Arten. Dank einer naturnahen, fachm\u00e4nnischen Waldbewirtschaftung bleibt die wertvolle Biodiversit\u00e4t erhalten, dies trotz der vielschichtigen Anforderungen an den heutigen multifunktionalen Wald. (Informationen: <\/em><a href=\"\/\/www.waldberufe.ch\">www.waldberufe.ch<\/a>, <a href=\"\/\/www.silviva.ch\/itw\">www.silviva.ch\/itw<\/a>)<\/p>\n<p>&nbsp;<\/p>\n<p>&nbsp;<\/p>\n<p>&nbsp;<\/p>\n<p>&nbsp;<\/p>\n","protected":false},"excerpt":{"rendered":"<p>Erz\u00e4hlt Anna Ehrbar von ihrem Alltag im Wald und ihrem gew\u00e4hlten Ausbildungs-Beruf, sp\u00fcrt man ihre Begeisterung: \u201eJa, es war die richtige Entscheidung.\u201c Sie wollte nach der Schulzeit nicht in R\u00e4umen arbeiten, auf einem B\u00fcrostuhl verharren. Nein, sie geh\u00f6rt in die Natur, an die frische Luft. Rund 300 junge Menschen starten in der Schweiz j\u00e4hrlich mit [&hellip;]<\/p>\n","protected":false},"author":5,"featured_media":2078,"comment_status":"open","ping_status":"open","sticky":false,"template":"","format":"standard","meta":{"_acf_changed":false,"_yoast_wpseo_focuskw":"Wald","_yoast_wpseo_metadesc":"Ein Drittel der Schweizer Fl\u00e4che ist Wald. Damit der Wald seine vielf\u00e4ltigen Aufgaben erf\u00fcllen kann, muss er fachkundig gepflegt und bewirtschaftet werden.","articlekey":"","footnotes":""},"categories":[1],"tags":[740,1224,1225,424,2499],"class_list":["post-10077","post","type-post","status-publish","format-standard","has-post-thumbnail","hentry","category-allgemein","tag-ausbildung","tag-forstwart","tag-forstwartin","tag-schweiz","tag-wald"],"acf":[],"yoast_head":"<!-- This site is optimized with the Yoast SEO plugin v27.5 - https:\/\/yoast.com\/product\/yoast-seo-wordpress\/ -->\n<title>Tag des Waldes und eine Ausbildung im Sinne der Nachhaltigkeit - Organisator<\/title>\n<meta name=\"description\" content=\"Ein Drittel der Schweizer Fl\u00e4che ist Wald. Damit der Wald seine vielf\u00e4ltigen Aufgaben erf\u00fcllen kann, muss er fachkundig gepflegt und bewirtschaftet werden.\" \/>\n<meta name=\"robots\" content=\"index, follow, max-snippet:-1, max-image-preview:large, max-video-preview:-1\" \/>\n<link rel=\"canonical\" href=\"https:\/\/www.organisator.ch\/de\/allgemein\/2019-03-19\/tag-des-waldes-und-eine-ausbildung-im-sinne-der-nachhaltigkeit\/\" \/>\n<meta property=\"og:locale\" content=\"de_DE\" \/>\n<meta property=\"og:type\" content=\"article\" \/>\n<meta property=\"og:title\" content=\"Tag des Waldes und eine Ausbildung im Sinne der Nachhaltigkeit - Organisator\" \/>\n<meta property=\"og:description\" content=\"Ein Drittel der Schweizer Fl\u00e4che ist Wald. Damit der Wald seine vielf\u00e4ltigen Aufgaben erf\u00fcllen kann, muss er fachkundig gepflegt und bewirtschaftet werden.\" \/>\n<meta property=\"og:url\" content=\"https:\/\/www.organisator.ch\/de\/allgemein\/2019-03-19\/tag-des-waldes-und-eine-ausbildung-im-sinne-der-nachhaltigkeit\/\" \/>\n<meta property=\"og:site_name\" content=\"Organisator\" \/>\n<meta property=\"article:publisher\" content=\"https:\/\/www.facebook.com\/OrganisatorFachmagazin\" \/>\n<meta property=\"article:published_time\" content=\"2019-03-19T10:40:06+00:00\" \/>\n<meta property=\"og:image\" content=\"https:\/\/www.organisator.ch\/wp-content\/uploads\/2019\/03\/Tag-des-Waldes-UP_Umweltperspektiven-scaled.jpg\" \/>\n\t<meta property=\"og:image:width\" content=\"2560\" \/>\n\t<meta property=\"og:image:height\" content=\"1707\" \/>\n\t<meta property=\"og:image:type\" content=\"image\/jpeg\" \/>\n<meta name=\"author\" content=\"michael.merz\" \/>\n<meta name=\"twitter:card\" content=\"summary_large_image\" \/>\n<script type=\"application\/ld+json\" class=\"yoast-schema-graph\">{\"@context\":\"https:\\\/\\\/schema.org\",\"@graph\":[{\"@type\":\"Article\",\"@id\":\"https:\\\/\\\/www.organisator.ch\\\/it\\\/generale\\\/2019-03-19\\\/tag-des-waldes-und-eine-ausbildung-im-sinne-der-nachhaltigkeit\\\/#article\",\"isPartOf\":{\"@id\":\"https:\\\/\\\/www.organisator.ch\\\/it\\\/generale\\\/2019-03-19\\\/tag-des-waldes-und-eine-ausbildung-im-sinne-der-nachhaltigkeit\\\/\"},\"author\":{\"name\":\"michael.merz\",\"@id\":\"https:\\\/\\\/www.organisator.ch\\\/#\\\/schema\\\/person\\\/134708ca9321c57b0362cceb7948ffbd\"},\"headline\":\"Tag des Waldes und eine Ausbildung im Sinne der Nachhaltigkeit\",\"datePublished\":\"2019-03-19T10:40:06+00:00\",\"mainEntityOfPage\":{\"@id\":\"https:\\\/\\\/www.organisator.ch\\\/it\\\/generale\\\/2019-03-19\\\/tag-des-waldes-und-eine-ausbildung-im-sinne-der-nachhaltigkeit\\\/\"},\"wordCount\":938,\"commentCount\":0,\"publisher\":{\"@id\":\"https:\\\/\\\/www.organisator.ch\\\/#organization\"},\"image\":{\"@id\":\"https:\\\/\\\/www.organisator.ch\\\/it\\\/generale\\\/2019-03-19\\\/tag-des-waldes-und-eine-ausbildung-im-sinne-der-nachhaltigkeit\\\/#primaryimage\"},\"thumbnailUrl\":\"https:\\\/\\\/www.organisator.ch\\\/wp-content\\\/uploads\\\/2019\\\/03\\\/Tag-des-Waldes-UP_Umweltperspektiven-scaled.jpg\",\"keywords\":[\"Ausbildung\",\"Forstwart\",\"Forstwartin\",\"Schweiz\",\"Wald\"],\"inLanguage\":\"de\"},{\"@type\":\"WebPage\",\"@id\":\"https:\\\/\\\/www.organisator.ch\\\/it\\\/generale\\\/2019-03-19\\\/tag-des-waldes-und-eine-ausbildung-im-sinne-der-nachhaltigkeit\\\/\",\"url\":\"https:\\\/\\\/www.organisator.ch\\\/it\\\/generale\\\/2019-03-19\\\/tag-des-waldes-und-eine-ausbildung-im-sinne-der-nachhaltigkeit\\\/\",\"name\":\"Tag des Waldes und eine Ausbildung im Sinne der Nachhaltigkeit - Organisator\",\"isPartOf\":{\"@id\":\"https:\\\/\\\/www.organisator.ch\\\/#website\"},\"primaryImageOfPage\":{\"@id\":\"https:\\\/\\\/www.organisator.ch\\\/it\\\/generale\\\/2019-03-19\\\/tag-des-waldes-und-eine-ausbildung-im-sinne-der-nachhaltigkeit\\\/#primaryimage\"},\"image\":{\"@id\":\"https:\\\/\\\/www.organisator.ch\\\/it\\\/generale\\\/2019-03-19\\\/tag-des-waldes-und-eine-ausbildung-im-sinne-der-nachhaltigkeit\\\/#primaryimage\"},\"thumbnailUrl\":\"https:\\\/\\\/www.organisator.ch\\\/wp-content\\\/uploads\\\/2019\\\/03\\\/Tag-des-Waldes-UP_Umweltperspektiven-scaled.jpg\",\"datePublished\":\"2019-03-19T10:40:06+00:00\",\"description\":\"Ein Drittel der Schweizer Fl\u00e4che ist Wald. Damit der Wald seine vielf\u00e4ltigen Aufgaben erf\u00fcllen kann, muss er fachkundig gepflegt und bewirtschaftet werden.\",\"breadcrumb\":{\"@id\":\"https:\\\/\\\/www.organisator.ch\\\/it\\\/generale\\\/2019-03-19\\\/tag-des-waldes-und-eine-ausbildung-im-sinne-der-nachhaltigkeit\\\/#breadcrumb\"},\"inLanguage\":\"de\",\"potentialAction\":[{\"@type\":\"ReadAction\",\"target\":[\"https:\\\/\\\/www.organisator.ch\\\/it\\\/generale\\\/2019-03-19\\\/tag-des-waldes-und-eine-ausbildung-im-sinne-der-nachhaltigkeit\\\/\"]}]},{\"@type\":\"ImageObject\",\"inLanguage\":\"de\",\"@id\":\"https:\\\/\\\/www.organisator.ch\\\/it\\\/generale\\\/2019-03-19\\\/tag-des-waldes-und-eine-ausbildung-im-sinne-der-nachhaltigkeit\\\/#primaryimage\",\"url\":\"https:\\\/\\\/www.organisator.ch\\\/wp-content\\\/uploads\\\/2019\\\/03\\\/Tag-des-Waldes-UP_Umweltperspektiven-scaled.jpg\",\"contentUrl\":\"https:\\\/\\\/www.organisator.ch\\\/wp-content\\\/uploads\\\/2019\\\/03\\\/Tag-des-Waldes-UP_Umweltperspektiven-scaled.jpg\",\"width\":2560,\"height\":1707,\"caption\":\"Forstwarte sind in der Schweiz gesucht. In Magdenau (SG) re\u00fcssieren Forstwart-Lernende wie Anna Ehrbar (Bild: zVg)\"},{\"@type\":\"BreadcrumbList\",\"@id\":\"https:\\\/\\\/www.organisator.ch\\\/it\\\/generale\\\/2019-03-19\\\/tag-des-waldes-und-eine-ausbildung-im-sinne-der-nachhaltigkeit\\\/#breadcrumb\",\"itemListElement\":[{\"@type\":\"ListItem\",\"position\":1,\"name\":\"Home\",\"item\":\"https:\\\/\\\/www.organisator.ch\\\/\"},{\"@type\":\"ListItem\",\"position\":2,\"name\":\"Tag des Waldes und eine Ausbildung im Sinne der Nachhaltigkeit\"}]},{\"@type\":\"WebSite\",\"@id\":\"https:\\\/\\\/www.organisator.ch\\\/#website\",\"url\":\"https:\\\/\\\/www.organisator.ch\\\/\",\"name\":\"Organisator\",\"description\":\"Kompetent. Praxisnah. Der ORGANISATOR bereitet in 10 Ausgaben pro Jahr die wesentlichen Themen f\u00fcr F\u00fchrungskr\u00e4fte von KMU auf.\",\"publisher\":{\"@id\":\"https:\\\/\\\/www.organisator.ch\\\/#organization\"},\"potentialAction\":[{\"@type\":\"SearchAction\",\"target\":{\"@type\":\"EntryPoint\",\"urlTemplate\":\"https:\\\/\\\/www.organisator.ch\\\/?s={search_term_string}\"},\"query-input\":{\"@type\":\"PropertyValueSpecification\",\"valueRequired\":true,\"valueName\":\"search_term_string\"}}],\"inLanguage\":\"de\"},{\"@type\":\"Organization\",\"@id\":\"https:\\\/\\\/www.organisator.ch\\\/#organization\",\"name\":\"Organisator\",\"url\":\"https:\\\/\\\/www.organisator.ch\\\/\",\"logo\":{\"@type\":\"ImageObject\",\"inLanguage\":\"de\",\"@id\":\"https:\\\/\\\/www.organisator.ch\\\/#\\\/schema\\\/logo\\\/image\\\/\",\"url\":\"https:\\\/\\\/www.organisator.ch\\\/wp-content\\\/uploads\\\/2022\\\/01\\\/Logo_Organisator_Website.png\",\"contentUrl\":\"https:\\\/\\\/www.organisator.ch\\\/wp-content\\\/uploads\\\/2022\\\/01\\\/Logo_Organisator_Website.png\",\"width\":800,\"height\":77,\"caption\":\"Organisator\"},\"image\":{\"@id\":\"https:\\\/\\\/www.organisator.ch\\\/#\\\/schema\\\/logo\\\/image\\\/\"},\"sameAs\":[\"https:\\\/\\\/www.facebook.com\\\/OrganisatorFachmagazin\",\"https:\\\/\\\/www.linkedin.com\\\/showcase\\\/organisator-das-magazin-fr-kmu\",\"https:\\\/\\\/www.xing.com\\\/news\\\/pages\\\/organisator-ch-695\",\"https:\\\/\\\/www.youtube.com\\\/channel\\\/UCGP2Sq0iWaZwT3BdIAQFYpw\"]},{\"@type\":\"Person\",\"@id\":\"https:\\\/\\\/www.organisator.ch\\\/#\\\/schema\\\/person\\\/134708ca9321c57b0362cceb7948ffbd\",\"name\":\"michael.merz\",\"image\":{\"@type\":\"ImageObject\",\"inLanguage\":\"de\",\"@id\":\"https:\\\/\\\/secure.gravatar.com\\\/avatar\\\/?s=96&d=mm&r=g\",\"url\":\"https:\\\/\\\/secure.gravatar.com\\\/avatar\\\/?s=96&d=mm&r=g\",\"contentUrl\":\"https:\\\/\\\/secure.gravatar.com\\\/avatar\\\/?s=96&d=mm&r=g\",\"caption\":\"michael.merz\"},\"url\":\"https:\\\/\\\/www.organisator.ch\\\/de\\\/author\\\/michael-merz\\\/\"}]}<\/script>\n<!-- \/ Yoast SEO plugin. -->","yoast_head_json":{"title":"Tag des Waldes und eine Ausbildung im Sinne der Nachhaltigkeit - Organisator","description":"Ein Drittel der Schweizer Fl\u00e4che ist Wald. Damit der Wald seine vielf\u00e4ltigen Aufgaben erf\u00fcllen kann, muss er fachkundig gepflegt und bewirtschaftet werden.","robots":{"index":"index","follow":"follow","max-snippet":"max-snippet:-1","max-image-preview":"max-image-preview:large","max-video-preview":"max-video-preview:-1"},"canonical":"https:\/\/www.organisator.ch\/de\/allgemein\/2019-03-19\/tag-des-waldes-und-eine-ausbildung-im-sinne-der-nachhaltigkeit\/","og_locale":"de_DE","og_type":"article","og_title":"Tag des Waldes und eine Ausbildung im Sinne der Nachhaltigkeit - Organisator","og_description":"Ein Drittel der Schweizer Fl\u00e4che ist Wald. Damit der Wald seine vielf\u00e4ltigen Aufgaben erf\u00fcllen kann, muss er fachkundig gepflegt und bewirtschaftet werden.","og_url":"https:\/\/www.organisator.ch\/de\/allgemein\/2019-03-19\/tag-des-waldes-und-eine-ausbildung-im-sinne-der-nachhaltigkeit\/","og_site_name":"Organisator","article_publisher":"https:\/\/www.facebook.com\/OrganisatorFachmagazin","article_published_time":"2019-03-19T10:40:06+00:00","og_image":[{"width":2560,"height":1707,"url":"https:\/\/www.organisator.ch\/wp-content\/uploads\/2019\/03\/Tag-des-Waldes-UP_Umweltperspektiven-scaled.jpg","type":"image\/jpeg"}],"author":"michael.merz","twitter_card":"summary_large_image","schema":{"@context":"https:\/\/schema.org","@graph":[{"@type":"Article","@id":"https:\/\/www.organisator.ch\/it\/generale\/2019-03-19\/tag-des-waldes-und-eine-ausbildung-im-sinne-der-nachhaltigkeit\/#article","isPartOf":{"@id":"https:\/\/www.organisator.ch\/it\/generale\/2019-03-19\/tag-des-waldes-und-eine-ausbildung-im-sinne-der-nachhaltigkeit\/"},"author":{"name":"michael.merz","@id":"https:\/\/www.organisator.ch\/#\/schema\/person\/134708ca9321c57b0362cceb7948ffbd"},"headline":"Tag des Waldes und eine Ausbildung im Sinne der Nachhaltigkeit","datePublished":"2019-03-19T10:40:06+00:00","mainEntityOfPage":{"@id":"https:\/\/www.organisator.ch\/it\/generale\/2019-03-19\/tag-des-waldes-und-eine-ausbildung-im-sinne-der-nachhaltigkeit\/"},"wordCount":938,"commentCount":0,"publisher":{"@id":"https:\/\/www.organisator.ch\/#organization"},"image":{"@id":"https:\/\/www.organisator.ch\/it\/generale\/2019-03-19\/tag-des-waldes-und-eine-ausbildung-im-sinne-der-nachhaltigkeit\/#primaryimage"},"thumbnailUrl":"https:\/\/www.organisator.ch\/wp-content\/uploads\/2019\/03\/Tag-des-Waldes-UP_Umweltperspektiven-scaled.jpg","keywords":["Ausbildung","Forstwart","Forstwartin","Schweiz","Wald"],"inLanguage":"de"},{"@type":"WebPage","@id":"https:\/\/www.organisator.ch\/it\/generale\/2019-03-19\/tag-des-waldes-und-eine-ausbildung-im-sinne-der-nachhaltigkeit\/","url":"https:\/\/www.organisator.ch\/it\/generale\/2019-03-19\/tag-des-waldes-und-eine-ausbildung-im-sinne-der-nachhaltigkeit\/","name":"Tag des Waldes und eine Ausbildung im Sinne der Nachhaltigkeit - Organisator","isPartOf":{"@id":"https:\/\/www.organisator.ch\/#website"},"primaryImageOfPage":{"@id":"https:\/\/www.organisator.ch\/it\/generale\/2019-03-19\/tag-des-waldes-und-eine-ausbildung-im-sinne-der-nachhaltigkeit\/#primaryimage"},"image":{"@id":"https:\/\/www.organisator.ch\/it\/generale\/2019-03-19\/tag-des-waldes-und-eine-ausbildung-im-sinne-der-nachhaltigkeit\/#primaryimage"},"thumbnailUrl":"https:\/\/www.organisator.ch\/wp-content\/uploads\/2019\/03\/Tag-des-Waldes-UP_Umweltperspektiven-scaled.jpg","datePublished":"2019-03-19T10:40:06+00:00","description":"Ein Drittel der Schweizer Fl\u00e4che ist Wald. Damit der Wald seine vielf\u00e4ltigen Aufgaben erf\u00fcllen kann, muss er fachkundig gepflegt und bewirtschaftet werden.","breadcrumb":{"@id":"https:\/\/www.organisator.ch\/it\/generale\/2019-03-19\/tag-des-waldes-und-eine-ausbildung-im-sinne-der-nachhaltigkeit\/#breadcrumb"},"inLanguage":"de","potentialAction":[{"@type":"ReadAction","target":["https:\/\/www.organisator.ch\/it\/generale\/2019-03-19\/tag-des-waldes-und-eine-ausbildung-im-sinne-der-nachhaltigkeit\/"]}]},{"@type":"ImageObject","inLanguage":"de","@id":"https:\/\/www.organisator.ch\/it\/generale\/2019-03-19\/tag-des-waldes-und-eine-ausbildung-im-sinne-der-nachhaltigkeit\/#primaryimage","url":"https:\/\/www.organisator.ch\/wp-content\/uploads\/2019\/03\/Tag-des-Waldes-UP_Umweltperspektiven-scaled.jpg","contentUrl":"https:\/\/www.organisator.ch\/wp-content\/uploads\/2019\/03\/Tag-des-Waldes-UP_Umweltperspektiven-scaled.jpg","width":2560,"height":1707,"caption":"Forstwarte sind in der Schweiz gesucht. In Magdenau (SG) re\u00fcssieren Forstwart-Lernende wie Anna Ehrbar (Bild: zVg)"},{"@type":"BreadcrumbList","@id":"https:\/\/www.organisator.ch\/it\/generale\/2019-03-19\/tag-des-waldes-und-eine-ausbildung-im-sinne-der-nachhaltigkeit\/#breadcrumb","itemListElement":[{"@type":"ListItem","position":1,"name":"Home","item":"https:\/\/www.organisator.ch\/"},{"@type":"ListItem","position":2,"name":"Tag des Waldes und eine Ausbildung im Sinne der Nachhaltigkeit"}]},{"@type":"WebSite","@id":"https:\/\/www.organisator.ch\/#website","url":"https:\/\/www.organisator.ch\/","name":"Organisator","description":"Kompetent. Praxisnah. Der ORGANISATOR bereitet in 10 Ausgaben pro Jahr die wesentlichen Themen f\u00fcr F\u00fchrungskr\u00e4fte von KMU auf.","publisher":{"@id":"https:\/\/www.organisator.ch\/#organization"},"potentialAction":[{"@type":"SearchAction","target":{"@type":"EntryPoint","urlTemplate":"https:\/\/www.organisator.ch\/?s={search_term_string}"},"query-input":{"@type":"PropertyValueSpecification","valueRequired":true,"valueName":"search_term_string"}}],"inLanguage":"de"},{"@type":"Organization","@id":"https:\/\/www.organisator.ch\/#organization","name":"Organisator","url":"https:\/\/www.organisator.ch\/","logo":{"@type":"ImageObject","inLanguage":"de","@id":"https:\/\/www.organisator.ch\/#\/schema\/logo\/image\/","url":"https:\/\/www.organisator.ch\/wp-content\/uploads\/2022\/01\/Logo_Organisator_Website.png","contentUrl":"https:\/\/www.organisator.ch\/wp-content\/uploads\/2022\/01\/Logo_Organisator_Website.png","width":800,"height":77,"caption":"Organisator"},"image":{"@id":"https:\/\/www.organisator.ch\/#\/schema\/logo\/image\/"},"sameAs":["https:\/\/www.facebook.com\/OrganisatorFachmagazin","https:\/\/www.linkedin.com\/showcase\/organisator-das-magazin-fr-kmu","https:\/\/www.xing.com\/news\/pages\/organisator-ch-695","https:\/\/www.youtube.com\/channel\/UCGP2Sq0iWaZwT3BdIAQFYpw"]},{"@type":"Person","@id":"https:\/\/www.organisator.ch\/#\/schema\/person\/134708ca9321c57b0362cceb7948ffbd","name":"michael.merz","image":{"@type":"ImageObject","inLanguage":"de","@id":"https:\/\/secure.gravatar.com\/avatar\/?s=96&d=mm&r=g","url":"https:\/\/secure.gravatar.com\/avatar\/?s=96&d=mm&r=g","contentUrl":"https:\/\/secure.gravatar.com\/avatar\/?s=96&d=mm&r=g","caption":"michael.merz"},"url":"https:\/\/www.organisator.ch\/de\/author\/michael-merz\/"}]}},"_links":{"self":[{"href":"https:\/\/www.organisator.ch\/de\/wp-json\/wp\/v2\/posts\/10077","targetHints":{"allow":["GET"]}}],"collection":[{"href":"https:\/\/www.organisator.ch\/de\/wp-json\/wp\/v2\/posts"}],"about":[{"href":"https:\/\/www.organisator.ch\/de\/wp-json\/wp\/v2\/types\/post"}],"author":[{"embeddable":true,"href":"https:\/\/www.organisator.ch\/de\/wp-json\/wp\/v2\/users\/5"}],"replies":[{"embeddable":true,"href":"https:\/\/www.organisator.ch\/de\/wp-json\/wp\/v2\/comments?post=10077"}],"version-history":[{"count":0,"href":"https:\/\/www.organisator.ch\/de\/wp-json\/wp\/v2\/posts\/10077\/revisions"}],"wp:featuredmedia":[{"embeddable":true,"href":"https:\/\/www.organisator.ch\/de\/wp-json\/wp\/v2\/media\/2078"}],"wp:attachment":[{"href":"https:\/\/www.organisator.ch\/de\/wp-json\/wp\/v2\/media?parent=10077"}],"wp:term":[{"taxonomy":"category","embeddable":true,"href":"https:\/\/www.organisator.ch\/de\/wp-json\/wp\/v2\/categories?post=10077"},{"taxonomy":"post_tag","embeddable":true,"href":"https:\/\/www.organisator.ch\/de\/wp-json\/wp\/v2\/tags?post=10077"}],"curies":[{"name":"wp","href":"https:\/\/api.w.org\/{rel}","templated":true}]}}