{"id":10081,"date":"2019-04-24T15:43:12","date_gmt":"2019-04-24T13:43:12","guid":{"rendered":"https:\/\/www.umweltperspektiven.ch\/?p=2113"},"modified":"2022-02-09T11:06:53","modified_gmt":"2022-02-09T10:06:53","slug":"klimastiftung-schweiz-mit-rekordjahr","status":"publish","type":"post","link":"https:\/\/www.organisator.ch\/de\/sustainability\/2019-04-24\/klimastiftung-schweiz-mit-rekordjahr\/","title":{"rendered":"Klimastiftung Schweiz mit Rekordjahr"},"content":{"rendered":"<figure id=\"attachment_2114\" aria-describedby=\"caption-attachment-2114\" style=\"width: 680px\" class=\"wp-caption alignnone\"><img loading=\"lazy\" decoding=\"async\" class=\"size-medium wp-image-2114\" src=\"\/\/www.umweltperspektiven.ch\/wp-content\/uploads\/2019\/04\/Klimastiftung_Schweiz.jpg\" alt=\"\" width=\"680\" height=\"510\" \/><figcaption id=\"caption-attachment-2114\" class=\"wp-caption-text\">Finanziell ist die Stiftung gut aufgestellt und kann ihre Wirksamkeit vergr\u00f6ssern, dies dank ihrer 27 Partnerfirmen. (Bild: Klimastiftung Schweiz)<\/figcaption><\/figure>\n<p>Trockene Sommer, heftige Niederschl\u00e4ge, mehr Hitzetage und schneearme Winter: Die Klimaszenarien, welche die ETH Z\u00fcrich 2018 vorstellte, sind eindeutig. Sie zeigen mit hoher geographischer Pr\u00e4zision, was der Klimawandel f\u00fcr die Schweiz bedeutet: W\u00e4hrend der Gem\u00fcsebauer im Jahr 2060 sein Gem\u00fcse bew\u00e4ssern muss, evakuiert die Hausbesitzerin schon wieder ihren Keller wegen Extrem-Niederschlags.<\/p>\n<p>\u00abDoch der Bericht stellt nicht nur die drohenden Gefahren dar\u00bb, sagt Vincent Eckert, Gesch\u00e4ftsf\u00fchrer der Klimastiftung Schweiz. \u00abEr zeigt auch, dass der Klimawandel mit entschlossenem Handeln zumindest einged\u00e4mmt werden kann.\u00bb<\/p>\n<p><strong>F\u00f6rdersumme um \u00fcber ein Drittel gestiegen<\/strong><\/p>\n<p>Immer mehr Schweizer und Liechtensteiner KMU ergreifen Massnahmen f\u00fcr einen besseren Klimaschutz. Die Stiftung konnte in ihrem Jubil\u00e4umsjahr rund 350 KMU finanziell unterst\u00fctzen. Dabei stieg die F\u00f6rdersumme im Vergleich zum Vorjahr um 37%. \u00abVor allem im Bereich Innovation reichen Firmen bei uns immer mehr und immer bessere F\u00f6rdergesuche ein\u00bb, stellt Eckert fest. Entwickelt ein KMU ein Produkt f\u00fcr den Klimaschutz, kann es bei der Klimastiftung Schweiz F\u00f6rdergelder beantragen.<\/p>\n<p>Auch die Zahl der Energieeffizienz-Projekte nahm zu: Fast 100 Projekte, mit denen KMU im eigenen Betrieb Energie sparen, konnte die Stiftung finanziell unterst\u00fctzen. Stark gestiegen ist in diesem Bereich unter anderem die F\u00f6rderung von E-Mobilit\u00e4t, das zeigt der heute publizierte Gesch\u00e4ftsbericht der Klimastiftung Schweiz.<\/p>\n<p><strong>Gut aufgestellt dank Partnerfirmen<\/strong><\/p>\n<p>Ihre F\u00f6rderaktivit\u00e4ten f\u00fchrt die Stiftung weiter und verst\u00e4rkt sie noch. Finanziell ist sie gut aufgestellt und kann ihre Wirksamkeit vergr\u00f6ssern, dies dank der 27 Partnerfirmen: Grosse Dienstleister aus der Schweiz und Liechtenstein spenden ihre Netto-R\u00fcckverg\u00fctung aus der CO2-Lenkungsabgabe der gemeinsamen Stiftung. Die Vereinbarungen mit den Partnerfirmen laufen aktuell bis Ende 2020. Den strategischen Prozess \u00abpost 2020\u00bb hat die Stiftung bereits begonnen.<\/p>\n<p>Gesch\u00e4ftsf\u00fchrer Vincent Eckert schaut gerne auf ein erfolgreiches Jahr zur\u00fcck, \u00ababer noch lieber schauen wir nach vorne, auf eine Zukunft, die wir nun gemeinsam mit unseren Partnerfirmen planen.\u00bb<\/p>\n<p>&nbsp;<\/p>\n<p><em>\u00dcber die Klimastiftung Schweiz<\/em><\/p>\n<p><em>Klima sch\u00fctzen. KMU st\u00e4rken. Nach diesem Motto unterst\u00fctzt die Klimastiftung Schweiz Projekte kleiner und mittlerer Unternehmen (KMU), die einen Beitrag zum Klimaschutz leisten. Die Stiftung hat seit ihrer Gr\u00fcndung 2008 F\u00f6rderungen in der H\u00f6he von 20 Millionen Franken f\u00fcr \u00fcber 1&#8217;400 KMU in der Schweiz und im F\u00fcrstentum Liechtenstein gesprochen.<\/em><\/p>\n<p><em>Die Klimastiftung Schweiz wurde als gemeinn\u00fctzige, unabh\u00e4ngige Stiftung gegr\u00fcndet. Sie ist unter Bundesaufsicht und steht interessierten Firmen offen, die durch einen effizienten und gezielten Einsatz der R\u00fcckverteilung aus der CO2-Lenkungsabgabe den Klimaschutz verst\u00e4rken wollen.<\/em><\/p>\n<p><em>Seit Januar 2008 verlangt das CO2-Gesetz eine Abgabe auf Brennstoffe. Ein Teil der Abgaben fliesst zur\u00fcck an die Wirtschaft. Vor allem grosse Dienstleistungsunternehmen erhalten mehr zur\u00fcck, als sie bezahlt haben. Diese \u00abNetto-R\u00fcckverg\u00fctung\u00bb setzen die Partnerfirmen der Klimastiftung Schweiz f\u00fcr Klimaschutzmassnahmen von Schweizer und Liechtensteiner KMU ein.<\/em><\/p>\n<p><em>Die Partner der Klimastiftung Schweiz<\/em><\/p>\n<p><em>Die Schweizer und Liechtensteiner Dienstleister Allianz Suisse, Alternative Bank Schweiz, AXA, Bank J. Safra Sarasin, ECA Vaud, Geb\u00e4udeversicherung Bern, Geb\u00e4udeversicherung Kanton Z\u00fcrich, Glarner Kantonalbank, Julius B\u00e4r, LGT, Liechtensteinische Landesbank, Man Investments, NewRe, PartnerRe, Pictet &amp; Cie, PwC Schweiz, Raiffeisen Schweiz, RobecoSAM, Sanitas Krankenversicherung, SAP (Schweiz) AG, SCOR, Swiss Life, Swiss Re, Vaudoise Assurances, Vontobel, VP Bank und AXA XL sind Partner der Klimastiftung Schweiz.<\/em><\/p>\n<p>&nbsp;<\/p>\n<p><em>Weitere Informationen: <a href=\"\/\/www.klimastiftung.ch\">www.klimastiftung.ch<\/a><\/em><\/p>\n<p>&nbsp;<\/p>\n<p>&nbsp;<\/p>\n<p>&nbsp;<\/p>\n<p>&nbsp;<\/p>\n<p>&nbsp;<\/p>\n<p>&nbsp;<\/p>\n<p>&nbsp;<\/p>\n<p>&nbsp;<\/p>\n<p>&nbsp;<\/p>\n<p>&nbsp;<\/p>\n<table width=\"100%\">\n<tbody>\n<tr>\n<td>\n<table width=\"100%\">\n<tbody>\n<tr>\n<td width=\"750\">\n<table style=\"height: 5px;\" width=\"1321\">\n<tbody>\n<tr>\n<td><\/td>\n<\/tr>\n<\/tbody>\n<\/table>\n<\/td>\n<\/tr>\n<\/tbody>\n<\/table>\n<\/td>\n<\/tr>\n<\/tbody>\n<\/table>\n<p>&nbsp;<\/p>\n<table width=\"100%\">\n<tbody>\n<tr>\n<td>\n<table width=\"100%\">\n<tbody>\n<tr>\n<td><\/td>\n<\/tr>\n<\/tbody>\n<\/table>\n<\/td>\n<\/tr>\n<\/tbody>\n<\/table>\n<table width=\"100%\">\n<tbody>\n<tr>\n<td>\n<table width=\"100%\">\n<tbody>\n<tr>\n<td width=\"750\">\n<table width=\"100%\">\n<tbody>\n<tr>\n<td><\/td>\n<\/tr>\n<\/tbody>\n<\/table>\n<\/td>\n<\/tr>\n<\/tbody>\n<\/table>\n<\/td>\n<\/tr>\n<\/tbody>\n<\/table>\n<p>&nbsp;<\/p>\n<p>&nbsp;<\/p>\n<p>&nbsp;<\/p>\n","protected":false},"excerpt":{"rendered":"<p>Trockene Sommer, heftige Niederschl\u00e4ge, mehr Hitzetage und schneearme Winter: Die Klimaszenarien, welche die ETH Z\u00fcrich 2018 vorstellte, sind eindeutig. Sie zeigen mit hoher geographischer Pr\u00e4zision, was der Klimawandel f\u00fcr die Schweiz bedeutet: W\u00e4hrend der Gem\u00fcsebauer im Jahr 2060 sein Gem\u00fcse bew\u00e4ssern muss, evakuiert die Hausbesitzerin schon wieder ihren Keller wegen Extrem-Niederschlags. \u00abDoch der Bericht stellt [&hellip;]<\/p>\n","protected":false},"author":5,"featured_media":9602,"comment_status":"open","ping_status":"open","sticky":false,"template":"","format":"standard","meta":{"_acf_changed":false,"_yoast_wpseo_focuskw":"Klimastiftung Schweiz","_yoast_wpseo_metadesc":"Das zehnte Jahr war das erfolgreichste in der Geschichte der Klimastiftung Schweiz: Sie konnte hochdotierte Klimaschutz-Projekte unterst\u00fctzen.","articlekey":"","footnotes":""},"categories":[580],"tags":[292,1526,301,455],"class_list":["post-10081","post","type-post","status-publish","format-standard","has-post-thumbnail","hentry","category-sustainability","tag-jubilaeum","tag-klimastiftung-schweiz","tag-kmu","tag-stiftung"],"acf":[],"yoast_head":"<!-- This site is optimized with the Yoast SEO plugin v27.4 - https:\/\/yoast.com\/product\/yoast-seo-wordpress\/ -->\n<title>Klimastiftung Schweiz mit Rekordjahr - Organisator<\/title>\n<meta name=\"description\" content=\"Das zehnte Jahr war das erfolgreichste in der Geschichte der Klimastiftung Schweiz: Sie konnte hochdotierte Klimaschutz-Projekte unterst\u00fctzen.\" \/>\n<meta name=\"robots\" content=\"index, follow, max-snippet:-1, max-image-preview:large, max-video-preview:-1\" \/>\n<link rel=\"canonical\" href=\"https:\/\/www.organisator.ch\/de\/sustainability\/2019-04-24\/klimastiftung-schweiz-mit-rekordjahr\/\" \/>\n<meta property=\"og:locale\" content=\"de_DE\" \/>\n<meta property=\"og:type\" content=\"article\" \/>\n<meta property=\"og:title\" content=\"Klimastiftung Schweiz mit Rekordjahr - Organisator\" \/>\n<meta property=\"og:description\" content=\"Das zehnte Jahr war das erfolgreichste in der Geschichte der Klimastiftung Schweiz: Sie konnte hochdotierte Klimaschutz-Projekte unterst\u00fctzen.\" \/>\n<meta property=\"og:url\" content=\"https:\/\/www.organisator.ch\/de\/sustainability\/2019-04-24\/klimastiftung-schweiz-mit-rekordjahr\/\" \/>\n<meta property=\"og:site_name\" content=\"Organisator\" \/>\n<meta property=\"article:publisher\" content=\"https:\/\/www.facebook.com\/OrganisatorFachmagazin\" \/>\n<meta property=\"article:published_time\" content=\"2019-04-24T13:43:12+00:00\" \/>\n<meta property=\"article:modified_time\" content=\"2022-02-09T10:06:53+00:00\" \/>\n<meta property=\"og:image\" content=\"https:\/\/www.organisator.ch\/wp-content\/uploads\/2019\/04\/Klimastiftung_Schweiz-scaled.jpg\" \/>\n\t<meta property=\"og:image:width\" content=\"2560\" \/>\n\t<meta property=\"og:image:height\" content=\"1919\" \/>\n\t<meta property=\"og:image:type\" content=\"image\/jpeg\" \/>\n<meta name=\"author\" content=\"michael.merz\" \/>\n<meta name=\"twitter:card\" content=\"summary_large_image\" \/>\n<script type=\"application\/ld+json\" class=\"yoast-schema-graph\">{\"@context\":\"https:\\\/\\\/schema.org\",\"@graph\":[{\"@type\":\"Article\",\"@id\":\"https:\\\/\\\/www.organisator.ch\\\/sustainability\\\/2019-04-24\\\/klimastiftung-schweiz-mit-rekordjahr\\\/#article\",\"isPartOf\":{\"@id\":\"https:\\\/\\\/www.organisator.ch\\\/sustainability\\\/2019-04-24\\\/klimastiftung-schweiz-mit-rekordjahr\\\/\"},\"author\":{\"name\":\"michael.merz\",\"@id\":\"https:\\\/\\\/www.organisator.ch\\\/#\\\/schema\\\/person\\\/134708ca9321c57b0362cceb7948ffbd\"},\"headline\":\"Klimastiftung Schweiz mit Rekordjahr\",\"datePublished\":\"2019-04-24T13:43:12+00:00\",\"dateModified\":\"2022-02-09T10:06:53+00:00\",\"mainEntityOfPage\":{\"@id\":\"https:\\\/\\\/www.organisator.ch\\\/sustainability\\\/2019-04-24\\\/klimastiftung-schweiz-mit-rekordjahr\\\/\"},\"wordCount\":592,\"commentCount\":0,\"publisher\":{\"@id\":\"https:\\\/\\\/www.organisator.ch\\\/#organization\"},\"image\":{\"@id\":\"https:\\\/\\\/www.organisator.ch\\\/sustainability\\\/2019-04-24\\\/klimastiftung-schweiz-mit-rekordjahr\\\/#primaryimage\"},\"thumbnailUrl\":\"https:\\\/\\\/www.organisator.ch\\\/wp-content\\\/uploads\\\/2019\\\/04\\\/Klimastiftung_Schweiz-scaled.jpg\",\"keywords\":[\"Jubil\u00e4um\",\"Klimastiftung Schweiz\",\"KMU\",\"Stiftung\"],\"articleSection\":[\"SUSTAINABILITY\"],\"inLanguage\":\"de\"},{\"@type\":\"WebPage\",\"@id\":\"https:\\\/\\\/www.organisator.ch\\\/sustainability\\\/2019-04-24\\\/klimastiftung-schweiz-mit-rekordjahr\\\/\",\"url\":\"https:\\\/\\\/www.organisator.ch\\\/sustainability\\\/2019-04-24\\\/klimastiftung-schweiz-mit-rekordjahr\\\/\",\"name\":\"Klimastiftung Schweiz mit Rekordjahr - Organisator\",\"isPartOf\":{\"@id\":\"https:\\\/\\\/www.organisator.ch\\\/#website\"},\"primaryImageOfPage\":{\"@id\":\"https:\\\/\\\/www.organisator.ch\\\/sustainability\\\/2019-04-24\\\/klimastiftung-schweiz-mit-rekordjahr\\\/#primaryimage\"},\"image\":{\"@id\":\"https:\\\/\\\/www.organisator.ch\\\/sustainability\\\/2019-04-24\\\/klimastiftung-schweiz-mit-rekordjahr\\\/#primaryimage\"},\"thumbnailUrl\":\"https:\\\/\\\/www.organisator.ch\\\/wp-content\\\/uploads\\\/2019\\\/04\\\/Klimastiftung_Schweiz-scaled.jpg\",\"datePublished\":\"2019-04-24T13:43:12+00:00\",\"dateModified\":\"2022-02-09T10:06:53+00:00\",\"description\":\"Das zehnte Jahr war das erfolgreichste in der Geschichte der Klimastiftung Schweiz: Sie konnte hochdotierte Klimaschutz-Projekte unterst\u00fctzen.\",\"breadcrumb\":{\"@id\":\"https:\\\/\\\/www.organisator.ch\\\/sustainability\\\/2019-04-24\\\/klimastiftung-schweiz-mit-rekordjahr\\\/#breadcrumb\"},\"inLanguage\":\"de\",\"potentialAction\":[{\"@type\":\"ReadAction\",\"target\":[\"https:\\\/\\\/www.organisator.ch\\\/sustainability\\\/2019-04-24\\\/klimastiftung-schweiz-mit-rekordjahr\\\/\"]}]},{\"@type\":\"ImageObject\",\"inLanguage\":\"de\",\"@id\":\"https:\\\/\\\/www.organisator.ch\\\/sustainability\\\/2019-04-24\\\/klimastiftung-schweiz-mit-rekordjahr\\\/#primaryimage\",\"url\":\"https:\\\/\\\/www.organisator.ch\\\/wp-content\\\/uploads\\\/2019\\\/04\\\/Klimastiftung_Schweiz-scaled.jpg\",\"contentUrl\":\"https:\\\/\\\/www.organisator.ch\\\/wp-content\\\/uploads\\\/2019\\\/04\\\/Klimastiftung_Schweiz-scaled.jpg\",\"width\":2560,\"height\":1919,\"caption\":\"Finanziell ist die Stiftung gut aufgestellt und kann ihre Wirksamkeit vergr\u00f6ssern, dies dank ihrer 27 Partnerfirmen. (Bild: Klimastiftung Schweiz)\"},{\"@type\":\"BreadcrumbList\",\"@id\":\"https:\\\/\\\/www.organisator.ch\\\/sustainability\\\/2019-04-24\\\/klimastiftung-schweiz-mit-rekordjahr\\\/#breadcrumb\",\"itemListElement\":[{\"@type\":\"ListItem\",\"position\":1,\"name\":\"Home\",\"item\":\"https:\\\/\\\/www.organisator.ch\\\/\"},{\"@type\":\"ListItem\",\"position\":2,\"name\":\"Klimastiftung Schweiz mit Rekordjahr\"}]},{\"@type\":\"WebSite\",\"@id\":\"https:\\\/\\\/www.organisator.ch\\\/#website\",\"url\":\"https:\\\/\\\/www.organisator.ch\\\/\",\"name\":\"Organisator\",\"description\":\"Kompetent. Praxisnah. Der ORGANISATOR bereitet in 10 Ausgaben pro Jahr die wesentlichen Themen f\u00fcr F\u00fchrungskr\u00e4fte von KMU auf.\",\"publisher\":{\"@id\":\"https:\\\/\\\/www.organisator.ch\\\/#organization\"},\"potentialAction\":[{\"@type\":\"SearchAction\",\"target\":{\"@type\":\"EntryPoint\",\"urlTemplate\":\"https:\\\/\\\/www.organisator.ch\\\/?s={search_term_string}\"},\"query-input\":{\"@type\":\"PropertyValueSpecification\",\"valueRequired\":true,\"valueName\":\"search_term_string\"}}],\"inLanguage\":\"de\"},{\"@type\":\"Organization\",\"@id\":\"https:\\\/\\\/www.organisator.ch\\\/#organization\",\"name\":\"Organisator\",\"url\":\"https:\\\/\\\/www.organisator.ch\\\/\",\"logo\":{\"@type\":\"ImageObject\",\"inLanguage\":\"de\",\"@id\":\"https:\\\/\\\/www.organisator.ch\\\/#\\\/schema\\\/logo\\\/image\\\/\",\"url\":\"https:\\\/\\\/www.organisator.ch\\\/wp-content\\\/uploads\\\/2022\\\/01\\\/Logo_Organisator_Website.png\",\"contentUrl\":\"https:\\\/\\\/www.organisator.ch\\\/wp-content\\\/uploads\\\/2022\\\/01\\\/Logo_Organisator_Website.png\",\"width\":800,\"height\":77,\"caption\":\"Organisator\"},\"image\":{\"@id\":\"https:\\\/\\\/www.organisator.ch\\\/#\\\/schema\\\/logo\\\/image\\\/\"},\"sameAs\":[\"https:\\\/\\\/www.facebook.com\\\/OrganisatorFachmagazin\",\"https:\\\/\\\/www.linkedin.com\\\/showcase\\\/organisator-das-magazin-fr-kmu\",\"https:\\\/\\\/www.xing.com\\\/news\\\/pages\\\/organisator-ch-695\",\"https:\\\/\\\/www.youtube.com\\\/channel\\\/UCGP2Sq0iWaZwT3BdIAQFYpw\"]},{\"@type\":\"Person\",\"@id\":\"https:\\\/\\\/www.organisator.ch\\\/#\\\/schema\\\/person\\\/134708ca9321c57b0362cceb7948ffbd\",\"name\":\"michael.merz\",\"image\":{\"@type\":\"ImageObject\",\"inLanguage\":\"de\",\"@id\":\"https:\\\/\\\/secure.gravatar.com\\\/avatar\\\/?s=96&d=mm&r=g\",\"url\":\"https:\\\/\\\/secure.gravatar.com\\\/avatar\\\/?s=96&d=mm&r=g\",\"contentUrl\":\"https:\\\/\\\/secure.gravatar.com\\\/avatar\\\/?s=96&d=mm&r=g\",\"caption\":\"michael.merz\"},\"url\":\"https:\\\/\\\/www.organisator.ch\\\/de\\\/author\\\/michael-merz\\\/\"}]}<\/script>\n<!-- \/ Yoast SEO plugin. -->","yoast_head_json":{"title":"Klimastiftung Schweiz mit Rekordjahr - Organisator","description":"Das zehnte Jahr war das erfolgreichste in der Geschichte der Klimastiftung Schweiz: Sie konnte hochdotierte Klimaschutz-Projekte unterst\u00fctzen.","robots":{"index":"index","follow":"follow","max-snippet":"max-snippet:-1","max-image-preview":"max-image-preview:large","max-video-preview":"max-video-preview:-1"},"canonical":"https:\/\/www.organisator.ch\/de\/sustainability\/2019-04-24\/klimastiftung-schweiz-mit-rekordjahr\/","og_locale":"de_DE","og_type":"article","og_title":"Klimastiftung Schweiz mit Rekordjahr - Organisator","og_description":"Das zehnte Jahr war das erfolgreichste in der Geschichte der Klimastiftung Schweiz: Sie konnte hochdotierte Klimaschutz-Projekte unterst\u00fctzen.","og_url":"https:\/\/www.organisator.ch\/de\/sustainability\/2019-04-24\/klimastiftung-schweiz-mit-rekordjahr\/","og_site_name":"Organisator","article_publisher":"https:\/\/www.facebook.com\/OrganisatorFachmagazin","article_published_time":"2019-04-24T13:43:12+00:00","article_modified_time":"2022-02-09T10:06:53+00:00","og_image":[{"width":2560,"height":1919,"url":"https:\/\/www.organisator.ch\/wp-content\/uploads\/2019\/04\/Klimastiftung_Schweiz-scaled.jpg","type":"image\/jpeg"}],"author":"michael.merz","twitter_card":"summary_large_image","schema":{"@context":"https:\/\/schema.org","@graph":[{"@type":"Article","@id":"https:\/\/www.organisator.ch\/sustainability\/2019-04-24\/klimastiftung-schweiz-mit-rekordjahr\/#article","isPartOf":{"@id":"https:\/\/www.organisator.ch\/sustainability\/2019-04-24\/klimastiftung-schweiz-mit-rekordjahr\/"},"author":{"name":"michael.merz","@id":"https:\/\/www.organisator.ch\/#\/schema\/person\/134708ca9321c57b0362cceb7948ffbd"},"headline":"Klimastiftung Schweiz mit Rekordjahr","datePublished":"2019-04-24T13:43:12+00:00","dateModified":"2022-02-09T10:06:53+00:00","mainEntityOfPage":{"@id":"https:\/\/www.organisator.ch\/sustainability\/2019-04-24\/klimastiftung-schweiz-mit-rekordjahr\/"},"wordCount":592,"commentCount":0,"publisher":{"@id":"https:\/\/www.organisator.ch\/#organization"},"image":{"@id":"https:\/\/www.organisator.ch\/sustainability\/2019-04-24\/klimastiftung-schweiz-mit-rekordjahr\/#primaryimage"},"thumbnailUrl":"https:\/\/www.organisator.ch\/wp-content\/uploads\/2019\/04\/Klimastiftung_Schweiz-scaled.jpg","keywords":["Jubil\u00e4um","Klimastiftung Schweiz","KMU","Stiftung"],"articleSection":["SUSTAINABILITY"],"inLanguage":"de"},{"@type":"WebPage","@id":"https:\/\/www.organisator.ch\/sustainability\/2019-04-24\/klimastiftung-schweiz-mit-rekordjahr\/","url":"https:\/\/www.organisator.ch\/sustainability\/2019-04-24\/klimastiftung-schweiz-mit-rekordjahr\/","name":"Klimastiftung Schweiz mit Rekordjahr - Organisator","isPartOf":{"@id":"https:\/\/www.organisator.ch\/#website"},"primaryImageOfPage":{"@id":"https:\/\/www.organisator.ch\/sustainability\/2019-04-24\/klimastiftung-schweiz-mit-rekordjahr\/#primaryimage"},"image":{"@id":"https:\/\/www.organisator.ch\/sustainability\/2019-04-24\/klimastiftung-schweiz-mit-rekordjahr\/#primaryimage"},"thumbnailUrl":"https:\/\/www.organisator.ch\/wp-content\/uploads\/2019\/04\/Klimastiftung_Schweiz-scaled.jpg","datePublished":"2019-04-24T13:43:12+00:00","dateModified":"2022-02-09T10:06:53+00:00","description":"Das zehnte Jahr war das erfolgreichste in der Geschichte der Klimastiftung Schweiz: Sie konnte hochdotierte Klimaschutz-Projekte unterst\u00fctzen.","breadcrumb":{"@id":"https:\/\/www.organisator.ch\/sustainability\/2019-04-24\/klimastiftung-schweiz-mit-rekordjahr\/#breadcrumb"},"inLanguage":"de","potentialAction":[{"@type":"ReadAction","target":["https:\/\/www.organisator.ch\/sustainability\/2019-04-24\/klimastiftung-schweiz-mit-rekordjahr\/"]}]},{"@type":"ImageObject","inLanguage":"de","@id":"https:\/\/www.organisator.ch\/sustainability\/2019-04-24\/klimastiftung-schweiz-mit-rekordjahr\/#primaryimage","url":"https:\/\/www.organisator.ch\/wp-content\/uploads\/2019\/04\/Klimastiftung_Schweiz-scaled.jpg","contentUrl":"https:\/\/www.organisator.ch\/wp-content\/uploads\/2019\/04\/Klimastiftung_Schweiz-scaled.jpg","width":2560,"height":1919,"caption":"Finanziell ist die Stiftung gut aufgestellt und kann ihre Wirksamkeit vergr\u00f6ssern, dies dank ihrer 27 Partnerfirmen. (Bild: Klimastiftung Schweiz)"},{"@type":"BreadcrumbList","@id":"https:\/\/www.organisator.ch\/sustainability\/2019-04-24\/klimastiftung-schweiz-mit-rekordjahr\/#breadcrumb","itemListElement":[{"@type":"ListItem","position":1,"name":"Home","item":"https:\/\/www.organisator.ch\/"},{"@type":"ListItem","position":2,"name":"Klimastiftung Schweiz mit Rekordjahr"}]},{"@type":"WebSite","@id":"https:\/\/www.organisator.ch\/#website","url":"https:\/\/www.organisator.ch\/","name":"Organisator","description":"Kompetent. Praxisnah. Der ORGANISATOR bereitet in 10 Ausgaben pro Jahr die wesentlichen Themen f\u00fcr F\u00fchrungskr\u00e4fte von KMU auf.","publisher":{"@id":"https:\/\/www.organisator.ch\/#organization"},"potentialAction":[{"@type":"SearchAction","target":{"@type":"EntryPoint","urlTemplate":"https:\/\/www.organisator.ch\/?s={search_term_string}"},"query-input":{"@type":"PropertyValueSpecification","valueRequired":true,"valueName":"search_term_string"}}],"inLanguage":"de"},{"@type":"Organization","@id":"https:\/\/www.organisator.ch\/#organization","name":"Organisator","url":"https:\/\/www.organisator.ch\/","logo":{"@type":"ImageObject","inLanguage":"de","@id":"https:\/\/www.organisator.ch\/#\/schema\/logo\/image\/","url":"https:\/\/www.organisator.ch\/wp-content\/uploads\/2022\/01\/Logo_Organisator_Website.png","contentUrl":"https:\/\/www.organisator.ch\/wp-content\/uploads\/2022\/01\/Logo_Organisator_Website.png","width":800,"height":77,"caption":"Organisator"},"image":{"@id":"https:\/\/www.organisator.ch\/#\/schema\/logo\/image\/"},"sameAs":["https:\/\/www.facebook.com\/OrganisatorFachmagazin","https:\/\/www.linkedin.com\/showcase\/organisator-das-magazin-fr-kmu","https:\/\/www.xing.com\/news\/pages\/organisator-ch-695","https:\/\/www.youtube.com\/channel\/UCGP2Sq0iWaZwT3BdIAQFYpw"]},{"@type":"Person","@id":"https:\/\/www.organisator.ch\/#\/schema\/person\/134708ca9321c57b0362cceb7948ffbd","name":"michael.merz","image":{"@type":"ImageObject","inLanguage":"de","@id":"https:\/\/secure.gravatar.com\/avatar\/?s=96&d=mm&r=g","url":"https:\/\/secure.gravatar.com\/avatar\/?s=96&d=mm&r=g","contentUrl":"https:\/\/secure.gravatar.com\/avatar\/?s=96&d=mm&r=g","caption":"michael.merz"},"url":"https:\/\/www.organisator.ch\/de\/author\/michael-merz\/"}]}},"_links":{"self":[{"href":"https:\/\/www.organisator.ch\/de\/wp-json\/wp\/v2\/posts\/10081","targetHints":{"allow":["GET"]}}],"collection":[{"href":"https:\/\/www.organisator.ch\/de\/wp-json\/wp\/v2\/posts"}],"about":[{"href":"https:\/\/www.organisator.ch\/de\/wp-json\/wp\/v2\/types\/post"}],"author":[{"embeddable":true,"href":"https:\/\/www.organisator.ch\/de\/wp-json\/wp\/v2\/users\/5"}],"replies":[{"embeddable":true,"href":"https:\/\/www.organisator.ch\/de\/wp-json\/wp\/v2\/comments?post=10081"}],"version-history":[{"count":1,"href":"https:\/\/www.organisator.ch\/de\/wp-json\/wp\/v2\/posts\/10081\/revisions"}],"predecessor-version":[{"id":10703,"href":"https:\/\/www.organisator.ch\/de\/wp-json\/wp\/v2\/posts\/10081\/revisions\/10703"}],"wp:featuredmedia":[{"embeddable":true,"href":"https:\/\/www.organisator.ch\/de\/wp-json\/wp\/v2\/media\/9602"}],"wp:attachment":[{"href":"https:\/\/www.organisator.ch\/de\/wp-json\/wp\/v2\/media?parent=10081"}],"wp:term":[{"taxonomy":"category","embeddable":true,"href":"https:\/\/www.organisator.ch\/de\/wp-json\/wp\/v2\/categories?post=10081"},{"taxonomy":"post_tag","embeddable":true,"href":"https:\/\/www.organisator.ch\/de\/wp-json\/wp\/v2\/tags?post=10081"}],"curies":[{"name":"wp","href":"https:\/\/api.w.org\/{rel}","templated":true}]}}