{"id":10086,"date":"2019-06-05T17:14:34","date_gmt":"2019-06-05T15:14:34","guid":{"rendered":"https:\/\/www.umweltperspektiven.ch\/?p=2172"},"modified":"2022-02-09T11:10:52","modified_gmt":"2022-02-09T10:10:52","slug":"warum-weltweit-zu-viel-trinkwasser-nutzlos-versickert","status":"publish","type":"post","link":"https:\/\/www.organisator.ch\/de\/sustainability\/2019-06-05\/warum-weltweit-zu-viel-trinkwasser-nutzlos-versickert\/","title":{"rendered":"Warum weltweit zu viel Trinkwasser nutzlos versickert"},"content":{"rendered":"<div><\/div>\n<div>\n<figure id=\"attachment_2173\" aria-describedby=\"caption-attachment-2173\" style=\"width: 680px\" class=\"wp-caption alignnone\"><img loading=\"lazy\" decoding=\"async\" class=\"size-medium wp-image-2173\" src=\"\/\/www.umweltperspektiven.ch\/wp-content\/uploads\/2019\/06\/WaLUE_1.jpg\" alt=\"\" width=\"680\" height=\"910\" \/><figcaption id=\"caption-attachment-2173\" class=\"wp-caption-text\">Hier sieht man eine Leckage im Versorgungsnetz in Tiruvannamalai. Doch auch f\u00fcr viele Industriel\u00e4nder gibt es zum Thema Wasserverlustreduzierung noch viel zu tun. (Bild: \u00a9 Weil)<\/figcaption><\/figure>\n<p>Der Mangel an Trinkwasser ist in vielen Regionen der Welt ein existenzbedrohendes Problem. Die Ausweitung der Wasserproduktion, die oftmals (beispielsweise durch Talsperren, den Bau von zus\u00e4tzlichen Grundwasserpumpen, Flusswasserentnahmen oder Meerwasserentsalzungsanlagen) als erste Ma\u00dfnahme umgesetzt wird, ist aber erst dann sinnvoll, wenn man die zum Teil gigantischen Verluste im Leitungsnetz reduziert. \u201eDiese Verluste sind vielfach ein Hauptgrund f\u00fcr die unzureichende Wasserversorgung&#8220;, sagt Keno Str\u00f6mer vom Institut f\u00fcr Umwelttechnik und Management (IEEM) an der Universit\u00e4t Witten\/Herdecke (UW\/H).<\/p>\n<\/div>\n<p>Im Rahmen des vom Bundesministerium f\u00fcr Bildung und Forschung initiierten Verbund-Forschungsprojekts \u201eWaLUE&#8220; (Water Losses in Urban Environment) war es das Ziel der Wittener Forscher, L\u00f6sungskonzepte f\u00fcr eine bessere Wasserversorgung in indischen St\u00e4dten zu entwickeln. Nach f\u00fcnf Jahren Forschungs- und Umsetzungsarbeit wurde das Projekt nun erfolgreich abgeschlossen.<\/p>\n<p>Die Wissenschaftler entwickelten dazu Konzepte zur Reduzierung von Wasserverlusten durch Ortung und Abdichtung von Leckagen sowie ein nachhaltiges Gesch\u00e4ftsmodell f\u00fcr st\u00e4dtische Wasserversorger. \u201eDer schlechte Zustand und die mangelhafte Wartung der Versorgungsleitungen f\u00fchrt zu erheblichen Verlusten von nicht selten deutlich \u00fcber 50 Prozent auf dem Weg zum Endverbraucher&#8220;, erl\u00e4utert Keno Str\u00f6mer. \u201eDurch M\u00e4ngel an Bauqualit\u00e4t und mangelhafte Wartung werden die Kosten der Wasserlieferung am Ende teurer. Durch eine Verbesserung l\u00e4sst sich also nicht nur wertvolles Trinkwasser einsparen, sondern auch Energie, zum Beispiel f\u00fcr Wasserpumpen, Bau- und Personalkosten.&#8220;<\/p>\n<p>Wie eine Qualit\u00e4tsverbesserung mit an die Landesverh\u00e4ltnisse angepassten Technologien und Managementkonzepten erreicht werden kann, hat das IEEM nun in einem Handbuch auf Englisch, Deutsch, Hindi und Tamil ver\u00f6ffentlicht. Darin werden digital unterst\u00fctzte Technologien und Konzepte zur Wasserverlustreduzierung vorgestellt, die im Rahmen des Forschungsprojekts erstmals in der indischen Stadt Tiruvannamalai umgesetzt wurden.<\/p>\n<div><\/div>\n<div>\n<div>\n<figure style=\"width: 656px\" class=\"wp-caption alignnone\"><img loading=\"lazy\" decoding=\"async\" src=\"\/\/www.forum-csr.net\/global\/images\/cms\/Pressemeldungen\/2019_05\/walue_2.png\" alt=\"Die Hauptwasserquelle von Tiruvannamalai ist das Oberfl\u00e4chenwasser aus dem Then-Pennaiyar-Fluss. \u00a9 Str\u00f6mer\" width=\"656\" height=\"492\" border=\"0\" \/><figcaption class=\"wp-caption-text\">Die Hauptwasserquelle von Tiruvannamalai ist das Oberfl\u00e4chenwasser aus dem Then-Pennaiyar-Fluss. \u00a9 Str\u00f6mer<\/figcaption><\/figure>\n<\/div>\n<\/div>\n<div><\/div>\n<p>Am Vorhaben beteiligt waren als deutsche Industriepartner mit Tochtergesellschaften in Indien der Wasserdienstleister REMONDIS Aqua, der Pumpenhersteller WILO SE, Dorsch Consulting und Seba KMT. Wissenschaftspartner war das Karlsruher Institut f\u00fcr Technologie (KIT). Auf der indischen Seite wurde das Projekt wissenschaftlich durch die Anna-University in Chennai begleitet. Die Projektleitung lag beim IEEM unter der Leitung von Prof. Dr. mult. Karl-Ulrich Rudolph.<\/p>\n<p>Erschwert wurde das Vorhaben dadurch, dass der international etablierte Ansatz zur Berechnung der Wassermengen (Wasserbilanz der International Water Association IWA) auf Grund regionaler Gegebenheiten nicht angewendet werden konnte. \u201eEin wichtiger Erfolg des Projektes bestand deshalb darin, die f\u00fcr Industriel\u00e4nder entwickelte Wasserbilanz zu erweitern und an den indischen Wassersektor anzupassen&#8220;, erl\u00e4utert Prof. Rudolph.<\/p>\n<p>Auch die Messger\u00e4te und Software zur Ortung von undichten Stellen im Kanalnetz mussten erst an die Gegebenheiten der indischen Kanalisation angepasst werden.. \u201eSowohl im technologischen als auch im Managementbereich konnten wir moderne und fallspezifisch geeignete, digitale Systemkomponenten installieren und austesten, die im Sinne eines Gesamtsystems miteinander harmonieren bzw. verkn\u00fcpft sein m\u00fcssen.&#8220;<\/p>\n<div><\/div>\n<div><\/div>\n<div>\n<div>\n<figure style=\"width: 656px\" class=\"wp-caption alignnone\"><img loading=\"lazy\" decoding=\"async\" src=\"\/\/www.forum-csr.net\/global\/images\/cms\/Pressemeldungen\/2019_05\/walue_3.png\" alt=\"Installation eines Wasserz\u00e4hlers an einer Versorgungsleitung, um den Wasserbedarf bzw. -verbrauch zu ermitteln. \u00a9 Mastaller\" width=\"656\" height=\"492\" border=\"0\" \/><figcaption class=\"wp-caption-text\">Installation eines Wasserz\u00e4hlers an einer Versorgungsleitung, um den Wasserbedarf bzw. -verbrauch zu ermitteln. \u00a9 Mastaller<\/figcaption><\/figure>\n<\/div>\n<\/div>\n<div><\/div>\n<p>In weiten Teilen Indiens funktioniert die \u00f6ffentliche Wasserversorgung nur wenige Stunden am Tag. Dass zu wenig Wasser vorhanden ist, ist die Kehrseite des dynamischen Wirtschaftswachstums, das einen steigenden Wasserbedarf mit sich bringt. Versch\u00e4rft wird die Entwicklung durch den globalen Klimawandel. Die Projektergebnisse und deren Umsetzung fanden in Indien deshalb gro\u00dfen Anklang. Die positive Resonanz wurde auch an der grossen Anzahl von etwa 80 hochrangigen Teilnehmern am Abschlussworkshop deutlich, darunter 54 Vertreter indischer Stadtwasserbetriebe.<\/p>\n<p>\u201eDer Abschlussworkshop hat gezeigt, dass die Wasserverlustreduktion f\u00fcr viele indische St\u00e4dte ein wichtiges Thema darstellt und zur L\u00f6sung der Wasserproblematik in Indien nachhaltigeren Erfolg verspricht als lediglich den Fokus auf eine Erh\u00f6hung der Wasserproduktion zu legen&#8220;, res\u00fcmiert Str\u00f6mer. \u201eDabei ist es gleichg\u00fcltig, ob das vergleichsweise preisg\u00fcnstig, etwa durch Grundwasserbrunnen, oder durch gro\u00dfen Aufwand wie etwa bei der Meerwasserentsalzung geschieht.&#8220; Auf dem Workshop wurde zudem das WaLUE-Handbuch vorgestellt. Es ist das wichtigste Hilfsmittel, mit dem das Konzept in der Wissenschaft und vor allem auch in der Praxis in weiteren Regionen verbreitet werden soll. Aus diesem Grund wurde die gesamte Vorgehensweise, die Ausgestaltung der technischen Komponenten sowie deren Anpassungen, die eingesetzte Software sowie das Betriebs-, Organisations- und Finanzmodell exakt dokumentiert. Das Handbuch wird auf Anfrage gerne als Softcopy bereitgestellt und kann auf der WaLUE-Homepage heruntergeladen werden.<\/p>\n<p>Aber auch f\u00fcr viele Industriel\u00e4nder gibt es zum Thema Wasserverlustreduzierung noch viel zu tun. Deshalb hat das EU-Parlament entschieden, dass die EU-Mitgliedsstaaten bis zum 31. Dezember 2022 nationale Zielvorgaben zur Reduzierung von Wasserleckagen setzen, die dann bis zum 31. Dezember 2030 erreicht sein sollen. Bei der internationalen Normungsorganisation (ISO) ist derzeit die ISO 24528 &#8218;Water Loss&#8216; in Arbeit, weil nicht zuletzt in den trinkwasserarmen S\u00fcdl\u00e4ndern weit h\u00f6here Wasserverluste zu verzeichnen sind als beispielsweise in deutschen Leitungsnetzen (wo im Bundesdurchschnitt lediglich ca. 7 Prozent und bei besonders guten Wassernetzen wie etwa von REMONDIS Aqua oder Gelsenwasser zum Teil weniger als 3 Prozent verloren gehen).<\/p>\n<div><\/div>\n<p><em>\u00dcber uns:<\/em><\/p>\n<p><em>Die Universit\u00e4t Witten\/Herdecke (UW\/H) nimmt seit ihrer Gr\u00fcndung 1982 eine Vorreiterrolle in der deutschen Bildungslandschaft ein: Als Modelluniversit\u00e4t mit rund 2.600 Studierenden in den Bereichen Gesundheit, Wirtschaft und Kultur steht die UW\/H f\u00fcr eine Reform der klassischen Alma Mater. Wissensvermittlung geht an der UW\/H immer Hand in Hand mit Werteorientierung und Pers\u00f6nlichkeitsentwicklung. Witten wirkt. In Forschung, Lehre und Gesellschaft.<\/em><\/p>\n<div><\/div>\n<div><em>Kontakt:<\/em><\/div>\n<div><em>Keno Str\u00f6mer, Universit\u00e4t Witten\/Herdecke\u00a0<\/em><\/div>\n<div><em><a href=\"mailto:keno.stroemer@uni-wh-ieem.de\">keno.stroemer@uni-wh-ieem.de<\/a> oder\u00a0 <a title=\"www.uni-wh-ieem.de\" href=\"\/\/www.uni-wh-ieem.de\" target=\"_blank\" rel=\"noopener\" name=\"www.uni-wh-ieem.de\">www.uni-wh-ieem.de<\/a><\/em><\/div>\n","protected":false},"excerpt":{"rendered":"<p>Der Mangel an Trinkwasser ist in vielen Regionen der Welt ein existenzbedrohendes Problem. Die Ausweitung der Wasserproduktion, die oftmals (beispielsweise durch Talsperren, den Bau von zus\u00e4tzlichen Grundwasserpumpen, Flusswasserentnahmen oder Meerwasserentsalzungsanlagen) als erste Ma\u00dfnahme umgesetzt wird, ist aber erst dann sinnvoll, wenn man die zum Teil gigantischen Verluste im Leitungsnetz reduziert. \u201eDiese Verluste sind vielfach ein [&hellip;]<\/p>\n","protected":false},"author":5,"featured_media":2173,"comment_status":"open","ping_status":"open","sticky":false,"template":"","format":"standard","meta":{"_acf_changed":false,"_yoast_wpseo_focuskw":"Trinkwasser","_yoast_wpseo_metadesc":"Der Mangel an Trinkwasser ist oftmals hausgemacht. Betroffen sind insbesondere Entwicklungsl\u00e4nder, wo es immer wieder so grossen Wasserunterbr\u00fcchen kommt.","articlekey":"","footnotes":""},"categories":[580],"tags":[218,1613,2330,600],"class_list":["post-10086","post","type-post","status-publish","format-standard","has-post-thumbnail","hentry","category-sustainability","tag-forschung","tag-leckage","tag-trinkwasser","tag-wasser"],"acf":[],"yoast_head":"<!-- This site is optimized with the Yoast SEO plugin v27.5 - https:\/\/yoast.com\/product\/yoast-seo-wordpress\/ -->\n<title>Warum weltweit zu viel Trinkwasser nutzlos versickert - Organisator<\/title>\n<meta name=\"description\" content=\"Der Mangel an Trinkwasser ist oftmals hausgemacht. Betroffen sind insbesondere Entwicklungsl\u00e4nder, wo es immer wieder so grossen Wasserunterbr\u00fcchen kommt.\" \/>\n<meta name=\"robots\" content=\"index, follow, max-snippet:-1, max-image-preview:large, max-video-preview:-1\" \/>\n<link rel=\"canonical\" href=\"https:\/\/www.organisator.ch\/de\/sustainability\/2019-06-05\/warum-weltweit-zu-viel-trinkwasser-nutzlos-versickert\/\" \/>\n<meta property=\"og:locale\" content=\"de_DE\" \/>\n<meta property=\"og:type\" content=\"article\" \/>\n<meta property=\"og:title\" content=\"Warum weltweit zu viel Trinkwasser nutzlos versickert - Organisator\" \/>\n<meta property=\"og:description\" content=\"Der Mangel an Trinkwasser ist oftmals hausgemacht. Betroffen sind insbesondere Entwicklungsl\u00e4nder, wo es immer wieder so grossen Wasserunterbr\u00fcchen kommt.\" \/>\n<meta property=\"og:url\" content=\"https:\/\/www.organisator.ch\/de\/sustainability\/2019-06-05\/warum-weltweit-zu-viel-trinkwasser-nutzlos-versickert\/\" \/>\n<meta property=\"og:site_name\" content=\"Organisator\" \/>\n<meta property=\"article:publisher\" content=\"https:\/\/www.facebook.com\/OrganisatorFachmagazin\" \/>\n<meta property=\"article:published_time\" content=\"2019-06-05T15:14:34+00:00\" \/>\n<meta property=\"article:modified_time\" content=\"2022-02-09T10:10:52+00:00\" \/>\n<meta property=\"og:image\" content=\"https:\/\/www.organisator.ch\/wp-content\/uploads\/2019\/06\/WaLUE_1-scaled.jpg\" \/>\n\t<meta property=\"og:image:width\" content=\"1912\" \/>\n\t<meta property=\"og:image:height\" content=\"2560\" \/>\n\t<meta property=\"og:image:type\" content=\"image\/jpeg\" \/>\n<meta name=\"author\" content=\"michael.merz\" \/>\n<meta name=\"twitter:card\" content=\"summary_large_image\" \/>\n<script type=\"application\/ld+json\" class=\"yoast-schema-graph\">{\"@context\":\"https:\\\/\\\/schema.org\",\"@graph\":[{\"@type\":\"Article\",\"@id\":\"https:\\\/\\\/www.organisator.ch\\\/sustainability\\\/2019-06-05\\\/warum-weltweit-zu-viel-trinkwasser-nutzlos-versickert\\\/#article\",\"isPartOf\":{\"@id\":\"https:\\\/\\\/www.organisator.ch\\\/sustainability\\\/2019-06-05\\\/warum-weltweit-zu-viel-trinkwasser-nutzlos-versickert\\\/\"},\"author\":{\"name\":\"michael.merz\",\"@id\":\"https:\\\/\\\/www.organisator.ch\\\/#\\\/schema\\\/person\\\/134708ca9321c57b0362cceb7948ffbd\"},\"headline\":\"Warum weltweit zu viel Trinkwasser nutzlos versickert\",\"datePublished\":\"2019-06-05T15:14:34+00:00\",\"dateModified\":\"2022-02-09T10:10:52+00:00\",\"mainEntityOfPage\":{\"@id\":\"https:\\\/\\\/www.organisator.ch\\\/sustainability\\\/2019-06-05\\\/warum-weltweit-zu-viel-trinkwasser-nutzlos-versickert\\\/\"},\"wordCount\":936,\"commentCount\":0,\"publisher\":{\"@id\":\"https:\\\/\\\/www.organisator.ch\\\/#organization\"},\"image\":{\"@id\":\"https:\\\/\\\/www.organisator.ch\\\/sustainability\\\/2019-06-05\\\/warum-weltweit-zu-viel-trinkwasser-nutzlos-versickert\\\/#primaryimage\"},\"thumbnailUrl\":\"https:\\\/\\\/www.organisator.ch\\\/wp-content\\\/uploads\\\/2019\\\/06\\\/WaLUE_1-scaled.jpg\",\"keywords\":[\"Forschung\",\"Leckage\",\"Trinkwasser\",\"WASSER\"],\"articleSection\":[\"SUSTAINABILITY\"],\"inLanguage\":\"de\"},{\"@type\":\"WebPage\",\"@id\":\"https:\\\/\\\/www.organisator.ch\\\/sustainability\\\/2019-06-05\\\/warum-weltweit-zu-viel-trinkwasser-nutzlos-versickert\\\/\",\"url\":\"https:\\\/\\\/www.organisator.ch\\\/sustainability\\\/2019-06-05\\\/warum-weltweit-zu-viel-trinkwasser-nutzlos-versickert\\\/\",\"name\":\"Warum weltweit zu viel Trinkwasser nutzlos versickert - Organisator\",\"isPartOf\":{\"@id\":\"https:\\\/\\\/www.organisator.ch\\\/#website\"},\"primaryImageOfPage\":{\"@id\":\"https:\\\/\\\/www.organisator.ch\\\/sustainability\\\/2019-06-05\\\/warum-weltweit-zu-viel-trinkwasser-nutzlos-versickert\\\/#primaryimage\"},\"image\":{\"@id\":\"https:\\\/\\\/www.organisator.ch\\\/sustainability\\\/2019-06-05\\\/warum-weltweit-zu-viel-trinkwasser-nutzlos-versickert\\\/#primaryimage\"},\"thumbnailUrl\":\"https:\\\/\\\/www.organisator.ch\\\/wp-content\\\/uploads\\\/2019\\\/06\\\/WaLUE_1-scaled.jpg\",\"datePublished\":\"2019-06-05T15:14:34+00:00\",\"dateModified\":\"2022-02-09T10:10:52+00:00\",\"description\":\"Der Mangel an Trinkwasser ist oftmals hausgemacht. Betroffen sind insbesondere Entwicklungsl\u00e4nder, wo es immer wieder so grossen Wasserunterbr\u00fcchen kommt.\",\"breadcrumb\":{\"@id\":\"https:\\\/\\\/www.organisator.ch\\\/sustainability\\\/2019-06-05\\\/warum-weltweit-zu-viel-trinkwasser-nutzlos-versickert\\\/#breadcrumb\"},\"inLanguage\":\"de\",\"potentialAction\":[{\"@type\":\"ReadAction\",\"target\":[\"https:\\\/\\\/www.organisator.ch\\\/sustainability\\\/2019-06-05\\\/warum-weltweit-zu-viel-trinkwasser-nutzlos-versickert\\\/\"]}]},{\"@type\":\"ImageObject\",\"inLanguage\":\"de\",\"@id\":\"https:\\\/\\\/www.organisator.ch\\\/sustainability\\\/2019-06-05\\\/warum-weltweit-zu-viel-trinkwasser-nutzlos-versickert\\\/#primaryimage\",\"url\":\"https:\\\/\\\/www.organisator.ch\\\/wp-content\\\/uploads\\\/2019\\\/06\\\/WaLUE_1-scaled.jpg\",\"contentUrl\":\"https:\\\/\\\/www.organisator.ch\\\/wp-content\\\/uploads\\\/2019\\\/06\\\/WaLUE_1-scaled.jpg\",\"width\":1912,\"height\":2560,\"caption\":\"Hier sieht man eine Leckage im Versorgungsnetz in Tiruvannamalai. Doch auch f\u00fcr viele Industriel\u00e4nder gibt es zum Thema Wasserverlustreduzierung noch viel zu tun. (Bild: Weil)\"},{\"@type\":\"BreadcrumbList\",\"@id\":\"https:\\\/\\\/www.organisator.ch\\\/sustainability\\\/2019-06-05\\\/warum-weltweit-zu-viel-trinkwasser-nutzlos-versickert\\\/#breadcrumb\",\"itemListElement\":[{\"@type\":\"ListItem\",\"position\":1,\"name\":\"Home\",\"item\":\"https:\\\/\\\/www.organisator.ch\\\/\"},{\"@type\":\"ListItem\",\"position\":2,\"name\":\"Warum weltweit zu viel Trinkwasser nutzlos versickert\"}]},{\"@type\":\"WebSite\",\"@id\":\"https:\\\/\\\/www.organisator.ch\\\/#website\",\"url\":\"https:\\\/\\\/www.organisator.ch\\\/\",\"name\":\"Organisator\",\"description\":\"Kompetent. Praxisnah. Der ORGANISATOR bereitet in 10 Ausgaben pro Jahr die wesentlichen Themen f\u00fcr F\u00fchrungskr\u00e4fte von KMU auf.\",\"publisher\":{\"@id\":\"https:\\\/\\\/www.organisator.ch\\\/#organization\"},\"potentialAction\":[{\"@type\":\"SearchAction\",\"target\":{\"@type\":\"EntryPoint\",\"urlTemplate\":\"https:\\\/\\\/www.organisator.ch\\\/?s={search_term_string}\"},\"query-input\":{\"@type\":\"PropertyValueSpecification\",\"valueRequired\":true,\"valueName\":\"search_term_string\"}}],\"inLanguage\":\"de\"},{\"@type\":\"Organization\",\"@id\":\"https:\\\/\\\/www.organisator.ch\\\/#organization\",\"name\":\"Organisator\",\"url\":\"https:\\\/\\\/www.organisator.ch\\\/\",\"logo\":{\"@type\":\"ImageObject\",\"inLanguage\":\"de\",\"@id\":\"https:\\\/\\\/www.organisator.ch\\\/#\\\/schema\\\/logo\\\/image\\\/\",\"url\":\"https:\\\/\\\/www.organisator.ch\\\/wp-content\\\/uploads\\\/2022\\\/01\\\/Logo_Organisator_Website.png\",\"contentUrl\":\"https:\\\/\\\/www.organisator.ch\\\/wp-content\\\/uploads\\\/2022\\\/01\\\/Logo_Organisator_Website.png\",\"width\":800,\"height\":77,\"caption\":\"Organisator\"},\"image\":{\"@id\":\"https:\\\/\\\/www.organisator.ch\\\/#\\\/schema\\\/logo\\\/image\\\/\"},\"sameAs\":[\"https:\\\/\\\/www.facebook.com\\\/OrganisatorFachmagazin\",\"https:\\\/\\\/www.linkedin.com\\\/showcase\\\/organisator-das-magazin-fr-kmu\",\"https:\\\/\\\/www.xing.com\\\/news\\\/pages\\\/organisator-ch-695\",\"https:\\\/\\\/www.youtube.com\\\/channel\\\/UCGP2Sq0iWaZwT3BdIAQFYpw\"]},{\"@type\":\"Person\",\"@id\":\"https:\\\/\\\/www.organisator.ch\\\/#\\\/schema\\\/person\\\/134708ca9321c57b0362cceb7948ffbd\",\"name\":\"michael.merz\",\"image\":{\"@type\":\"ImageObject\",\"inLanguage\":\"de\",\"@id\":\"https:\\\/\\\/secure.gravatar.com\\\/avatar\\\/?s=96&d=mm&r=g\",\"url\":\"https:\\\/\\\/secure.gravatar.com\\\/avatar\\\/?s=96&d=mm&r=g\",\"contentUrl\":\"https:\\\/\\\/secure.gravatar.com\\\/avatar\\\/?s=96&d=mm&r=g\",\"caption\":\"michael.merz\"},\"url\":\"https:\\\/\\\/www.organisator.ch\\\/de\\\/author\\\/michael-merz\\\/\"}]}<\/script>\n<!-- \/ Yoast SEO plugin. -->","yoast_head_json":{"title":"Warum weltweit zu viel Trinkwasser nutzlos versickert - Organisator","description":"Der Mangel an Trinkwasser ist oftmals hausgemacht. Betroffen sind insbesondere Entwicklungsl\u00e4nder, wo es immer wieder so grossen Wasserunterbr\u00fcchen kommt.","robots":{"index":"index","follow":"follow","max-snippet":"max-snippet:-1","max-image-preview":"max-image-preview:large","max-video-preview":"max-video-preview:-1"},"canonical":"https:\/\/www.organisator.ch\/de\/sustainability\/2019-06-05\/warum-weltweit-zu-viel-trinkwasser-nutzlos-versickert\/","og_locale":"de_DE","og_type":"article","og_title":"Warum weltweit zu viel Trinkwasser nutzlos versickert - Organisator","og_description":"Der Mangel an Trinkwasser ist oftmals hausgemacht. Betroffen sind insbesondere Entwicklungsl\u00e4nder, wo es immer wieder so grossen Wasserunterbr\u00fcchen kommt.","og_url":"https:\/\/www.organisator.ch\/de\/sustainability\/2019-06-05\/warum-weltweit-zu-viel-trinkwasser-nutzlos-versickert\/","og_site_name":"Organisator","article_publisher":"https:\/\/www.facebook.com\/OrganisatorFachmagazin","article_published_time":"2019-06-05T15:14:34+00:00","article_modified_time":"2022-02-09T10:10:52+00:00","og_image":[{"width":1912,"height":2560,"url":"https:\/\/www.organisator.ch\/wp-content\/uploads\/2019\/06\/WaLUE_1-scaled.jpg","type":"image\/jpeg"}],"author":"michael.merz","twitter_card":"summary_large_image","schema":{"@context":"https:\/\/schema.org","@graph":[{"@type":"Article","@id":"https:\/\/www.organisator.ch\/sustainability\/2019-06-05\/warum-weltweit-zu-viel-trinkwasser-nutzlos-versickert\/#article","isPartOf":{"@id":"https:\/\/www.organisator.ch\/sustainability\/2019-06-05\/warum-weltweit-zu-viel-trinkwasser-nutzlos-versickert\/"},"author":{"name":"michael.merz","@id":"https:\/\/www.organisator.ch\/#\/schema\/person\/134708ca9321c57b0362cceb7948ffbd"},"headline":"Warum weltweit zu viel Trinkwasser nutzlos versickert","datePublished":"2019-06-05T15:14:34+00:00","dateModified":"2022-02-09T10:10:52+00:00","mainEntityOfPage":{"@id":"https:\/\/www.organisator.ch\/sustainability\/2019-06-05\/warum-weltweit-zu-viel-trinkwasser-nutzlos-versickert\/"},"wordCount":936,"commentCount":0,"publisher":{"@id":"https:\/\/www.organisator.ch\/#organization"},"image":{"@id":"https:\/\/www.organisator.ch\/sustainability\/2019-06-05\/warum-weltweit-zu-viel-trinkwasser-nutzlos-versickert\/#primaryimage"},"thumbnailUrl":"https:\/\/www.organisator.ch\/wp-content\/uploads\/2019\/06\/WaLUE_1-scaled.jpg","keywords":["Forschung","Leckage","Trinkwasser","WASSER"],"articleSection":["SUSTAINABILITY"],"inLanguage":"de"},{"@type":"WebPage","@id":"https:\/\/www.organisator.ch\/sustainability\/2019-06-05\/warum-weltweit-zu-viel-trinkwasser-nutzlos-versickert\/","url":"https:\/\/www.organisator.ch\/sustainability\/2019-06-05\/warum-weltweit-zu-viel-trinkwasser-nutzlos-versickert\/","name":"Warum weltweit zu viel Trinkwasser nutzlos versickert - Organisator","isPartOf":{"@id":"https:\/\/www.organisator.ch\/#website"},"primaryImageOfPage":{"@id":"https:\/\/www.organisator.ch\/sustainability\/2019-06-05\/warum-weltweit-zu-viel-trinkwasser-nutzlos-versickert\/#primaryimage"},"image":{"@id":"https:\/\/www.organisator.ch\/sustainability\/2019-06-05\/warum-weltweit-zu-viel-trinkwasser-nutzlos-versickert\/#primaryimage"},"thumbnailUrl":"https:\/\/www.organisator.ch\/wp-content\/uploads\/2019\/06\/WaLUE_1-scaled.jpg","datePublished":"2019-06-05T15:14:34+00:00","dateModified":"2022-02-09T10:10:52+00:00","description":"Der Mangel an Trinkwasser ist oftmals hausgemacht. Betroffen sind insbesondere Entwicklungsl\u00e4nder, wo es immer wieder so grossen Wasserunterbr\u00fcchen kommt.","breadcrumb":{"@id":"https:\/\/www.organisator.ch\/sustainability\/2019-06-05\/warum-weltweit-zu-viel-trinkwasser-nutzlos-versickert\/#breadcrumb"},"inLanguage":"de","potentialAction":[{"@type":"ReadAction","target":["https:\/\/www.organisator.ch\/sustainability\/2019-06-05\/warum-weltweit-zu-viel-trinkwasser-nutzlos-versickert\/"]}]},{"@type":"ImageObject","inLanguage":"de","@id":"https:\/\/www.organisator.ch\/sustainability\/2019-06-05\/warum-weltweit-zu-viel-trinkwasser-nutzlos-versickert\/#primaryimage","url":"https:\/\/www.organisator.ch\/wp-content\/uploads\/2019\/06\/WaLUE_1-scaled.jpg","contentUrl":"https:\/\/www.organisator.ch\/wp-content\/uploads\/2019\/06\/WaLUE_1-scaled.jpg","width":1912,"height":2560,"caption":"Hier sieht man eine Leckage im Versorgungsnetz in Tiruvannamalai. Doch auch f\u00fcr viele Industriel\u00e4nder gibt es zum Thema Wasserverlustreduzierung noch viel zu tun. (Bild: Weil)"},{"@type":"BreadcrumbList","@id":"https:\/\/www.organisator.ch\/sustainability\/2019-06-05\/warum-weltweit-zu-viel-trinkwasser-nutzlos-versickert\/#breadcrumb","itemListElement":[{"@type":"ListItem","position":1,"name":"Home","item":"https:\/\/www.organisator.ch\/"},{"@type":"ListItem","position":2,"name":"Warum weltweit zu viel Trinkwasser nutzlos versickert"}]},{"@type":"WebSite","@id":"https:\/\/www.organisator.ch\/#website","url":"https:\/\/www.organisator.ch\/","name":"Organisator","description":"Kompetent. Praxisnah. Der ORGANISATOR bereitet in 10 Ausgaben pro Jahr die wesentlichen Themen f\u00fcr F\u00fchrungskr\u00e4fte von KMU auf.","publisher":{"@id":"https:\/\/www.organisator.ch\/#organization"},"potentialAction":[{"@type":"SearchAction","target":{"@type":"EntryPoint","urlTemplate":"https:\/\/www.organisator.ch\/?s={search_term_string}"},"query-input":{"@type":"PropertyValueSpecification","valueRequired":true,"valueName":"search_term_string"}}],"inLanguage":"de"},{"@type":"Organization","@id":"https:\/\/www.organisator.ch\/#organization","name":"Organisator","url":"https:\/\/www.organisator.ch\/","logo":{"@type":"ImageObject","inLanguage":"de","@id":"https:\/\/www.organisator.ch\/#\/schema\/logo\/image\/","url":"https:\/\/www.organisator.ch\/wp-content\/uploads\/2022\/01\/Logo_Organisator_Website.png","contentUrl":"https:\/\/www.organisator.ch\/wp-content\/uploads\/2022\/01\/Logo_Organisator_Website.png","width":800,"height":77,"caption":"Organisator"},"image":{"@id":"https:\/\/www.organisator.ch\/#\/schema\/logo\/image\/"},"sameAs":["https:\/\/www.facebook.com\/OrganisatorFachmagazin","https:\/\/www.linkedin.com\/showcase\/organisator-das-magazin-fr-kmu","https:\/\/www.xing.com\/news\/pages\/organisator-ch-695","https:\/\/www.youtube.com\/channel\/UCGP2Sq0iWaZwT3BdIAQFYpw"]},{"@type":"Person","@id":"https:\/\/www.organisator.ch\/#\/schema\/person\/134708ca9321c57b0362cceb7948ffbd","name":"michael.merz","image":{"@type":"ImageObject","inLanguage":"de","@id":"https:\/\/secure.gravatar.com\/avatar\/?s=96&d=mm&r=g","url":"https:\/\/secure.gravatar.com\/avatar\/?s=96&d=mm&r=g","contentUrl":"https:\/\/secure.gravatar.com\/avatar\/?s=96&d=mm&r=g","caption":"michael.merz"},"url":"https:\/\/www.organisator.ch\/de\/author\/michael-merz\/"}]}},"_links":{"self":[{"href":"https:\/\/www.organisator.ch\/de\/wp-json\/wp\/v2\/posts\/10086","targetHints":{"allow":["GET"]}}],"collection":[{"href":"https:\/\/www.organisator.ch\/de\/wp-json\/wp\/v2\/posts"}],"about":[{"href":"https:\/\/www.organisator.ch\/de\/wp-json\/wp\/v2\/types\/post"}],"author":[{"embeddable":true,"href":"https:\/\/www.organisator.ch\/de\/wp-json\/wp\/v2\/users\/5"}],"replies":[{"embeddable":true,"href":"https:\/\/www.organisator.ch\/de\/wp-json\/wp\/v2\/comments?post=10086"}],"version-history":[{"count":1,"href":"https:\/\/www.organisator.ch\/de\/wp-json\/wp\/v2\/posts\/10086\/revisions"}],"predecessor-version":[{"id":11021,"href":"https:\/\/www.organisator.ch\/de\/wp-json\/wp\/v2\/posts\/10086\/revisions\/11021"}],"wp:featuredmedia":[{"embeddable":true,"href":"https:\/\/www.organisator.ch\/de\/wp-json\/wp\/v2\/media\/2173"}],"wp:attachment":[{"href":"https:\/\/www.organisator.ch\/de\/wp-json\/wp\/v2\/media?parent=10086"}],"wp:term":[{"taxonomy":"category","embeddable":true,"href":"https:\/\/www.organisator.ch\/de\/wp-json\/wp\/v2\/categories?post=10086"},{"taxonomy":"post_tag","embeddable":true,"href":"https:\/\/www.organisator.ch\/de\/wp-json\/wp\/v2\/tags?post=10086"}],"curies":[{"name":"wp","href":"https:\/\/api.w.org\/{rel}","templated":true}]}}