{"id":10087,"date":"2019-06-07T12:38:31","date_gmt":"2019-06-07T10:38:31","guid":{"rendered":"https:\/\/www.umweltperspektiven.ch\/?p=2192"},"modified":"2022-02-09T11:06:17","modified_gmt":"2022-02-09T10:06:17","slug":"waermepumpe-folgt-dem-lauf-der-sonne","status":"publish","type":"post","link":"https:\/\/www.organisator.ch\/de\/sustainability\/2019-06-07\/waermepumpe-folgt-dem-lauf-der-sonne\/","title":{"rendered":"W\u00e4rmepumpe folgt dem Lauf der Sonne"},"content":{"rendered":"<figure id=\"attachment_2197\" aria-describedby=\"caption-attachment-2197\" style=\"width: 680px\" class=\"wp-caption alignnone\"><img loading=\"lazy\" decoding=\"async\" class=\"wp-image-2197 size-medium\" src=\"\/\/www.umweltperspektiven.ch\/wp-content\/uploads\/2019\/06\/05_Dott.jpg\" alt=\"\" width=\"680\" height=\"453\" \/><figcaption id=\"caption-attachment-2197\" class=\"wp-caption-text\">FHNW-Forscher Ralf Dott (Bild) und seine Kollegen haben W\u00e4rmepumpensysteme nicht nur mit Simulationen, sondern auch im Labor der Fachhochschule in Muttenz untersucht. Dort ist eine Luft\/Wasser-W\u00e4rmepumpe (6 kWth), ein PV-Anlage (5 kWp) und eine Batterie (5.9 kWh) installiert. (Bild: B. Vogel)<\/figcaption><\/figure>\n<p>Die Fachhochschule Nordwestschweiz in Muttenz (BL) hat nun untersucht, wie die W\u00e4rmeproduktion mit W\u00e4rmepumpen durch Sonnenenergie unterst\u00fctzt werden kann.<\/p>\n<p>Im Mai 2017 haben die Stimmberechtigten dem neuen Energiegesetz zugestimmt. Sie votierten damit f\u00fcr mehr erneuerbare Energien und eine bessere Energieeffizienz. Politische Weichenstellungen entfalten ihre Wirkung in der Regel nach und nach. Im Bereich der W\u00e4rmepumpen sind positive Effekte unterdessen greifbar. W\u00e4rmepumpen nutzen die in der Luft, dem Erdreich und im Grundwasser enthaltene W\u00e4rme, um \u2013 unter Verwendung von elektrischem Strom zum Antrieb eines Verdichters \u2013 Heizw\u00e4rme und Warmwasser, aber auch K\u00fchlenergie bereitzustellen. Da sie ohne die fossilen Energietr\u00e4ger \u00d6l und Gas auskommen, entsprechend sie den Zielsetzungen der aktuellen Energiepolitik.<\/p>\n<p>Der Verkauf von W\u00e4rmepumpen hat nach dem Abstimmungsjahr 2017 deutlich zugenommen: In der Schweiz wurden 2018 knapp 22&#8217;000 W\u00e4rmepumpen abgesetzt, rund 10% mehr als im Vorjahr. Das ist bemerkenswert, denn seit dem Rekordjahr 2008 (20&#8217;670) hatten die Verk\u00e4ufe tendenziell abgenommen. \u201eMan kann diese Trendwende wohl nicht auf ein einzelnes Ereignis zur\u00fcckf\u00fchren\u201c, sagt Stephan Peterhans, Gesch\u00e4ftsf\u00fchrer der Fachvereinigung W\u00e4rmepumpen Schweiz (FWS), \u201edoch die politische Diskussion um das Energie- und das CO2-Gesetz haben der Nutzung der W\u00e4rmepumpen neuen Schub verliehen. Hinzu kommt, dass mittlerweile praktisch alle Kantone F\u00f6rderprogramme f\u00fcr W\u00e4rmepumpen haben.\u201c<\/p>\n<p>&nbsp;<\/p>\n<figure id=\"attachment_2193\" aria-describedby=\"caption-attachment-2193\" style=\"width: 680px\" class=\"wp-caption alignnone\"><img loading=\"lazy\" decoding=\"async\" class=\"wp-image-2193 size-medium\" src=\"\/\/www.umweltperspektiven.ch\/wp-content\/uploads\/2019\/06\/01_Verk\u00e4ufe_D.png\" alt=\"\" width=\"680\" height=\"405\" \/><figcaption id=\"caption-attachment-2193\" class=\"wp-caption-text\">Im Jahr 2018 (orange) hat der Verkauf von W\u00e4rmepumpen gegen\u00fcber 2017 (blau) um fast 10% zugenommen. Der Absatz von \u00d6l- und Gasheizungen war r\u00fcckl\u00e4ufig. Grafik: FWS<\/figcaption><\/figure>\n<p>&nbsp;<\/p>\n<p>&nbsp;<\/p>\n<p><img loading=\"lazy\" decoding=\"async\" class=\"alignnone size-medium wp-image-2194\" src=\"\/\/www.umweltperspektiven.ch\/wp-content\/uploads\/2019\/06\/02_Energiequelle_D.png\" alt=\"\" width=\"680\" height=\"478\" srcset=\"https:\/\/www.organisator.ch\/wp-content\/uploads\/2019\/06\/02_Energiequelle_D.png 2502w, https:\/\/www.organisator.ch\/wp-content\/uploads\/2019\/06\/02_Energiequelle_D-680x478.png 680w, https:\/\/www.organisator.ch\/wp-content\/uploads\/2019\/06\/02_Energiequelle_D-1024x720.png 1024w, https:\/\/www.organisator.ch\/wp-content\/uploads\/2019\/06\/02_Energiequelle_D-768x540.png 768w, https:\/\/www.organisator.ch\/wp-content\/uploads\/2019\/06\/02_Energiequelle_D-1536x1079.png 1536w, https:\/\/www.organisator.ch\/wp-content\/uploads\/2019\/06\/02_Energiequelle_D-2048x1439.png 2048w, https:\/\/www.organisator.ch\/wp-content\/uploads\/2019\/06\/02_Energiequelle_D-18x12.png 18w, https:\/\/www.organisator.ch\/wp-content\/uploads\/2019\/06\/02_Energiequelle_D-249x175.png 249w, https:\/\/www.organisator.ch\/wp-content\/uploads\/2019\/06\/02_Energiequelle_D-498x350.png 498w, https:\/\/www.organisator.ch\/wp-content\/uploads\/2019\/06\/02_Energiequelle_D-1139x800.png 1139w, https:\/\/www.organisator.ch\/wp-content\/uploads\/2019\/06\/02_Energiequelle_D-920x646.png 920w, https:\/\/www.organisator.ch\/wp-content\/uploads\/2019\/06\/02_Energiequelle_D-1400x984.png 1400w, https:\/\/www.organisator.ch\/wp-content\/uploads\/2019\/06\/02_Energiequelle_D-1992x1400.png 1992w, https:\/\/www.organisator.ch\/wp-content\/uploads\/2019\/06\/02_Energiequelle_D-300x211.png 300w\" sizes=\"auto, (max-width: 680px) 100vw, 680px\" \/><\/p>\n<p>&nbsp;<\/p>\n<p><img loading=\"lazy\" decoding=\"async\" class=\"alignnone size-medium wp-image-2195\" src=\"\/\/www.umweltperspektiven.ch\/wp-content\/uploads\/2019\/06\/03_Leistung_D.png\" alt=\"\" width=\"680\" height=\"427\" srcset=\"https:\/\/www.organisator.ch\/wp-content\/uploads\/2019\/06\/03_Leistung_D.png 2709w, https:\/\/www.organisator.ch\/wp-content\/uploads\/2019\/06\/03_Leistung_D-680x427.png 680w, https:\/\/www.organisator.ch\/wp-content\/uploads\/2019\/06\/03_Leistung_D-1024x643.png 1024w, https:\/\/www.organisator.ch\/wp-content\/uploads\/2019\/06\/03_Leistung_D-768x482.png 768w, https:\/\/www.organisator.ch\/wp-content\/uploads\/2019\/06\/03_Leistung_D-1536x964.png 1536w, https:\/\/www.organisator.ch\/wp-content\/uploads\/2019\/06\/03_Leistung_D-2048x1286.png 2048w, https:\/\/www.organisator.ch\/wp-content\/uploads\/2019\/06\/03_Leistung_D-18x12.png 18w, https:\/\/www.organisator.ch\/wp-content\/uploads\/2019\/06\/03_Leistung_D-279x175.png 279w, https:\/\/www.organisator.ch\/wp-content\/uploads\/2019\/06\/03_Leistung_D-557x350.png 557w, https:\/\/www.organisator.ch\/wp-content\/uploads\/2019\/06\/03_Leistung_D-1274x800.png 1274w, https:\/\/www.organisator.ch\/wp-content\/uploads\/2019\/06\/03_Leistung_D-920x578.png 920w, https:\/\/www.organisator.ch\/wp-content\/uploads\/2019\/06\/03_Leistung_D-1400x879.png 1400w, https:\/\/www.organisator.ch\/wp-content\/uploads\/2019\/06\/03_Leistung_D-300x188.png 300w\" sizes=\"auto, (max-width: 680px) 100vw, 680px\" \/><\/p>\n<p><strong>Mit Solarstrom betrieben<\/strong><\/p>\n<p>W\u00e4rmepumpen basieren auf einer bew\u00e4hrten Technologie. Das Potenzial mit Blick auf eine nachhaltige Energieversorgung ist aber noch nicht ausgesch\u00f6pft. So kann f\u00fcr den Betrieb von W\u00e4rmepumpen erg\u00e4nzend zu Strom aus dem Netz auch direkt Solarstrom eingesetzt werden. Welche Bedeutung dem Solarstrom dabei zukommen kann, l\u00e4sst sich mit einem realit\u00e4tsnahen Beispiel zeigen: Familie Huber braucht in ihrem Einfamilienhaus (150 m2 Wohnfl\u00e4che) f\u00fcr Heizw\u00e4rme und Warmwasser j\u00e4hrlich 10&#8217;000 kWh W\u00e4rme. Die W\u00e4rme wird mit einer Luft-Wasser-W\u00e4rmepumpe (7 kW Heizleistung) erzeugt, unter Einsatz von 3000 kWh Strom. Das Haus der Hubers ist mit einer Photovoltaik-Anlage (5 kWp) ausger\u00fcstet, die j\u00e4hrlich 5000 kWh liefert, und einer Batterie mit 5 kWh Kapazit\u00e4t. Der erneuerbare Strom wird immer dann zum Betrieb der W\u00e4rmepumpe herangezogen, wenn es m\u00f6glich ist, daneben aber auch f\u00fcr den Haushaltsstrom (Jahresbedarf: 3000 kWh) genutzt.<\/p>\n<p>Die Zahlen zeigen: Die relativ kleine PV-Anlage produziert \u00fcber das Jahr gesehen mehr Strom, als die W\u00e4rmepumpe verbraucht. Da der Solarstrom aber nicht immer zu den Zeiten produziert wird, wenn die W\u00e4rmepumpe gew\u00f6hnlich in Betrieb ist, l\u00e4uft die W\u00e4rmepumpe der Familie Huber oft mit Netzstrom. Was heute \u00fcblich ist, l\u00e4sst sich durch ein Energiemanagementsystem \u00e4ndern: Mit einer intelligenten Regelung k\u00f6nnte man den Eigenverbrauch von PV-Strom steigern, indem man die Betriebszeiten der W\u00e4rmepumpe auf Zeiten mit PV-Ertrag legt. Was solche Energiemanagementsysteme bewirken und von welchen Randbedingungen sie beeinflusst werden \u2013 das hat nun ein Team des Instituts Energie am Bau (IEBau) der Fachhochschule Nordwestschweiz (FHNW) untersucht. Die vom Bundesamt f\u00fcr Energie unterst\u00fctzte Studie wurde Ende 2018 abgeschlossen.<\/p>\n<p><strong>Intelligente Steuerung senkt Netzbezug<\/strong><\/p>\n<p>Ein zentrales Ergebnis der Untersuchung: Wird die W\u00e4rmepumpe durch intelligente Regelung dann betrieben, wenn PV-Strom produziert wird, kann der Bezug von Netzstrom im Haus insgesamt durch den ge\u00e4nderten W\u00e4rmepumpen-Betrieb um bis zu 3 Prozentpunkte vermindert werden. Auf diesem Weg steigt der Eigendeckungsgrad durch PV-Strom von 47 auf 50%. Mit Bezug zum oben genannten Beispiel bedeutet das in absoluten Zahlen: Statt 2820 kWh stammen neu 3000 kWh der 6000 kWh Strom, die der Haushalt \u00fcber das Jahr hinweg braucht, aus der PV-Anlage.<\/p>\n<p>\u201eAus Sicht des Stromkunden ist eine Reduktion des Netzbezugs um 3% relativ wenig und schafft keinen wirksamen monet\u00e4ren Anreiz\u201c, sagt Studienleiter Ralf Dott und erg\u00e4nzt: \u201eAnders pr\u00e4sentiert sich die Lage aus anderen Blickwinkeln, beispielsweise aus Sicht des Netzbetreibers: Steigert eine grosse Zahl von Haushalten den Eigenverbrauch, kann daraus eine sp\u00fcrbare Entlastung des Verteilnetzes resultieren.\u201c Nach Aussage des FHNW-Forschers ist die\u00a0 Studie aussagekr\u00e4ftig f\u00fcr Einfamilienh\u00e4user, aber auch f\u00fcr kleinere Mehrfamilienh\u00e4user mit bis zu zehn Wohneinheiten. In H\u00e4usern mit mehreren Wohnparteien ist die Steigerung des Eigenverbrauchs tendenziell einfacher und gr\u00f6sser, weil das Warmwasser dank der Vielzahl der Nutzer \u00fcber die Zeit hinweg ausgeglichener gebraucht wird, sagt Dott.<\/p>\n<p><em>Die ausf\u00fchrliche Version des Fachartikels \u00abW\u00e4rmepumpe folgt dem Lauf der Sonne\u00bb ist abrufbar auf <a href=\"\/\/www.bfe.admin.ch\/ec-wp-kaelteu\">www.bfe.admin.ch\/ec-wp-kaelte<\/a> (siehe Rubrik \u2039W\u00e4rmepumpen und K\u00e4lte\u203a)<\/em><\/p>\n<p>&nbsp;<\/p>\n<p><em>Daten der viert\u00e4gigen Messkampagne eines Heizsystems, dessen W\u00e4rmepumpe unter anderem mit Solarstrom gespeist wird: <\/em><\/p>\n<p><em>Die oberste Grafik zeigt, dass die PV-Anlage w\u00e4hrend der Nachmittagsstunden mehr Strom erzeugt, als im Haushalt gebraucht wird (rote Kurve). Ein Teil dieses Stroms wird dann zum Betrieb der W\u00e4rmepumpe genutzt (blaue Kurve). Die mittlere Grafik zeigt, dass die PV-Anlage in den Nachmittagsstunden Strom ins Netz einspeist \u2013 und dies auch dann noch, wenn der PV-Strom f\u00fcr den Betrieb der W\u00e4rmepumpe genutzt wird.\u00a0<\/em><\/p>\n<figure id=\"attachment_2196\" aria-describedby=\"caption-attachment-2196\" style=\"width: 680px\" class=\"wp-caption alignnone\"><img loading=\"lazy\" decoding=\"async\" class=\"wp-image-2196 size-medium\" src=\"\/\/www.umweltperspektiven.ch\/wp-content\/uploads\/2019\/06\/04_Solarstrom_D.png\" alt=\"\" width=\"680\" height=\"551\" srcset=\"https:\/\/www.organisator.ch\/wp-content\/uploads\/2019\/06\/04_Solarstrom_D.png 1866w, https:\/\/www.organisator.ch\/wp-content\/uploads\/2019\/06\/04_Solarstrom_D-680x551.png 680w, https:\/\/www.organisator.ch\/wp-content\/uploads\/2019\/06\/04_Solarstrom_D-1024x830.png 1024w, https:\/\/www.organisator.ch\/wp-content\/uploads\/2019\/06\/04_Solarstrom_D-768x623.png 768w, https:\/\/www.organisator.ch\/wp-content\/uploads\/2019\/06\/04_Solarstrom_D-1536x1245.png 1536w, https:\/\/www.organisator.ch\/wp-content\/uploads\/2019\/06\/04_Solarstrom_D-15x12.png 15w, https:\/\/www.organisator.ch\/wp-content\/uploads\/2019\/06\/04_Solarstrom_D-216x175.png 216w, https:\/\/www.organisator.ch\/wp-content\/uploads\/2019\/06\/04_Solarstrom_D-432x350.png 432w, https:\/\/www.organisator.ch\/wp-content\/uploads\/2019\/06\/04_Solarstrom_D-987x800.png 987w, https:\/\/www.organisator.ch\/wp-content\/uploads\/2019\/06\/04_Solarstrom_D-920x746.png 920w, https:\/\/www.organisator.ch\/wp-content\/uploads\/2019\/06\/04_Solarstrom_D-1400x1135.png 1400w, https:\/\/www.organisator.ch\/wp-content\/uploads\/2019\/06\/04_Solarstrom_D-1727x1400.png 1727w, https:\/\/www.organisator.ch\/wp-content\/uploads\/2019\/06\/04_Solarstrom_D-300x243.png 300w\" sizes=\"auto, (max-width: 680px) 100vw, 680px\" \/><figcaption id=\"caption-attachment-2196\" class=\"wp-caption-text\"><em>(Grafik: Schlussbericht LEWASEF)<\/em><\/figcaption><\/figure>\n","protected":false},"excerpt":{"rendered":"<p>Die Fachhochschule Nordwestschweiz in Muttenz (BL) hat nun untersucht, wie die W\u00e4rmeproduktion mit W\u00e4rmepumpen durch Sonnenenergie unterst\u00fctzt werden kann. Im Mai 2017 haben die Stimmberechtigten dem neuen Energiegesetz zugestimmt. Sie votierten damit f\u00fcr mehr erneuerbare Energien und eine bessere Energieeffizienz. Politische Weichenstellungen entfalten ihre Wirkung in der Regel nach und nach. Im Bereich der W\u00e4rmepumpen [&hellip;]<\/p>\n","protected":false},"author":5,"featured_media":9615,"comment_status":"open","ping_status":"open","sticky":false,"template":"","format":"standard","meta":{"_acf_changed":false,"_yoast_wpseo_focuskw":"W\u00e4rmepumpen","_yoast_wpseo_metadesc":"Neubauten werden heute in der Schweiz \u00fcberwiegend mit einer W\u00e4rmepumpe zur Erzeugung von Heizw\u00e4rme und Warmwasser ausger\u00fcstet. B","articlekey":"","footnotes":""},"categories":[580],"tags":[424,2143,2216,585],"class_list":["post-10087","post","type-post","status-publish","format-standard","has-post-thumbnail","hentry","category-sustainability","tag-schweiz","tag-solarenergie","tag-strom","tag-waermepumpe"],"acf":[],"yoast_head":"<!-- This site is optimized with the Yoast SEO plugin v27.4 - https:\/\/yoast.com\/product\/yoast-seo-wordpress\/ -->\n<title>W\u00e4rmepumpe folgt dem Lauf der Sonne - Organisator<\/title>\n<meta name=\"description\" content=\"Neubauten werden heute in der Schweiz \u00fcberwiegend mit einer W\u00e4rmepumpe zur Erzeugung von Heizw\u00e4rme und Warmwasser ausger\u00fcstet. B\" \/>\n<meta name=\"robots\" content=\"index, follow, max-snippet:-1, max-image-preview:large, max-video-preview:-1\" \/>\n<link rel=\"canonical\" href=\"https:\/\/www.organisator.ch\/de\/sustainability\/2019-06-07\/waermepumpe-folgt-dem-lauf-der-sonne\/\" \/>\n<meta property=\"og:locale\" content=\"de_DE\" \/>\n<meta property=\"og:type\" content=\"article\" \/>\n<meta property=\"og:title\" content=\"W\u00e4rmepumpe folgt dem Lauf der Sonne - Organisator\" \/>\n<meta property=\"og:description\" content=\"Neubauten werden heute in der Schweiz \u00fcberwiegend mit einer W\u00e4rmepumpe zur Erzeugung von Heizw\u00e4rme und Warmwasser ausger\u00fcstet. B\" \/>\n<meta property=\"og:url\" content=\"https:\/\/www.organisator.ch\/de\/sustainability\/2019-06-07\/waermepumpe-folgt-dem-lauf-der-sonne\/\" \/>\n<meta property=\"og:site_name\" content=\"Organisator\" \/>\n<meta property=\"article:publisher\" content=\"https:\/\/www.facebook.com\/OrganisatorFachmagazin\" \/>\n<meta property=\"article:published_time\" content=\"2019-06-07T10:38:31+00:00\" \/>\n<meta property=\"article:modified_time\" content=\"2022-02-09T10:06:17+00:00\" \/>\n<meta property=\"og:image\" content=\"https:\/\/www.organisator.ch\/wp-content\/uploads\/2019\/06\/05_Dott-scaled.jpg\" \/>\n\t<meta property=\"og:image:width\" content=\"2560\" \/>\n\t<meta property=\"og:image:height\" content=\"1707\" \/>\n\t<meta property=\"og:image:type\" content=\"image\/jpeg\" \/>\n<meta name=\"author\" content=\"michael.merz\" \/>\n<meta name=\"twitter:card\" content=\"summary_large_image\" \/>\n<script type=\"application\/ld+json\" class=\"yoast-schema-graph\">{\"@context\":\"https:\\\/\\\/schema.org\",\"@graph\":[{\"@type\":\"Article\",\"@id\":\"https:\\\/\\\/www.organisator.ch\\\/sustainability\\\/2019-06-07\\\/waermepumpe-folgt-dem-lauf-der-sonne\\\/#article\",\"isPartOf\":{\"@id\":\"https:\\\/\\\/www.organisator.ch\\\/sustainability\\\/2019-06-07\\\/waermepumpe-folgt-dem-lauf-der-sonne\\\/\"},\"author\":{\"name\":\"michael.merz\",\"@id\":\"https:\\\/\\\/www.organisator.ch\\\/#\\\/schema\\\/person\\\/134708ca9321c57b0362cceb7948ffbd\"},\"headline\":\"W\u00e4rmepumpe folgt dem Lauf der Sonne\",\"datePublished\":\"2019-06-07T10:38:31+00:00\",\"dateModified\":\"2022-02-09T10:06:17+00:00\",\"mainEntityOfPage\":{\"@id\":\"https:\\\/\\\/www.organisator.ch\\\/sustainability\\\/2019-06-07\\\/waermepumpe-folgt-dem-lauf-der-sonne\\\/\"},\"wordCount\":895,\"commentCount\":0,\"publisher\":{\"@id\":\"https:\\\/\\\/www.organisator.ch\\\/#organization\"},\"image\":{\"@id\":\"https:\\\/\\\/www.organisator.ch\\\/sustainability\\\/2019-06-07\\\/waermepumpe-folgt-dem-lauf-der-sonne\\\/#primaryimage\"},\"thumbnailUrl\":\"https:\\\/\\\/www.organisator.ch\\\/wp-content\\\/uploads\\\/2019\\\/06\\\/05_Dott-scaled.jpg\",\"keywords\":[\"Schweiz\",\"Solarenergie\",\"Strom\",\"W\u00e4rmepumpe\"],\"articleSection\":[\"SUSTAINABILITY\"],\"inLanguage\":\"de\"},{\"@type\":\"WebPage\",\"@id\":\"https:\\\/\\\/www.organisator.ch\\\/sustainability\\\/2019-06-07\\\/waermepumpe-folgt-dem-lauf-der-sonne\\\/\",\"url\":\"https:\\\/\\\/www.organisator.ch\\\/sustainability\\\/2019-06-07\\\/waermepumpe-folgt-dem-lauf-der-sonne\\\/\",\"name\":\"W\u00e4rmepumpe folgt dem Lauf der Sonne - Organisator\",\"isPartOf\":{\"@id\":\"https:\\\/\\\/www.organisator.ch\\\/#website\"},\"primaryImageOfPage\":{\"@id\":\"https:\\\/\\\/www.organisator.ch\\\/sustainability\\\/2019-06-07\\\/waermepumpe-folgt-dem-lauf-der-sonne\\\/#primaryimage\"},\"image\":{\"@id\":\"https:\\\/\\\/www.organisator.ch\\\/sustainability\\\/2019-06-07\\\/waermepumpe-folgt-dem-lauf-der-sonne\\\/#primaryimage\"},\"thumbnailUrl\":\"https:\\\/\\\/www.organisator.ch\\\/wp-content\\\/uploads\\\/2019\\\/06\\\/05_Dott-scaled.jpg\",\"datePublished\":\"2019-06-07T10:38:31+00:00\",\"dateModified\":\"2022-02-09T10:06:17+00:00\",\"description\":\"Neubauten werden heute in der Schweiz \u00fcberwiegend mit einer W\u00e4rmepumpe zur Erzeugung von Heizw\u00e4rme und Warmwasser ausger\u00fcstet. B\",\"breadcrumb\":{\"@id\":\"https:\\\/\\\/www.organisator.ch\\\/sustainability\\\/2019-06-07\\\/waermepumpe-folgt-dem-lauf-der-sonne\\\/#breadcrumb\"},\"inLanguage\":\"de\",\"potentialAction\":[{\"@type\":\"ReadAction\",\"target\":[\"https:\\\/\\\/www.organisator.ch\\\/sustainability\\\/2019-06-07\\\/waermepumpe-folgt-dem-lauf-der-sonne\\\/\"]}]},{\"@type\":\"ImageObject\",\"inLanguage\":\"de\",\"@id\":\"https:\\\/\\\/www.organisator.ch\\\/sustainability\\\/2019-06-07\\\/waermepumpe-folgt-dem-lauf-der-sonne\\\/#primaryimage\",\"url\":\"https:\\\/\\\/www.organisator.ch\\\/wp-content\\\/uploads\\\/2019\\\/06\\\/05_Dott-scaled.jpg\",\"contentUrl\":\"https:\\\/\\\/www.organisator.ch\\\/wp-content\\\/uploads\\\/2019\\\/06\\\/05_Dott-scaled.jpg\",\"width\":2560,\"height\":1707},{\"@type\":\"BreadcrumbList\",\"@id\":\"https:\\\/\\\/www.organisator.ch\\\/sustainability\\\/2019-06-07\\\/waermepumpe-folgt-dem-lauf-der-sonne\\\/#breadcrumb\",\"itemListElement\":[{\"@type\":\"ListItem\",\"position\":1,\"name\":\"Home\",\"item\":\"https:\\\/\\\/www.organisator.ch\\\/\"},{\"@type\":\"ListItem\",\"position\":2,\"name\":\"W\u00e4rmepumpe folgt dem Lauf der Sonne\"}]},{\"@type\":\"WebSite\",\"@id\":\"https:\\\/\\\/www.organisator.ch\\\/#website\",\"url\":\"https:\\\/\\\/www.organisator.ch\\\/\",\"name\":\"Organisator\",\"description\":\"Kompetent. Praxisnah. Der ORGANISATOR bereitet in 10 Ausgaben pro Jahr die wesentlichen Themen f\u00fcr F\u00fchrungskr\u00e4fte von KMU auf.\",\"publisher\":{\"@id\":\"https:\\\/\\\/www.organisator.ch\\\/#organization\"},\"potentialAction\":[{\"@type\":\"SearchAction\",\"target\":{\"@type\":\"EntryPoint\",\"urlTemplate\":\"https:\\\/\\\/www.organisator.ch\\\/?s={search_term_string}\"},\"query-input\":{\"@type\":\"PropertyValueSpecification\",\"valueRequired\":true,\"valueName\":\"search_term_string\"}}],\"inLanguage\":\"de\"},{\"@type\":\"Organization\",\"@id\":\"https:\\\/\\\/www.organisator.ch\\\/#organization\",\"name\":\"Organisator\",\"url\":\"https:\\\/\\\/www.organisator.ch\\\/\",\"logo\":{\"@type\":\"ImageObject\",\"inLanguage\":\"de\",\"@id\":\"https:\\\/\\\/www.organisator.ch\\\/#\\\/schema\\\/logo\\\/image\\\/\",\"url\":\"https:\\\/\\\/www.organisator.ch\\\/wp-content\\\/uploads\\\/2022\\\/01\\\/Logo_Organisator_Website.png\",\"contentUrl\":\"https:\\\/\\\/www.organisator.ch\\\/wp-content\\\/uploads\\\/2022\\\/01\\\/Logo_Organisator_Website.png\",\"width\":800,\"height\":77,\"caption\":\"Organisator\"},\"image\":{\"@id\":\"https:\\\/\\\/www.organisator.ch\\\/#\\\/schema\\\/logo\\\/image\\\/\"},\"sameAs\":[\"https:\\\/\\\/www.facebook.com\\\/OrganisatorFachmagazin\",\"https:\\\/\\\/www.linkedin.com\\\/showcase\\\/organisator-das-magazin-fr-kmu\",\"https:\\\/\\\/www.xing.com\\\/news\\\/pages\\\/organisator-ch-695\",\"https:\\\/\\\/www.youtube.com\\\/channel\\\/UCGP2Sq0iWaZwT3BdIAQFYpw\"]},{\"@type\":\"Person\",\"@id\":\"https:\\\/\\\/www.organisator.ch\\\/#\\\/schema\\\/person\\\/134708ca9321c57b0362cceb7948ffbd\",\"name\":\"michael.merz\",\"image\":{\"@type\":\"ImageObject\",\"inLanguage\":\"de\",\"@id\":\"https:\\\/\\\/secure.gravatar.com\\\/avatar\\\/?s=96&d=mm&r=g\",\"url\":\"https:\\\/\\\/secure.gravatar.com\\\/avatar\\\/?s=96&d=mm&r=g\",\"contentUrl\":\"https:\\\/\\\/secure.gravatar.com\\\/avatar\\\/?s=96&d=mm&r=g\",\"caption\":\"michael.merz\"},\"url\":\"https:\\\/\\\/www.organisator.ch\\\/de\\\/author\\\/michael-merz\\\/\"}]}<\/script>\n<!-- \/ Yoast SEO plugin. -->","yoast_head_json":{"title":"W\u00e4rmepumpe folgt dem Lauf der Sonne - Organisator","description":"Neubauten werden heute in der Schweiz \u00fcberwiegend mit einer W\u00e4rmepumpe zur Erzeugung von Heizw\u00e4rme und Warmwasser ausger\u00fcstet. B","robots":{"index":"index","follow":"follow","max-snippet":"max-snippet:-1","max-image-preview":"max-image-preview:large","max-video-preview":"max-video-preview:-1"},"canonical":"https:\/\/www.organisator.ch\/de\/sustainability\/2019-06-07\/waermepumpe-folgt-dem-lauf-der-sonne\/","og_locale":"de_DE","og_type":"article","og_title":"W\u00e4rmepumpe folgt dem Lauf der Sonne - Organisator","og_description":"Neubauten werden heute in der Schweiz \u00fcberwiegend mit einer W\u00e4rmepumpe zur Erzeugung von Heizw\u00e4rme und Warmwasser ausger\u00fcstet. B","og_url":"https:\/\/www.organisator.ch\/de\/sustainability\/2019-06-07\/waermepumpe-folgt-dem-lauf-der-sonne\/","og_site_name":"Organisator","article_publisher":"https:\/\/www.facebook.com\/OrganisatorFachmagazin","article_published_time":"2019-06-07T10:38:31+00:00","article_modified_time":"2022-02-09T10:06:17+00:00","og_image":[{"width":2560,"height":1707,"url":"https:\/\/www.organisator.ch\/wp-content\/uploads\/2019\/06\/05_Dott-scaled.jpg","type":"image\/jpeg"}],"author":"michael.merz","twitter_card":"summary_large_image","schema":{"@context":"https:\/\/schema.org","@graph":[{"@type":"Article","@id":"https:\/\/www.organisator.ch\/sustainability\/2019-06-07\/waermepumpe-folgt-dem-lauf-der-sonne\/#article","isPartOf":{"@id":"https:\/\/www.organisator.ch\/sustainability\/2019-06-07\/waermepumpe-folgt-dem-lauf-der-sonne\/"},"author":{"name":"michael.merz","@id":"https:\/\/www.organisator.ch\/#\/schema\/person\/134708ca9321c57b0362cceb7948ffbd"},"headline":"W\u00e4rmepumpe folgt dem Lauf der Sonne","datePublished":"2019-06-07T10:38:31+00:00","dateModified":"2022-02-09T10:06:17+00:00","mainEntityOfPage":{"@id":"https:\/\/www.organisator.ch\/sustainability\/2019-06-07\/waermepumpe-folgt-dem-lauf-der-sonne\/"},"wordCount":895,"commentCount":0,"publisher":{"@id":"https:\/\/www.organisator.ch\/#organization"},"image":{"@id":"https:\/\/www.organisator.ch\/sustainability\/2019-06-07\/waermepumpe-folgt-dem-lauf-der-sonne\/#primaryimage"},"thumbnailUrl":"https:\/\/www.organisator.ch\/wp-content\/uploads\/2019\/06\/05_Dott-scaled.jpg","keywords":["Schweiz","Solarenergie","Strom","W\u00e4rmepumpe"],"articleSection":["SUSTAINABILITY"],"inLanguage":"de"},{"@type":"WebPage","@id":"https:\/\/www.organisator.ch\/sustainability\/2019-06-07\/waermepumpe-folgt-dem-lauf-der-sonne\/","url":"https:\/\/www.organisator.ch\/sustainability\/2019-06-07\/waermepumpe-folgt-dem-lauf-der-sonne\/","name":"W\u00e4rmepumpe folgt dem Lauf der Sonne - Organisator","isPartOf":{"@id":"https:\/\/www.organisator.ch\/#website"},"primaryImageOfPage":{"@id":"https:\/\/www.organisator.ch\/sustainability\/2019-06-07\/waermepumpe-folgt-dem-lauf-der-sonne\/#primaryimage"},"image":{"@id":"https:\/\/www.organisator.ch\/sustainability\/2019-06-07\/waermepumpe-folgt-dem-lauf-der-sonne\/#primaryimage"},"thumbnailUrl":"https:\/\/www.organisator.ch\/wp-content\/uploads\/2019\/06\/05_Dott-scaled.jpg","datePublished":"2019-06-07T10:38:31+00:00","dateModified":"2022-02-09T10:06:17+00:00","description":"Neubauten werden heute in der Schweiz \u00fcberwiegend mit einer W\u00e4rmepumpe zur Erzeugung von Heizw\u00e4rme und Warmwasser ausger\u00fcstet. B","breadcrumb":{"@id":"https:\/\/www.organisator.ch\/sustainability\/2019-06-07\/waermepumpe-folgt-dem-lauf-der-sonne\/#breadcrumb"},"inLanguage":"de","potentialAction":[{"@type":"ReadAction","target":["https:\/\/www.organisator.ch\/sustainability\/2019-06-07\/waermepumpe-folgt-dem-lauf-der-sonne\/"]}]},{"@type":"ImageObject","inLanguage":"de","@id":"https:\/\/www.organisator.ch\/sustainability\/2019-06-07\/waermepumpe-folgt-dem-lauf-der-sonne\/#primaryimage","url":"https:\/\/www.organisator.ch\/wp-content\/uploads\/2019\/06\/05_Dott-scaled.jpg","contentUrl":"https:\/\/www.organisator.ch\/wp-content\/uploads\/2019\/06\/05_Dott-scaled.jpg","width":2560,"height":1707},{"@type":"BreadcrumbList","@id":"https:\/\/www.organisator.ch\/sustainability\/2019-06-07\/waermepumpe-folgt-dem-lauf-der-sonne\/#breadcrumb","itemListElement":[{"@type":"ListItem","position":1,"name":"Home","item":"https:\/\/www.organisator.ch\/"},{"@type":"ListItem","position":2,"name":"W\u00e4rmepumpe folgt dem Lauf der Sonne"}]},{"@type":"WebSite","@id":"https:\/\/www.organisator.ch\/#website","url":"https:\/\/www.organisator.ch\/","name":"Organisator","description":"Kompetent. Praxisnah. Der ORGANISATOR bereitet in 10 Ausgaben pro Jahr die wesentlichen Themen f\u00fcr F\u00fchrungskr\u00e4fte von KMU auf.","publisher":{"@id":"https:\/\/www.organisator.ch\/#organization"},"potentialAction":[{"@type":"SearchAction","target":{"@type":"EntryPoint","urlTemplate":"https:\/\/www.organisator.ch\/?s={search_term_string}"},"query-input":{"@type":"PropertyValueSpecification","valueRequired":true,"valueName":"search_term_string"}}],"inLanguage":"de"},{"@type":"Organization","@id":"https:\/\/www.organisator.ch\/#organization","name":"Organisator","url":"https:\/\/www.organisator.ch\/","logo":{"@type":"ImageObject","inLanguage":"de","@id":"https:\/\/www.organisator.ch\/#\/schema\/logo\/image\/","url":"https:\/\/www.organisator.ch\/wp-content\/uploads\/2022\/01\/Logo_Organisator_Website.png","contentUrl":"https:\/\/www.organisator.ch\/wp-content\/uploads\/2022\/01\/Logo_Organisator_Website.png","width":800,"height":77,"caption":"Organisator"},"image":{"@id":"https:\/\/www.organisator.ch\/#\/schema\/logo\/image\/"},"sameAs":["https:\/\/www.facebook.com\/OrganisatorFachmagazin","https:\/\/www.linkedin.com\/showcase\/organisator-das-magazin-fr-kmu","https:\/\/www.xing.com\/news\/pages\/organisator-ch-695","https:\/\/www.youtube.com\/channel\/UCGP2Sq0iWaZwT3BdIAQFYpw"]},{"@type":"Person","@id":"https:\/\/www.organisator.ch\/#\/schema\/person\/134708ca9321c57b0362cceb7948ffbd","name":"michael.merz","image":{"@type":"ImageObject","inLanguage":"de","@id":"https:\/\/secure.gravatar.com\/avatar\/?s=96&d=mm&r=g","url":"https:\/\/secure.gravatar.com\/avatar\/?s=96&d=mm&r=g","contentUrl":"https:\/\/secure.gravatar.com\/avatar\/?s=96&d=mm&r=g","caption":"michael.merz"},"url":"https:\/\/www.organisator.ch\/de\/author\/michael-merz\/"}]}},"_links":{"self":[{"href":"https:\/\/www.organisator.ch\/de\/wp-json\/wp\/v2\/posts\/10087","targetHints":{"allow":["GET"]}}],"collection":[{"href":"https:\/\/www.organisator.ch\/de\/wp-json\/wp\/v2\/posts"}],"about":[{"href":"https:\/\/www.organisator.ch\/de\/wp-json\/wp\/v2\/types\/post"}],"author":[{"embeddable":true,"href":"https:\/\/www.organisator.ch\/de\/wp-json\/wp\/v2\/users\/5"}],"replies":[{"embeddable":true,"href":"https:\/\/www.organisator.ch\/de\/wp-json\/wp\/v2\/comments?post=10087"}],"version-history":[{"count":1,"href":"https:\/\/www.organisator.ch\/de\/wp-json\/wp\/v2\/posts\/10087\/revisions"}],"predecessor-version":[{"id":10555,"href":"https:\/\/www.organisator.ch\/de\/wp-json\/wp\/v2\/posts\/10087\/revisions\/10555"}],"wp:featuredmedia":[{"embeddable":true,"href":"https:\/\/www.organisator.ch\/de\/wp-json\/wp\/v2\/media\/9615"}],"wp:attachment":[{"href":"https:\/\/www.organisator.ch\/de\/wp-json\/wp\/v2\/media?parent=10087"}],"wp:term":[{"taxonomy":"category","embeddable":true,"href":"https:\/\/www.organisator.ch\/de\/wp-json\/wp\/v2\/categories?post=10087"},{"taxonomy":"post_tag","embeddable":true,"href":"https:\/\/www.organisator.ch\/de\/wp-json\/wp\/v2\/tags?post=10087"}],"curies":[{"name":"wp","href":"https:\/\/api.w.org\/{rel}","templated":true}]}}