{"id":10089,"date":"2019-06-20T10:57:33","date_gmt":"2019-06-20T08:57:33","guid":{"rendered":"https:\/\/www.umweltperspektiven.ch\/?p=2215"},"modified":"2022-02-09T11:10:52","modified_gmt":"2022-02-09T10:10:52","slug":"gefahrloses-auslaufen-des-gletschersees-ermoeglichen","status":"publish","type":"post","link":"https:\/\/www.organisator.ch\/de\/sustainability\/2019-06-20\/gefahrloses-auslaufen-des-gletschersees-ermoeglichen\/","title":{"rendered":"Gefahrloses Auslaufen des Gletschersees erm\u00f6glichen"},"content":{"rendered":"<div class=\"field field-name-field-pr-main-image field-type-image field-label-hidden\">\n<figure style=\"width: 618px\" class=\"wp-caption alignnone\"><img loading=\"lazy\" decoding=\"async\" class=\"\" title=\"Technischer Kurzbericht Entw\u00e4sserung Gletschersee Lenk\" src=\"\/\/mobiliar.rokka.io\/large\/777fb66df4c22a14ba433eb9abc0b2576a667ea6\/technischer-kurzbericht-entwaesserung-gletschersee-lenk.jpg\" alt=\"Technischer Kurzbericht Entw\u00e4sserung Gletschersee Lenk\" width=\"618\" height=\"431\" \/><figcaption class=\"wp-caption-text\">Mit gezielten Massnahmen gegen Gletscherabfl\u00fcsse kann der Talboden besser vor \u00dcberschwemmungen gesch\u00fctzt werden. (Bild: Mobiliar)<\/figcaption><\/figure>\n<\/div>\n<p>Auf einer H\u00f6he von 2700 m.\u00fc.M. befindet sich der Plaine-Morte-Gletscher &#8211; allm\u00e4hlich bildet sich hier ein Gletschersee. Der Plateaugletscher liegt in den Berner Alpen und grenzt unmittelbar s\u00fcdlich an den Kanton Wallis.<\/p>\n<p>Durch das Schmelzen des Gletschers kann oberfl\u00e4chliches Schmelzwasser nicht mehr ins Wallis entw\u00e4ssern. So entstand der Gletschersee \u00abFaverges\u00bb. Dieser kann sich in kurzer Zeit entleeren, wobei das Wasser in Richtung Lenk ausbricht. Dort f\u00fchrt es zu sehr hohen Abfl\u00fcssen in der Simme.<\/p>\n<p>\u00abSo sch\u00f6n die weite Gletscherlandschaft der Plaine Morte ist, so gef\u00e4hrlich sind die unkontrollierten Ausl\u00e4ufe des Gletschersees\u00bb, sagt Bernhard Bigler, Generalagent der Generalagentur Spiez. \u00abAn der Lenk musste man einige Male erfahren, wie unberechenbar dieser See sein kann. Unsere Gesellschaft ist bereit, Verantwortung zu \u00fcbernehmen und das Hochwasserschutz-Projekt mit 130 000 Franken zu unterst\u00fctzen\u00bb.<\/p>\n<h3>Notmassnahmen im Gange<\/h3>\n<p>Das Projekt sieht eine Begrenzung des maximalen Seevolumens vor. Es handelt sich beim Projekt um eine Notmassnahme. Die Bauarbeiten sind voraussichtlich im Fr\u00fchsommer abgeschlossen. Die Gesamtkosten belaufen sich auf rund zwei Millionen Franken.<\/p>\n<p>Mit den Massnahmen kann der Talboden besser vor \u00dcberschwemmungen gesch\u00fctzt werden. \u00abDas Simmental lebt stark vom Tourismus. Man denke nur an die Campingpl\u00e4tze und die zahlreichen touristischen Einrichtungen. Deshalb w\u00e4re bei einem grossen, unkontrollierten Ausfluss des Gletschersees sogar mit Personensch\u00e4den zu rechnen\u00bb, erkl\u00e4rt Berhard Bigler.<\/p>\n<p>Seit dem Juli 2011 brach der Faverges-See des Plaine-Morte-Gletschers j\u00e4hrlich im Sommer aus. Im Simmental gab es \u00dcberflutungen. Beim Ereignis 2018, der See lief innert 24 Stunden aus, entstanden Sch\u00e4den in der H\u00f6he von 2.5 Millionen Franken.<\/p>\n<p>Da sich der Gletschersee in Zukunft noch vergr\u00f6ssern wird, drohen noch gr\u00f6ssere Abfl\u00fcsse. Ohne entsprechende Pr\u00e4ventionsmassnahmen m\u00fcsste also mit grossen Sch\u00e4den gerechnet werden.<\/p>\n<p><a href=\"\/\/www.mobiliar.ch\">www.mobiliar.ch<\/a><\/p>\n","protected":false},"excerpt":{"rendered":"<p>Auf einer H\u00f6he von 2700 m.\u00fc.M. befindet sich der Plaine-Morte-Gletscher &#8211; allm\u00e4hlich bildet sich hier ein Gletschersee. Der Plateaugletscher liegt in den Berner Alpen und grenzt unmittelbar s\u00fcdlich an den Kanton Wallis. Durch das Schmelzen des Gletschers kann oberfl\u00e4chliches Schmelzwasser nicht mehr ins Wallis entw\u00e4ssern. So entstand der Gletschersee \u00abFaverges\u00bb. Dieser kann sich in kurzer [&hellip;]<\/p>\n","protected":false},"author":5,"featured_media":9618,"comment_status":"open","ping_status":"open","sticky":false,"template":"","format":"standard","meta":{"_acf_changed":false,"_yoast_wpseo_focuskw":"Gletschersee","_yoast_wpseo_metadesc":"Der Gletschersee auf der Plaine Morte bedroht das obere Simmental. Um ein Auslaufen zu verhindern, wurde ein System entwickelt.","articlekey":"","footnotes":""},"categories":[580],"tags":[1298,388,424],"class_list":["post-10089","post","type-post","status-publish","format-standard","has-post-thumbnail","hentry","category-sustainability","tag-gletscherschmelze","tag-praevention","tag-schweiz"],"acf":[],"yoast_head":"<!-- This site is optimized with the Yoast SEO plugin v27.5 - https:\/\/yoast.com\/product\/yoast-seo-wordpress\/ -->\n<title>Gefahrloses Auslaufen des Gletschersees erm\u00f6glichen - Organisator<\/title>\n<meta name=\"description\" content=\"Der Gletschersee auf der Plaine Morte bedroht das obere Simmental. Um ein Auslaufen zu verhindern, wurde ein System entwickelt.\" \/>\n<meta name=\"robots\" content=\"index, follow, max-snippet:-1, max-image-preview:large, max-video-preview:-1\" \/>\n<link rel=\"canonical\" href=\"https:\/\/www.organisator.ch\/de\/sustainability\/2019-06-20\/gefahrloses-auslaufen-des-gletschersees-ermoeglichen\/\" \/>\n<meta property=\"og:locale\" content=\"de_DE\" \/>\n<meta property=\"og:type\" content=\"article\" \/>\n<meta property=\"og:title\" content=\"Gefahrloses Auslaufen des Gletschersees erm\u00f6glichen - Organisator\" \/>\n<meta property=\"og:description\" content=\"Der Gletschersee auf der Plaine Morte bedroht das obere Simmental. Um ein Auslaufen zu verhindern, wurde ein System entwickelt.\" \/>\n<meta property=\"og:url\" content=\"https:\/\/www.organisator.ch\/de\/sustainability\/2019-06-20\/gefahrloses-auslaufen-des-gletschersees-ermoeglichen\/\" \/>\n<meta property=\"og:site_name\" content=\"Organisator\" \/>\n<meta property=\"article:publisher\" content=\"https:\/\/www.facebook.com\/OrganisatorFachmagazin\" \/>\n<meta property=\"article:published_time\" content=\"2019-06-20T08:57:33+00:00\" \/>\n<meta property=\"article:modified_time\" content=\"2022-02-09T10:10:52+00:00\" \/>\n<meta property=\"og:image\" content=\"https:\/\/www.organisator.ch\/wp-content\/uploads\/2019\/06\/Plaine_morte.jpg\" \/>\n\t<meta property=\"og:image:width\" content=\"640\" \/>\n\t<meta property=\"og:image:height\" content=\"427\" \/>\n\t<meta property=\"og:image:type\" content=\"image\/jpeg\" \/>\n<meta name=\"author\" content=\"michael.merz\" \/>\n<meta name=\"twitter:card\" content=\"summary_large_image\" \/>\n<script type=\"application\/ld+json\" class=\"yoast-schema-graph\">{\"@context\":\"https:\\\/\\\/schema.org\",\"@graph\":[{\"@type\":\"Article\",\"@id\":\"https:\\\/\\\/www.organisator.ch\\\/sustainability\\\/2019-06-20\\\/gefahrloses-auslaufen-des-gletschersees-ermoeglichen\\\/#article\",\"isPartOf\":{\"@id\":\"https:\\\/\\\/www.organisator.ch\\\/sustainability\\\/2019-06-20\\\/gefahrloses-auslaufen-des-gletschersees-ermoeglichen\\\/\"},\"author\":{\"name\":\"michael.merz\",\"@id\":\"https:\\\/\\\/www.organisator.ch\\\/#\\\/schema\\\/person\\\/134708ca9321c57b0362cceb7948ffbd\"},\"headline\":\"Gefahrloses Auslaufen des Gletschersees erm\u00f6glichen\",\"datePublished\":\"2019-06-20T08:57:33+00:00\",\"dateModified\":\"2022-02-09T10:10:52+00:00\",\"mainEntityOfPage\":{\"@id\":\"https:\\\/\\\/www.organisator.ch\\\/sustainability\\\/2019-06-20\\\/gefahrloses-auslaufen-des-gletschersees-ermoeglichen\\\/\"},\"wordCount\":321,\"commentCount\":0,\"publisher\":{\"@id\":\"https:\\\/\\\/www.organisator.ch\\\/#organization\"},\"image\":{\"@id\":\"https:\\\/\\\/www.organisator.ch\\\/sustainability\\\/2019-06-20\\\/gefahrloses-auslaufen-des-gletschersees-ermoeglichen\\\/#primaryimage\"},\"thumbnailUrl\":\"https:\\\/\\\/www.organisator.ch\\\/wp-content\\\/uploads\\\/2019\\\/06\\\/Plaine_morte.jpg\",\"keywords\":[\"Gletscherschmelze\",\"Pr\u00e4vention\",\"Schweiz\"],\"articleSection\":[\"SUSTAINABILITY\"],\"inLanguage\":\"de\"},{\"@type\":\"WebPage\",\"@id\":\"https:\\\/\\\/www.organisator.ch\\\/sustainability\\\/2019-06-20\\\/gefahrloses-auslaufen-des-gletschersees-ermoeglichen\\\/\",\"url\":\"https:\\\/\\\/www.organisator.ch\\\/sustainability\\\/2019-06-20\\\/gefahrloses-auslaufen-des-gletschersees-ermoeglichen\\\/\",\"name\":\"Gefahrloses Auslaufen des Gletschersees erm\u00f6glichen - Organisator\",\"isPartOf\":{\"@id\":\"https:\\\/\\\/www.organisator.ch\\\/#website\"},\"primaryImageOfPage\":{\"@id\":\"https:\\\/\\\/www.organisator.ch\\\/sustainability\\\/2019-06-20\\\/gefahrloses-auslaufen-des-gletschersees-ermoeglichen\\\/#primaryimage\"},\"image\":{\"@id\":\"https:\\\/\\\/www.organisator.ch\\\/sustainability\\\/2019-06-20\\\/gefahrloses-auslaufen-des-gletschersees-ermoeglichen\\\/#primaryimage\"},\"thumbnailUrl\":\"https:\\\/\\\/www.organisator.ch\\\/wp-content\\\/uploads\\\/2019\\\/06\\\/Plaine_morte.jpg\",\"datePublished\":\"2019-06-20T08:57:33+00:00\",\"dateModified\":\"2022-02-09T10:10:52+00:00\",\"description\":\"Der Gletschersee auf der Plaine Morte bedroht das obere Simmental. Um ein Auslaufen zu verhindern, wurde ein System entwickelt.\",\"breadcrumb\":{\"@id\":\"https:\\\/\\\/www.organisator.ch\\\/sustainability\\\/2019-06-20\\\/gefahrloses-auslaufen-des-gletschersees-ermoeglichen\\\/#breadcrumb\"},\"inLanguage\":\"de\",\"potentialAction\":[{\"@type\":\"ReadAction\",\"target\":[\"https:\\\/\\\/www.organisator.ch\\\/sustainability\\\/2019-06-20\\\/gefahrloses-auslaufen-des-gletschersees-ermoeglichen\\\/\"]}]},{\"@type\":\"ImageObject\",\"inLanguage\":\"de\",\"@id\":\"https:\\\/\\\/www.organisator.ch\\\/sustainability\\\/2019-06-20\\\/gefahrloses-auslaufen-des-gletschersees-ermoeglichen\\\/#primaryimage\",\"url\":\"https:\\\/\\\/www.organisator.ch\\\/wp-content\\\/uploads\\\/2019\\\/06\\\/Plaine_morte.jpg\",\"contentUrl\":\"https:\\\/\\\/www.organisator.ch\\\/wp-content\\\/uploads\\\/2019\\\/06\\\/Plaine_morte.jpg\",\"width\":640,\"height\":427},{\"@type\":\"BreadcrumbList\",\"@id\":\"https:\\\/\\\/www.organisator.ch\\\/sustainability\\\/2019-06-20\\\/gefahrloses-auslaufen-des-gletschersees-ermoeglichen\\\/#breadcrumb\",\"itemListElement\":[{\"@type\":\"ListItem\",\"position\":1,\"name\":\"Home\",\"item\":\"https:\\\/\\\/www.organisator.ch\\\/\"},{\"@type\":\"ListItem\",\"position\":2,\"name\":\"Gefahrloses Auslaufen des Gletschersees erm\u00f6glichen\"}]},{\"@type\":\"WebSite\",\"@id\":\"https:\\\/\\\/www.organisator.ch\\\/#website\",\"url\":\"https:\\\/\\\/www.organisator.ch\\\/\",\"name\":\"Organisator\",\"description\":\"Kompetent. Praxisnah. Der ORGANISATOR bereitet in 10 Ausgaben pro Jahr die wesentlichen Themen f\u00fcr F\u00fchrungskr\u00e4fte von KMU auf.\",\"publisher\":{\"@id\":\"https:\\\/\\\/www.organisator.ch\\\/#organization\"},\"potentialAction\":[{\"@type\":\"SearchAction\",\"target\":{\"@type\":\"EntryPoint\",\"urlTemplate\":\"https:\\\/\\\/www.organisator.ch\\\/?s={search_term_string}\"},\"query-input\":{\"@type\":\"PropertyValueSpecification\",\"valueRequired\":true,\"valueName\":\"search_term_string\"}}],\"inLanguage\":\"de\"},{\"@type\":\"Organization\",\"@id\":\"https:\\\/\\\/www.organisator.ch\\\/#organization\",\"name\":\"Organisator\",\"url\":\"https:\\\/\\\/www.organisator.ch\\\/\",\"logo\":{\"@type\":\"ImageObject\",\"inLanguage\":\"de\",\"@id\":\"https:\\\/\\\/www.organisator.ch\\\/#\\\/schema\\\/logo\\\/image\\\/\",\"url\":\"https:\\\/\\\/www.organisator.ch\\\/wp-content\\\/uploads\\\/2022\\\/01\\\/Logo_Organisator_Website.png\",\"contentUrl\":\"https:\\\/\\\/www.organisator.ch\\\/wp-content\\\/uploads\\\/2022\\\/01\\\/Logo_Organisator_Website.png\",\"width\":800,\"height\":77,\"caption\":\"Organisator\"},\"image\":{\"@id\":\"https:\\\/\\\/www.organisator.ch\\\/#\\\/schema\\\/logo\\\/image\\\/\"},\"sameAs\":[\"https:\\\/\\\/www.facebook.com\\\/OrganisatorFachmagazin\",\"https:\\\/\\\/www.linkedin.com\\\/showcase\\\/organisator-das-magazin-fr-kmu\",\"https:\\\/\\\/www.xing.com\\\/news\\\/pages\\\/organisator-ch-695\",\"https:\\\/\\\/www.youtube.com\\\/channel\\\/UCGP2Sq0iWaZwT3BdIAQFYpw\"]},{\"@type\":\"Person\",\"@id\":\"https:\\\/\\\/www.organisator.ch\\\/#\\\/schema\\\/person\\\/134708ca9321c57b0362cceb7948ffbd\",\"name\":\"michael.merz\",\"image\":{\"@type\":\"ImageObject\",\"inLanguage\":\"de\",\"@id\":\"https:\\\/\\\/secure.gravatar.com\\\/avatar\\\/?s=96&d=mm&r=g\",\"url\":\"https:\\\/\\\/secure.gravatar.com\\\/avatar\\\/?s=96&d=mm&r=g\",\"contentUrl\":\"https:\\\/\\\/secure.gravatar.com\\\/avatar\\\/?s=96&d=mm&r=g\",\"caption\":\"michael.merz\"},\"url\":\"https:\\\/\\\/www.organisator.ch\\\/de\\\/author\\\/michael-merz\\\/\"}]}<\/script>\n<!-- \/ Yoast SEO plugin. -->","yoast_head_json":{"title":"Gefahrloses Auslaufen des Gletschersees erm\u00f6glichen - Organisator","description":"Der Gletschersee auf der Plaine Morte bedroht das obere Simmental. Um ein Auslaufen zu verhindern, wurde ein System entwickelt.","robots":{"index":"index","follow":"follow","max-snippet":"max-snippet:-1","max-image-preview":"max-image-preview:large","max-video-preview":"max-video-preview:-1"},"canonical":"https:\/\/www.organisator.ch\/de\/sustainability\/2019-06-20\/gefahrloses-auslaufen-des-gletschersees-ermoeglichen\/","og_locale":"de_DE","og_type":"article","og_title":"Gefahrloses Auslaufen des Gletschersees erm\u00f6glichen - Organisator","og_description":"Der Gletschersee auf der Plaine Morte bedroht das obere Simmental. Um ein Auslaufen zu verhindern, wurde ein System entwickelt.","og_url":"https:\/\/www.organisator.ch\/de\/sustainability\/2019-06-20\/gefahrloses-auslaufen-des-gletschersees-ermoeglichen\/","og_site_name":"Organisator","article_publisher":"https:\/\/www.facebook.com\/OrganisatorFachmagazin","article_published_time":"2019-06-20T08:57:33+00:00","article_modified_time":"2022-02-09T10:10:52+00:00","og_image":[{"width":640,"height":427,"url":"https:\/\/www.organisator.ch\/wp-content\/uploads\/2019\/06\/Plaine_morte.jpg","type":"image\/jpeg"}],"author":"michael.merz","twitter_card":"summary_large_image","schema":{"@context":"https:\/\/schema.org","@graph":[{"@type":"Article","@id":"https:\/\/www.organisator.ch\/sustainability\/2019-06-20\/gefahrloses-auslaufen-des-gletschersees-ermoeglichen\/#article","isPartOf":{"@id":"https:\/\/www.organisator.ch\/sustainability\/2019-06-20\/gefahrloses-auslaufen-des-gletschersees-ermoeglichen\/"},"author":{"name":"michael.merz","@id":"https:\/\/www.organisator.ch\/#\/schema\/person\/134708ca9321c57b0362cceb7948ffbd"},"headline":"Gefahrloses Auslaufen des Gletschersees erm\u00f6glichen","datePublished":"2019-06-20T08:57:33+00:00","dateModified":"2022-02-09T10:10:52+00:00","mainEntityOfPage":{"@id":"https:\/\/www.organisator.ch\/sustainability\/2019-06-20\/gefahrloses-auslaufen-des-gletschersees-ermoeglichen\/"},"wordCount":321,"commentCount":0,"publisher":{"@id":"https:\/\/www.organisator.ch\/#organization"},"image":{"@id":"https:\/\/www.organisator.ch\/sustainability\/2019-06-20\/gefahrloses-auslaufen-des-gletschersees-ermoeglichen\/#primaryimage"},"thumbnailUrl":"https:\/\/www.organisator.ch\/wp-content\/uploads\/2019\/06\/Plaine_morte.jpg","keywords":["Gletscherschmelze","Pr\u00e4vention","Schweiz"],"articleSection":["SUSTAINABILITY"],"inLanguage":"de"},{"@type":"WebPage","@id":"https:\/\/www.organisator.ch\/sustainability\/2019-06-20\/gefahrloses-auslaufen-des-gletschersees-ermoeglichen\/","url":"https:\/\/www.organisator.ch\/sustainability\/2019-06-20\/gefahrloses-auslaufen-des-gletschersees-ermoeglichen\/","name":"Gefahrloses Auslaufen des Gletschersees erm\u00f6glichen - Organisator","isPartOf":{"@id":"https:\/\/www.organisator.ch\/#website"},"primaryImageOfPage":{"@id":"https:\/\/www.organisator.ch\/sustainability\/2019-06-20\/gefahrloses-auslaufen-des-gletschersees-ermoeglichen\/#primaryimage"},"image":{"@id":"https:\/\/www.organisator.ch\/sustainability\/2019-06-20\/gefahrloses-auslaufen-des-gletschersees-ermoeglichen\/#primaryimage"},"thumbnailUrl":"https:\/\/www.organisator.ch\/wp-content\/uploads\/2019\/06\/Plaine_morte.jpg","datePublished":"2019-06-20T08:57:33+00:00","dateModified":"2022-02-09T10:10:52+00:00","description":"Der Gletschersee auf der Plaine Morte bedroht das obere Simmental. Um ein Auslaufen zu verhindern, wurde ein System entwickelt.","breadcrumb":{"@id":"https:\/\/www.organisator.ch\/sustainability\/2019-06-20\/gefahrloses-auslaufen-des-gletschersees-ermoeglichen\/#breadcrumb"},"inLanguage":"de","potentialAction":[{"@type":"ReadAction","target":["https:\/\/www.organisator.ch\/sustainability\/2019-06-20\/gefahrloses-auslaufen-des-gletschersees-ermoeglichen\/"]}]},{"@type":"ImageObject","inLanguage":"de","@id":"https:\/\/www.organisator.ch\/sustainability\/2019-06-20\/gefahrloses-auslaufen-des-gletschersees-ermoeglichen\/#primaryimage","url":"https:\/\/www.organisator.ch\/wp-content\/uploads\/2019\/06\/Plaine_morte.jpg","contentUrl":"https:\/\/www.organisator.ch\/wp-content\/uploads\/2019\/06\/Plaine_morte.jpg","width":640,"height":427},{"@type":"BreadcrumbList","@id":"https:\/\/www.organisator.ch\/sustainability\/2019-06-20\/gefahrloses-auslaufen-des-gletschersees-ermoeglichen\/#breadcrumb","itemListElement":[{"@type":"ListItem","position":1,"name":"Home","item":"https:\/\/www.organisator.ch\/"},{"@type":"ListItem","position":2,"name":"Gefahrloses Auslaufen des Gletschersees erm\u00f6glichen"}]},{"@type":"WebSite","@id":"https:\/\/www.organisator.ch\/#website","url":"https:\/\/www.organisator.ch\/","name":"Organisator","description":"Kompetent. Praxisnah. Der ORGANISATOR bereitet in 10 Ausgaben pro Jahr die wesentlichen Themen f\u00fcr F\u00fchrungskr\u00e4fte von KMU auf.","publisher":{"@id":"https:\/\/www.organisator.ch\/#organization"},"potentialAction":[{"@type":"SearchAction","target":{"@type":"EntryPoint","urlTemplate":"https:\/\/www.organisator.ch\/?s={search_term_string}"},"query-input":{"@type":"PropertyValueSpecification","valueRequired":true,"valueName":"search_term_string"}}],"inLanguage":"de"},{"@type":"Organization","@id":"https:\/\/www.organisator.ch\/#organization","name":"Organisator","url":"https:\/\/www.organisator.ch\/","logo":{"@type":"ImageObject","inLanguage":"de","@id":"https:\/\/www.organisator.ch\/#\/schema\/logo\/image\/","url":"https:\/\/www.organisator.ch\/wp-content\/uploads\/2022\/01\/Logo_Organisator_Website.png","contentUrl":"https:\/\/www.organisator.ch\/wp-content\/uploads\/2022\/01\/Logo_Organisator_Website.png","width":800,"height":77,"caption":"Organisator"},"image":{"@id":"https:\/\/www.organisator.ch\/#\/schema\/logo\/image\/"},"sameAs":["https:\/\/www.facebook.com\/OrganisatorFachmagazin","https:\/\/www.linkedin.com\/showcase\/organisator-das-magazin-fr-kmu","https:\/\/www.xing.com\/news\/pages\/organisator-ch-695","https:\/\/www.youtube.com\/channel\/UCGP2Sq0iWaZwT3BdIAQFYpw"]},{"@type":"Person","@id":"https:\/\/www.organisator.ch\/#\/schema\/person\/134708ca9321c57b0362cceb7948ffbd","name":"michael.merz","image":{"@type":"ImageObject","inLanguage":"de","@id":"https:\/\/secure.gravatar.com\/avatar\/?s=96&d=mm&r=g","url":"https:\/\/secure.gravatar.com\/avatar\/?s=96&d=mm&r=g","contentUrl":"https:\/\/secure.gravatar.com\/avatar\/?s=96&d=mm&r=g","caption":"michael.merz"},"url":"https:\/\/www.organisator.ch\/de\/author\/michael-merz\/"}]}},"_links":{"self":[{"href":"https:\/\/www.organisator.ch\/de\/wp-json\/wp\/v2\/posts\/10089","targetHints":{"allow":["GET"]}}],"collection":[{"href":"https:\/\/www.organisator.ch\/de\/wp-json\/wp\/v2\/posts"}],"about":[{"href":"https:\/\/www.organisator.ch\/de\/wp-json\/wp\/v2\/types\/post"}],"author":[{"embeddable":true,"href":"https:\/\/www.organisator.ch\/de\/wp-json\/wp\/v2\/users\/5"}],"replies":[{"embeddable":true,"href":"https:\/\/www.organisator.ch\/de\/wp-json\/wp\/v2\/comments?post=10089"}],"version-history":[{"count":1,"href":"https:\/\/www.organisator.ch\/de\/wp-json\/wp\/v2\/posts\/10089\/revisions"}],"predecessor-version":[{"id":11020,"href":"https:\/\/www.organisator.ch\/de\/wp-json\/wp\/v2\/posts\/10089\/revisions\/11020"}],"wp:featuredmedia":[{"embeddable":true,"href":"https:\/\/www.organisator.ch\/de\/wp-json\/wp\/v2\/media\/9618"}],"wp:attachment":[{"href":"https:\/\/www.organisator.ch\/de\/wp-json\/wp\/v2\/media?parent=10089"}],"wp:term":[{"taxonomy":"category","embeddable":true,"href":"https:\/\/www.organisator.ch\/de\/wp-json\/wp\/v2\/categories?post=10089"},{"taxonomy":"post_tag","embeddable":true,"href":"https:\/\/www.organisator.ch\/de\/wp-json\/wp\/v2\/tags?post=10089"}],"curies":[{"name":"wp","href":"https:\/\/api.w.org\/{rel}","templated":true}]}}