{"id":10092,"date":"2019-07-01T15:56:54","date_gmt":"2019-07-01T13:56:54","guid":{"rendered":"https:\/\/www.umweltperspektiven.ch\/?p=2243"},"modified":"2022-02-09T11:10:06","modified_gmt":"2022-02-09T10:10:06","slug":"smarte-sta%cc%88dte-in-der-schweiz-vielfa%cc%88ltige-aktivita%cc%88ten-nach-zo%cc%88gerlichem-start","status":"publish","type":"post","link":"https:\/\/www.organisator.ch\/de\/sustainability\/2019-07-01\/smarte-sta%cc%88dte-in-der-schweiz-vielfa%cc%88ltige-aktivita%cc%88ten-nach-zo%cc%88gerlichem-start\/","title":{"rendered":"Smarte St\u00e4dte in der Schweiz: vielf\u00e4ltige Aktivit\u00e4ten nach Starthemnissen"},"content":{"rendered":"<figure id=\"attachment_2244\" aria-describedby=\"caption-attachment-2244\" style=\"width: 680px\" class=\"wp-caption alignnone\"><img loading=\"lazy\" decoding=\"async\" class=\"size-medium wp-image-2244\" src=\"\/\/www.umweltperspektiven.ch\/wp-content\/uploads\/2019\/07\/smart-city-up_umwelt-perspektiven.jpg\" alt=\"\" width=\"680\" height=\"485\" \/><figcaption id=\"caption-attachment-2244\" class=\"wp-caption-text\">Weltweit stehen St\u00e4dte vor immer gr\u00f6ssren und vielfa\u0308ltigeren Herausforderungen, dies f\u00fchlen auch Schweizer Grossst\u00e4dte. (Symbolbild: Unsplash)<\/figcaption><\/figure>\n<p>Auftraggeber der Analyse \u00fcber Smarte Schweizer St\u00e4dte sind asut \u2013 Schweizerischer Verband der Telekommunikation, das Bundesamt f\u00fcr Energie (mit dem Programm Smart City Schweiz), der Schweizerische St\u00e4dteverband und der Smart City Hub. Erstellt wurde die Untersuchung von der AWK Group in Zusammenarbeit mit der Z\u00fcrcher Hochschule f\u00fcr angewandte Wis-senschaften (ZHAW).<\/p>\n<p><strong>Von der Strategie zur lokalen Umsetzung<\/strong><\/p>\n<p>Im internationalen Vergleich kam die Smart City-Bewegung in der Schweiz eher z\u00f6gerlich in Gang. Inzwischen verf\u00fcgt jedoch ein Drittel der St\u00e4dte und Gemeinden, die sich an der Studie beteiligt haben, \u00fcber eine Smart City-Strategie. Ein weiteres Drittel ist derzeit daran, eine Strategie zu erarbeiten. Bei den Unternehmen ist eine Smart City-Strategie ebenfalls bei gut einem Drittel vorhanden; allerdings haben nur rund weitere zehn Prozent eine Strategie in Planung.<\/p>\n<p>Auf die Frage, in welchen Bereichen bereits Produkte und Dienstleistungen bestehen, zeigen sich bemerkenswerte Unterschiede: Die h\u00f6chste Verbreitung finden Produkte und Dienstleistungen in den Bereichen \u00abSmart Environment\u00bb, \u00abSmart Government\u00bb und \u00abSmart Mobility\u00bb; gut 50 Prozent der antwortenden St\u00e4dte und Gemeinden verf\u00fcgen in diesen Bereichen \u00fcber (Pilot-)Projekte. Weniger verbreitet sind Produkte und Dienstleistungen in den Bereichen \u00abSmart Economy\u00bb, \u00abSmart People\u00bb oder \u00abSmart Living\u00bb.<\/p>\n<p>Beinahe zwei Drittel der St\u00e4dte und Gemeinden geben an, \u00fcber ein Budget f\u00fcr Smart City-Produkte oder -Dienstleistungen zu verf\u00fcgen oder ein solches geplant zu haben. Dies l\u00e4sst den Schluss zu, dass Zahl und Themenbreite von Smart City-Projekten weiter zunehmen werden. In St\u00e4dten und Ge-meinden sind 80 Prozent der Smart City-Projekte lokal ausgerichtet. Dagegen haben derartige Pro-dukte und Dienstleistungen f\u00fcr die Unternehmen.<\/p>\n<p>Weltweit stehen St\u00e4dte vor immer gr\u00f6sseren und vielf\u00e4ltigeren Herausforderungen. Von der Unter-st\u00fctzung durch digitale Technologien erhofft sich die \u00f6ffentliche Hand mehr Lebensqualit\u00e4t f\u00fcr die Bev\u00f6lkerung, einen schonenderen Umgang mit Ressourcen, einfachere Verfahren und effizientere Prozesse.<\/p>\n<p><strong>Vernetzung als Erfolgsfaktor (Silodenken hinderlich)<\/strong><\/p>\n<p>Was sind wichtige Erfolgsfaktoren auf dem Weg zu einer Smart City? Sowohl aus der Befragung wie aus den Experteninterviews wird deutlich, dass die Vernetzung in- und ausserhalb der Stadt resp. der Gemeinde, geeignete Plattformen f\u00fcr den Datenaustausch und eine entsprechende Strategie sowie die politische Unterst\u00fctzung besonders wichtig sind. Weiter zeigen Erfahrungen aus dem In- und Ausland, dass der Einbezug der Bev\u00f6lkerung f\u00fcr den Erfolg von Smart City-Aktivit\u00e4ten ausschlaggebend ist.<\/p>\n<p>Als H\u00fcrden, welche die Umsetzung von Smart City-Projekten bremsen, wurden das \u00abSilodenken\u00bb innerhalb der Verwaltung und die Tendenz zu Insell\u00f6sungen, resp. fehlende Schnittstellen identifiziert.<\/p>\n<p>Eine grosse Bedeutung messen die Akteure und Smart City-Interessierten der IT-Sicherheit zu. Diese wird damit zu einer Schl\u00fcsselkompetenz in der weiteren Entwicklung von Smart City in der Schweiz.<\/p>\n<p><strong>Zusammenarbeit unter verschiedenen Vorzeichen st\u00e4rken<\/strong><\/p>\n<p>Die Resultate der Stakeholderanalyse \u00abSmart City Switzerland\u00bb zeigen die hohe Bedeutung von Plattformen und Initiativen, welche den Austausch unter den Akteuren f\u00f6rdern. Eine Reihe von St\u00e4dten und Gemeinden pflegen diesen Austausch auch international. Auch die Auftraggeber f\u00f6rdern die Zusammenarbeit und die Vernetzung unter den Akteuren.<\/p>\n<p>Innovative Kollaborationsformen zwischen den verschiedenen Stakeholdern sind ebenso anzustre-ben, wie einfache Plattformen f\u00fcr den Erfahrungsaustausch. Mitunter liegt eine Herausforderung in der \u00abCoopetition\u00bb, d. h. der Zusammenarbeit zwischen Partnern, die gleichzeitig Konkurrenten sind.<\/p>\n<p><em>Die Auswertungen der Stakeholderanalyse \u00abSmart City Switzerland\u00bb sowie der zusammenfassende Bericht k\u00f6nnen <a href=\"\/\/asut.us13.list-manage.com\/track\/click?u=179f9260b26fb7d63b6085e58&amp;id=fdc4c62d88&amp;e=ac32cf059c\">hier<\/a> heruntergeladen werden<\/em><\/p>\n<p><a href=\"\/\/www.asut.ch\">www.asut.ch<\/a><\/p>\n","protected":false},"excerpt":{"rendered":"<p>Auftraggeber der Analyse \u00fcber Smarte Schweizer St\u00e4dte sind asut \u2013 Schweizerischer Verband der Telekommunikation, das Bundesamt f\u00fcr Energie (mit dem Programm Smart City Schweiz), der Schweizerische St\u00e4dteverband und der Smart City Hub. Erstellt wurde die Untersuchung von der AWK Group in Zusammenarbeit mit der Z\u00fcrcher Hochschule f\u00fcr angewandte Wis-senschaften (ZHAW). Von der Strategie zur lokalen [&hellip;]<\/p>\n","protected":false},"author":5,"featured_media":9620,"comment_status":"open","ping_status":"open","sticky":false,"template":"","format":"standard","meta":{"_acf_changed":false,"_yoast_wpseo_focuskw":"Smarte St\u00e4dte","_yoast_wpseo_metadesc":"Zuerst in den Metropolen konzipiert, gibt es immer mehr Smarte St\u00e4dte in der Schweiz. Allerdings, wo stehen unsere Sta\u0308dte auf dem Weg zur Smart City?","articlekey":"","footnotes":""},"categories":[580],"tags":[705,1158,424,2128,460],"class_list":["post-10092","post","type-post","status-publish","format-standard","has-post-thumbnail","hentry","category-sustainability","tag-analyse","tag-faktoren","tag-schweiz","tag-smart-city","tag-studien"],"acf":[],"yoast_head":"<!-- This site is optimized with the Yoast SEO plugin v27.5 - https:\/\/yoast.com\/product\/yoast-seo-wordpress\/ -->\n<title>Smarte St\u00e4dte in der Schweiz: vielf\u00e4ltige Aktivit\u00e4ten nach Starthemnissen - Organisator<\/title>\n<meta name=\"description\" content=\"Zuerst in den Metropolen konzipiert, gibt es immer mehr Smarte St\u00e4dte in der Schweiz. Allerdings, wo stehen unsere Sta\u0308dte auf dem Weg zur Smart City?\" \/>\n<meta name=\"robots\" content=\"index, follow, max-snippet:-1, max-image-preview:large, max-video-preview:-1\" \/>\n<link rel=\"canonical\" href=\"https:\/\/www.organisator.ch\/de\/sustainability\/2019-07-01\/smarte-sta\u0308dte-in-der-schweiz-vielfa\u0308ltige-aktivita\u0308ten-nach-zo\u0308gerlichem-start\/\" \/>\n<meta property=\"og:locale\" content=\"de_DE\" \/>\n<meta property=\"og:type\" content=\"article\" \/>\n<meta property=\"og:title\" content=\"Smarte St\u00e4dte in der Schweiz: vielf\u00e4ltige Aktivit\u00e4ten nach Starthemnissen - Organisator\" \/>\n<meta property=\"og:description\" content=\"Zuerst in den Metropolen konzipiert, gibt es immer mehr Smarte St\u00e4dte in der Schweiz. Allerdings, wo stehen unsere Sta\u0308dte auf dem Weg zur Smart City?\" \/>\n<meta property=\"og:url\" content=\"https:\/\/www.organisator.ch\/de\/sustainability\/2019-07-01\/smarte-sta\u0308dte-in-der-schweiz-vielfa\u0308ltige-aktivita\u0308ten-nach-zo\u0308gerlichem-start\/\" \/>\n<meta property=\"og:site_name\" content=\"Organisator\" \/>\n<meta property=\"article:publisher\" content=\"https:\/\/www.facebook.com\/OrganisatorFachmagazin\" \/>\n<meta property=\"article:published_time\" content=\"2019-07-01T13:56:54+00:00\" \/>\n<meta property=\"article:modified_time\" content=\"2022-02-09T10:10:06+00:00\" \/>\n<meta property=\"og:image\" content=\"https:\/\/www.organisator.ch\/wp-content\/uploads\/2019\/07\/smart-city-up_umwelt-perspektiven-scaled.jpg\" \/>\n\t<meta property=\"og:image:width\" content=\"2560\" \/>\n\t<meta property=\"og:image:height\" content=\"1827\" \/>\n\t<meta property=\"og:image:type\" content=\"image\/jpeg\" \/>\n<meta name=\"author\" content=\"michael.merz\" \/>\n<meta name=\"twitter:card\" content=\"summary_large_image\" \/>\n<script type=\"application\/ld+json\" class=\"yoast-schema-graph\">{\"@context\":\"https:\\\/\\\/schema.org\",\"@graph\":[{\"@type\":\"Article\",\"@id\":\"https:\\\/\\\/www.organisator.ch\\\/sustainability\\\/2019-07-01\\\/smarte-sta%cc%88dte-in-der-schweiz-vielfa%cc%88ltige-aktivita%cc%88ten-nach-zo%cc%88gerlichem-start\\\/#article\",\"isPartOf\":{\"@id\":\"https:\\\/\\\/www.organisator.ch\\\/sustainability\\\/2019-07-01\\\/smarte-sta%cc%88dte-in-der-schweiz-vielfa%cc%88ltige-aktivita%cc%88ten-nach-zo%cc%88gerlichem-start\\\/\"},\"author\":{\"name\":\"michael.merz\",\"@id\":\"https:\\\/\\\/www.organisator.ch\\\/#\\\/schema\\\/person\\\/134708ca9321c57b0362cceb7948ffbd\"},\"headline\":\"Smarte St\u00e4dte in der Schweiz: vielf\u00e4ltige Aktivit\u00e4ten nach Starthemnissen\",\"datePublished\":\"2019-07-01T13:56:54+00:00\",\"dateModified\":\"2022-02-09T10:10:06+00:00\",\"mainEntityOfPage\":{\"@id\":\"https:\\\/\\\/www.organisator.ch\\\/sustainability\\\/2019-07-01\\\/smarte-sta%cc%88dte-in-der-schweiz-vielfa%cc%88ltige-aktivita%cc%88ten-nach-zo%cc%88gerlichem-start\\\/\"},\"wordCount\":584,\"commentCount\":0,\"publisher\":{\"@id\":\"https:\\\/\\\/www.organisator.ch\\\/#organization\"},\"image\":{\"@id\":\"https:\\\/\\\/www.organisator.ch\\\/sustainability\\\/2019-07-01\\\/smarte-sta%cc%88dte-in-der-schweiz-vielfa%cc%88ltige-aktivita%cc%88ten-nach-zo%cc%88gerlichem-start\\\/#primaryimage\"},\"thumbnailUrl\":\"https:\\\/\\\/www.organisator.ch\\\/wp-content\\\/uploads\\\/2019\\\/07\\\/smart-city-up_umwelt-perspektiven-scaled.jpg\",\"keywords\":[\"Analyse\",\"Faktoren\",\"Schweiz\",\"Smart City\",\"Studien\"],\"articleSection\":[\"SUSTAINABILITY\"],\"inLanguage\":\"de\"},{\"@type\":\"WebPage\",\"@id\":\"https:\\\/\\\/www.organisator.ch\\\/sustainability\\\/2019-07-01\\\/smarte-sta%cc%88dte-in-der-schweiz-vielfa%cc%88ltige-aktivita%cc%88ten-nach-zo%cc%88gerlichem-start\\\/\",\"url\":\"https:\\\/\\\/www.organisator.ch\\\/sustainability\\\/2019-07-01\\\/smarte-sta%cc%88dte-in-der-schweiz-vielfa%cc%88ltige-aktivita%cc%88ten-nach-zo%cc%88gerlichem-start\\\/\",\"name\":\"Smarte St\u00e4dte in der Schweiz: vielf\u00e4ltige Aktivit\u00e4ten nach Starthemnissen - Organisator\",\"isPartOf\":{\"@id\":\"https:\\\/\\\/www.organisator.ch\\\/#website\"},\"primaryImageOfPage\":{\"@id\":\"https:\\\/\\\/www.organisator.ch\\\/sustainability\\\/2019-07-01\\\/smarte-sta%cc%88dte-in-der-schweiz-vielfa%cc%88ltige-aktivita%cc%88ten-nach-zo%cc%88gerlichem-start\\\/#primaryimage\"},\"image\":{\"@id\":\"https:\\\/\\\/www.organisator.ch\\\/sustainability\\\/2019-07-01\\\/smarte-sta%cc%88dte-in-der-schweiz-vielfa%cc%88ltige-aktivita%cc%88ten-nach-zo%cc%88gerlichem-start\\\/#primaryimage\"},\"thumbnailUrl\":\"https:\\\/\\\/www.organisator.ch\\\/wp-content\\\/uploads\\\/2019\\\/07\\\/smart-city-up_umwelt-perspektiven-scaled.jpg\",\"datePublished\":\"2019-07-01T13:56:54+00:00\",\"dateModified\":\"2022-02-09T10:10:06+00:00\",\"description\":\"Zuerst in den Metropolen konzipiert, gibt es immer mehr Smarte St\u00e4dte in der Schweiz. Allerdings, wo stehen unsere Sta\u0308dte auf dem Weg zur Smart City?\",\"breadcrumb\":{\"@id\":\"https:\\\/\\\/www.organisator.ch\\\/sustainability\\\/2019-07-01\\\/smarte-sta%cc%88dte-in-der-schweiz-vielfa%cc%88ltige-aktivita%cc%88ten-nach-zo%cc%88gerlichem-start\\\/#breadcrumb\"},\"inLanguage\":\"de\",\"potentialAction\":[{\"@type\":\"ReadAction\",\"target\":[\"https:\\\/\\\/www.organisator.ch\\\/sustainability\\\/2019-07-01\\\/smarte-sta%cc%88dte-in-der-schweiz-vielfa%cc%88ltige-aktivita%cc%88ten-nach-zo%cc%88gerlichem-start\\\/\"]}]},{\"@type\":\"ImageObject\",\"inLanguage\":\"de\",\"@id\":\"https:\\\/\\\/www.organisator.ch\\\/sustainability\\\/2019-07-01\\\/smarte-sta%cc%88dte-in-der-schweiz-vielfa%cc%88ltige-aktivita%cc%88ten-nach-zo%cc%88gerlichem-start\\\/#primaryimage\",\"url\":\"https:\\\/\\\/www.organisator.ch\\\/wp-content\\\/uploads\\\/2019\\\/07\\\/smart-city-up_umwelt-perspektiven-scaled.jpg\",\"contentUrl\":\"https:\\\/\\\/www.organisator.ch\\\/wp-content\\\/uploads\\\/2019\\\/07\\\/smart-city-up_umwelt-perspektiven-scaled.jpg\",\"width\":2560,\"height\":1827,\"caption\":\"Weltweit stehen Sta\u0308dte vor immer gro\u0308sseren und vielfa\u0308ltigeren Herausforderungen, dies f\u00fchlen auch Schweizer Grossst\u00e4dte. (Symbolbild: Unsplash)\"},{\"@type\":\"BreadcrumbList\",\"@id\":\"https:\\\/\\\/www.organisator.ch\\\/sustainability\\\/2019-07-01\\\/smarte-sta%cc%88dte-in-der-schweiz-vielfa%cc%88ltige-aktivita%cc%88ten-nach-zo%cc%88gerlichem-start\\\/#breadcrumb\",\"itemListElement\":[{\"@type\":\"ListItem\",\"position\":1,\"name\":\"Home\",\"item\":\"https:\\\/\\\/www.organisator.ch\\\/\"},{\"@type\":\"ListItem\",\"position\":2,\"name\":\"Smarte St\u00e4dte in der Schweiz: vielf\u00e4ltige Aktivit\u00e4ten nach Starthemnissen\"}]},{\"@type\":\"WebSite\",\"@id\":\"https:\\\/\\\/www.organisator.ch\\\/#website\",\"url\":\"https:\\\/\\\/www.organisator.ch\\\/\",\"name\":\"Organisator\",\"description\":\"Kompetent. Praxisnah. Der ORGANISATOR bereitet in 10 Ausgaben pro Jahr die wesentlichen Themen f\u00fcr F\u00fchrungskr\u00e4fte von KMU auf.\",\"publisher\":{\"@id\":\"https:\\\/\\\/www.organisator.ch\\\/#organization\"},\"potentialAction\":[{\"@type\":\"SearchAction\",\"target\":{\"@type\":\"EntryPoint\",\"urlTemplate\":\"https:\\\/\\\/www.organisator.ch\\\/?s={search_term_string}\"},\"query-input\":{\"@type\":\"PropertyValueSpecification\",\"valueRequired\":true,\"valueName\":\"search_term_string\"}}],\"inLanguage\":\"de\"},{\"@type\":\"Organization\",\"@id\":\"https:\\\/\\\/www.organisator.ch\\\/#organization\",\"name\":\"Organisator\",\"url\":\"https:\\\/\\\/www.organisator.ch\\\/\",\"logo\":{\"@type\":\"ImageObject\",\"inLanguage\":\"de\",\"@id\":\"https:\\\/\\\/www.organisator.ch\\\/#\\\/schema\\\/logo\\\/image\\\/\",\"url\":\"https:\\\/\\\/www.organisator.ch\\\/wp-content\\\/uploads\\\/2022\\\/01\\\/Logo_Organisator_Website.png\",\"contentUrl\":\"https:\\\/\\\/www.organisator.ch\\\/wp-content\\\/uploads\\\/2022\\\/01\\\/Logo_Organisator_Website.png\",\"width\":800,\"height\":77,\"caption\":\"Organisator\"},\"image\":{\"@id\":\"https:\\\/\\\/www.organisator.ch\\\/#\\\/schema\\\/logo\\\/image\\\/\"},\"sameAs\":[\"https:\\\/\\\/www.facebook.com\\\/OrganisatorFachmagazin\",\"https:\\\/\\\/www.linkedin.com\\\/showcase\\\/organisator-das-magazin-fr-kmu\",\"https:\\\/\\\/www.xing.com\\\/news\\\/pages\\\/organisator-ch-695\",\"https:\\\/\\\/www.youtube.com\\\/channel\\\/UCGP2Sq0iWaZwT3BdIAQFYpw\"]},{\"@type\":\"Person\",\"@id\":\"https:\\\/\\\/www.organisator.ch\\\/#\\\/schema\\\/person\\\/134708ca9321c57b0362cceb7948ffbd\",\"name\":\"michael.merz\",\"image\":{\"@type\":\"ImageObject\",\"inLanguage\":\"de\",\"@id\":\"https:\\\/\\\/secure.gravatar.com\\\/avatar\\\/?s=96&d=mm&r=g\",\"url\":\"https:\\\/\\\/secure.gravatar.com\\\/avatar\\\/?s=96&d=mm&r=g\",\"contentUrl\":\"https:\\\/\\\/secure.gravatar.com\\\/avatar\\\/?s=96&d=mm&r=g\",\"caption\":\"michael.merz\"},\"url\":\"https:\\\/\\\/www.organisator.ch\\\/de\\\/author\\\/michael-merz\\\/\"}]}<\/script>\n<!-- \/ Yoast SEO plugin. -->","yoast_head_json":{"title":"Smarte St\u00e4dte in der Schweiz: vielf\u00e4ltige Aktivit\u00e4ten nach Starthemnissen - Organisator","description":"Zuerst in den Metropolen konzipiert, gibt es immer mehr Smarte St\u00e4dte in der Schweiz. Allerdings, wo stehen unsere Sta\u0308dte auf dem Weg zur Smart City?","robots":{"index":"index","follow":"follow","max-snippet":"max-snippet:-1","max-image-preview":"max-image-preview:large","max-video-preview":"max-video-preview:-1"},"canonical":"https:\/\/www.organisator.ch\/de\/sustainability\/2019-07-01\/smarte-sta\u0308dte-in-der-schweiz-vielfa\u0308ltige-aktivita\u0308ten-nach-zo\u0308gerlichem-start\/","og_locale":"de_DE","og_type":"article","og_title":"Smarte St\u00e4dte in der Schweiz: vielf\u00e4ltige Aktivit\u00e4ten nach Starthemnissen - Organisator","og_description":"Zuerst in den Metropolen konzipiert, gibt es immer mehr Smarte St\u00e4dte in der Schweiz. Allerdings, wo stehen unsere Sta\u0308dte auf dem Weg zur Smart City?","og_url":"https:\/\/www.organisator.ch\/de\/sustainability\/2019-07-01\/smarte-sta\u0308dte-in-der-schweiz-vielfa\u0308ltige-aktivita\u0308ten-nach-zo\u0308gerlichem-start\/","og_site_name":"Organisator","article_publisher":"https:\/\/www.facebook.com\/OrganisatorFachmagazin","article_published_time":"2019-07-01T13:56:54+00:00","article_modified_time":"2022-02-09T10:10:06+00:00","og_image":[{"width":2560,"height":1827,"url":"https:\/\/www.organisator.ch\/wp-content\/uploads\/2019\/07\/smart-city-up_umwelt-perspektiven-scaled.jpg","type":"image\/jpeg"}],"author":"michael.merz","twitter_card":"summary_large_image","schema":{"@context":"https:\/\/schema.org","@graph":[{"@type":"Article","@id":"https:\/\/www.organisator.ch\/sustainability\/2019-07-01\/smarte-sta%cc%88dte-in-der-schweiz-vielfa%cc%88ltige-aktivita%cc%88ten-nach-zo%cc%88gerlichem-start\/#article","isPartOf":{"@id":"https:\/\/www.organisator.ch\/sustainability\/2019-07-01\/smarte-sta%cc%88dte-in-der-schweiz-vielfa%cc%88ltige-aktivita%cc%88ten-nach-zo%cc%88gerlichem-start\/"},"author":{"name":"michael.merz","@id":"https:\/\/www.organisator.ch\/#\/schema\/person\/134708ca9321c57b0362cceb7948ffbd"},"headline":"Smarte St\u00e4dte in der Schweiz: vielf\u00e4ltige Aktivit\u00e4ten nach Starthemnissen","datePublished":"2019-07-01T13:56:54+00:00","dateModified":"2022-02-09T10:10:06+00:00","mainEntityOfPage":{"@id":"https:\/\/www.organisator.ch\/sustainability\/2019-07-01\/smarte-sta%cc%88dte-in-der-schweiz-vielfa%cc%88ltige-aktivita%cc%88ten-nach-zo%cc%88gerlichem-start\/"},"wordCount":584,"commentCount":0,"publisher":{"@id":"https:\/\/www.organisator.ch\/#organization"},"image":{"@id":"https:\/\/www.organisator.ch\/sustainability\/2019-07-01\/smarte-sta%cc%88dte-in-der-schweiz-vielfa%cc%88ltige-aktivita%cc%88ten-nach-zo%cc%88gerlichem-start\/#primaryimage"},"thumbnailUrl":"https:\/\/www.organisator.ch\/wp-content\/uploads\/2019\/07\/smart-city-up_umwelt-perspektiven-scaled.jpg","keywords":["Analyse","Faktoren","Schweiz","Smart City","Studien"],"articleSection":["SUSTAINABILITY"],"inLanguage":"de"},{"@type":"WebPage","@id":"https:\/\/www.organisator.ch\/sustainability\/2019-07-01\/smarte-sta%cc%88dte-in-der-schweiz-vielfa%cc%88ltige-aktivita%cc%88ten-nach-zo%cc%88gerlichem-start\/","url":"https:\/\/www.organisator.ch\/sustainability\/2019-07-01\/smarte-sta%cc%88dte-in-der-schweiz-vielfa%cc%88ltige-aktivita%cc%88ten-nach-zo%cc%88gerlichem-start\/","name":"Smarte St\u00e4dte in der Schweiz: vielf\u00e4ltige Aktivit\u00e4ten nach Starthemnissen - Organisator","isPartOf":{"@id":"https:\/\/www.organisator.ch\/#website"},"primaryImageOfPage":{"@id":"https:\/\/www.organisator.ch\/sustainability\/2019-07-01\/smarte-sta%cc%88dte-in-der-schweiz-vielfa%cc%88ltige-aktivita%cc%88ten-nach-zo%cc%88gerlichem-start\/#primaryimage"},"image":{"@id":"https:\/\/www.organisator.ch\/sustainability\/2019-07-01\/smarte-sta%cc%88dte-in-der-schweiz-vielfa%cc%88ltige-aktivita%cc%88ten-nach-zo%cc%88gerlichem-start\/#primaryimage"},"thumbnailUrl":"https:\/\/www.organisator.ch\/wp-content\/uploads\/2019\/07\/smart-city-up_umwelt-perspektiven-scaled.jpg","datePublished":"2019-07-01T13:56:54+00:00","dateModified":"2022-02-09T10:10:06+00:00","description":"Zuerst in den Metropolen konzipiert, gibt es immer mehr Smarte St\u00e4dte in der Schweiz. Allerdings, wo stehen unsere Sta\u0308dte auf dem Weg zur Smart City?","breadcrumb":{"@id":"https:\/\/www.organisator.ch\/sustainability\/2019-07-01\/smarte-sta%cc%88dte-in-der-schweiz-vielfa%cc%88ltige-aktivita%cc%88ten-nach-zo%cc%88gerlichem-start\/#breadcrumb"},"inLanguage":"de","potentialAction":[{"@type":"ReadAction","target":["https:\/\/www.organisator.ch\/sustainability\/2019-07-01\/smarte-sta%cc%88dte-in-der-schweiz-vielfa%cc%88ltige-aktivita%cc%88ten-nach-zo%cc%88gerlichem-start\/"]}]},{"@type":"ImageObject","inLanguage":"de","@id":"https:\/\/www.organisator.ch\/sustainability\/2019-07-01\/smarte-sta%cc%88dte-in-der-schweiz-vielfa%cc%88ltige-aktivita%cc%88ten-nach-zo%cc%88gerlichem-start\/#primaryimage","url":"https:\/\/www.organisator.ch\/wp-content\/uploads\/2019\/07\/smart-city-up_umwelt-perspektiven-scaled.jpg","contentUrl":"https:\/\/www.organisator.ch\/wp-content\/uploads\/2019\/07\/smart-city-up_umwelt-perspektiven-scaled.jpg","width":2560,"height":1827,"caption":"Weltweit stehen Sta\u0308dte vor immer gro\u0308sseren und vielfa\u0308ltigeren Herausforderungen, dies f\u00fchlen auch Schweizer Grossst\u00e4dte. (Symbolbild: Unsplash)"},{"@type":"BreadcrumbList","@id":"https:\/\/www.organisator.ch\/sustainability\/2019-07-01\/smarte-sta%cc%88dte-in-der-schweiz-vielfa%cc%88ltige-aktivita%cc%88ten-nach-zo%cc%88gerlichem-start\/#breadcrumb","itemListElement":[{"@type":"ListItem","position":1,"name":"Home","item":"https:\/\/www.organisator.ch\/"},{"@type":"ListItem","position":2,"name":"Smarte St\u00e4dte in der Schweiz: vielf\u00e4ltige Aktivit\u00e4ten nach Starthemnissen"}]},{"@type":"WebSite","@id":"https:\/\/www.organisator.ch\/#website","url":"https:\/\/www.organisator.ch\/","name":"Organisator","description":"Kompetent. Praxisnah. Der ORGANISATOR bereitet in 10 Ausgaben pro Jahr die wesentlichen Themen f\u00fcr F\u00fchrungskr\u00e4fte von KMU auf.","publisher":{"@id":"https:\/\/www.organisator.ch\/#organization"},"potentialAction":[{"@type":"SearchAction","target":{"@type":"EntryPoint","urlTemplate":"https:\/\/www.organisator.ch\/?s={search_term_string}"},"query-input":{"@type":"PropertyValueSpecification","valueRequired":true,"valueName":"search_term_string"}}],"inLanguage":"de"},{"@type":"Organization","@id":"https:\/\/www.organisator.ch\/#organization","name":"Organisator","url":"https:\/\/www.organisator.ch\/","logo":{"@type":"ImageObject","inLanguage":"de","@id":"https:\/\/www.organisator.ch\/#\/schema\/logo\/image\/","url":"https:\/\/www.organisator.ch\/wp-content\/uploads\/2022\/01\/Logo_Organisator_Website.png","contentUrl":"https:\/\/www.organisator.ch\/wp-content\/uploads\/2022\/01\/Logo_Organisator_Website.png","width":800,"height":77,"caption":"Organisator"},"image":{"@id":"https:\/\/www.organisator.ch\/#\/schema\/logo\/image\/"},"sameAs":["https:\/\/www.facebook.com\/OrganisatorFachmagazin","https:\/\/www.linkedin.com\/showcase\/organisator-das-magazin-fr-kmu","https:\/\/www.xing.com\/news\/pages\/organisator-ch-695","https:\/\/www.youtube.com\/channel\/UCGP2Sq0iWaZwT3BdIAQFYpw"]},{"@type":"Person","@id":"https:\/\/www.organisator.ch\/#\/schema\/person\/134708ca9321c57b0362cceb7948ffbd","name":"michael.merz","image":{"@type":"ImageObject","inLanguage":"de","@id":"https:\/\/secure.gravatar.com\/avatar\/?s=96&d=mm&r=g","url":"https:\/\/secure.gravatar.com\/avatar\/?s=96&d=mm&r=g","contentUrl":"https:\/\/secure.gravatar.com\/avatar\/?s=96&d=mm&r=g","caption":"michael.merz"},"url":"https:\/\/www.organisator.ch\/de\/author\/michael-merz\/"}]}},"_links":{"self":[{"href":"https:\/\/www.organisator.ch\/de\/wp-json\/wp\/v2\/posts\/10092","targetHints":{"allow":["GET"]}}],"collection":[{"href":"https:\/\/www.organisator.ch\/de\/wp-json\/wp\/v2\/posts"}],"about":[{"href":"https:\/\/www.organisator.ch\/de\/wp-json\/wp\/v2\/types\/post"}],"author":[{"embeddable":true,"href":"https:\/\/www.organisator.ch\/de\/wp-json\/wp\/v2\/users\/5"}],"replies":[{"embeddable":true,"href":"https:\/\/www.organisator.ch\/de\/wp-json\/wp\/v2\/comments?post=10092"}],"version-history":[{"count":1,"href":"https:\/\/www.organisator.ch\/de\/wp-json\/wp\/v2\/posts\/10092\/revisions"}],"predecessor-version":[{"id":10896,"href":"https:\/\/www.organisator.ch\/de\/wp-json\/wp\/v2\/posts\/10092\/revisions\/10896"}],"wp:featuredmedia":[{"embeddable":true,"href":"https:\/\/www.organisator.ch\/de\/wp-json\/wp\/v2\/media\/9620"}],"wp:attachment":[{"href":"https:\/\/www.organisator.ch\/de\/wp-json\/wp\/v2\/media?parent=10092"}],"wp:term":[{"taxonomy":"category","embeddable":true,"href":"https:\/\/www.organisator.ch\/de\/wp-json\/wp\/v2\/categories?post=10092"},{"taxonomy":"post_tag","embeddable":true,"href":"https:\/\/www.organisator.ch\/de\/wp-json\/wp\/v2\/tags?post=10092"}],"curies":[{"name":"wp","href":"https:\/\/api.w.org\/{rel}","templated":true}]}}