{"id":10093,"date":"2019-07-03T14:47:09","date_gmt":"2019-07-03T12:47:09","guid":{"rendered":"https:\/\/www.umweltperspektiven.ch\/?p=2252"},"modified":"2022-02-09T11:10:06","modified_gmt":"2022-02-09T10:10:06","slug":"vorschau-zum-jubilaeumsanlass-von-forum-oe-2019","status":"publish","type":"post","link":"https:\/\/www.organisator.ch\/de\/sustainability\/2019-07-03\/vorschau-zum-jubilaeumsanlass-von-forum-oe-2019\/","title":{"rendered":"Vorschau zum Jubil\u00e4umsanlass vom Forum \u00f6 2019"},"content":{"rendered":"<section class=\"obu-section-text\">\n<div class=\"obu-txt\">\n<figure id=\"attachment_2281\" aria-describedby=\"caption-attachment-2281\" style=\"width: 680px\" class=\"wp-caption alignnone\"><img loading=\"lazy\" decoding=\"async\" class=\"wp-image-2281 size-medium\" src=\"\/\/www.umweltperspektiven.ch\/wp-content\/uploads\/2019\/07\/DSCF1498.jpg\" alt=\"\" width=\"680\" height=\"454\" srcset=\"https:\/\/www.organisator.ch\/wp-content\/uploads\/2019\/07\/DSCF1498.jpg 1000w, https:\/\/www.organisator.ch\/wp-content\/uploads\/2019\/07\/DSCF1498-680x454.jpg 680w, https:\/\/www.organisator.ch\/wp-content\/uploads\/2019\/07\/DSCF1498-768x512.jpg 768w, https:\/\/www.organisator.ch\/wp-content\/uploads\/2019\/07\/DSCF1498-18x12.jpg 18w, https:\/\/www.organisator.ch\/wp-content\/uploads\/2019\/07\/DSCF1498-262x175.jpg 262w, https:\/\/www.organisator.ch\/wp-content\/uploads\/2019\/07\/DSCF1498-525x350.jpg 525w, https:\/\/www.organisator.ch\/wp-content\/uploads\/2019\/07\/DSCF1498-920x614.jpg 920w, https:\/\/www.organisator.ch\/wp-content\/uploads\/2019\/07\/DSCF1498-300x200.jpg 300w\" sizes=\"auto, (max-width: 680px) 100vw, 680px\" \/><figcaption id=\"caption-attachment-2281\" class=\"wp-caption-text\">Am Forum \u00f6 gibt es immer wieder Gespr\u00e4chstoff und Kontroversen, was das Thema Umwelt in der Wirtschaft, aber auch Leuchtturmprojekte anbetrifft. (Bild: Michael Vanek)<\/figcaption><\/figure>\n<p>Forum \u00f6 feiert 2019 sein 30-j\u00e4hriges Bestehen. &#8222;Grund zum Feiern &#8211; und f\u00fcr einen R\u00fcckblick. Genauso wie f\u00fcr einen Blick in die Zukunft&#8220;, heisst es auf der Site von unserem Medienpartner \u00f6bu. Die Welt dreht sich immer schneller. Die Gr\u00e4ben werden tiefer in &#8222;einer Welt, die von Unsicherheiten allerorts gepr\u00e4gt ist. Zynische und verurteilende Stimmen haben in Zeiten dieser Gr\u00e4ben Hochkonjunktur. Negative Zukunftsbilder und Paralyse helfen uns aber nicht, die dringend n\u00f6tige unternehmerische Zukunftsf\u00e4higkeit in der Schweiz zu gestalten.<\/p>\n<p>Inzwischen haben jedoch Schweizer Macher und Macherinnen, darunter auch viele Politiker erkannt, dass die einst divergenten Bereiche Umwelt und Wirtschaft durchaus gute Partner darstellen. Das Forum \u00f6 2019 bietet Raum, Impulse und Reflexionen zum nachhaltigen und unternehmerischen Handeln. Es bringt eine Gemeinschaft von Menschen zusammen, um Chancen f\u00fcr Menschen und Unternehmen aufzuzeigen &#8211; jenseits von Gr\u00e4ben und \u00c4ngsten.<\/p>\n<p>Es ist h\u00f6chste Zeit mutig Br\u00fccken zu bauen und ins Tun zu kommen. Zwischen \u00f6bu-Mitgliedern und dar\u00fcber hinaus.<\/p>\n<\/div>\n<\/section>\n<section class=\"obu-section-text\">\n<p class=\"title-2\"><strong>Erste Details zum Programm<\/strong><\/p>\n<div class=\"obu-txt\">\n<p>Es erwarten Sie u.a. spannende Keynotes, Talks und Podiumsdiskussionen sowie inspirierende &#8222;Break-out&#8220;-Sessions von und mit\u00a0Experten und Expertinnen von\u00a0die Mobiliar, Eberhard Unternehmungen, Swisscom, sustainserv, collaboratio helvetica, engageability u.v.m.<\/p>\n<p>\u00f6bu steht derzeit noch in Kontakt mit vielen europ\u00e4ischen Quer- und Vordenkern &#8211; daher wird\u00a0 die Liste der teilnehmenden Personen und Organisationen noch erweitert.<\/p>\n<p><strong class=\"editorial_t_strong\">Mehr Details folgen in K\u00fcrze.<\/strong><\/p>\n<\/div>\n<\/section>\n<section class=\"obu-section-text\">\n<p class=\"title-2\"><strong>Der Jubil\u00e4umsanlass<\/strong><\/p>\n<div class=\"obu-txt\">\n<p>Findet im Gottlieb Duttweiler Institut in R\u00fcschlikon statt.<\/p>\n<\/div>\n<\/section>\n<section class=\"obu-section-text\">\n<p class=\"title-2\"><strong>Teilnahmegeb\u00fchren<\/strong><\/p>\n<div class=\"obu-txt\">\n<ul>\n<li>\u00f6bu-Mitgliedertarif: 345.00 CHF<\/li>\n<li>Nichtmitgliedertarif:\u00a0645.00 CHF<\/li>\n<\/ul>\n<p style=\"line-height: 15.0pt; vertical-align: baseline; margin: 0cm 0cm 18.75pt 0cm;\"><span style=\"font-size: 9.0pt; font-family: 'Arial','sans-serif'; color: #46463c;\">(Die Geb\u00fchren sind exklusive 7,7 % MWST)<\/span><\/p>\n<\/div>\n<\/section>\n<p><a href=\"\/\/en.xing-events.com\/forumoe19.html\">Anmeldung und Details\u00a0<\/a><\/p>\n<p>&nbsp;<\/p>\n<section class=\"obu-section-text\"><a href=\"\/\/www.oebu.ch\/de\/news\/aktuelle-news\/forum-oe-2018-3-fragen-an-sunnie-j-groeneveld-3599.html\">Forum \u00f6 2018: Drei Fragen an\u00a0Sunnie J. Groeneveld (Moderatorin des Forum \u00f6 2018)\u00a0<\/a><\/section>\n","protected":false},"excerpt":{"rendered":"<p>Forum \u00f6 feiert 2019 sein 30-j\u00e4hriges Bestehen. &#8222;Grund zum Feiern &#8211; und f\u00fcr einen R\u00fcckblick. Genauso wie f\u00fcr einen Blick in die Zukunft&#8220;, heisst es auf der Site von unserem Medienpartner \u00f6bu. Die Welt dreht sich immer schneller. Die Gr\u00e4ben werden tiefer in &#8222;einer Welt, die von Unsicherheiten allerorts gepr\u00e4gt ist. Zynische und verurteilende Stimmen [&hellip;]<\/p>\n","protected":false},"author":5,"featured_media":2281,"comment_status":"open","ping_status":"open","sticky":false,"template":"","format":"standard","meta":{"_acf_changed":false,"_yoast_wpseo_focuskw":"Forum \u00f6","_yoast_wpseo_metadesc":"Forum \u00f6 feiert 2019 sein 30-j\u00e4hriges Bestehen. Das diesj\u00e4hrige Thema dreht sich um die \"Unternehmerische Zukunftsf\u00e4higkeit\" und \"Menschen als Br\u00fcckenbauer\".","articlekey":"","footnotes":""},"categories":[580],"tags":[292,358,424],"class_list":["post-10093","post","type-post","status-publish","format-standard","has-post-thumbnail","hentry","category-sustainability","tag-jubilaeum","tag-nachhaltige-wirtschaft","tag-schweiz"],"acf":[],"yoast_head":"<!-- This site is optimized with the Yoast SEO plugin v27.5 - https:\/\/yoast.com\/product\/yoast-seo-wordpress\/ -->\n<title>Vorschau zum Jubil\u00e4umsanlass vom Forum \u00f6 2019 - Organisator<\/title>\n<meta name=\"description\" content=\"Forum \u00f6 feiert 2019 sein 30-j\u00e4hriges Bestehen. Das diesj\u00e4hrige Thema dreht sich um die &quot;Unternehmerische Zukunftsf\u00e4higkeit&quot; und &quot;Menschen als Br\u00fcckenbauer&quot;.\" \/>\n<meta name=\"robots\" content=\"index, follow, max-snippet:-1, max-image-preview:large, max-video-preview:-1\" \/>\n<link rel=\"canonical\" href=\"https:\/\/www.organisator.ch\/de\/sustainability\/2019-07-03\/vorschau-zum-jubilaeumsanlass-von-forum-oe-2019\/\" \/>\n<meta property=\"og:locale\" content=\"de_DE\" \/>\n<meta property=\"og:type\" content=\"article\" \/>\n<meta property=\"og:title\" content=\"Vorschau zum Jubil\u00e4umsanlass vom Forum \u00f6 2019 - Organisator\" \/>\n<meta property=\"og:description\" content=\"Forum \u00f6 feiert 2019 sein 30-j\u00e4hriges Bestehen. Das diesj\u00e4hrige Thema dreht sich um die &quot;Unternehmerische Zukunftsf\u00e4higkeit&quot; und &quot;Menschen als Br\u00fcckenbauer&quot;.\" \/>\n<meta property=\"og:url\" content=\"https:\/\/www.organisator.ch\/de\/sustainability\/2019-07-03\/vorschau-zum-jubilaeumsanlass-von-forum-oe-2019\/\" \/>\n<meta property=\"og:site_name\" content=\"Organisator\" \/>\n<meta property=\"article:publisher\" content=\"https:\/\/www.facebook.com\/OrganisatorFachmagazin\" \/>\n<meta property=\"article:published_time\" content=\"2019-07-03T12:47:09+00:00\" \/>\n<meta property=\"article:modified_time\" content=\"2022-02-09T10:10:06+00:00\" \/>\n<meta property=\"og:image\" content=\"https:\/\/www.organisator.ch\/wp-content\/uploads\/2019\/07\/DSCF1498.jpg\" \/>\n\t<meta property=\"og:image:width\" content=\"1000\" \/>\n\t<meta property=\"og:image:height\" content=\"667\" \/>\n\t<meta property=\"og:image:type\" content=\"image\/jpeg\" \/>\n<meta name=\"author\" content=\"michael.merz\" \/>\n<meta name=\"twitter:card\" content=\"summary_large_image\" \/>\n<script type=\"application\/ld+json\" class=\"yoast-schema-graph\">{\"@context\":\"https:\\\/\\\/schema.org\",\"@graph\":[{\"@type\":\"Article\",\"@id\":\"https:\\\/\\\/www.organisator.ch\\\/sustainability\\\/2019-07-03\\\/vorschau-zum-jubilaeumsanlass-von-forum-oe-2019\\\/#article\",\"isPartOf\":{\"@id\":\"https:\\\/\\\/www.organisator.ch\\\/sustainability\\\/2019-07-03\\\/vorschau-zum-jubilaeumsanlass-von-forum-oe-2019\\\/\"},\"author\":{\"name\":\"michael.merz\",\"@id\":\"https:\\\/\\\/www.organisator.ch\\\/#\\\/schema\\\/person\\\/134708ca9321c57b0362cceb7948ffbd\"},\"headline\":\"Vorschau zum Jubil\u00e4umsanlass vom Forum \u00f6 2019\",\"datePublished\":\"2019-07-03T12:47:09+00:00\",\"dateModified\":\"2022-02-09T10:10:06+00:00\",\"mainEntityOfPage\":{\"@id\":\"https:\\\/\\\/www.organisator.ch\\\/sustainability\\\/2019-07-03\\\/vorschau-zum-jubilaeumsanlass-von-forum-oe-2019\\\/\"},\"wordCount\":308,\"commentCount\":0,\"publisher\":{\"@id\":\"https:\\\/\\\/www.organisator.ch\\\/#organization\"},\"image\":{\"@id\":\"https:\\\/\\\/www.organisator.ch\\\/sustainability\\\/2019-07-03\\\/vorschau-zum-jubilaeumsanlass-von-forum-oe-2019\\\/#primaryimage\"},\"thumbnailUrl\":\"https:\\\/\\\/www.organisator.ch\\\/wp-content\\\/uploads\\\/2019\\\/07\\\/DSCF1498.jpg\",\"keywords\":[\"Jubil\u00e4um\",\"Nachhaltige Wirtschaft\",\"Schweiz\"],\"articleSection\":[\"SUSTAINABILITY\"],\"inLanguage\":\"de\"},{\"@type\":\"WebPage\",\"@id\":\"https:\\\/\\\/www.organisator.ch\\\/sustainability\\\/2019-07-03\\\/vorschau-zum-jubilaeumsanlass-von-forum-oe-2019\\\/\",\"url\":\"https:\\\/\\\/www.organisator.ch\\\/sustainability\\\/2019-07-03\\\/vorschau-zum-jubilaeumsanlass-von-forum-oe-2019\\\/\",\"name\":\"Vorschau zum Jubil\u00e4umsanlass vom Forum \u00f6 2019 - Organisator\",\"isPartOf\":{\"@id\":\"https:\\\/\\\/www.organisator.ch\\\/#website\"},\"primaryImageOfPage\":{\"@id\":\"https:\\\/\\\/www.organisator.ch\\\/sustainability\\\/2019-07-03\\\/vorschau-zum-jubilaeumsanlass-von-forum-oe-2019\\\/#primaryimage\"},\"image\":{\"@id\":\"https:\\\/\\\/www.organisator.ch\\\/sustainability\\\/2019-07-03\\\/vorschau-zum-jubilaeumsanlass-von-forum-oe-2019\\\/#primaryimage\"},\"thumbnailUrl\":\"https:\\\/\\\/www.organisator.ch\\\/wp-content\\\/uploads\\\/2019\\\/07\\\/DSCF1498.jpg\",\"datePublished\":\"2019-07-03T12:47:09+00:00\",\"dateModified\":\"2022-02-09T10:10:06+00:00\",\"description\":\"Forum \u00f6 feiert 2019 sein 30-j\u00e4hriges Bestehen. Das diesj\u00e4hrige Thema dreht sich um die \\\"Unternehmerische Zukunftsf\u00e4higkeit\\\" und \\\"Menschen als Br\u00fcckenbauer\\\".\",\"breadcrumb\":{\"@id\":\"https:\\\/\\\/www.organisator.ch\\\/sustainability\\\/2019-07-03\\\/vorschau-zum-jubilaeumsanlass-von-forum-oe-2019\\\/#breadcrumb\"},\"inLanguage\":\"de\",\"potentialAction\":[{\"@type\":\"ReadAction\",\"target\":[\"https:\\\/\\\/www.organisator.ch\\\/sustainability\\\/2019-07-03\\\/vorschau-zum-jubilaeumsanlass-von-forum-oe-2019\\\/\"]}]},{\"@type\":\"ImageObject\",\"inLanguage\":\"de\",\"@id\":\"https:\\\/\\\/www.organisator.ch\\\/sustainability\\\/2019-07-03\\\/vorschau-zum-jubilaeumsanlass-von-forum-oe-2019\\\/#primaryimage\",\"url\":\"https:\\\/\\\/www.organisator.ch\\\/wp-content\\\/uploads\\\/2019\\\/07\\\/DSCF1498.jpg\",\"contentUrl\":\"https:\\\/\\\/www.organisator.ch\\\/wp-content\\\/uploads\\\/2019\\\/07\\\/DSCF1498.jpg\",\"width\":1000,\"height\":667,\"caption\":\"Am Forum \u00f6 gibt es immer wieder Gespr\u00e4chstoff und Kontroversen, was das Thema Umwelt in der Wirtschaft, aber auch Leuchtturmprojekte anbetrifft. (Bild: Michael Vanek)\"},{\"@type\":\"BreadcrumbList\",\"@id\":\"https:\\\/\\\/www.organisator.ch\\\/sustainability\\\/2019-07-03\\\/vorschau-zum-jubilaeumsanlass-von-forum-oe-2019\\\/#breadcrumb\",\"itemListElement\":[{\"@type\":\"ListItem\",\"position\":1,\"name\":\"Home\",\"item\":\"https:\\\/\\\/www.organisator.ch\\\/\"},{\"@type\":\"ListItem\",\"position\":2,\"name\":\"Vorschau zum Jubil\u00e4umsanlass vom Forum \u00f6 2019\"}]},{\"@type\":\"WebSite\",\"@id\":\"https:\\\/\\\/www.organisator.ch\\\/#website\",\"url\":\"https:\\\/\\\/www.organisator.ch\\\/\",\"name\":\"Organisator\",\"description\":\"Kompetent. Praxisnah. Der ORGANISATOR bereitet in 10 Ausgaben pro Jahr die wesentlichen Themen f\u00fcr F\u00fchrungskr\u00e4fte von KMU auf.\",\"publisher\":{\"@id\":\"https:\\\/\\\/www.organisator.ch\\\/#organization\"},\"potentialAction\":[{\"@type\":\"SearchAction\",\"target\":{\"@type\":\"EntryPoint\",\"urlTemplate\":\"https:\\\/\\\/www.organisator.ch\\\/?s={search_term_string}\"},\"query-input\":{\"@type\":\"PropertyValueSpecification\",\"valueRequired\":true,\"valueName\":\"search_term_string\"}}],\"inLanguage\":\"de\"},{\"@type\":\"Organization\",\"@id\":\"https:\\\/\\\/www.organisator.ch\\\/#organization\",\"name\":\"Organisator\",\"url\":\"https:\\\/\\\/www.organisator.ch\\\/\",\"logo\":{\"@type\":\"ImageObject\",\"inLanguage\":\"de\",\"@id\":\"https:\\\/\\\/www.organisator.ch\\\/#\\\/schema\\\/logo\\\/image\\\/\",\"url\":\"https:\\\/\\\/www.organisator.ch\\\/wp-content\\\/uploads\\\/2022\\\/01\\\/Logo_Organisator_Website.png\",\"contentUrl\":\"https:\\\/\\\/www.organisator.ch\\\/wp-content\\\/uploads\\\/2022\\\/01\\\/Logo_Organisator_Website.png\",\"width\":800,\"height\":77,\"caption\":\"Organisator\"},\"image\":{\"@id\":\"https:\\\/\\\/www.organisator.ch\\\/#\\\/schema\\\/logo\\\/image\\\/\"},\"sameAs\":[\"https:\\\/\\\/www.facebook.com\\\/OrganisatorFachmagazin\",\"https:\\\/\\\/www.linkedin.com\\\/showcase\\\/organisator-das-magazin-fr-kmu\",\"https:\\\/\\\/www.xing.com\\\/news\\\/pages\\\/organisator-ch-695\",\"https:\\\/\\\/www.youtube.com\\\/channel\\\/UCGP2Sq0iWaZwT3BdIAQFYpw\"]},{\"@type\":\"Person\",\"@id\":\"https:\\\/\\\/www.organisator.ch\\\/#\\\/schema\\\/person\\\/134708ca9321c57b0362cceb7948ffbd\",\"name\":\"michael.merz\",\"image\":{\"@type\":\"ImageObject\",\"inLanguage\":\"de\",\"@id\":\"https:\\\/\\\/secure.gravatar.com\\\/avatar\\\/?s=96&d=mm&r=g\",\"url\":\"https:\\\/\\\/secure.gravatar.com\\\/avatar\\\/?s=96&d=mm&r=g\",\"contentUrl\":\"https:\\\/\\\/secure.gravatar.com\\\/avatar\\\/?s=96&d=mm&r=g\",\"caption\":\"michael.merz\"},\"url\":\"https:\\\/\\\/www.organisator.ch\\\/de\\\/author\\\/michael-merz\\\/\"}]}<\/script>\n<!-- \/ Yoast SEO plugin. -->","yoast_head_json":{"title":"Vorschau zum Jubil\u00e4umsanlass vom Forum \u00f6 2019 - Organisator","description":"Forum \u00f6 feiert 2019 sein 30-j\u00e4hriges Bestehen. Das diesj\u00e4hrige Thema dreht sich um die \"Unternehmerische Zukunftsf\u00e4higkeit\" und \"Menschen als Br\u00fcckenbauer\".","robots":{"index":"index","follow":"follow","max-snippet":"max-snippet:-1","max-image-preview":"max-image-preview:large","max-video-preview":"max-video-preview:-1"},"canonical":"https:\/\/www.organisator.ch\/de\/sustainability\/2019-07-03\/vorschau-zum-jubilaeumsanlass-von-forum-oe-2019\/","og_locale":"de_DE","og_type":"article","og_title":"Vorschau zum Jubil\u00e4umsanlass vom Forum \u00f6 2019 - Organisator","og_description":"Forum \u00f6 feiert 2019 sein 30-j\u00e4hriges Bestehen. Das diesj\u00e4hrige Thema dreht sich um die \"Unternehmerische Zukunftsf\u00e4higkeit\" und \"Menschen als Br\u00fcckenbauer\".","og_url":"https:\/\/www.organisator.ch\/de\/sustainability\/2019-07-03\/vorschau-zum-jubilaeumsanlass-von-forum-oe-2019\/","og_site_name":"Organisator","article_publisher":"https:\/\/www.facebook.com\/OrganisatorFachmagazin","article_published_time":"2019-07-03T12:47:09+00:00","article_modified_time":"2022-02-09T10:10:06+00:00","og_image":[{"width":1000,"height":667,"url":"https:\/\/www.organisator.ch\/wp-content\/uploads\/2019\/07\/DSCF1498.jpg","type":"image\/jpeg"}],"author":"michael.merz","twitter_card":"summary_large_image","schema":{"@context":"https:\/\/schema.org","@graph":[{"@type":"Article","@id":"https:\/\/www.organisator.ch\/sustainability\/2019-07-03\/vorschau-zum-jubilaeumsanlass-von-forum-oe-2019\/#article","isPartOf":{"@id":"https:\/\/www.organisator.ch\/sustainability\/2019-07-03\/vorschau-zum-jubilaeumsanlass-von-forum-oe-2019\/"},"author":{"name":"michael.merz","@id":"https:\/\/www.organisator.ch\/#\/schema\/person\/134708ca9321c57b0362cceb7948ffbd"},"headline":"Vorschau zum Jubil\u00e4umsanlass vom Forum \u00f6 2019","datePublished":"2019-07-03T12:47:09+00:00","dateModified":"2022-02-09T10:10:06+00:00","mainEntityOfPage":{"@id":"https:\/\/www.organisator.ch\/sustainability\/2019-07-03\/vorschau-zum-jubilaeumsanlass-von-forum-oe-2019\/"},"wordCount":308,"commentCount":0,"publisher":{"@id":"https:\/\/www.organisator.ch\/#organization"},"image":{"@id":"https:\/\/www.organisator.ch\/sustainability\/2019-07-03\/vorschau-zum-jubilaeumsanlass-von-forum-oe-2019\/#primaryimage"},"thumbnailUrl":"https:\/\/www.organisator.ch\/wp-content\/uploads\/2019\/07\/DSCF1498.jpg","keywords":["Jubil\u00e4um","Nachhaltige Wirtschaft","Schweiz"],"articleSection":["SUSTAINABILITY"],"inLanguage":"de"},{"@type":"WebPage","@id":"https:\/\/www.organisator.ch\/sustainability\/2019-07-03\/vorschau-zum-jubilaeumsanlass-von-forum-oe-2019\/","url":"https:\/\/www.organisator.ch\/sustainability\/2019-07-03\/vorschau-zum-jubilaeumsanlass-von-forum-oe-2019\/","name":"Vorschau zum Jubil\u00e4umsanlass vom Forum \u00f6 2019 - Organisator","isPartOf":{"@id":"https:\/\/www.organisator.ch\/#website"},"primaryImageOfPage":{"@id":"https:\/\/www.organisator.ch\/sustainability\/2019-07-03\/vorschau-zum-jubilaeumsanlass-von-forum-oe-2019\/#primaryimage"},"image":{"@id":"https:\/\/www.organisator.ch\/sustainability\/2019-07-03\/vorschau-zum-jubilaeumsanlass-von-forum-oe-2019\/#primaryimage"},"thumbnailUrl":"https:\/\/www.organisator.ch\/wp-content\/uploads\/2019\/07\/DSCF1498.jpg","datePublished":"2019-07-03T12:47:09+00:00","dateModified":"2022-02-09T10:10:06+00:00","description":"Forum \u00f6 feiert 2019 sein 30-j\u00e4hriges Bestehen. Das diesj\u00e4hrige Thema dreht sich um die \"Unternehmerische Zukunftsf\u00e4higkeit\" und \"Menschen als Br\u00fcckenbauer\".","breadcrumb":{"@id":"https:\/\/www.organisator.ch\/sustainability\/2019-07-03\/vorschau-zum-jubilaeumsanlass-von-forum-oe-2019\/#breadcrumb"},"inLanguage":"de","potentialAction":[{"@type":"ReadAction","target":["https:\/\/www.organisator.ch\/sustainability\/2019-07-03\/vorschau-zum-jubilaeumsanlass-von-forum-oe-2019\/"]}]},{"@type":"ImageObject","inLanguage":"de","@id":"https:\/\/www.organisator.ch\/sustainability\/2019-07-03\/vorschau-zum-jubilaeumsanlass-von-forum-oe-2019\/#primaryimage","url":"https:\/\/www.organisator.ch\/wp-content\/uploads\/2019\/07\/DSCF1498.jpg","contentUrl":"https:\/\/www.organisator.ch\/wp-content\/uploads\/2019\/07\/DSCF1498.jpg","width":1000,"height":667,"caption":"Am Forum \u00f6 gibt es immer wieder Gespr\u00e4chstoff und Kontroversen, was das Thema Umwelt in der Wirtschaft, aber auch Leuchtturmprojekte anbetrifft. (Bild: Michael Vanek)"},{"@type":"BreadcrumbList","@id":"https:\/\/www.organisator.ch\/sustainability\/2019-07-03\/vorschau-zum-jubilaeumsanlass-von-forum-oe-2019\/#breadcrumb","itemListElement":[{"@type":"ListItem","position":1,"name":"Home","item":"https:\/\/www.organisator.ch\/"},{"@type":"ListItem","position":2,"name":"Vorschau zum Jubil\u00e4umsanlass vom Forum \u00f6 2019"}]},{"@type":"WebSite","@id":"https:\/\/www.organisator.ch\/#website","url":"https:\/\/www.organisator.ch\/","name":"Organisator","description":"Kompetent. Praxisnah. Der ORGANISATOR bereitet in 10 Ausgaben pro Jahr die wesentlichen Themen f\u00fcr F\u00fchrungskr\u00e4fte von KMU auf.","publisher":{"@id":"https:\/\/www.organisator.ch\/#organization"},"potentialAction":[{"@type":"SearchAction","target":{"@type":"EntryPoint","urlTemplate":"https:\/\/www.organisator.ch\/?s={search_term_string}"},"query-input":{"@type":"PropertyValueSpecification","valueRequired":true,"valueName":"search_term_string"}}],"inLanguage":"de"},{"@type":"Organization","@id":"https:\/\/www.organisator.ch\/#organization","name":"Organisator","url":"https:\/\/www.organisator.ch\/","logo":{"@type":"ImageObject","inLanguage":"de","@id":"https:\/\/www.organisator.ch\/#\/schema\/logo\/image\/","url":"https:\/\/www.organisator.ch\/wp-content\/uploads\/2022\/01\/Logo_Organisator_Website.png","contentUrl":"https:\/\/www.organisator.ch\/wp-content\/uploads\/2022\/01\/Logo_Organisator_Website.png","width":800,"height":77,"caption":"Organisator"},"image":{"@id":"https:\/\/www.organisator.ch\/#\/schema\/logo\/image\/"},"sameAs":["https:\/\/www.facebook.com\/OrganisatorFachmagazin","https:\/\/www.linkedin.com\/showcase\/organisator-das-magazin-fr-kmu","https:\/\/www.xing.com\/news\/pages\/organisator-ch-695","https:\/\/www.youtube.com\/channel\/UCGP2Sq0iWaZwT3BdIAQFYpw"]},{"@type":"Person","@id":"https:\/\/www.organisator.ch\/#\/schema\/person\/134708ca9321c57b0362cceb7948ffbd","name":"michael.merz","image":{"@type":"ImageObject","inLanguage":"de","@id":"https:\/\/secure.gravatar.com\/avatar\/?s=96&d=mm&r=g","url":"https:\/\/secure.gravatar.com\/avatar\/?s=96&d=mm&r=g","contentUrl":"https:\/\/secure.gravatar.com\/avatar\/?s=96&d=mm&r=g","caption":"michael.merz"},"url":"https:\/\/www.organisator.ch\/de\/author\/michael-merz\/"}]}},"_links":{"self":[{"href":"https:\/\/www.organisator.ch\/de\/wp-json\/wp\/v2\/posts\/10093","targetHints":{"allow":["GET"]}}],"collection":[{"href":"https:\/\/www.organisator.ch\/de\/wp-json\/wp\/v2\/posts"}],"about":[{"href":"https:\/\/www.organisator.ch\/de\/wp-json\/wp\/v2\/types\/post"}],"author":[{"embeddable":true,"href":"https:\/\/www.organisator.ch\/de\/wp-json\/wp\/v2\/users\/5"}],"replies":[{"embeddable":true,"href":"https:\/\/www.organisator.ch\/de\/wp-json\/wp\/v2\/comments?post=10093"}],"version-history":[{"count":1,"href":"https:\/\/www.organisator.ch\/de\/wp-json\/wp\/v2\/posts\/10093\/revisions"}],"predecessor-version":[{"id":10895,"href":"https:\/\/www.organisator.ch\/de\/wp-json\/wp\/v2\/posts\/10093\/revisions\/10895"}],"wp:featuredmedia":[{"embeddable":true,"href":"https:\/\/www.organisator.ch\/de\/wp-json\/wp\/v2\/media\/2281"}],"wp:attachment":[{"href":"https:\/\/www.organisator.ch\/de\/wp-json\/wp\/v2\/media?parent=10093"}],"wp:term":[{"taxonomy":"category","embeddable":true,"href":"https:\/\/www.organisator.ch\/de\/wp-json\/wp\/v2\/categories?post=10093"},{"taxonomy":"post_tag","embeddable":true,"href":"https:\/\/www.organisator.ch\/de\/wp-json\/wp\/v2\/tags?post=10093"}],"curies":[{"name":"wp","href":"https:\/\/api.w.org\/{rel}","templated":true}]}}