{"id":10100,"date":"2019-07-23T14:21:50","date_gmt":"2019-07-23T12:21:50","guid":{"rendered":"https:\/\/www.umweltperspektiven.ch\/?p=2316"},"modified":"2022-02-09T11:10:05","modified_gmt":"2022-02-09T10:10:05","slug":"neugrgruendete-gemeindeplattform-ermoeglicht-flexibles-schaffen","status":"publish","type":"post","link":"https:\/\/www.organisator.ch\/de\/sustainability\/2019-07-23\/neugrgruendete-gemeindeplattform-ermoeglicht-flexibles-schaffen\/","title":{"rendered":"Neugegr\u00fcndete Gemeindeplattform erm\u00f6glicht flexibles Schaffen"},"content":{"rendered":"<div class=\"rich-text\">\n<div class=\"l-block l-block--gutter l-block--row-small l-block--text l-block--spacing l-block--center\">\n<div class=\"rich-text\">\n<figure id=\"attachment_2317\" aria-describedby=\"caption-attachment-2317\" style=\"width: 680px\" class=\"wp-caption alignnone\"><img loading=\"lazy\" decoding=\"async\" class=\"size-medium wp-image-2317\" src=\"\/\/www.umweltperspektiven.ch\/wp-content\/uploads\/2019\/07\/pendler-bahnhof-anna-dziubinska-348-unsplash.jpg\" alt=\"\" width=\"680\" height=\"455\" \/><figcaption id=\"caption-attachment-2317\" class=\"wp-caption-text\">Arbeitnehmer nehmen t\u00e4glich einen langen Weg auf sich, um zur Arbeit zu gelangen. Koordinierte Angebote von Co-Working Orten k\u00f6nnten auch in Gemeinden abhilfe schaffen. (Symbolbild: Unsplash)<\/figcaption><\/figure>\n<p>Auf der Gemeindeplattform zeigen wir f\u00fcr jede Gemeinde das Einsparungspotenzial, das eine Gemeinde mit der Er\u00f6ffnung und aktiven Nutzung eines VillageOffice Coworking Spaces erreichen kann. Ohne detaillierte Analyse vor Ort ist dieses Potenzial selbstverst\u00e4ndlich nur eine grobe statistische Ann\u00e4herung. Wir beziffern das statistische Einsparungspotenzial mit 20% und gehen dabei von folgenden Annahmen aus:<\/p>\n<ul>\n<li>Gem\u00e4ss der Studie <a href=\"\/\/www2.deloitte.com\/ch\/de\/pages\/consumer-business\/articles\/workplace-of-the-future.html\">Der Arbeitsplatz der Zukunft<\/a> von Deloitte konnten bereits 2016 die H\u00e4lfte aller Arbeitnehmer*innen ortsunabh\u00e4ngig arbeiten. Die Tendenz ist steigend.<\/li>\n<li>Wir gehen davon aus, dass diese Personen mittelfristig 2 von 5 Tagen am Wohnort arbeiten werden, sofern daf\u00fcr ein geeigneter Arbeitsplatz vorhanden ist(ein VillageOffice Coworking Space). Dadurch ist eine theoretische Reduktion von 40% m\u00f6glich (40% = 2 von 5 Tagen)<\/li>\n<\/ul>\n<p>Aus diesen beiden Angaben ergibt sich das Einsparungspotenzial von 20%: 50% der Arbeitnehmer*innen arbeiten ortsunabh\u00e4ngig, davon 40% Nutzungsgrad.<\/p>\n<\/div>\n<\/div>\n<div class=\"l-block l-block--gutter l-block--row-small l-block--text l-block--spacing l-block--center\">\n<h3>Fusionen<\/h3>\n<div class=\"rich-text\">\n<p>Die Pendlermatrix stammt aus dem Jahr 2014. Seither gab es Ver\u00e4nderungen in der schweizerischen Gemeindelandschaft. Die Grunddaten f\u00fcr die VillageOffice Gemeindeplattform stammen aus dem <a href=\"\/\/www.bfs.admin.ch\/bfs\/de\/home\/grundlagen\/agvch.html\">Amtlichen Gemeindeverzeichnis<\/a> des BFS. Wir f\u00fchren die Daten auf Basis dieses Verzeichnis einmal pro Jahr nach. Bei Gemeindefusionen addieren wir dabei die Daten der fusionierten Gemeinden aus der Pendlermatrix und weisen sie unter der neuen (fusionierten) Gemeinde aus.<\/p>\n<\/div>\n<\/div>\n<div class=\"l-block l-block--gutter l-block--row-small l-block--text l-block--spacing l-block--center\">\n<h3>Weiterentwicklung<\/h3>\n<div class=\"rich-text\">\n<p>Gem\u00e4ss Auskunft des BFS wird die Pendlermatrix mit den Daten per Stichtag 31.12.2018 aktualisiert. Die Ver\u00f6ffentlichung ist f\u00fcr das zweite Semester 2020 geplant. Sobald diese Daten vorliegen, werden wir die VillageOffice Gemeindeplattform entsprechend aktualisieren.<\/p>\n<p>Eine Pr\u00e4zisierung der Daten planen wir auch in Bezug auf den Modalsplit. Mit dem Modalsplit k\u00f6nnen die Pendlerkilometer in das eingesetzte Hauptverkehrsmittel aufgeteilt werden. Das BFS weist f\u00fcr die Pendlermobilit\u00e4t folgende Verkehrsmittel aus:<\/p>\n<ul>\n<li>Zu Fuss<\/li>\n<li>Velo<\/li>\n<li>Auto<\/li>\n<li>Motorisierte Zweir\u00e4der<\/li>\n<li>Bahn<\/li>\n<li>\u00d6ffentlicher Strassenverkehr<\/li>\n<li>\u00dcbrige Verkehrsmittel<\/li>\n<\/ul>\n<p>Zurzeit basiert unsere Berechnung der Strecke und des Zeitbedarfs auf dem Verkehrsmittel \u00abAuto\u00bb. K\u00fcnftig wollen wir die Berechnung anhand der bekannten Verkehrsmittel vornehmen.<\/p>\n<\/div>\n<\/div>\n<p>&nbsp;<\/p>\n<p>Die Schweiz hat wohl eines der besten Statistik\u00e4mter der Welt. Das Bundesamt f\u00fcr Statistik (BFS) hat \u00fcber die <a href=\"\/\/www.bfs.admin.ch\/bfs\/de\/home\/statistiken\/mobilitaet-verkehr\/personenverkehr\/pendlermobilitaet.html\">Pendlermobilit\u00e4t<\/a> ein umfassendes Dossier an Zahlen angelegt. In unregelm\u00e4ssigen Abst\u00e4nden erhebt das BFS auch die <a href=\"\/\/www.bfs.admin.ch\/bfs\/de\/home\/statistiken\/mobilitaet-verkehr\/personenverkehr\/pendlermobilitaet.assetdetail.8507273.html\">Pendlermatrix<\/a>, zuletzt im Jahr 2014. Diese Statistik ist eine Verkn\u00fcpfung von drei verschiedenen Datenquellen:<\/p>\n<ol>\n<li>Statistik der Bev\u00f6lkerung und der Haushalte (<a href=\"\/\/www.bfs.admin.ch\/bfs\/de\/home\/statistiken\/bevoelkerung\/erhebungen\/statpop.html\">STATPOP<\/a>): Enth\u00e4lt Meldungen der Gemeinde-Einwohnerregister<\/li>\n<li>Register der Alters- und Hinterlassenenversicherung (AHV-Register): Enth\u00e4lt Meldungen der AHV-Ausgleichskassen. Liefert die Unternehmen, in denen die Erwerbst\u00e4tigen arbeiten<\/li>\n<li>Unternehmensstatistik (<a href=\"\/\/www.bfs.admin.ch\/bfs\/de\/home\/statistiken\/industrie-dienstleistungen\/erhebungen\/statent.html\">STATENT<\/a>): Gibt Auskunft \u00fcber den Standort der verschiedenen Arbeitsst\u00e4tten der Unternehmen (Filialen, Niederlassungen usw.) und die Anzahl der dort arbeitenden Personen<\/li>\n<\/ol>\n<p>Das BFS beschreibt das Vorgehen f\u00fcr die Erhebung wie folgt:<\/p>\n<ul>\n<li>Zun\u00e4chst wurden auf Basis des AHV-Registers die Erwerbst\u00e4tigen definiert: Als Erwerbst\u00e4tige gelten Personen, die eine oder auch mehrere Besch\u00e4ftigungen mit einem AHV-pflichtigen Lohn (d. h. mindestens CHF 2\u2019300 pro Besch\u00e4ftigung und Jahr) aufweisen. Die Pendlermatrix ber\u00fccksichtigt dabei alle Personen, die im Dezember 2014 erwerbst\u00e4tig waren.<\/li>\n<li>Danach wurden mittels STATPOP die Wohngemeinden der Erwerbst\u00e4tigen identifiziert und mittels STATENT die Unternehmen, f\u00fcr die sie arbeiteten. Arbeitete eine Person f\u00fcr mehrere Unternehmen, wurde jenes Unternehmen als Arbeitgeber festgelegt, bei dem die erwerbst\u00e4tige Person den h\u00f6chsten Lohn bezog.<\/li>\n<li>Anschliessend wurden mittels STATENT die Arbeitsgemeinden all jener Erwerbst\u00e4tigen bestimmt, die in Einbetriebs-Unternehmen arbeiteten und deren Arbeitsort daher eindeutig eruiert werden konnte. Im Referenzjahr 2014 war dies bei rund der H\u00e4lfte der etwa 4 Millionen Erwerbst\u00e4tigen der Fall. Verf\u00fcgten die Erwerbst\u00e4tigen \u00fcber einen Zweitwohnsitz und befand sich dieser n\u00e4her an der Arbeitsst\u00e4tte als die eigentliche Wohngemeinde, so wurde der Zweitwohnsitz als \u00abWohngemeinde\u00bb eingesetzt.<\/li>\n<li>Die Erwerbst\u00e4tigen der Mehrbetriebs-Unternehmen (2 Millionen Personen im Jahr 2014) wurden mittels eines Optimierungsalgorithmus einer bestimmten Arbeitsst\u00e4tte des Unternehmens, f\u00fcr das sie arbeiteten, zugeteilt. Dabei wurde f\u00fcr jedes Unternehmen die Summe der Fahrzeit seiner Angestellten minimiert, dies unter Ber\u00fccksichtigung der Anzahl Besch\u00e4ftigter pro Arbeitsst\u00e4tte (bekannt aus STATENT). Da das Geschlecht der Erwerbst\u00e4tigen \u2013 auch auf Niveau der Arbeitsst\u00e4tten \u2013 bekannt war, arbeitete der Algorithmus geschlechtergetrennt, was die Genauigkeit der Zuteilung erh\u00f6hte.<\/li>\n<\/ul>\n<p>Diese Zahlen sind die Grundlage f\u00fcr die weiteren Berechnungen auf der VillageOffice Gemeindeplattform.<\/p>\n<\/div>\n<div class=\"l-block l-block--gutter l-block--row-small l-block--text l-block--spacing l-block--center\">\n<h3>Anzahl Pendler<\/h3>\n<div class=\"rich-text\">\n<p>Die Anzahl Pendler pro Gemeinde stammt aus der Pendlermatrix und gibt die Summe aller Wegpendler an. Das heisst Personen, die in der Gemeinde wohnen, aber ausserhalb der Gemeinde arbeiten. Es handelt sich um das Blatt \u00abSicht Wohngemeinde\u00bb in der Pendlermatrix. Sogenannte \u00abBinnenpendler\u00bb (Wohngemeinde = Arbeitsgemeinde) werden ausgeklammert.<\/p>\n<\/div>\n<\/div>\n<div class=\"l-block l-block--gutter l-block--row-small l-block--text l-block--spacing l-block--center\">\n<h3>Anzahl Kilometer<\/h3>\n<div class=\"rich-text\">\n<p>Auf Basis der Anzahl Pendler hat VillageOffice die zur\u00fcckgelegte Strecken approximativ berechnet. Daf\u00fcr haben wir die Strecke mit dem Verkehrsmittel \u00abAuto\u00bb \u00fcber das <a href=\"\/\/developers.google.com\/maps\/documentation\/distance-matrix\/start\">Google Distance API<\/a> f\u00fcr jede Kombination Wohn- und Arbeitsort berechnet und mit der jeweiligen Anzahl Pendler multipliziert. Wir haben vor, diese Berechnung k\u00fcnftig zu verbessern, indem wir den durchschnittlichen Modalsplit verwenden.<\/p>\n<p>Das BFS weist aufgrund des Datenschutzes nur Pendlerstr\u00f6me mit mehr als 5 Personen aus. Deshalb fasst das Bundesamt gewisse Pendlerstr\u00f6me unter der fiktiven Gemeindenummer 7777 (Andere Gemeinden) zusammen. Wenn das BFS den Kanton angibt, werten wir diese Pendlerstr\u00f6me unter Annahme des Kantonshauptortes aus. Wenn auch der Kanton fehlt (Kantonsk\u00fcrzel = ZZ), dann ignorieren wir diese Pendlerstr\u00f6me bei unserer Berechnung. Daraus ergibt sich auch eine kleine Differenz zwischen der Summe aller Gemeindezahlen und der nationalen Pendlerstatistik.<\/p>\n<\/div>\n<\/div>\n<div class=\"l-block l-block--gutter l-block--row-small l-block--text l-block--spacing l-block--center\">\n<h3>Kosten<\/h3>\n<div class=\"rich-text\">\n<p>Die Berechnung der Kosten basiert auf dem gleichen Verfahren wie die Berechnung der Anzahl Kilometer. Die via <a href=\"\/\/developers.google.com\/maps\/documentation\/distance-matrix\/start\">Google Distance API<\/a> berechnete durchschnittliche Dauer haben wir mit dem \u00abWert eines statistischen Lebensjahres VSLY\u00bb multipliziert.<\/p>\n<p>Es gibt mehrere Methoden zur Berechnung des Wertes eines statistischen Lebensjahres. Und wir sind uns hoffentlich alle einig, dass ein Menschenleben nie auf einen \u00f6konomischen Wert reduziert werden sollte. Hier geht es also nur darum, eine Kennzahl zu berechnen.<\/p>\n<p>Wir haben uns f\u00fcr die Berechnungsmethode des <a href=\"\/\/www.dkfz.de\/de\/presse\/pressemitteilungen\/2018\/dkfz-pm-18-34-Was-ist-ein-Lebensjahr-wert-Ein-internationaler-Vergleich.php\">Deutschen Krebsforschungszentrums DKFZ<\/a> entschieden. Das Zentrum hat weltweit 120 \u00f6konomischen Studien ausgewertet, die von 1995 bis 2015 publiziert worden sind und \u00fcber einen mit empirischen Verfahren ermittelten Sch\u00e4tzwert berichten. Aus diesen Studien l\u00e4sst sich ein internationaler Mittelwert (Median) von EUR 164\u2019409 f\u00fcr ein Lebensjahr ableiten.<\/p>\n<p>Daraus ergibt sich mit folgenden Berechnungen ein statistischer Wert von CHF 20,08 pro Stunde:<\/p>\n<ul>\n<li>1 Jahr = 8\u2019760 Stunden (365 Tage * 24 Stunden)<\/li>\n<li>1 Stunde = EUR 18,77 (EUR 164\u2019409 \/ 8\u2019760 Stunden)<\/li>\n<li>EUR 18,77 = CHF 20,08 (EUR 18,77 * 1.07 gem\u00e4ss <a href=\"\/\/www.ictax.admin.ch\/extern\/de.html#\/ratelist\/2016\">Kursliste der Eidgen\u00f6ssischen Steuerverwaltung per 31.12.2016<\/a>)<\/li>\n<\/ul>\n<p>&nbsp;<\/p>\n<p><em>Mehr Informationen zu Gemeindeprojekten auf der Gemeindeplattform finden Sie <a href=\"\/\/villageoffice.ch\/\">hier<\/a> <\/em><\/p>\n<\/div>\n<\/div>\n<p>&nbsp;<\/p>\n<p>&nbsp;<\/p>\n","protected":false},"excerpt":{"rendered":"<p>Auf der Gemeindeplattform zeigen wir f\u00fcr jede Gemeinde das Einsparungspotenzial, das eine Gemeinde mit der Er\u00f6ffnung und aktiven Nutzung eines VillageOffice Coworking Spaces erreichen kann. Ohne detaillierte Analyse vor Ort ist dieses Potenzial selbstverst\u00e4ndlich nur eine grobe statistische Ann\u00e4herung. Wir beziffern das statistische Einsparungspotenzial mit 20% und gehen dabei von folgenden Annahmen aus: Gem\u00e4ss der [&hellip;]<\/p>\n","protected":false},"author":5,"featured_media":9625,"comment_status":"open","ping_status":"open","sticky":false,"template":"","format":"standard","meta":{"_acf_changed":false,"_yoast_wpseo_focuskw":"Gemeindeplattform","_yoast_wpseo_metadesc":"Die Gemeindeplattform gibt Auskunft dar\u00fcber, wie gross das Potenzial durch einen VillageOffice Coworking Space in deiner Gemeinde ist.","articlekey":"","footnotes":""},"categories":[580],"tags":[124,231,354,1892,424,452],"class_list":["post-10100","post","type-post","status-publish","format-standard","has-post-thumbnail","hentry","category-sustainability","tag-co-working","tag-gemeinden","tag-mobilitaet","tag-pendeln","tag-schweiz","tag-statistik"],"acf":[],"yoast_head":"<!-- This site is optimized with the Yoast SEO plugin v27.4 - https:\/\/yoast.com\/product\/yoast-seo-wordpress\/ -->\n<title>Neugegr\u00fcndete Gemeindeplattform erm\u00f6glicht flexibles Schaffen - Organisator<\/title>\n<meta name=\"description\" content=\"Die Gemeindeplattform gibt Auskunft dar\u00fcber, wie gross das Potenzial durch einen VillageOffice Coworking Space in deiner Gemeinde ist.\" \/>\n<meta name=\"robots\" content=\"index, follow, max-snippet:-1, max-image-preview:large, max-video-preview:-1\" \/>\n<link rel=\"canonical\" href=\"https:\/\/www.organisator.ch\/de\/sustainability\/2019-07-23\/neugrgruendete-gemeindeplattform-ermoeglicht-flexibles-schaffen\/\" \/>\n<meta property=\"og:locale\" content=\"de_DE\" \/>\n<meta property=\"og:type\" content=\"article\" \/>\n<meta property=\"og:title\" content=\"Neugegr\u00fcndete Gemeindeplattform erm\u00f6glicht flexibles Schaffen - Organisator\" \/>\n<meta property=\"og:description\" content=\"Die Gemeindeplattform gibt Auskunft dar\u00fcber, wie gross das Potenzial durch einen VillageOffice Coworking Space in deiner Gemeinde ist.\" \/>\n<meta property=\"og:url\" content=\"https:\/\/www.organisator.ch\/de\/sustainability\/2019-07-23\/neugrgruendete-gemeindeplattform-ermoeglicht-flexibles-schaffen\/\" \/>\n<meta property=\"og:site_name\" content=\"Organisator\" \/>\n<meta property=\"article:publisher\" content=\"https:\/\/www.facebook.com\/OrganisatorFachmagazin\" \/>\n<meta property=\"article:published_time\" content=\"2019-07-23T12:21:50+00:00\" \/>\n<meta property=\"article:modified_time\" content=\"2022-02-09T10:10:05+00:00\" \/>\n<meta property=\"og:image\" content=\"https:\/\/www.organisator.ch\/wp-content\/uploads\/2019\/07\/pendler-bahnhof-anna-dziubinska-348-unsplash.jpg\" \/>\n\t<meta property=\"og:image:width\" content=\"720\" \/>\n\t<meta property=\"og:image:height\" content=\"482\" \/>\n\t<meta property=\"og:image:type\" content=\"image\/jpeg\" \/>\n<meta name=\"author\" content=\"michael.merz\" \/>\n<meta name=\"twitter:card\" content=\"summary_large_image\" \/>\n<script type=\"application\/ld+json\" class=\"yoast-schema-graph\">{\"@context\":\"https:\\\/\\\/schema.org\",\"@graph\":[{\"@type\":\"Article\",\"@id\":\"https:\\\/\\\/www.organisator.ch\\\/sustainability\\\/2019-07-23\\\/neugrgruendete-gemeindeplattform-ermoeglicht-flexibles-schaffen\\\/#article\",\"isPartOf\":{\"@id\":\"https:\\\/\\\/www.organisator.ch\\\/sustainability\\\/2019-07-23\\\/neugrgruendete-gemeindeplattform-ermoeglicht-flexibles-schaffen\\\/\"},\"author\":{\"name\":\"michael.merz\",\"@id\":\"https:\\\/\\\/www.organisator.ch\\\/#\\\/schema\\\/person\\\/134708ca9321c57b0362cceb7948ffbd\"},\"headline\":\"Neugegr\u00fcndete Gemeindeplattform erm\u00f6glicht flexibles Schaffen\",\"datePublished\":\"2019-07-23T12:21:50+00:00\",\"dateModified\":\"2022-02-09T10:10:05+00:00\",\"mainEntityOfPage\":{\"@id\":\"https:\\\/\\\/www.organisator.ch\\\/sustainability\\\/2019-07-23\\\/neugrgruendete-gemeindeplattform-ermoeglicht-flexibles-schaffen\\\/\"},\"wordCount\":1078,\"commentCount\":0,\"publisher\":{\"@id\":\"https:\\\/\\\/www.organisator.ch\\\/#organization\"},\"image\":{\"@id\":\"https:\\\/\\\/www.organisator.ch\\\/sustainability\\\/2019-07-23\\\/neugrgruendete-gemeindeplattform-ermoeglicht-flexibles-schaffen\\\/#primaryimage\"},\"thumbnailUrl\":\"https:\\\/\\\/www.organisator.ch\\\/wp-content\\\/uploads\\\/2019\\\/07\\\/pendler-bahnhof-anna-dziubinska-348-unsplash.jpg\",\"keywords\":[\"Co-Working\",\"Gemeinden\",\"Mobilit\u00e4t\",\"Pendeln\",\"Schweiz\",\"Statistik\"],\"articleSection\":[\"SUSTAINABILITY\"],\"inLanguage\":\"de\"},{\"@type\":\"WebPage\",\"@id\":\"https:\\\/\\\/www.organisator.ch\\\/sustainability\\\/2019-07-23\\\/neugrgruendete-gemeindeplattform-ermoeglicht-flexibles-schaffen\\\/\",\"url\":\"https:\\\/\\\/www.organisator.ch\\\/sustainability\\\/2019-07-23\\\/neugrgruendete-gemeindeplattform-ermoeglicht-flexibles-schaffen\\\/\",\"name\":\"Neugegr\u00fcndete Gemeindeplattform erm\u00f6glicht flexibles Schaffen - Organisator\",\"isPartOf\":{\"@id\":\"https:\\\/\\\/www.organisator.ch\\\/#website\"},\"primaryImageOfPage\":{\"@id\":\"https:\\\/\\\/www.organisator.ch\\\/sustainability\\\/2019-07-23\\\/neugrgruendete-gemeindeplattform-ermoeglicht-flexibles-schaffen\\\/#primaryimage\"},\"image\":{\"@id\":\"https:\\\/\\\/www.organisator.ch\\\/sustainability\\\/2019-07-23\\\/neugrgruendete-gemeindeplattform-ermoeglicht-flexibles-schaffen\\\/#primaryimage\"},\"thumbnailUrl\":\"https:\\\/\\\/www.organisator.ch\\\/wp-content\\\/uploads\\\/2019\\\/07\\\/pendler-bahnhof-anna-dziubinska-348-unsplash.jpg\",\"datePublished\":\"2019-07-23T12:21:50+00:00\",\"dateModified\":\"2022-02-09T10:10:05+00:00\",\"description\":\"Die Gemeindeplattform gibt Auskunft dar\u00fcber, wie gross das Potenzial durch einen VillageOffice Coworking Space in deiner Gemeinde ist.\",\"breadcrumb\":{\"@id\":\"https:\\\/\\\/www.organisator.ch\\\/sustainability\\\/2019-07-23\\\/neugrgruendete-gemeindeplattform-ermoeglicht-flexibles-schaffen\\\/#breadcrumb\"},\"inLanguage\":\"de\",\"potentialAction\":[{\"@type\":\"ReadAction\",\"target\":[\"https:\\\/\\\/www.organisator.ch\\\/sustainability\\\/2019-07-23\\\/neugrgruendete-gemeindeplattform-ermoeglicht-flexibles-schaffen\\\/\"]}]},{\"@type\":\"ImageObject\",\"inLanguage\":\"de\",\"@id\":\"https:\\\/\\\/www.organisator.ch\\\/sustainability\\\/2019-07-23\\\/neugrgruendete-gemeindeplattform-ermoeglicht-flexibles-schaffen\\\/#primaryimage\",\"url\":\"https:\\\/\\\/www.organisator.ch\\\/wp-content\\\/uploads\\\/2019\\\/07\\\/pendler-bahnhof-anna-dziubinska-348-unsplash.jpg\",\"contentUrl\":\"https:\\\/\\\/www.organisator.ch\\\/wp-content\\\/uploads\\\/2019\\\/07\\\/pendler-bahnhof-anna-dziubinska-348-unsplash.jpg\",\"width\":720,\"height\":482,\"caption\":\"Immer mehr Arbeitnehmer nehmen t\u00e4glich einen langen Weg auf sich, um zur Arbeit zu gelangen. Koordinierte Angebote von Co-Working Orten k\u00f6nnten auch in Gemeinden abhilfe schaffen. (Symbolbild: Unsplash)\"},{\"@type\":\"BreadcrumbList\",\"@id\":\"https:\\\/\\\/www.organisator.ch\\\/sustainability\\\/2019-07-23\\\/neugrgruendete-gemeindeplattform-ermoeglicht-flexibles-schaffen\\\/#breadcrumb\",\"itemListElement\":[{\"@type\":\"ListItem\",\"position\":1,\"name\":\"Home\",\"item\":\"https:\\\/\\\/www.organisator.ch\\\/\"},{\"@type\":\"ListItem\",\"position\":2,\"name\":\"Neugegr\u00fcndete Gemeindeplattform erm\u00f6glicht flexibles Schaffen\"}]},{\"@type\":\"WebSite\",\"@id\":\"https:\\\/\\\/www.organisator.ch\\\/#website\",\"url\":\"https:\\\/\\\/www.organisator.ch\\\/\",\"name\":\"Organisator\",\"description\":\"Kompetent. Praxisnah. Der ORGANISATOR bereitet in 10 Ausgaben pro Jahr die wesentlichen Themen f\u00fcr F\u00fchrungskr\u00e4fte von KMU auf.\",\"publisher\":{\"@id\":\"https:\\\/\\\/www.organisator.ch\\\/#organization\"},\"potentialAction\":[{\"@type\":\"SearchAction\",\"target\":{\"@type\":\"EntryPoint\",\"urlTemplate\":\"https:\\\/\\\/www.organisator.ch\\\/?s={search_term_string}\"},\"query-input\":{\"@type\":\"PropertyValueSpecification\",\"valueRequired\":true,\"valueName\":\"search_term_string\"}}],\"inLanguage\":\"de\"},{\"@type\":\"Organization\",\"@id\":\"https:\\\/\\\/www.organisator.ch\\\/#organization\",\"name\":\"Organisator\",\"url\":\"https:\\\/\\\/www.organisator.ch\\\/\",\"logo\":{\"@type\":\"ImageObject\",\"inLanguage\":\"de\",\"@id\":\"https:\\\/\\\/www.organisator.ch\\\/#\\\/schema\\\/logo\\\/image\\\/\",\"url\":\"https:\\\/\\\/www.organisator.ch\\\/wp-content\\\/uploads\\\/2022\\\/01\\\/Logo_Organisator_Website.png\",\"contentUrl\":\"https:\\\/\\\/www.organisator.ch\\\/wp-content\\\/uploads\\\/2022\\\/01\\\/Logo_Organisator_Website.png\",\"width\":800,\"height\":77,\"caption\":\"Organisator\"},\"image\":{\"@id\":\"https:\\\/\\\/www.organisator.ch\\\/#\\\/schema\\\/logo\\\/image\\\/\"},\"sameAs\":[\"https:\\\/\\\/www.facebook.com\\\/OrganisatorFachmagazin\",\"https:\\\/\\\/www.linkedin.com\\\/showcase\\\/organisator-das-magazin-fr-kmu\",\"https:\\\/\\\/www.xing.com\\\/news\\\/pages\\\/organisator-ch-695\",\"https:\\\/\\\/www.youtube.com\\\/channel\\\/UCGP2Sq0iWaZwT3BdIAQFYpw\"]},{\"@type\":\"Person\",\"@id\":\"https:\\\/\\\/www.organisator.ch\\\/#\\\/schema\\\/person\\\/134708ca9321c57b0362cceb7948ffbd\",\"name\":\"michael.merz\",\"image\":{\"@type\":\"ImageObject\",\"inLanguage\":\"de\",\"@id\":\"https:\\\/\\\/secure.gravatar.com\\\/avatar\\\/?s=96&d=mm&r=g\",\"url\":\"https:\\\/\\\/secure.gravatar.com\\\/avatar\\\/?s=96&d=mm&r=g\",\"contentUrl\":\"https:\\\/\\\/secure.gravatar.com\\\/avatar\\\/?s=96&d=mm&r=g\",\"caption\":\"michael.merz\"},\"url\":\"https:\\\/\\\/www.organisator.ch\\\/de\\\/author\\\/michael-merz\\\/\"}]}<\/script>\n<!-- \/ Yoast SEO plugin. -->","yoast_head_json":{"title":"Neugegr\u00fcndete Gemeindeplattform erm\u00f6glicht flexibles Schaffen - Organisator","description":"Die Gemeindeplattform gibt Auskunft dar\u00fcber, wie gross das Potenzial durch einen VillageOffice Coworking Space in deiner Gemeinde ist.","robots":{"index":"index","follow":"follow","max-snippet":"max-snippet:-1","max-image-preview":"max-image-preview:large","max-video-preview":"max-video-preview:-1"},"canonical":"https:\/\/www.organisator.ch\/de\/sustainability\/2019-07-23\/neugrgruendete-gemeindeplattform-ermoeglicht-flexibles-schaffen\/","og_locale":"de_DE","og_type":"article","og_title":"Neugegr\u00fcndete Gemeindeplattform erm\u00f6glicht flexibles Schaffen - Organisator","og_description":"Die Gemeindeplattform gibt Auskunft dar\u00fcber, wie gross das Potenzial durch einen VillageOffice Coworking Space in deiner Gemeinde ist.","og_url":"https:\/\/www.organisator.ch\/de\/sustainability\/2019-07-23\/neugrgruendete-gemeindeplattform-ermoeglicht-flexibles-schaffen\/","og_site_name":"Organisator","article_publisher":"https:\/\/www.facebook.com\/OrganisatorFachmagazin","article_published_time":"2019-07-23T12:21:50+00:00","article_modified_time":"2022-02-09T10:10:05+00:00","og_image":[{"width":720,"height":482,"url":"https:\/\/www.organisator.ch\/wp-content\/uploads\/2019\/07\/pendler-bahnhof-anna-dziubinska-348-unsplash.jpg","type":"image\/jpeg"}],"author":"michael.merz","twitter_card":"summary_large_image","schema":{"@context":"https:\/\/schema.org","@graph":[{"@type":"Article","@id":"https:\/\/www.organisator.ch\/sustainability\/2019-07-23\/neugrgruendete-gemeindeplattform-ermoeglicht-flexibles-schaffen\/#article","isPartOf":{"@id":"https:\/\/www.organisator.ch\/sustainability\/2019-07-23\/neugrgruendete-gemeindeplattform-ermoeglicht-flexibles-schaffen\/"},"author":{"name":"michael.merz","@id":"https:\/\/www.organisator.ch\/#\/schema\/person\/134708ca9321c57b0362cceb7948ffbd"},"headline":"Neugegr\u00fcndete Gemeindeplattform erm\u00f6glicht flexibles Schaffen","datePublished":"2019-07-23T12:21:50+00:00","dateModified":"2022-02-09T10:10:05+00:00","mainEntityOfPage":{"@id":"https:\/\/www.organisator.ch\/sustainability\/2019-07-23\/neugrgruendete-gemeindeplattform-ermoeglicht-flexibles-schaffen\/"},"wordCount":1078,"commentCount":0,"publisher":{"@id":"https:\/\/www.organisator.ch\/#organization"},"image":{"@id":"https:\/\/www.organisator.ch\/sustainability\/2019-07-23\/neugrgruendete-gemeindeplattform-ermoeglicht-flexibles-schaffen\/#primaryimage"},"thumbnailUrl":"https:\/\/www.organisator.ch\/wp-content\/uploads\/2019\/07\/pendler-bahnhof-anna-dziubinska-348-unsplash.jpg","keywords":["Co-Working","Gemeinden","Mobilit\u00e4t","Pendeln","Schweiz","Statistik"],"articleSection":["SUSTAINABILITY"],"inLanguage":"de"},{"@type":"WebPage","@id":"https:\/\/www.organisator.ch\/sustainability\/2019-07-23\/neugrgruendete-gemeindeplattform-ermoeglicht-flexibles-schaffen\/","url":"https:\/\/www.organisator.ch\/sustainability\/2019-07-23\/neugrgruendete-gemeindeplattform-ermoeglicht-flexibles-schaffen\/","name":"Neugegr\u00fcndete Gemeindeplattform erm\u00f6glicht flexibles Schaffen - Organisator","isPartOf":{"@id":"https:\/\/www.organisator.ch\/#website"},"primaryImageOfPage":{"@id":"https:\/\/www.organisator.ch\/sustainability\/2019-07-23\/neugrgruendete-gemeindeplattform-ermoeglicht-flexibles-schaffen\/#primaryimage"},"image":{"@id":"https:\/\/www.organisator.ch\/sustainability\/2019-07-23\/neugrgruendete-gemeindeplattform-ermoeglicht-flexibles-schaffen\/#primaryimage"},"thumbnailUrl":"https:\/\/www.organisator.ch\/wp-content\/uploads\/2019\/07\/pendler-bahnhof-anna-dziubinska-348-unsplash.jpg","datePublished":"2019-07-23T12:21:50+00:00","dateModified":"2022-02-09T10:10:05+00:00","description":"Die Gemeindeplattform gibt Auskunft dar\u00fcber, wie gross das Potenzial durch einen VillageOffice Coworking Space in deiner Gemeinde ist.","breadcrumb":{"@id":"https:\/\/www.organisator.ch\/sustainability\/2019-07-23\/neugrgruendete-gemeindeplattform-ermoeglicht-flexibles-schaffen\/#breadcrumb"},"inLanguage":"de","potentialAction":[{"@type":"ReadAction","target":["https:\/\/www.organisator.ch\/sustainability\/2019-07-23\/neugrgruendete-gemeindeplattform-ermoeglicht-flexibles-schaffen\/"]}]},{"@type":"ImageObject","inLanguage":"de","@id":"https:\/\/www.organisator.ch\/sustainability\/2019-07-23\/neugrgruendete-gemeindeplattform-ermoeglicht-flexibles-schaffen\/#primaryimage","url":"https:\/\/www.organisator.ch\/wp-content\/uploads\/2019\/07\/pendler-bahnhof-anna-dziubinska-348-unsplash.jpg","contentUrl":"https:\/\/www.organisator.ch\/wp-content\/uploads\/2019\/07\/pendler-bahnhof-anna-dziubinska-348-unsplash.jpg","width":720,"height":482,"caption":"Immer mehr Arbeitnehmer nehmen t\u00e4glich einen langen Weg auf sich, um zur Arbeit zu gelangen. Koordinierte Angebote von Co-Working Orten k\u00f6nnten auch in Gemeinden abhilfe schaffen. (Symbolbild: Unsplash)"},{"@type":"BreadcrumbList","@id":"https:\/\/www.organisator.ch\/sustainability\/2019-07-23\/neugrgruendete-gemeindeplattform-ermoeglicht-flexibles-schaffen\/#breadcrumb","itemListElement":[{"@type":"ListItem","position":1,"name":"Home","item":"https:\/\/www.organisator.ch\/"},{"@type":"ListItem","position":2,"name":"Neugegr\u00fcndete Gemeindeplattform erm\u00f6glicht flexibles Schaffen"}]},{"@type":"WebSite","@id":"https:\/\/www.organisator.ch\/#website","url":"https:\/\/www.organisator.ch\/","name":"Organisator","description":"Kompetent. Praxisnah. Der ORGANISATOR bereitet in 10 Ausgaben pro Jahr die wesentlichen Themen f\u00fcr F\u00fchrungskr\u00e4fte von KMU auf.","publisher":{"@id":"https:\/\/www.organisator.ch\/#organization"},"potentialAction":[{"@type":"SearchAction","target":{"@type":"EntryPoint","urlTemplate":"https:\/\/www.organisator.ch\/?s={search_term_string}"},"query-input":{"@type":"PropertyValueSpecification","valueRequired":true,"valueName":"search_term_string"}}],"inLanguage":"de"},{"@type":"Organization","@id":"https:\/\/www.organisator.ch\/#organization","name":"Organisator","url":"https:\/\/www.organisator.ch\/","logo":{"@type":"ImageObject","inLanguage":"de","@id":"https:\/\/www.organisator.ch\/#\/schema\/logo\/image\/","url":"https:\/\/www.organisator.ch\/wp-content\/uploads\/2022\/01\/Logo_Organisator_Website.png","contentUrl":"https:\/\/www.organisator.ch\/wp-content\/uploads\/2022\/01\/Logo_Organisator_Website.png","width":800,"height":77,"caption":"Organisator"},"image":{"@id":"https:\/\/www.organisator.ch\/#\/schema\/logo\/image\/"},"sameAs":["https:\/\/www.facebook.com\/OrganisatorFachmagazin","https:\/\/www.linkedin.com\/showcase\/organisator-das-magazin-fr-kmu","https:\/\/www.xing.com\/news\/pages\/organisator-ch-695","https:\/\/www.youtube.com\/channel\/UCGP2Sq0iWaZwT3BdIAQFYpw"]},{"@type":"Person","@id":"https:\/\/www.organisator.ch\/#\/schema\/person\/134708ca9321c57b0362cceb7948ffbd","name":"michael.merz","image":{"@type":"ImageObject","inLanguage":"de","@id":"https:\/\/secure.gravatar.com\/avatar\/?s=96&d=mm&r=g","url":"https:\/\/secure.gravatar.com\/avatar\/?s=96&d=mm&r=g","contentUrl":"https:\/\/secure.gravatar.com\/avatar\/?s=96&d=mm&r=g","caption":"michael.merz"},"url":"https:\/\/www.organisator.ch\/de\/author\/michael-merz\/"}]}},"_links":{"self":[{"href":"https:\/\/www.organisator.ch\/de\/wp-json\/wp\/v2\/posts\/10100","targetHints":{"allow":["GET"]}}],"collection":[{"href":"https:\/\/www.organisator.ch\/de\/wp-json\/wp\/v2\/posts"}],"about":[{"href":"https:\/\/www.organisator.ch\/de\/wp-json\/wp\/v2\/types\/post"}],"author":[{"embeddable":true,"href":"https:\/\/www.organisator.ch\/de\/wp-json\/wp\/v2\/users\/5"}],"replies":[{"embeddable":true,"href":"https:\/\/www.organisator.ch\/de\/wp-json\/wp\/v2\/comments?post=10100"}],"version-history":[{"count":1,"href":"https:\/\/www.organisator.ch\/de\/wp-json\/wp\/v2\/posts\/10100\/revisions"}],"predecessor-version":[{"id":10890,"href":"https:\/\/www.organisator.ch\/de\/wp-json\/wp\/v2\/posts\/10100\/revisions\/10890"}],"wp:featuredmedia":[{"embeddable":true,"href":"https:\/\/www.organisator.ch\/de\/wp-json\/wp\/v2\/media\/9625"}],"wp:attachment":[{"href":"https:\/\/www.organisator.ch\/de\/wp-json\/wp\/v2\/media?parent=10100"}],"wp:term":[{"taxonomy":"category","embeddable":true,"href":"https:\/\/www.organisator.ch\/de\/wp-json\/wp\/v2\/categories?post=10100"},{"taxonomy":"post_tag","embeddable":true,"href":"https:\/\/www.organisator.ch\/de\/wp-json\/wp\/v2\/tags?post=10100"}],"curies":[{"name":"wp","href":"https:\/\/api.w.org\/{rel}","templated":true}]}}