{"id":10101,"date":"2019-07-23T15:21:03","date_gmt":"2019-07-23T13:21:03","guid":{"rendered":"https:\/\/www.umweltperspektiven.ch\/?p=2320"},"modified":"2019-07-23T15:21:03","modified_gmt":"2019-07-23T13:21:03","slug":"swissmem-basiskurs-fuer-umweltbeauftragte","status":"publish","type":"post","link":"https:\/\/www.organisator.ch\/de\/allgemein\/2019-07-23\/swissmem-basiskurs-fuer-umweltbeauftragte\/","title":{"rendered":"Swissmem Basiskurs f\u00fcr Umweltbeauftragte"},"content":{"rendered":"<table class=\"contenttable\">\n<tbody>\n<tr>\n<td><b><span class=\"bluetext\">Veranstalter<\/span><\/b><\/td>\n<td>Swissmem<\/td>\n<\/tr>\n<tr>\n<td><b><span class=\"bluetext\">Titel<\/span><\/b><b> <\/b><\/td>\n<td>Basiskurs f\u00fcr Umweltbeauftragte<\/td>\n<\/tr>\n<tr>\n<td>&nbsp;<\/p>\n<p><b><span class=\"bluetext\">Datum <\/span><\/b><\/td>\n<td>&nbsp;<\/p>\n<p class=\"bodytext\">Teil 1 (2 Tage): 17.-18. September 2019<br \/>\nTeil 2 (3 Tage): 5.-7. November 2019<\/p>\n<\/td>\n<\/tr>\n<tr>\n<td><b><span class=\"bluetext\">Seminardauer<\/span><\/b><\/td>\n<td>5 Tage<\/td>\n<\/tr>\n<tr>\n<td>&nbsp;<\/p>\n<p><b><span class=\"bluetext\">Ort <\/span><\/b><\/td>\n<td>&nbsp;<\/p>\n<p class=\"bodytext\">Swissmem, Pfingstweidstrasse 102, 8005 Z\u00fcrich<\/p>\n<\/td>\n<\/tr>\n<tr>\n<td><span class=\"bluetext\"><b>Seminarziel<\/b> <\/span><\/td>\n<td>\n<p class=\"bodytext\">Umfassendes Grundwissen zum betriebsrelevanten Umweltschutz erlangen<\/p>\n<\/td>\n<\/tr>\n<tr>\n<td>&nbsp;<\/p>\n<p><b><span class=\"bluetext\">Zielpublikum <\/span><\/b><\/td>\n<td>&nbsp;<\/p>\n<p>Umweltbeauftragte und Umweltverantwortliche von Industrie- und Dienstleistungsunternehmen<\/td>\n<\/tr>\n<tr>\n<td><b><span class=\"bluetext\">Tagungssprache <\/span><\/b><\/td>\n<td>Deutsch<\/td>\n<\/tr>\n<tr>\n<td><b><span class=\"bluetext\">Themen<\/span><\/b><\/td>\n<td>Der Swissmem Basiskurs f\u00fcr Umweltbeauftragte vermittelt ein umfassendes Grundwissen zum betriebsrelevanten Umweltschutz. Die Teilnehmer erhalten eine \u00dcbersicht \u00fcber Rechte und Pflichten der Umweltverantwortlichen, die relevanten Rechtsgrundlagen, Umweltmanagementsysteme, betriebliche \u00d6kobilanzen und Umweltkommunikation.<\/td>\n<\/tr>\n<tr>\n<td>&nbsp;<\/p>\n<p><b><span class=\"bluetext\">Seminarleitung<\/span><\/b><\/td>\n<td>&nbsp;<\/p>\n<p class=\"bodytext\">Dr. Markus Braun, <a href=\"\/\/www.nachhaltigewirtschaft.ch\/\" target=\"_blank\" rel=\"noopener\">http:\/\/www.nachhaltigewirtschaft.ch\/<\/a><\/p>\n<\/td>\n<\/tr>\n<tr>\n<td><b><span class=\"bluetext\">Referenten<\/span><\/b><\/td>\n<td>\n<p class=\"bodytext\">17 Referenten und Referentinnen vermitteln innert f\u00fcnf Tagen das Grundwissen zum betriebsrelevanten Umweltschutz: Gesetzeskenntnisse, nachhaltige Entwicklung, \u00d6kodesign, Umweltmanagementsysteme, CO2-Management, Umweltpsychologie und Mobilit\u00e4tsmanagement.<\/p>\n<\/td>\n<\/tr>\n<tr>\n<td><b><span class=\"bluetext\">Anzahl Teilnehmer<\/span><\/b><\/td>\n<td>\n<p class=\"bodytext\">max. 25<\/p>\n<\/td>\n<\/tr>\n<tr>\n<td><span class=\"bluetext\"><b>Kosten f\u00fcr Swissmem-Mitglieder<\/b><\/span><\/td>\n<td>\n<p class=\"bodytext\">CHF 2&#8217;300.00 f\u00fcr Swissmem-Mitglieder, zuzgl. Mehrwertsteuer<\/p>\n<p>CHF 2&#8217;880.00 f\u00fcr Nichtmitglieder, zuzgl. Mehrwertsteuer<\/p>\n<p>inkl. Kursunterlagen, Pausenverpflegung und Mittagessen<\/td>\n<\/tr>\n<tr>\n<td><b><span class=\"bluetext\">Anmeldefrist<\/span><\/b><\/td>\n<td>\n<p class=\"bodytext\"><span lang=\"DE-CH\">Freitag, 23.08.2019<\/span><\/p>\n<\/td>\n<\/tr>\n<tr>\n<td rowspan=\"1\"><span class=\"bluetext\"><b>Teilnahmebedingungen<\/b><\/span><\/td>\n<td rowspan=\"1\">Die Zahl der Teilnehmenden ist beschr\u00e4nkt; die Anmeldungen werden in der Reihenfolge ihrer Eing\u00e4nge ber\u00fccksichtigt. Bei Abmeldungen nach Anmeldeschluss (<span lang=\"DE-CH\">Freitag, 23.08.2019<\/span>) erfolgt keine R\u00fcckverg\u00fctung der Kurskosten. Die Firma kann ohne weitere Kostenfolge f\u00fcr eine geeignete Stellvertretung sorgen.<\/td>\n<\/tr>\n<tr>\n<td rowspan=\"1\">&nbsp;<\/p>\n<p><span class=\"bluetext\"><b>Partner<\/b><\/span><\/td>\n<td rowspan=\"1\">&nbsp;<\/p>\n<p>Der Basiskurs wird an die Ausbildung zum Umweltmanager bei der SAQ-QUALICON angerechnet und als Basismodul f\u00fcr den berufsbegleitenden CAS Eco Economics &#8211; Nachhaltige Wirtschaft an der PHW Bern anerkannt.<\/td>\n<\/tr>\n<tr>\n<td>&nbsp;<\/p>\n<p><b><span class=\"bluetext\">Auskunftsperson<\/span><\/b><\/td>\n<td>&nbsp;<\/p>\n<p class=\"bodytext\"><a class=\"mail\">Nicole Auer<\/a><\/p>\n<\/td>\n<\/tr>\n<tr>\n<td rowspan=\"1\"><span class=\"bluetext\"><b>Detailliertes Programm<\/b><\/span><\/td>\n<td rowspan=\"1\">\n<p class=\"bodytext\"><a class=\"download\" href=\"\/\/www.swissmem.ch\/fileadmin\/user_upload\/Swissmem\/Veranstaltungen\/2019\/9_September_2019\/Seminarprogramm_BFU_2019_2.pdf\"><b>Download<\/b><\/a><\/p>\n<\/td>\n<\/tr>\n<tr>\n<td rowspan=\"1\"><\/td>\n<td rowspan=\"1\"><\/td>\n<\/tr>\n<tr>\n<td rowspan=\"1\"><span class=\"bluetext\"><b>Daten 2020<\/b><\/span><\/td>\n<td rowspan=\"1\">&nbsp;<\/p>\n<p class=\"bodytext\">Teil 1 (3 Tage): 10.-12. M\u00e4rz 2020<br \/>\nTeil 2 (2 Tage): 31.M\u00e4rz\/1. April 2020<\/p>\n<p>&nbsp;<\/p>\n<p><em>Bitte bei der Anmeldung vermerken, falls diese f\u00fcr 2020 gilt.<\/em><\/td>\n<\/tr>\n<\/tbody>\n<\/table>\n","protected":false},"excerpt":{"rendered":"<p>Veranstalter Swissmem Titel Basiskurs f\u00fcr Umweltbeauftragte &nbsp; Datum &nbsp; Teil 1 (2 Tage): 17.-18. September 2019 Teil 2 (3 Tage): 5.-7. November 2019 Seminardauer 5 Tage &nbsp; Ort &nbsp; Swissmem, Pfingstweidstrasse 102, 8005 Z\u00fcrich Seminarziel Umfassendes Grundwissen zum betriebsrelevanten Umweltschutz erlangen &nbsp; Zielpublikum &nbsp; Umweltbeauftragte und Umweltverantwortliche von Industrie- und Dienstleistungsunternehmen Tagungssprache Deutsch Themen Der [&hellip;]<\/p>\n","protected":false},"author":5,"featured_media":2321,"comment_status":"open","ping_status":"open","sticky":false,"template":"","format":"standard","meta":{"_acf_changed":false,"_yoast_wpseo_focuskw":"Umweltbeauftragte","_yoast_wpseo_metadesc":"Swissmem bietet wieder neue Kurse f\u00fcr Umweltbeauftragte f\u00fcr 2020. Es sind noch Anmeldungen m\u00f6glich. Termine in der \u00dcbersicht.","articlekey":"","footnotes":""},"categories":[1],"tags":[2269,2358,518],"class_list":["post-10101","post","type-post","status-publish","format-standard","has-post-thumbnail","hentry","category-allgemein","tag-swissmem","tag-umweltbeauftragte","tag-weiterbildung"],"acf":[],"yoast_head":"<!-- This site is optimized with the Yoast SEO plugin v27.5 - https:\/\/yoast.com\/product\/yoast-seo-wordpress\/ -->\n<title>Swissmem Basiskurs f\u00fcr Umweltbeauftragte - Organisator<\/title>\n<meta name=\"description\" content=\"Swissmem bietet wieder neue Kurse f\u00fcr Umweltbeauftragte f\u00fcr 2020. Es sind noch Anmeldungen m\u00f6glich. Termine in der \u00dcbersicht.\" \/>\n<meta name=\"robots\" content=\"index, follow, max-snippet:-1, max-image-preview:large, max-video-preview:-1\" \/>\n<link rel=\"canonical\" href=\"https:\/\/www.organisator.ch\/de\/allgemein\/2019-07-23\/swissmem-basiskurs-fuer-umweltbeauftragte\/\" \/>\n<meta property=\"og:locale\" content=\"de_DE\" \/>\n<meta property=\"og:type\" content=\"article\" \/>\n<meta property=\"og:title\" content=\"Swissmem Basiskurs f\u00fcr Umweltbeauftragte - Organisator\" \/>\n<meta property=\"og:description\" content=\"Swissmem bietet wieder neue Kurse f\u00fcr Umweltbeauftragte f\u00fcr 2020. Es sind noch Anmeldungen m\u00f6glich. Termine in der \u00dcbersicht.\" \/>\n<meta property=\"og:url\" content=\"https:\/\/www.organisator.ch\/de\/allgemein\/2019-07-23\/swissmem-basiskurs-fuer-umweltbeauftragte\/\" \/>\n<meta property=\"og:site_name\" content=\"Organisator\" \/>\n<meta property=\"article:publisher\" content=\"https:\/\/www.facebook.com\/OrganisatorFachmagazin\" \/>\n<meta property=\"article:published_time\" content=\"2019-07-23T13:21:03+00:00\" \/>\n<meta property=\"og:image\" content=\"https:\/\/www.organisator.ch\/wp-content\/uploads\/2019\/07\/swissmem_umweltbeautragte-up-umwelt-perspektiven-scaled.jpg\" \/>\n\t<meta property=\"og:image:width\" content=\"2560\" \/>\n\t<meta property=\"og:image:height\" content=\"1707\" \/>\n\t<meta property=\"og:image:type\" content=\"image\/jpeg\" \/>\n<meta name=\"author\" content=\"michael.merz\" \/>\n<meta name=\"twitter:card\" content=\"summary_large_image\" \/>\n<script type=\"application\/ld+json\" class=\"yoast-schema-graph\">{\"@context\":\"https:\\\/\\\/schema.org\",\"@graph\":[{\"@type\":\"Article\",\"@id\":\"https:\\\/\\\/www.organisator.ch\\\/it\\\/generale\\\/2019-07-23\\\/swissmem-basiskurs-fuer-umweltbeauftragte\\\/#article\",\"isPartOf\":{\"@id\":\"https:\\\/\\\/www.organisator.ch\\\/it\\\/generale\\\/2019-07-23\\\/swissmem-basiskurs-fuer-umweltbeauftragte\\\/\"},\"author\":{\"name\":\"michael.merz\",\"@id\":\"https:\\\/\\\/www.organisator.ch\\\/#\\\/schema\\\/person\\\/134708ca9321c57b0362cceb7948ffbd\"},\"headline\":\"Swissmem Basiskurs f\u00fcr Umweltbeauftragte\",\"datePublished\":\"2019-07-23T13:21:03+00:00\",\"mainEntityOfPage\":{\"@id\":\"https:\\\/\\\/www.organisator.ch\\\/it\\\/generale\\\/2019-07-23\\\/swissmem-basiskurs-fuer-umweltbeauftragte\\\/\"},\"wordCount\":252,\"commentCount\":0,\"publisher\":{\"@id\":\"https:\\\/\\\/www.organisator.ch\\\/#organization\"},\"image\":{\"@id\":\"https:\\\/\\\/www.organisator.ch\\\/it\\\/generale\\\/2019-07-23\\\/swissmem-basiskurs-fuer-umweltbeauftragte\\\/#primaryimage\"},\"thumbnailUrl\":\"https:\\\/\\\/www.organisator.ch\\\/wp-content\\\/uploads\\\/2019\\\/07\\\/swissmem_umweltbeautragte-up-umwelt-perspektiven-scaled.jpg\",\"keywords\":[\"Swissmem\",\"Umweltbeauftragte\",\"Weiterbildung\"],\"inLanguage\":\"de\"},{\"@type\":\"WebPage\",\"@id\":\"https:\\\/\\\/www.organisator.ch\\\/it\\\/generale\\\/2019-07-23\\\/swissmem-basiskurs-fuer-umweltbeauftragte\\\/\",\"url\":\"https:\\\/\\\/www.organisator.ch\\\/it\\\/generale\\\/2019-07-23\\\/swissmem-basiskurs-fuer-umweltbeauftragte\\\/\",\"name\":\"Swissmem Basiskurs f\u00fcr Umweltbeauftragte - Organisator\",\"isPartOf\":{\"@id\":\"https:\\\/\\\/www.organisator.ch\\\/#website\"},\"primaryImageOfPage\":{\"@id\":\"https:\\\/\\\/www.organisator.ch\\\/it\\\/generale\\\/2019-07-23\\\/swissmem-basiskurs-fuer-umweltbeauftragte\\\/#primaryimage\"},\"image\":{\"@id\":\"https:\\\/\\\/www.organisator.ch\\\/it\\\/generale\\\/2019-07-23\\\/swissmem-basiskurs-fuer-umweltbeauftragte\\\/#primaryimage\"},\"thumbnailUrl\":\"https:\\\/\\\/www.organisator.ch\\\/wp-content\\\/uploads\\\/2019\\\/07\\\/swissmem_umweltbeautragte-up-umwelt-perspektiven-scaled.jpg\",\"datePublished\":\"2019-07-23T13:21:03+00:00\",\"description\":\"Swissmem bietet wieder neue Kurse f\u00fcr Umweltbeauftragte f\u00fcr 2020. Es sind noch Anmeldungen m\u00f6glich. Termine in der \u00dcbersicht.\",\"breadcrumb\":{\"@id\":\"https:\\\/\\\/www.organisator.ch\\\/it\\\/generale\\\/2019-07-23\\\/swissmem-basiskurs-fuer-umweltbeauftragte\\\/#breadcrumb\"},\"inLanguage\":\"de\",\"potentialAction\":[{\"@type\":\"ReadAction\",\"target\":[\"https:\\\/\\\/www.organisator.ch\\\/it\\\/generale\\\/2019-07-23\\\/swissmem-basiskurs-fuer-umweltbeauftragte\\\/\"]}]},{\"@type\":\"ImageObject\",\"inLanguage\":\"de\",\"@id\":\"https:\\\/\\\/www.organisator.ch\\\/it\\\/generale\\\/2019-07-23\\\/swissmem-basiskurs-fuer-umweltbeauftragte\\\/#primaryimage\",\"url\":\"https:\\\/\\\/www.organisator.ch\\\/wp-content\\\/uploads\\\/2019\\\/07\\\/swissmem_umweltbeautragte-up-umwelt-perspektiven-scaled.jpg\",\"contentUrl\":\"https:\\\/\\\/www.organisator.ch\\\/wp-content\\\/uploads\\\/2019\\\/07\\\/swissmem_umweltbeautragte-up-umwelt-perspektiven-scaled.jpg\",\"width\":2560,\"height\":1707,\"caption\":\"Der n\u00e4chste Basiskurs f\u00fcr Umweltbeauftragte startet bereits im September 2019. (Symbolbild: Unsplash)\"},{\"@type\":\"BreadcrumbList\",\"@id\":\"https:\\\/\\\/www.organisator.ch\\\/it\\\/generale\\\/2019-07-23\\\/swissmem-basiskurs-fuer-umweltbeauftragte\\\/#breadcrumb\",\"itemListElement\":[{\"@type\":\"ListItem\",\"position\":1,\"name\":\"Home\",\"item\":\"https:\\\/\\\/www.organisator.ch\\\/\"},{\"@type\":\"ListItem\",\"position\":2,\"name\":\"Swissmem Basiskurs f\u00fcr Umweltbeauftragte\"}]},{\"@type\":\"WebSite\",\"@id\":\"https:\\\/\\\/www.organisator.ch\\\/#website\",\"url\":\"https:\\\/\\\/www.organisator.ch\\\/\",\"name\":\"Organisator\",\"description\":\"Kompetent. Praxisnah. Der ORGANISATOR bereitet in 10 Ausgaben pro Jahr die wesentlichen Themen f\u00fcr F\u00fchrungskr\u00e4fte von KMU auf.\",\"publisher\":{\"@id\":\"https:\\\/\\\/www.organisator.ch\\\/#organization\"},\"potentialAction\":[{\"@type\":\"SearchAction\",\"target\":{\"@type\":\"EntryPoint\",\"urlTemplate\":\"https:\\\/\\\/www.organisator.ch\\\/?s={search_term_string}\"},\"query-input\":{\"@type\":\"PropertyValueSpecification\",\"valueRequired\":true,\"valueName\":\"search_term_string\"}}],\"inLanguage\":\"de\"},{\"@type\":\"Organization\",\"@id\":\"https:\\\/\\\/www.organisator.ch\\\/#organization\",\"name\":\"Organisator\",\"url\":\"https:\\\/\\\/www.organisator.ch\\\/\",\"logo\":{\"@type\":\"ImageObject\",\"inLanguage\":\"de\",\"@id\":\"https:\\\/\\\/www.organisator.ch\\\/#\\\/schema\\\/logo\\\/image\\\/\",\"url\":\"https:\\\/\\\/www.organisator.ch\\\/wp-content\\\/uploads\\\/2022\\\/01\\\/Logo_Organisator_Website.png\",\"contentUrl\":\"https:\\\/\\\/www.organisator.ch\\\/wp-content\\\/uploads\\\/2022\\\/01\\\/Logo_Organisator_Website.png\",\"width\":800,\"height\":77,\"caption\":\"Organisator\"},\"image\":{\"@id\":\"https:\\\/\\\/www.organisator.ch\\\/#\\\/schema\\\/logo\\\/image\\\/\"},\"sameAs\":[\"https:\\\/\\\/www.facebook.com\\\/OrganisatorFachmagazin\",\"https:\\\/\\\/www.linkedin.com\\\/showcase\\\/organisator-das-magazin-fr-kmu\",\"https:\\\/\\\/www.xing.com\\\/news\\\/pages\\\/organisator-ch-695\",\"https:\\\/\\\/www.youtube.com\\\/channel\\\/UCGP2Sq0iWaZwT3BdIAQFYpw\"]},{\"@type\":\"Person\",\"@id\":\"https:\\\/\\\/www.organisator.ch\\\/#\\\/schema\\\/person\\\/134708ca9321c57b0362cceb7948ffbd\",\"name\":\"michael.merz\",\"image\":{\"@type\":\"ImageObject\",\"inLanguage\":\"de\",\"@id\":\"https:\\\/\\\/secure.gravatar.com\\\/avatar\\\/?s=96&d=mm&r=g\",\"url\":\"https:\\\/\\\/secure.gravatar.com\\\/avatar\\\/?s=96&d=mm&r=g\",\"contentUrl\":\"https:\\\/\\\/secure.gravatar.com\\\/avatar\\\/?s=96&d=mm&r=g\",\"caption\":\"michael.merz\"},\"url\":\"https:\\\/\\\/www.organisator.ch\\\/de\\\/author\\\/michael-merz\\\/\"}]}<\/script>\n<!-- \/ Yoast SEO plugin. -->","yoast_head_json":{"title":"Swissmem Basiskurs f\u00fcr Umweltbeauftragte - Organisator","description":"Swissmem bietet wieder neue Kurse f\u00fcr Umweltbeauftragte f\u00fcr 2020. Es sind noch Anmeldungen m\u00f6glich. Termine in der \u00dcbersicht.","robots":{"index":"index","follow":"follow","max-snippet":"max-snippet:-1","max-image-preview":"max-image-preview:large","max-video-preview":"max-video-preview:-1"},"canonical":"https:\/\/www.organisator.ch\/de\/allgemein\/2019-07-23\/swissmem-basiskurs-fuer-umweltbeauftragte\/","og_locale":"de_DE","og_type":"article","og_title":"Swissmem Basiskurs f\u00fcr Umweltbeauftragte - Organisator","og_description":"Swissmem bietet wieder neue Kurse f\u00fcr Umweltbeauftragte f\u00fcr 2020. Es sind noch Anmeldungen m\u00f6glich. Termine in der \u00dcbersicht.","og_url":"https:\/\/www.organisator.ch\/de\/allgemein\/2019-07-23\/swissmem-basiskurs-fuer-umweltbeauftragte\/","og_site_name":"Organisator","article_publisher":"https:\/\/www.facebook.com\/OrganisatorFachmagazin","article_published_time":"2019-07-23T13:21:03+00:00","og_image":[{"width":2560,"height":1707,"url":"https:\/\/www.organisator.ch\/wp-content\/uploads\/2019\/07\/swissmem_umweltbeautragte-up-umwelt-perspektiven-scaled.jpg","type":"image\/jpeg"}],"author":"michael.merz","twitter_card":"summary_large_image","schema":{"@context":"https:\/\/schema.org","@graph":[{"@type":"Article","@id":"https:\/\/www.organisator.ch\/it\/generale\/2019-07-23\/swissmem-basiskurs-fuer-umweltbeauftragte\/#article","isPartOf":{"@id":"https:\/\/www.organisator.ch\/it\/generale\/2019-07-23\/swissmem-basiskurs-fuer-umweltbeauftragte\/"},"author":{"name":"michael.merz","@id":"https:\/\/www.organisator.ch\/#\/schema\/person\/134708ca9321c57b0362cceb7948ffbd"},"headline":"Swissmem Basiskurs f\u00fcr Umweltbeauftragte","datePublished":"2019-07-23T13:21:03+00:00","mainEntityOfPage":{"@id":"https:\/\/www.organisator.ch\/it\/generale\/2019-07-23\/swissmem-basiskurs-fuer-umweltbeauftragte\/"},"wordCount":252,"commentCount":0,"publisher":{"@id":"https:\/\/www.organisator.ch\/#organization"},"image":{"@id":"https:\/\/www.organisator.ch\/it\/generale\/2019-07-23\/swissmem-basiskurs-fuer-umweltbeauftragte\/#primaryimage"},"thumbnailUrl":"https:\/\/www.organisator.ch\/wp-content\/uploads\/2019\/07\/swissmem_umweltbeautragte-up-umwelt-perspektiven-scaled.jpg","keywords":["Swissmem","Umweltbeauftragte","Weiterbildung"],"inLanguage":"de"},{"@type":"WebPage","@id":"https:\/\/www.organisator.ch\/it\/generale\/2019-07-23\/swissmem-basiskurs-fuer-umweltbeauftragte\/","url":"https:\/\/www.organisator.ch\/it\/generale\/2019-07-23\/swissmem-basiskurs-fuer-umweltbeauftragte\/","name":"Swissmem Basiskurs f\u00fcr Umweltbeauftragte - Organisator","isPartOf":{"@id":"https:\/\/www.organisator.ch\/#website"},"primaryImageOfPage":{"@id":"https:\/\/www.organisator.ch\/it\/generale\/2019-07-23\/swissmem-basiskurs-fuer-umweltbeauftragte\/#primaryimage"},"image":{"@id":"https:\/\/www.organisator.ch\/it\/generale\/2019-07-23\/swissmem-basiskurs-fuer-umweltbeauftragte\/#primaryimage"},"thumbnailUrl":"https:\/\/www.organisator.ch\/wp-content\/uploads\/2019\/07\/swissmem_umweltbeautragte-up-umwelt-perspektiven-scaled.jpg","datePublished":"2019-07-23T13:21:03+00:00","description":"Swissmem bietet wieder neue Kurse f\u00fcr Umweltbeauftragte f\u00fcr 2020. Es sind noch Anmeldungen m\u00f6glich. Termine in der \u00dcbersicht.","breadcrumb":{"@id":"https:\/\/www.organisator.ch\/it\/generale\/2019-07-23\/swissmem-basiskurs-fuer-umweltbeauftragte\/#breadcrumb"},"inLanguage":"de","potentialAction":[{"@type":"ReadAction","target":["https:\/\/www.organisator.ch\/it\/generale\/2019-07-23\/swissmem-basiskurs-fuer-umweltbeauftragte\/"]}]},{"@type":"ImageObject","inLanguage":"de","@id":"https:\/\/www.organisator.ch\/it\/generale\/2019-07-23\/swissmem-basiskurs-fuer-umweltbeauftragte\/#primaryimage","url":"https:\/\/www.organisator.ch\/wp-content\/uploads\/2019\/07\/swissmem_umweltbeautragte-up-umwelt-perspektiven-scaled.jpg","contentUrl":"https:\/\/www.organisator.ch\/wp-content\/uploads\/2019\/07\/swissmem_umweltbeautragte-up-umwelt-perspektiven-scaled.jpg","width":2560,"height":1707,"caption":"Der n\u00e4chste Basiskurs f\u00fcr Umweltbeauftragte startet bereits im September 2019. (Symbolbild: Unsplash)"},{"@type":"BreadcrumbList","@id":"https:\/\/www.organisator.ch\/it\/generale\/2019-07-23\/swissmem-basiskurs-fuer-umweltbeauftragte\/#breadcrumb","itemListElement":[{"@type":"ListItem","position":1,"name":"Home","item":"https:\/\/www.organisator.ch\/"},{"@type":"ListItem","position":2,"name":"Swissmem Basiskurs f\u00fcr Umweltbeauftragte"}]},{"@type":"WebSite","@id":"https:\/\/www.organisator.ch\/#website","url":"https:\/\/www.organisator.ch\/","name":"Organisator","description":"Kompetent. Praxisnah. Der ORGANISATOR bereitet in 10 Ausgaben pro Jahr die wesentlichen Themen f\u00fcr F\u00fchrungskr\u00e4fte von KMU auf.","publisher":{"@id":"https:\/\/www.organisator.ch\/#organization"},"potentialAction":[{"@type":"SearchAction","target":{"@type":"EntryPoint","urlTemplate":"https:\/\/www.organisator.ch\/?s={search_term_string}"},"query-input":{"@type":"PropertyValueSpecification","valueRequired":true,"valueName":"search_term_string"}}],"inLanguage":"de"},{"@type":"Organization","@id":"https:\/\/www.organisator.ch\/#organization","name":"Organisator","url":"https:\/\/www.organisator.ch\/","logo":{"@type":"ImageObject","inLanguage":"de","@id":"https:\/\/www.organisator.ch\/#\/schema\/logo\/image\/","url":"https:\/\/www.organisator.ch\/wp-content\/uploads\/2022\/01\/Logo_Organisator_Website.png","contentUrl":"https:\/\/www.organisator.ch\/wp-content\/uploads\/2022\/01\/Logo_Organisator_Website.png","width":800,"height":77,"caption":"Organisator"},"image":{"@id":"https:\/\/www.organisator.ch\/#\/schema\/logo\/image\/"},"sameAs":["https:\/\/www.facebook.com\/OrganisatorFachmagazin","https:\/\/www.linkedin.com\/showcase\/organisator-das-magazin-fr-kmu","https:\/\/www.xing.com\/news\/pages\/organisator-ch-695","https:\/\/www.youtube.com\/channel\/UCGP2Sq0iWaZwT3BdIAQFYpw"]},{"@type":"Person","@id":"https:\/\/www.organisator.ch\/#\/schema\/person\/134708ca9321c57b0362cceb7948ffbd","name":"michael.merz","image":{"@type":"ImageObject","inLanguage":"de","@id":"https:\/\/secure.gravatar.com\/avatar\/?s=96&d=mm&r=g","url":"https:\/\/secure.gravatar.com\/avatar\/?s=96&d=mm&r=g","contentUrl":"https:\/\/secure.gravatar.com\/avatar\/?s=96&d=mm&r=g","caption":"michael.merz"},"url":"https:\/\/www.organisator.ch\/de\/author\/michael-merz\/"}]}},"_links":{"self":[{"href":"https:\/\/www.organisator.ch\/de\/wp-json\/wp\/v2\/posts\/10101","targetHints":{"allow":["GET"]}}],"collection":[{"href":"https:\/\/www.organisator.ch\/de\/wp-json\/wp\/v2\/posts"}],"about":[{"href":"https:\/\/www.organisator.ch\/de\/wp-json\/wp\/v2\/types\/post"}],"author":[{"embeddable":true,"href":"https:\/\/www.organisator.ch\/de\/wp-json\/wp\/v2\/users\/5"}],"replies":[{"embeddable":true,"href":"https:\/\/www.organisator.ch\/de\/wp-json\/wp\/v2\/comments?post=10101"}],"version-history":[{"count":0,"href":"https:\/\/www.organisator.ch\/de\/wp-json\/wp\/v2\/posts\/10101\/revisions"}],"wp:featuredmedia":[{"embeddable":true,"href":"https:\/\/www.organisator.ch\/de\/wp-json\/wp\/v2\/media\/2321"}],"wp:attachment":[{"href":"https:\/\/www.organisator.ch\/de\/wp-json\/wp\/v2\/media?parent=10101"}],"wp:term":[{"taxonomy":"category","embeddable":true,"href":"https:\/\/www.organisator.ch\/de\/wp-json\/wp\/v2\/categories?post=10101"},{"taxonomy":"post_tag","embeddable":true,"href":"https:\/\/www.organisator.ch\/de\/wp-json\/wp\/v2\/tags?post=10101"}],"curies":[{"name":"wp","href":"https:\/\/api.w.org\/{rel}","templated":true}]}}