{"id":10104,"date":"2019-07-29T14:12:56","date_gmt":"2019-07-29T12:12:56","guid":{"rendered":"https:\/\/www.umweltperspektiven.ch\/?p=2349"},"modified":"2024-11-07T06:51:35","modified_gmt":"2024-11-07T05:51:35","slug":"fuer-insekten-vom-reden-ins-handeln","status":"publish","type":"post","link":"https:\/\/www.organisator.ch\/de\/sustainability\/2019-07-29\/fuer-insekten-vom-reden-ins-handeln\/","title":{"rendered":"F\u00fcr Insekten: Vom Reden ins Handeln"},"content":{"rendered":"<figure id=\"attachment_2351\" aria-describedby=\"caption-attachment-2351\" style=\"width: 680px\" class=\"wp-caption alignnone\"><img loading=\"lazy\" decoding=\"async\" class=\"wp-image-2351 size-medium\" src=\"https:\/\/www.organisator.ch\/wp-content\/uploads\/2019\/07\/InsektenRetten-680x456.jpg\" alt=\"Insekten Schweiz\" width=\"680\" height=\"456\" srcset=\"https:\/\/www.organisator.ch\/wp-content\/uploads\/2019\/07\/InsektenRetten-680x456.jpg 680w, https:\/\/www.organisator.ch\/wp-content\/uploads\/2019\/07\/InsektenRetten-1024x687.jpg 1024w, https:\/\/www.organisator.ch\/wp-content\/uploads\/2019\/07\/InsektenRetten-768x515.jpg 768w, https:\/\/www.organisator.ch\/wp-content\/uploads\/2019\/07\/InsektenRetten-1536x1030.jpg 1536w, https:\/\/www.organisator.ch\/wp-content\/uploads\/2019\/07\/InsektenRetten-18x12.jpg 18w, https:\/\/www.organisator.ch\/wp-content\/uploads\/2019\/07\/InsektenRetten-261x175.jpg 261w, https:\/\/www.organisator.ch\/wp-content\/uploads\/2019\/07\/InsektenRetten-522x350.jpg 522w, https:\/\/www.organisator.ch\/wp-content\/uploads\/2019\/07\/InsektenRetten-1193x800.jpg 1193w, https:\/\/www.organisator.ch\/wp-content\/uploads\/2019\/07\/InsektenRetten-920x617.jpg 920w, https:\/\/www.organisator.ch\/wp-content\/uploads\/2019\/07\/InsektenRetten-1400x939.jpg 1400w, https:\/\/www.organisator.ch\/wp-content\/uploads\/2019\/07\/InsektenRetten-300x201.jpg 300w, https:\/\/www.organisator.ch\/wp-content\/uploads\/2019\/07\/InsektenRetten.jpg 2048w\" sizes=\"auto, (max-width: 680px) 100vw, 680px\" \/><figcaption id=\"caption-attachment-2351\" class=\"wp-caption-text\">\u201eWir m\u00f6chten die Biozid-Branche umdrehen und weitere Sektoren inspirieren\u201c, so der Initiator von Insect Respect, Dr. Hans-Dietrich Reckhaus. 2015 erhielt er daf\u00fcr den Schweizer Ethikpreis, 2018 den Preis als Top 100 Innovator. Ausl\u00f6ser f\u00fcr den Unternehmenswandel war der Dialog mit den Schweizer Konzeptk\u00fcnstlern Frank und Patrik Riklin. Sie initiierten die Gegenbewegung \u201eretten statt t\u00f6ten&#8220; und setzten 2012 gemeinsam mit Hans-Dietrich Reck-haus die Aktion \u201eFliegen retten&#8220; um. (<a href=\"\/\/www.fliegenretten.de\">www.fliegenretten.de<\/a>\/ <a href=\"\/\/www.insect-respect.org\">www.insect-respect.org<\/a>)<\/figcaption><\/figure>\n<p>Um dem Insekten-Sterben entgegenzuwirken, braucht es das Engagement vieler Seiten: Von Politik \u00fcber Wirtschaft, Forschung, \u00d6ffentlichkeit bis hin zur Zivilgesellschaft. Der Tag der Insekten Schweiz soll unmittelbar, aber auch langfristig Akteure und Aktivit\u00e4ten rund um Insekten und Biodiversit\u00e4t sichtbar machen und die Vernetzung aller Interessierten f\u00f6rdern. So w\u00e4chst ein Netzwerk von Engagierten, die sich gemeinsam f\u00fcr das Wohl der Insekten einsetzen.<\/p>\n<p>Es ist h\u00f6chste Zeit, Insekten zu respektieren \u2013 gerade weil man sie manchmal bek\u00e4mpft. Die Tiere \u00fcbernehmen viele wertvolle Funktionen. Edward Wilson, der renommierte amerikanische Entomologe, hat errechnet, dass die Menschen ohne Insekten nur wenige Monate \u00fcberleben k\u00f6nnten. Doch Zahl und Vielfalt der Insekten sinken dramatisch: In der Schweiz zeigen die Roten Listen, dass \u00fcber 40 % der Insektenarten gef\u00e4hrdet sind und 5 % bereits ausgestorben.<\/p>\n<p>In manchen deutschsprachigen Gebieten ist ihre Anzahl um bis zu 80 % zur\u00fcckgegangen.<\/p>\n<p><strong>Zehn gute Gr\u00fcnde, Insekten zu respektieren:<\/strong><br \/>\n<em>1. \u00d6kosystem: Insekten geben der Natur mehr Widerstandskraft.<\/em><br \/>\n<em>2. Best\u00e4ubung: Insekten halten die Pflanzenwelt am Leben.<\/em><br \/>\n<em>3. Kreislauf: Insekten sind ein wichtiger Teil der Nahrungskette.<\/em><br \/>\n<em>4. Futter und Essen: Insekten sichern die Weltern\u00e4hrung.<\/em><br \/>\n<em>5. Hygiene: Insekten befreien uns von \u00abM\u00fcll\u00bb.<\/em><br \/>\n<em>6. B\u00f6den: Insekten machen unsere Erde fruchtbar.<\/em><br \/>\n<em>7. Kleidung: Insekten sind f\u00fcr die Textilproduktion unentbehrlich.<\/em><br \/>\n<em>8. Industrie: Insekten produzieren Chemikalien.<\/em><br \/>\n<em>9. Medizin: Insekten heilen.<\/em><br \/>\n<em>10. Forschung: Insekten sind wissenschaftlich \u00e4usserst wertvoll.<\/em><\/p>\n<p>Am <a href=\"\/\/www.birdlife.ch\/de\/content\/tag-der-insekten-schweiz#1\">1. Tag der Insekten Schweiz<\/a> nahmen vor einem Jahr bereits \u00fcber 220 Personen aus dem ganzen Land teil, um sich zu vernetzen und ihre Kr\u00e4fte zu b\u00fcndeln. Dieses grosse Echo best\u00e4rkt die Veranstalter, die Tagung erneut durchzuf\u00fchren.<\/p>\n<p>Die Mitwirkenden sind diesmal unter anderem:<\/p>\n<ul>\n<li>Dr. Jane Goodall, DBE (Video-Botschafterin)<\/li>\n<li>Prof. Dr. Josef H. Reichholf, Zoologe (Keynote-Speaker)<\/li>\n<li>Dr. Yves Gonseth, info fauna<\/li>\n<li>Ulrich Veith, Bu\u0308rgermeister der pestizidfreien Gemeinde Mals (Su\u0308dtirol)<\/li>\n<li>Fredy Hiestand, B\u00e4ckereibesitzer<\/li>\n<li>Fran\u00e7ois Turrian, BirdLife Schweiz<\/li>\n<li>Dr. Hans-Dietrich Reckhaus, Insect Respect<\/li>\n<li>und weitere mehr<\/li>\n<li>\u00a0<\/li>\n<\/ul>\n<p><strong>Tag der Insekten Schweiz:<br \/>\n19. September 2019, 9 \u2013 17.30 Uhr<br \/>\nKultur- und Kongresszentrum Aarau<\/strong><br \/>\nKeynotes, Mittagessen, Vernetzung, Workshops, Podium, Ap\u00e9ro Riche<\/p>\n<p><strong>Vorabend: Kleine Helfer mit grosser Wirkung<br \/>\n18. September 2019, 16 &#8211; 21 Uhr<br \/>\nNaturama Aargau<\/strong><br \/>\n16:00 \u2013 18:00 Uhr Vortr\u00e4ge. Ort: Naturama Aargau. Kosten: CHF 20.\u2013<br \/>\n19:00 \u2013 21:00 Uhr Exkursion. Treffpunkt: Naturama Aargau. Kosten: CHF 20.\u2013<\/p>\n<p>Am Vorabend des Tages der Insekten trifft sich die interessierte \u00d6ffentlichkeit im Naturama um 16:00 Uhr f\u00fcr Vortr\u00e4ge \u00fcber die vielf\u00e4ltigen Funktionen der Insekten in unseren \u00d6kosystemen. Nach einer Pause mit Verpflegung beginnt um 19:00 Uhr eine Fledermaus-Exkursion. Hier wird die Bedeutung der Insekten als Nahrung f\u00fcr andere Tiere gezeigt. Die zwei Anl\u00e4sse k\u00f6nnen separat besucht werden.<\/p>\n<p><a href=\"\/\/www.birdlife.ch\/tag-der-insekten\">www.birdlife.ch\/tag-der-insekten<\/a><\/p>\n","protected":false},"excerpt":{"rendered":"<p>Um dem Insekten-Sterben entgegenzuwirken, braucht es das Engagement vieler Seiten: Von Politik \u00fcber Wirtschaft, Forschung, \u00d6ffentlichkeit bis hin zur Zivilgesellschaft. Der Tag der Insekten Schweiz soll unmittelbar, aber auch langfristig Akteure und Aktivit\u00e4ten rund um Insekten und Biodiversit\u00e4t sichtbar machen und die Vernetzung aller Interessierten f\u00f6rdern. So w\u00e4chst ein Netzwerk von Engagierten, die sich gemeinsam [&hellip;]<\/p>\n","protected":false},"author":5,"featured_media":2351,"comment_status":"closed","ping_status":"closed","sticky":false,"template":"","format":"standard","meta":{"_acf_changed":false,"_yoast_wpseo_focuskw":"Insekten Schweiz","_yoast_wpseo_metadesc":"Der Tag der Insekten Schweiz f\u00f6rdert Engagement und Vernetzung f\u00fcr den Schutz von Insekten und Biodiversit\u00e4t.","articlekey":"","footnotes":""},"categories":[580],"tags":[652,1426,2434],"class_list":["post-10104","post","type-post","status-publish","format-standard","has-post-thumbnail","hentry","category-sustainability","tag-aarau","tag-insektensterben","tag-veranstaltung"],"acf":[],"yoast_head":"<!-- This site is optimized with the Yoast SEO plugin v27.5 - https:\/\/yoast.com\/product\/yoast-seo-wordpress\/ -->\n<title>F\u00fcr Insekten: Vom Reden ins Handeln - Organisator<\/title>\n<meta name=\"description\" content=\"Der Tag der Insekten Schweiz f\u00f6rdert Engagement und Vernetzung f\u00fcr den Schutz von Insekten und Biodiversit\u00e4t.\" \/>\n<meta name=\"robots\" content=\"index, follow, max-snippet:-1, max-image-preview:large, max-video-preview:-1\" \/>\n<link rel=\"canonical\" href=\"https:\/\/www.organisator.ch\/de\/sustainability\/2019-07-29\/fuer-insekten-vom-reden-ins-handeln\/\" \/>\n<meta property=\"og:locale\" content=\"de_DE\" \/>\n<meta property=\"og:type\" content=\"article\" \/>\n<meta property=\"og:title\" content=\"F\u00fcr Insekten: Vom Reden ins Handeln - Organisator\" \/>\n<meta property=\"og:description\" content=\"Der Tag der Insekten Schweiz f\u00f6rdert Engagement und Vernetzung f\u00fcr den Schutz von Insekten und Biodiversit\u00e4t.\" \/>\n<meta property=\"og:url\" content=\"https:\/\/www.organisator.ch\/de\/sustainability\/2019-07-29\/fuer-insekten-vom-reden-ins-handeln\/\" \/>\n<meta property=\"og:site_name\" content=\"Organisator\" \/>\n<meta property=\"article:publisher\" content=\"https:\/\/www.facebook.com\/OrganisatorFachmagazin\" \/>\n<meta property=\"article:published_time\" content=\"2019-07-29T12:12:56+00:00\" \/>\n<meta property=\"article:modified_time\" content=\"2024-11-07T05:51:35+00:00\" \/>\n<meta property=\"og:image\" content=\"https:\/\/www.organisator.ch\/wp-content\/uploads\/2019\/07\/InsektenRetten.jpg\" \/>\n\t<meta property=\"og:image:width\" content=\"2048\" \/>\n\t<meta property=\"og:image:height\" content=\"1373\" \/>\n\t<meta property=\"og:image:type\" content=\"image\/jpeg\" \/>\n<meta name=\"author\" content=\"michael.merz\" \/>\n<meta name=\"twitter:card\" content=\"summary_large_image\" \/>\n<script type=\"application\/ld+json\" class=\"yoast-schema-graph\">{\"@context\":\"https:\\\/\\\/schema.org\",\"@graph\":[{\"@type\":\"Article\",\"@id\":\"https:\\\/\\\/www.organisator.ch\\\/sustainability\\\/2019-07-29\\\/fuer-insekten-vom-reden-ins-handeln\\\/#article\",\"isPartOf\":{\"@id\":\"https:\\\/\\\/www.organisator.ch\\\/sustainability\\\/2019-07-29\\\/fuer-insekten-vom-reden-ins-handeln\\\/\"},\"author\":{\"name\":\"michael.merz\",\"@id\":\"https:\\\/\\\/www.organisator.ch\\\/#\\\/schema\\\/person\\\/134708ca9321c57b0362cceb7948ffbd\"},\"headline\":\"F\u00fcr Insekten: Vom Reden ins Handeln\",\"datePublished\":\"2019-07-29T12:12:56+00:00\",\"dateModified\":\"2024-11-07T05:51:35+00:00\",\"mainEntityOfPage\":{\"@id\":\"https:\\\/\\\/www.organisator.ch\\\/sustainability\\\/2019-07-29\\\/fuer-insekten-vom-reden-ins-handeln\\\/\"},\"wordCount\":503,\"publisher\":{\"@id\":\"https:\\\/\\\/www.organisator.ch\\\/#organization\"},\"image\":{\"@id\":\"https:\\\/\\\/www.organisator.ch\\\/sustainability\\\/2019-07-29\\\/fuer-insekten-vom-reden-ins-handeln\\\/#primaryimage\"},\"thumbnailUrl\":\"https:\\\/\\\/www.organisator.ch\\\/wp-content\\\/uploads\\\/2019\\\/07\\\/InsektenRetten.jpg\",\"keywords\":[\"Aarau\",\"Insektensterben\",\"Veranstaltung\"],\"articleSection\":[\"SUSTAINABILITY\"],\"inLanguage\":\"de\"},{\"@type\":\"WebPage\",\"@id\":\"https:\\\/\\\/www.organisator.ch\\\/sustainability\\\/2019-07-29\\\/fuer-insekten-vom-reden-ins-handeln\\\/\",\"url\":\"https:\\\/\\\/www.organisator.ch\\\/sustainability\\\/2019-07-29\\\/fuer-insekten-vom-reden-ins-handeln\\\/\",\"name\":\"F\u00fcr Insekten: Vom Reden ins Handeln - Organisator\",\"isPartOf\":{\"@id\":\"https:\\\/\\\/www.organisator.ch\\\/#website\"},\"primaryImageOfPage\":{\"@id\":\"https:\\\/\\\/www.organisator.ch\\\/sustainability\\\/2019-07-29\\\/fuer-insekten-vom-reden-ins-handeln\\\/#primaryimage\"},\"image\":{\"@id\":\"https:\\\/\\\/www.organisator.ch\\\/sustainability\\\/2019-07-29\\\/fuer-insekten-vom-reden-ins-handeln\\\/#primaryimage\"},\"thumbnailUrl\":\"https:\\\/\\\/www.organisator.ch\\\/wp-content\\\/uploads\\\/2019\\\/07\\\/InsektenRetten.jpg\",\"datePublished\":\"2019-07-29T12:12:56+00:00\",\"dateModified\":\"2024-11-07T05:51:35+00:00\",\"description\":\"Der Tag der Insekten Schweiz f\u00f6rdert Engagement und Vernetzung f\u00fcr den Schutz von Insekten und Biodiversit\u00e4t.\",\"breadcrumb\":{\"@id\":\"https:\\\/\\\/www.organisator.ch\\\/sustainability\\\/2019-07-29\\\/fuer-insekten-vom-reden-ins-handeln\\\/#breadcrumb\"},\"inLanguage\":\"de\",\"potentialAction\":[{\"@type\":\"ReadAction\",\"target\":[\"https:\\\/\\\/www.organisator.ch\\\/sustainability\\\/2019-07-29\\\/fuer-insekten-vom-reden-ins-handeln\\\/\"]}]},{\"@type\":\"ImageObject\",\"inLanguage\":\"de\",\"@id\":\"https:\\\/\\\/www.organisator.ch\\\/sustainability\\\/2019-07-29\\\/fuer-insekten-vom-reden-ins-handeln\\\/#primaryimage\",\"url\":\"https:\\\/\\\/www.organisator.ch\\\/wp-content\\\/uploads\\\/2019\\\/07\\\/InsektenRetten.jpg\",\"contentUrl\":\"https:\\\/\\\/www.organisator.ch\\\/wp-content\\\/uploads\\\/2019\\\/07\\\/InsektenRetten.jpg\",\"width\":2048,\"height\":1373,\"caption\":\"\u201eWir m\u00f6chten die Biozid-Branche umdrehen und weitere Sektoren inspirieren\u201c, so der Initiator von Insect Respect, Dr. Hans-Dietrich Reckhaus. 2015 erhielt er daf\u00fcr den Schweizer Ethikpreis, 2018 den Preis als Top 100 Innovator. Ausl\u00f6ser f\u00fcr den Unternehmenswandel und das weltweit einzigartige Ausgleichsmo-dell war der Dialog mit den Schweizer Konzeptk\u00fcnstlern Frank und Patrik Riklin. Sie initiierten die Gegenbewegung \u201eretten statt t\u00f6ten\\\" und setzten 2012 gemeinsam mit Hans-Dietrich Reck-haus die Aktion \u201eFliegen retten\\\" um. (www.fliegenretten.de) www.insect-respect.org\"},{\"@type\":\"BreadcrumbList\",\"@id\":\"https:\\\/\\\/www.organisator.ch\\\/sustainability\\\/2019-07-29\\\/fuer-insekten-vom-reden-ins-handeln\\\/#breadcrumb\",\"itemListElement\":[{\"@type\":\"ListItem\",\"position\":1,\"name\":\"Home\",\"item\":\"https:\\\/\\\/www.organisator.ch\\\/\"},{\"@type\":\"ListItem\",\"position\":2,\"name\":\"F\u00fcr Insekten: Vom Reden ins Handeln\"}]},{\"@type\":\"WebSite\",\"@id\":\"https:\\\/\\\/www.organisator.ch\\\/#website\",\"url\":\"https:\\\/\\\/www.organisator.ch\\\/\",\"name\":\"Organisator\",\"description\":\"Kompetent. Praxisnah. Der ORGANISATOR bereitet in 10 Ausgaben pro Jahr die wesentlichen Themen f\u00fcr F\u00fchrungskr\u00e4fte von KMU auf.\",\"publisher\":{\"@id\":\"https:\\\/\\\/www.organisator.ch\\\/#organization\"},\"potentialAction\":[{\"@type\":\"SearchAction\",\"target\":{\"@type\":\"EntryPoint\",\"urlTemplate\":\"https:\\\/\\\/www.organisator.ch\\\/?s={search_term_string}\"},\"query-input\":{\"@type\":\"PropertyValueSpecification\",\"valueRequired\":true,\"valueName\":\"search_term_string\"}}],\"inLanguage\":\"de\"},{\"@type\":\"Organization\",\"@id\":\"https:\\\/\\\/www.organisator.ch\\\/#organization\",\"name\":\"Organisator\",\"url\":\"https:\\\/\\\/www.organisator.ch\\\/\",\"logo\":{\"@type\":\"ImageObject\",\"inLanguage\":\"de\",\"@id\":\"https:\\\/\\\/www.organisator.ch\\\/#\\\/schema\\\/logo\\\/image\\\/\",\"url\":\"https:\\\/\\\/www.organisator.ch\\\/wp-content\\\/uploads\\\/2022\\\/01\\\/Logo_Organisator_Website.png\",\"contentUrl\":\"https:\\\/\\\/www.organisator.ch\\\/wp-content\\\/uploads\\\/2022\\\/01\\\/Logo_Organisator_Website.png\",\"width\":800,\"height\":77,\"caption\":\"Organisator\"},\"image\":{\"@id\":\"https:\\\/\\\/www.organisator.ch\\\/#\\\/schema\\\/logo\\\/image\\\/\"},\"sameAs\":[\"https:\\\/\\\/www.facebook.com\\\/OrganisatorFachmagazin\",\"https:\\\/\\\/www.linkedin.com\\\/showcase\\\/organisator-das-magazin-fr-kmu\",\"https:\\\/\\\/www.xing.com\\\/news\\\/pages\\\/organisator-ch-695\",\"https:\\\/\\\/www.youtube.com\\\/channel\\\/UCGP2Sq0iWaZwT3BdIAQFYpw\"]},{\"@type\":\"Person\",\"@id\":\"https:\\\/\\\/www.organisator.ch\\\/#\\\/schema\\\/person\\\/134708ca9321c57b0362cceb7948ffbd\",\"name\":\"michael.merz\",\"image\":{\"@type\":\"ImageObject\",\"inLanguage\":\"de\",\"@id\":\"https:\\\/\\\/secure.gravatar.com\\\/avatar\\\/?s=96&d=mm&r=g\",\"url\":\"https:\\\/\\\/secure.gravatar.com\\\/avatar\\\/?s=96&d=mm&r=g\",\"contentUrl\":\"https:\\\/\\\/secure.gravatar.com\\\/avatar\\\/?s=96&d=mm&r=g\",\"caption\":\"michael.merz\"},\"url\":\"https:\\\/\\\/www.organisator.ch\\\/de\\\/author\\\/michael-merz\\\/\"}]}<\/script>\n<!-- \/ Yoast SEO plugin. -->","yoast_head_json":{"title":"F\u00fcr Insekten: Vom Reden ins Handeln - Organisator","description":"Der Tag der Insekten Schweiz f\u00f6rdert Engagement und Vernetzung f\u00fcr den Schutz von Insekten und Biodiversit\u00e4t.","robots":{"index":"index","follow":"follow","max-snippet":"max-snippet:-1","max-image-preview":"max-image-preview:large","max-video-preview":"max-video-preview:-1"},"canonical":"https:\/\/www.organisator.ch\/de\/sustainability\/2019-07-29\/fuer-insekten-vom-reden-ins-handeln\/","og_locale":"de_DE","og_type":"article","og_title":"F\u00fcr Insekten: Vom Reden ins Handeln - Organisator","og_description":"Der Tag der Insekten Schweiz f\u00f6rdert Engagement und Vernetzung f\u00fcr den Schutz von Insekten und Biodiversit\u00e4t.","og_url":"https:\/\/www.organisator.ch\/de\/sustainability\/2019-07-29\/fuer-insekten-vom-reden-ins-handeln\/","og_site_name":"Organisator","article_publisher":"https:\/\/www.facebook.com\/OrganisatorFachmagazin","article_published_time":"2019-07-29T12:12:56+00:00","article_modified_time":"2024-11-07T05:51:35+00:00","og_image":[{"width":2048,"height":1373,"url":"https:\/\/www.organisator.ch\/wp-content\/uploads\/2019\/07\/InsektenRetten.jpg","type":"image\/jpeg"}],"author":"michael.merz","twitter_card":"summary_large_image","schema":{"@context":"https:\/\/schema.org","@graph":[{"@type":"Article","@id":"https:\/\/www.organisator.ch\/sustainability\/2019-07-29\/fuer-insekten-vom-reden-ins-handeln\/#article","isPartOf":{"@id":"https:\/\/www.organisator.ch\/sustainability\/2019-07-29\/fuer-insekten-vom-reden-ins-handeln\/"},"author":{"name":"michael.merz","@id":"https:\/\/www.organisator.ch\/#\/schema\/person\/134708ca9321c57b0362cceb7948ffbd"},"headline":"F\u00fcr Insekten: Vom Reden ins Handeln","datePublished":"2019-07-29T12:12:56+00:00","dateModified":"2024-11-07T05:51:35+00:00","mainEntityOfPage":{"@id":"https:\/\/www.organisator.ch\/sustainability\/2019-07-29\/fuer-insekten-vom-reden-ins-handeln\/"},"wordCount":503,"publisher":{"@id":"https:\/\/www.organisator.ch\/#organization"},"image":{"@id":"https:\/\/www.organisator.ch\/sustainability\/2019-07-29\/fuer-insekten-vom-reden-ins-handeln\/#primaryimage"},"thumbnailUrl":"https:\/\/www.organisator.ch\/wp-content\/uploads\/2019\/07\/InsektenRetten.jpg","keywords":["Aarau","Insektensterben","Veranstaltung"],"articleSection":["SUSTAINABILITY"],"inLanguage":"de"},{"@type":"WebPage","@id":"https:\/\/www.organisator.ch\/sustainability\/2019-07-29\/fuer-insekten-vom-reden-ins-handeln\/","url":"https:\/\/www.organisator.ch\/sustainability\/2019-07-29\/fuer-insekten-vom-reden-ins-handeln\/","name":"F\u00fcr Insekten: Vom Reden ins Handeln - Organisator","isPartOf":{"@id":"https:\/\/www.organisator.ch\/#website"},"primaryImageOfPage":{"@id":"https:\/\/www.organisator.ch\/sustainability\/2019-07-29\/fuer-insekten-vom-reden-ins-handeln\/#primaryimage"},"image":{"@id":"https:\/\/www.organisator.ch\/sustainability\/2019-07-29\/fuer-insekten-vom-reden-ins-handeln\/#primaryimage"},"thumbnailUrl":"https:\/\/www.organisator.ch\/wp-content\/uploads\/2019\/07\/InsektenRetten.jpg","datePublished":"2019-07-29T12:12:56+00:00","dateModified":"2024-11-07T05:51:35+00:00","description":"Der Tag der Insekten Schweiz f\u00f6rdert Engagement und Vernetzung f\u00fcr den Schutz von Insekten und Biodiversit\u00e4t.","breadcrumb":{"@id":"https:\/\/www.organisator.ch\/sustainability\/2019-07-29\/fuer-insekten-vom-reden-ins-handeln\/#breadcrumb"},"inLanguage":"de","potentialAction":[{"@type":"ReadAction","target":["https:\/\/www.organisator.ch\/sustainability\/2019-07-29\/fuer-insekten-vom-reden-ins-handeln\/"]}]},{"@type":"ImageObject","inLanguage":"de","@id":"https:\/\/www.organisator.ch\/sustainability\/2019-07-29\/fuer-insekten-vom-reden-ins-handeln\/#primaryimage","url":"https:\/\/www.organisator.ch\/wp-content\/uploads\/2019\/07\/InsektenRetten.jpg","contentUrl":"https:\/\/www.organisator.ch\/wp-content\/uploads\/2019\/07\/InsektenRetten.jpg","width":2048,"height":1373,"caption":"\u201eWir m\u00f6chten die Biozid-Branche umdrehen und weitere Sektoren inspirieren\u201c, so der Initiator von Insect Respect, Dr. Hans-Dietrich Reckhaus. 2015 erhielt er daf\u00fcr den Schweizer Ethikpreis, 2018 den Preis als Top 100 Innovator. Ausl\u00f6ser f\u00fcr den Unternehmenswandel und das weltweit einzigartige Ausgleichsmo-dell war der Dialog mit den Schweizer Konzeptk\u00fcnstlern Frank und Patrik Riklin. Sie initiierten die Gegenbewegung \u201eretten statt t\u00f6ten\" und setzten 2012 gemeinsam mit Hans-Dietrich Reck-haus die Aktion \u201eFliegen retten\" um. (www.fliegenretten.de) www.insect-respect.org"},{"@type":"BreadcrumbList","@id":"https:\/\/www.organisator.ch\/sustainability\/2019-07-29\/fuer-insekten-vom-reden-ins-handeln\/#breadcrumb","itemListElement":[{"@type":"ListItem","position":1,"name":"Home","item":"https:\/\/www.organisator.ch\/"},{"@type":"ListItem","position":2,"name":"F\u00fcr Insekten: Vom Reden ins Handeln"}]},{"@type":"WebSite","@id":"https:\/\/www.organisator.ch\/#website","url":"https:\/\/www.organisator.ch\/","name":"Organisator","description":"Kompetent. Praxisnah. Der ORGANISATOR bereitet in 10 Ausgaben pro Jahr die wesentlichen Themen f\u00fcr F\u00fchrungskr\u00e4fte von KMU auf.","publisher":{"@id":"https:\/\/www.organisator.ch\/#organization"},"potentialAction":[{"@type":"SearchAction","target":{"@type":"EntryPoint","urlTemplate":"https:\/\/www.organisator.ch\/?s={search_term_string}"},"query-input":{"@type":"PropertyValueSpecification","valueRequired":true,"valueName":"search_term_string"}}],"inLanguage":"de"},{"@type":"Organization","@id":"https:\/\/www.organisator.ch\/#organization","name":"Organisator","url":"https:\/\/www.organisator.ch\/","logo":{"@type":"ImageObject","inLanguage":"de","@id":"https:\/\/www.organisator.ch\/#\/schema\/logo\/image\/","url":"https:\/\/www.organisator.ch\/wp-content\/uploads\/2022\/01\/Logo_Organisator_Website.png","contentUrl":"https:\/\/www.organisator.ch\/wp-content\/uploads\/2022\/01\/Logo_Organisator_Website.png","width":800,"height":77,"caption":"Organisator"},"image":{"@id":"https:\/\/www.organisator.ch\/#\/schema\/logo\/image\/"},"sameAs":["https:\/\/www.facebook.com\/OrganisatorFachmagazin","https:\/\/www.linkedin.com\/showcase\/organisator-das-magazin-fr-kmu","https:\/\/www.xing.com\/news\/pages\/organisator-ch-695","https:\/\/www.youtube.com\/channel\/UCGP2Sq0iWaZwT3BdIAQFYpw"]},{"@type":"Person","@id":"https:\/\/www.organisator.ch\/#\/schema\/person\/134708ca9321c57b0362cceb7948ffbd","name":"michael.merz","image":{"@type":"ImageObject","inLanguage":"de","@id":"https:\/\/secure.gravatar.com\/avatar\/?s=96&d=mm&r=g","url":"https:\/\/secure.gravatar.com\/avatar\/?s=96&d=mm&r=g","contentUrl":"https:\/\/secure.gravatar.com\/avatar\/?s=96&d=mm&r=g","caption":"michael.merz"},"url":"https:\/\/www.organisator.ch\/de\/author\/michael-merz\/"}]}},"_links":{"self":[{"href":"https:\/\/www.organisator.ch\/de\/wp-json\/wp\/v2\/posts\/10104","targetHints":{"allow":["GET"]}}],"collection":[{"href":"https:\/\/www.organisator.ch\/de\/wp-json\/wp\/v2\/posts"}],"about":[{"href":"https:\/\/www.organisator.ch\/de\/wp-json\/wp\/v2\/types\/post"}],"author":[{"embeddable":true,"href":"https:\/\/www.organisator.ch\/de\/wp-json\/wp\/v2\/users\/5"}],"replies":[{"embeddable":true,"href":"https:\/\/www.organisator.ch\/de\/wp-json\/wp\/v2\/comments?post=10104"}],"version-history":[{"count":3,"href":"https:\/\/www.organisator.ch\/de\/wp-json\/wp\/v2\/posts\/10104\/revisions"}],"predecessor-version":[{"id":31630,"href":"https:\/\/www.organisator.ch\/de\/wp-json\/wp\/v2\/posts\/10104\/revisions\/31630"}],"wp:featuredmedia":[{"embeddable":true,"href":"https:\/\/www.organisator.ch\/de\/wp-json\/wp\/v2\/media\/2351"}],"wp:attachment":[{"href":"https:\/\/www.organisator.ch\/de\/wp-json\/wp\/v2\/media?parent=10104"}],"wp:term":[{"taxonomy":"category","embeddable":true,"href":"https:\/\/www.organisator.ch\/de\/wp-json\/wp\/v2\/categories?post=10104"},{"taxonomy":"post_tag","embeddable":true,"href":"https:\/\/www.organisator.ch\/de\/wp-json\/wp\/v2\/tags?post=10104"}],"curies":[{"name":"wp","href":"https:\/\/api.w.org\/{rel}","templated":true}]}}