{"id":10106,"date":"2019-08-08T13:50:23","date_gmt":"2019-08-08T11:50:23","guid":{"rendered":"https:\/\/www.umweltperspektiven.ch\/?p=2363"},"modified":"2022-02-09T11:06:52","modified_gmt":"2022-02-09T10:06:52","slug":"ipcc-sonderbericht-belegt-dramatische-risiken-des-klimawandels","status":"publish","type":"post","link":"https:\/\/www.organisator.ch\/de\/sustainability\/2019-08-08\/ipcc-sonderbericht-belegt-dramatische-risiken-des-klimawandels\/","title":{"rendered":"IPCC-Sonderbericht belegt dramatische Risiken des Klimawandels"},"content":{"rendered":"<figure id=\"attachment_2364\" aria-describedby=\"caption-attachment-2364\" style=\"width: 640px\" class=\"wp-caption alignnone\"><img loading=\"lazy\" decoding=\"async\" class=\"size-full wp-image-2364\" src=\"\/\/www.umweltperspektiven.ch\/wp-content\/uploads\/2019\/08\/Weltklimawandel_eric-welch.jpg\" alt=\"\" width=\"640\" height=\"427\" srcset=\"https:\/\/www.organisator.ch\/wp-content\/uploads\/2019\/08\/Weltklimawandel_eric-welch.jpg 640w, https:\/\/www.organisator.ch\/wp-content\/uploads\/2019\/08\/Weltklimawandel_eric-welch-18x12.jpg 18w, https:\/\/www.organisator.ch\/wp-content\/uploads\/2019\/08\/Weltklimawandel_eric-welch-262x175.jpg 262w, https:\/\/www.organisator.ch\/wp-content\/uploads\/2019\/08\/Weltklimawandel_eric-welch-525x350.jpg 525w, https:\/\/www.organisator.ch\/wp-content\/uploads\/2019\/08\/Weltklimawandel_eric-welch-300x200.jpg 300w\" sizes=\"auto, (max-width: 640px) 100vw, 640px\" \/><figcaption id=\"caption-attachment-2364\" class=\"wp-caption-text\">Schnelle und entschlossene Klimaschutz- und Anpassungsmassnahmen im Landsektor w\u00fcrden kurzfristig Vorteile bringen. Auch \u00fcber langfristige Konsequenzen informiert der Sonderbericht des Weltklimarats. (Bild: Unsplash_EricWalsh)<\/figcaption><\/figure>\n<p><span style=\"font-size: 10.0pt; font-family: 'Tahoma','sans-serif';\">Bundesumweltministerin Svenja Schulze: \u201eDer Bericht des Weltklimarats (IPCC-Sonderbericht) <\/span><span style=\"font-size: 10.0pt; font-family: 'Tahoma','sans-serif';\">zeigt: Klimaschutz ist eine Existenzfrage f\u00fcr uns Menschen. Denn der Klimawandel gef\u00e4hrdet unsere Ern\u00e4hrungs- und Lebensgrundlagen. Die Land- und Forstwirtschaft ist ein Opfer dieser Entwicklung, aber sie ist auch ein wichtiger Verursacher und damit ein Teil der L\u00f6sung beim Klimaschutz. Die Art, wie die Menschheit mit dem Land umgeht, kann das Klima sch\u00fctzen oder sch\u00e4digen. Der Bericht zeigt uns, dass Klimaschutz in der Land- und Forstwirtschaft machbar ist und zugleich soziale, wirtschaftliche und \u00f6kologische Vorteile bringt. Die anstehende Reform der EU-Agrarf\u00f6rderung ist eine gute Gelegenheit, in Europa die richtigen Anreize f\u00fcr mehr Klimaschutz in der Landwirtschaft zu setzen.\u201c<\/span><\/p>\n<p><span style=\"font-size: 10.0pt; font-family: 'Tahoma','sans-serif';\">Dr. Georg Sch\u00fctte, Staatssekret\u00e4r im Bundesministerium f\u00fcr Bildung und Forschung: \u201eDeutschland hat dank der Unterst\u00fctzung durch die Bundesregierung eine starke wissenschaftliche Stimme im Weltklimarat. Die Wissenschaft mahnt uns, die Ergebnisse von vielen Jahrzehnten Forschung ernst zu nehmen. Die Folgen der D\u00fcrre im vergangenen und in diesem Jahr zeigen uns auch in unseren Breiten, dass wir moderne Technologien nutzen m\u00fcssen, um nachhaltig mit den nat\u00fcrlichen Ressourcen an Land umzugehen. Aber das, was wir heute k\u00f6nnen, wird nicht reichen. Langfristig brauchen wir weitere Anstrengungen der Wissenschaft, um beispielsweise d\u00fcrreresistente Pflanzen zu z\u00fcchten oder Nahrungsmittel-Ketten zu entwickeln, die zu geringeren Verlusten nach der Ernte f\u00fchren. Das geht oftmals nur in internationaler Zusammenarbeit, wie unsere BMBF-Kompetenzzentren zu Klimawandel und Landnutzung im westlichen und s\u00fcdlichen Afrika zeigen.\u201c<\/span><\/p>\n<p><strong>Alermierende Folgen <\/strong><\/p>\n<p><span style=\"font-size: 10.0pt; font-family: 'Tahoma','sans-serif';\">Der Bericht zeigt, dass fast ein Viertel der aktuellen menschengemachten Treibhausgasemissionen auf die Landnutzung, darunter Forst- und Landwirtschaft, zur\u00fcckgehen. Gleichzeitig wirkt die Landbiosph\u00e4re als nat\u00fcrliche Treibhausgassenke, weil knapp 30 Prozent der anthropogenen CO2-Emissionen von Vegetation und B\u00f6den gebunden werden.<\/span><\/p>\n<p><span style=\"font-size: 10.0pt; font-family: 'Tahoma','sans-serif';\">Folgen des Klimawandels sind bereits nachweisbar. Mit zunehmender globaler Erw\u00e4rmung sind negative Auswirkungen auf Ernteertr\u00e4ge, Nahrungsmittelversorgung, Nahrungsmittelpreise und Wasserverf\u00fcgbarkeit zu erwarten. Gravierende Risiken k\u00f6nnten durch Vegetationsverlust und Artensterben, zunehmende Waldbr\u00e4nde, Boden- und K\u00fcstenerosion sowie das verst\u00e4rkte Auftauen von Permafrostb\u00f6den entstehen.<\/span><\/p>\n<p><span style=\"font-size: 10.0pt; font-family: 'Tahoma','sans-serif';\">Es gibt wirksame Massnahmen, die gleichzeitig dem Klimawandel und der Landdegradierung entgegenwirken. Dazu geh\u00f6ren nachhaltiges Land- und Forstmanagement sowie Ma\u00dfnahmen im Ern\u00e4hrungssystem, z. B. die Verringerung von Nahrungsmittelverschwendung und weniger ressourcenintensive Ern\u00e4hrungsweisen.<\/span><\/p>\n<p><span style=\"font-size: 10.0pt; font-family: 'Tahoma','sans-serif';\">Schnelles Handeln verringert das Risiko irreversibler Folgen f\u00fcr Ern\u00e4hrungssicherheit und f\u00fcr terrestrische \u00d6kosysteme, die f\u00fcr das Wohlergehen der Menschen entscheidend sind. Die Kosten der Klimawandelfolgen w\u00fcrden die Kosten von schnellen Klimaschutzma\u00dfnahmen in vielen Bereichen bei Weitem \u00fcbersteigen.<\/span><\/p>\n<p><a href=\"\/\/www.ipcc.ch\/\">www.ipcc.ch<\/a><\/p>\n<p><span style=\"font-size: 10.0pt; font-family: 'Arial','sans-serif';\">\u00a0<\/span><\/p>\n","protected":false},"excerpt":{"rendered":"<p>Bundesumweltministerin Svenja Schulze: \u201eDer Bericht des Weltklimarats (IPCC-Sonderbericht) zeigt: Klimaschutz ist eine Existenzfrage f\u00fcr uns Menschen. Denn der Klimawandel gef\u00e4hrdet unsere Ern\u00e4hrungs- und Lebensgrundlagen. Die Land- und Forstwirtschaft ist ein Opfer dieser Entwicklung, aber sie ist auch ein wichtiger Verursacher und damit ein Teil der L\u00f6sung beim Klimaschutz. Die Art, wie die Menschheit mit dem [&hellip;]<\/p>\n","protected":false},"author":5,"featured_media":2364,"comment_status":"open","ping_status":"open","sticky":false,"template":"","format":"standard","meta":{"_acf_changed":false,"_yoast_wpseo_focuskw":"IPCC","_yoast_wpseo_metadesc":"Der heute in Genf vorgestellte Sonderbericht des Weltklimarats (IPCC) \u00fcber Klimawandel und Landsysteme offenbart substanzielle Risiken.","articlekey":"","footnotes":""},"categories":[580],"tags":[596,2156,2547],"class_list":["post-10106","post","type-post","status-publish","format-standard","has-post-thumbnail","hentry","category-sustainability","tag-klima","tag-sonderbericht","tag-weltklimarat"],"acf":[],"yoast_head":"<!-- This site is optimized with the Yoast SEO plugin v27.4 - https:\/\/yoast.com\/product\/yoast-seo-wordpress\/ -->\n<title>IPCC-Sonderbericht belegt dramatische Risiken des Klimawandels - Organisator<\/title>\n<meta name=\"description\" content=\"Der heute in Genf vorgestellte Sonderbericht des Weltklimarats (IPCC) \u00fcber Klimawandel und Landsysteme offenbart substanzielle Risiken.\" \/>\n<meta name=\"robots\" content=\"index, follow, max-snippet:-1, max-image-preview:large, max-video-preview:-1\" \/>\n<link rel=\"canonical\" href=\"https:\/\/www.organisator.ch\/de\/sustainability\/2019-08-08\/ipcc-sonderbericht-belegt-dramatische-risiken-des-klimawandels\/\" \/>\n<meta property=\"og:locale\" content=\"de_DE\" \/>\n<meta property=\"og:type\" content=\"article\" \/>\n<meta property=\"og:title\" content=\"IPCC-Sonderbericht belegt dramatische Risiken des Klimawandels - Organisator\" \/>\n<meta property=\"og:description\" content=\"Der heute in Genf vorgestellte Sonderbericht des Weltklimarats (IPCC) \u00fcber Klimawandel und Landsysteme offenbart substanzielle Risiken.\" \/>\n<meta property=\"og:url\" content=\"https:\/\/www.organisator.ch\/de\/sustainability\/2019-08-08\/ipcc-sonderbericht-belegt-dramatische-risiken-des-klimawandels\/\" \/>\n<meta property=\"og:site_name\" content=\"Organisator\" \/>\n<meta property=\"article:publisher\" content=\"https:\/\/www.facebook.com\/OrganisatorFachmagazin\" \/>\n<meta property=\"article:published_time\" content=\"2019-08-08T11:50:23+00:00\" \/>\n<meta property=\"article:modified_time\" content=\"2022-02-09T10:06:52+00:00\" \/>\n<meta property=\"og:image\" content=\"https:\/\/www.organisator.ch\/wp-content\/uploads\/2019\/08\/Weltklimawandel_eric-welch.jpg\" \/>\n\t<meta property=\"og:image:width\" content=\"640\" \/>\n\t<meta property=\"og:image:height\" content=\"427\" \/>\n\t<meta property=\"og:image:type\" content=\"image\/jpeg\" \/>\n<meta name=\"author\" content=\"michael.merz\" \/>\n<meta name=\"twitter:card\" content=\"summary_large_image\" \/>\n<script type=\"application\/ld+json\" class=\"yoast-schema-graph\">{\"@context\":\"https:\\\/\\\/schema.org\",\"@graph\":[{\"@type\":\"Article\",\"@id\":\"https:\\\/\\\/www.organisator.ch\\\/sustainability\\\/2019-08-08\\\/ipcc-sonderbericht-belegt-dramatische-risiken-des-klimawandels\\\/#article\",\"isPartOf\":{\"@id\":\"https:\\\/\\\/www.organisator.ch\\\/sustainability\\\/2019-08-08\\\/ipcc-sonderbericht-belegt-dramatische-risiken-des-klimawandels\\\/\"},\"author\":{\"name\":\"michael.merz\",\"@id\":\"https:\\\/\\\/www.organisator.ch\\\/#\\\/schema\\\/person\\\/134708ca9321c57b0362cceb7948ffbd\"},\"headline\":\"IPCC-Sonderbericht belegt dramatische Risiken des Klimawandels\",\"datePublished\":\"2019-08-08T11:50:23+00:00\",\"dateModified\":\"2022-02-09T10:06:52+00:00\",\"mainEntityOfPage\":{\"@id\":\"https:\\\/\\\/www.organisator.ch\\\/sustainability\\\/2019-08-08\\\/ipcc-sonderbericht-belegt-dramatische-risiken-des-klimawandels\\\/\"},\"wordCount\":461,\"commentCount\":0,\"publisher\":{\"@id\":\"https:\\\/\\\/www.organisator.ch\\\/#organization\"},\"image\":{\"@id\":\"https:\\\/\\\/www.organisator.ch\\\/sustainability\\\/2019-08-08\\\/ipcc-sonderbericht-belegt-dramatische-risiken-des-klimawandels\\\/#primaryimage\"},\"thumbnailUrl\":\"https:\\\/\\\/www.organisator.ch\\\/wp-content\\\/uploads\\\/2019\\\/08\\\/Weltklimawandel_eric-welch.jpg\",\"keywords\":[\"KLIMA\",\"Sonderbericht\",\"Weltklimarat\"],\"articleSection\":[\"SUSTAINABILITY\"],\"inLanguage\":\"de\"},{\"@type\":\"WebPage\",\"@id\":\"https:\\\/\\\/www.organisator.ch\\\/sustainability\\\/2019-08-08\\\/ipcc-sonderbericht-belegt-dramatische-risiken-des-klimawandels\\\/\",\"url\":\"https:\\\/\\\/www.organisator.ch\\\/sustainability\\\/2019-08-08\\\/ipcc-sonderbericht-belegt-dramatische-risiken-des-klimawandels\\\/\",\"name\":\"IPCC-Sonderbericht belegt dramatische Risiken des Klimawandels - Organisator\",\"isPartOf\":{\"@id\":\"https:\\\/\\\/www.organisator.ch\\\/#website\"},\"primaryImageOfPage\":{\"@id\":\"https:\\\/\\\/www.organisator.ch\\\/sustainability\\\/2019-08-08\\\/ipcc-sonderbericht-belegt-dramatische-risiken-des-klimawandels\\\/#primaryimage\"},\"image\":{\"@id\":\"https:\\\/\\\/www.organisator.ch\\\/sustainability\\\/2019-08-08\\\/ipcc-sonderbericht-belegt-dramatische-risiken-des-klimawandels\\\/#primaryimage\"},\"thumbnailUrl\":\"https:\\\/\\\/www.organisator.ch\\\/wp-content\\\/uploads\\\/2019\\\/08\\\/Weltklimawandel_eric-welch.jpg\",\"datePublished\":\"2019-08-08T11:50:23+00:00\",\"dateModified\":\"2022-02-09T10:06:52+00:00\",\"description\":\"Der heute in Genf vorgestellte Sonderbericht des Weltklimarats (IPCC) \u00fcber Klimawandel und Landsysteme offenbart substanzielle Risiken.\",\"breadcrumb\":{\"@id\":\"https:\\\/\\\/www.organisator.ch\\\/sustainability\\\/2019-08-08\\\/ipcc-sonderbericht-belegt-dramatische-risiken-des-klimawandels\\\/#breadcrumb\"},\"inLanguage\":\"de\",\"potentialAction\":[{\"@type\":\"ReadAction\",\"target\":[\"https:\\\/\\\/www.organisator.ch\\\/sustainability\\\/2019-08-08\\\/ipcc-sonderbericht-belegt-dramatische-risiken-des-klimawandels\\\/\"]}]},{\"@type\":\"ImageObject\",\"inLanguage\":\"de\",\"@id\":\"https:\\\/\\\/www.organisator.ch\\\/sustainability\\\/2019-08-08\\\/ipcc-sonderbericht-belegt-dramatische-risiken-des-klimawandels\\\/#primaryimage\",\"url\":\"https:\\\/\\\/www.organisator.ch\\\/wp-content\\\/uploads\\\/2019\\\/08\\\/Weltklimawandel_eric-welch.jpg\",\"contentUrl\":\"https:\\\/\\\/www.organisator.ch\\\/wp-content\\\/uploads\\\/2019\\\/08\\\/Weltklimawandel_eric-welch.jpg\",\"width\":640,\"height\":427,\"caption\":\"Schnelle und entschlossene Klimaschutz- und Anpassungsmassnahmen im Landsektor w\u00fcrden kurzfristig soziale und wirtschaftliche Vorteile bringen. Auch \u00fcber langfristige Konsequenzen informiert der Sonderbericht des Weltklimarats? (Bild: Unsplash_EricWalsh)\"},{\"@type\":\"BreadcrumbList\",\"@id\":\"https:\\\/\\\/www.organisator.ch\\\/sustainability\\\/2019-08-08\\\/ipcc-sonderbericht-belegt-dramatische-risiken-des-klimawandels\\\/#breadcrumb\",\"itemListElement\":[{\"@type\":\"ListItem\",\"position\":1,\"name\":\"Home\",\"item\":\"https:\\\/\\\/www.organisator.ch\\\/\"},{\"@type\":\"ListItem\",\"position\":2,\"name\":\"IPCC-Sonderbericht belegt dramatische Risiken des Klimawandels\"}]},{\"@type\":\"WebSite\",\"@id\":\"https:\\\/\\\/www.organisator.ch\\\/#website\",\"url\":\"https:\\\/\\\/www.organisator.ch\\\/\",\"name\":\"Organisator\",\"description\":\"Kompetent. Praxisnah. Der ORGANISATOR bereitet in 10 Ausgaben pro Jahr die wesentlichen Themen f\u00fcr F\u00fchrungskr\u00e4fte von KMU auf.\",\"publisher\":{\"@id\":\"https:\\\/\\\/www.organisator.ch\\\/#organization\"},\"potentialAction\":[{\"@type\":\"SearchAction\",\"target\":{\"@type\":\"EntryPoint\",\"urlTemplate\":\"https:\\\/\\\/www.organisator.ch\\\/?s={search_term_string}\"},\"query-input\":{\"@type\":\"PropertyValueSpecification\",\"valueRequired\":true,\"valueName\":\"search_term_string\"}}],\"inLanguage\":\"de\"},{\"@type\":\"Organization\",\"@id\":\"https:\\\/\\\/www.organisator.ch\\\/#organization\",\"name\":\"Organisator\",\"url\":\"https:\\\/\\\/www.organisator.ch\\\/\",\"logo\":{\"@type\":\"ImageObject\",\"inLanguage\":\"de\",\"@id\":\"https:\\\/\\\/www.organisator.ch\\\/#\\\/schema\\\/logo\\\/image\\\/\",\"url\":\"https:\\\/\\\/www.organisator.ch\\\/wp-content\\\/uploads\\\/2022\\\/01\\\/Logo_Organisator_Website.png\",\"contentUrl\":\"https:\\\/\\\/www.organisator.ch\\\/wp-content\\\/uploads\\\/2022\\\/01\\\/Logo_Organisator_Website.png\",\"width\":800,\"height\":77,\"caption\":\"Organisator\"},\"image\":{\"@id\":\"https:\\\/\\\/www.organisator.ch\\\/#\\\/schema\\\/logo\\\/image\\\/\"},\"sameAs\":[\"https:\\\/\\\/www.facebook.com\\\/OrganisatorFachmagazin\",\"https:\\\/\\\/www.linkedin.com\\\/showcase\\\/organisator-das-magazin-fr-kmu\",\"https:\\\/\\\/www.xing.com\\\/news\\\/pages\\\/organisator-ch-695\",\"https:\\\/\\\/www.youtube.com\\\/channel\\\/UCGP2Sq0iWaZwT3BdIAQFYpw\"]},{\"@type\":\"Person\",\"@id\":\"https:\\\/\\\/www.organisator.ch\\\/#\\\/schema\\\/person\\\/134708ca9321c57b0362cceb7948ffbd\",\"name\":\"michael.merz\",\"image\":{\"@type\":\"ImageObject\",\"inLanguage\":\"de\",\"@id\":\"https:\\\/\\\/secure.gravatar.com\\\/avatar\\\/?s=96&d=mm&r=g\",\"url\":\"https:\\\/\\\/secure.gravatar.com\\\/avatar\\\/?s=96&d=mm&r=g\",\"contentUrl\":\"https:\\\/\\\/secure.gravatar.com\\\/avatar\\\/?s=96&d=mm&r=g\",\"caption\":\"michael.merz\"},\"url\":\"https:\\\/\\\/www.organisator.ch\\\/de\\\/author\\\/michael-merz\\\/\"}]}<\/script>\n<!-- \/ Yoast SEO plugin. -->","yoast_head_json":{"title":"IPCC-Sonderbericht belegt dramatische Risiken des Klimawandels - Organisator","description":"Der heute in Genf vorgestellte Sonderbericht des Weltklimarats (IPCC) \u00fcber Klimawandel und Landsysteme offenbart substanzielle Risiken.","robots":{"index":"index","follow":"follow","max-snippet":"max-snippet:-1","max-image-preview":"max-image-preview:large","max-video-preview":"max-video-preview:-1"},"canonical":"https:\/\/www.organisator.ch\/de\/sustainability\/2019-08-08\/ipcc-sonderbericht-belegt-dramatische-risiken-des-klimawandels\/","og_locale":"de_DE","og_type":"article","og_title":"IPCC-Sonderbericht belegt dramatische Risiken des Klimawandels - Organisator","og_description":"Der heute in Genf vorgestellte Sonderbericht des Weltklimarats (IPCC) \u00fcber Klimawandel und Landsysteme offenbart substanzielle Risiken.","og_url":"https:\/\/www.organisator.ch\/de\/sustainability\/2019-08-08\/ipcc-sonderbericht-belegt-dramatische-risiken-des-klimawandels\/","og_site_name":"Organisator","article_publisher":"https:\/\/www.facebook.com\/OrganisatorFachmagazin","article_published_time":"2019-08-08T11:50:23+00:00","article_modified_time":"2022-02-09T10:06:52+00:00","og_image":[{"width":640,"height":427,"url":"https:\/\/www.organisator.ch\/wp-content\/uploads\/2019\/08\/Weltklimawandel_eric-welch.jpg","type":"image\/jpeg"}],"author":"michael.merz","twitter_card":"summary_large_image","schema":{"@context":"https:\/\/schema.org","@graph":[{"@type":"Article","@id":"https:\/\/www.organisator.ch\/sustainability\/2019-08-08\/ipcc-sonderbericht-belegt-dramatische-risiken-des-klimawandels\/#article","isPartOf":{"@id":"https:\/\/www.organisator.ch\/sustainability\/2019-08-08\/ipcc-sonderbericht-belegt-dramatische-risiken-des-klimawandels\/"},"author":{"name":"michael.merz","@id":"https:\/\/www.organisator.ch\/#\/schema\/person\/134708ca9321c57b0362cceb7948ffbd"},"headline":"IPCC-Sonderbericht belegt dramatische Risiken des Klimawandels","datePublished":"2019-08-08T11:50:23+00:00","dateModified":"2022-02-09T10:06:52+00:00","mainEntityOfPage":{"@id":"https:\/\/www.organisator.ch\/sustainability\/2019-08-08\/ipcc-sonderbericht-belegt-dramatische-risiken-des-klimawandels\/"},"wordCount":461,"commentCount":0,"publisher":{"@id":"https:\/\/www.organisator.ch\/#organization"},"image":{"@id":"https:\/\/www.organisator.ch\/sustainability\/2019-08-08\/ipcc-sonderbericht-belegt-dramatische-risiken-des-klimawandels\/#primaryimage"},"thumbnailUrl":"https:\/\/www.organisator.ch\/wp-content\/uploads\/2019\/08\/Weltklimawandel_eric-welch.jpg","keywords":["KLIMA","Sonderbericht","Weltklimarat"],"articleSection":["SUSTAINABILITY"],"inLanguage":"de"},{"@type":"WebPage","@id":"https:\/\/www.organisator.ch\/sustainability\/2019-08-08\/ipcc-sonderbericht-belegt-dramatische-risiken-des-klimawandels\/","url":"https:\/\/www.organisator.ch\/sustainability\/2019-08-08\/ipcc-sonderbericht-belegt-dramatische-risiken-des-klimawandels\/","name":"IPCC-Sonderbericht belegt dramatische Risiken des Klimawandels - Organisator","isPartOf":{"@id":"https:\/\/www.organisator.ch\/#website"},"primaryImageOfPage":{"@id":"https:\/\/www.organisator.ch\/sustainability\/2019-08-08\/ipcc-sonderbericht-belegt-dramatische-risiken-des-klimawandels\/#primaryimage"},"image":{"@id":"https:\/\/www.organisator.ch\/sustainability\/2019-08-08\/ipcc-sonderbericht-belegt-dramatische-risiken-des-klimawandels\/#primaryimage"},"thumbnailUrl":"https:\/\/www.organisator.ch\/wp-content\/uploads\/2019\/08\/Weltklimawandel_eric-welch.jpg","datePublished":"2019-08-08T11:50:23+00:00","dateModified":"2022-02-09T10:06:52+00:00","description":"Der heute in Genf vorgestellte Sonderbericht des Weltklimarats (IPCC) \u00fcber Klimawandel und Landsysteme offenbart substanzielle Risiken.","breadcrumb":{"@id":"https:\/\/www.organisator.ch\/sustainability\/2019-08-08\/ipcc-sonderbericht-belegt-dramatische-risiken-des-klimawandels\/#breadcrumb"},"inLanguage":"de","potentialAction":[{"@type":"ReadAction","target":["https:\/\/www.organisator.ch\/sustainability\/2019-08-08\/ipcc-sonderbericht-belegt-dramatische-risiken-des-klimawandels\/"]}]},{"@type":"ImageObject","inLanguage":"de","@id":"https:\/\/www.organisator.ch\/sustainability\/2019-08-08\/ipcc-sonderbericht-belegt-dramatische-risiken-des-klimawandels\/#primaryimage","url":"https:\/\/www.organisator.ch\/wp-content\/uploads\/2019\/08\/Weltklimawandel_eric-welch.jpg","contentUrl":"https:\/\/www.organisator.ch\/wp-content\/uploads\/2019\/08\/Weltklimawandel_eric-welch.jpg","width":640,"height":427,"caption":"Schnelle und entschlossene Klimaschutz- und Anpassungsmassnahmen im Landsektor w\u00fcrden kurzfristig soziale und wirtschaftliche Vorteile bringen. Auch \u00fcber langfristige Konsequenzen informiert der Sonderbericht des Weltklimarats? (Bild: Unsplash_EricWalsh)"},{"@type":"BreadcrumbList","@id":"https:\/\/www.organisator.ch\/sustainability\/2019-08-08\/ipcc-sonderbericht-belegt-dramatische-risiken-des-klimawandels\/#breadcrumb","itemListElement":[{"@type":"ListItem","position":1,"name":"Home","item":"https:\/\/www.organisator.ch\/"},{"@type":"ListItem","position":2,"name":"IPCC-Sonderbericht belegt dramatische Risiken des Klimawandels"}]},{"@type":"WebSite","@id":"https:\/\/www.organisator.ch\/#website","url":"https:\/\/www.organisator.ch\/","name":"Organisator","description":"Kompetent. Praxisnah. Der ORGANISATOR bereitet in 10 Ausgaben pro Jahr die wesentlichen Themen f\u00fcr F\u00fchrungskr\u00e4fte von KMU auf.","publisher":{"@id":"https:\/\/www.organisator.ch\/#organization"},"potentialAction":[{"@type":"SearchAction","target":{"@type":"EntryPoint","urlTemplate":"https:\/\/www.organisator.ch\/?s={search_term_string}"},"query-input":{"@type":"PropertyValueSpecification","valueRequired":true,"valueName":"search_term_string"}}],"inLanguage":"de"},{"@type":"Organization","@id":"https:\/\/www.organisator.ch\/#organization","name":"Organisator","url":"https:\/\/www.organisator.ch\/","logo":{"@type":"ImageObject","inLanguage":"de","@id":"https:\/\/www.organisator.ch\/#\/schema\/logo\/image\/","url":"https:\/\/www.organisator.ch\/wp-content\/uploads\/2022\/01\/Logo_Organisator_Website.png","contentUrl":"https:\/\/www.organisator.ch\/wp-content\/uploads\/2022\/01\/Logo_Organisator_Website.png","width":800,"height":77,"caption":"Organisator"},"image":{"@id":"https:\/\/www.organisator.ch\/#\/schema\/logo\/image\/"},"sameAs":["https:\/\/www.facebook.com\/OrganisatorFachmagazin","https:\/\/www.linkedin.com\/showcase\/organisator-das-magazin-fr-kmu","https:\/\/www.xing.com\/news\/pages\/organisator-ch-695","https:\/\/www.youtube.com\/channel\/UCGP2Sq0iWaZwT3BdIAQFYpw"]},{"@type":"Person","@id":"https:\/\/www.organisator.ch\/#\/schema\/person\/134708ca9321c57b0362cceb7948ffbd","name":"michael.merz","image":{"@type":"ImageObject","inLanguage":"de","@id":"https:\/\/secure.gravatar.com\/avatar\/?s=96&d=mm&r=g","url":"https:\/\/secure.gravatar.com\/avatar\/?s=96&d=mm&r=g","contentUrl":"https:\/\/secure.gravatar.com\/avatar\/?s=96&d=mm&r=g","caption":"michael.merz"},"url":"https:\/\/www.organisator.ch\/de\/author\/michael-merz\/"}]}},"_links":{"self":[{"href":"https:\/\/www.organisator.ch\/de\/wp-json\/wp\/v2\/posts\/10106","targetHints":{"allow":["GET"]}}],"collection":[{"href":"https:\/\/www.organisator.ch\/de\/wp-json\/wp\/v2\/posts"}],"about":[{"href":"https:\/\/www.organisator.ch\/de\/wp-json\/wp\/v2\/types\/post"}],"author":[{"embeddable":true,"href":"https:\/\/www.organisator.ch\/de\/wp-json\/wp\/v2\/users\/5"}],"replies":[{"embeddable":true,"href":"https:\/\/www.organisator.ch\/de\/wp-json\/wp\/v2\/comments?post=10106"}],"version-history":[{"count":1,"href":"https:\/\/www.organisator.ch\/de\/wp-json\/wp\/v2\/posts\/10106\/revisions"}],"predecessor-version":[{"id":10697,"href":"https:\/\/www.organisator.ch\/de\/wp-json\/wp\/v2\/posts\/10106\/revisions\/10697"}],"wp:featuredmedia":[{"embeddable":true,"href":"https:\/\/www.organisator.ch\/de\/wp-json\/wp\/v2\/media\/2364"}],"wp:attachment":[{"href":"https:\/\/www.organisator.ch\/de\/wp-json\/wp\/v2\/media?parent=10106"}],"wp:term":[{"taxonomy":"category","embeddable":true,"href":"https:\/\/www.organisator.ch\/de\/wp-json\/wp\/v2\/categories?post=10106"},{"taxonomy":"post_tag","embeddable":true,"href":"https:\/\/www.organisator.ch\/de\/wp-json\/wp\/v2\/tags?post=10106"}],"curies":[{"name":"wp","href":"https:\/\/api.w.org\/{rel}","templated":true}]}}