{"id":10107,"date":"2019-08-08T16:37:24","date_gmt":"2019-08-08T14:37:24","guid":{"rendered":"https:\/\/www.umweltperspektiven.ch\/?p=2366"},"modified":"2022-02-09T11:10:51","modified_gmt":"2022-02-09T10:10:51","slug":"swisspower-renewables-beteiligt-sich-zu-50-prozent-an-energia-ambiente-spa","status":"publish","type":"post","link":"https:\/\/www.organisator.ch\/de\/sustainability\/2019-08-08\/swisspower-renewables-beteiligt-sich-zu-50-prozent-an-energia-ambiente-spa\/","title":{"rendered":"Swisspower Renewables beteiligt sich zu 50 Prozent an Energia Ambiente SpA"},"content":{"rendered":"<div class=\"page-meta page-meta--detail\">\n<div class=\"page-meta__lead\">\n<figure id=\"attachment_2367\" aria-describedby=\"caption-attachment-2367\" style=\"width: 600px\" class=\"wp-caption alignnone\"><img loading=\"lazy\" decoding=\"async\" class=\"size-full wp-image-2367\" src=\"\/\/www.umweltperspektiven.ch\/wp-content\/uploads\/2019\/08\/Swisspower_Felix_Meier_08.jpg\" alt=\"\" width=\"600\" height=\"399\" srcset=\"https:\/\/www.organisator.ch\/wp-content\/uploads\/2019\/08\/Swisspower_Felix_Meier_08.jpg 600w, https:\/\/www.organisator.ch\/wp-content\/uploads\/2019\/08\/Swisspower_Felix_Meier_08-18x12.jpg 18w, https:\/\/www.organisator.ch\/wp-content\/uploads\/2019\/08\/Swisspower_Felix_Meier_08-263x175.jpg 263w, https:\/\/www.organisator.ch\/wp-content\/uploads\/2019\/08\/Swisspower_Felix_Meier_08-526x350.jpg 526w, https:\/\/www.organisator.ch\/wp-content\/uploads\/2019\/08\/Swisspower_Felix_Meier_08-300x200.jpg 300w\" sizes=\"auto, (max-width: 600px) 100vw, 600px\" \/><figcaption id=\"caption-attachment-2367\" class=\"wp-caption-text\">Felix Meier, CEO Swisspower Renewables AG (Bild: zVg)<\/figcaption><\/figure>\n<p>Die Swisspower Renewables AG, eine von elf Swisspower-Stadtwerken sowie dem Energieinfrastrukturfonds UBS Clean Energy Infrastructure 2 KmGK (UBS-CEIS 2) gehaltene Beteiligungsgesellschaft, baut ihre Investitionen in die Wasserkraft in Italien weiter aus. Swisspower Renewables \u00fcbernimmt 50 Prozent der Anteile an der italienischen Energia Ambiente SpA.<\/p>\n<\/div>\n<\/div>\n<div class=\"content-elements layout__padding-bottom--xxl\">\n<div class=\"content-elements__element\">\n<div class=\"formatted-text  layout__one-child-padding-top--none\">\n<p>Die Energia Ambiente SpA besitzt neun Wasserkraftwerke in der Provinz Sondrio in der Lombardei. Mit einer installierten Leistung von rund 38 Megawatt (MW) betr\u00e4gt die erwartete j\u00e4hrliche Stromproduktion rund 88 Gigawattstunden (GWh). Swisspower Renewables \u00fcbernimmt das Aktienpaket von der Investmentgesellschaft 3New &amp; Partners SpA. Die verbleibenden 50 Prozent der Aktien werden wie bis anhin von der italienischen Bissi Holding SpA gehalten, einer Beteiligungsgesellschaft, die wie Swisspower Renewables ausschliesslich in erneuerbare Energie investiert.<\/p>\n<p><strong>Einer der gr\u00f6ssten Schweizer Produzenten von erneuerbarer Energie im Ausland<\/strong><\/p>\n<p>\u00abMit dieser Akquisition bauen wir unser Wasserkraft-Portfolio in Italien weiter aus\u00bb, sagt Felix Meier, CEO von Swisspower Renewables. Bis anhin besitzt Swisspower Renewables 31 Wasserkraftwerke in Italien sowie 24 Windparks in Italien und Deutschland. Die Gesamtproduktionskapazit\u00e4t des Unternehmens betr\u00e4gt rund 640 GWh pro Jahr, was dem durchschnittlichen j\u00e4hrlichen Stromverbrauch von rund 140\u2019000 Haushalten entspricht. Damit st\u00e4rkt Swisspower Renewables ihre Position als eine der gr\u00f6ssten Schweizer Produzentinnen von erneuerbarer Energie im Ausland.<\/p>\n<\/div>\n<div class=\"content-elements__element\">\n<div class=\"formatted-text  layout__last-child-padding-bottom--none\">\n<p><strong>Beitrag zur Energiewende<\/strong><\/p>\n<p>Mit der Produktion von erneuerbarer Energie leistet Swisspower Renewables einen Beitrag zum Masterplan 2050 der Swisspower-Stadtwerke f\u00fcr die langfristige Versorgung der Schweiz mit erneuerbarer Energie und damit zur Energiewende. Swisspower Renewables treibt den Ausbau der Produktionskapazit\u00e4t an erneuerbarer Energie im Ausland voran, weil in der Schweiz preislich gleichwertige Opportunit\u00e4ten weitgehend fehlen. Um die Versorgungssicherheit in der Schweiz auch k\u00fcnftig zu gew\u00e4hrleisten, ist es unabdingbar, dass gleichzeitig auch im Inland mehr erneuerbare Energie produziert wird. Swisspower setzt sich daf\u00fcr ein, dass entsprechende Investitionsanreize geschaffen werden, unter anderem im Rahmen der laufenden Revision des Stromversorgungsgesetzes.<\/p>\n<p><a href=\"\/\/www.swisspower.ch\">www.swisspower.ch<\/a><\/p>\n<\/div>\n<\/div>\n<\/div>\n<\/div>\n<p>&nbsp;<\/p>\n<p>&nbsp;<\/p>\n<p>&nbsp;<\/p>\n","protected":false},"excerpt":{"rendered":"<p>Die Swisspower Renewables AG, eine von elf Swisspower-Stadtwerken sowie dem Energieinfrastrukturfonds UBS Clean Energy Infrastructure 2 KmGK (UBS-CEIS 2) gehaltene Beteiligungsgesellschaft, baut ihre Investitionen in die Wasserkraft in Italien weiter aus. Swisspower Renewables \u00fcbernimmt 50 Prozent der Anteile an der italienischen Energia Ambiente SpA. Die Energia Ambiente SpA besitzt neun Wasserkraftwerke in der Provinz Sondrio [&hellip;]<\/p>\n","protected":false},"author":5,"featured_media":2367,"comment_status":"open","ping_status":"open","sticky":false,"template":"","format":"standard","meta":{"_acf_changed":false,"_yoast_wpseo_focuskw":"Swisspower Renewables AG","_yoast_wpseo_metadesc":"","articlekey":"","footnotes":""},"categories":[580],"tags":[1095,1098,1456,424,2521],"class_list":["post-10107","post","type-post","status-publish","format-standard","has-post-thumbnail","hentry","category-sustainability","tag-energiewende","tag-enerneuerbare-energie","tag-italien","tag-schweiz","tag-wasserkraftwerk"],"acf":[],"yoast_head":"<!-- This site is optimized with the Yoast SEO plugin v27.5 - https:\/\/yoast.com\/product\/yoast-seo-wordpress\/ -->\n<title>Swisspower Renewables beteiligt sich zu 50 Prozent an Energia Ambiente SpA - Organisator<\/title>\n<meta name=\"robots\" content=\"index, follow, max-snippet:-1, max-image-preview:large, max-video-preview:-1\" \/>\n<link rel=\"canonical\" href=\"https:\/\/www.organisator.ch\/de\/sustainability\/2019-08-08\/swisspower-renewables-beteiligt-sich-zu-50-prozent-an-energia-ambiente-spa\/\" \/>\n<meta property=\"og:locale\" content=\"de_DE\" \/>\n<meta property=\"og:type\" content=\"article\" \/>\n<meta property=\"og:title\" content=\"Swisspower Renewables beteiligt sich zu 50 Prozent an Energia Ambiente SpA - Organisator\" \/>\n<meta property=\"og:description\" content=\"Die Swisspower Renewables AG, eine von elf Swisspower-Stadtwerken sowie dem Energieinfrastrukturfonds UBS Clean Energy Infrastructure 2 KmGK (UBS-CEIS 2) gehaltene Beteiligungsgesellschaft, baut ihre Investitionen in die Wasserkraft in Italien weiter aus. Swisspower Renewables \u00fcbernimmt 50 Prozent der Anteile an der italienischen Energia Ambiente SpA. Die Energia Ambiente SpA besitzt neun Wasserkraftwerke in der Provinz Sondrio [&hellip;]\" \/>\n<meta property=\"og:url\" content=\"https:\/\/www.organisator.ch\/de\/sustainability\/2019-08-08\/swisspower-renewables-beteiligt-sich-zu-50-prozent-an-energia-ambiente-spa\/\" \/>\n<meta property=\"og:site_name\" content=\"Organisator\" \/>\n<meta property=\"article:publisher\" content=\"https:\/\/www.facebook.com\/OrganisatorFachmagazin\" \/>\n<meta property=\"article:published_time\" content=\"2019-08-08T14:37:24+00:00\" \/>\n<meta property=\"article:modified_time\" content=\"2022-02-09T10:10:51+00:00\" \/>\n<meta property=\"og:image\" content=\"https:\/\/www.organisator.ch\/wp-content\/uploads\/2019\/08\/Swisspower_Felix_Meier_08.jpg\" \/>\n\t<meta property=\"og:image:width\" content=\"600\" \/>\n\t<meta property=\"og:image:height\" content=\"399\" \/>\n\t<meta property=\"og:image:type\" content=\"image\/jpeg\" \/>\n<meta name=\"author\" content=\"michael.merz\" \/>\n<meta name=\"twitter:card\" content=\"summary_large_image\" \/>\n<script type=\"application\/ld+json\" class=\"yoast-schema-graph\">{\"@context\":\"https:\\\/\\\/schema.org\",\"@graph\":[{\"@type\":\"Article\",\"@id\":\"https:\\\/\\\/www.organisator.ch\\\/sustainability\\\/2019-08-08\\\/swisspower-renewables-beteiligt-sich-zu-50-prozent-an-energia-ambiente-spa\\\/#article\",\"isPartOf\":{\"@id\":\"https:\\\/\\\/www.organisator.ch\\\/sustainability\\\/2019-08-08\\\/swisspower-renewables-beteiligt-sich-zu-50-prozent-an-energia-ambiente-spa\\\/\"},\"author\":{\"name\":\"michael.merz\",\"@id\":\"https:\\\/\\\/www.organisator.ch\\\/#\\\/schema\\\/person\\\/134708ca9321c57b0362cceb7948ffbd\"},\"headline\":\"Swisspower Renewables beteiligt sich zu 50 Prozent an Energia Ambiente SpA\",\"datePublished\":\"2019-08-08T14:37:24+00:00\",\"dateModified\":\"2022-02-09T10:10:51+00:00\",\"mainEntityOfPage\":{\"@id\":\"https:\\\/\\\/www.organisator.ch\\\/sustainability\\\/2019-08-08\\\/swisspower-renewables-beteiligt-sich-zu-50-prozent-an-energia-ambiente-spa\\\/\"},\"wordCount\":327,\"commentCount\":0,\"publisher\":{\"@id\":\"https:\\\/\\\/www.organisator.ch\\\/#organization\"},\"image\":{\"@id\":\"https:\\\/\\\/www.organisator.ch\\\/sustainability\\\/2019-08-08\\\/swisspower-renewables-beteiligt-sich-zu-50-prozent-an-energia-ambiente-spa\\\/#primaryimage\"},\"thumbnailUrl\":\"https:\\\/\\\/www.organisator.ch\\\/wp-content\\\/uploads\\\/2019\\\/08\\\/Swisspower_Felix_Meier_08.jpg\",\"keywords\":[\"Energiewende\",\"Enerneuerbare Energie\",\"Italien\",\"Schweiz\",\"Wasserkraftwerk\"],\"articleSection\":[\"SUSTAINABILITY\"],\"inLanguage\":\"de\"},{\"@type\":\"WebPage\",\"@id\":\"https:\\\/\\\/www.organisator.ch\\\/sustainability\\\/2019-08-08\\\/swisspower-renewables-beteiligt-sich-zu-50-prozent-an-energia-ambiente-spa\\\/\",\"url\":\"https:\\\/\\\/www.organisator.ch\\\/sustainability\\\/2019-08-08\\\/swisspower-renewables-beteiligt-sich-zu-50-prozent-an-energia-ambiente-spa\\\/\",\"name\":\"Swisspower Renewables beteiligt sich zu 50 Prozent an Energia Ambiente SpA - Organisator\",\"isPartOf\":{\"@id\":\"https:\\\/\\\/www.organisator.ch\\\/#website\"},\"primaryImageOfPage\":{\"@id\":\"https:\\\/\\\/www.organisator.ch\\\/sustainability\\\/2019-08-08\\\/swisspower-renewables-beteiligt-sich-zu-50-prozent-an-energia-ambiente-spa\\\/#primaryimage\"},\"image\":{\"@id\":\"https:\\\/\\\/www.organisator.ch\\\/sustainability\\\/2019-08-08\\\/swisspower-renewables-beteiligt-sich-zu-50-prozent-an-energia-ambiente-spa\\\/#primaryimage\"},\"thumbnailUrl\":\"https:\\\/\\\/www.organisator.ch\\\/wp-content\\\/uploads\\\/2019\\\/08\\\/Swisspower_Felix_Meier_08.jpg\",\"datePublished\":\"2019-08-08T14:37:24+00:00\",\"dateModified\":\"2022-02-09T10:10:51+00:00\",\"breadcrumb\":{\"@id\":\"https:\\\/\\\/www.organisator.ch\\\/sustainability\\\/2019-08-08\\\/swisspower-renewables-beteiligt-sich-zu-50-prozent-an-energia-ambiente-spa\\\/#breadcrumb\"},\"inLanguage\":\"de\",\"potentialAction\":[{\"@type\":\"ReadAction\",\"target\":[\"https:\\\/\\\/www.organisator.ch\\\/sustainability\\\/2019-08-08\\\/swisspower-renewables-beteiligt-sich-zu-50-prozent-an-energia-ambiente-spa\\\/\"]}]},{\"@type\":\"ImageObject\",\"inLanguage\":\"de\",\"@id\":\"https:\\\/\\\/www.organisator.ch\\\/sustainability\\\/2019-08-08\\\/swisspower-renewables-beteiligt-sich-zu-50-prozent-an-energia-ambiente-spa\\\/#primaryimage\",\"url\":\"https:\\\/\\\/www.organisator.ch\\\/wp-content\\\/uploads\\\/2019\\\/08\\\/Swisspower_Felix_Meier_08.jpg\",\"contentUrl\":\"https:\\\/\\\/www.organisator.ch\\\/wp-content\\\/uploads\\\/2019\\\/08\\\/Swisspower_Felix_Meier_08.jpg\",\"width\":600,\"height\":399,\"caption\":\"Felix Meier, CEO Swisspower Renewables AG (Bild: zVg)\"},{\"@type\":\"BreadcrumbList\",\"@id\":\"https:\\\/\\\/www.organisator.ch\\\/sustainability\\\/2019-08-08\\\/swisspower-renewables-beteiligt-sich-zu-50-prozent-an-energia-ambiente-spa\\\/#breadcrumb\",\"itemListElement\":[{\"@type\":\"ListItem\",\"position\":1,\"name\":\"Home\",\"item\":\"https:\\\/\\\/www.organisator.ch\\\/\"},{\"@type\":\"ListItem\",\"position\":2,\"name\":\"Swisspower Renewables beteiligt sich zu 50 Prozent an Energia Ambiente SpA\"}]},{\"@type\":\"WebSite\",\"@id\":\"https:\\\/\\\/www.organisator.ch\\\/#website\",\"url\":\"https:\\\/\\\/www.organisator.ch\\\/\",\"name\":\"Organisator\",\"description\":\"Kompetent. Praxisnah. Der ORGANISATOR bereitet in 10 Ausgaben pro Jahr die wesentlichen Themen f\u00fcr F\u00fchrungskr\u00e4fte von KMU auf.\",\"publisher\":{\"@id\":\"https:\\\/\\\/www.organisator.ch\\\/#organization\"},\"potentialAction\":[{\"@type\":\"SearchAction\",\"target\":{\"@type\":\"EntryPoint\",\"urlTemplate\":\"https:\\\/\\\/www.organisator.ch\\\/?s={search_term_string}\"},\"query-input\":{\"@type\":\"PropertyValueSpecification\",\"valueRequired\":true,\"valueName\":\"search_term_string\"}}],\"inLanguage\":\"de\"},{\"@type\":\"Organization\",\"@id\":\"https:\\\/\\\/www.organisator.ch\\\/#organization\",\"name\":\"Organisator\",\"url\":\"https:\\\/\\\/www.organisator.ch\\\/\",\"logo\":{\"@type\":\"ImageObject\",\"inLanguage\":\"de\",\"@id\":\"https:\\\/\\\/www.organisator.ch\\\/#\\\/schema\\\/logo\\\/image\\\/\",\"url\":\"https:\\\/\\\/www.organisator.ch\\\/wp-content\\\/uploads\\\/2022\\\/01\\\/Logo_Organisator_Website.png\",\"contentUrl\":\"https:\\\/\\\/www.organisator.ch\\\/wp-content\\\/uploads\\\/2022\\\/01\\\/Logo_Organisator_Website.png\",\"width\":800,\"height\":77,\"caption\":\"Organisator\"},\"image\":{\"@id\":\"https:\\\/\\\/www.organisator.ch\\\/#\\\/schema\\\/logo\\\/image\\\/\"},\"sameAs\":[\"https:\\\/\\\/www.facebook.com\\\/OrganisatorFachmagazin\",\"https:\\\/\\\/www.linkedin.com\\\/showcase\\\/organisator-das-magazin-fr-kmu\",\"https:\\\/\\\/www.xing.com\\\/news\\\/pages\\\/organisator-ch-695\",\"https:\\\/\\\/www.youtube.com\\\/channel\\\/UCGP2Sq0iWaZwT3BdIAQFYpw\"]},{\"@type\":\"Person\",\"@id\":\"https:\\\/\\\/www.organisator.ch\\\/#\\\/schema\\\/person\\\/134708ca9321c57b0362cceb7948ffbd\",\"name\":\"michael.merz\",\"image\":{\"@type\":\"ImageObject\",\"inLanguage\":\"de\",\"@id\":\"https:\\\/\\\/secure.gravatar.com\\\/avatar\\\/?s=96&d=mm&r=g\",\"url\":\"https:\\\/\\\/secure.gravatar.com\\\/avatar\\\/?s=96&d=mm&r=g\",\"contentUrl\":\"https:\\\/\\\/secure.gravatar.com\\\/avatar\\\/?s=96&d=mm&r=g\",\"caption\":\"michael.merz\"},\"url\":\"https:\\\/\\\/www.organisator.ch\\\/de\\\/author\\\/michael-merz\\\/\"}]}<\/script>\n<!-- \/ Yoast SEO plugin. -->","yoast_head_json":{"title":"Swisspower Renewables beteiligt sich zu 50 Prozent an Energia Ambiente SpA - Organisator","robots":{"index":"index","follow":"follow","max-snippet":"max-snippet:-1","max-image-preview":"max-image-preview:large","max-video-preview":"max-video-preview:-1"},"canonical":"https:\/\/www.organisator.ch\/de\/sustainability\/2019-08-08\/swisspower-renewables-beteiligt-sich-zu-50-prozent-an-energia-ambiente-spa\/","og_locale":"de_DE","og_type":"article","og_title":"Swisspower Renewables beteiligt sich zu 50 Prozent an Energia Ambiente SpA - Organisator","og_description":"Die Swisspower Renewables AG, eine von elf Swisspower-Stadtwerken sowie dem Energieinfrastrukturfonds UBS Clean Energy Infrastructure 2 KmGK (UBS-CEIS 2) gehaltene Beteiligungsgesellschaft, baut ihre Investitionen in die Wasserkraft in Italien weiter aus. Swisspower Renewables \u00fcbernimmt 50 Prozent der Anteile an der italienischen Energia Ambiente SpA. Die Energia Ambiente SpA besitzt neun Wasserkraftwerke in der Provinz Sondrio [&hellip;]","og_url":"https:\/\/www.organisator.ch\/de\/sustainability\/2019-08-08\/swisspower-renewables-beteiligt-sich-zu-50-prozent-an-energia-ambiente-spa\/","og_site_name":"Organisator","article_publisher":"https:\/\/www.facebook.com\/OrganisatorFachmagazin","article_published_time":"2019-08-08T14:37:24+00:00","article_modified_time":"2022-02-09T10:10:51+00:00","og_image":[{"width":600,"height":399,"url":"https:\/\/www.organisator.ch\/wp-content\/uploads\/2019\/08\/Swisspower_Felix_Meier_08.jpg","type":"image\/jpeg"}],"author":"michael.merz","twitter_card":"summary_large_image","schema":{"@context":"https:\/\/schema.org","@graph":[{"@type":"Article","@id":"https:\/\/www.organisator.ch\/sustainability\/2019-08-08\/swisspower-renewables-beteiligt-sich-zu-50-prozent-an-energia-ambiente-spa\/#article","isPartOf":{"@id":"https:\/\/www.organisator.ch\/sustainability\/2019-08-08\/swisspower-renewables-beteiligt-sich-zu-50-prozent-an-energia-ambiente-spa\/"},"author":{"name":"michael.merz","@id":"https:\/\/www.organisator.ch\/#\/schema\/person\/134708ca9321c57b0362cceb7948ffbd"},"headline":"Swisspower Renewables beteiligt sich zu 50 Prozent an Energia Ambiente SpA","datePublished":"2019-08-08T14:37:24+00:00","dateModified":"2022-02-09T10:10:51+00:00","mainEntityOfPage":{"@id":"https:\/\/www.organisator.ch\/sustainability\/2019-08-08\/swisspower-renewables-beteiligt-sich-zu-50-prozent-an-energia-ambiente-spa\/"},"wordCount":327,"commentCount":0,"publisher":{"@id":"https:\/\/www.organisator.ch\/#organization"},"image":{"@id":"https:\/\/www.organisator.ch\/sustainability\/2019-08-08\/swisspower-renewables-beteiligt-sich-zu-50-prozent-an-energia-ambiente-spa\/#primaryimage"},"thumbnailUrl":"https:\/\/www.organisator.ch\/wp-content\/uploads\/2019\/08\/Swisspower_Felix_Meier_08.jpg","keywords":["Energiewende","Enerneuerbare Energie","Italien","Schweiz","Wasserkraftwerk"],"articleSection":["SUSTAINABILITY"],"inLanguage":"de"},{"@type":"WebPage","@id":"https:\/\/www.organisator.ch\/sustainability\/2019-08-08\/swisspower-renewables-beteiligt-sich-zu-50-prozent-an-energia-ambiente-spa\/","url":"https:\/\/www.organisator.ch\/sustainability\/2019-08-08\/swisspower-renewables-beteiligt-sich-zu-50-prozent-an-energia-ambiente-spa\/","name":"Swisspower Renewables beteiligt sich zu 50 Prozent an Energia Ambiente SpA - Organisator","isPartOf":{"@id":"https:\/\/www.organisator.ch\/#website"},"primaryImageOfPage":{"@id":"https:\/\/www.organisator.ch\/sustainability\/2019-08-08\/swisspower-renewables-beteiligt-sich-zu-50-prozent-an-energia-ambiente-spa\/#primaryimage"},"image":{"@id":"https:\/\/www.organisator.ch\/sustainability\/2019-08-08\/swisspower-renewables-beteiligt-sich-zu-50-prozent-an-energia-ambiente-spa\/#primaryimage"},"thumbnailUrl":"https:\/\/www.organisator.ch\/wp-content\/uploads\/2019\/08\/Swisspower_Felix_Meier_08.jpg","datePublished":"2019-08-08T14:37:24+00:00","dateModified":"2022-02-09T10:10:51+00:00","breadcrumb":{"@id":"https:\/\/www.organisator.ch\/sustainability\/2019-08-08\/swisspower-renewables-beteiligt-sich-zu-50-prozent-an-energia-ambiente-spa\/#breadcrumb"},"inLanguage":"de","potentialAction":[{"@type":"ReadAction","target":["https:\/\/www.organisator.ch\/sustainability\/2019-08-08\/swisspower-renewables-beteiligt-sich-zu-50-prozent-an-energia-ambiente-spa\/"]}]},{"@type":"ImageObject","inLanguage":"de","@id":"https:\/\/www.organisator.ch\/sustainability\/2019-08-08\/swisspower-renewables-beteiligt-sich-zu-50-prozent-an-energia-ambiente-spa\/#primaryimage","url":"https:\/\/www.organisator.ch\/wp-content\/uploads\/2019\/08\/Swisspower_Felix_Meier_08.jpg","contentUrl":"https:\/\/www.organisator.ch\/wp-content\/uploads\/2019\/08\/Swisspower_Felix_Meier_08.jpg","width":600,"height":399,"caption":"Felix Meier, CEO Swisspower Renewables AG (Bild: zVg)"},{"@type":"BreadcrumbList","@id":"https:\/\/www.organisator.ch\/sustainability\/2019-08-08\/swisspower-renewables-beteiligt-sich-zu-50-prozent-an-energia-ambiente-spa\/#breadcrumb","itemListElement":[{"@type":"ListItem","position":1,"name":"Home","item":"https:\/\/www.organisator.ch\/"},{"@type":"ListItem","position":2,"name":"Swisspower Renewables beteiligt sich zu 50 Prozent an Energia Ambiente SpA"}]},{"@type":"WebSite","@id":"https:\/\/www.organisator.ch\/#website","url":"https:\/\/www.organisator.ch\/","name":"Organisator","description":"Kompetent. Praxisnah. Der ORGANISATOR bereitet in 10 Ausgaben pro Jahr die wesentlichen Themen f\u00fcr F\u00fchrungskr\u00e4fte von KMU auf.","publisher":{"@id":"https:\/\/www.organisator.ch\/#organization"},"potentialAction":[{"@type":"SearchAction","target":{"@type":"EntryPoint","urlTemplate":"https:\/\/www.organisator.ch\/?s={search_term_string}"},"query-input":{"@type":"PropertyValueSpecification","valueRequired":true,"valueName":"search_term_string"}}],"inLanguage":"de"},{"@type":"Organization","@id":"https:\/\/www.organisator.ch\/#organization","name":"Organisator","url":"https:\/\/www.organisator.ch\/","logo":{"@type":"ImageObject","inLanguage":"de","@id":"https:\/\/www.organisator.ch\/#\/schema\/logo\/image\/","url":"https:\/\/www.organisator.ch\/wp-content\/uploads\/2022\/01\/Logo_Organisator_Website.png","contentUrl":"https:\/\/www.organisator.ch\/wp-content\/uploads\/2022\/01\/Logo_Organisator_Website.png","width":800,"height":77,"caption":"Organisator"},"image":{"@id":"https:\/\/www.organisator.ch\/#\/schema\/logo\/image\/"},"sameAs":["https:\/\/www.facebook.com\/OrganisatorFachmagazin","https:\/\/www.linkedin.com\/showcase\/organisator-das-magazin-fr-kmu","https:\/\/www.xing.com\/news\/pages\/organisator-ch-695","https:\/\/www.youtube.com\/channel\/UCGP2Sq0iWaZwT3BdIAQFYpw"]},{"@type":"Person","@id":"https:\/\/www.organisator.ch\/#\/schema\/person\/134708ca9321c57b0362cceb7948ffbd","name":"michael.merz","image":{"@type":"ImageObject","inLanguage":"de","@id":"https:\/\/secure.gravatar.com\/avatar\/?s=96&d=mm&r=g","url":"https:\/\/secure.gravatar.com\/avatar\/?s=96&d=mm&r=g","contentUrl":"https:\/\/secure.gravatar.com\/avatar\/?s=96&d=mm&r=g","caption":"michael.merz"},"url":"https:\/\/www.organisator.ch\/de\/author\/michael-merz\/"}]}},"_links":{"self":[{"href":"https:\/\/www.organisator.ch\/de\/wp-json\/wp\/v2\/posts\/10107","targetHints":{"allow":["GET"]}}],"collection":[{"href":"https:\/\/www.organisator.ch\/de\/wp-json\/wp\/v2\/posts"}],"about":[{"href":"https:\/\/www.organisator.ch\/de\/wp-json\/wp\/v2\/types\/post"}],"author":[{"embeddable":true,"href":"https:\/\/www.organisator.ch\/de\/wp-json\/wp\/v2\/users\/5"}],"replies":[{"embeddable":true,"href":"https:\/\/www.organisator.ch\/de\/wp-json\/wp\/v2\/comments?post=10107"}],"version-history":[{"count":1,"href":"https:\/\/www.organisator.ch\/de\/wp-json\/wp\/v2\/posts\/10107\/revisions"}],"predecessor-version":[{"id":11013,"href":"https:\/\/www.organisator.ch\/de\/wp-json\/wp\/v2\/posts\/10107\/revisions\/11013"}],"wp:featuredmedia":[{"embeddable":true,"href":"https:\/\/www.organisator.ch\/de\/wp-json\/wp\/v2\/media\/2367"}],"wp:attachment":[{"href":"https:\/\/www.organisator.ch\/de\/wp-json\/wp\/v2\/media?parent=10107"}],"wp:term":[{"taxonomy":"category","embeddable":true,"href":"https:\/\/www.organisator.ch\/de\/wp-json\/wp\/v2\/categories?post=10107"},{"taxonomy":"post_tag","embeddable":true,"href":"https:\/\/www.organisator.ch\/de\/wp-json\/wp\/v2\/tags?post=10107"}],"curies":[{"name":"wp","href":"https:\/\/api.w.org\/{rel}","templated":true}]}}