{"id":10109,"date":"2019-08-15T13:58:59","date_gmt":"2019-08-15T11:58:59","guid":{"rendered":"https:\/\/www.umweltperspektiven.ch\/?p=2383"},"modified":"2022-02-09T11:06:16","modified_gmt":"2022-02-09T10:06:16","slug":"ibion-flexible-power-fuer-e-mobilisten","status":"publish","type":"post","link":"https:\/\/www.organisator.ch\/de\/sustainability\/2019-08-15\/ibion-flexible-power-fuer-e-mobilisten\/","title":{"rendered":"IBION: Flexible Power f\u00fcr E-Mobilisten"},"content":{"rendered":"<div class=\"col6\">\n<figure id=\"attachment_2384\" aria-describedby=\"caption-attachment-2384\" style=\"width: 455px\" class=\"wp-caption alignnone\"><img loading=\"lazy\" decoding=\"async\" class=\" wp-image-2384\" src=\"\/\/www.umweltperspektiven.ch\/wp-content\/uploads\/2019\/08\/IBION_Medienmitteilung_v45_web.jpg\" alt=\"\" width=\"455\" height=\"341\" srcset=\"https:\/\/www.organisator.ch\/wp-content\/uploads\/2019\/08\/IBION_Medienmitteilung_v45_web.jpg 2048w, https:\/\/www.organisator.ch\/wp-content\/uploads\/2019\/08\/IBION_Medienmitteilung_v45_web-680x510.jpg 680w, https:\/\/www.organisator.ch\/wp-content\/uploads\/2019\/08\/IBION_Medienmitteilung_v45_web-1024x768.jpg 1024w, https:\/\/www.organisator.ch\/wp-content\/uploads\/2019\/08\/IBION_Medienmitteilung_v45_web-768x576.jpg 768w, https:\/\/www.organisator.ch\/wp-content\/uploads\/2019\/08\/IBION_Medienmitteilung_v45_web-1536x1152.jpg 1536w, https:\/\/www.organisator.ch\/wp-content\/uploads\/2019\/08\/IBION_Medienmitteilung_v45_web-16x12.jpg 16w, https:\/\/www.organisator.ch\/wp-content\/uploads\/2019\/08\/IBION_Medienmitteilung_v45_web-233x175.jpg 233w, https:\/\/www.organisator.ch\/wp-content\/uploads\/2019\/08\/IBION_Medienmitteilung_v45_web-467x350.jpg 467w, https:\/\/www.organisator.ch\/wp-content\/uploads\/2019\/08\/IBION_Medienmitteilung_v45_web-1067x800.jpg 1067w, https:\/\/www.organisator.ch\/wp-content\/uploads\/2019\/08\/IBION_Medienmitteilung_v45_web-920x690.jpg 920w, https:\/\/www.organisator.ch\/wp-content\/uploads\/2019\/08\/IBION_Medienmitteilung_v45_web-1400x1050.jpg 1400w, https:\/\/www.organisator.ch\/wp-content\/uploads\/2019\/08\/IBION_Medienmitteilung_v45_web-1867x1400.jpg 1867w, https:\/\/www.organisator.ch\/wp-content\/uploads\/2019\/08\/IBION_Medienmitteilung_v45_web-300x225.jpg 300w\" sizes=\"auto, (max-width: 455px) 100vw, 455px\" \/><figcaption id=\"caption-attachment-2384\" class=\"wp-caption-text\">Nebst Infrastruktur bietet IBION auch den Service, Unterhalt und die Vermietung der Powerstation an. (Bild: IBION)<\/figcaption><\/figure>\n<p>Gemeinsam mit cablex hat Serviceplan Suisse das Branding und die Markenstrategie f\u00fcr IBION entwickelt. \u00abIBI\u00bb steht f\u00fcr \u00f6rtliche Flexibilit\u00e4t (lat. \u00abda\u00bb, \u00abdort\u00bb), \u00abON\u00bb f\u00fcr stetige Verf\u00fcgbarkeit.<\/p>\n<\/div>\n<div class=\"col6 last\">\n<p>Zusammen mit dem Claim \u00abYour mobility. Our mission.\u00bb zeigt <a href=\"\/\/www.ibion.ch\">IBION<\/a>, dass der mobile Mensch sein Leben mit intelligenten Sharing-Konzepten und praktischen \u00dcbergabeorten effizienter gestalten kann. Stellvertretend f\u00fcr das wachsende Leistungsangebot, das ihn mit L\u00f6sungen versorgt, steht das Logo: eine Anlehnung an die \u00abIBION Station\u00bb, die sich durch alle Werbemittel durchzieht.<\/p>\n<p>Solutions Suisse hat IBION als effizienter Partner in der Umsetzung der Visuals und mit wirtschaftlichen Produktionsl\u00f6sungen bei der Markteinf\u00fchrung begleitet.<\/p>\n<\/div>\n<p><strong>Die Multistation<\/strong><\/p>\n<p>Die Multistation hat das Potenzial eine Vielzahl an Anwendungen zu vereinen, welche separat unter Umst\u00e4nden nicht erfolgreich sein k\u00f6nnten. Dank der existierenden IoT-Technologien k\u00f6nnen so auf kleinstem Raum flexibel und Dienstleistungen geschaffen werden.<\/p>\n<p>Zum Beispiel kann die Multistation als Sendepunkt f\u00fcr 5G dienen gleichzeitig Paketservice und Dienstleistungsangebot beinhalten, zus\u00e4tzlich noch den Batterietausch von Elektrofahrzeugen beinhalten. Jede Station kann eine individuelle L\u00f6sung f\u00fcr den jeweiligen Standort sein.<\/p>\n<p><em>Mehr Informationen finden Sie unter<\/em><\/p>\n<p><a href=\"\/\/www.ibion.ch\">www.ibion.ch<\/a><\/p>\n<p>&nbsp;<\/p>\n","protected":false},"excerpt":{"rendered":"<p>Gemeinsam mit cablex hat Serviceplan Suisse das Branding und die Markenstrategie f\u00fcr IBION entwickelt. \u00abIBI\u00bb steht f\u00fcr \u00f6rtliche Flexibilit\u00e4t (lat. \u00abda\u00bb, \u00abdort\u00bb), \u00abON\u00bb f\u00fcr stetige Verf\u00fcgbarkeit. Zusammen mit dem Claim \u00abYour mobility. Our mission.\u00bb zeigt IBION, dass der mobile Mensch sein Leben mit intelligenten Sharing-Konzepten und praktischen \u00dcbergabeorten effizienter gestalten kann. Stellvertretend f\u00fcr das wachsende [&hellip;]<\/p>\n","protected":false},"author":5,"featured_media":2384,"comment_status":"open","ping_status":"open","sticky":false,"template":"","format":"standard","meta":{"_acf_changed":false,"_yoast_wpseo_focuskw":"Ibion","_yoast_wpseo_metadesc":"Die sogenannten \u00abIBION Powerstationen\u00bb sind mittels App zu finden und bieten ebenso Tauschbatterien f\u00fcr Elektro-Zweir\u00e4der.","articlekey":"","footnotes":""},"categories":[580],"tags":[1005,1588,424],"class_list":["post-10109","post","type-post","status-publish","format-standard","has-post-thumbnail","hentry","category-sustainability","tag-e-mobiliaet","tag-ladestationen","tag-schweiz"],"acf":[],"yoast_head":"<!-- This site is optimized with the Yoast SEO plugin v27.5 - https:\/\/yoast.com\/product\/yoast-seo-wordpress\/ -->\n<title>IBION: Flexible Power f\u00fcr E-Mobilisten - Organisator<\/title>\n<meta name=\"description\" content=\"Die sogenannten \u00abIBION Powerstationen\u00bb sind mittels App zu finden und bieten ebenso Tauschbatterien f\u00fcr Elektro-Zweir\u00e4der.\" \/>\n<meta name=\"robots\" content=\"index, follow, max-snippet:-1, max-image-preview:large, max-video-preview:-1\" \/>\n<link rel=\"canonical\" href=\"https:\/\/www.organisator.ch\/de\/sustainability\/2019-08-15\/ibion-flexible-power-fuer-e-mobilisten\/\" \/>\n<meta property=\"og:locale\" content=\"de_DE\" \/>\n<meta property=\"og:type\" content=\"article\" \/>\n<meta property=\"og:title\" content=\"IBION: Flexible Power f\u00fcr E-Mobilisten - Organisator\" \/>\n<meta property=\"og:description\" content=\"Die sogenannten \u00abIBION Powerstationen\u00bb sind mittels App zu finden und bieten ebenso Tauschbatterien f\u00fcr Elektro-Zweir\u00e4der.\" \/>\n<meta property=\"og:url\" content=\"https:\/\/www.organisator.ch\/de\/sustainability\/2019-08-15\/ibion-flexible-power-fuer-e-mobilisten\/\" \/>\n<meta property=\"og:site_name\" content=\"Organisator\" \/>\n<meta property=\"article:publisher\" content=\"https:\/\/www.facebook.com\/OrganisatorFachmagazin\" \/>\n<meta property=\"article:published_time\" content=\"2019-08-15T11:58:59+00:00\" \/>\n<meta property=\"article:modified_time\" content=\"2022-02-09T10:06:16+00:00\" \/>\n<meta property=\"og:image\" content=\"https:\/\/www.organisator.ch\/wp-content\/uploads\/2019\/08\/IBION_Medienmitteilung_v45_web.jpg\" \/>\n\t<meta property=\"og:image:width\" content=\"2048\" \/>\n\t<meta property=\"og:image:height\" content=\"1536\" \/>\n\t<meta property=\"og:image:type\" content=\"image\/jpeg\" \/>\n<meta name=\"author\" content=\"michael.merz\" \/>\n<meta name=\"twitter:card\" content=\"summary_large_image\" \/>\n<script type=\"application\/ld+json\" class=\"yoast-schema-graph\">{\"@context\":\"https:\\\/\\\/schema.org\",\"@graph\":[{\"@type\":\"Article\",\"@id\":\"https:\\\/\\\/www.organisator.ch\\\/sustainability\\\/2019-08-15\\\/ibion-flexible-power-fuer-e-mobilisten\\\/#article\",\"isPartOf\":{\"@id\":\"https:\\\/\\\/www.organisator.ch\\\/sustainability\\\/2019-08-15\\\/ibion-flexible-power-fuer-e-mobilisten\\\/\"},\"author\":{\"name\":\"michael.merz\",\"@id\":\"https:\\\/\\\/www.organisator.ch\\\/#\\\/schema\\\/person\\\/134708ca9321c57b0362cceb7948ffbd\"},\"headline\":\"IBION: Flexible Power f\u00fcr E-Mobilisten\",\"datePublished\":\"2019-08-15T11:58:59+00:00\",\"dateModified\":\"2022-02-09T10:06:16+00:00\",\"mainEntityOfPage\":{\"@id\":\"https:\\\/\\\/www.organisator.ch\\\/sustainability\\\/2019-08-15\\\/ibion-flexible-power-fuer-e-mobilisten\\\/\"},\"wordCount\":218,\"commentCount\":0,\"publisher\":{\"@id\":\"https:\\\/\\\/www.organisator.ch\\\/#organization\"},\"image\":{\"@id\":\"https:\\\/\\\/www.organisator.ch\\\/sustainability\\\/2019-08-15\\\/ibion-flexible-power-fuer-e-mobilisten\\\/#primaryimage\"},\"thumbnailUrl\":\"https:\\\/\\\/www.organisator.ch\\\/wp-content\\\/uploads\\\/2019\\\/08\\\/IBION_Medienmitteilung_v45_web.jpg\",\"keywords\":[\"E-Mobili\u00e4t\",\"Ladestationen\",\"Schweiz\"],\"articleSection\":[\"SUSTAINABILITY\"],\"inLanguage\":\"de\"},{\"@type\":\"WebPage\",\"@id\":\"https:\\\/\\\/www.organisator.ch\\\/sustainability\\\/2019-08-15\\\/ibion-flexible-power-fuer-e-mobilisten\\\/\",\"url\":\"https:\\\/\\\/www.organisator.ch\\\/sustainability\\\/2019-08-15\\\/ibion-flexible-power-fuer-e-mobilisten\\\/\",\"name\":\"IBION: Flexible Power f\u00fcr E-Mobilisten - Organisator\",\"isPartOf\":{\"@id\":\"https:\\\/\\\/www.organisator.ch\\\/#website\"},\"primaryImageOfPage\":{\"@id\":\"https:\\\/\\\/www.organisator.ch\\\/sustainability\\\/2019-08-15\\\/ibion-flexible-power-fuer-e-mobilisten\\\/#primaryimage\"},\"image\":{\"@id\":\"https:\\\/\\\/www.organisator.ch\\\/sustainability\\\/2019-08-15\\\/ibion-flexible-power-fuer-e-mobilisten\\\/#primaryimage\"},\"thumbnailUrl\":\"https:\\\/\\\/www.organisator.ch\\\/wp-content\\\/uploads\\\/2019\\\/08\\\/IBION_Medienmitteilung_v45_web.jpg\",\"datePublished\":\"2019-08-15T11:58:59+00:00\",\"dateModified\":\"2022-02-09T10:06:16+00:00\",\"description\":\"Die sogenannten \u00abIBION Powerstationen\u00bb sind mittels App zu finden und bieten ebenso Tauschbatterien f\u00fcr Elektro-Zweir\u00e4der.\",\"breadcrumb\":{\"@id\":\"https:\\\/\\\/www.organisator.ch\\\/sustainability\\\/2019-08-15\\\/ibion-flexible-power-fuer-e-mobilisten\\\/#breadcrumb\"},\"inLanguage\":\"de\",\"potentialAction\":[{\"@type\":\"ReadAction\",\"target\":[\"https:\\\/\\\/www.organisator.ch\\\/sustainability\\\/2019-08-15\\\/ibion-flexible-power-fuer-e-mobilisten\\\/\"]}]},{\"@type\":\"ImageObject\",\"inLanguage\":\"de\",\"@id\":\"https:\\\/\\\/www.organisator.ch\\\/sustainability\\\/2019-08-15\\\/ibion-flexible-power-fuer-e-mobilisten\\\/#primaryimage\",\"url\":\"https:\\\/\\\/www.organisator.ch\\\/wp-content\\\/uploads\\\/2019\\\/08\\\/IBION_Medienmitteilung_v45_web.jpg\",\"contentUrl\":\"https:\\\/\\\/www.organisator.ch\\\/wp-content\\\/uploads\\\/2019\\\/08\\\/IBION_Medienmitteilung_v45_web.jpg\",\"width\":2048,\"height\":1536,\"caption\":\"Nebst Infrastruktur bietet IBION auch den Service, Unterhalt und die Vermietung der Powerstation an. (Bild: IBION)\"},{\"@type\":\"BreadcrumbList\",\"@id\":\"https:\\\/\\\/www.organisator.ch\\\/sustainability\\\/2019-08-15\\\/ibion-flexible-power-fuer-e-mobilisten\\\/#breadcrumb\",\"itemListElement\":[{\"@type\":\"ListItem\",\"position\":1,\"name\":\"Home\",\"item\":\"https:\\\/\\\/www.organisator.ch\\\/\"},{\"@type\":\"ListItem\",\"position\":2,\"name\":\"IBION: Flexible Power f\u00fcr E-Mobilisten\"}]},{\"@type\":\"WebSite\",\"@id\":\"https:\\\/\\\/www.organisator.ch\\\/#website\",\"url\":\"https:\\\/\\\/www.organisator.ch\\\/\",\"name\":\"Organisator\",\"description\":\"Kompetent. Praxisnah. Der ORGANISATOR bereitet in 10 Ausgaben pro Jahr die wesentlichen Themen f\u00fcr F\u00fchrungskr\u00e4fte von KMU auf.\",\"publisher\":{\"@id\":\"https:\\\/\\\/www.organisator.ch\\\/#organization\"},\"potentialAction\":[{\"@type\":\"SearchAction\",\"target\":{\"@type\":\"EntryPoint\",\"urlTemplate\":\"https:\\\/\\\/www.organisator.ch\\\/?s={search_term_string}\"},\"query-input\":{\"@type\":\"PropertyValueSpecification\",\"valueRequired\":true,\"valueName\":\"search_term_string\"}}],\"inLanguage\":\"de\"},{\"@type\":\"Organization\",\"@id\":\"https:\\\/\\\/www.organisator.ch\\\/#organization\",\"name\":\"Organisator\",\"url\":\"https:\\\/\\\/www.organisator.ch\\\/\",\"logo\":{\"@type\":\"ImageObject\",\"inLanguage\":\"de\",\"@id\":\"https:\\\/\\\/www.organisator.ch\\\/#\\\/schema\\\/logo\\\/image\\\/\",\"url\":\"https:\\\/\\\/www.organisator.ch\\\/wp-content\\\/uploads\\\/2022\\\/01\\\/Logo_Organisator_Website.png\",\"contentUrl\":\"https:\\\/\\\/www.organisator.ch\\\/wp-content\\\/uploads\\\/2022\\\/01\\\/Logo_Organisator_Website.png\",\"width\":800,\"height\":77,\"caption\":\"Organisator\"},\"image\":{\"@id\":\"https:\\\/\\\/www.organisator.ch\\\/#\\\/schema\\\/logo\\\/image\\\/\"},\"sameAs\":[\"https:\\\/\\\/www.facebook.com\\\/OrganisatorFachmagazin\",\"https:\\\/\\\/www.linkedin.com\\\/showcase\\\/organisator-das-magazin-fr-kmu\",\"https:\\\/\\\/www.xing.com\\\/news\\\/pages\\\/organisator-ch-695\",\"https:\\\/\\\/www.youtube.com\\\/channel\\\/UCGP2Sq0iWaZwT3BdIAQFYpw\"]},{\"@type\":\"Person\",\"@id\":\"https:\\\/\\\/www.organisator.ch\\\/#\\\/schema\\\/person\\\/134708ca9321c57b0362cceb7948ffbd\",\"name\":\"michael.merz\",\"image\":{\"@type\":\"ImageObject\",\"inLanguage\":\"de\",\"@id\":\"https:\\\/\\\/secure.gravatar.com\\\/avatar\\\/?s=96&d=mm&r=g\",\"url\":\"https:\\\/\\\/secure.gravatar.com\\\/avatar\\\/?s=96&d=mm&r=g\",\"contentUrl\":\"https:\\\/\\\/secure.gravatar.com\\\/avatar\\\/?s=96&d=mm&r=g\",\"caption\":\"michael.merz\"},\"url\":\"https:\\\/\\\/www.organisator.ch\\\/de\\\/author\\\/michael-merz\\\/\"}]}<\/script>\n<!-- \/ Yoast SEO plugin. -->","yoast_head_json":{"title":"IBION: Flexible Power f\u00fcr E-Mobilisten - Organisator","description":"Die sogenannten \u00abIBION Powerstationen\u00bb sind mittels App zu finden und bieten ebenso Tauschbatterien f\u00fcr Elektro-Zweir\u00e4der.","robots":{"index":"index","follow":"follow","max-snippet":"max-snippet:-1","max-image-preview":"max-image-preview:large","max-video-preview":"max-video-preview:-1"},"canonical":"https:\/\/www.organisator.ch\/de\/sustainability\/2019-08-15\/ibion-flexible-power-fuer-e-mobilisten\/","og_locale":"de_DE","og_type":"article","og_title":"IBION: Flexible Power f\u00fcr E-Mobilisten - Organisator","og_description":"Die sogenannten \u00abIBION Powerstationen\u00bb sind mittels App zu finden und bieten ebenso Tauschbatterien f\u00fcr Elektro-Zweir\u00e4der.","og_url":"https:\/\/www.organisator.ch\/de\/sustainability\/2019-08-15\/ibion-flexible-power-fuer-e-mobilisten\/","og_site_name":"Organisator","article_publisher":"https:\/\/www.facebook.com\/OrganisatorFachmagazin","article_published_time":"2019-08-15T11:58:59+00:00","article_modified_time":"2022-02-09T10:06:16+00:00","og_image":[{"width":2048,"height":1536,"url":"https:\/\/www.organisator.ch\/wp-content\/uploads\/2019\/08\/IBION_Medienmitteilung_v45_web.jpg","type":"image\/jpeg"}],"author":"michael.merz","twitter_card":"summary_large_image","schema":{"@context":"https:\/\/schema.org","@graph":[{"@type":"Article","@id":"https:\/\/www.organisator.ch\/sustainability\/2019-08-15\/ibion-flexible-power-fuer-e-mobilisten\/#article","isPartOf":{"@id":"https:\/\/www.organisator.ch\/sustainability\/2019-08-15\/ibion-flexible-power-fuer-e-mobilisten\/"},"author":{"name":"michael.merz","@id":"https:\/\/www.organisator.ch\/#\/schema\/person\/134708ca9321c57b0362cceb7948ffbd"},"headline":"IBION: Flexible Power f\u00fcr E-Mobilisten","datePublished":"2019-08-15T11:58:59+00:00","dateModified":"2022-02-09T10:06:16+00:00","mainEntityOfPage":{"@id":"https:\/\/www.organisator.ch\/sustainability\/2019-08-15\/ibion-flexible-power-fuer-e-mobilisten\/"},"wordCount":218,"commentCount":0,"publisher":{"@id":"https:\/\/www.organisator.ch\/#organization"},"image":{"@id":"https:\/\/www.organisator.ch\/sustainability\/2019-08-15\/ibion-flexible-power-fuer-e-mobilisten\/#primaryimage"},"thumbnailUrl":"https:\/\/www.organisator.ch\/wp-content\/uploads\/2019\/08\/IBION_Medienmitteilung_v45_web.jpg","keywords":["E-Mobili\u00e4t","Ladestationen","Schweiz"],"articleSection":["SUSTAINABILITY"],"inLanguage":"de"},{"@type":"WebPage","@id":"https:\/\/www.organisator.ch\/sustainability\/2019-08-15\/ibion-flexible-power-fuer-e-mobilisten\/","url":"https:\/\/www.organisator.ch\/sustainability\/2019-08-15\/ibion-flexible-power-fuer-e-mobilisten\/","name":"IBION: Flexible Power f\u00fcr E-Mobilisten - Organisator","isPartOf":{"@id":"https:\/\/www.organisator.ch\/#website"},"primaryImageOfPage":{"@id":"https:\/\/www.organisator.ch\/sustainability\/2019-08-15\/ibion-flexible-power-fuer-e-mobilisten\/#primaryimage"},"image":{"@id":"https:\/\/www.organisator.ch\/sustainability\/2019-08-15\/ibion-flexible-power-fuer-e-mobilisten\/#primaryimage"},"thumbnailUrl":"https:\/\/www.organisator.ch\/wp-content\/uploads\/2019\/08\/IBION_Medienmitteilung_v45_web.jpg","datePublished":"2019-08-15T11:58:59+00:00","dateModified":"2022-02-09T10:06:16+00:00","description":"Die sogenannten \u00abIBION Powerstationen\u00bb sind mittels App zu finden und bieten ebenso Tauschbatterien f\u00fcr Elektro-Zweir\u00e4der.","breadcrumb":{"@id":"https:\/\/www.organisator.ch\/sustainability\/2019-08-15\/ibion-flexible-power-fuer-e-mobilisten\/#breadcrumb"},"inLanguage":"de","potentialAction":[{"@type":"ReadAction","target":["https:\/\/www.organisator.ch\/sustainability\/2019-08-15\/ibion-flexible-power-fuer-e-mobilisten\/"]}]},{"@type":"ImageObject","inLanguage":"de","@id":"https:\/\/www.organisator.ch\/sustainability\/2019-08-15\/ibion-flexible-power-fuer-e-mobilisten\/#primaryimage","url":"https:\/\/www.organisator.ch\/wp-content\/uploads\/2019\/08\/IBION_Medienmitteilung_v45_web.jpg","contentUrl":"https:\/\/www.organisator.ch\/wp-content\/uploads\/2019\/08\/IBION_Medienmitteilung_v45_web.jpg","width":2048,"height":1536,"caption":"Nebst Infrastruktur bietet IBION auch den Service, Unterhalt und die Vermietung der Powerstation an. (Bild: IBION)"},{"@type":"BreadcrumbList","@id":"https:\/\/www.organisator.ch\/sustainability\/2019-08-15\/ibion-flexible-power-fuer-e-mobilisten\/#breadcrumb","itemListElement":[{"@type":"ListItem","position":1,"name":"Home","item":"https:\/\/www.organisator.ch\/"},{"@type":"ListItem","position":2,"name":"IBION: Flexible Power f\u00fcr E-Mobilisten"}]},{"@type":"WebSite","@id":"https:\/\/www.organisator.ch\/#website","url":"https:\/\/www.organisator.ch\/","name":"Organisator","description":"Kompetent. Praxisnah. Der ORGANISATOR bereitet in 10 Ausgaben pro Jahr die wesentlichen Themen f\u00fcr F\u00fchrungskr\u00e4fte von KMU auf.","publisher":{"@id":"https:\/\/www.organisator.ch\/#organization"},"potentialAction":[{"@type":"SearchAction","target":{"@type":"EntryPoint","urlTemplate":"https:\/\/www.organisator.ch\/?s={search_term_string}"},"query-input":{"@type":"PropertyValueSpecification","valueRequired":true,"valueName":"search_term_string"}}],"inLanguage":"de"},{"@type":"Organization","@id":"https:\/\/www.organisator.ch\/#organization","name":"Organisator","url":"https:\/\/www.organisator.ch\/","logo":{"@type":"ImageObject","inLanguage":"de","@id":"https:\/\/www.organisator.ch\/#\/schema\/logo\/image\/","url":"https:\/\/www.organisator.ch\/wp-content\/uploads\/2022\/01\/Logo_Organisator_Website.png","contentUrl":"https:\/\/www.organisator.ch\/wp-content\/uploads\/2022\/01\/Logo_Organisator_Website.png","width":800,"height":77,"caption":"Organisator"},"image":{"@id":"https:\/\/www.organisator.ch\/#\/schema\/logo\/image\/"},"sameAs":["https:\/\/www.facebook.com\/OrganisatorFachmagazin","https:\/\/www.linkedin.com\/showcase\/organisator-das-magazin-fr-kmu","https:\/\/www.xing.com\/news\/pages\/organisator-ch-695","https:\/\/www.youtube.com\/channel\/UCGP2Sq0iWaZwT3BdIAQFYpw"]},{"@type":"Person","@id":"https:\/\/www.organisator.ch\/#\/schema\/person\/134708ca9321c57b0362cceb7948ffbd","name":"michael.merz","image":{"@type":"ImageObject","inLanguage":"de","@id":"https:\/\/secure.gravatar.com\/avatar\/?s=96&d=mm&r=g","url":"https:\/\/secure.gravatar.com\/avatar\/?s=96&d=mm&r=g","contentUrl":"https:\/\/secure.gravatar.com\/avatar\/?s=96&d=mm&r=g","caption":"michael.merz"},"url":"https:\/\/www.organisator.ch\/de\/author\/michael-merz\/"}]}},"_links":{"self":[{"href":"https:\/\/www.organisator.ch\/de\/wp-json\/wp\/v2\/posts\/10109","targetHints":{"allow":["GET"]}}],"collection":[{"href":"https:\/\/www.organisator.ch\/de\/wp-json\/wp\/v2\/posts"}],"about":[{"href":"https:\/\/www.organisator.ch\/de\/wp-json\/wp\/v2\/types\/post"}],"author":[{"embeddable":true,"href":"https:\/\/www.organisator.ch\/de\/wp-json\/wp\/v2\/users\/5"}],"replies":[{"embeddable":true,"href":"https:\/\/www.organisator.ch\/de\/wp-json\/wp\/v2\/comments?post=10109"}],"version-history":[{"count":1,"href":"https:\/\/www.organisator.ch\/de\/wp-json\/wp\/v2\/posts\/10109\/revisions"}],"predecessor-version":[{"id":10549,"href":"https:\/\/www.organisator.ch\/de\/wp-json\/wp\/v2\/posts\/10109\/revisions\/10549"}],"wp:featuredmedia":[{"embeddable":true,"href":"https:\/\/www.organisator.ch\/de\/wp-json\/wp\/v2\/media\/2384"}],"wp:attachment":[{"href":"https:\/\/www.organisator.ch\/de\/wp-json\/wp\/v2\/media?parent=10109"}],"wp:term":[{"taxonomy":"category","embeddable":true,"href":"https:\/\/www.organisator.ch\/de\/wp-json\/wp\/v2\/categories?post=10109"},{"taxonomy":"post_tag","embeddable":true,"href":"https:\/\/www.organisator.ch\/de\/wp-json\/wp\/v2\/tags?post=10109"}],"curies":[{"name":"wp","href":"https:\/\/api.w.org\/{rel}","templated":true}]}}