{"id":1011,"date":"2017-06-12T17:58:54","date_gmt":"2017-06-12T15:58:54","guid":{"rendered":"https:\/\/www.umweltperspektiven.ch\/?p=1011"},"modified":"2022-02-09T11:06:56","modified_gmt":"2022-02-09T10:06:56","slug":"neuwagen-co2-emissionen-sinken-kaum","status":"publish","type":"post","link":"https:\/\/www.organisator.ch\/de\/sustainability\/2017-06-12\/neuwagen-co2-emissionen-sinken-kaum\/","title":{"rendered":"Neuwagen: CO2-Emissionen sinken kaum"},"content":{"rendered":"<figure id=\"attachment_1012\" aria-describedby=\"caption-attachment-1012\" style=\"width: 680px\" class=\"wp-caption alignnone\"><img loading=\"lazy\" decoding=\"async\" class=\"size-medium wp-image-1012\" src=\"\/\/www.umweltperspektiven.ch\/wp-content\/uploads\/2017\/06\/Depositphotos_86865802_l-2015.jpg\" alt=\"\" width=\"680\" height=\"453\" \/><figcaption id=\"caption-attachment-1012\" class=\"wp-caption-text\">Die in die Schweiz importierten Neuwagen haben den Emissions-Zielwert immer noch nicht erreicht.<\/figcaption><\/figure>\n<p class=\"webLead\">Seit dem 1. Juli 2012 gelten in der Schweiz analog zur EU CO2-Emissionsvorschriften f\u00fcr neue Personenwagen: Bis 2015 h\u00e4tten so die Emissionen der erstmals zum Verkehr in der Schweiz zugelassenen Personenwagen im Durchschnitt auf 130 Gramm CO2 pro Kilometer gesenkt werden sollen. Nachdem die Schweizer Autoimporteure diesen durchschnittlichen Zielwert 2015 nicht erreicht hatten, verfehlten sie ihn auch im Jahr 2016.<\/p>\n<p class=\"webLead\">Im Vollzugsjahr 2016 wurden rund 319`300 Personenwagen (PW) auf die Zielerreichung der CO2-Emissionsvorschriften gepr\u00fcft. Darunter fielen Neufahrzeuge sowie solche, die im Ausland weniger als 6 Monate vor der Verzollung in der Schweiz zum ersten Mal zugelassen wurden. Die zugelassene Flotte setzte sich aus rund 1`500 PW von Klein- und Privatimporteuren und rund 317`800 PW von 89 registrierten Grossimporteuren zusammen.<\/p>\n<div id=\"xmlWrapper\">\n<p>Die durchschnittlichen CO2-Emissionen der 319`300 Neuwagen lagen bei rund 134 g CO2\/km (2015: 135 g CO2\/km). Das seit 2015 f\u00fcr die gesamte Flotte geltende Ziel von 130 g CO2\/km wurde somit im Durchschnitt wiederum knapp verfehlt. Ihre individuellen Zielvorgaben haben hingegen nur 19 von 89 registrierten Grossimporteuren \u00fcberschritten (2015: 26 von 93), die meisten davon um weniger als 4 g\/km.<\/p>\n<p>Die CO2-Emissionen der gesamten Neuwagenflotte von 134 g CO2\/km liegen rund 1% tiefer als im Vorjahr (siehe auch heutige Medienmitteilung zum Treibstoffverbrauch der Neuwagen 2016). Dies entspricht der tiefsten Absenkrate seit 2006. Ein Grund f\u00fcr diese z\u00f6gerliche Absenkung sind die nicht weiter versch\u00e4rften Vorgaben: Der Zielwert von 130 g\/km und der sanktionsrelevante Flottenanteil blieben gegen\u00fcber 2015 gleich. Nur die sogenannten Supercredits (Mehrfachanrechnung f\u00fcr PW mit weniger als 50 g CO2\/km) fielen gegen\u00fcber dem Vorjahr weg. 2015 lag der Gewichtungsfaktor der Supercredits noch bei 1.5.<\/p>\n<p>Im PW-Markt schwankten die Anteile der Parallel- und Direktimporteure vor bzw. nach Inkrafttreten der CO2-Emissionsvorschriften im Jahr 2012 stark. Seit 2013 liegt der Anteil jedoch konstant bei rund 7 % aller Neuzulassungen und damit weiterhin in der gleichen Gr\u00f6ssenordnung wie im Jahr 2011 vor der Einf\u00fchrung der CO2-Emissionsvorschriften.<\/p>\n<p><strong>Sanktionssumme und Vollzugsaufwand<\/strong><\/p>\n<p>Die erhobenen Sanktionen belaufen sich auf insgesamt rund 2.4 Millionen Franken (2015: 12.6 Mio. Fr.). Dem gesamten Sanktionsertrag stehen Vollzugskosten von rund 1.3 Millionen Franken (2015: 1.5 Mio. Fr.) gegen\u00fcber. Insgesamt resultiert damit f\u00fcr 2016 ein Nettoertrag von 1.1 Millionen Franken (2015: 11.1 Mio. Fr.), der in Abh\u00e4ngigkeit der Anzahl Fahrzeugzulassungen und Importeure auf die Schweiz und das F\u00fcrstentum Liechtenstein aufgeteilt wird (Anteil F\u00fcrstentum Liechtenstein: 2`000 Franken, 2015: 83`000 Fr.). Der Schweizer Nettoertrag aus dem Vollzugsjahr 2016 von 1.1 Millionen Franken wird im Jahr 2018, vorbeh\u00e4ltlich des Bundesratsentscheids zum Inkrafttreten, dem Nationalstrassen- und Agglomerationsverkehrsfonds NAF als Nachfolgel\u00f6sung des Infrastrukturfonds zugewiesen.<\/p>\n<\/div>\n","protected":false},"excerpt":{"rendered":"<p>Seit dem 1. Juli 2012 gelten in der Schweiz analog zur EU CO2-Emissionsvorschriften f\u00fcr neue Personenwagen: Bis 2015 h\u00e4tten so die Emissionen der erstmals zum Verkehr in der Schweiz zugelassenen Personenwagen im Durchschnitt auf 130 Gramm CO2 pro Kilometer gesenkt werden sollen. Nachdem die Schweizer Autoimporteure diesen durchschnittlichen Zielwert 2015 nicht erreicht hatten, verfehlten sie [&hellip;]<\/p>\n","protected":false},"author":1,"featured_media":9500,"comment_status":"open","ping_status":"open","sticky":false,"template":"","format":"standard","meta":{"_acf_changed":false,"_yoast_wpseo_focuskw":"Neuwagen","_yoast_wpseo_metadesc":"Zum zweiten Mal in Folge haben die Schweizer Autoimporteure die seit 2015 geltenden CO2--Emissionsgrenzwerte \u00fcberschritten.","articlekey":"","footnotes":""},"categories":[580],"tags":[884,928,354],"class_list":["post-1011","post","type-post","status-publish","format-standard","has-post-thumbnail","hentry","category-sustainability","tag-bundesamt-fuer-energie","tag-co2","tag-mobilitaet"],"acf":[],"yoast_head":"<!-- This site is optimized with the Yoast SEO plugin v27.5 - https:\/\/yoast.com\/product\/yoast-seo-wordpress\/ -->\n<title>Neuwagen: CO2-Emissionen sinken kaum - Organisator<\/title>\n<meta name=\"description\" content=\"Zum zweiten Mal in Folge haben die Schweizer Autoimporteure die seit 2015 geltenden CO2--Emissionsgrenzwerte \u00fcberschritten.\" \/>\n<meta name=\"robots\" content=\"index, follow, max-snippet:-1, max-image-preview:large, max-video-preview:-1\" \/>\n<link rel=\"canonical\" href=\"https:\/\/www.organisator.ch\/de\/sustainability\/2017-06-12\/neuwagen-co2-emissionen-sinken-kaum\/\" \/>\n<meta property=\"og:locale\" content=\"de_DE\" \/>\n<meta property=\"og:type\" content=\"article\" \/>\n<meta property=\"og:title\" content=\"Neuwagen: CO2-Emissionen sinken kaum - Organisator\" \/>\n<meta property=\"og:description\" content=\"Zum zweiten Mal in Folge haben die Schweizer Autoimporteure die seit 2015 geltenden CO2--Emissionsgrenzwerte \u00fcberschritten.\" \/>\n<meta property=\"og:url\" content=\"https:\/\/www.organisator.ch\/de\/sustainability\/2017-06-12\/neuwagen-co2-emissionen-sinken-kaum\/\" \/>\n<meta property=\"og:site_name\" content=\"Organisator\" \/>\n<meta property=\"article:publisher\" content=\"https:\/\/www.facebook.com\/OrganisatorFachmagazin\" \/>\n<meta property=\"article:published_time\" content=\"2017-06-12T15:58:54+00:00\" \/>\n<meta property=\"article:modified_time\" content=\"2022-02-09T10:06:56+00:00\" \/>\n<meta property=\"og:image\" content=\"https:\/\/www.organisator.ch\/wp-content\/uploads\/2017\/06\/Depositphotos_86865802_l-2015-1024x683.jpg\" \/>\n\t<meta property=\"og:image:width\" content=\"1024\" \/>\n\t<meta property=\"og:image:height\" content=\"683\" \/>\n\t<meta property=\"og:image:type\" content=\"image\/jpeg\" \/>\n<meta name=\"author\" content=\"admin\" \/>\n<meta name=\"twitter:card\" content=\"summary_large_image\" \/>\n<script type=\"application\/ld+json\" class=\"yoast-schema-graph\">{\"@context\":\"https:\\\/\\\/schema.org\",\"@graph\":[{\"@type\":\"Article\",\"@id\":\"https:\\\/\\\/www.organisator.ch\\\/sustainability\\\/2017-06-12\\\/neuwagen-co2-emissionen-sinken-kaum\\\/#article\",\"isPartOf\":{\"@id\":\"https:\\\/\\\/www.organisator.ch\\\/sustainability\\\/2017-06-12\\\/neuwagen-co2-emissionen-sinken-kaum\\\/\"},\"author\":{\"name\":\"admin\",\"@id\":\"https:\\\/\\\/www.organisator.ch\\\/#\\\/schema\\\/person\\\/aa2bace6c5c5aad60102004a50c4eb1c\"},\"headline\":\"Neuwagen: CO2-Emissionen sinken kaum\",\"datePublished\":\"2017-06-12T15:58:54+00:00\",\"dateModified\":\"2022-02-09T10:06:56+00:00\",\"mainEntityOfPage\":{\"@id\":\"https:\\\/\\\/www.organisator.ch\\\/sustainability\\\/2017-06-12\\\/neuwagen-co2-emissionen-sinken-kaum\\\/\"},\"wordCount\":417,\"commentCount\":0,\"publisher\":{\"@id\":\"https:\\\/\\\/www.organisator.ch\\\/#organization\"},\"image\":{\"@id\":\"https:\\\/\\\/www.organisator.ch\\\/sustainability\\\/2017-06-12\\\/neuwagen-co2-emissionen-sinken-kaum\\\/#primaryimage\"},\"thumbnailUrl\":\"https:\\\/\\\/www.organisator.ch\\\/wp-content\\\/uploads\\\/2017\\\/06\\\/Depositphotos_86865802_l-2015.jpg\",\"keywords\":[\"Bundesamt f\u00fcr Energie\",\"CO2\",\"Mobilit\u00e4t\"],\"articleSection\":[\"SUSTAINABILITY\"],\"inLanguage\":\"de\"},{\"@type\":\"WebPage\",\"@id\":\"https:\\\/\\\/www.organisator.ch\\\/sustainability\\\/2017-06-12\\\/neuwagen-co2-emissionen-sinken-kaum\\\/\",\"url\":\"https:\\\/\\\/www.organisator.ch\\\/sustainability\\\/2017-06-12\\\/neuwagen-co2-emissionen-sinken-kaum\\\/\",\"name\":\"Neuwagen: CO2-Emissionen sinken kaum - Organisator\",\"isPartOf\":{\"@id\":\"https:\\\/\\\/www.organisator.ch\\\/#website\"},\"primaryImageOfPage\":{\"@id\":\"https:\\\/\\\/www.organisator.ch\\\/sustainability\\\/2017-06-12\\\/neuwagen-co2-emissionen-sinken-kaum\\\/#primaryimage\"},\"image\":{\"@id\":\"https:\\\/\\\/www.organisator.ch\\\/sustainability\\\/2017-06-12\\\/neuwagen-co2-emissionen-sinken-kaum\\\/#primaryimage\"},\"thumbnailUrl\":\"https:\\\/\\\/www.organisator.ch\\\/wp-content\\\/uploads\\\/2017\\\/06\\\/Depositphotos_86865802_l-2015.jpg\",\"datePublished\":\"2017-06-12T15:58:54+00:00\",\"dateModified\":\"2022-02-09T10:06:56+00:00\",\"description\":\"Zum zweiten Mal in Folge haben die Schweizer Autoimporteure die seit 2015 geltenden CO2--Emissionsgrenzwerte \u00fcberschritten.\",\"breadcrumb\":{\"@id\":\"https:\\\/\\\/www.organisator.ch\\\/sustainability\\\/2017-06-12\\\/neuwagen-co2-emissionen-sinken-kaum\\\/#breadcrumb\"},\"inLanguage\":\"de\",\"potentialAction\":[{\"@type\":\"ReadAction\",\"target\":[\"https:\\\/\\\/www.organisator.ch\\\/sustainability\\\/2017-06-12\\\/neuwagen-co2-emissionen-sinken-kaum\\\/\"]}]},{\"@type\":\"ImageObject\",\"inLanguage\":\"de\",\"@id\":\"https:\\\/\\\/www.organisator.ch\\\/sustainability\\\/2017-06-12\\\/neuwagen-co2-emissionen-sinken-kaum\\\/#primaryimage\",\"url\":\"https:\\\/\\\/www.organisator.ch\\\/wp-content\\\/uploads\\\/2017\\\/06\\\/Depositphotos_86865802_l-2015.jpg\",\"contentUrl\":\"https:\\\/\\\/www.organisator.ch\\\/wp-content\\\/uploads\\\/2017\\\/06\\\/Depositphotos_86865802_l-2015.jpg\",\"width\":1999,\"height\":1333,\"caption\":\"Die in die Schweiz importierten Neuwagen haben den Emissions-Zielwert immer noch nicht erreicht.\"},{\"@type\":\"BreadcrumbList\",\"@id\":\"https:\\\/\\\/www.organisator.ch\\\/sustainability\\\/2017-06-12\\\/neuwagen-co2-emissionen-sinken-kaum\\\/#breadcrumb\",\"itemListElement\":[{\"@type\":\"ListItem\",\"position\":1,\"name\":\"Home\",\"item\":\"https:\\\/\\\/www.organisator.ch\\\/\"},{\"@type\":\"ListItem\",\"position\":2,\"name\":\"Neuwagen: CO2-Emissionen sinken kaum\"}]},{\"@type\":\"WebSite\",\"@id\":\"https:\\\/\\\/www.organisator.ch\\\/#website\",\"url\":\"https:\\\/\\\/www.organisator.ch\\\/\",\"name\":\"Organisator\",\"description\":\"Kompetent. Praxisnah. Der ORGANISATOR bereitet in 10 Ausgaben pro Jahr die wesentlichen Themen f\u00fcr F\u00fchrungskr\u00e4fte von KMU auf.\",\"publisher\":{\"@id\":\"https:\\\/\\\/www.organisator.ch\\\/#organization\"},\"potentialAction\":[{\"@type\":\"SearchAction\",\"target\":{\"@type\":\"EntryPoint\",\"urlTemplate\":\"https:\\\/\\\/www.organisator.ch\\\/?s={search_term_string}\"},\"query-input\":{\"@type\":\"PropertyValueSpecification\",\"valueRequired\":true,\"valueName\":\"search_term_string\"}}],\"inLanguage\":\"de\"},{\"@type\":\"Organization\",\"@id\":\"https:\\\/\\\/www.organisator.ch\\\/#organization\",\"name\":\"Organisator\",\"url\":\"https:\\\/\\\/www.organisator.ch\\\/\",\"logo\":{\"@type\":\"ImageObject\",\"inLanguage\":\"de\",\"@id\":\"https:\\\/\\\/www.organisator.ch\\\/#\\\/schema\\\/logo\\\/image\\\/\",\"url\":\"https:\\\/\\\/www.organisator.ch\\\/wp-content\\\/uploads\\\/2022\\\/01\\\/Logo_Organisator_Website.png\",\"contentUrl\":\"https:\\\/\\\/www.organisator.ch\\\/wp-content\\\/uploads\\\/2022\\\/01\\\/Logo_Organisator_Website.png\",\"width\":800,\"height\":77,\"caption\":\"Organisator\"},\"image\":{\"@id\":\"https:\\\/\\\/www.organisator.ch\\\/#\\\/schema\\\/logo\\\/image\\\/\"},\"sameAs\":[\"https:\\\/\\\/www.facebook.com\\\/OrganisatorFachmagazin\",\"https:\\\/\\\/www.linkedin.com\\\/showcase\\\/organisator-das-magazin-fr-kmu\",\"https:\\\/\\\/www.xing.com\\\/news\\\/pages\\\/organisator-ch-695\",\"https:\\\/\\\/www.youtube.com\\\/channel\\\/UCGP2Sq0iWaZwT3BdIAQFYpw\"]},{\"@type\":\"Person\",\"@id\":\"https:\\\/\\\/www.organisator.ch\\\/#\\\/schema\\\/person\\\/aa2bace6c5c5aad60102004a50c4eb1c\",\"name\":\"admin\",\"image\":{\"@type\":\"ImageObject\",\"inLanguage\":\"de\",\"@id\":\"https:\\\/\\\/secure.gravatar.com\\\/avatar\\\/ae2f4d718e6c49043e314ce431e7e645d646302a24a5ef5a8bc8e3f5a032e319?s=96&d=mm&r=g\",\"url\":\"https:\\\/\\\/secure.gravatar.com\\\/avatar\\\/ae2f4d718e6c49043e314ce431e7e645d646302a24a5ef5a8bc8e3f5a032e319?s=96&d=mm&r=g\",\"contentUrl\":\"https:\\\/\\\/secure.gravatar.com\\\/avatar\\\/ae2f4d718e6c49043e314ce431e7e645d646302a24a5ef5a8bc8e3f5a032e319?s=96&d=mm&r=g\",\"caption\":\"admin\"},\"sameAs\":[\"https:\\\/\\\/www.organisator.ch\"],\"url\":\"https:\\\/\\\/www.organisator.ch\\\/de\\\/author\\\/admin\\\/\"}]}<\/script>\n<!-- \/ Yoast SEO plugin. -->","yoast_head_json":{"title":"Neuwagen: CO2-Emissionen sinken kaum - Organisator","description":"Zum zweiten Mal in Folge haben die Schweizer Autoimporteure die seit 2015 geltenden CO2--Emissionsgrenzwerte \u00fcberschritten.","robots":{"index":"index","follow":"follow","max-snippet":"max-snippet:-1","max-image-preview":"max-image-preview:large","max-video-preview":"max-video-preview:-1"},"canonical":"https:\/\/www.organisator.ch\/de\/sustainability\/2017-06-12\/neuwagen-co2-emissionen-sinken-kaum\/","og_locale":"de_DE","og_type":"article","og_title":"Neuwagen: CO2-Emissionen sinken kaum - Organisator","og_description":"Zum zweiten Mal in Folge haben die Schweizer Autoimporteure die seit 2015 geltenden CO2--Emissionsgrenzwerte \u00fcberschritten.","og_url":"https:\/\/www.organisator.ch\/de\/sustainability\/2017-06-12\/neuwagen-co2-emissionen-sinken-kaum\/","og_site_name":"Organisator","article_publisher":"https:\/\/www.facebook.com\/OrganisatorFachmagazin","article_published_time":"2017-06-12T15:58:54+00:00","article_modified_time":"2022-02-09T10:06:56+00:00","og_image":[{"width":1024,"height":683,"url":"https:\/\/www.organisator.ch\/wp-content\/uploads\/2017\/06\/Depositphotos_86865802_l-2015-1024x683.jpg","type":"image\/jpeg"}],"author":"admin","twitter_card":"summary_large_image","schema":{"@context":"https:\/\/schema.org","@graph":[{"@type":"Article","@id":"https:\/\/www.organisator.ch\/sustainability\/2017-06-12\/neuwagen-co2-emissionen-sinken-kaum\/#article","isPartOf":{"@id":"https:\/\/www.organisator.ch\/sustainability\/2017-06-12\/neuwagen-co2-emissionen-sinken-kaum\/"},"author":{"name":"admin","@id":"https:\/\/www.organisator.ch\/#\/schema\/person\/aa2bace6c5c5aad60102004a50c4eb1c"},"headline":"Neuwagen: CO2-Emissionen sinken kaum","datePublished":"2017-06-12T15:58:54+00:00","dateModified":"2022-02-09T10:06:56+00:00","mainEntityOfPage":{"@id":"https:\/\/www.organisator.ch\/sustainability\/2017-06-12\/neuwagen-co2-emissionen-sinken-kaum\/"},"wordCount":417,"commentCount":0,"publisher":{"@id":"https:\/\/www.organisator.ch\/#organization"},"image":{"@id":"https:\/\/www.organisator.ch\/sustainability\/2017-06-12\/neuwagen-co2-emissionen-sinken-kaum\/#primaryimage"},"thumbnailUrl":"https:\/\/www.organisator.ch\/wp-content\/uploads\/2017\/06\/Depositphotos_86865802_l-2015.jpg","keywords":["Bundesamt f\u00fcr Energie","CO2","Mobilit\u00e4t"],"articleSection":["SUSTAINABILITY"],"inLanguage":"de"},{"@type":"WebPage","@id":"https:\/\/www.organisator.ch\/sustainability\/2017-06-12\/neuwagen-co2-emissionen-sinken-kaum\/","url":"https:\/\/www.organisator.ch\/sustainability\/2017-06-12\/neuwagen-co2-emissionen-sinken-kaum\/","name":"Neuwagen: CO2-Emissionen sinken kaum - Organisator","isPartOf":{"@id":"https:\/\/www.organisator.ch\/#website"},"primaryImageOfPage":{"@id":"https:\/\/www.organisator.ch\/sustainability\/2017-06-12\/neuwagen-co2-emissionen-sinken-kaum\/#primaryimage"},"image":{"@id":"https:\/\/www.organisator.ch\/sustainability\/2017-06-12\/neuwagen-co2-emissionen-sinken-kaum\/#primaryimage"},"thumbnailUrl":"https:\/\/www.organisator.ch\/wp-content\/uploads\/2017\/06\/Depositphotos_86865802_l-2015.jpg","datePublished":"2017-06-12T15:58:54+00:00","dateModified":"2022-02-09T10:06:56+00:00","description":"Zum zweiten Mal in Folge haben die Schweizer Autoimporteure die seit 2015 geltenden CO2--Emissionsgrenzwerte \u00fcberschritten.","breadcrumb":{"@id":"https:\/\/www.organisator.ch\/sustainability\/2017-06-12\/neuwagen-co2-emissionen-sinken-kaum\/#breadcrumb"},"inLanguage":"de","potentialAction":[{"@type":"ReadAction","target":["https:\/\/www.organisator.ch\/sustainability\/2017-06-12\/neuwagen-co2-emissionen-sinken-kaum\/"]}]},{"@type":"ImageObject","inLanguage":"de","@id":"https:\/\/www.organisator.ch\/sustainability\/2017-06-12\/neuwagen-co2-emissionen-sinken-kaum\/#primaryimage","url":"https:\/\/www.organisator.ch\/wp-content\/uploads\/2017\/06\/Depositphotos_86865802_l-2015.jpg","contentUrl":"https:\/\/www.organisator.ch\/wp-content\/uploads\/2017\/06\/Depositphotos_86865802_l-2015.jpg","width":1999,"height":1333,"caption":"Die in die Schweiz importierten Neuwagen haben den Emissions-Zielwert immer noch nicht erreicht."},{"@type":"BreadcrumbList","@id":"https:\/\/www.organisator.ch\/sustainability\/2017-06-12\/neuwagen-co2-emissionen-sinken-kaum\/#breadcrumb","itemListElement":[{"@type":"ListItem","position":1,"name":"Home","item":"https:\/\/www.organisator.ch\/"},{"@type":"ListItem","position":2,"name":"Neuwagen: CO2-Emissionen sinken kaum"}]},{"@type":"WebSite","@id":"https:\/\/www.organisator.ch\/#website","url":"https:\/\/www.organisator.ch\/","name":"Organisator","description":"Kompetent. Praxisnah. Der ORGANISATOR bereitet in 10 Ausgaben pro Jahr die wesentlichen Themen f\u00fcr F\u00fchrungskr\u00e4fte von KMU auf.","publisher":{"@id":"https:\/\/www.organisator.ch\/#organization"},"potentialAction":[{"@type":"SearchAction","target":{"@type":"EntryPoint","urlTemplate":"https:\/\/www.organisator.ch\/?s={search_term_string}"},"query-input":{"@type":"PropertyValueSpecification","valueRequired":true,"valueName":"search_term_string"}}],"inLanguage":"de"},{"@type":"Organization","@id":"https:\/\/www.organisator.ch\/#organization","name":"Organisator","url":"https:\/\/www.organisator.ch\/","logo":{"@type":"ImageObject","inLanguage":"de","@id":"https:\/\/www.organisator.ch\/#\/schema\/logo\/image\/","url":"https:\/\/www.organisator.ch\/wp-content\/uploads\/2022\/01\/Logo_Organisator_Website.png","contentUrl":"https:\/\/www.organisator.ch\/wp-content\/uploads\/2022\/01\/Logo_Organisator_Website.png","width":800,"height":77,"caption":"Organisator"},"image":{"@id":"https:\/\/www.organisator.ch\/#\/schema\/logo\/image\/"},"sameAs":["https:\/\/www.facebook.com\/OrganisatorFachmagazin","https:\/\/www.linkedin.com\/showcase\/organisator-das-magazin-fr-kmu","https:\/\/www.xing.com\/news\/pages\/organisator-ch-695","https:\/\/www.youtube.com\/channel\/UCGP2Sq0iWaZwT3BdIAQFYpw"]},{"@type":"Person","@id":"https:\/\/www.organisator.ch\/#\/schema\/person\/aa2bace6c5c5aad60102004a50c4eb1c","name":"admin","image":{"@type":"ImageObject","inLanguage":"de","@id":"https:\/\/secure.gravatar.com\/avatar\/ae2f4d718e6c49043e314ce431e7e645d646302a24a5ef5a8bc8e3f5a032e319?s=96&d=mm&r=g","url":"https:\/\/secure.gravatar.com\/avatar\/ae2f4d718e6c49043e314ce431e7e645d646302a24a5ef5a8bc8e3f5a032e319?s=96&d=mm&r=g","contentUrl":"https:\/\/secure.gravatar.com\/avatar\/ae2f4d718e6c49043e314ce431e7e645d646302a24a5ef5a8bc8e3f5a032e319?s=96&d=mm&r=g","caption":"admin"},"sameAs":["https:\/\/www.organisator.ch"],"url":"https:\/\/www.organisator.ch\/de\/author\/admin\/"}]}},"_links":{"self":[{"href":"https:\/\/www.organisator.ch\/de\/wp-json\/wp\/v2\/posts\/1011","targetHints":{"allow":["GET"]}}],"collection":[{"href":"https:\/\/www.organisator.ch\/de\/wp-json\/wp\/v2\/posts"}],"about":[{"href":"https:\/\/www.organisator.ch\/de\/wp-json\/wp\/v2\/types\/post"}],"author":[{"embeddable":true,"href":"https:\/\/www.organisator.ch\/de\/wp-json\/wp\/v2\/users\/1"}],"replies":[{"embeddable":true,"href":"https:\/\/www.organisator.ch\/de\/wp-json\/wp\/v2\/comments?post=1011"}],"version-history":[{"count":1,"href":"https:\/\/www.organisator.ch\/de\/wp-json\/wp\/v2\/posts\/1011\/revisions"}],"predecessor-version":[{"id":10734,"href":"https:\/\/www.organisator.ch\/de\/wp-json\/wp\/v2\/posts\/1011\/revisions\/10734"}],"wp:featuredmedia":[{"embeddable":true,"href":"https:\/\/www.organisator.ch\/de\/wp-json\/wp\/v2\/media\/9500"}],"wp:attachment":[{"href":"https:\/\/www.organisator.ch\/de\/wp-json\/wp\/v2\/media?parent=1011"}],"wp:term":[{"taxonomy":"category","embeddable":true,"href":"https:\/\/www.organisator.ch\/de\/wp-json\/wp\/v2\/categories?post=1011"},{"taxonomy":"post_tag","embeddable":true,"href":"https:\/\/www.organisator.ch\/de\/wp-json\/wp\/v2\/tags?post=1011"}],"curies":[{"name":"wp","href":"https:\/\/api.w.org\/{rel}","templated":true}]}}