{"id":10112,"date":"2019-08-27T16:57:30","date_gmt":"2019-08-27T14:57:30","guid":{"rendered":"https:\/\/www.umweltperspektiven.ch\/?p=2401"},"modified":"2022-02-09T11:10:04","modified_gmt":"2022-02-09T10:10:04","slug":"neue-professur-fuer-bim-in-der-landschaftsarchitektur","status":"publish","type":"post","link":"https:\/\/www.organisator.ch\/de\/sustainability\/2019-08-27\/neue-professur-fuer-bim-in-der-landschaftsarchitektur\/","title":{"rendered":"Neue Professur f\u00fcr BIM in der Landschaftsarchitektur"},"content":{"rendered":"<figure id=\"attachment_2402\" aria-describedby=\"caption-attachment-2402\" style=\"width: 680px\" class=\"wp-caption alignnone\"><img loading=\"lazy\" decoding=\"async\" class=\"size-medium wp-image-2402\" src=\"\/\/www.umweltperspektiven.ch\/wp-content\/uploads\/2019\/08\/Christian_Graf_UP_UmweltPerspektiven.jpg\" alt=\"\" width=\"680\" height=\"464\" \/><figcaption id=\"caption-attachment-2402\" class=\"wp-caption-text\">Prof. Christian Graf wird ab dem Herbstsemester 2019 \u00fcbernehmen. (Bild: HSR)<\/figcaption><\/figure>\n<p>BIM ist die zentrale Schl\u00fcsseltechnologie zur digitalen Transformation der Baubranche. Im Herbst 2018 hat der Bundesrat den \u00abAktionsplan Digitale Schweiz\u00bb verabschiedet. Das Ziel: Der Bund und alle bundesnahen Betriebe sollen ab 2021 f\u00fcr Immobilien und ab 2025 f\u00fcr Infrastrukturanlagen die Planungsmethode Building Information Modeling (BIM) verpflichtend anwenden. Die Planung, der Bau und die Bewirtschaftung eines neu gestalteten <a class=\"internal-link\" title=\"Zum Modul 'Planung und Entwurf urbander Freir\u00e4ume'\" href=\"\/\/www.hsr.ch\/de\/studium\/bachelor\/studiengaenge\/landschaftsarchitektur-l\/studieninhalt\/#c3941\">Freiraums <\/a>\u00e4ndert sich grunds\u00e4tzlich und muss dementsprechend neu gedacht werden.<\/p>\n<p class=\"bodytext\">Die HSR widmet sich diesem strategischen Forschungszweig der Bauwirtschaft mit einer neuen Professur im Studiengang Landschaftsarchitektur: Prof. Christian Graf wird das neue Bildungs- und Forschungsthema ab dem Herbstsemester 2019 \u00fcbernehmen und Projektierung und BIM in der Landschaftsarchitektur unterrichten. Christian Graf, urspr\u00fcnglich im Tiefbau ausgebildet, studierte Landschaftsarchitektur an der HSR und erwarb danach sein Master-Diplom in Deutschland. Nach der Ausbildung sammelte er in verschiedenen Landschaftsarchitekturb\u00fcros in Z\u00fcrich Erfahrung und ist seit zehn Jahren mit seinem eigenen Planungsb\u00fcro erfolgreich pr\u00e4sent.<\/p>\n<p class=\"bodytext\">Ziel der neuen Professur ist es, in der angewandten Forschung und Entwicklung Erkenntnisse in den \u00abBIM Levels 1-4\u00bb des Stufenplans Schweiz zu gewinnen. Der <a class=\"external-link-new-window\" href=\"\/\/bauen-digital.ch\/de\/produkte\/stufenplan\/#section-209\" target=\"_blank\" rel=\"noopener\">Stufenplan Schweiz<\/a> ist ein Leitfaden, entwickelt von Bauen digital Schweiz, einer Organisation, die sich der digitalen Transformation der Schweizer Bau- und Immobilienwirtschaft verschrieben hat. Der Plan fasst in vier Schritten zusammen, wie die digitale Transformation aussehen soll.<br \/>\nWir heissen Prof. Christian Graf herzlich an der HSR willkommen und w\u00fcnschen ihm einen guten Start ins Semester.<\/p>\n<p><em>Sie interessieren sich f\u00fcr ein Landschaftsarchitektur-Studium? <a class=\"internal-link\" title=\"Opens internal link in current window\" href=\"\/\/www.hsr.ch\/de\/studium\/bachelor\/studiengaenge\/landschaftsarchitektur-l\/uebersicht\/\">Hier finden Sie weitere Informationen zum Studiengang<\/a>.\u00a0<\/em><\/p>\n","protected":false},"excerpt":{"rendered":"<p>BIM ist die zentrale Schl\u00fcsseltechnologie zur digitalen Transformation der Baubranche. Im Herbst 2018 hat der Bundesrat den \u00abAktionsplan Digitale Schweiz\u00bb verabschiedet. Das Ziel: Der Bund und alle bundesnahen Betriebe sollen ab 2021 f\u00fcr Immobilien und ab 2025 f\u00fcr Infrastrukturanlagen die Planungsmethode Building Information Modeling (BIM) verpflichtend anwenden. Die Planung, der Bau und die Bewirtschaftung eines [&hellip;]<\/p>\n","protected":false},"author":5,"featured_media":9632,"comment_status":"open","ping_status":"open","sticky":false,"template":"","format":"standard","meta":{"_acf_changed":false,"_yoast_wpseo_focuskw":"BIM","_yoast_wpseo_metadesc":"Prof. Christian Graf wird ab dem kommenden Semester Projektierung und BIM im Studiengang Landschaftsarchitektur an der HSR unterrichten.","articlekey":"","footnotes":""},"categories":[580],"tags":[816,218,263,1405],"class_list":["post-10112","post","type-post","status-publish","format-standard","has-post-thumbnail","hentry","category-sustainability","tag-bim","tag-forschung","tag-immobilien","tag-infrastruktur"],"acf":[],"yoast_head":"<!-- This site is optimized with the Yoast SEO plugin v27.5 - https:\/\/yoast.com\/product\/yoast-seo-wordpress\/ -->\n<title>Neue Professur f\u00fcr BIM in der Landschaftsarchitektur - Organisator<\/title>\n<meta name=\"description\" content=\"Prof. Christian Graf wird ab dem kommenden Semester Projektierung und BIM im Studiengang Landschaftsarchitektur an der HSR unterrichten.\" \/>\n<meta name=\"robots\" content=\"index, follow, max-snippet:-1, max-image-preview:large, max-video-preview:-1\" \/>\n<link rel=\"canonical\" href=\"https:\/\/www.organisator.ch\/de\/sustainability\/2019-08-27\/neue-professur-fuer-bim-in-der-landschaftsarchitektur\/\" \/>\n<meta property=\"og:locale\" content=\"de_DE\" \/>\n<meta property=\"og:type\" content=\"article\" \/>\n<meta property=\"og:title\" content=\"Neue Professur f\u00fcr BIM in der Landschaftsarchitektur - Organisator\" \/>\n<meta property=\"og:description\" content=\"Prof. Christian Graf wird ab dem kommenden Semester Projektierung und BIM im Studiengang Landschaftsarchitektur an der HSR unterrichten.\" \/>\n<meta property=\"og:url\" content=\"https:\/\/www.organisator.ch\/de\/sustainability\/2019-08-27\/neue-professur-fuer-bim-in-der-landschaftsarchitektur\/\" \/>\n<meta property=\"og:site_name\" content=\"Organisator\" \/>\n<meta property=\"article:publisher\" content=\"https:\/\/www.facebook.com\/OrganisatorFachmagazin\" \/>\n<meta property=\"article:published_time\" content=\"2019-08-27T14:57:30+00:00\" \/>\n<meta property=\"article:modified_time\" content=\"2022-02-09T10:10:04+00:00\" \/>\n<meta property=\"og:image\" content=\"https:\/\/www.organisator.ch\/wp-content\/uploads\/2019\/08\/Christian_Graf_UP_UmweltPerspektiven.jpg\" \/>\n\t<meta property=\"og:image:width\" content=\"1500\" \/>\n\t<meta property=\"og:image:height\" content=\"1024\" \/>\n\t<meta property=\"og:image:type\" content=\"image\/jpeg\" \/>\n<meta name=\"author\" content=\"michael.merz\" \/>\n<meta name=\"twitter:card\" content=\"summary_large_image\" \/>\n<script type=\"application\/ld+json\" class=\"yoast-schema-graph\">{\"@context\":\"https:\\\/\\\/schema.org\",\"@graph\":[{\"@type\":\"Article\",\"@id\":\"https:\\\/\\\/www.organisator.ch\\\/sustainability\\\/2019-08-27\\\/neue-professur-fuer-bim-in-der-landschaftsarchitektur\\\/#article\",\"isPartOf\":{\"@id\":\"https:\\\/\\\/www.organisator.ch\\\/sustainability\\\/2019-08-27\\\/neue-professur-fuer-bim-in-der-landschaftsarchitektur\\\/\"},\"author\":{\"name\":\"michael.merz\",\"@id\":\"https:\\\/\\\/www.organisator.ch\\\/#\\\/schema\\\/person\\\/134708ca9321c57b0362cceb7948ffbd\"},\"headline\":\"Neue Professur f\u00fcr BIM in der Landschaftsarchitektur\",\"datePublished\":\"2019-08-27T14:57:30+00:00\",\"dateModified\":\"2022-02-09T10:10:04+00:00\",\"mainEntityOfPage\":{\"@id\":\"https:\\\/\\\/www.organisator.ch\\\/sustainability\\\/2019-08-27\\\/neue-professur-fuer-bim-in-der-landschaftsarchitektur\\\/\"},\"wordCount\":269,\"commentCount\":0,\"publisher\":{\"@id\":\"https:\\\/\\\/www.organisator.ch\\\/#organization\"},\"image\":{\"@id\":\"https:\\\/\\\/www.organisator.ch\\\/sustainability\\\/2019-08-27\\\/neue-professur-fuer-bim-in-der-landschaftsarchitektur\\\/#primaryimage\"},\"thumbnailUrl\":\"https:\\\/\\\/www.organisator.ch\\\/wp-content\\\/uploads\\\/2019\\\/08\\\/Christian_Graf_UP_UmweltPerspektiven.jpg\",\"keywords\":[\"BIM\",\"Forschung\",\"Immobilien\",\"Infrastruktur\"],\"articleSection\":[\"SUSTAINABILITY\"],\"inLanguage\":\"de\"},{\"@type\":\"WebPage\",\"@id\":\"https:\\\/\\\/www.organisator.ch\\\/sustainability\\\/2019-08-27\\\/neue-professur-fuer-bim-in-der-landschaftsarchitektur\\\/\",\"url\":\"https:\\\/\\\/www.organisator.ch\\\/sustainability\\\/2019-08-27\\\/neue-professur-fuer-bim-in-der-landschaftsarchitektur\\\/\",\"name\":\"Neue Professur f\u00fcr BIM in der Landschaftsarchitektur - Organisator\",\"isPartOf\":{\"@id\":\"https:\\\/\\\/www.organisator.ch\\\/#website\"},\"primaryImageOfPage\":{\"@id\":\"https:\\\/\\\/www.organisator.ch\\\/sustainability\\\/2019-08-27\\\/neue-professur-fuer-bim-in-der-landschaftsarchitektur\\\/#primaryimage\"},\"image\":{\"@id\":\"https:\\\/\\\/www.organisator.ch\\\/sustainability\\\/2019-08-27\\\/neue-professur-fuer-bim-in-der-landschaftsarchitektur\\\/#primaryimage\"},\"thumbnailUrl\":\"https:\\\/\\\/www.organisator.ch\\\/wp-content\\\/uploads\\\/2019\\\/08\\\/Christian_Graf_UP_UmweltPerspektiven.jpg\",\"datePublished\":\"2019-08-27T14:57:30+00:00\",\"dateModified\":\"2022-02-09T10:10:04+00:00\",\"description\":\"Prof. Christian Graf wird ab dem kommenden Semester Projektierung und BIM im Studiengang Landschaftsarchitektur an der HSR unterrichten.\",\"breadcrumb\":{\"@id\":\"https:\\\/\\\/www.organisator.ch\\\/sustainability\\\/2019-08-27\\\/neue-professur-fuer-bim-in-der-landschaftsarchitektur\\\/#breadcrumb\"},\"inLanguage\":\"de\",\"potentialAction\":[{\"@type\":\"ReadAction\",\"target\":[\"https:\\\/\\\/www.organisator.ch\\\/sustainability\\\/2019-08-27\\\/neue-professur-fuer-bim-in-der-landschaftsarchitektur\\\/\"]}]},{\"@type\":\"ImageObject\",\"inLanguage\":\"de\",\"@id\":\"https:\\\/\\\/www.organisator.ch\\\/sustainability\\\/2019-08-27\\\/neue-professur-fuer-bim-in-der-landschaftsarchitektur\\\/#primaryimage\",\"url\":\"https:\\\/\\\/www.organisator.ch\\\/wp-content\\\/uploads\\\/2019\\\/08\\\/Christian_Graf_UP_UmweltPerspektiven.jpg\",\"contentUrl\":\"https:\\\/\\\/www.organisator.ch\\\/wp-content\\\/uploads\\\/2019\\\/08\\\/Christian_Graf_UP_UmweltPerspektiven.jpg\",\"width\":1500,\"height\":1024,\"caption\":\"Prof. Christian Graf wird ab dem Herbstsemester 2019 \u00fcbernehmen. (Bild: HSR)\"},{\"@type\":\"BreadcrumbList\",\"@id\":\"https:\\\/\\\/www.organisator.ch\\\/sustainability\\\/2019-08-27\\\/neue-professur-fuer-bim-in-der-landschaftsarchitektur\\\/#breadcrumb\",\"itemListElement\":[{\"@type\":\"ListItem\",\"position\":1,\"name\":\"Home\",\"item\":\"https:\\\/\\\/www.organisator.ch\\\/\"},{\"@type\":\"ListItem\",\"position\":2,\"name\":\"Neue Professur f\u00fcr BIM in der Landschaftsarchitektur\"}]},{\"@type\":\"WebSite\",\"@id\":\"https:\\\/\\\/www.organisator.ch\\\/#website\",\"url\":\"https:\\\/\\\/www.organisator.ch\\\/\",\"name\":\"Organisator\",\"description\":\"Kompetent. Praxisnah. Der ORGANISATOR bereitet in 10 Ausgaben pro Jahr die wesentlichen Themen f\u00fcr F\u00fchrungskr\u00e4fte von KMU auf.\",\"publisher\":{\"@id\":\"https:\\\/\\\/www.organisator.ch\\\/#organization\"},\"potentialAction\":[{\"@type\":\"SearchAction\",\"target\":{\"@type\":\"EntryPoint\",\"urlTemplate\":\"https:\\\/\\\/www.organisator.ch\\\/?s={search_term_string}\"},\"query-input\":{\"@type\":\"PropertyValueSpecification\",\"valueRequired\":true,\"valueName\":\"search_term_string\"}}],\"inLanguage\":\"de\"},{\"@type\":\"Organization\",\"@id\":\"https:\\\/\\\/www.organisator.ch\\\/#organization\",\"name\":\"Organisator\",\"url\":\"https:\\\/\\\/www.organisator.ch\\\/\",\"logo\":{\"@type\":\"ImageObject\",\"inLanguage\":\"de\",\"@id\":\"https:\\\/\\\/www.organisator.ch\\\/#\\\/schema\\\/logo\\\/image\\\/\",\"url\":\"https:\\\/\\\/www.organisator.ch\\\/wp-content\\\/uploads\\\/2022\\\/01\\\/Logo_Organisator_Website.png\",\"contentUrl\":\"https:\\\/\\\/www.organisator.ch\\\/wp-content\\\/uploads\\\/2022\\\/01\\\/Logo_Organisator_Website.png\",\"width\":800,\"height\":77,\"caption\":\"Organisator\"},\"image\":{\"@id\":\"https:\\\/\\\/www.organisator.ch\\\/#\\\/schema\\\/logo\\\/image\\\/\"},\"sameAs\":[\"https:\\\/\\\/www.facebook.com\\\/OrganisatorFachmagazin\",\"https:\\\/\\\/www.linkedin.com\\\/showcase\\\/organisator-das-magazin-fr-kmu\",\"https:\\\/\\\/www.xing.com\\\/news\\\/pages\\\/organisator-ch-695\",\"https:\\\/\\\/www.youtube.com\\\/channel\\\/UCGP2Sq0iWaZwT3BdIAQFYpw\"]},{\"@type\":\"Person\",\"@id\":\"https:\\\/\\\/www.organisator.ch\\\/#\\\/schema\\\/person\\\/134708ca9321c57b0362cceb7948ffbd\",\"name\":\"michael.merz\",\"image\":{\"@type\":\"ImageObject\",\"inLanguage\":\"de\",\"@id\":\"https:\\\/\\\/secure.gravatar.com\\\/avatar\\\/?s=96&d=mm&r=g\",\"url\":\"https:\\\/\\\/secure.gravatar.com\\\/avatar\\\/?s=96&d=mm&r=g\",\"contentUrl\":\"https:\\\/\\\/secure.gravatar.com\\\/avatar\\\/?s=96&d=mm&r=g\",\"caption\":\"michael.merz\"},\"url\":\"https:\\\/\\\/www.organisator.ch\\\/de\\\/author\\\/michael-merz\\\/\"}]}<\/script>\n<!-- \/ Yoast SEO plugin. -->","yoast_head_json":{"title":"Neue Professur f\u00fcr BIM in der Landschaftsarchitektur - Organisator","description":"Prof. Christian Graf wird ab dem kommenden Semester Projektierung und BIM im Studiengang Landschaftsarchitektur an der HSR unterrichten.","robots":{"index":"index","follow":"follow","max-snippet":"max-snippet:-1","max-image-preview":"max-image-preview:large","max-video-preview":"max-video-preview:-1"},"canonical":"https:\/\/www.organisator.ch\/de\/sustainability\/2019-08-27\/neue-professur-fuer-bim-in-der-landschaftsarchitektur\/","og_locale":"de_DE","og_type":"article","og_title":"Neue Professur f\u00fcr BIM in der Landschaftsarchitektur - Organisator","og_description":"Prof. Christian Graf wird ab dem kommenden Semester Projektierung und BIM im Studiengang Landschaftsarchitektur an der HSR unterrichten.","og_url":"https:\/\/www.organisator.ch\/de\/sustainability\/2019-08-27\/neue-professur-fuer-bim-in-der-landschaftsarchitektur\/","og_site_name":"Organisator","article_publisher":"https:\/\/www.facebook.com\/OrganisatorFachmagazin","article_published_time":"2019-08-27T14:57:30+00:00","article_modified_time":"2022-02-09T10:10:04+00:00","og_image":[{"width":1500,"height":1024,"url":"https:\/\/www.organisator.ch\/wp-content\/uploads\/2019\/08\/Christian_Graf_UP_UmweltPerspektiven.jpg","type":"image\/jpeg"}],"author":"michael.merz","twitter_card":"summary_large_image","schema":{"@context":"https:\/\/schema.org","@graph":[{"@type":"Article","@id":"https:\/\/www.organisator.ch\/sustainability\/2019-08-27\/neue-professur-fuer-bim-in-der-landschaftsarchitektur\/#article","isPartOf":{"@id":"https:\/\/www.organisator.ch\/sustainability\/2019-08-27\/neue-professur-fuer-bim-in-der-landschaftsarchitektur\/"},"author":{"name":"michael.merz","@id":"https:\/\/www.organisator.ch\/#\/schema\/person\/134708ca9321c57b0362cceb7948ffbd"},"headline":"Neue Professur f\u00fcr BIM in der Landschaftsarchitektur","datePublished":"2019-08-27T14:57:30+00:00","dateModified":"2022-02-09T10:10:04+00:00","mainEntityOfPage":{"@id":"https:\/\/www.organisator.ch\/sustainability\/2019-08-27\/neue-professur-fuer-bim-in-der-landschaftsarchitektur\/"},"wordCount":269,"commentCount":0,"publisher":{"@id":"https:\/\/www.organisator.ch\/#organization"},"image":{"@id":"https:\/\/www.organisator.ch\/sustainability\/2019-08-27\/neue-professur-fuer-bim-in-der-landschaftsarchitektur\/#primaryimage"},"thumbnailUrl":"https:\/\/www.organisator.ch\/wp-content\/uploads\/2019\/08\/Christian_Graf_UP_UmweltPerspektiven.jpg","keywords":["BIM","Forschung","Immobilien","Infrastruktur"],"articleSection":["SUSTAINABILITY"],"inLanguage":"de"},{"@type":"WebPage","@id":"https:\/\/www.organisator.ch\/sustainability\/2019-08-27\/neue-professur-fuer-bim-in-der-landschaftsarchitektur\/","url":"https:\/\/www.organisator.ch\/sustainability\/2019-08-27\/neue-professur-fuer-bim-in-der-landschaftsarchitektur\/","name":"Neue Professur f\u00fcr BIM in der Landschaftsarchitektur - Organisator","isPartOf":{"@id":"https:\/\/www.organisator.ch\/#website"},"primaryImageOfPage":{"@id":"https:\/\/www.organisator.ch\/sustainability\/2019-08-27\/neue-professur-fuer-bim-in-der-landschaftsarchitektur\/#primaryimage"},"image":{"@id":"https:\/\/www.organisator.ch\/sustainability\/2019-08-27\/neue-professur-fuer-bim-in-der-landschaftsarchitektur\/#primaryimage"},"thumbnailUrl":"https:\/\/www.organisator.ch\/wp-content\/uploads\/2019\/08\/Christian_Graf_UP_UmweltPerspektiven.jpg","datePublished":"2019-08-27T14:57:30+00:00","dateModified":"2022-02-09T10:10:04+00:00","description":"Prof. Christian Graf wird ab dem kommenden Semester Projektierung und BIM im Studiengang Landschaftsarchitektur an der HSR unterrichten.","breadcrumb":{"@id":"https:\/\/www.organisator.ch\/sustainability\/2019-08-27\/neue-professur-fuer-bim-in-der-landschaftsarchitektur\/#breadcrumb"},"inLanguage":"de","potentialAction":[{"@type":"ReadAction","target":["https:\/\/www.organisator.ch\/sustainability\/2019-08-27\/neue-professur-fuer-bim-in-der-landschaftsarchitektur\/"]}]},{"@type":"ImageObject","inLanguage":"de","@id":"https:\/\/www.organisator.ch\/sustainability\/2019-08-27\/neue-professur-fuer-bim-in-der-landschaftsarchitektur\/#primaryimage","url":"https:\/\/www.organisator.ch\/wp-content\/uploads\/2019\/08\/Christian_Graf_UP_UmweltPerspektiven.jpg","contentUrl":"https:\/\/www.organisator.ch\/wp-content\/uploads\/2019\/08\/Christian_Graf_UP_UmweltPerspektiven.jpg","width":1500,"height":1024,"caption":"Prof. Christian Graf wird ab dem Herbstsemester 2019 \u00fcbernehmen. (Bild: HSR)"},{"@type":"BreadcrumbList","@id":"https:\/\/www.organisator.ch\/sustainability\/2019-08-27\/neue-professur-fuer-bim-in-der-landschaftsarchitektur\/#breadcrumb","itemListElement":[{"@type":"ListItem","position":1,"name":"Home","item":"https:\/\/www.organisator.ch\/"},{"@type":"ListItem","position":2,"name":"Neue Professur f\u00fcr BIM in der Landschaftsarchitektur"}]},{"@type":"WebSite","@id":"https:\/\/www.organisator.ch\/#website","url":"https:\/\/www.organisator.ch\/","name":"Organisator","description":"Kompetent. Praxisnah. Der ORGANISATOR bereitet in 10 Ausgaben pro Jahr die wesentlichen Themen f\u00fcr F\u00fchrungskr\u00e4fte von KMU auf.","publisher":{"@id":"https:\/\/www.organisator.ch\/#organization"},"potentialAction":[{"@type":"SearchAction","target":{"@type":"EntryPoint","urlTemplate":"https:\/\/www.organisator.ch\/?s={search_term_string}"},"query-input":{"@type":"PropertyValueSpecification","valueRequired":true,"valueName":"search_term_string"}}],"inLanguage":"de"},{"@type":"Organization","@id":"https:\/\/www.organisator.ch\/#organization","name":"Organisator","url":"https:\/\/www.organisator.ch\/","logo":{"@type":"ImageObject","inLanguage":"de","@id":"https:\/\/www.organisator.ch\/#\/schema\/logo\/image\/","url":"https:\/\/www.organisator.ch\/wp-content\/uploads\/2022\/01\/Logo_Organisator_Website.png","contentUrl":"https:\/\/www.organisator.ch\/wp-content\/uploads\/2022\/01\/Logo_Organisator_Website.png","width":800,"height":77,"caption":"Organisator"},"image":{"@id":"https:\/\/www.organisator.ch\/#\/schema\/logo\/image\/"},"sameAs":["https:\/\/www.facebook.com\/OrganisatorFachmagazin","https:\/\/www.linkedin.com\/showcase\/organisator-das-magazin-fr-kmu","https:\/\/www.xing.com\/news\/pages\/organisator-ch-695","https:\/\/www.youtube.com\/channel\/UCGP2Sq0iWaZwT3BdIAQFYpw"]},{"@type":"Person","@id":"https:\/\/www.organisator.ch\/#\/schema\/person\/134708ca9321c57b0362cceb7948ffbd","name":"michael.merz","image":{"@type":"ImageObject","inLanguage":"de","@id":"https:\/\/secure.gravatar.com\/avatar\/?s=96&d=mm&r=g","url":"https:\/\/secure.gravatar.com\/avatar\/?s=96&d=mm&r=g","contentUrl":"https:\/\/secure.gravatar.com\/avatar\/?s=96&d=mm&r=g","caption":"michael.merz"},"url":"https:\/\/www.organisator.ch\/de\/author\/michael-merz\/"}]}},"_links":{"self":[{"href":"https:\/\/www.organisator.ch\/de\/wp-json\/wp\/v2\/posts\/10112","targetHints":{"allow":["GET"]}}],"collection":[{"href":"https:\/\/www.organisator.ch\/de\/wp-json\/wp\/v2\/posts"}],"about":[{"href":"https:\/\/www.organisator.ch\/de\/wp-json\/wp\/v2\/types\/post"}],"author":[{"embeddable":true,"href":"https:\/\/www.organisator.ch\/de\/wp-json\/wp\/v2\/users\/5"}],"replies":[{"embeddable":true,"href":"https:\/\/www.organisator.ch\/de\/wp-json\/wp\/v2\/comments?post=10112"}],"version-history":[{"count":1,"href":"https:\/\/www.organisator.ch\/de\/wp-json\/wp\/v2\/posts\/10112\/revisions"}],"predecessor-version":[{"id":10886,"href":"https:\/\/www.organisator.ch\/de\/wp-json\/wp\/v2\/posts\/10112\/revisions\/10886"}],"wp:featuredmedia":[{"embeddable":true,"href":"https:\/\/www.organisator.ch\/de\/wp-json\/wp\/v2\/media\/9632"}],"wp:attachment":[{"href":"https:\/\/www.organisator.ch\/de\/wp-json\/wp\/v2\/media?parent=10112"}],"wp:term":[{"taxonomy":"category","embeddable":true,"href":"https:\/\/www.organisator.ch\/de\/wp-json\/wp\/v2\/categories?post=10112"},{"taxonomy":"post_tag","embeddable":true,"href":"https:\/\/www.organisator.ch\/de\/wp-json\/wp\/v2\/tags?post=10112"}],"curies":[{"name":"wp","href":"https:\/\/api.w.org\/{rel}","templated":true}]}}