{"id":10124,"date":"2019-10-23T11:24:37","date_gmt":"2019-10-23T09:24:37","guid":{"rendered":"https:\/\/www.umweltperspektiven.ch\/?p=2544"},"modified":"2022-02-09T11:06:16","modified_gmt":"2022-02-09T10:06:16","slug":"gebaeudetechnik-nur-die-wohnung-heizen-nicht-das-klima","status":"publish","type":"post","link":"https:\/\/www.organisator.ch\/de\/sustainability\/2019-10-23\/gebaeudetechnik-nur-die-wohnung-heizen-nicht-das-klima\/","title":{"rendered":"Geb\u00e4udetechnik: Nur die Wohnung heizen, nicht das Klima!"},"content":{"rendered":"<div class=\"ce_bgimage boxed-content img-as-bg bg-nocolor max_width_full\">\n<div class=\"ce_bgimage-outer\">\n<div class=\"ce_bgimage-inside contentwrap pt-xxs pb-xxs\">\n<div class=\"ce_text_extented block align-center-justify color-default font_no_serif font-size-default font-style-default lh-1-7 font-weight-default mt-default mb-s\">\n<div class=\"ce_textarea attribute textarea\">\n<figure id=\"attachment_2545\" aria-describedby=\"caption-attachment-2545\" style=\"width: 680px\" class=\"wp-caption alignnone\"><img loading=\"lazy\" decoding=\"async\" class=\"size-medium wp-image-2545\" src=\"\/\/www.umweltperspektiven.ch\/wp-content\/uploads\/2019\/10\/klimaschutz_geb\u00e4udetechnik-Klimastiftung-Schweiz-UP_Umwelt-Perspektiven.jpg\" alt=\"\" width=\"680\" height=\"453\" \/><figcaption id=\"caption-attachment-2545\" class=\"wp-caption-text\">Viele Auftraggeber haben aus Mangel an Ressourcen bereits dazu gelernt, doch f\u00fcr den Umgang mit Heizungen braucht es noch immer L\u00f6sungen. (Symbolbild: Unsplash)<\/figcaption><\/figure>\n<p>Viele Geb\u00e4ude in der Schweiz und in Liechtenstein sind wahre Energieschleudern: \u00d6l- und Gasheizungen produzieren unter Ausstoss von viel CO<sub>2\u00a0<\/sub>W\u00e4rme, die zu einem rechten Teil gar nicht genutzt wird. Sie geht gleich wieder verloren, weil die Geb\u00e4ude schlecht isoliert sind oder sie wird nicht ben\u00f6tigt, weil gar niemand zu Hause ist. Kein Wunder, sind Geb\u00e4ude f\u00fcr die H\u00e4lfte des ganzen Energieverbrauchs verantwortlich.<\/p>\n<p>Die Schweiz muss bis im Jahr 2050 klimaneutral werden, das hat der Bundesrat entschieden, um irreparable Sch\u00e4den am weltweiten Klima m\u00f6glichst zu verhindern. Um dieses ehrgeizige Ziel zu erreichen, muss Energie einerseits nachhaltiger produziert und andererseits gespart werden. Mit diesen beiden Ans\u00e4tzen im Kopf entwickeln innovative KMU neue Geb\u00e4udetechnik. Die Klimastiftung Schweiz unterst\u00fctzt sie dabei finanziell.<\/p>\n<p>Die Gelder stammen von den 27 Partnerfirmen der Stiftung, darunter Banken wie Raiffeisen, Pictet, die Liechtensteinische Landesbank oder die Bank Vontobel.<\/p>\n<h3>Energie nachhaltig produzieren<\/h3>\n<p>So entwickelt etwa das Waadtl\u00e4nder Unternehmen Fireforce Technology eine Holzheizung, die praktisch keine Schadstoffe ausst\u00f6sst. Holzheizungen sind zwar deutlich klimafreundlicher als \u00d6lheizungen, stossen aber viel Feinstaub aus. \u00abBisher versucht man das meist mit einem Filter zu l\u00f6sen\u00bb, sagt Fireforce-Gesch\u00e4ftsf\u00fchrer Andr\u00e9 Van der Veken. \u00abAber es ist doch viel sinnvoller, die Entstehung dieser Emissionen zu verhindern als sie nachher m\u00fchsam einzufangen\u00bb. Bei der Klimastiftung Schweiz hat Van der Veken deshalb einen Antrag auf Unterst\u00fctzung gestellt und bewilligt erhalten.<\/p>\n<p>Bereits zum zweiten Mal unterst\u00fctzt wird die Rudolf Schmid AG, die einen \u00abFreikolben-Resonanz-Stirling\u00bb entwickelt hat. Was kompliziert klingt, ist einfach erkl\u00e4rt: Mit Gas, Biogas oder sp\u00e4ter sogar mit Holz werden hohe Temperaturen erzeugt die den \u00abFreikolben-Resonanz-Stirling\u00bb antreiben. Dieser erzeugt Strom und Heizw\u00e4rme. Geb\u00e4ude k\u00f6nnen sich selbst effizient mit Strom und W\u00e4rme versorgen.<\/p>\n<h3>Energie sparen dank k\u00fcnstlicher Intelligenz<\/h3>\n<p>Egal wie nachhaltig W\u00e4rme produziert wird \u2013 wenn niemand zu Hause ist, verpufft sie nutzlos. Deshalb entwickelt das Berner Startup CleverOn (ehemals SimplyHome) eine intelligente Steuerung f\u00fcr Heizungen und Radiatoren. Das System ben\u00f6tigt keine komplizierte Installation: Die alten Thermostate entfernen, die neuen reinschrauben und mit dem WLAN verbinden, Sensor platzieren, fertig. Von nun an sp\u00fcrt der Sensor die Nutzungsmuster der Bewohnenden und steuert mit Hilfe k\u00fcnstlicher Intelligenz, wann welcher Raum wie stark geheizt wird. Dabei wird sogar die Wetterprognose mit einbezogen.<\/p>\n<h3>Energie wiederverwenden \u2013 etwa beim Duschen<\/h3>\n<p>Kalt und nass \u2013 so ist das Wetter in den kommenden Monaten immer wieder. Was hilft, ist eine heisse Dusche. Doch das aufw\u00e4ndig geheizte Wasser erf\u00fcllt nur wenige Sekunden lang einen Zweck, dann fliesst es warm in den Ablauf und die Energie ist weg. Pure Verschwendung sei das, sagt Reto Schmid, Gesch\u00e4ftsf\u00fchrer der Bieler Joulia SA. Mit finanzieller Unterst\u00fctzung der Klimastiftung Schweiz hat das Joulia-Team eine Duschrinne entwickelt, die die Energie des warmen Abwassers nutzt, um das kalte Frischwasser vorzuheizen. So k\u00f6nnen beim Duschen \u00fcber die H\u00e4lfte der der Heizenergie gespart werden.<\/p>\n<h3>Innovationsstandort st\u00e4rken<\/h3>\n<p>Die Schweiz und Liechtenstein beherbergen unz\u00e4hlige KMU, die mit ihren Projekten den Klimaschutz vorw\u00e4rtstreiben, sei es durch Energiesparen im eigenen Betrieb oder das Entwickeln innovativer Produkte. \u00abDie Innovationskraft des Wirtschaftsstandorts Schweiz und Liechtenstein macht es m\u00f6glich, dass unsere kleinen L\u00e4nder einen relevanten Beitrag zum weltweiten Klimaschutz leisten k\u00f6nnen\u00bb, sagt Christian Schilz, der die Bank Vontobel im Stiftungsrat vertritt. \u00abAber Innovation kostet. Deshalb kann ich KMU nur ermutigen, bei uns einen F\u00f6rderantrag zu stellen.\u00bb<\/p>\n<p>Die Stiftung, finanziert durch 27 Partnerfirmen, spricht j\u00e4hrlich mehrere Millionen Franken F\u00f6rdergelder und sch\u00fctzt so nicht nur das Klima, sondern f\u00f6rdert auch einheimische KMU. Von der Wirtschaft f\u00fcr die Wirtschaft.<\/p>\n<\/div>\n<p><em>Mehr Info \u00fcber die Klimastiftung Schweiz und gef\u00f6rderte klimafreundliche Projekte finden Sie unter:\u00a0\u00a0<a href=\"\/\/www.klimastiftung.ch\">www.klimastiftung.ch<\/a><\/em><\/p>\n<\/div>\n<\/div>\n<\/div>\n<\/div>\n<div class=\"ce_bgimage boxed-content img-as-bg bg-accent max_width_full\"><\/div>\n<p>&nbsp;<\/p>\n<p>&nbsp;<\/p>\n<p>&nbsp;<\/p>\n<p>&nbsp;<\/p>\n<table width=\"100%\">\n<tbody>\n<tr>\n<td>\n<table width=\"100%\">\n<tbody>\n<tr>\n<td><\/td>\n<\/tr>\n<\/tbody>\n<\/table>\n<\/td>\n<\/tr>\n<\/tbody>\n<\/table>\n<p>&nbsp;<\/p>\n<table width=\"100%\">\n<tbody>\n<tr>\n<td>\n<table width=\"100%\">\n<tbody>\n<tr>\n<td width=\"600\"><\/td>\n<\/tr>\n<\/tbody>\n<\/table>\n<\/td>\n<\/tr>\n<\/tbody>\n<\/table>\n","protected":false},"excerpt":{"rendered":"<p>Viele Geb\u00e4ude in der Schweiz und in Liechtenstein sind wahre Energieschleudern: \u00d6l- und Gasheizungen produzieren unter Ausstoss von viel CO2\u00a0W\u00e4rme, die zu einem rechten Teil gar nicht genutzt wird. Sie geht gleich wieder verloren, weil die Geb\u00e4ude schlecht isoliert sind oder sie wird nicht ben\u00f6tigt, weil gar niemand zu Hause ist. Kein Wunder, sind Geb\u00e4ude [&hellip;]<\/p>\n","protected":false},"author":5,"featured_media":2545,"comment_status":"open","ping_status":"open","sticky":false,"template":"","format":"standard","meta":{"_acf_changed":false,"_yoast_wpseo_focuskw":"Geb\u00e4udetechnik","_yoast_wpseo_metadesc":"Was bringt moderne Geb\u00e4udetechnik, wenn die Heizungen wieder eingefeuert und die Radiatoren aufgedreht werden als g\u00e4be es kein Morgen. I","articlekey":"","footnotes":""},"categories":[580],"tags":[1247,1353,1526],"class_list":["post-10124","post","type-post","status-publish","format-standard","has-post-thumbnail","hentry","category-sustainability","tag-gebaeude","tag-heigen","tag-klimastiftung-schweiz"],"acf":[],"yoast_head":"<!-- This site is optimized with the Yoast SEO plugin v27.5 - https:\/\/yoast.com\/product\/yoast-seo-wordpress\/ -->\n<title>Geb\u00e4udetechnik: Nur die Wohnung heizen, nicht das Klima! - Organisator<\/title>\n<meta name=\"description\" content=\"Was bringt moderne Geb\u00e4udetechnik, wenn die Heizungen wieder eingefeuert und die Radiatoren aufgedreht werden als g\u00e4be es kein Morgen. I\" \/>\n<meta name=\"robots\" content=\"index, follow, max-snippet:-1, max-image-preview:large, max-video-preview:-1\" \/>\n<link rel=\"canonical\" href=\"https:\/\/www.organisator.ch\/de\/sustainability\/2019-10-23\/gebaeudetechnik-nur-die-wohnung-heizen-nicht-das-klima\/\" \/>\n<meta property=\"og:locale\" content=\"de_DE\" \/>\n<meta property=\"og:type\" content=\"article\" \/>\n<meta property=\"og:title\" content=\"Geb\u00e4udetechnik: Nur die Wohnung heizen, nicht das Klima! - Organisator\" \/>\n<meta property=\"og:description\" content=\"Was bringt moderne Geb\u00e4udetechnik, wenn die Heizungen wieder eingefeuert und die Radiatoren aufgedreht werden als g\u00e4be es kein Morgen. I\" \/>\n<meta property=\"og:url\" content=\"https:\/\/www.organisator.ch\/de\/sustainability\/2019-10-23\/gebaeudetechnik-nur-die-wohnung-heizen-nicht-das-klima\/\" \/>\n<meta property=\"og:site_name\" content=\"Organisator\" \/>\n<meta property=\"article:publisher\" content=\"https:\/\/www.facebook.com\/OrganisatorFachmagazin\" \/>\n<meta property=\"article:published_time\" content=\"2019-10-23T09:24:37+00:00\" \/>\n<meta property=\"article:modified_time\" content=\"2022-02-09T10:06:16+00:00\" \/>\n<meta property=\"og:image\" content=\"https:\/\/www.organisator.ch\/wp-content\/uploads\/2019\/10\/klimaschutz_gebaeudetechnik-Klimastiftung-Schweiz-UP_Umwelt-Perspektiven.jpg\" \/>\n\t<meta property=\"og:image:width\" content=\"1732\" \/>\n\t<meta property=\"og:image:height\" content=\"1154\" \/>\n\t<meta property=\"og:image:type\" content=\"image\/jpeg\" \/>\n<meta name=\"author\" content=\"michael.merz\" \/>\n<meta name=\"twitter:card\" content=\"summary_large_image\" \/>\n<script type=\"application\/ld+json\" class=\"yoast-schema-graph\">{\"@context\":\"https:\\\/\\\/schema.org\",\"@graph\":[{\"@type\":\"Article\",\"@id\":\"https:\\\/\\\/www.organisator.ch\\\/sustainability\\\/2019-10-23\\\/gebaeudetechnik-nur-die-wohnung-heizen-nicht-das-klima\\\/#article\",\"isPartOf\":{\"@id\":\"https:\\\/\\\/www.organisator.ch\\\/sustainability\\\/2019-10-23\\\/gebaeudetechnik-nur-die-wohnung-heizen-nicht-das-klima\\\/\"},\"author\":{\"name\":\"michael.merz\",\"@id\":\"https:\\\/\\\/www.organisator.ch\\\/#\\\/schema\\\/person\\\/134708ca9321c57b0362cceb7948ffbd\"},\"headline\":\"Geb\u00e4udetechnik: Nur die Wohnung heizen, nicht das Klima!\",\"datePublished\":\"2019-10-23T09:24:37+00:00\",\"dateModified\":\"2022-02-09T10:06:16+00:00\",\"mainEntityOfPage\":{\"@id\":\"https:\\\/\\\/www.organisator.ch\\\/sustainability\\\/2019-10-23\\\/gebaeudetechnik-nur-die-wohnung-heizen-nicht-das-klima\\\/\"},\"wordCount\":669,\"commentCount\":0,\"publisher\":{\"@id\":\"https:\\\/\\\/www.organisator.ch\\\/#organization\"},\"image\":{\"@id\":\"https:\\\/\\\/www.organisator.ch\\\/sustainability\\\/2019-10-23\\\/gebaeudetechnik-nur-die-wohnung-heizen-nicht-das-klima\\\/#primaryimage\"},\"thumbnailUrl\":\"https:\\\/\\\/www.organisator.ch\\\/wp-content\\\/uploads\\\/2019\\\/10\\\/klimaschutz_gebaeudetechnik-Klimastiftung-Schweiz-UP_Umwelt-Perspektiven.jpg\",\"keywords\":[\"Geb\u00e4ude\",\"Heigen\",\"Klimastiftung Schweiz\"],\"articleSection\":[\"SUSTAINABILITY\"],\"inLanguage\":\"de\"},{\"@type\":\"WebPage\",\"@id\":\"https:\\\/\\\/www.organisator.ch\\\/sustainability\\\/2019-10-23\\\/gebaeudetechnik-nur-die-wohnung-heizen-nicht-das-klima\\\/\",\"url\":\"https:\\\/\\\/www.organisator.ch\\\/sustainability\\\/2019-10-23\\\/gebaeudetechnik-nur-die-wohnung-heizen-nicht-das-klima\\\/\",\"name\":\"Geb\u00e4udetechnik: Nur die Wohnung heizen, nicht das Klima! - Organisator\",\"isPartOf\":{\"@id\":\"https:\\\/\\\/www.organisator.ch\\\/#website\"},\"primaryImageOfPage\":{\"@id\":\"https:\\\/\\\/www.organisator.ch\\\/sustainability\\\/2019-10-23\\\/gebaeudetechnik-nur-die-wohnung-heizen-nicht-das-klima\\\/#primaryimage\"},\"image\":{\"@id\":\"https:\\\/\\\/www.organisator.ch\\\/sustainability\\\/2019-10-23\\\/gebaeudetechnik-nur-die-wohnung-heizen-nicht-das-klima\\\/#primaryimage\"},\"thumbnailUrl\":\"https:\\\/\\\/www.organisator.ch\\\/wp-content\\\/uploads\\\/2019\\\/10\\\/klimaschutz_gebaeudetechnik-Klimastiftung-Schweiz-UP_Umwelt-Perspektiven.jpg\",\"datePublished\":\"2019-10-23T09:24:37+00:00\",\"dateModified\":\"2022-02-09T10:06:16+00:00\",\"description\":\"Was bringt moderne Geb\u00e4udetechnik, wenn die Heizungen wieder eingefeuert und die Radiatoren aufgedreht werden als g\u00e4be es kein Morgen. I\",\"breadcrumb\":{\"@id\":\"https:\\\/\\\/www.organisator.ch\\\/sustainability\\\/2019-10-23\\\/gebaeudetechnik-nur-die-wohnung-heizen-nicht-das-klima\\\/#breadcrumb\"},\"inLanguage\":\"de\",\"potentialAction\":[{\"@type\":\"ReadAction\",\"target\":[\"https:\\\/\\\/www.organisator.ch\\\/sustainability\\\/2019-10-23\\\/gebaeudetechnik-nur-die-wohnung-heizen-nicht-das-klima\\\/\"]}]},{\"@type\":\"ImageObject\",\"inLanguage\":\"de\",\"@id\":\"https:\\\/\\\/www.organisator.ch\\\/sustainability\\\/2019-10-23\\\/gebaeudetechnik-nur-die-wohnung-heizen-nicht-das-klima\\\/#primaryimage\",\"url\":\"https:\\\/\\\/www.organisator.ch\\\/wp-content\\\/uploads\\\/2019\\\/10\\\/klimaschutz_gebaeudetechnik-Klimastiftung-Schweiz-UP_Umwelt-Perspektiven.jpg\",\"contentUrl\":\"https:\\\/\\\/www.organisator.ch\\\/wp-content\\\/uploads\\\/2019\\\/10\\\/klimaschutz_gebaeudetechnik-Klimastiftung-Schweiz-UP_Umwelt-Perspektiven.jpg\",\"width\":1732,\"height\":1154,\"caption\":\"Viele Auftraggeber haben aus Mangel an Ressourcen bereits dazu gelernt, doch f\u00fcr den Umgang mit Heizungen braucht es noch immer L\u00f6sungen. (Symbolbild: Unsplash)\"},{\"@type\":\"BreadcrumbList\",\"@id\":\"https:\\\/\\\/www.organisator.ch\\\/sustainability\\\/2019-10-23\\\/gebaeudetechnik-nur-die-wohnung-heizen-nicht-das-klima\\\/#breadcrumb\",\"itemListElement\":[{\"@type\":\"ListItem\",\"position\":1,\"name\":\"Home\",\"item\":\"https:\\\/\\\/www.organisator.ch\\\/\"},{\"@type\":\"ListItem\",\"position\":2,\"name\":\"Geb\u00e4udetechnik: Nur die Wohnung heizen, nicht das Klima!\"}]},{\"@type\":\"WebSite\",\"@id\":\"https:\\\/\\\/www.organisator.ch\\\/#website\",\"url\":\"https:\\\/\\\/www.organisator.ch\\\/\",\"name\":\"Organisator\",\"description\":\"Kompetent. Praxisnah. Der ORGANISATOR bereitet in 10 Ausgaben pro Jahr die wesentlichen Themen f\u00fcr F\u00fchrungskr\u00e4fte von KMU auf.\",\"publisher\":{\"@id\":\"https:\\\/\\\/www.organisator.ch\\\/#organization\"},\"potentialAction\":[{\"@type\":\"SearchAction\",\"target\":{\"@type\":\"EntryPoint\",\"urlTemplate\":\"https:\\\/\\\/www.organisator.ch\\\/?s={search_term_string}\"},\"query-input\":{\"@type\":\"PropertyValueSpecification\",\"valueRequired\":true,\"valueName\":\"search_term_string\"}}],\"inLanguage\":\"de\"},{\"@type\":\"Organization\",\"@id\":\"https:\\\/\\\/www.organisator.ch\\\/#organization\",\"name\":\"Organisator\",\"url\":\"https:\\\/\\\/www.organisator.ch\\\/\",\"logo\":{\"@type\":\"ImageObject\",\"inLanguage\":\"de\",\"@id\":\"https:\\\/\\\/www.organisator.ch\\\/#\\\/schema\\\/logo\\\/image\\\/\",\"url\":\"https:\\\/\\\/www.organisator.ch\\\/wp-content\\\/uploads\\\/2022\\\/01\\\/Logo_Organisator_Website.png\",\"contentUrl\":\"https:\\\/\\\/www.organisator.ch\\\/wp-content\\\/uploads\\\/2022\\\/01\\\/Logo_Organisator_Website.png\",\"width\":800,\"height\":77,\"caption\":\"Organisator\"},\"image\":{\"@id\":\"https:\\\/\\\/www.organisator.ch\\\/#\\\/schema\\\/logo\\\/image\\\/\"},\"sameAs\":[\"https:\\\/\\\/www.facebook.com\\\/OrganisatorFachmagazin\",\"https:\\\/\\\/www.linkedin.com\\\/showcase\\\/organisator-das-magazin-fr-kmu\",\"https:\\\/\\\/www.xing.com\\\/news\\\/pages\\\/organisator-ch-695\",\"https:\\\/\\\/www.youtube.com\\\/channel\\\/UCGP2Sq0iWaZwT3BdIAQFYpw\"]},{\"@type\":\"Person\",\"@id\":\"https:\\\/\\\/www.organisator.ch\\\/#\\\/schema\\\/person\\\/134708ca9321c57b0362cceb7948ffbd\",\"name\":\"michael.merz\",\"image\":{\"@type\":\"ImageObject\",\"inLanguage\":\"de\",\"@id\":\"https:\\\/\\\/secure.gravatar.com\\\/avatar\\\/?s=96&d=mm&r=g\",\"url\":\"https:\\\/\\\/secure.gravatar.com\\\/avatar\\\/?s=96&d=mm&r=g\",\"contentUrl\":\"https:\\\/\\\/secure.gravatar.com\\\/avatar\\\/?s=96&d=mm&r=g\",\"caption\":\"michael.merz\"},\"url\":\"https:\\\/\\\/www.organisator.ch\\\/de\\\/author\\\/michael-merz\\\/\"}]}<\/script>\n<!-- \/ Yoast SEO plugin. -->","yoast_head_json":{"title":"Geb\u00e4udetechnik: Nur die Wohnung heizen, nicht das Klima! - Organisator","description":"Was bringt moderne Geb\u00e4udetechnik, wenn die Heizungen wieder eingefeuert und die Radiatoren aufgedreht werden als g\u00e4be es kein Morgen. I","robots":{"index":"index","follow":"follow","max-snippet":"max-snippet:-1","max-image-preview":"max-image-preview:large","max-video-preview":"max-video-preview:-1"},"canonical":"https:\/\/www.organisator.ch\/de\/sustainability\/2019-10-23\/gebaeudetechnik-nur-die-wohnung-heizen-nicht-das-klima\/","og_locale":"de_DE","og_type":"article","og_title":"Geb\u00e4udetechnik: Nur die Wohnung heizen, nicht das Klima! - Organisator","og_description":"Was bringt moderne Geb\u00e4udetechnik, wenn die Heizungen wieder eingefeuert und die Radiatoren aufgedreht werden als g\u00e4be es kein Morgen. I","og_url":"https:\/\/www.organisator.ch\/de\/sustainability\/2019-10-23\/gebaeudetechnik-nur-die-wohnung-heizen-nicht-das-klima\/","og_site_name":"Organisator","article_publisher":"https:\/\/www.facebook.com\/OrganisatorFachmagazin","article_published_time":"2019-10-23T09:24:37+00:00","article_modified_time":"2022-02-09T10:06:16+00:00","og_image":[{"width":1732,"height":1154,"url":"https:\/\/www.organisator.ch\/wp-content\/uploads\/2019\/10\/klimaschutz_gebaeudetechnik-Klimastiftung-Schweiz-UP_Umwelt-Perspektiven.jpg","type":"image\/jpeg"}],"author":"michael.merz","twitter_card":"summary_large_image","schema":{"@context":"https:\/\/schema.org","@graph":[{"@type":"Article","@id":"https:\/\/www.organisator.ch\/sustainability\/2019-10-23\/gebaeudetechnik-nur-die-wohnung-heizen-nicht-das-klima\/#article","isPartOf":{"@id":"https:\/\/www.organisator.ch\/sustainability\/2019-10-23\/gebaeudetechnik-nur-die-wohnung-heizen-nicht-das-klima\/"},"author":{"name":"michael.merz","@id":"https:\/\/www.organisator.ch\/#\/schema\/person\/134708ca9321c57b0362cceb7948ffbd"},"headline":"Geb\u00e4udetechnik: Nur die Wohnung heizen, nicht das Klima!","datePublished":"2019-10-23T09:24:37+00:00","dateModified":"2022-02-09T10:06:16+00:00","mainEntityOfPage":{"@id":"https:\/\/www.organisator.ch\/sustainability\/2019-10-23\/gebaeudetechnik-nur-die-wohnung-heizen-nicht-das-klima\/"},"wordCount":669,"commentCount":0,"publisher":{"@id":"https:\/\/www.organisator.ch\/#organization"},"image":{"@id":"https:\/\/www.organisator.ch\/sustainability\/2019-10-23\/gebaeudetechnik-nur-die-wohnung-heizen-nicht-das-klima\/#primaryimage"},"thumbnailUrl":"https:\/\/www.organisator.ch\/wp-content\/uploads\/2019\/10\/klimaschutz_gebaeudetechnik-Klimastiftung-Schweiz-UP_Umwelt-Perspektiven.jpg","keywords":["Geb\u00e4ude","Heigen","Klimastiftung Schweiz"],"articleSection":["SUSTAINABILITY"],"inLanguage":"de"},{"@type":"WebPage","@id":"https:\/\/www.organisator.ch\/sustainability\/2019-10-23\/gebaeudetechnik-nur-die-wohnung-heizen-nicht-das-klima\/","url":"https:\/\/www.organisator.ch\/sustainability\/2019-10-23\/gebaeudetechnik-nur-die-wohnung-heizen-nicht-das-klima\/","name":"Geb\u00e4udetechnik: Nur die Wohnung heizen, nicht das Klima! - Organisator","isPartOf":{"@id":"https:\/\/www.organisator.ch\/#website"},"primaryImageOfPage":{"@id":"https:\/\/www.organisator.ch\/sustainability\/2019-10-23\/gebaeudetechnik-nur-die-wohnung-heizen-nicht-das-klima\/#primaryimage"},"image":{"@id":"https:\/\/www.organisator.ch\/sustainability\/2019-10-23\/gebaeudetechnik-nur-die-wohnung-heizen-nicht-das-klima\/#primaryimage"},"thumbnailUrl":"https:\/\/www.organisator.ch\/wp-content\/uploads\/2019\/10\/klimaschutz_gebaeudetechnik-Klimastiftung-Schweiz-UP_Umwelt-Perspektiven.jpg","datePublished":"2019-10-23T09:24:37+00:00","dateModified":"2022-02-09T10:06:16+00:00","description":"Was bringt moderne Geb\u00e4udetechnik, wenn die Heizungen wieder eingefeuert und die Radiatoren aufgedreht werden als g\u00e4be es kein Morgen. I","breadcrumb":{"@id":"https:\/\/www.organisator.ch\/sustainability\/2019-10-23\/gebaeudetechnik-nur-die-wohnung-heizen-nicht-das-klima\/#breadcrumb"},"inLanguage":"de","potentialAction":[{"@type":"ReadAction","target":["https:\/\/www.organisator.ch\/sustainability\/2019-10-23\/gebaeudetechnik-nur-die-wohnung-heizen-nicht-das-klima\/"]}]},{"@type":"ImageObject","inLanguage":"de","@id":"https:\/\/www.organisator.ch\/sustainability\/2019-10-23\/gebaeudetechnik-nur-die-wohnung-heizen-nicht-das-klima\/#primaryimage","url":"https:\/\/www.organisator.ch\/wp-content\/uploads\/2019\/10\/klimaschutz_gebaeudetechnik-Klimastiftung-Schweiz-UP_Umwelt-Perspektiven.jpg","contentUrl":"https:\/\/www.organisator.ch\/wp-content\/uploads\/2019\/10\/klimaschutz_gebaeudetechnik-Klimastiftung-Schweiz-UP_Umwelt-Perspektiven.jpg","width":1732,"height":1154,"caption":"Viele Auftraggeber haben aus Mangel an Ressourcen bereits dazu gelernt, doch f\u00fcr den Umgang mit Heizungen braucht es noch immer L\u00f6sungen. (Symbolbild: Unsplash)"},{"@type":"BreadcrumbList","@id":"https:\/\/www.organisator.ch\/sustainability\/2019-10-23\/gebaeudetechnik-nur-die-wohnung-heizen-nicht-das-klima\/#breadcrumb","itemListElement":[{"@type":"ListItem","position":1,"name":"Home","item":"https:\/\/www.organisator.ch\/"},{"@type":"ListItem","position":2,"name":"Geb\u00e4udetechnik: Nur die Wohnung heizen, nicht das Klima!"}]},{"@type":"WebSite","@id":"https:\/\/www.organisator.ch\/#website","url":"https:\/\/www.organisator.ch\/","name":"Organisator","description":"Kompetent. Praxisnah. Der ORGANISATOR bereitet in 10 Ausgaben pro Jahr die wesentlichen Themen f\u00fcr F\u00fchrungskr\u00e4fte von KMU auf.","publisher":{"@id":"https:\/\/www.organisator.ch\/#organization"},"potentialAction":[{"@type":"SearchAction","target":{"@type":"EntryPoint","urlTemplate":"https:\/\/www.organisator.ch\/?s={search_term_string}"},"query-input":{"@type":"PropertyValueSpecification","valueRequired":true,"valueName":"search_term_string"}}],"inLanguage":"de"},{"@type":"Organization","@id":"https:\/\/www.organisator.ch\/#organization","name":"Organisator","url":"https:\/\/www.organisator.ch\/","logo":{"@type":"ImageObject","inLanguage":"de","@id":"https:\/\/www.organisator.ch\/#\/schema\/logo\/image\/","url":"https:\/\/www.organisator.ch\/wp-content\/uploads\/2022\/01\/Logo_Organisator_Website.png","contentUrl":"https:\/\/www.organisator.ch\/wp-content\/uploads\/2022\/01\/Logo_Organisator_Website.png","width":800,"height":77,"caption":"Organisator"},"image":{"@id":"https:\/\/www.organisator.ch\/#\/schema\/logo\/image\/"},"sameAs":["https:\/\/www.facebook.com\/OrganisatorFachmagazin","https:\/\/www.linkedin.com\/showcase\/organisator-das-magazin-fr-kmu","https:\/\/www.xing.com\/news\/pages\/organisator-ch-695","https:\/\/www.youtube.com\/channel\/UCGP2Sq0iWaZwT3BdIAQFYpw"]},{"@type":"Person","@id":"https:\/\/www.organisator.ch\/#\/schema\/person\/134708ca9321c57b0362cceb7948ffbd","name":"michael.merz","image":{"@type":"ImageObject","inLanguage":"de","@id":"https:\/\/secure.gravatar.com\/avatar\/?s=96&d=mm&r=g","url":"https:\/\/secure.gravatar.com\/avatar\/?s=96&d=mm&r=g","contentUrl":"https:\/\/secure.gravatar.com\/avatar\/?s=96&d=mm&r=g","caption":"michael.merz"},"url":"https:\/\/www.organisator.ch\/de\/author\/michael-merz\/"}]}},"_links":{"self":[{"href":"https:\/\/www.organisator.ch\/de\/wp-json\/wp\/v2\/posts\/10124","targetHints":{"allow":["GET"]}}],"collection":[{"href":"https:\/\/www.organisator.ch\/de\/wp-json\/wp\/v2\/posts"}],"about":[{"href":"https:\/\/www.organisator.ch\/de\/wp-json\/wp\/v2\/types\/post"}],"author":[{"embeddable":true,"href":"https:\/\/www.organisator.ch\/de\/wp-json\/wp\/v2\/users\/5"}],"replies":[{"embeddable":true,"href":"https:\/\/www.organisator.ch\/de\/wp-json\/wp\/v2\/comments?post=10124"}],"version-history":[{"count":1,"href":"https:\/\/www.organisator.ch\/de\/wp-json\/wp\/v2\/posts\/10124\/revisions"}],"predecessor-version":[{"id":10543,"href":"https:\/\/www.organisator.ch\/de\/wp-json\/wp\/v2\/posts\/10124\/revisions\/10543"}],"wp:featuredmedia":[{"embeddable":true,"href":"https:\/\/www.organisator.ch\/de\/wp-json\/wp\/v2\/media\/2545"}],"wp:attachment":[{"href":"https:\/\/www.organisator.ch\/de\/wp-json\/wp\/v2\/media?parent=10124"}],"wp:term":[{"taxonomy":"category","embeddable":true,"href":"https:\/\/www.organisator.ch\/de\/wp-json\/wp\/v2\/categories?post=10124"},{"taxonomy":"post_tag","embeddable":true,"href":"https:\/\/www.organisator.ch\/de\/wp-json\/wp\/v2\/tags?post=10124"}],"curies":[{"name":"wp","href":"https:\/\/api.w.org\/{rel}","templated":true}]}}