{"id":10125,"date":"2019-10-28T13:35:20","date_gmt":"2019-10-28T12:35:20","guid":{"rendered":"https:\/\/www.umweltperspektiven.ch\/?p=2558"},"modified":"2022-02-09T11:10:02","modified_gmt":"2022-02-09T10:10:02","slug":"umweltpreis-der-wirtschaft-geht-in-die-naechste-runde","status":"publish","type":"post","link":"https:\/\/www.organisator.ch\/de\/sustainability\/2019-10-28\/umweltpreis-der-wirtschaft-geht-in-die-naechste-runde\/","title":{"rendered":"\u00abUmweltpreis der Wirtschaft\u00bb geht in die n\u00e4chste Runde"},"content":{"rendered":"<div class=\"row o-section c-article__richtext\">\n<div class=\"col-12 col-lg-9 offset-lg-1\">\n<div class=\"o-section\">\n<figure id=\"attachment_2559\" aria-describedby=\"caption-attachment-2559\" style=\"width: 680px\" class=\"wp-caption alignnone\"><img loading=\"lazy\" decoding=\"async\" class=\"size-medium wp-image-2559\" src=\"\/\/www.umweltperspektiven.ch\/wp-content\/uploads\/2019\/10\/Swiss-International-Entrepreneurship-Survey-SIES-MQ-Management-u-Qualitaet.jpg\" alt=\"\" width=\"680\" height=\"453\" srcset=\"https:\/\/www.organisator.ch\/wp-content\/uploads\/2019\/10\/Swiss-International-Entrepreneurship-Survey-SIES-MQ-Management-u-Qualitaet.jpg 1732w, https:\/\/www.organisator.ch\/wp-content\/uploads\/2019\/10\/Swiss-International-Entrepreneurship-Survey-SIES-MQ-Management-u-Qualitaet-680x453.jpg 680w, https:\/\/www.organisator.ch\/wp-content\/uploads\/2019\/10\/Swiss-International-Entrepreneurship-Survey-SIES-MQ-Management-u-Qualitaet-1024x682.jpg 1024w, https:\/\/www.organisator.ch\/wp-content\/uploads\/2019\/10\/Swiss-International-Entrepreneurship-Survey-SIES-MQ-Management-u-Qualitaet-768x512.jpg 768w, https:\/\/www.organisator.ch\/wp-content\/uploads\/2019\/10\/Swiss-International-Entrepreneurship-Survey-SIES-MQ-Management-u-Qualitaet-1536x1023.jpg 1536w, https:\/\/www.organisator.ch\/wp-content\/uploads\/2019\/10\/Swiss-International-Entrepreneurship-Survey-SIES-MQ-Management-u-Qualitaet-18x12.jpg 18w, https:\/\/www.organisator.ch\/wp-content\/uploads\/2019\/10\/Swiss-International-Entrepreneurship-Survey-SIES-MQ-Management-u-Qualitaet-263x175.jpg 263w, https:\/\/www.organisator.ch\/wp-content\/uploads\/2019\/10\/Swiss-International-Entrepreneurship-Survey-SIES-MQ-Management-u-Qualitaet-525x350.jpg 525w, https:\/\/www.organisator.ch\/wp-content\/uploads\/2019\/10\/Swiss-International-Entrepreneurship-Survey-SIES-MQ-Management-u-Qualitaet-1201x800.jpg 1201w, https:\/\/www.organisator.ch\/wp-content\/uploads\/2019\/10\/Swiss-International-Entrepreneurship-Survey-SIES-MQ-Management-u-Qualitaet-920x613.jpg 920w, https:\/\/www.organisator.ch\/wp-content\/uploads\/2019\/10\/Swiss-International-Entrepreneurship-Survey-SIES-MQ-Management-u-Qualitaet-1400x933.jpg 1400w, https:\/\/www.organisator.ch\/wp-content\/uploads\/2019\/10\/Swiss-International-Entrepreneurship-Survey-SIES-MQ-Management-u-Qualitaet-300x200.jpg 300w\" sizes=\"auto, (max-width: 680px) 100vw, 680px\" \/><figcaption id=\"caption-attachment-2559\" class=\"wp-caption-text\">Gewonnen hat HeiQ Clean Tech f\u00fcr ihre umweltschonende Textilf\u00e4rbetechnologie. (Symbolbild: Unsplash)<\/figcaption><\/figure>\n<p class=\"o-font-helper--lead\">Die Jury des &#8222;Umweltpreis der Wirtschaft&#8220; wird neu von Alt-Bundesr\u00e4tin Doris Leuthard pr\u00e4sidiert, heisst es auf der Site von Swissmem. Der kommende Preis soll am CE2 Day verliehen werden \u2013 der neuen Konferenz des Swiss Economic Forums zur Kreislaufwirtschaft.<\/p>\n<\/div>\n<\/div>\n<\/div>\n<div class=\"row o-section c-article__richtext\">\n<div class=\"col-12 col-lg-9 offset-lg-1\">\n<div class=\"o-section\">\n<div>\n<p><strong>Die Gewinner von 2019\u00a0<\/strong><\/p>\n<p>F\u00fcr die Verleihung des Umweltpreises der Wirtschaft 2019 am CE2 Day wurden <a href=\"\/\/umweltpreis.ch\/\" target=\"_blank\" rel=\"noopener noreferrer\">zahlreiche \u00fcberzeugende Projekte aus der Wirtschaft nominiert<\/a>.<\/p>\n<p>Gewonnen hat <a href=\"\/\/umweltpreis.ch\/nominierte\/heiq-clean-tech\/\" target=\"_blank\" rel=\"noopener noreferrer\">HeiQ Clean Tech<\/a> f\u00fcr ihre umweltschonende Textilf\u00e4rbetechnologie. Finalisten waren <a href=\"\/\/umweltpreis.ch\/nominierte\/climeworks\/\" target=\"_blank\" rel=\"noopener noreferrer\">Climeworks<\/a> mit einer CO2-Abscheidetechnologie und <a href=\"\/\/umweltpreis.ch\/nominierte\/142\/\" target=\"_blank\" rel=\"noopener noreferrer\">dhp Techonology<\/a> mit einem Solarfaltdach.<\/p>\n<p>Die Vorbereitungen f\u00fcr die Preisverleihung 2020 laufen auf Hochtouren. Gesucht werden innovative Produkte, Technologien, Dienstleistungen oder Gesch\u00e4ftsmodelle mit Leuchtturmcharakter, welche einen Beitrag zu einer nachhaltigen Entwicklung im Sinne der Sustainable Development Goals (SDGs) leisten.<\/p>\n<p>Der Fokus liegt dabei ausschliesslich auf Unternehmen, welche herausragende \u00f6kologische Innovationen mit \u00f6konomischem Erfolg verbinden.<\/p>\n<p><strong>Neue Eingaben f\u00fcr Unternehmen\u00a0\u00a0<\/strong><\/p>\n<p>Nominierte Projekte werden von einer Vorjury vorselektioniert, zuhanden der <a href=\"\/\/umweltpreis.ch\/jury\/\" target=\"_blank\" rel=\"noopener noreferrer\">hochkar\u00e4tigen Jury<\/a>. Die Jury unter dem Pr\u00e4sidium von Alt-Bundesr\u00e4tin Doris Leuthard bestimmt die drei Finalisten und darunter den Gewinner.<\/p>\n<p>F\u00fcr den \u00abUmweltpreis der Wirtschaft\u00bb kann man sich nicht bewerben. Die Nominationen laufen \u00fcber Nominierungspartner. Auch Swissmem ist Nominierungspartnerin. Als Gr\u00fcndungsmitglied des Vereins \u00abGo for Impact\u00bb geh\u00f6rt Swissmem zu den Tr\u00e4gerorganisationen des Umweltpreises. (Quelle: Swissmem)<\/p>\n<\/div>\n<p><a href=\"\/\/www.umweltpreis.ch\">www.umweltpreis.ch<\/a><\/p>\n<\/div>\n<\/div>\n<\/div>\n","protected":false},"excerpt":{"rendered":"<p>Die Jury des &#8222;Umweltpreis der Wirtschaft&#8220; wird neu von Alt-Bundesr\u00e4tin Doris Leuthard pr\u00e4sidiert, heisst es auf der Site von Swissmem. Der kommende Preis soll am CE2 Day verliehen werden \u2013 der neuen Konferenz des Swiss Economic Forums zur Kreislaufwirtschaft. Die Gewinner von 2019\u00a0 F\u00fcr die Verleihung des Umweltpreises der Wirtschaft 2019 am CE2 Day wurden [&hellip;]<\/p>\n","protected":false},"author":5,"featured_media":2559,"comment_status":"open","ping_status":"open","sticky":false,"template":"","format":"standard","meta":{"_acf_changed":false,"_yoast_wpseo_focuskw":"Umweltpreis der Wirtschaft","_yoast_wpseo_metadesc":"Nachdem HeiQ Clean Tech den Umweltpreis der Wirtschaft 2019 f\u00fcr ihre umweltschonende Textilf\u00e4rbetechnologie gewonnen hat, beginnt die Vorbereitung f\u00fcr 2020.","articlekey":"","footnotes":""},"categories":[580],"tags":[1024,424,2372,502],"class_list":["post-10125","post","type-post","status-publish","format-standard","has-post-thumbnail","hentry","category-sustainability","tag-eingabe","tag-schweiz","tag-umweltpreis","tag-veranstaltungen"],"acf":[],"yoast_head":"<!-- This site is optimized with the Yoast SEO plugin v27.5 - https:\/\/yoast.com\/product\/yoast-seo-wordpress\/ -->\n<title>\u00abUmweltpreis der Wirtschaft\u00bb geht in die n\u00e4chste Runde - Organisator<\/title>\n<meta name=\"description\" content=\"Nachdem HeiQ Clean Tech den Umweltpreis der Wirtschaft 2019 f\u00fcr ihre umweltschonende Textilf\u00e4rbetechnologie gewonnen hat, beginnt die Vorbereitung f\u00fcr 2020.\" \/>\n<meta name=\"robots\" content=\"index, follow, max-snippet:-1, max-image-preview:large, max-video-preview:-1\" \/>\n<link rel=\"canonical\" href=\"https:\/\/www.organisator.ch\/de\/sustainability\/2019-10-28\/umweltpreis-der-wirtschaft-geht-in-die-naechste-runde\/\" \/>\n<meta property=\"og:locale\" content=\"de_DE\" \/>\n<meta property=\"og:type\" content=\"article\" \/>\n<meta property=\"og:title\" content=\"\u00abUmweltpreis der Wirtschaft\u00bb geht in die n\u00e4chste Runde - Organisator\" \/>\n<meta property=\"og:description\" content=\"Nachdem HeiQ Clean Tech den Umweltpreis der Wirtschaft 2019 f\u00fcr ihre umweltschonende Textilf\u00e4rbetechnologie gewonnen hat, beginnt die Vorbereitung f\u00fcr 2020.\" \/>\n<meta property=\"og:url\" content=\"https:\/\/www.organisator.ch\/de\/sustainability\/2019-10-28\/umweltpreis-der-wirtschaft-geht-in-die-naechste-runde\/\" \/>\n<meta property=\"og:site_name\" content=\"Organisator\" \/>\n<meta property=\"article:publisher\" content=\"https:\/\/www.facebook.com\/OrganisatorFachmagazin\" \/>\n<meta property=\"article:published_time\" content=\"2019-10-28T12:35:20+00:00\" \/>\n<meta property=\"article:modified_time\" content=\"2022-02-09T10:10:02+00:00\" \/>\n<meta property=\"og:image\" content=\"https:\/\/www.organisator.ch\/wp-content\/uploads\/2019\/10\/Swiss-International-Entrepreneurship-Survey-SIES-MQ-Management-u-Qualitaet.jpg\" \/>\n\t<meta property=\"og:image:width\" content=\"1732\" \/>\n\t<meta property=\"og:image:height\" content=\"1154\" \/>\n\t<meta property=\"og:image:type\" content=\"image\/jpeg\" \/>\n<meta name=\"author\" content=\"michael.merz\" \/>\n<meta name=\"twitter:card\" content=\"summary_large_image\" \/>\n<script type=\"application\/ld+json\" class=\"yoast-schema-graph\">{\"@context\":\"https:\\\/\\\/schema.org\",\"@graph\":[{\"@type\":\"Article\",\"@id\":\"https:\\\/\\\/www.organisator.ch\\\/sustainability\\\/2019-10-28\\\/umweltpreis-der-wirtschaft-geht-in-die-naechste-runde\\\/#article\",\"isPartOf\":{\"@id\":\"https:\\\/\\\/www.organisator.ch\\\/sustainability\\\/2019-10-28\\\/umweltpreis-der-wirtschaft-geht-in-die-naechste-runde\\\/\"},\"author\":{\"name\":\"michael.merz\",\"@id\":\"https:\\\/\\\/www.organisator.ch\\\/#\\\/schema\\\/person\\\/134708ca9321c57b0362cceb7948ffbd\"},\"headline\":\"\u00abUmweltpreis der Wirtschaft\u00bb geht in die n\u00e4chste Runde\",\"datePublished\":\"2019-10-28T12:35:20+00:00\",\"dateModified\":\"2022-02-09T10:10:02+00:00\",\"mainEntityOfPage\":{\"@id\":\"https:\\\/\\\/www.organisator.ch\\\/sustainability\\\/2019-10-28\\\/umweltpreis-der-wirtschaft-geht-in-die-naechste-runde\\\/\"},\"wordCount\":243,\"commentCount\":0,\"publisher\":{\"@id\":\"https:\\\/\\\/www.organisator.ch\\\/#organization\"},\"image\":{\"@id\":\"https:\\\/\\\/www.organisator.ch\\\/sustainability\\\/2019-10-28\\\/umweltpreis-der-wirtschaft-geht-in-die-naechste-runde\\\/#primaryimage\"},\"thumbnailUrl\":\"https:\\\/\\\/www.organisator.ch\\\/wp-content\\\/uploads\\\/2019\\\/10\\\/Swiss-International-Entrepreneurship-Survey-SIES-MQ-Management-u-Qualitaet.jpg\",\"keywords\":[\"Eingabe\",\"Schweiz\",\"Umweltpreis\",\"Veranstaltungen\"],\"articleSection\":[\"SUSTAINABILITY\"],\"inLanguage\":\"de\"},{\"@type\":\"WebPage\",\"@id\":\"https:\\\/\\\/www.organisator.ch\\\/sustainability\\\/2019-10-28\\\/umweltpreis-der-wirtschaft-geht-in-die-naechste-runde\\\/\",\"url\":\"https:\\\/\\\/www.organisator.ch\\\/sustainability\\\/2019-10-28\\\/umweltpreis-der-wirtschaft-geht-in-die-naechste-runde\\\/\",\"name\":\"\u00abUmweltpreis der Wirtschaft\u00bb geht in die n\u00e4chste Runde - Organisator\",\"isPartOf\":{\"@id\":\"https:\\\/\\\/www.organisator.ch\\\/#website\"},\"primaryImageOfPage\":{\"@id\":\"https:\\\/\\\/www.organisator.ch\\\/sustainability\\\/2019-10-28\\\/umweltpreis-der-wirtschaft-geht-in-die-naechste-runde\\\/#primaryimage\"},\"image\":{\"@id\":\"https:\\\/\\\/www.organisator.ch\\\/sustainability\\\/2019-10-28\\\/umweltpreis-der-wirtschaft-geht-in-die-naechste-runde\\\/#primaryimage\"},\"thumbnailUrl\":\"https:\\\/\\\/www.organisator.ch\\\/wp-content\\\/uploads\\\/2019\\\/10\\\/Swiss-International-Entrepreneurship-Survey-SIES-MQ-Management-u-Qualitaet.jpg\",\"datePublished\":\"2019-10-28T12:35:20+00:00\",\"dateModified\":\"2022-02-09T10:10:02+00:00\",\"description\":\"Nachdem HeiQ Clean Tech den Umweltpreis der Wirtschaft 2019 f\u00fcr ihre umweltschonende Textilf\u00e4rbetechnologie gewonnen hat, beginnt die Vorbereitung f\u00fcr 2020.\",\"breadcrumb\":{\"@id\":\"https:\\\/\\\/www.organisator.ch\\\/sustainability\\\/2019-10-28\\\/umweltpreis-der-wirtschaft-geht-in-die-naechste-runde\\\/#breadcrumb\"},\"inLanguage\":\"de\",\"potentialAction\":[{\"@type\":\"ReadAction\",\"target\":[\"https:\\\/\\\/www.organisator.ch\\\/sustainability\\\/2019-10-28\\\/umweltpreis-der-wirtschaft-geht-in-die-naechste-runde\\\/\"]}]},{\"@type\":\"ImageObject\",\"inLanguage\":\"de\",\"@id\":\"https:\\\/\\\/www.organisator.ch\\\/sustainability\\\/2019-10-28\\\/umweltpreis-der-wirtschaft-geht-in-die-naechste-runde\\\/#primaryimage\",\"url\":\"https:\\\/\\\/www.organisator.ch\\\/wp-content\\\/uploads\\\/2019\\\/10\\\/Swiss-International-Entrepreneurship-Survey-SIES-MQ-Management-u-Qualitaet.jpg\",\"contentUrl\":\"https:\\\/\\\/www.organisator.ch\\\/wp-content\\\/uploads\\\/2019\\\/10\\\/Swiss-International-Entrepreneurship-Survey-SIES-MQ-Management-u-Qualitaet.jpg\",\"width\":1732,\"height\":1154,\"caption\":\"Gewonnen hat HeiQ Clean Tech f\u00fcr ihre umweltschonende Textilf\u00e4rbetechnologie. (Symbolbild: Unsplash)\"},{\"@type\":\"BreadcrumbList\",\"@id\":\"https:\\\/\\\/www.organisator.ch\\\/sustainability\\\/2019-10-28\\\/umweltpreis-der-wirtschaft-geht-in-die-naechste-runde\\\/#breadcrumb\",\"itemListElement\":[{\"@type\":\"ListItem\",\"position\":1,\"name\":\"Home\",\"item\":\"https:\\\/\\\/www.organisator.ch\\\/\"},{\"@type\":\"ListItem\",\"position\":2,\"name\":\"\u00abUmweltpreis der Wirtschaft\u00bb geht in die n\u00e4chste Runde\"}]},{\"@type\":\"WebSite\",\"@id\":\"https:\\\/\\\/www.organisator.ch\\\/#website\",\"url\":\"https:\\\/\\\/www.organisator.ch\\\/\",\"name\":\"Organisator\",\"description\":\"Kompetent. Praxisnah. Der ORGANISATOR bereitet in 10 Ausgaben pro Jahr die wesentlichen Themen f\u00fcr F\u00fchrungskr\u00e4fte von KMU auf.\",\"publisher\":{\"@id\":\"https:\\\/\\\/www.organisator.ch\\\/#organization\"},\"potentialAction\":[{\"@type\":\"SearchAction\",\"target\":{\"@type\":\"EntryPoint\",\"urlTemplate\":\"https:\\\/\\\/www.organisator.ch\\\/?s={search_term_string}\"},\"query-input\":{\"@type\":\"PropertyValueSpecification\",\"valueRequired\":true,\"valueName\":\"search_term_string\"}}],\"inLanguage\":\"de\"},{\"@type\":\"Organization\",\"@id\":\"https:\\\/\\\/www.organisator.ch\\\/#organization\",\"name\":\"Organisator\",\"url\":\"https:\\\/\\\/www.organisator.ch\\\/\",\"logo\":{\"@type\":\"ImageObject\",\"inLanguage\":\"de\",\"@id\":\"https:\\\/\\\/www.organisator.ch\\\/#\\\/schema\\\/logo\\\/image\\\/\",\"url\":\"https:\\\/\\\/www.organisator.ch\\\/wp-content\\\/uploads\\\/2022\\\/01\\\/Logo_Organisator_Website.png\",\"contentUrl\":\"https:\\\/\\\/www.organisator.ch\\\/wp-content\\\/uploads\\\/2022\\\/01\\\/Logo_Organisator_Website.png\",\"width\":800,\"height\":77,\"caption\":\"Organisator\"},\"image\":{\"@id\":\"https:\\\/\\\/www.organisator.ch\\\/#\\\/schema\\\/logo\\\/image\\\/\"},\"sameAs\":[\"https:\\\/\\\/www.facebook.com\\\/OrganisatorFachmagazin\",\"https:\\\/\\\/www.linkedin.com\\\/showcase\\\/organisator-das-magazin-fr-kmu\",\"https:\\\/\\\/www.xing.com\\\/news\\\/pages\\\/organisator-ch-695\",\"https:\\\/\\\/www.youtube.com\\\/channel\\\/UCGP2Sq0iWaZwT3BdIAQFYpw\"]},{\"@type\":\"Person\",\"@id\":\"https:\\\/\\\/www.organisator.ch\\\/#\\\/schema\\\/person\\\/134708ca9321c57b0362cceb7948ffbd\",\"name\":\"michael.merz\",\"image\":{\"@type\":\"ImageObject\",\"inLanguage\":\"de\",\"@id\":\"https:\\\/\\\/secure.gravatar.com\\\/avatar\\\/?s=96&d=mm&r=g\",\"url\":\"https:\\\/\\\/secure.gravatar.com\\\/avatar\\\/?s=96&d=mm&r=g\",\"contentUrl\":\"https:\\\/\\\/secure.gravatar.com\\\/avatar\\\/?s=96&d=mm&r=g\",\"caption\":\"michael.merz\"},\"url\":\"https:\\\/\\\/www.organisator.ch\\\/de\\\/author\\\/michael-merz\\\/\"}]}<\/script>\n<!-- \/ Yoast SEO plugin. -->","yoast_head_json":{"title":"\u00abUmweltpreis der Wirtschaft\u00bb geht in die n\u00e4chste Runde - Organisator","description":"Nachdem HeiQ Clean Tech den Umweltpreis der Wirtschaft 2019 f\u00fcr ihre umweltschonende Textilf\u00e4rbetechnologie gewonnen hat, beginnt die Vorbereitung f\u00fcr 2020.","robots":{"index":"index","follow":"follow","max-snippet":"max-snippet:-1","max-image-preview":"max-image-preview:large","max-video-preview":"max-video-preview:-1"},"canonical":"https:\/\/www.organisator.ch\/de\/sustainability\/2019-10-28\/umweltpreis-der-wirtschaft-geht-in-die-naechste-runde\/","og_locale":"de_DE","og_type":"article","og_title":"\u00abUmweltpreis der Wirtschaft\u00bb geht in die n\u00e4chste Runde - Organisator","og_description":"Nachdem HeiQ Clean Tech den Umweltpreis der Wirtschaft 2019 f\u00fcr ihre umweltschonende Textilf\u00e4rbetechnologie gewonnen hat, beginnt die Vorbereitung f\u00fcr 2020.","og_url":"https:\/\/www.organisator.ch\/de\/sustainability\/2019-10-28\/umweltpreis-der-wirtschaft-geht-in-die-naechste-runde\/","og_site_name":"Organisator","article_publisher":"https:\/\/www.facebook.com\/OrganisatorFachmagazin","article_published_time":"2019-10-28T12:35:20+00:00","article_modified_time":"2022-02-09T10:10:02+00:00","og_image":[{"width":1732,"height":1154,"url":"https:\/\/www.organisator.ch\/wp-content\/uploads\/2019\/10\/Swiss-International-Entrepreneurship-Survey-SIES-MQ-Management-u-Qualitaet.jpg","type":"image\/jpeg"}],"author":"michael.merz","twitter_card":"summary_large_image","schema":{"@context":"https:\/\/schema.org","@graph":[{"@type":"Article","@id":"https:\/\/www.organisator.ch\/sustainability\/2019-10-28\/umweltpreis-der-wirtschaft-geht-in-die-naechste-runde\/#article","isPartOf":{"@id":"https:\/\/www.organisator.ch\/sustainability\/2019-10-28\/umweltpreis-der-wirtschaft-geht-in-die-naechste-runde\/"},"author":{"name":"michael.merz","@id":"https:\/\/www.organisator.ch\/#\/schema\/person\/134708ca9321c57b0362cceb7948ffbd"},"headline":"\u00abUmweltpreis der Wirtschaft\u00bb geht in die n\u00e4chste Runde","datePublished":"2019-10-28T12:35:20+00:00","dateModified":"2022-02-09T10:10:02+00:00","mainEntityOfPage":{"@id":"https:\/\/www.organisator.ch\/sustainability\/2019-10-28\/umweltpreis-der-wirtschaft-geht-in-die-naechste-runde\/"},"wordCount":243,"commentCount":0,"publisher":{"@id":"https:\/\/www.organisator.ch\/#organization"},"image":{"@id":"https:\/\/www.organisator.ch\/sustainability\/2019-10-28\/umweltpreis-der-wirtschaft-geht-in-die-naechste-runde\/#primaryimage"},"thumbnailUrl":"https:\/\/www.organisator.ch\/wp-content\/uploads\/2019\/10\/Swiss-International-Entrepreneurship-Survey-SIES-MQ-Management-u-Qualitaet.jpg","keywords":["Eingabe","Schweiz","Umweltpreis","Veranstaltungen"],"articleSection":["SUSTAINABILITY"],"inLanguage":"de"},{"@type":"WebPage","@id":"https:\/\/www.organisator.ch\/sustainability\/2019-10-28\/umweltpreis-der-wirtschaft-geht-in-die-naechste-runde\/","url":"https:\/\/www.organisator.ch\/sustainability\/2019-10-28\/umweltpreis-der-wirtschaft-geht-in-die-naechste-runde\/","name":"\u00abUmweltpreis der Wirtschaft\u00bb geht in die n\u00e4chste Runde - Organisator","isPartOf":{"@id":"https:\/\/www.organisator.ch\/#website"},"primaryImageOfPage":{"@id":"https:\/\/www.organisator.ch\/sustainability\/2019-10-28\/umweltpreis-der-wirtschaft-geht-in-die-naechste-runde\/#primaryimage"},"image":{"@id":"https:\/\/www.organisator.ch\/sustainability\/2019-10-28\/umweltpreis-der-wirtschaft-geht-in-die-naechste-runde\/#primaryimage"},"thumbnailUrl":"https:\/\/www.organisator.ch\/wp-content\/uploads\/2019\/10\/Swiss-International-Entrepreneurship-Survey-SIES-MQ-Management-u-Qualitaet.jpg","datePublished":"2019-10-28T12:35:20+00:00","dateModified":"2022-02-09T10:10:02+00:00","description":"Nachdem HeiQ Clean Tech den Umweltpreis der Wirtschaft 2019 f\u00fcr ihre umweltschonende Textilf\u00e4rbetechnologie gewonnen hat, beginnt die Vorbereitung f\u00fcr 2020.","breadcrumb":{"@id":"https:\/\/www.organisator.ch\/sustainability\/2019-10-28\/umweltpreis-der-wirtschaft-geht-in-die-naechste-runde\/#breadcrumb"},"inLanguage":"de","potentialAction":[{"@type":"ReadAction","target":["https:\/\/www.organisator.ch\/sustainability\/2019-10-28\/umweltpreis-der-wirtschaft-geht-in-die-naechste-runde\/"]}]},{"@type":"ImageObject","inLanguage":"de","@id":"https:\/\/www.organisator.ch\/sustainability\/2019-10-28\/umweltpreis-der-wirtschaft-geht-in-die-naechste-runde\/#primaryimage","url":"https:\/\/www.organisator.ch\/wp-content\/uploads\/2019\/10\/Swiss-International-Entrepreneurship-Survey-SIES-MQ-Management-u-Qualitaet.jpg","contentUrl":"https:\/\/www.organisator.ch\/wp-content\/uploads\/2019\/10\/Swiss-International-Entrepreneurship-Survey-SIES-MQ-Management-u-Qualitaet.jpg","width":1732,"height":1154,"caption":"Gewonnen hat HeiQ Clean Tech f\u00fcr ihre umweltschonende Textilf\u00e4rbetechnologie. (Symbolbild: Unsplash)"},{"@type":"BreadcrumbList","@id":"https:\/\/www.organisator.ch\/sustainability\/2019-10-28\/umweltpreis-der-wirtschaft-geht-in-die-naechste-runde\/#breadcrumb","itemListElement":[{"@type":"ListItem","position":1,"name":"Home","item":"https:\/\/www.organisator.ch\/"},{"@type":"ListItem","position":2,"name":"\u00abUmweltpreis der Wirtschaft\u00bb geht in die n\u00e4chste Runde"}]},{"@type":"WebSite","@id":"https:\/\/www.organisator.ch\/#website","url":"https:\/\/www.organisator.ch\/","name":"Organisator","description":"Kompetent. Praxisnah. Der ORGANISATOR bereitet in 10 Ausgaben pro Jahr die wesentlichen Themen f\u00fcr F\u00fchrungskr\u00e4fte von KMU auf.","publisher":{"@id":"https:\/\/www.organisator.ch\/#organization"},"potentialAction":[{"@type":"SearchAction","target":{"@type":"EntryPoint","urlTemplate":"https:\/\/www.organisator.ch\/?s={search_term_string}"},"query-input":{"@type":"PropertyValueSpecification","valueRequired":true,"valueName":"search_term_string"}}],"inLanguage":"de"},{"@type":"Organization","@id":"https:\/\/www.organisator.ch\/#organization","name":"Organisator","url":"https:\/\/www.organisator.ch\/","logo":{"@type":"ImageObject","inLanguage":"de","@id":"https:\/\/www.organisator.ch\/#\/schema\/logo\/image\/","url":"https:\/\/www.organisator.ch\/wp-content\/uploads\/2022\/01\/Logo_Organisator_Website.png","contentUrl":"https:\/\/www.organisator.ch\/wp-content\/uploads\/2022\/01\/Logo_Organisator_Website.png","width":800,"height":77,"caption":"Organisator"},"image":{"@id":"https:\/\/www.organisator.ch\/#\/schema\/logo\/image\/"},"sameAs":["https:\/\/www.facebook.com\/OrganisatorFachmagazin","https:\/\/www.linkedin.com\/showcase\/organisator-das-magazin-fr-kmu","https:\/\/www.xing.com\/news\/pages\/organisator-ch-695","https:\/\/www.youtube.com\/channel\/UCGP2Sq0iWaZwT3BdIAQFYpw"]},{"@type":"Person","@id":"https:\/\/www.organisator.ch\/#\/schema\/person\/134708ca9321c57b0362cceb7948ffbd","name":"michael.merz","image":{"@type":"ImageObject","inLanguage":"de","@id":"https:\/\/secure.gravatar.com\/avatar\/?s=96&d=mm&r=g","url":"https:\/\/secure.gravatar.com\/avatar\/?s=96&d=mm&r=g","contentUrl":"https:\/\/secure.gravatar.com\/avatar\/?s=96&d=mm&r=g","caption":"michael.merz"},"url":"https:\/\/www.organisator.ch\/de\/author\/michael-merz\/"}]}},"_links":{"self":[{"href":"https:\/\/www.organisator.ch\/de\/wp-json\/wp\/v2\/posts\/10125","targetHints":{"allow":["GET"]}}],"collection":[{"href":"https:\/\/www.organisator.ch\/de\/wp-json\/wp\/v2\/posts"}],"about":[{"href":"https:\/\/www.organisator.ch\/de\/wp-json\/wp\/v2\/types\/post"}],"author":[{"embeddable":true,"href":"https:\/\/www.organisator.ch\/de\/wp-json\/wp\/v2\/users\/5"}],"replies":[{"embeddable":true,"href":"https:\/\/www.organisator.ch\/de\/wp-json\/wp\/v2\/comments?post=10125"}],"version-history":[{"count":1,"href":"https:\/\/www.organisator.ch\/de\/wp-json\/wp\/v2\/posts\/10125\/revisions"}],"predecessor-version":[{"id":10871,"href":"https:\/\/www.organisator.ch\/de\/wp-json\/wp\/v2\/posts\/10125\/revisions\/10871"}],"wp:featuredmedia":[{"embeddable":true,"href":"https:\/\/www.organisator.ch\/de\/wp-json\/wp\/v2\/media\/2559"}],"wp:attachment":[{"href":"https:\/\/www.organisator.ch\/de\/wp-json\/wp\/v2\/media?parent=10125"}],"wp:term":[{"taxonomy":"category","embeddable":true,"href":"https:\/\/www.organisator.ch\/de\/wp-json\/wp\/v2\/categories?post=10125"},{"taxonomy":"post_tag","embeddable":true,"href":"https:\/\/www.organisator.ch\/de\/wp-json\/wp\/v2\/tags?post=10125"}],"curies":[{"name":"wp","href":"https:\/\/api.w.org\/{rel}","templated":true}]}}