{"id":10131,"date":"2019-11-12T11:21:48","date_gmt":"2019-11-12T10:21:48","guid":{"rendered":"https:\/\/www.umweltperspektiven.ch\/?p=2615"},"modified":"2022-02-09T11:10:02","modified_gmt":"2022-02-09T10:10:02","slug":"was-wir-von-greta-thunberg-lernen-koennen","status":"publish","type":"post","link":"https:\/\/www.organisator.ch\/de\/sustainability\/2019-11-12\/was-wir-von-greta-thunberg-lernen-koennen\/","title":{"rendered":"Was wir von Greta Thunberg lernen k\u00f6nnen"},"content":{"rendered":"<figure id=\"attachment_2617\" aria-describedby=\"caption-attachment-2617\" style=\"width: 680px\" class=\"wp-caption alignnone\"><img loading=\"lazy\" decoding=\"async\" class=\"size-medium wp-image-2617\" src=\"\/\/www.umweltperspektiven.ch\/wp-content\/uploads\/2019\/11\/Greta-Thunberg-Analyse-UP-Umwelt-Perspektiven-.jpg\" alt=\"\" width=\"680\" height=\"453\" \/><figcaption id=\"caption-attachment-2617\" class=\"wp-caption-text\">Sich f\u00fcr eine gute Sache einsetzen kann man nicht alleine, aber man kann es ohne Eco-Narzissmus. (Symbolbild: Unsplash)<\/figcaption><\/figure>\n<p>Greta &#8211; f\u00fcnf Buchstaben, zwei Silben, ein Vorname gen\u00fcgen und Millionen von Menschen wissen, wer und was gemeint ist. Und im n\u00e4chsten Augenblick haben Sie dazu vermutlich auch schon eine Emotion entwickelt, gegen\u00fcber der jungen Frau mit den zwei Z\u00f6pfen und dem ernsten Blick. Da bleibt eingespurten und professionellsten Werbeagenturen nur noch das Augenwasser des Neides.<\/p>\n<p>Ein Testimonial, das weder gecastet noch hochbezahlt oder mit einem bestehenden \u201ePromi-Bonus\u201c eines ausgebleichten Vorlebens auftrumpft. 16 Jahre alt, von einer Krankheit gezeichnet, rhetorisch durchschnittlich und sogar noch ohne nennenswertes Beziehungsnetz, das zu fast jeder T\u00fcre einen Schl\u00fcssel besorgen k\u00f6nnte.<\/p>\n<p>Grund genug, einmal \u00fcber die kommunikative Wirkung des Menschen Greta Thunberg nachzudenken. An dieser Stelle geht es weder um eine inhaltliche Analyse oder W\u00fcrdigung ihres Wirkens noch um sie Betrachtung ihrer Ideen, sondern um die Fragestellung, was wir von ihr lernen k\u00f6nnen.<\/p>\n<p>Fakt ist: Meinungen \u00fcber Greta gibt es vielerlei und einiges davon ist auch bei Ihnen vermutlich bereits auf der Bewusstseinsebene angekommen. Von den einen ist zu h\u00f6ren: \u201eDas ist eine Heldin, endlich jemand, der wachr\u00fcttelt und \u201ebin absolut ihrer Meinung\u201c. Andere Stimmen werden laut mit der Ansicht, \u201edie w\u00fcrde gescheiter in die Schule gehen\u201c. Neben diesen meist etwas ideologisch angef\u00e4rbten und mit dem eigenen Wertesystem abgeglichenen Aussagen kommen dann noch die unverbesserlichen Realit\u00e4ts-Fetischisten dazu, die sagen: \u201eSie mag ja recht haben, aber die kann noch gar nichts wirklich f\u00fcr das bessere Klima tun.\u201c Nein, das kann sie wirklich nicht. Greta sitzt nicht an den Hebeln der Macht.<\/p>\n<p><strong>\u00dcber Argumente allgemein\u00a0<\/strong><br \/>\nDie Situation ist ganz \u00e4hnlich wie mit Zahnschmerzen: Wenn Sie solche haben, k\u00f6nnen Sie das nicht selbst reparieren. Daf\u00fcr brauchen Sie den Zahnarzt, der eindeutig die bessere Position zum Flicken von Karies hat, dar\u00fcber hinaus auch noch das Wissen und die passenden Ger\u00e4te in Griffweite. Aber sagen m\u00fcssen Sie es ihm schon, dass Sie Zahnschmerzen haben. Am besten erkl\u00e4ren Sie ihm sehr genau, wo es weh tut, wie lange schon. Und am Ende finden Sie bestenfalls zu der Einsicht, dass Sie k\u00fcnftig weniger Schokolade essen sollten, um weitere derartige verheerende Folgen inklusive Schmerzen zu vermeiden.<\/p>\n<p>Das Klima hat vielleicht auch Zahnschmerzen. Aber die Sprache der Natur k\u00f6nnen (oder wollen?) nicht alle verstehen \u2013 zumindest jene nicht, die eigentlich die politischen Spezialisten inklusive Handhabung sind. Dazu braucht es eine Stimme.<\/p>\n<p><strong>Fazit 1: Greta gibt einem Problem eine Stimme<\/strong><br \/>\nOb auf Friday for Future-Demonstrationen oder auf Wahlzetteln, ob bei Tagungen und Kongressen oder schlichtweg w\u00e4hrend der Diskussion mit dem Nachbar: Greta Thunberg ist pr\u00e4sent, bei vielen in den K\u00f6pfen und bei anderen sogar in den Herzen. Sie ist eine junge Pers\u00f6nlichkeit, die wahrnehmbar innerhalb weniger Monate die Welt definitiv ein St\u00fcck weit bewegt hat.<\/p>\n<p>Es ist ja wahrlich nicht so, dass die Klimabewegung neu ist. Aber ihr fehlte bisher ein Gesicht. Und ohne Gesichter ist es heutzutage kaum m\u00f6glich, eine Geschichte, eine Vision, eine Idee zu vermitteln. Greta Thunberg bedient die mediale Dynamik und alles, was \u201eGreta\u201c im Titel hat, wird geklickt und gelikt. Auch wenn inhaltlich die Kommentare auseinander gehen: Greta bedient das Influencerprinzip und spricht grosse Personenkreise an.<\/p>\n<p><strong>Fazit 2: Greta gibt einer Bewegung ein Gesicht<\/strong><br \/>\nIm Grunde k\u00f6nnte der Widerspruch nicht eklatanter sein: Greta Thunberg leidet am Asperger-Syndrom. Damit verbunden sind Einschr\u00e4nkungen in der sozialen Interaktion und der Kommunikation. Was tut sie? Sie geht unter die vermeintlich wichtigen Leute und kommuniziert, redet, artikuliert sich unbeirrbar. Sie tut ziemlich genau das, von dem jeder einigermassen professionell gewickelte Coach und jeder Berufsberater abraten w\u00fcrde. Weiss man doch:<\/p>\n<p>Basketballspieler sind gross, Skispringer leicht und Redner sind eloquent. Und doch lehrt uns die Geschichte, dass es auch anders geht. Genau wie bei Greta. Sie zeigt uns, was es braucht: unb\u00e4ndigen Willen, inneren Antrieb, eine wahre Mission und den Umstand, von einer Idee beseelt zu sein. Sie strahlt ein unglaubliches Durchhalteverm\u00f6gen aus.<\/p>\n<p>Sie h\u00e4tte n\u00e4mlich 1000 und mehr Gr\u00fcnde, das, was sie macht, nicht zu tun oder abzubrechen. Das Sammelsurium an k\u00f6rperlichen Einschr\u00e4nkungen, Anfeindungen und internen Querelen g\u00e4be genug her, um eine passende Ausrede zu finden. Doch stattdessen ist sie hartn\u00e4ckig und auf ihre Ziele fokussiert.<\/p>\n<p><strong>Fazit 3: Greta hat Durchhalteverm\u00f6gen<\/strong><br \/>\nEs ist ein offenes Geheimnis: nicht alles in den medialen Inszenierungen basiert auf Gretas eigenen Ideen. Sie hat Berater und h\u00f6rt auf jene, die sich in manchen Dingen besser auskennen als sie. Viele Chefs br\u00fcsten sich damit, nicht auf Berater zu h\u00f6ren, weil sie es selbst gut genug wissen. Ihnen sei ans Herz gelegt: Wenn man Zahnschmerzen hat (siehe oben), geht man zum Zahnarzt, denn der ist der Spezialist.<br \/>\nGute Berater sind gute Gespr\u00e4chspartner und eine Inspirationsquelle. Das Gros der Experten bringt einen Helikopterblick ohne Scheuklappen mit ein. Die Auswahl macht\u2019s und die Kunst besteht darin, weniger seri\u00f6se Berater, Besserwisser und all jene, die von der Praxis keine Ahnung haben, aussen vor zu halten und die echten Spezialisten zu involvieren.<\/p>\n<p>Auch Menschen in verschiedensten Berufen wissen mit guten Beratern oder Coaches zu arbeiten, aufmerksam zuzuh\u00f6ren und das an Informationen zu \u00fcbernehmen oder an Ver\u00e4nderungen zu realisieren, was sinnvoll ist.<\/p>\n<p><strong>Fazit 4: Greta l\u00e4sst sich helfen<\/strong><br \/>\nMenschen aus dem Umfeld von Greta sind sich einig: Die Sch\u00fclerin ist intrinsisch motiviert. Sie handelt also aus einem starken, inneren Antrieb heraus. Die 16-j\u00e4hrige Greta Thunberg kann ein Ansporn sind, um die eigene Motivation beispielsweise in Hinblick auf Job oder Privatleben zu reflektieren.<\/p>\n<p><strong>Fazit 5: Greta handelt aus intrinsischer Motivation<\/strong><br \/>\nGleichwohl lohnt es sich, auch manches abzugrenzen. Greta kann und soll weder kopiert noch in den Heiligenstatus erhoben werden. Unter zahlreichen Aspekten ist sie ein wahres Vorbild. Doch es gibt auch Themen, die dazu anregen, eher vorsichtig zu sein.<\/p>\n<p>In diesen Tagen zeigen sich auch wieder einmal die deutlich kulturellen Unterschiede zwischen Europa und den USA. Hierzulande polarisiert Greta, wird aber wahrgenommen und l\u00f6st Debatten auf allen m\u00f6glichen Seiten aus. Wer Greta sagt, meint irgendetwas mit Klimawandel. Das ist hingegen in Amerika anders. Ein Bekannter aus den Vereinigten Staaten erz\u00e4hlte k\u00fcrzlich, dass es Greta Thunberg dort kaum in die Schlagzeilen schafft.<\/p>\n<p>Ganz anders sieht es beispielsweise mit einer ehemaligen Assistentin des Pr\u00e4sidenten aus, die sich einreiht in die illustre Schar von Ex-Mitarbeitenden von Donald Trump. Gegen\u00fcber einem Journalisten plauderte sie \u00fcber die erwachsenen und angeblich unerzogenen Trump-Kinder so manches aus. Willkommen in den Medien, so etwas ist pr\u00e4sent und hat eine entsprechende Tragweite. Wer in den USA fragt \u201eKennst du Greta Thunberg?\u201c erh\u00e4lt die Antwort \u201eNo \u2013 who is this?\u201c<\/p>\n<p>Wer dann noch so etwas nachschiebt wie \u201edie k\u00e4mpft f\u00fcrs Klima\u201c wird unter Umst\u00e4nden eine Gegenfrage wie \u201eAh, dann f\u00e4hrt sie auch Tesla?\u201c ernten.<\/p>\n<p>Im Rahmen einer Kommunikationsanalyse geht es immer um den Aspekt, dass Kommunikation empf\u00e4ngergerecht sein soll. Momentan bin ich unsicher, ob das, was Greta Thunberg in Europa macht, auch in Amerika funktioniert. Einmal v\u00f6llig wertfrei gesprochen: Umwelt- und Klimaschutz ist auf dem alten Kontinent ideologischer, n\u00e4her am eigenen Wertesystem und am pers\u00f6nlichen Verhalten sich orientiert. In der Welt \u00fcber dem grossen Teich m\u00fcnden Diskussionen sehr schnell in einer technischen Debatte \u2013 was weder besser noch schlechter sein muss. Immerhin waren einst Katalysatoren einige Jahre vor Europa in den USA Pflicht.<\/p>\n<p><strong>Fazit 6: Greta wirkt \u2013 die Frage ist nur wo und wie<\/strong><br \/>\nOb zum Beispiel Gretas Segelt\u00f6rn \u00fcber den Atlantik ein kluger Schachzug war, ist fraglich. Eine urspr\u00fcnglich gut gemeinte Kampagne lief dank medialer Ausschlachtung phasenweise buchst\u00e4blich aus dem Ruder. Die Diskussion startete mit der berechtigten Nachfrage, woher ihre Begleiter kommen und ob sie mit dem Flugzeug an- und abreisen. Medien spekulierten pl\u00f6tzlich dar\u00fcber, ob es \u00fcberhaupt eine Toilette auf der Yacht gibt \u2013 mit dem unsch\u00f6nen Nebeneffekt, dass der eigentliche Beweggrund dieser Reise in den Hintergrund trat.<\/p>\n<p>Und irgendein Journalist macht immer mal wieder die Rechnung auf, dass das, was sie gerade tut, unter Umst\u00e4nden eben doch mehr CO2 braucht, als wenn sie es eben nicht getan h\u00e4tte. Unter Umst\u00e4nden w\u00e4re es bei dieser Betrachtung wohl cleverer gewesen, sich mit dem Vater in ein Linienflugzeug zu setzen, kein grosses Aufheben zu machen und sich auf den Auftritt und die Botschaften bei der UN-Vollversammlung zu konzentrieren.<\/p>\n<p>Wer sieht, wie oft Greta Thunberg heute das Covergirl auf Magazinen ist, muss feststellen: Nicht selten haben die Titel und Medien mit ihren Zielen \u00fcberhaupt nichts am Hut. Die urspr\u00fcngliche Idee, n\u00e4mlich der Geschichte ein Gesicht zu geben, ist durch die mediale \u00dcbertreibung dort gelandet, wo es nur noch um das Gesicht und nicht mehr um die Sache geht. Wie oft geht es um die reine Inszenierung und nicht mehr um den eigentlichen Sachverhalt oder die Mission? Will sich jemand haupts\u00e4chlich im Licht der Scheinwerfer gl\u00e4nzen? Treten dadurch die oft hehren Absichten in den Hintergrund? Das kann passieren, ist dann aber alles andere als zweckm\u00e4ssig.<\/p>\n<p>Wenn es nur noch um die reine Vermarktung geht, verliert das Ziel. Das ist bei einer Person des \u00f6ffentlichen Lebens genau wie im Unternehmen. Gerade in gr\u00f6sseren Unternehmen gibt es oft genug Manager, die nur ein Ziel haben: bei der n\u00e4chsten Reorganisation, wenn die Karten neu verteilt werden, eine Stufe weiter oben zu landen. Das hat nichts mit Engagement f\u00fcr das Unternehmenswohl zu tun, das ist Kommerz in eigener Sache. Und das tut Greta nicht gut \u2013 und keinem Chef.<\/p>\n<p><strong>Fazit 7: Greta soll aufpassen, dass sie das Mass nicht verliert<\/strong><br \/>\nAbseits vom kritischen Blick: Wer will, kann von jedem Menschen etwas lernen \u2013 und von Greta Thunberg noch ein wenig mehr. Um das positive Learning anhand ihrer Person abzuschliessen, kommt nach den genannten Aspekten noch ein entscheidender dazu: Sie tut! Vom Know-how zum Do-how! Sie redet nicht nur gescheit daher, sondern nimmt tats\u00e4chlich viel Unannehmlichkeiten auf sich. Sie l\u00e4sst sich blicken, h\u00e4lt Reden, ist vor Ort, sch\u00fcrt Konflikte und versucht sie wieder zu l\u00f6sen.<\/p>\n<p>Es gibt viel zu sagen \u00fcber ihre Aktivit\u00e4ten \u2013 und bei alledem ist ihr Tun nach wie vor das Wichtigste. Eines sollte uns klar sein: Greta Thunberg wird das Klima nicht retten. Doch sie zeigt, dass es machbar ist, am eigenen Thema konsequent dran zu bleiben. Das darf sich jeder in Erinnerung rufen, wenn man selbst mal wieder in der Man-sollte-Mal-Schlaufe landet.<\/p>\n<p>\u00dcbrigens: Schauen Sie sich den Namen noch einmal ganz genau an, die einzelnen Buchstaben G-R-E-T-A lassen viel Spielraum f\u00fcr Interpretationen. Nicht umsonst l\u00e4sst sich durch eine kleine Umsortierung das Wort GREAT kreieren \u2013 und das ist es ja, wonach Amerika sich gerade sehnt\u2026<\/p>\n<p><a href=\"\/\/stefan-haeseli.com\/\">www.stefan-haeseli.com<\/a><\/p>\n","protected":false},"excerpt":{"rendered":"<p>Greta &#8211; f\u00fcnf Buchstaben, zwei Silben, ein Vorname gen\u00fcgen und Millionen von Menschen wissen, wer und was gemeint ist. Und im n\u00e4chsten Augenblick haben Sie dazu vermutlich auch schon eine Emotion entwickelt, gegen\u00fcber der jungen Frau mit den zwei Z\u00f6pfen und dem ernsten Blick. Da bleibt eingespurten und professionellsten Werbeagenturen nur noch das Augenwasser des [&hellip;]<\/p>\n","protected":false},"author":5,"featured_media":9655,"comment_status":"open","ping_status":"open","sticky":false,"template":"","format":"standard","meta":{"_acf_changed":false,"_yoast_wpseo_focuskw":"Greta Thunberg","_yoast_wpseo_metadesc":"Greta Thunberg: Sie wird von manchen als heilige Prophetin bezeichnet, von anderen als Hype-Ikone. Eine Rhetorik-Analyse.","articlekey":"","footnotes":""},"categories":[580],"tags":[705,183,2016,2302],"class_list":["post-10131","post","type-post","status-publish","format-standard","has-post-thumbnail","hentry","category-sustainability","tag-analyse","tag-ethik","tag-rhetorik","tag-thunberg"],"acf":[],"yoast_head":"<!-- This site is optimized with the Yoast SEO plugin v27.5 - https:\/\/yoast.com\/product\/yoast-seo-wordpress\/ -->\n<title>Was wir von Greta Thunberg lernen k\u00f6nnen - Organisator<\/title>\n<meta name=\"description\" content=\"Greta Thunberg: Sie wird von manchen als heilige Prophetin bezeichnet, von anderen als Hype-Ikone. Eine Rhetorik-Analyse.\" \/>\n<meta name=\"robots\" content=\"index, follow, max-snippet:-1, max-image-preview:large, max-video-preview:-1\" \/>\n<link rel=\"canonical\" href=\"https:\/\/www.organisator.ch\/de\/sustainability\/2019-11-12\/was-wir-von-greta-thunberg-lernen-koennen\/\" \/>\n<meta property=\"og:locale\" content=\"de_DE\" \/>\n<meta property=\"og:type\" content=\"article\" \/>\n<meta property=\"og:title\" content=\"Was wir von Greta Thunberg lernen k\u00f6nnen - Organisator\" \/>\n<meta property=\"og:description\" content=\"Greta Thunberg: Sie wird von manchen als heilige Prophetin bezeichnet, von anderen als Hype-Ikone. Eine Rhetorik-Analyse.\" \/>\n<meta property=\"og:url\" content=\"https:\/\/www.organisator.ch\/de\/sustainability\/2019-11-12\/was-wir-von-greta-thunberg-lernen-koennen\/\" \/>\n<meta property=\"og:site_name\" content=\"Organisator\" \/>\n<meta property=\"article:publisher\" content=\"https:\/\/www.facebook.com\/OrganisatorFachmagazin\" \/>\n<meta property=\"article:published_time\" content=\"2019-11-12T10:21:48+00:00\" \/>\n<meta property=\"article:modified_time\" content=\"2022-02-09T10:10:02+00:00\" \/>\n<meta property=\"og:image\" content=\"https:\/\/www.organisator.ch\/wp-content\/uploads\/2019\/11\/Greta-Thunberg-Analyse-UP-Umwelt-Perspektiven--1024x682.jpg\" \/>\n\t<meta property=\"og:image:width\" content=\"1024\" \/>\n\t<meta property=\"og:image:height\" content=\"682\" \/>\n\t<meta property=\"og:image:type\" content=\"image\/jpeg\" \/>\n<meta name=\"author\" content=\"michael.merz\" \/>\n<meta name=\"twitter:card\" content=\"summary_large_image\" \/>\n<script type=\"application\/ld+json\" class=\"yoast-schema-graph\">{\"@context\":\"https:\\\/\\\/schema.org\",\"@graph\":[{\"@type\":\"Article\",\"@id\":\"https:\\\/\\\/www.organisator.ch\\\/sustainability\\\/2019-11-12\\\/was-wir-von-greta-thunberg-lernen-koennen\\\/#article\",\"isPartOf\":{\"@id\":\"https:\\\/\\\/www.organisator.ch\\\/sustainability\\\/2019-11-12\\\/was-wir-von-greta-thunberg-lernen-koennen\\\/\"},\"author\":{\"name\":\"michael.merz\",\"@id\":\"https:\\\/\\\/www.organisator.ch\\\/#\\\/schema\\\/person\\\/134708ca9321c57b0362cceb7948ffbd\"},\"headline\":\"Was wir von Greta Thunberg lernen k\u00f6nnen\",\"datePublished\":\"2019-11-12T10:21:48+00:00\",\"dateModified\":\"2022-02-09T10:10:02+00:00\",\"mainEntityOfPage\":{\"@id\":\"https:\\\/\\\/www.organisator.ch\\\/sustainability\\\/2019-11-12\\\/was-wir-von-greta-thunberg-lernen-koennen\\\/\"},\"wordCount\":1811,\"commentCount\":0,\"publisher\":{\"@id\":\"https:\\\/\\\/www.organisator.ch\\\/#organization\"},\"image\":{\"@id\":\"https:\\\/\\\/www.organisator.ch\\\/sustainability\\\/2019-11-12\\\/was-wir-von-greta-thunberg-lernen-koennen\\\/#primaryimage\"},\"thumbnailUrl\":\"https:\\\/\\\/www.organisator.ch\\\/wp-content\\\/uploads\\\/2019\\\/11\\\/Greta-Thunberg-Analyse-UP-Umwelt-Perspektiven-.jpg\",\"keywords\":[\"Analyse\",\"Ethik\",\"Rhetorik\",\"Thunberg\"],\"articleSection\":[\"SUSTAINABILITY\"],\"inLanguage\":\"de\"},{\"@type\":\"WebPage\",\"@id\":\"https:\\\/\\\/www.organisator.ch\\\/sustainability\\\/2019-11-12\\\/was-wir-von-greta-thunberg-lernen-koennen\\\/\",\"url\":\"https:\\\/\\\/www.organisator.ch\\\/sustainability\\\/2019-11-12\\\/was-wir-von-greta-thunberg-lernen-koennen\\\/\",\"name\":\"Was wir von Greta Thunberg lernen k\u00f6nnen - Organisator\",\"isPartOf\":{\"@id\":\"https:\\\/\\\/www.organisator.ch\\\/#website\"},\"primaryImageOfPage\":{\"@id\":\"https:\\\/\\\/www.organisator.ch\\\/sustainability\\\/2019-11-12\\\/was-wir-von-greta-thunberg-lernen-koennen\\\/#primaryimage\"},\"image\":{\"@id\":\"https:\\\/\\\/www.organisator.ch\\\/sustainability\\\/2019-11-12\\\/was-wir-von-greta-thunberg-lernen-koennen\\\/#primaryimage\"},\"thumbnailUrl\":\"https:\\\/\\\/www.organisator.ch\\\/wp-content\\\/uploads\\\/2019\\\/11\\\/Greta-Thunberg-Analyse-UP-Umwelt-Perspektiven-.jpg\",\"datePublished\":\"2019-11-12T10:21:48+00:00\",\"dateModified\":\"2022-02-09T10:10:02+00:00\",\"description\":\"Greta Thunberg: Sie wird von manchen als heilige Prophetin bezeichnet, von anderen als Hype-Ikone. Eine Rhetorik-Analyse.\",\"breadcrumb\":{\"@id\":\"https:\\\/\\\/www.organisator.ch\\\/sustainability\\\/2019-11-12\\\/was-wir-von-greta-thunberg-lernen-koennen\\\/#breadcrumb\"},\"inLanguage\":\"de\",\"potentialAction\":[{\"@type\":\"ReadAction\",\"target\":[\"https:\\\/\\\/www.organisator.ch\\\/sustainability\\\/2019-11-12\\\/was-wir-von-greta-thunberg-lernen-koennen\\\/\"]}]},{\"@type\":\"ImageObject\",\"inLanguage\":\"de\",\"@id\":\"https:\\\/\\\/www.organisator.ch\\\/sustainability\\\/2019-11-12\\\/was-wir-von-greta-thunberg-lernen-koennen\\\/#primaryimage\",\"url\":\"https:\\\/\\\/www.organisator.ch\\\/wp-content\\\/uploads\\\/2019\\\/11\\\/Greta-Thunberg-Analyse-UP-Umwelt-Perspektiven-.jpg\",\"contentUrl\":\"https:\\\/\\\/www.organisator.ch\\\/wp-content\\\/uploads\\\/2019\\\/11\\\/Greta-Thunberg-Analyse-UP-Umwelt-Perspektiven-.jpg\",\"width\":1732,\"height\":1154,\"caption\":\"Sich f\u00fcr eine gute Sache einsetzen kann man nicht alleine, aber man kann es ohne Eco-Narzissmus. (Symbolbild: Unsplash)\"},{\"@type\":\"BreadcrumbList\",\"@id\":\"https:\\\/\\\/www.organisator.ch\\\/sustainability\\\/2019-11-12\\\/was-wir-von-greta-thunberg-lernen-koennen\\\/#breadcrumb\",\"itemListElement\":[{\"@type\":\"ListItem\",\"position\":1,\"name\":\"Home\",\"item\":\"https:\\\/\\\/www.organisator.ch\\\/\"},{\"@type\":\"ListItem\",\"position\":2,\"name\":\"Was wir von Greta Thunberg lernen k\u00f6nnen\"}]},{\"@type\":\"WebSite\",\"@id\":\"https:\\\/\\\/www.organisator.ch\\\/#website\",\"url\":\"https:\\\/\\\/www.organisator.ch\\\/\",\"name\":\"Organisator\",\"description\":\"Kompetent. Praxisnah. Der ORGANISATOR bereitet in 10 Ausgaben pro Jahr die wesentlichen Themen f\u00fcr F\u00fchrungskr\u00e4fte von KMU auf.\",\"publisher\":{\"@id\":\"https:\\\/\\\/www.organisator.ch\\\/#organization\"},\"potentialAction\":[{\"@type\":\"SearchAction\",\"target\":{\"@type\":\"EntryPoint\",\"urlTemplate\":\"https:\\\/\\\/www.organisator.ch\\\/?s={search_term_string}\"},\"query-input\":{\"@type\":\"PropertyValueSpecification\",\"valueRequired\":true,\"valueName\":\"search_term_string\"}}],\"inLanguage\":\"de\"},{\"@type\":\"Organization\",\"@id\":\"https:\\\/\\\/www.organisator.ch\\\/#organization\",\"name\":\"Organisator\",\"url\":\"https:\\\/\\\/www.organisator.ch\\\/\",\"logo\":{\"@type\":\"ImageObject\",\"inLanguage\":\"de\",\"@id\":\"https:\\\/\\\/www.organisator.ch\\\/#\\\/schema\\\/logo\\\/image\\\/\",\"url\":\"https:\\\/\\\/www.organisator.ch\\\/wp-content\\\/uploads\\\/2022\\\/01\\\/Logo_Organisator_Website.png\",\"contentUrl\":\"https:\\\/\\\/www.organisator.ch\\\/wp-content\\\/uploads\\\/2022\\\/01\\\/Logo_Organisator_Website.png\",\"width\":800,\"height\":77,\"caption\":\"Organisator\"},\"image\":{\"@id\":\"https:\\\/\\\/www.organisator.ch\\\/#\\\/schema\\\/logo\\\/image\\\/\"},\"sameAs\":[\"https:\\\/\\\/www.facebook.com\\\/OrganisatorFachmagazin\",\"https:\\\/\\\/www.linkedin.com\\\/showcase\\\/organisator-das-magazin-fr-kmu\",\"https:\\\/\\\/www.xing.com\\\/news\\\/pages\\\/organisator-ch-695\",\"https:\\\/\\\/www.youtube.com\\\/channel\\\/UCGP2Sq0iWaZwT3BdIAQFYpw\"]},{\"@type\":\"Person\",\"@id\":\"https:\\\/\\\/www.organisator.ch\\\/#\\\/schema\\\/person\\\/134708ca9321c57b0362cceb7948ffbd\",\"name\":\"michael.merz\",\"image\":{\"@type\":\"ImageObject\",\"inLanguage\":\"de\",\"@id\":\"https:\\\/\\\/secure.gravatar.com\\\/avatar\\\/?s=96&d=mm&r=g\",\"url\":\"https:\\\/\\\/secure.gravatar.com\\\/avatar\\\/?s=96&d=mm&r=g\",\"contentUrl\":\"https:\\\/\\\/secure.gravatar.com\\\/avatar\\\/?s=96&d=mm&r=g\",\"caption\":\"michael.merz\"},\"url\":\"https:\\\/\\\/www.organisator.ch\\\/de\\\/author\\\/michael-merz\\\/\"}]}<\/script>\n<!-- \/ Yoast SEO plugin. -->","yoast_head_json":{"title":"Was wir von Greta Thunberg lernen k\u00f6nnen - Organisator","description":"Greta Thunberg: Sie wird von manchen als heilige Prophetin bezeichnet, von anderen als Hype-Ikone. Eine Rhetorik-Analyse.","robots":{"index":"index","follow":"follow","max-snippet":"max-snippet:-1","max-image-preview":"max-image-preview:large","max-video-preview":"max-video-preview:-1"},"canonical":"https:\/\/www.organisator.ch\/de\/sustainability\/2019-11-12\/was-wir-von-greta-thunberg-lernen-koennen\/","og_locale":"de_DE","og_type":"article","og_title":"Was wir von Greta Thunberg lernen k\u00f6nnen - Organisator","og_description":"Greta Thunberg: Sie wird von manchen als heilige Prophetin bezeichnet, von anderen als Hype-Ikone. Eine Rhetorik-Analyse.","og_url":"https:\/\/www.organisator.ch\/de\/sustainability\/2019-11-12\/was-wir-von-greta-thunberg-lernen-koennen\/","og_site_name":"Organisator","article_publisher":"https:\/\/www.facebook.com\/OrganisatorFachmagazin","article_published_time":"2019-11-12T10:21:48+00:00","article_modified_time":"2022-02-09T10:10:02+00:00","og_image":[{"width":1024,"height":682,"url":"https:\/\/www.organisator.ch\/wp-content\/uploads\/2019\/11\/Greta-Thunberg-Analyse-UP-Umwelt-Perspektiven--1024x682.jpg","type":"image\/jpeg"}],"author":"michael.merz","twitter_card":"summary_large_image","schema":{"@context":"https:\/\/schema.org","@graph":[{"@type":"Article","@id":"https:\/\/www.organisator.ch\/sustainability\/2019-11-12\/was-wir-von-greta-thunberg-lernen-koennen\/#article","isPartOf":{"@id":"https:\/\/www.organisator.ch\/sustainability\/2019-11-12\/was-wir-von-greta-thunberg-lernen-koennen\/"},"author":{"name":"michael.merz","@id":"https:\/\/www.organisator.ch\/#\/schema\/person\/134708ca9321c57b0362cceb7948ffbd"},"headline":"Was wir von Greta Thunberg lernen k\u00f6nnen","datePublished":"2019-11-12T10:21:48+00:00","dateModified":"2022-02-09T10:10:02+00:00","mainEntityOfPage":{"@id":"https:\/\/www.organisator.ch\/sustainability\/2019-11-12\/was-wir-von-greta-thunberg-lernen-koennen\/"},"wordCount":1811,"commentCount":0,"publisher":{"@id":"https:\/\/www.organisator.ch\/#organization"},"image":{"@id":"https:\/\/www.organisator.ch\/sustainability\/2019-11-12\/was-wir-von-greta-thunberg-lernen-koennen\/#primaryimage"},"thumbnailUrl":"https:\/\/www.organisator.ch\/wp-content\/uploads\/2019\/11\/Greta-Thunberg-Analyse-UP-Umwelt-Perspektiven-.jpg","keywords":["Analyse","Ethik","Rhetorik","Thunberg"],"articleSection":["SUSTAINABILITY"],"inLanguage":"de"},{"@type":"WebPage","@id":"https:\/\/www.organisator.ch\/sustainability\/2019-11-12\/was-wir-von-greta-thunberg-lernen-koennen\/","url":"https:\/\/www.organisator.ch\/sustainability\/2019-11-12\/was-wir-von-greta-thunberg-lernen-koennen\/","name":"Was wir von Greta Thunberg lernen k\u00f6nnen - Organisator","isPartOf":{"@id":"https:\/\/www.organisator.ch\/#website"},"primaryImageOfPage":{"@id":"https:\/\/www.organisator.ch\/sustainability\/2019-11-12\/was-wir-von-greta-thunberg-lernen-koennen\/#primaryimage"},"image":{"@id":"https:\/\/www.organisator.ch\/sustainability\/2019-11-12\/was-wir-von-greta-thunberg-lernen-koennen\/#primaryimage"},"thumbnailUrl":"https:\/\/www.organisator.ch\/wp-content\/uploads\/2019\/11\/Greta-Thunberg-Analyse-UP-Umwelt-Perspektiven-.jpg","datePublished":"2019-11-12T10:21:48+00:00","dateModified":"2022-02-09T10:10:02+00:00","description":"Greta Thunberg: Sie wird von manchen als heilige Prophetin bezeichnet, von anderen als Hype-Ikone. Eine Rhetorik-Analyse.","breadcrumb":{"@id":"https:\/\/www.organisator.ch\/sustainability\/2019-11-12\/was-wir-von-greta-thunberg-lernen-koennen\/#breadcrumb"},"inLanguage":"de","potentialAction":[{"@type":"ReadAction","target":["https:\/\/www.organisator.ch\/sustainability\/2019-11-12\/was-wir-von-greta-thunberg-lernen-koennen\/"]}]},{"@type":"ImageObject","inLanguage":"de","@id":"https:\/\/www.organisator.ch\/sustainability\/2019-11-12\/was-wir-von-greta-thunberg-lernen-koennen\/#primaryimage","url":"https:\/\/www.organisator.ch\/wp-content\/uploads\/2019\/11\/Greta-Thunberg-Analyse-UP-Umwelt-Perspektiven-.jpg","contentUrl":"https:\/\/www.organisator.ch\/wp-content\/uploads\/2019\/11\/Greta-Thunberg-Analyse-UP-Umwelt-Perspektiven-.jpg","width":1732,"height":1154,"caption":"Sich f\u00fcr eine gute Sache einsetzen kann man nicht alleine, aber man kann es ohne Eco-Narzissmus. (Symbolbild: Unsplash)"},{"@type":"BreadcrumbList","@id":"https:\/\/www.organisator.ch\/sustainability\/2019-11-12\/was-wir-von-greta-thunberg-lernen-koennen\/#breadcrumb","itemListElement":[{"@type":"ListItem","position":1,"name":"Home","item":"https:\/\/www.organisator.ch\/"},{"@type":"ListItem","position":2,"name":"Was wir von Greta Thunberg lernen k\u00f6nnen"}]},{"@type":"WebSite","@id":"https:\/\/www.organisator.ch\/#website","url":"https:\/\/www.organisator.ch\/","name":"Organisator","description":"Kompetent. Praxisnah. Der ORGANISATOR bereitet in 10 Ausgaben pro Jahr die wesentlichen Themen f\u00fcr F\u00fchrungskr\u00e4fte von KMU auf.","publisher":{"@id":"https:\/\/www.organisator.ch\/#organization"},"potentialAction":[{"@type":"SearchAction","target":{"@type":"EntryPoint","urlTemplate":"https:\/\/www.organisator.ch\/?s={search_term_string}"},"query-input":{"@type":"PropertyValueSpecification","valueRequired":true,"valueName":"search_term_string"}}],"inLanguage":"de"},{"@type":"Organization","@id":"https:\/\/www.organisator.ch\/#organization","name":"Organisator","url":"https:\/\/www.organisator.ch\/","logo":{"@type":"ImageObject","inLanguage":"de","@id":"https:\/\/www.organisator.ch\/#\/schema\/logo\/image\/","url":"https:\/\/www.organisator.ch\/wp-content\/uploads\/2022\/01\/Logo_Organisator_Website.png","contentUrl":"https:\/\/www.organisator.ch\/wp-content\/uploads\/2022\/01\/Logo_Organisator_Website.png","width":800,"height":77,"caption":"Organisator"},"image":{"@id":"https:\/\/www.organisator.ch\/#\/schema\/logo\/image\/"},"sameAs":["https:\/\/www.facebook.com\/OrganisatorFachmagazin","https:\/\/www.linkedin.com\/showcase\/organisator-das-magazin-fr-kmu","https:\/\/www.xing.com\/news\/pages\/organisator-ch-695","https:\/\/www.youtube.com\/channel\/UCGP2Sq0iWaZwT3BdIAQFYpw"]},{"@type":"Person","@id":"https:\/\/www.organisator.ch\/#\/schema\/person\/134708ca9321c57b0362cceb7948ffbd","name":"michael.merz","image":{"@type":"ImageObject","inLanguage":"de","@id":"https:\/\/secure.gravatar.com\/avatar\/?s=96&d=mm&r=g","url":"https:\/\/secure.gravatar.com\/avatar\/?s=96&d=mm&r=g","contentUrl":"https:\/\/secure.gravatar.com\/avatar\/?s=96&d=mm&r=g","caption":"michael.merz"},"url":"https:\/\/www.organisator.ch\/de\/author\/michael-merz\/"}]}},"_links":{"self":[{"href":"https:\/\/www.organisator.ch\/de\/wp-json\/wp\/v2\/posts\/10131","targetHints":{"allow":["GET"]}}],"collection":[{"href":"https:\/\/www.organisator.ch\/de\/wp-json\/wp\/v2\/posts"}],"about":[{"href":"https:\/\/www.organisator.ch\/de\/wp-json\/wp\/v2\/types\/post"}],"author":[{"embeddable":true,"href":"https:\/\/www.organisator.ch\/de\/wp-json\/wp\/v2\/users\/5"}],"replies":[{"embeddable":true,"href":"https:\/\/www.organisator.ch\/de\/wp-json\/wp\/v2\/comments?post=10131"}],"version-history":[{"count":1,"href":"https:\/\/www.organisator.ch\/de\/wp-json\/wp\/v2\/posts\/10131\/revisions"}],"predecessor-version":[{"id":10865,"href":"https:\/\/www.organisator.ch\/de\/wp-json\/wp\/v2\/posts\/10131\/revisions\/10865"}],"wp:featuredmedia":[{"embeddable":true,"href":"https:\/\/www.organisator.ch\/de\/wp-json\/wp\/v2\/media\/9655"}],"wp:attachment":[{"href":"https:\/\/www.organisator.ch\/de\/wp-json\/wp\/v2\/media?parent=10131"}],"wp:term":[{"taxonomy":"category","embeddable":true,"href":"https:\/\/www.organisator.ch\/de\/wp-json\/wp\/v2\/categories?post=10131"},{"taxonomy":"post_tag","embeddable":true,"href":"https:\/\/www.organisator.ch\/de\/wp-json\/wp\/v2\/tags?post=10131"}],"curies":[{"name":"wp","href":"https:\/\/api.w.org\/{rel}","templated":true}]}}