{"id":10133,"date":"2019-11-19T11:59:12","date_gmt":"2019-11-19T10:59:12","guid":{"rendered":"https:\/\/www.umweltperspektiven.ch\/?p=2630"},"modified":"2022-02-09T11:05:35","modified_gmt":"2022-02-09T10:05:35","slug":"studie-mikrogummi-schlaegt-mikroplastik","status":"publish","type":"post","link":"https:\/\/www.organisator.ch\/de\/sustainability\/2019-11-19\/studie-mikrogummi-schlaegt-mikroplastik\/","title":{"rendered":"Studie: Mikrogummi schl\u00e4gt Mikroplastik"},"content":{"rendered":"<p>&nbsp;<\/p>\n<figure id=\"attachment_2632\" aria-describedby=\"caption-attachment-2632\" style=\"width: 680px\" class=\"wp-caption alignnone\"><img loading=\"lazy\" decoding=\"async\" class=\"size-medium wp-image-2632\" src=\"\/\/www.umweltperspektiven.ch\/wp-content\/uploads\/2019\/11\/Zuguterletzt.jpg\" alt=\"\" width=\"680\" height=\"453\" srcset=\"https:\/\/www.organisator.ch\/wp-content\/uploads\/2019\/11\/Zuguterletzt.jpg 870w, https:\/\/www.organisator.ch\/wp-content\/uploads\/2019\/11\/Zuguterletzt-680x453.jpg 680w, https:\/\/www.organisator.ch\/wp-content\/uploads\/2019\/11\/Zuguterletzt-768x512.jpg 768w, https:\/\/www.organisator.ch\/wp-content\/uploads\/2019\/11\/Zuguterletzt-18x12.jpg 18w, https:\/\/www.organisator.ch\/wp-content\/uploads\/2019\/11\/Zuguterletzt-263x175.jpg 263w, https:\/\/www.organisator.ch\/wp-content\/uploads\/2019\/11\/Zuguterletzt-525x350.jpg 525w, https:\/\/www.organisator.ch\/wp-content\/uploads\/2019\/11\/Zuguterletzt-300x200.jpg 300w\" sizes=\"auto, (max-width: 680px) 100vw, 680px\" \/><figcaption id=\"caption-attachment-2632\" class=\"wp-caption-text\">Die Empa stuft Mirkogummi, den man in Strassenbel\u00e4gen findet, noch problematischer als Mikroplastik ein. (Symbolbild: Empa)<\/figcaption><\/figure>\n<p class=\"bodytext\">In den Jahren 1998 bis 2018 haben sich in der Schweiz rund 200.000 Tonnen Mikrogummi in der Umwelt angesammelt, informiert die Eidgen\u00f6ssische Materialpr\u00fcfungs- und Forschungsanstalt (<a href=\"\/\/www.empa.ch\/web\/empa\/\" target=\"_blank\" rel=\"noopener\">Empa<\/a>) in einer\u00a0<a href=\"\/\/www.empa.ch\/web\/s604\/mikrogummi\" target=\"_blank\" rel=\"noopener\">Mitteilung<\/a>. Ihre Forscher haben die Entstehung und die Auswirkung von Mikrogummi untersucht.<\/p>\n<p><strong>Reifenabrieb untersucht\u00a0<\/strong><\/p>\n<p class=\"bodytext\">Den Ergebnissen zufolge werden rund 97 Prozent des in die Umwelt gelangenden Mikrogummis durch Reifenabrieb verursacht. Knapp drei Viertel davon setzen sich in den ersten f\u00fcnf Metern links und rechts der Strasse ab. Rund 20 Prozent gelangen in Gew\u00e4sser. Ein Teil des Mikrogummis kann durch Strassenabwasser-Behandlungsanlagen (SABA) herausgefiltert werden.<\/p>\n<p class=\"bodytext\">Die Auswirkungen auf den Menschen werden von den Forschern als gering eingesch\u00e4tzt. \u201eDer Anteil von Reifenabrieb am eingeatmeten Feinstaub liegt auch an verkehrsnahen Standorten im tiefen einstelligen Prozentbereich\u201c, erl\u00e4utert Christoph H\u00fcglin von der Empa-Abteilung Luftfremdstoffe und Umwelttechnik in der Mitteilung.<\/p>\n<p class=\"bodytext\">Mikroplastik und Mikrogummi seien\u00a0 jedoch \u201eunterschiedliche Partikel, die sich kaum miteinander vergleichen lassen\u201c, stellt Bernd Nowack von der Empa-Abteilung Technologie und Gesellschaft in der Mitteilung klar.<\/p>\n<p class=\"bodytext\">Seinen Berechnungen zufolge handelt es sich zudem bei nur 7 Prozent der in die Umwelt freigesetzten polymerbasierten Mikropartikel um Mikroplastik. Die \u00fcbrigen 93 Prozent werden von Mikrogummi gestellt. \u201eDie Menge von Mikrogummi in der Umwelt ist riesig und somit h\u00f6chst relevant\u201c, meint Nowack.<\/p>\n<p><a href=\"\/\/www.umweltperspektiven.ch\/abo-bestellung\/\"><em>Die Zusammenfassung der Empa Studie finden Sie in den n\u00e4chsten Umwelt Perspektiven (Dezemberausgabe)<\/em><\/a><\/p>\n<p>&nbsp;<\/p>\n","protected":false},"excerpt":{"rendered":"<p>&nbsp; In den Jahren 1998 bis 2018 haben sich in der Schweiz rund 200.000 Tonnen Mikrogummi in der Umwelt angesammelt, informiert die Eidgen\u00f6ssische Materialpr\u00fcfungs- und Forschungsanstalt (Empa) in einer\u00a0Mitteilung. Ihre Forscher haben die Entstehung und die Auswirkung von Mikrogummi untersucht. Reifenabrieb untersucht\u00a0 Den Ergebnissen zufolge werden rund 97 Prozent des in die Umwelt gelangenden Mikrogummis [&hellip;]<\/p>\n","protected":false},"author":5,"featured_media":2632,"comment_status":"open","ping_status":"open","sticky":false,"template":"","format":"standard","meta":{"_acf_changed":false,"_yoast_wpseo_focuskw":"Mikrogummi","_yoast_wpseo_metadesc":"Die Menge an in der Umwelt freigesetztem Mikroplastik ist wesentlich geringer als die entsprechende Menge an Mikrogummi.","articlekey":"","footnotes":""},"categories":[580],"tags":[1052,1711,460,2354],"class_list":["post-10133","post","type-post","status-publish","format-standard","has-post-thumbnail","hentry","category-sustainability","tag-empa","tag-mikroplastik","tag-studien","tag-umwelt-perspektiven"],"acf":[],"yoast_head":"<!-- This site is optimized with the Yoast SEO plugin v27.4 - https:\/\/yoast.com\/product\/yoast-seo-wordpress\/ -->\n<title>Studie: Mikrogummi schl\u00e4gt Mikroplastik - Organisator<\/title>\n<meta name=\"description\" content=\"Die Menge an in der Umwelt freigesetztem Mikroplastik ist wesentlich geringer als die entsprechende Menge an Mikrogummi.\" \/>\n<meta name=\"robots\" content=\"index, follow, max-snippet:-1, max-image-preview:large, max-video-preview:-1\" \/>\n<link rel=\"canonical\" href=\"https:\/\/www.organisator.ch\/de\/sustainability\/2019-11-19\/studie-mikrogummi-schlaegt-mikroplastik\/\" \/>\n<meta property=\"og:locale\" content=\"de_DE\" \/>\n<meta property=\"og:type\" content=\"article\" \/>\n<meta property=\"og:title\" content=\"Studie: Mikrogummi schl\u00e4gt Mikroplastik - Organisator\" \/>\n<meta property=\"og:description\" content=\"Die Menge an in der Umwelt freigesetztem Mikroplastik ist wesentlich geringer als die entsprechende Menge an Mikrogummi.\" \/>\n<meta property=\"og:url\" content=\"https:\/\/www.organisator.ch\/de\/sustainability\/2019-11-19\/studie-mikrogummi-schlaegt-mikroplastik\/\" \/>\n<meta property=\"og:site_name\" content=\"Organisator\" \/>\n<meta property=\"article:publisher\" content=\"https:\/\/www.facebook.com\/OrganisatorFachmagazin\" \/>\n<meta property=\"article:published_time\" content=\"2019-11-19T10:59:12+00:00\" \/>\n<meta property=\"article:modified_time\" content=\"2022-02-09T10:05:35+00:00\" \/>\n<meta property=\"og:image\" content=\"https:\/\/www.organisator.ch\/wp-content\/uploads\/2019\/11\/Zuguterletzt.jpg\" \/>\n\t<meta property=\"og:image:width\" content=\"870\" \/>\n\t<meta property=\"og:image:height\" content=\"580\" \/>\n\t<meta property=\"og:image:type\" content=\"image\/jpeg\" \/>\n<meta name=\"author\" content=\"michael.merz\" \/>\n<meta name=\"twitter:card\" content=\"summary_large_image\" \/>\n<script type=\"application\/ld+json\" class=\"yoast-schema-graph\">{\"@context\":\"https:\\\/\\\/schema.org\",\"@graph\":[{\"@type\":\"Article\",\"@id\":\"https:\\\/\\\/www.organisator.ch\\\/sustainability\\\/2019-11-19\\\/studie-mikrogummi-schlaegt-mikroplastik\\\/#article\",\"isPartOf\":{\"@id\":\"https:\\\/\\\/www.organisator.ch\\\/sustainability\\\/2019-11-19\\\/studie-mikrogummi-schlaegt-mikroplastik\\\/\"},\"author\":{\"name\":\"michael.merz\",\"@id\":\"https:\\\/\\\/www.organisator.ch\\\/#\\\/schema\\\/person\\\/134708ca9321c57b0362cceb7948ffbd\"},\"headline\":\"Studie: Mikrogummi schl\u00e4gt Mikroplastik\",\"datePublished\":\"2019-11-19T10:59:12+00:00\",\"dateModified\":\"2022-02-09T10:05:35+00:00\",\"mainEntityOfPage\":{\"@id\":\"https:\\\/\\\/www.organisator.ch\\\/sustainability\\\/2019-11-19\\\/studie-mikrogummi-schlaegt-mikroplastik\\\/\"},\"wordCount\":246,\"commentCount\":0,\"publisher\":{\"@id\":\"https:\\\/\\\/www.organisator.ch\\\/#organization\"},\"image\":{\"@id\":\"https:\\\/\\\/www.organisator.ch\\\/sustainability\\\/2019-11-19\\\/studie-mikrogummi-schlaegt-mikroplastik\\\/#primaryimage\"},\"thumbnailUrl\":\"https:\\\/\\\/www.organisator.ch\\\/wp-content\\\/uploads\\\/2019\\\/11\\\/Zuguterletzt.jpg\",\"keywords\":[\"Empa\",\"Mikroplastik\",\"Studien\",\"Umwelt Perspektiven\"],\"articleSection\":[\"SUSTAINABILITY\"],\"inLanguage\":\"de\"},{\"@type\":\"WebPage\",\"@id\":\"https:\\\/\\\/www.organisator.ch\\\/sustainability\\\/2019-11-19\\\/studie-mikrogummi-schlaegt-mikroplastik\\\/\",\"url\":\"https:\\\/\\\/www.organisator.ch\\\/sustainability\\\/2019-11-19\\\/studie-mikrogummi-schlaegt-mikroplastik\\\/\",\"name\":\"Studie: Mikrogummi schl\u00e4gt Mikroplastik - Organisator\",\"isPartOf\":{\"@id\":\"https:\\\/\\\/www.organisator.ch\\\/#website\"},\"primaryImageOfPage\":{\"@id\":\"https:\\\/\\\/www.organisator.ch\\\/sustainability\\\/2019-11-19\\\/studie-mikrogummi-schlaegt-mikroplastik\\\/#primaryimage\"},\"image\":{\"@id\":\"https:\\\/\\\/www.organisator.ch\\\/sustainability\\\/2019-11-19\\\/studie-mikrogummi-schlaegt-mikroplastik\\\/#primaryimage\"},\"thumbnailUrl\":\"https:\\\/\\\/www.organisator.ch\\\/wp-content\\\/uploads\\\/2019\\\/11\\\/Zuguterletzt.jpg\",\"datePublished\":\"2019-11-19T10:59:12+00:00\",\"dateModified\":\"2022-02-09T10:05:35+00:00\",\"description\":\"Die Menge an in der Umwelt freigesetztem Mikroplastik ist wesentlich geringer als die entsprechende Menge an Mikrogummi.\",\"breadcrumb\":{\"@id\":\"https:\\\/\\\/www.organisator.ch\\\/sustainability\\\/2019-11-19\\\/studie-mikrogummi-schlaegt-mikroplastik\\\/#breadcrumb\"},\"inLanguage\":\"de\",\"potentialAction\":[{\"@type\":\"ReadAction\",\"target\":[\"https:\\\/\\\/www.organisator.ch\\\/sustainability\\\/2019-11-19\\\/studie-mikrogummi-schlaegt-mikroplastik\\\/\"]}]},{\"@type\":\"ImageObject\",\"inLanguage\":\"de\",\"@id\":\"https:\\\/\\\/www.organisator.ch\\\/sustainability\\\/2019-11-19\\\/studie-mikrogummi-schlaegt-mikroplastik\\\/#primaryimage\",\"url\":\"https:\\\/\\\/www.organisator.ch\\\/wp-content\\\/uploads\\\/2019\\\/11\\\/Zuguterletzt.jpg\",\"contentUrl\":\"https:\\\/\\\/www.organisator.ch\\\/wp-content\\\/uploads\\\/2019\\\/11\\\/Zuguterletzt.jpg\",\"width\":870,\"height\":580,\"caption\":\"Die Empa stuft Mirkogummi, den man in Strassenbel\u00e4gen findet, noch problematischer als Mikroplastik ein. (Symbolbild: Empa)\"},{\"@type\":\"BreadcrumbList\",\"@id\":\"https:\\\/\\\/www.organisator.ch\\\/sustainability\\\/2019-11-19\\\/studie-mikrogummi-schlaegt-mikroplastik\\\/#breadcrumb\",\"itemListElement\":[{\"@type\":\"ListItem\",\"position\":1,\"name\":\"Home\",\"item\":\"https:\\\/\\\/www.organisator.ch\\\/\"},{\"@type\":\"ListItem\",\"position\":2,\"name\":\"Studie: Mikrogummi schl\u00e4gt Mikroplastik\"}]},{\"@type\":\"WebSite\",\"@id\":\"https:\\\/\\\/www.organisator.ch\\\/#website\",\"url\":\"https:\\\/\\\/www.organisator.ch\\\/\",\"name\":\"Organisator\",\"description\":\"Kompetent. Praxisnah. Der ORGANISATOR bereitet in 10 Ausgaben pro Jahr die wesentlichen Themen f\u00fcr F\u00fchrungskr\u00e4fte von KMU auf.\",\"publisher\":{\"@id\":\"https:\\\/\\\/www.organisator.ch\\\/#organization\"},\"potentialAction\":[{\"@type\":\"SearchAction\",\"target\":{\"@type\":\"EntryPoint\",\"urlTemplate\":\"https:\\\/\\\/www.organisator.ch\\\/?s={search_term_string}\"},\"query-input\":{\"@type\":\"PropertyValueSpecification\",\"valueRequired\":true,\"valueName\":\"search_term_string\"}}],\"inLanguage\":\"de\"},{\"@type\":\"Organization\",\"@id\":\"https:\\\/\\\/www.organisator.ch\\\/#organization\",\"name\":\"Organisator\",\"url\":\"https:\\\/\\\/www.organisator.ch\\\/\",\"logo\":{\"@type\":\"ImageObject\",\"inLanguage\":\"de\",\"@id\":\"https:\\\/\\\/www.organisator.ch\\\/#\\\/schema\\\/logo\\\/image\\\/\",\"url\":\"https:\\\/\\\/www.organisator.ch\\\/wp-content\\\/uploads\\\/2022\\\/01\\\/Logo_Organisator_Website.png\",\"contentUrl\":\"https:\\\/\\\/www.organisator.ch\\\/wp-content\\\/uploads\\\/2022\\\/01\\\/Logo_Organisator_Website.png\",\"width\":800,\"height\":77,\"caption\":\"Organisator\"},\"image\":{\"@id\":\"https:\\\/\\\/www.organisator.ch\\\/#\\\/schema\\\/logo\\\/image\\\/\"},\"sameAs\":[\"https:\\\/\\\/www.facebook.com\\\/OrganisatorFachmagazin\",\"https:\\\/\\\/www.linkedin.com\\\/showcase\\\/organisator-das-magazin-fr-kmu\",\"https:\\\/\\\/www.xing.com\\\/news\\\/pages\\\/organisator-ch-695\",\"https:\\\/\\\/www.youtube.com\\\/channel\\\/UCGP2Sq0iWaZwT3BdIAQFYpw\"]},{\"@type\":\"Person\",\"@id\":\"https:\\\/\\\/www.organisator.ch\\\/#\\\/schema\\\/person\\\/134708ca9321c57b0362cceb7948ffbd\",\"name\":\"michael.merz\",\"image\":{\"@type\":\"ImageObject\",\"inLanguage\":\"de\",\"@id\":\"https:\\\/\\\/secure.gravatar.com\\\/avatar\\\/?s=96&d=mm&r=g\",\"url\":\"https:\\\/\\\/secure.gravatar.com\\\/avatar\\\/?s=96&d=mm&r=g\",\"contentUrl\":\"https:\\\/\\\/secure.gravatar.com\\\/avatar\\\/?s=96&d=mm&r=g\",\"caption\":\"michael.merz\"},\"url\":\"https:\\\/\\\/www.organisator.ch\\\/de\\\/author\\\/michael-merz\\\/\"}]}<\/script>\n<!-- \/ Yoast SEO plugin. -->","yoast_head_json":{"title":"Studie: Mikrogummi schl\u00e4gt Mikroplastik - Organisator","description":"Die Menge an in der Umwelt freigesetztem Mikroplastik ist wesentlich geringer als die entsprechende Menge an Mikrogummi.","robots":{"index":"index","follow":"follow","max-snippet":"max-snippet:-1","max-image-preview":"max-image-preview:large","max-video-preview":"max-video-preview:-1"},"canonical":"https:\/\/www.organisator.ch\/de\/sustainability\/2019-11-19\/studie-mikrogummi-schlaegt-mikroplastik\/","og_locale":"de_DE","og_type":"article","og_title":"Studie: Mikrogummi schl\u00e4gt Mikroplastik - Organisator","og_description":"Die Menge an in der Umwelt freigesetztem Mikroplastik ist wesentlich geringer als die entsprechende Menge an Mikrogummi.","og_url":"https:\/\/www.organisator.ch\/de\/sustainability\/2019-11-19\/studie-mikrogummi-schlaegt-mikroplastik\/","og_site_name":"Organisator","article_publisher":"https:\/\/www.facebook.com\/OrganisatorFachmagazin","article_published_time":"2019-11-19T10:59:12+00:00","article_modified_time":"2022-02-09T10:05:35+00:00","og_image":[{"width":870,"height":580,"url":"https:\/\/www.organisator.ch\/wp-content\/uploads\/2019\/11\/Zuguterletzt.jpg","type":"image\/jpeg"}],"author":"michael.merz","twitter_card":"summary_large_image","schema":{"@context":"https:\/\/schema.org","@graph":[{"@type":"Article","@id":"https:\/\/www.organisator.ch\/sustainability\/2019-11-19\/studie-mikrogummi-schlaegt-mikroplastik\/#article","isPartOf":{"@id":"https:\/\/www.organisator.ch\/sustainability\/2019-11-19\/studie-mikrogummi-schlaegt-mikroplastik\/"},"author":{"name":"michael.merz","@id":"https:\/\/www.organisator.ch\/#\/schema\/person\/134708ca9321c57b0362cceb7948ffbd"},"headline":"Studie: Mikrogummi schl\u00e4gt Mikroplastik","datePublished":"2019-11-19T10:59:12+00:00","dateModified":"2022-02-09T10:05:35+00:00","mainEntityOfPage":{"@id":"https:\/\/www.organisator.ch\/sustainability\/2019-11-19\/studie-mikrogummi-schlaegt-mikroplastik\/"},"wordCount":246,"commentCount":0,"publisher":{"@id":"https:\/\/www.organisator.ch\/#organization"},"image":{"@id":"https:\/\/www.organisator.ch\/sustainability\/2019-11-19\/studie-mikrogummi-schlaegt-mikroplastik\/#primaryimage"},"thumbnailUrl":"https:\/\/www.organisator.ch\/wp-content\/uploads\/2019\/11\/Zuguterletzt.jpg","keywords":["Empa","Mikroplastik","Studien","Umwelt Perspektiven"],"articleSection":["SUSTAINABILITY"],"inLanguage":"de"},{"@type":"WebPage","@id":"https:\/\/www.organisator.ch\/sustainability\/2019-11-19\/studie-mikrogummi-schlaegt-mikroplastik\/","url":"https:\/\/www.organisator.ch\/sustainability\/2019-11-19\/studie-mikrogummi-schlaegt-mikroplastik\/","name":"Studie: Mikrogummi schl\u00e4gt Mikroplastik - Organisator","isPartOf":{"@id":"https:\/\/www.organisator.ch\/#website"},"primaryImageOfPage":{"@id":"https:\/\/www.organisator.ch\/sustainability\/2019-11-19\/studie-mikrogummi-schlaegt-mikroplastik\/#primaryimage"},"image":{"@id":"https:\/\/www.organisator.ch\/sustainability\/2019-11-19\/studie-mikrogummi-schlaegt-mikroplastik\/#primaryimage"},"thumbnailUrl":"https:\/\/www.organisator.ch\/wp-content\/uploads\/2019\/11\/Zuguterletzt.jpg","datePublished":"2019-11-19T10:59:12+00:00","dateModified":"2022-02-09T10:05:35+00:00","description":"Die Menge an in der Umwelt freigesetztem Mikroplastik ist wesentlich geringer als die entsprechende Menge an Mikrogummi.","breadcrumb":{"@id":"https:\/\/www.organisator.ch\/sustainability\/2019-11-19\/studie-mikrogummi-schlaegt-mikroplastik\/#breadcrumb"},"inLanguage":"de","potentialAction":[{"@type":"ReadAction","target":["https:\/\/www.organisator.ch\/sustainability\/2019-11-19\/studie-mikrogummi-schlaegt-mikroplastik\/"]}]},{"@type":"ImageObject","inLanguage":"de","@id":"https:\/\/www.organisator.ch\/sustainability\/2019-11-19\/studie-mikrogummi-schlaegt-mikroplastik\/#primaryimage","url":"https:\/\/www.organisator.ch\/wp-content\/uploads\/2019\/11\/Zuguterletzt.jpg","contentUrl":"https:\/\/www.organisator.ch\/wp-content\/uploads\/2019\/11\/Zuguterletzt.jpg","width":870,"height":580,"caption":"Die Empa stuft Mirkogummi, den man in Strassenbel\u00e4gen findet, noch problematischer als Mikroplastik ein. (Symbolbild: Empa)"},{"@type":"BreadcrumbList","@id":"https:\/\/www.organisator.ch\/sustainability\/2019-11-19\/studie-mikrogummi-schlaegt-mikroplastik\/#breadcrumb","itemListElement":[{"@type":"ListItem","position":1,"name":"Home","item":"https:\/\/www.organisator.ch\/"},{"@type":"ListItem","position":2,"name":"Studie: Mikrogummi schl\u00e4gt Mikroplastik"}]},{"@type":"WebSite","@id":"https:\/\/www.organisator.ch\/#website","url":"https:\/\/www.organisator.ch\/","name":"Organisator","description":"Kompetent. Praxisnah. Der ORGANISATOR bereitet in 10 Ausgaben pro Jahr die wesentlichen Themen f\u00fcr F\u00fchrungskr\u00e4fte von KMU auf.","publisher":{"@id":"https:\/\/www.organisator.ch\/#organization"},"potentialAction":[{"@type":"SearchAction","target":{"@type":"EntryPoint","urlTemplate":"https:\/\/www.organisator.ch\/?s={search_term_string}"},"query-input":{"@type":"PropertyValueSpecification","valueRequired":true,"valueName":"search_term_string"}}],"inLanguage":"de"},{"@type":"Organization","@id":"https:\/\/www.organisator.ch\/#organization","name":"Organisator","url":"https:\/\/www.organisator.ch\/","logo":{"@type":"ImageObject","inLanguage":"de","@id":"https:\/\/www.organisator.ch\/#\/schema\/logo\/image\/","url":"https:\/\/www.organisator.ch\/wp-content\/uploads\/2022\/01\/Logo_Organisator_Website.png","contentUrl":"https:\/\/www.organisator.ch\/wp-content\/uploads\/2022\/01\/Logo_Organisator_Website.png","width":800,"height":77,"caption":"Organisator"},"image":{"@id":"https:\/\/www.organisator.ch\/#\/schema\/logo\/image\/"},"sameAs":["https:\/\/www.facebook.com\/OrganisatorFachmagazin","https:\/\/www.linkedin.com\/showcase\/organisator-das-magazin-fr-kmu","https:\/\/www.xing.com\/news\/pages\/organisator-ch-695","https:\/\/www.youtube.com\/channel\/UCGP2Sq0iWaZwT3BdIAQFYpw"]},{"@type":"Person","@id":"https:\/\/www.organisator.ch\/#\/schema\/person\/134708ca9321c57b0362cceb7948ffbd","name":"michael.merz","image":{"@type":"ImageObject","inLanguage":"de","@id":"https:\/\/secure.gravatar.com\/avatar\/?s=96&d=mm&r=g","url":"https:\/\/secure.gravatar.com\/avatar\/?s=96&d=mm&r=g","contentUrl":"https:\/\/secure.gravatar.com\/avatar\/?s=96&d=mm&r=g","caption":"michael.merz"},"url":"https:\/\/www.organisator.ch\/de\/author\/michael-merz\/"}]}},"_links":{"self":[{"href":"https:\/\/www.organisator.ch\/de\/wp-json\/wp\/v2\/posts\/10133","targetHints":{"allow":["GET"]}}],"collection":[{"href":"https:\/\/www.organisator.ch\/de\/wp-json\/wp\/v2\/posts"}],"about":[{"href":"https:\/\/www.organisator.ch\/de\/wp-json\/wp\/v2\/types\/post"}],"author":[{"embeddable":true,"href":"https:\/\/www.organisator.ch\/de\/wp-json\/wp\/v2\/users\/5"}],"replies":[{"embeddable":true,"href":"https:\/\/www.organisator.ch\/de\/wp-json\/wp\/v2\/comments?post=10133"}],"version-history":[{"count":1,"href":"https:\/\/www.organisator.ch\/de\/wp-json\/wp\/v2\/posts\/10133\/revisions"}],"predecessor-version":[{"id":10402,"href":"https:\/\/www.organisator.ch\/de\/wp-json\/wp\/v2\/posts\/10133\/revisions\/10402"}],"wp:featuredmedia":[{"embeddable":true,"href":"https:\/\/www.organisator.ch\/de\/wp-json\/wp\/v2\/media\/2632"}],"wp:attachment":[{"href":"https:\/\/www.organisator.ch\/de\/wp-json\/wp\/v2\/media?parent=10133"}],"wp:term":[{"taxonomy":"category","embeddable":true,"href":"https:\/\/www.organisator.ch\/de\/wp-json\/wp\/v2\/categories?post=10133"},{"taxonomy":"post_tag","embeddable":true,"href":"https:\/\/www.organisator.ch\/de\/wp-json\/wp\/v2\/tags?post=10133"}],"curies":[{"name":"wp","href":"https:\/\/api.w.org\/{rel}","templated":true}]}}