{"id":10135,"date":"2019-11-27T17:27:01","date_gmt":"2019-11-27T16:27:01","guid":{"rendered":"https:\/\/www.umweltperspektiven.ch\/?p=2651"},"modified":"2022-02-09T11:06:15","modified_gmt":"2022-02-09T10:06:15","slug":"warum-oelheizungen-ersetzt-werden-muessen","status":"publish","type":"post","link":"https:\/\/www.organisator.ch\/de\/sustainability\/2019-11-27\/warum-oelheizungen-ersetzt-werden-muessen\/","title":{"rendered":"Warum \u00d6lheizungen ersetzt werden m\u00fcssen"},"content":{"rendered":"<p>&nbsp;<\/p>\n<figure id=\"attachment_2652\" aria-describedby=\"caption-attachment-2652\" style=\"width: 680px\" class=\"wp-caption alignnone\"><img loading=\"lazy\" decoding=\"async\" class=\"size-medium wp-image-2652\" src=\"\/\/www.umweltperspektiven.ch\/wp-content\/uploads\/2019\/11\/\u00d6lheizung-Warmwasser.jpg\" alt=\"\" width=\"680\" height=\"446\" \/><figcaption id=\"caption-attachment-2652\" class=\"wp-caption-text\">Heizungen bringen f\u00fcr Menschen und Umwelt oft mehr Altlasten als einem lieb sind. (Bild zVg)<\/figcaption><\/figure>\n<p>Im April 2019 publizierte die Erd\u00f6l-Vereinigung (neu Avenergy) Inserate unter dem Titel \u00abDie CO<sub>2<\/sub>-arme \u00d6lheizung\u00bb.\u00a0 Darin wurde der Eindruck vermittelt, dank technologischen Entwicklungen liessen sich \u00d6lheizungen k\u00fcnftig betreiben, ohne gr\u00f6ssere Mengen CO<sub>2<\/sub>\u00a0auszustossen.<\/p>\n<p>Gegen das Inserat erhob swisscleantech Beschwerde bei der Schweizerischen Lauterkeitskommission. Der Wirtschaftsverband warf der Erd\u00f6l-Vereinigung vor, irref\u00fchrende Informationen \u00fcber \u00d6lheizungen zu verbreiten (<a href=\"\/\/www.swisscleantech.ch\/files\/Beschwerde-swisscleantech-Erd%C3%B6lvereinigung-2019_06_26.pdf\">hier der vollst\u00e4ndige Beschwerdetext<\/a>).<\/p>\n<p><strong>Werbung darf fast alles<br \/>\n<\/strong>Die Erd\u00f6lbranche hat in der Zwischenzeit das Inserat angepasst und verzichtet unter anderem auf den Titel, den swisscleantech beanstandet hatte. Trotz der klaren Datenlage hat die Lauterkeitskommission die Beschwerde abgelehnt. Sie begr\u00fcndet das Urteil damit, dass sich die Aussagen im Inserat auf die Zukunft beziehen und \u00ab\u00fcber behauptete Tatsachen f\u00fcr die Zukunft als nicht beweisbare Voraussagen naturgem\u00e4ss verschiedene Meinungen bestehen k\u00f6nnen.\u00bb<\/p>\n<p>Das Urteil zeigt f\u00fcr swisscleantech, dass Werbung \u00fcber einen sehr grossen Spielraum verf\u00fcgt und selbst Dinge in Aussicht stellen darf, die nach dem heute verf\u00fcgbaren Wissen so nicht eintreffen werden.<\/p>\n<p>Dies zeigt sich bei den drei konkreten Technologien, welche die Erd\u00f6l-Vereinigung im Inserat nannte: biogene Treibstoffe, die Kombination mit erneuerbaren Heizsystemen und der Einsatz von synthetischen, aus \u00fcbersch\u00fcssigem erneuerbarem Strom hergestellte Energietr\u00e4ger.<\/p>\n<ul>\n<li><strong>Biogene Treibstoffe<\/strong>: Aus Tier- und Pflanzenabf\u00e4llen hergestellt Energietr\u00e4gen sind nicht in ausreichender Menge verf\u00fcgbar.<\/li>\n<li><strong>Kombi-Heizungen<\/strong>: Auch in Kombination mit erneuerbaren Energiesystemen wie W\u00e4rmepumpe st\u00f6sst eine \u00d6lheizung im Betrieb unver\u00e4ndert viel CO<sub>2<\/sub>\u00a0aus.<\/li>\n<li><strong>Synthetische Energietr\u00e4ger<\/strong>: Die aus \u00fcbersch\u00fcssigem erneuerbarem Strom hergestellten Energietr\u00e4ger werden nicht im Geb\u00e4udesektor zum Einsatz kommen. Ihre Herstellung ist sehr aufw\u00e4ndig, sodass sie aus quantitativen und wirtschaftlichen Gr\u00fcnden dort zum Einsatz kommen, wo es keine Alternativen gibt (z.B. bei industriellen Prozessen oder im Flugverkehr). F\u00fcr die W\u00e4rmeerzeugung in Geb\u00e4uden gibt es mit W\u00e4rmepumpen bereits heute wirtschaftliche erneuerbare L\u00f6sungen.<\/li>\n<\/ul>\n<p>Zu allen drei Argumenten finden sich detaillierte Informationen in der Beschwerde.<\/p>\n<p><strong>\u00d6lheizungen m\u00f6glichst schnell ersetzen<br \/>\n<\/strong>In der Schweiz wird bei Einfamilienh\u00e4usern bei einem Ersatz der fossilen Heizung in 50% der F\u00e4lle wiederum eine fossile Heizung installiert, bei Mehrfamilienh\u00e4usern betr\u00e4gt der Anteil sogar 60%. Angesichts der Lebenszeit von 20 bis 25 Jahren von \u00d6lbrennern muss der Ersatz jetzt beginnen. Je schneller dies geschieht, umso besser f\u00fcr das Klima.<\/p>\n<p><em>Alle Details zur Beschwerde von swisscleantech finden Sie <a href=\"\/\/www.swisscleantech.ch\/files\/Beschwerde-swisscleantech-Erd%C3%B6lvereinigung-2019_06_26.pdf\">hier\u00a0<\/a><\/em><\/p>\n","protected":false},"excerpt":{"rendered":"<p>&nbsp; Im April 2019 publizierte die Erd\u00f6l-Vereinigung (neu Avenergy) Inserate unter dem Titel \u00abDie CO2-arme \u00d6lheizung\u00bb.\u00a0 Darin wurde der Eindruck vermittelt, dank technologischen Entwicklungen liessen sich \u00d6lheizungen k\u00fcnftig betreiben, ohne gr\u00f6ssere Mengen CO2\u00a0auszustossen. Gegen das Inserat erhob swisscleantech Beschwerde bei der Schweizerischen Lauterkeitskommission. Der Wirtschaftsverband warf der Erd\u00f6l-Vereinigung vor, irref\u00fchrende Informationen \u00fcber \u00d6lheizungen zu verbreiten [&hellip;]<\/p>\n","protected":false},"author":5,"featured_media":2652,"comment_status":"open","ping_status":"open","sticky":false,"template":"","format":"standard","meta":{"_acf_changed":false,"_yoast_wpseo_focuskw":"\u00d6lheizung","_yoast_wpseo_metadesc":"Die Beschwerde von swisscleantech gegen ein Inserat der Erd\u00f6lbranche ist zwar abgelehnt worden. Das Inserat ist dennoch angepasst worden.","articlekey":"","footnotes":""},"categories":[580],"tags":[1113,1357,596,424],"class_list":["post-10135","post","type-post","status-publish","format-standard","has-post-thumbnail","hentry","category-sustainability","tag-erdoel","tag-heizung","tag-klima","tag-schweiz"],"acf":[],"yoast_head":"<!-- This site is optimized with the Yoast SEO plugin v27.4 - https:\/\/yoast.com\/product\/yoast-seo-wordpress\/ -->\n<title>Warum \u00d6lheizungen ersetzt werden m\u00fcssen - Organisator<\/title>\n<meta name=\"description\" content=\"Die Beschwerde von swisscleantech gegen ein Inserat der Erd\u00f6lbranche ist zwar abgelehnt worden. Das Inserat ist dennoch angepasst worden.\" \/>\n<meta name=\"robots\" content=\"index, follow, max-snippet:-1, max-image-preview:large, max-video-preview:-1\" \/>\n<link rel=\"canonical\" href=\"https:\/\/www.organisator.ch\/de\/sustainability\/2019-11-27\/warum-oelheizungen-ersetzt-werden-muessen\/\" \/>\n<meta property=\"og:locale\" content=\"de_DE\" \/>\n<meta property=\"og:type\" content=\"article\" \/>\n<meta property=\"og:title\" content=\"Warum \u00d6lheizungen ersetzt werden m\u00fcssen - Organisator\" \/>\n<meta property=\"og:description\" content=\"Die Beschwerde von swisscleantech gegen ein Inserat der Erd\u00f6lbranche ist zwar abgelehnt worden. Das Inserat ist dennoch angepasst worden.\" \/>\n<meta property=\"og:url\" content=\"https:\/\/www.organisator.ch\/de\/sustainability\/2019-11-27\/warum-oelheizungen-ersetzt-werden-muessen\/\" \/>\n<meta property=\"og:site_name\" content=\"Organisator\" \/>\n<meta property=\"article:publisher\" content=\"https:\/\/www.facebook.com\/OrganisatorFachmagazin\" \/>\n<meta property=\"article:published_time\" content=\"2019-11-27T16:27:01+00:00\" \/>\n<meta property=\"article:modified_time\" content=\"2022-02-09T10:06:15+00:00\" \/>\n<meta property=\"og:image\" content=\"https:\/\/www.organisator.ch\/wp-content\/uploads\/2019\/11\/lheizung-Warmwasser.jpg\" \/>\n\t<meta property=\"og:image:width\" content=\"1920\" \/>\n\t<meta property=\"og:image:height\" content=\"1260\" \/>\n\t<meta property=\"og:image:type\" content=\"image\/jpeg\" \/>\n<meta name=\"author\" content=\"michael.merz\" \/>\n<meta name=\"twitter:card\" content=\"summary_large_image\" \/>\n<script type=\"application\/ld+json\" class=\"yoast-schema-graph\">{\"@context\":\"https:\\\/\\\/schema.org\",\"@graph\":[{\"@type\":\"Article\",\"@id\":\"https:\\\/\\\/www.organisator.ch\\\/sustainability\\\/2019-11-27\\\/warum-oelheizungen-ersetzt-werden-muessen\\\/#article\",\"isPartOf\":{\"@id\":\"https:\\\/\\\/www.organisator.ch\\\/sustainability\\\/2019-11-27\\\/warum-oelheizungen-ersetzt-werden-muessen\\\/\"},\"author\":{\"name\":\"michael.merz\",\"@id\":\"https:\\\/\\\/www.organisator.ch\\\/#\\\/schema\\\/person\\\/134708ca9321c57b0362cceb7948ffbd\"},\"headline\":\"Warum \u00d6lheizungen ersetzt werden m\u00fcssen\",\"datePublished\":\"2019-11-27T16:27:01+00:00\",\"dateModified\":\"2022-02-09T10:06:15+00:00\",\"mainEntityOfPage\":{\"@id\":\"https:\\\/\\\/www.organisator.ch\\\/sustainability\\\/2019-11-27\\\/warum-oelheizungen-ersetzt-werden-muessen\\\/\"},\"wordCount\":419,\"commentCount\":0,\"publisher\":{\"@id\":\"https:\\\/\\\/www.organisator.ch\\\/#organization\"},\"image\":{\"@id\":\"https:\\\/\\\/www.organisator.ch\\\/sustainability\\\/2019-11-27\\\/warum-oelheizungen-ersetzt-werden-muessen\\\/#primaryimage\"},\"thumbnailUrl\":\"https:\\\/\\\/www.organisator.ch\\\/wp-content\\\/uploads\\\/2019\\\/11\\\/lheizung-Warmwasser.jpg\",\"keywords\":[\"Erd\u00f6l\",\"Heizung\",\"KLIMA\",\"Schweiz\"],\"articleSection\":[\"SUSTAINABILITY\"],\"inLanguage\":\"de\"},{\"@type\":\"WebPage\",\"@id\":\"https:\\\/\\\/www.organisator.ch\\\/sustainability\\\/2019-11-27\\\/warum-oelheizungen-ersetzt-werden-muessen\\\/\",\"url\":\"https:\\\/\\\/www.organisator.ch\\\/sustainability\\\/2019-11-27\\\/warum-oelheizungen-ersetzt-werden-muessen\\\/\",\"name\":\"Warum \u00d6lheizungen ersetzt werden m\u00fcssen - Organisator\",\"isPartOf\":{\"@id\":\"https:\\\/\\\/www.organisator.ch\\\/#website\"},\"primaryImageOfPage\":{\"@id\":\"https:\\\/\\\/www.organisator.ch\\\/sustainability\\\/2019-11-27\\\/warum-oelheizungen-ersetzt-werden-muessen\\\/#primaryimage\"},\"image\":{\"@id\":\"https:\\\/\\\/www.organisator.ch\\\/sustainability\\\/2019-11-27\\\/warum-oelheizungen-ersetzt-werden-muessen\\\/#primaryimage\"},\"thumbnailUrl\":\"https:\\\/\\\/www.organisator.ch\\\/wp-content\\\/uploads\\\/2019\\\/11\\\/lheizung-Warmwasser.jpg\",\"datePublished\":\"2019-11-27T16:27:01+00:00\",\"dateModified\":\"2022-02-09T10:06:15+00:00\",\"description\":\"Die Beschwerde von swisscleantech gegen ein Inserat der Erd\u00f6lbranche ist zwar abgelehnt worden. Das Inserat ist dennoch angepasst worden.\",\"breadcrumb\":{\"@id\":\"https:\\\/\\\/www.organisator.ch\\\/sustainability\\\/2019-11-27\\\/warum-oelheizungen-ersetzt-werden-muessen\\\/#breadcrumb\"},\"inLanguage\":\"de\",\"potentialAction\":[{\"@type\":\"ReadAction\",\"target\":[\"https:\\\/\\\/www.organisator.ch\\\/sustainability\\\/2019-11-27\\\/warum-oelheizungen-ersetzt-werden-muessen\\\/\"]}]},{\"@type\":\"ImageObject\",\"inLanguage\":\"de\",\"@id\":\"https:\\\/\\\/www.organisator.ch\\\/sustainability\\\/2019-11-27\\\/warum-oelheizungen-ersetzt-werden-muessen\\\/#primaryimage\",\"url\":\"https:\\\/\\\/www.organisator.ch\\\/wp-content\\\/uploads\\\/2019\\\/11\\\/lheizung-Warmwasser.jpg\",\"contentUrl\":\"https:\\\/\\\/www.organisator.ch\\\/wp-content\\\/uploads\\\/2019\\\/11\\\/lheizung-Warmwasser.jpg\",\"width\":1920,\"height\":1260,\"caption\":\"Heizungen bergen f\u00fcr Menschen und Umwelt oft mehr Altlasten als einem lieb sind. (Bild zVg)\"},{\"@type\":\"BreadcrumbList\",\"@id\":\"https:\\\/\\\/www.organisator.ch\\\/sustainability\\\/2019-11-27\\\/warum-oelheizungen-ersetzt-werden-muessen\\\/#breadcrumb\",\"itemListElement\":[{\"@type\":\"ListItem\",\"position\":1,\"name\":\"Home\",\"item\":\"https:\\\/\\\/www.organisator.ch\\\/\"},{\"@type\":\"ListItem\",\"position\":2,\"name\":\"Warum \u00d6lheizungen ersetzt werden m\u00fcssen\"}]},{\"@type\":\"WebSite\",\"@id\":\"https:\\\/\\\/www.organisator.ch\\\/#website\",\"url\":\"https:\\\/\\\/www.organisator.ch\\\/\",\"name\":\"Organisator\",\"description\":\"Kompetent. Praxisnah. Der ORGANISATOR bereitet in 10 Ausgaben pro Jahr die wesentlichen Themen f\u00fcr F\u00fchrungskr\u00e4fte von KMU auf.\",\"publisher\":{\"@id\":\"https:\\\/\\\/www.organisator.ch\\\/#organization\"},\"potentialAction\":[{\"@type\":\"SearchAction\",\"target\":{\"@type\":\"EntryPoint\",\"urlTemplate\":\"https:\\\/\\\/www.organisator.ch\\\/?s={search_term_string}\"},\"query-input\":{\"@type\":\"PropertyValueSpecification\",\"valueRequired\":true,\"valueName\":\"search_term_string\"}}],\"inLanguage\":\"de\"},{\"@type\":\"Organization\",\"@id\":\"https:\\\/\\\/www.organisator.ch\\\/#organization\",\"name\":\"Organisator\",\"url\":\"https:\\\/\\\/www.organisator.ch\\\/\",\"logo\":{\"@type\":\"ImageObject\",\"inLanguage\":\"de\",\"@id\":\"https:\\\/\\\/www.organisator.ch\\\/#\\\/schema\\\/logo\\\/image\\\/\",\"url\":\"https:\\\/\\\/www.organisator.ch\\\/wp-content\\\/uploads\\\/2022\\\/01\\\/Logo_Organisator_Website.png\",\"contentUrl\":\"https:\\\/\\\/www.organisator.ch\\\/wp-content\\\/uploads\\\/2022\\\/01\\\/Logo_Organisator_Website.png\",\"width\":800,\"height\":77,\"caption\":\"Organisator\"},\"image\":{\"@id\":\"https:\\\/\\\/www.organisator.ch\\\/#\\\/schema\\\/logo\\\/image\\\/\"},\"sameAs\":[\"https:\\\/\\\/www.facebook.com\\\/OrganisatorFachmagazin\",\"https:\\\/\\\/www.linkedin.com\\\/showcase\\\/organisator-das-magazin-fr-kmu\",\"https:\\\/\\\/www.xing.com\\\/news\\\/pages\\\/organisator-ch-695\",\"https:\\\/\\\/www.youtube.com\\\/channel\\\/UCGP2Sq0iWaZwT3BdIAQFYpw\"]},{\"@type\":\"Person\",\"@id\":\"https:\\\/\\\/www.organisator.ch\\\/#\\\/schema\\\/person\\\/134708ca9321c57b0362cceb7948ffbd\",\"name\":\"michael.merz\",\"image\":{\"@type\":\"ImageObject\",\"inLanguage\":\"de\",\"@id\":\"https:\\\/\\\/secure.gravatar.com\\\/avatar\\\/?s=96&d=mm&r=g\",\"url\":\"https:\\\/\\\/secure.gravatar.com\\\/avatar\\\/?s=96&d=mm&r=g\",\"contentUrl\":\"https:\\\/\\\/secure.gravatar.com\\\/avatar\\\/?s=96&d=mm&r=g\",\"caption\":\"michael.merz\"},\"url\":\"https:\\\/\\\/www.organisator.ch\\\/de\\\/author\\\/michael-merz\\\/\"}]}<\/script>\n<!-- \/ Yoast SEO plugin. -->","yoast_head_json":{"title":"Warum \u00d6lheizungen ersetzt werden m\u00fcssen - Organisator","description":"Die Beschwerde von swisscleantech gegen ein Inserat der Erd\u00f6lbranche ist zwar abgelehnt worden. Das Inserat ist dennoch angepasst worden.","robots":{"index":"index","follow":"follow","max-snippet":"max-snippet:-1","max-image-preview":"max-image-preview:large","max-video-preview":"max-video-preview:-1"},"canonical":"https:\/\/www.organisator.ch\/de\/sustainability\/2019-11-27\/warum-oelheizungen-ersetzt-werden-muessen\/","og_locale":"de_DE","og_type":"article","og_title":"Warum \u00d6lheizungen ersetzt werden m\u00fcssen - Organisator","og_description":"Die Beschwerde von swisscleantech gegen ein Inserat der Erd\u00f6lbranche ist zwar abgelehnt worden. Das Inserat ist dennoch angepasst worden.","og_url":"https:\/\/www.organisator.ch\/de\/sustainability\/2019-11-27\/warum-oelheizungen-ersetzt-werden-muessen\/","og_site_name":"Organisator","article_publisher":"https:\/\/www.facebook.com\/OrganisatorFachmagazin","article_published_time":"2019-11-27T16:27:01+00:00","article_modified_time":"2022-02-09T10:06:15+00:00","og_image":[{"width":1920,"height":1260,"url":"https:\/\/www.organisator.ch\/wp-content\/uploads\/2019\/11\/lheizung-Warmwasser.jpg","type":"image\/jpeg"}],"author":"michael.merz","twitter_card":"summary_large_image","schema":{"@context":"https:\/\/schema.org","@graph":[{"@type":"Article","@id":"https:\/\/www.organisator.ch\/sustainability\/2019-11-27\/warum-oelheizungen-ersetzt-werden-muessen\/#article","isPartOf":{"@id":"https:\/\/www.organisator.ch\/sustainability\/2019-11-27\/warum-oelheizungen-ersetzt-werden-muessen\/"},"author":{"name":"michael.merz","@id":"https:\/\/www.organisator.ch\/#\/schema\/person\/134708ca9321c57b0362cceb7948ffbd"},"headline":"Warum \u00d6lheizungen ersetzt werden m\u00fcssen","datePublished":"2019-11-27T16:27:01+00:00","dateModified":"2022-02-09T10:06:15+00:00","mainEntityOfPage":{"@id":"https:\/\/www.organisator.ch\/sustainability\/2019-11-27\/warum-oelheizungen-ersetzt-werden-muessen\/"},"wordCount":419,"commentCount":0,"publisher":{"@id":"https:\/\/www.organisator.ch\/#organization"},"image":{"@id":"https:\/\/www.organisator.ch\/sustainability\/2019-11-27\/warum-oelheizungen-ersetzt-werden-muessen\/#primaryimage"},"thumbnailUrl":"https:\/\/www.organisator.ch\/wp-content\/uploads\/2019\/11\/lheizung-Warmwasser.jpg","keywords":["Erd\u00f6l","Heizung","KLIMA","Schweiz"],"articleSection":["SUSTAINABILITY"],"inLanguage":"de"},{"@type":"WebPage","@id":"https:\/\/www.organisator.ch\/sustainability\/2019-11-27\/warum-oelheizungen-ersetzt-werden-muessen\/","url":"https:\/\/www.organisator.ch\/sustainability\/2019-11-27\/warum-oelheizungen-ersetzt-werden-muessen\/","name":"Warum \u00d6lheizungen ersetzt werden m\u00fcssen - Organisator","isPartOf":{"@id":"https:\/\/www.organisator.ch\/#website"},"primaryImageOfPage":{"@id":"https:\/\/www.organisator.ch\/sustainability\/2019-11-27\/warum-oelheizungen-ersetzt-werden-muessen\/#primaryimage"},"image":{"@id":"https:\/\/www.organisator.ch\/sustainability\/2019-11-27\/warum-oelheizungen-ersetzt-werden-muessen\/#primaryimage"},"thumbnailUrl":"https:\/\/www.organisator.ch\/wp-content\/uploads\/2019\/11\/lheizung-Warmwasser.jpg","datePublished":"2019-11-27T16:27:01+00:00","dateModified":"2022-02-09T10:06:15+00:00","description":"Die Beschwerde von swisscleantech gegen ein Inserat der Erd\u00f6lbranche ist zwar abgelehnt worden. Das Inserat ist dennoch angepasst worden.","breadcrumb":{"@id":"https:\/\/www.organisator.ch\/sustainability\/2019-11-27\/warum-oelheizungen-ersetzt-werden-muessen\/#breadcrumb"},"inLanguage":"de","potentialAction":[{"@type":"ReadAction","target":["https:\/\/www.organisator.ch\/sustainability\/2019-11-27\/warum-oelheizungen-ersetzt-werden-muessen\/"]}]},{"@type":"ImageObject","inLanguage":"de","@id":"https:\/\/www.organisator.ch\/sustainability\/2019-11-27\/warum-oelheizungen-ersetzt-werden-muessen\/#primaryimage","url":"https:\/\/www.organisator.ch\/wp-content\/uploads\/2019\/11\/lheizung-Warmwasser.jpg","contentUrl":"https:\/\/www.organisator.ch\/wp-content\/uploads\/2019\/11\/lheizung-Warmwasser.jpg","width":1920,"height":1260,"caption":"Heizungen bergen f\u00fcr Menschen und Umwelt oft mehr Altlasten als einem lieb sind. (Bild zVg)"},{"@type":"BreadcrumbList","@id":"https:\/\/www.organisator.ch\/sustainability\/2019-11-27\/warum-oelheizungen-ersetzt-werden-muessen\/#breadcrumb","itemListElement":[{"@type":"ListItem","position":1,"name":"Home","item":"https:\/\/www.organisator.ch\/"},{"@type":"ListItem","position":2,"name":"Warum \u00d6lheizungen ersetzt werden m\u00fcssen"}]},{"@type":"WebSite","@id":"https:\/\/www.organisator.ch\/#website","url":"https:\/\/www.organisator.ch\/","name":"Organisator","description":"Kompetent. Praxisnah. Der ORGANISATOR bereitet in 10 Ausgaben pro Jahr die wesentlichen Themen f\u00fcr F\u00fchrungskr\u00e4fte von KMU auf.","publisher":{"@id":"https:\/\/www.organisator.ch\/#organization"},"potentialAction":[{"@type":"SearchAction","target":{"@type":"EntryPoint","urlTemplate":"https:\/\/www.organisator.ch\/?s={search_term_string}"},"query-input":{"@type":"PropertyValueSpecification","valueRequired":true,"valueName":"search_term_string"}}],"inLanguage":"de"},{"@type":"Organization","@id":"https:\/\/www.organisator.ch\/#organization","name":"Organisator","url":"https:\/\/www.organisator.ch\/","logo":{"@type":"ImageObject","inLanguage":"de","@id":"https:\/\/www.organisator.ch\/#\/schema\/logo\/image\/","url":"https:\/\/www.organisator.ch\/wp-content\/uploads\/2022\/01\/Logo_Organisator_Website.png","contentUrl":"https:\/\/www.organisator.ch\/wp-content\/uploads\/2022\/01\/Logo_Organisator_Website.png","width":800,"height":77,"caption":"Organisator"},"image":{"@id":"https:\/\/www.organisator.ch\/#\/schema\/logo\/image\/"},"sameAs":["https:\/\/www.facebook.com\/OrganisatorFachmagazin","https:\/\/www.linkedin.com\/showcase\/organisator-das-magazin-fr-kmu","https:\/\/www.xing.com\/news\/pages\/organisator-ch-695","https:\/\/www.youtube.com\/channel\/UCGP2Sq0iWaZwT3BdIAQFYpw"]},{"@type":"Person","@id":"https:\/\/www.organisator.ch\/#\/schema\/person\/134708ca9321c57b0362cceb7948ffbd","name":"michael.merz","image":{"@type":"ImageObject","inLanguage":"de","@id":"https:\/\/secure.gravatar.com\/avatar\/?s=96&d=mm&r=g","url":"https:\/\/secure.gravatar.com\/avatar\/?s=96&d=mm&r=g","contentUrl":"https:\/\/secure.gravatar.com\/avatar\/?s=96&d=mm&r=g","caption":"michael.merz"},"url":"https:\/\/www.organisator.ch\/de\/author\/michael-merz\/"}]}},"_links":{"self":[{"href":"https:\/\/www.organisator.ch\/de\/wp-json\/wp\/v2\/posts\/10135","targetHints":{"allow":["GET"]}}],"collection":[{"href":"https:\/\/www.organisator.ch\/de\/wp-json\/wp\/v2\/posts"}],"about":[{"href":"https:\/\/www.organisator.ch\/de\/wp-json\/wp\/v2\/types\/post"}],"author":[{"embeddable":true,"href":"https:\/\/www.organisator.ch\/de\/wp-json\/wp\/v2\/users\/5"}],"replies":[{"embeddable":true,"href":"https:\/\/www.organisator.ch\/de\/wp-json\/wp\/v2\/comments?post=10135"}],"version-history":[{"count":1,"href":"https:\/\/www.organisator.ch\/de\/wp-json\/wp\/v2\/posts\/10135\/revisions"}],"predecessor-version":[{"id":10540,"href":"https:\/\/www.organisator.ch\/de\/wp-json\/wp\/v2\/posts\/10135\/revisions\/10540"}],"wp:featuredmedia":[{"embeddable":true,"href":"https:\/\/www.organisator.ch\/de\/wp-json\/wp\/v2\/media\/2652"}],"wp:attachment":[{"href":"https:\/\/www.organisator.ch\/de\/wp-json\/wp\/v2\/media?parent=10135"}],"wp:term":[{"taxonomy":"category","embeddable":true,"href":"https:\/\/www.organisator.ch\/de\/wp-json\/wp\/v2\/categories?post=10135"},{"taxonomy":"post_tag","embeddable":true,"href":"https:\/\/www.organisator.ch\/de\/wp-json\/wp\/v2\/tags?post=10135"}],"curies":[{"name":"wp","href":"https:\/\/api.w.org\/{rel}","templated":true}]}}