{"id":10140,"date":"2020-01-03T10:50:41","date_gmt":"2020-01-03T09:50:41","guid":{"rendered":"https:\/\/www.umweltperspektiven.ch\/?p=2703"},"modified":"2022-02-09T11:10:01","modified_gmt":"2022-02-09T10:10:01","slug":"bundesrat-setzt-sich-fuer-einen-nachhaltigen-finanzplatz-schweiz-ein","status":"publish","type":"post","link":"https:\/\/www.organisator.ch\/de\/sustainability\/2020-01-03\/bundesrat-setzt-sich-fuer-einen-nachhaltigen-finanzplatz-schweiz-ein\/","title":{"rendered":"Bundesrat setzt sich f\u00fcr einen nachhaltigen Finanzplatz Schweiz ein"},"content":{"rendered":"<figure id=\"attachment_2704\" aria-describedby=\"caption-attachment-2704\" style=\"width: 680px\" class=\"wp-caption alignnone\"><img loading=\"lazy\" decoding=\"async\" class=\"size-medium wp-image-2704\" src=\"\/\/www.umweltperspektiven.ch\/wp-content\/uploads\/2020\/01\/NachhaltigerFinanzsektor_UP_Umwelt-Perspektiven.jpg\" alt=\"\" width=\"680\" height=\"494\" \/><figcaption id=\"caption-attachment-2704\" class=\"wp-caption-text\">Der Bundesrat hat erneut \u00fcber den nachhaltigen Finanzplatz diskutiert. (Bild: Unsplash)<\/figcaption><\/figure>\n<p>Der Bundesrat sieht grosse Chancen f\u00fcr einen nachhaltigen Finanzplatz Schweiz. Er will die Rahmenbedingungen schaffen, die es dem Finanzplatz erlauben, im Bereich nachhaltiger Finanzen wettbewerbsf\u00e4hig zu sein.<\/p>\n<p><strong>Interne Arbeitsgruppe<\/strong><\/p>\n<p>Die Schweizer Regierung hat im Rahmen seiner Aussprache vom 26.\u00a0Juni 2019 \u00fcber einen nachhaltigen Finanzplatz Schweiz eine interne Arbeitsgruppe eingesetzt und sie mit verschiedenen Abkl\u00e4rungen zu dieser Frage beauftragt. Die Arbeitsgruppe ber\u00e4t sich unter der Federf\u00fchrung des Staatssekretariates f\u00fcr internationale Finanzfragen (SIF) in enger Zusammenarbeit mit dem BAFU und weiteren Beh\u00f6rden wie dem Eidgen\u00f6ssischen Departement f\u00fcr ausw\u00e4rtige Angelegenheiten (EDA) und dem Staatssekretariat f\u00fcr Wirtschaft (SECO) auch mit den Akteuren der Finanzmarktbranche und den interessierten externen Gremien.<\/p>\n<p>Die Arbeitsgruppe hat unter anderem die Aufgabe, die Finanzmarktregulierung unter dem Aspekt der Nachhaltigkeit zu er\u00f6rtern.<\/p>\n<p><strong>Ziele<\/strong><\/p>\n<p>Ein allf\u00e4lliger Handlungsbedarf muss den folgenden \u00fcbergeordneten Zielen gerecht werden: Steigerung der Wettbewerbsf\u00e4higkeit des Schweizer Finanzplatzes, namentlich Verbesserung seiner F\u00e4higkeit, die Nachfrage f\u00fcr nachhaltige Finanzprodukte zu decken, sowie die Erreichung der Klimaziele. Entsprechend hat der Bundesrat das EFD jetzt beauftragt, die folgenden Punkte unter dem Aspekt der Klima- und Umweltrisiken beziehungsweise deren Auswirkungen zu vertiefen:<\/p>\n<p>1.\u00a0 Pflicht zur systematischen Offenlegung von relevanten und vergleichbaren Informationen f\u00fcr Kunden, Eigner und Investoren; 2.\u00a0St\u00e4rkung der Rechtssicherheit im Zusammenhang mit den Sorgfaltspflichten; 3. Ber\u00fccksichtigung der Klima- und Umweltrisiken beziehungsweise deren Auswirkungen in allen Fragen, welche die Finanzmarktstabilit\u00e4t betreffen.<\/p>\n<p>Die Politik des Bundesrates zur Nachhaltigkeit im Finanzsektor orientiert sich am Grundsatz der Subsidiarit\u00e4t staatlichen Handelns sowie des Primats marktwirtschaftlicher Ans\u00e4tze. Diesen Grunds\u00e4tzen wird auch bei der Pr\u00fcfung der oben genannten Fragen Rechnung zu tragen sein.<\/p>\n<p>Im Fr\u00fchjahr 2020 wird die Arbeitsgruppe ihre Schlussfolgerungen zu den Auswirkungen des Aktionsplans der EU f\u00fcr einen nachhaltigen Finanzsektor auf den Schweizer Finanzplatz vorlegen und eine Bilanz der bisherigen Massnahmen des \u00f6ffentlichen Sektors und der Finanzbranche ziehen.<\/p>\n<p><a href=\"\/\/www.admin.ch\">www.admin.ch<\/a><\/p>\n","protected":false},"excerpt":{"rendered":"<p>Der Bundesrat sieht grosse Chancen f\u00fcr einen nachhaltigen Finanzplatz Schweiz. Er will die Rahmenbedingungen schaffen, die es dem Finanzplatz erlauben, im Bereich nachhaltiger Finanzen wettbewerbsf\u00e4hig zu sein. Interne Arbeitsgruppe Die Schweizer Regierung hat im Rahmen seiner Aussprache vom 26.\u00a0Juni 2019 \u00fcber einen nachhaltigen Finanzplatz Schweiz eine interne Arbeitsgruppe eingesetzt und sie mit verschiedenen Abkl\u00e4rungen zu [&hellip;]<\/p>\n","protected":false},"author":5,"featured_media":2704,"comment_status":"closed","ping_status":"closed","sticky":false,"template":"","format":"standard","meta":{"_acf_changed":false,"_yoast_wpseo_focuskw":"Nachhaltigen Finanzplatz","_yoast_wpseo_metadesc":"Laut einer Medienmitteilung vom Bund hat der Bundesrat in der Aussprache vom 6. Dezember 2019 \u00fcber einen nachhaltigen Finanzplatz Schweiz diskutiert.","articlekey":"","footnotes":""},"categories":[580],"tags":[723,1179,1752,424,2602],"class_list":["post-10140","post","type-post","status-publish","format-standard","has-post-thumbnail","hentry","category-sustainability","tag-arbeitsgruppe","tag-finanzplatz","tag-nachhaltig-anlegen","tag-schweiz","tag-ziele"],"acf":[],"yoast_head":"<!-- This site is optimized with the Yoast SEO plugin v27.5 - https:\/\/yoast.com\/product\/yoast-seo-wordpress\/ -->\n<title>Bundesrat setzt sich f\u00fcr einen nachhaltigen Finanzplatz Schweiz ein - Organisator<\/title>\n<meta name=\"description\" content=\"Laut einer Medienmitteilung vom Bund hat der Bundesrat in der Aussprache vom 6. Dezember 2019 \u00fcber einen nachhaltigen Finanzplatz Schweiz diskutiert.\" \/>\n<meta name=\"robots\" content=\"index, follow, max-snippet:-1, max-image-preview:large, max-video-preview:-1\" \/>\n<link rel=\"canonical\" href=\"https:\/\/www.organisator.ch\/de\/sustainability\/2020-01-03\/bundesrat-setzt-sich-fuer-einen-nachhaltigen-finanzplatz-schweiz-ein\/\" \/>\n<meta property=\"og:locale\" content=\"de_DE\" \/>\n<meta property=\"og:type\" content=\"article\" \/>\n<meta property=\"og:title\" content=\"Bundesrat setzt sich f\u00fcr einen nachhaltigen Finanzplatz Schweiz ein - Organisator\" \/>\n<meta property=\"og:description\" content=\"Laut einer Medienmitteilung vom Bund hat der Bundesrat in der Aussprache vom 6. Dezember 2019 \u00fcber einen nachhaltigen Finanzplatz Schweiz diskutiert.\" \/>\n<meta property=\"og:url\" content=\"https:\/\/www.organisator.ch\/de\/sustainability\/2020-01-03\/bundesrat-setzt-sich-fuer-einen-nachhaltigen-finanzplatz-schweiz-ein\/\" \/>\n<meta property=\"og:site_name\" content=\"Organisator\" \/>\n<meta property=\"article:publisher\" content=\"https:\/\/www.facebook.com\/OrganisatorFachmagazin\" \/>\n<meta property=\"article:published_time\" content=\"2020-01-03T09:50:41+00:00\" \/>\n<meta property=\"article:modified_time\" content=\"2022-02-09T10:10:01+00:00\" \/>\n<meta property=\"og:image\" content=\"https:\/\/www.organisator.ch\/wp-content\/uploads\/2020\/01\/NachhaltigerFinanzsektor_UP_Umwelt-Perspektiven-scaled.jpg\" \/>\n\t<meta property=\"og:image:width\" content=\"2560\" \/>\n\t<meta property=\"og:image:height\" content=\"1862\" \/>\n\t<meta property=\"og:image:type\" content=\"image\/jpeg\" \/>\n<meta name=\"author\" content=\"michael.merz\" \/>\n<meta name=\"twitter:card\" content=\"summary_large_image\" \/>\n<script type=\"application\/ld+json\" class=\"yoast-schema-graph\">{\"@context\":\"https:\\\/\\\/schema.org\",\"@graph\":[{\"@type\":\"Article\",\"@id\":\"https:\\\/\\\/www.organisator.ch\\\/sustainability\\\/2020-01-03\\\/bundesrat-setzt-sich-fuer-einen-nachhaltigen-finanzplatz-schweiz-ein\\\/#article\",\"isPartOf\":{\"@id\":\"https:\\\/\\\/www.organisator.ch\\\/sustainability\\\/2020-01-03\\\/bundesrat-setzt-sich-fuer-einen-nachhaltigen-finanzplatz-schweiz-ein\\\/\"},\"author\":{\"name\":\"michael.merz\",\"@id\":\"https:\\\/\\\/www.organisator.ch\\\/#\\\/schema\\\/person\\\/134708ca9321c57b0362cceb7948ffbd\"},\"headline\":\"Bundesrat setzt sich f\u00fcr einen nachhaltigen Finanzplatz Schweiz ein\",\"datePublished\":\"2020-01-03T09:50:41+00:00\",\"dateModified\":\"2022-02-09T10:10:01+00:00\",\"mainEntityOfPage\":{\"@id\":\"https:\\\/\\\/www.organisator.ch\\\/sustainability\\\/2020-01-03\\\/bundesrat-setzt-sich-fuer-einen-nachhaltigen-finanzplatz-schweiz-ein\\\/\"},\"wordCount\":342,\"publisher\":{\"@id\":\"https:\\\/\\\/www.organisator.ch\\\/#organization\"},\"image\":{\"@id\":\"https:\\\/\\\/www.organisator.ch\\\/sustainability\\\/2020-01-03\\\/bundesrat-setzt-sich-fuer-einen-nachhaltigen-finanzplatz-schweiz-ein\\\/#primaryimage\"},\"thumbnailUrl\":\"https:\\\/\\\/www.organisator.ch\\\/wp-content\\\/uploads\\\/2020\\\/01\\\/NachhaltigerFinanzsektor_UP_Umwelt-Perspektiven-scaled.jpg\",\"keywords\":[\"Arbeitsgruppe\",\"Finanzplatz\",\"nachhaltig anlegen\",\"Schweiz\",\"Ziele\"],\"articleSection\":[\"SUSTAINABILITY\"],\"inLanguage\":\"de\"},{\"@type\":\"WebPage\",\"@id\":\"https:\\\/\\\/www.organisator.ch\\\/sustainability\\\/2020-01-03\\\/bundesrat-setzt-sich-fuer-einen-nachhaltigen-finanzplatz-schweiz-ein\\\/\",\"url\":\"https:\\\/\\\/www.organisator.ch\\\/sustainability\\\/2020-01-03\\\/bundesrat-setzt-sich-fuer-einen-nachhaltigen-finanzplatz-schweiz-ein\\\/\",\"name\":\"Bundesrat setzt sich f\u00fcr einen nachhaltigen Finanzplatz Schweiz ein - Organisator\",\"isPartOf\":{\"@id\":\"https:\\\/\\\/www.organisator.ch\\\/#website\"},\"primaryImageOfPage\":{\"@id\":\"https:\\\/\\\/www.organisator.ch\\\/sustainability\\\/2020-01-03\\\/bundesrat-setzt-sich-fuer-einen-nachhaltigen-finanzplatz-schweiz-ein\\\/#primaryimage\"},\"image\":{\"@id\":\"https:\\\/\\\/www.organisator.ch\\\/sustainability\\\/2020-01-03\\\/bundesrat-setzt-sich-fuer-einen-nachhaltigen-finanzplatz-schweiz-ein\\\/#primaryimage\"},\"thumbnailUrl\":\"https:\\\/\\\/www.organisator.ch\\\/wp-content\\\/uploads\\\/2020\\\/01\\\/NachhaltigerFinanzsektor_UP_Umwelt-Perspektiven-scaled.jpg\",\"datePublished\":\"2020-01-03T09:50:41+00:00\",\"dateModified\":\"2022-02-09T10:10:01+00:00\",\"description\":\"Laut einer Medienmitteilung vom Bund hat der Bundesrat in der Aussprache vom 6. Dezember 2019 \u00fcber einen nachhaltigen Finanzplatz Schweiz diskutiert.\",\"breadcrumb\":{\"@id\":\"https:\\\/\\\/www.organisator.ch\\\/sustainability\\\/2020-01-03\\\/bundesrat-setzt-sich-fuer-einen-nachhaltigen-finanzplatz-schweiz-ein\\\/#breadcrumb\"},\"inLanguage\":\"de\",\"potentialAction\":[{\"@type\":\"ReadAction\",\"target\":[\"https:\\\/\\\/www.organisator.ch\\\/sustainability\\\/2020-01-03\\\/bundesrat-setzt-sich-fuer-einen-nachhaltigen-finanzplatz-schweiz-ein\\\/\"]}]},{\"@type\":\"ImageObject\",\"inLanguage\":\"de\",\"@id\":\"https:\\\/\\\/www.organisator.ch\\\/sustainability\\\/2020-01-03\\\/bundesrat-setzt-sich-fuer-einen-nachhaltigen-finanzplatz-schweiz-ein\\\/#primaryimage\",\"url\":\"https:\\\/\\\/www.organisator.ch\\\/wp-content\\\/uploads\\\/2020\\\/01\\\/NachhaltigerFinanzsektor_UP_Umwelt-Perspektiven-scaled.jpg\",\"contentUrl\":\"https:\\\/\\\/www.organisator.ch\\\/wp-content\\\/uploads\\\/2020\\\/01\\\/NachhaltigerFinanzsektor_UP_Umwelt-Perspektiven-scaled.jpg\",\"width\":2560,\"height\":1862,\"caption\":\"Der Bundesrat hat erneut \u00fcber den nachhaltigen Finanzplatz diskutiert. (Bild: Unsplash)\"},{\"@type\":\"BreadcrumbList\",\"@id\":\"https:\\\/\\\/www.organisator.ch\\\/sustainability\\\/2020-01-03\\\/bundesrat-setzt-sich-fuer-einen-nachhaltigen-finanzplatz-schweiz-ein\\\/#breadcrumb\",\"itemListElement\":[{\"@type\":\"ListItem\",\"position\":1,\"name\":\"Home\",\"item\":\"https:\\\/\\\/www.organisator.ch\\\/\"},{\"@type\":\"ListItem\",\"position\":2,\"name\":\"Bundesrat setzt sich f\u00fcr einen nachhaltigen Finanzplatz Schweiz ein\"}]},{\"@type\":\"WebSite\",\"@id\":\"https:\\\/\\\/www.organisator.ch\\\/#website\",\"url\":\"https:\\\/\\\/www.organisator.ch\\\/\",\"name\":\"Organisator\",\"description\":\"Kompetent. Praxisnah. Der ORGANISATOR bereitet in 10 Ausgaben pro Jahr die wesentlichen Themen f\u00fcr F\u00fchrungskr\u00e4fte von KMU auf.\",\"publisher\":{\"@id\":\"https:\\\/\\\/www.organisator.ch\\\/#organization\"},\"potentialAction\":[{\"@type\":\"SearchAction\",\"target\":{\"@type\":\"EntryPoint\",\"urlTemplate\":\"https:\\\/\\\/www.organisator.ch\\\/?s={search_term_string}\"},\"query-input\":{\"@type\":\"PropertyValueSpecification\",\"valueRequired\":true,\"valueName\":\"search_term_string\"}}],\"inLanguage\":\"de\"},{\"@type\":\"Organization\",\"@id\":\"https:\\\/\\\/www.organisator.ch\\\/#organization\",\"name\":\"Organisator\",\"url\":\"https:\\\/\\\/www.organisator.ch\\\/\",\"logo\":{\"@type\":\"ImageObject\",\"inLanguage\":\"de\",\"@id\":\"https:\\\/\\\/www.organisator.ch\\\/#\\\/schema\\\/logo\\\/image\\\/\",\"url\":\"https:\\\/\\\/www.organisator.ch\\\/wp-content\\\/uploads\\\/2022\\\/01\\\/Logo_Organisator_Website.png\",\"contentUrl\":\"https:\\\/\\\/www.organisator.ch\\\/wp-content\\\/uploads\\\/2022\\\/01\\\/Logo_Organisator_Website.png\",\"width\":800,\"height\":77,\"caption\":\"Organisator\"},\"image\":{\"@id\":\"https:\\\/\\\/www.organisator.ch\\\/#\\\/schema\\\/logo\\\/image\\\/\"},\"sameAs\":[\"https:\\\/\\\/www.facebook.com\\\/OrganisatorFachmagazin\",\"https:\\\/\\\/www.linkedin.com\\\/showcase\\\/organisator-das-magazin-fr-kmu\",\"https:\\\/\\\/www.xing.com\\\/news\\\/pages\\\/organisator-ch-695\",\"https:\\\/\\\/www.youtube.com\\\/channel\\\/UCGP2Sq0iWaZwT3BdIAQFYpw\"]},{\"@type\":\"Person\",\"@id\":\"https:\\\/\\\/www.organisator.ch\\\/#\\\/schema\\\/person\\\/134708ca9321c57b0362cceb7948ffbd\",\"name\":\"michael.merz\",\"image\":{\"@type\":\"ImageObject\",\"inLanguage\":\"de\",\"@id\":\"https:\\\/\\\/secure.gravatar.com\\\/avatar\\\/?s=96&d=mm&r=g\",\"url\":\"https:\\\/\\\/secure.gravatar.com\\\/avatar\\\/?s=96&d=mm&r=g\",\"contentUrl\":\"https:\\\/\\\/secure.gravatar.com\\\/avatar\\\/?s=96&d=mm&r=g\",\"caption\":\"michael.merz\"},\"url\":\"https:\\\/\\\/www.organisator.ch\\\/de\\\/author\\\/michael-merz\\\/\"}]}<\/script>\n<!-- \/ Yoast SEO plugin. -->","yoast_head_json":{"title":"Bundesrat setzt sich f\u00fcr einen nachhaltigen Finanzplatz Schweiz ein - Organisator","description":"Laut einer Medienmitteilung vom Bund hat der Bundesrat in der Aussprache vom 6. Dezember 2019 \u00fcber einen nachhaltigen Finanzplatz Schweiz diskutiert.","robots":{"index":"index","follow":"follow","max-snippet":"max-snippet:-1","max-image-preview":"max-image-preview:large","max-video-preview":"max-video-preview:-1"},"canonical":"https:\/\/www.organisator.ch\/de\/sustainability\/2020-01-03\/bundesrat-setzt-sich-fuer-einen-nachhaltigen-finanzplatz-schweiz-ein\/","og_locale":"de_DE","og_type":"article","og_title":"Bundesrat setzt sich f\u00fcr einen nachhaltigen Finanzplatz Schweiz ein - Organisator","og_description":"Laut einer Medienmitteilung vom Bund hat der Bundesrat in der Aussprache vom 6. Dezember 2019 \u00fcber einen nachhaltigen Finanzplatz Schweiz diskutiert.","og_url":"https:\/\/www.organisator.ch\/de\/sustainability\/2020-01-03\/bundesrat-setzt-sich-fuer-einen-nachhaltigen-finanzplatz-schweiz-ein\/","og_site_name":"Organisator","article_publisher":"https:\/\/www.facebook.com\/OrganisatorFachmagazin","article_published_time":"2020-01-03T09:50:41+00:00","article_modified_time":"2022-02-09T10:10:01+00:00","og_image":[{"width":2560,"height":1862,"url":"https:\/\/www.organisator.ch\/wp-content\/uploads\/2020\/01\/NachhaltigerFinanzsektor_UP_Umwelt-Perspektiven-scaled.jpg","type":"image\/jpeg"}],"author":"michael.merz","twitter_card":"summary_large_image","schema":{"@context":"https:\/\/schema.org","@graph":[{"@type":"Article","@id":"https:\/\/www.organisator.ch\/sustainability\/2020-01-03\/bundesrat-setzt-sich-fuer-einen-nachhaltigen-finanzplatz-schweiz-ein\/#article","isPartOf":{"@id":"https:\/\/www.organisator.ch\/sustainability\/2020-01-03\/bundesrat-setzt-sich-fuer-einen-nachhaltigen-finanzplatz-schweiz-ein\/"},"author":{"name":"michael.merz","@id":"https:\/\/www.organisator.ch\/#\/schema\/person\/134708ca9321c57b0362cceb7948ffbd"},"headline":"Bundesrat setzt sich f\u00fcr einen nachhaltigen Finanzplatz Schweiz ein","datePublished":"2020-01-03T09:50:41+00:00","dateModified":"2022-02-09T10:10:01+00:00","mainEntityOfPage":{"@id":"https:\/\/www.organisator.ch\/sustainability\/2020-01-03\/bundesrat-setzt-sich-fuer-einen-nachhaltigen-finanzplatz-schweiz-ein\/"},"wordCount":342,"publisher":{"@id":"https:\/\/www.organisator.ch\/#organization"},"image":{"@id":"https:\/\/www.organisator.ch\/sustainability\/2020-01-03\/bundesrat-setzt-sich-fuer-einen-nachhaltigen-finanzplatz-schweiz-ein\/#primaryimage"},"thumbnailUrl":"https:\/\/www.organisator.ch\/wp-content\/uploads\/2020\/01\/NachhaltigerFinanzsektor_UP_Umwelt-Perspektiven-scaled.jpg","keywords":["Arbeitsgruppe","Finanzplatz","nachhaltig anlegen","Schweiz","Ziele"],"articleSection":["SUSTAINABILITY"],"inLanguage":"de"},{"@type":"WebPage","@id":"https:\/\/www.organisator.ch\/sustainability\/2020-01-03\/bundesrat-setzt-sich-fuer-einen-nachhaltigen-finanzplatz-schweiz-ein\/","url":"https:\/\/www.organisator.ch\/sustainability\/2020-01-03\/bundesrat-setzt-sich-fuer-einen-nachhaltigen-finanzplatz-schweiz-ein\/","name":"Bundesrat setzt sich f\u00fcr einen nachhaltigen Finanzplatz Schweiz ein - Organisator","isPartOf":{"@id":"https:\/\/www.organisator.ch\/#website"},"primaryImageOfPage":{"@id":"https:\/\/www.organisator.ch\/sustainability\/2020-01-03\/bundesrat-setzt-sich-fuer-einen-nachhaltigen-finanzplatz-schweiz-ein\/#primaryimage"},"image":{"@id":"https:\/\/www.organisator.ch\/sustainability\/2020-01-03\/bundesrat-setzt-sich-fuer-einen-nachhaltigen-finanzplatz-schweiz-ein\/#primaryimage"},"thumbnailUrl":"https:\/\/www.organisator.ch\/wp-content\/uploads\/2020\/01\/NachhaltigerFinanzsektor_UP_Umwelt-Perspektiven-scaled.jpg","datePublished":"2020-01-03T09:50:41+00:00","dateModified":"2022-02-09T10:10:01+00:00","description":"Laut einer Medienmitteilung vom Bund hat der Bundesrat in der Aussprache vom 6. Dezember 2019 \u00fcber einen nachhaltigen Finanzplatz Schweiz diskutiert.","breadcrumb":{"@id":"https:\/\/www.organisator.ch\/sustainability\/2020-01-03\/bundesrat-setzt-sich-fuer-einen-nachhaltigen-finanzplatz-schweiz-ein\/#breadcrumb"},"inLanguage":"de","potentialAction":[{"@type":"ReadAction","target":["https:\/\/www.organisator.ch\/sustainability\/2020-01-03\/bundesrat-setzt-sich-fuer-einen-nachhaltigen-finanzplatz-schweiz-ein\/"]}]},{"@type":"ImageObject","inLanguage":"de","@id":"https:\/\/www.organisator.ch\/sustainability\/2020-01-03\/bundesrat-setzt-sich-fuer-einen-nachhaltigen-finanzplatz-schweiz-ein\/#primaryimage","url":"https:\/\/www.organisator.ch\/wp-content\/uploads\/2020\/01\/NachhaltigerFinanzsektor_UP_Umwelt-Perspektiven-scaled.jpg","contentUrl":"https:\/\/www.organisator.ch\/wp-content\/uploads\/2020\/01\/NachhaltigerFinanzsektor_UP_Umwelt-Perspektiven-scaled.jpg","width":2560,"height":1862,"caption":"Der Bundesrat hat erneut \u00fcber den nachhaltigen Finanzplatz diskutiert. (Bild: Unsplash)"},{"@type":"BreadcrumbList","@id":"https:\/\/www.organisator.ch\/sustainability\/2020-01-03\/bundesrat-setzt-sich-fuer-einen-nachhaltigen-finanzplatz-schweiz-ein\/#breadcrumb","itemListElement":[{"@type":"ListItem","position":1,"name":"Home","item":"https:\/\/www.organisator.ch\/"},{"@type":"ListItem","position":2,"name":"Bundesrat setzt sich f\u00fcr einen nachhaltigen Finanzplatz Schweiz ein"}]},{"@type":"WebSite","@id":"https:\/\/www.organisator.ch\/#website","url":"https:\/\/www.organisator.ch\/","name":"Organisator","description":"Kompetent. Praxisnah. Der ORGANISATOR bereitet in 10 Ausgaben pro Jahr die wesentlichen Themen f\u00fcr F\u00fchrungskr\u00e4fte von KMU auf.","publisher":{"@id":"https:\/\/www.organisator.ch\/#organization"},"potentialAction":[{"@type":"SearchAction","target":{"@type":"EntryPoint","urlTemplate":"https:\/\/www.organisator.ch\/?s={search_term_string}"},"query-input":{"@type":"PropertyValueSpecification","valueRequired":true,"valueName":"search_term_string"}}],"inLanguage":"de"},{"@type":"Organization","@id":"https:\/\/www.organisator.ch\/#organization","name":"Organisator","url":"https:\/\/www.organisator.ch\/","logo":{"@type":"ImageObject","inLanguage":"de","@id":"https:\/\/www.organisator.ch\/#\/schema\/logo\/image\/","url":"https:\/\/www.organisator.ch\/wp-content\/uploads\/2022\/01\/Logo_Organisator_Website.png","contentUrl":"https:\/\/www.organisator.ch\/wp-content\/uploads\/2022\/01\/Logo_Organisator_Website.png","width":800,"height":77,"caption":"Organisator"},"image":{"@id":"https:\/\/www.organisator.ch\/#\/schema\/logo\/image\/"},"sameAs":["https:\/\/www.facebook.com\/OrganisatorFachmagazin","https:\/\/www.linkedin.com\/showcase\/organisator-das-magazin-fr-kmu","https:\/\/www.xing.com\/news\/pages\/organisator-ch-695","https:\/\/www.youtube.com\/channel\/UCGP2Sq0iWaZwT3BdIAQFYpw"]},{"@type":"Person","@id":"https:\/\/www.organisator.ch\/#\/schema\/person\/134708ca9321c57b0362cceb7948ffbd","name":"michael.merz","image":{"@type":"ImageObject","inLanguage":"de","@id":"https:\/\/secure.gravatar.com\/avatar\/?s=96&d=mm&r=g","url":"https:\/\/secure.gravatar.com\/avatar\/?s=96&d=mm&r=g","contentUrl":"https:\/\/secure.gravatar.com\/avatar\/?s=96&d=mm&r=g","caption":"michael.merz"},"url":"https:\/\/www.organisator.ch\/de\/author\/michael-merz\/"}]}},"_links":{"self":[{"href":"https:\/\/www.organisator.ch\/de\/wp-json\/wp\/v2\/posts\/10140","targetHints":{"allow":["GET"]}}],"collection":[{"href":"https:\/\/www.organisator.ch\/de\/wp-json\/wp\/v2\/posts"}],"about":[{"href":"https:\/\/www.organisator.ch\/de\/wp-json\/wp\/v2\/types\/post"}],"author":[{"embeddable":true,"href":"https:\/\/www.organisator.ch\/de\/wp-json\/wp\/v2\/users\/5"}],"replies":[{"embeddable":true,"href":"https:\/\/www.organisator.ch\/de\/wp-json\/wp\/v2\/comments?post=10140"}],"version-history":[{"count":1,"href":"https:\/\/www.organisator.ch\/de\/wp-json\/wp\/v2\/posts\/10140\/revisions"}],"predecessor-version":[{"id":10860,"href":"https:\/\/www.organisator.ch\/de\/wp-json\/wp\/v2\/posts\/10140\/revisions\/10860"}],"wp:featuredmedia":[{"embeddable":true,"href":"https:\/\/www.organisator.ch\/de\/wp-json\/wp\/v2\/media\/2704"}],"wp:attachment":[{"href":"https:\/\/www.organisator.ch\/de\/wp-json\/wp\/v2\/media?parent=10140"}],"wp:term":[{"taxonomy":"category","embeddable":true,"href":"https:\/\/www.organisator.ch\/de\/wp-json\/wp\/v2\/categories?post=10140"},{"taxonomy":"post_tag","embeddable":true,"href":"https:\/\/www.organisator.ch\/de\/wp-json\/wp\/v2\/tags?post=10140"}],"curies":[{"name":"wp","href":"https:\/\/api.w.org\/{rel}","templated":true}]}}