{"id":10144,"date":"2020-01-14T16:13:34","date_gmt":"2020-01-14T15:13:34","guid":{"rendered":"https:\/\/www.umweltperspektiven.ch\/?p=2739"},"modified":"2022-02-09T11:10:00","modified_gmt":"2022-02-09T10:10:00","slug":"swiss-ethics-award-bekanntgabe-der-nominierten","status":"publish","type":"post","link":"https:\/\/www.organisator.ch\/de\/sustainability\/2020-01-14\/swiss-ethics-award-bekanntgabe-der-nominierten\/","title":{"rendered":"Swiss Ethics Award: Bekanntgabe der Projekte"},"content":{"rendered":"<figure id=\"attachment_2740\" aria-describedby=\"caption-attachment-2740\" style=\"width: 680px\" class=\"wp-caption alignnone\"><img loading=\"lazy\" decoding=\"async\" class=\"size-medium wp-image-2740\" src=\"\/\/www.umweltperspektiven.ch\/wp-content\/uploads\/2020\/01\/Gruppenfoto-Nominierte.jpg\" alt=\"\" width=\"680\" height=\"453\" srcset=\"https:\/\/www.organisator.ch\/wp-content\/uploads\/2020\/01\/Gruppenfoto-Nominierte.jpg 1021w, https:\/\/www.organisator.ch\/wp-content\/uploads\/2020\/01\/Gruppenfoto-Nominierte-680x453.jpg 680w, https:\/\/www.organisator.ch\/wp-content\/uploads\/2020\/01\/Gruppenfoto-Nominierte-768x511.jpg 768w, https:\/\/www.organisator.ch\/wp-content\/uploads\/2020\/01\/Gruppenfoto-Nominierte-18x12.jpg 18w, https:\/\/www.organisator.ch\/wp-content\/uploads\/2020\/01\/Gruppenfoto-Nominierte-263x175.jpg 263w, https:\/\/www.organisator.ch\/wp-content\/uploads\/2020\/01\/Gruppenfoto-Nominierte-526x350.jpg 526w, https:\/\/www.organisator.ch\/wp-content\/uploads\/2020\/01\/Gruppenfoto-Nominierte-920x613.jpg 920w, https:\/\/www.organisator.ch\/wp-content\/uploads\/2020\/01\/Gruppenfoto-Nominierte-300x200.jpg 300w\" sizes=\"auto, (max-width: 680px) 100vw, 680px\" \/><figcaption id=\"caption-attachment-2740\" class=\"wp-caption-text\">Wenn weitsichtige Unternehmen Gutes tun: Ein Gruppenbild am Swiss Ethics Award 2018. Auch der Award 2020 beinhaltet so einige Leuchtpunkte. (Bild: zVg)<\/figcaption><\/figure>\n<p>Seit 2005 zeichnet das SWISS EXCELLENCE FORUM mit dem Swiss Ethics Award herausragende ethische Leistungen in der Wirtschaft aus. Im Fokus stehen Leistungen von Organisationen, die in besonderer Weise Verantwortung \u00fcbernehmen und sich aktiv f\u00fcr eine nachhaltige Unternehmensf\u00fchrung engagieren. F\u00fcr den Award 2020 sind f\u00fcnf herausragende Projekte nominiert:<\/p>\n<ul>\n<li>Alternative Bank Schweiz AG, Olten\u00a0 Projekt: Klima-Aktive ABS<\/li>\n<li>Arbofino AG, M\u00e4nnedorf\u00a0 Holzinvestment mit Biodiversit\u00e4tsf\u00f6rderung<\/li>\n<li>Forma Futura Invest AG, Z\u00fcrich\u00a0 \u00a0Projekt: Unabh\u00e4ngige nachhaltige Verm\u00f6gensverwaltung<\/li>\n<li>Reckhaus AG, Gais mit Insect Respect<\/li>\n<li>Vatorex AG, Wiesendangen\u00a0 mit Bee Together Bee Alive<\/li>\n<\/ul>\n<p>&nbsp;<\/p>\n<p><strong>Hinweis zur Verleihung<\/strong><\/p>\n<p><strong>Hinweis: Die vorgesehene Verleihung des Swiss Ethics Award vom 30. April konnte wegen der aktuellen Corona-Pandemie leider nicht durchgef\u00fchrt werden. Die Verleihung findet neu im Rahmen dieses Ethics-Talks am 23. September statt.<\/strong><\/p>\n<p>Die Verleihung findet am 23. September 2020 im Verkehrshaus Luzern im Rahmen eines spannenden Programms statt. Dr. Marc Holitscher, Mitglied der Gesch\u00e4ftsleitung bei Microsoft Schweiz wird \u00fcber \u201eK\u00fcnstliche Intelligenz: weshalb wir einen ethischen Kompass brauchen\u201c sprechen. Er ist Gast in der anschliessenden Podiumsdiskussion zusammen mit Dr. Regula Pfister, Unternehmerin und Verwaltungsr\u00e4tin und Dr. Michael F\u00fcrst, Head Social Innovation &amp; Strategy, Global Health &amp; Corporate Responsability bei Novartis International AG.<\/p>\n<p>&nbsp;<\/p>\n<p><strong>Jury<\/strong><\/p>\n<p>Die Beurteilung der Projekte wird durch eine hochkar\u00e4tige Jury, bestehend aus Ethikern sowie Vertretern aus der Wirtschaft, Wissenschaft, Theologie und Politik vorgenommen:<\/p>\n<p>\u2013 Stephan Baer, Baer Ammann GmbH<\/p>\n<p>\u2013 Nationalr\u00e4tin Corina Eichenberger<\/p>\n<p>\u2013 Paola Ghillani, Paola Ghillani &amp; Friends Ltd.<\/p>\n<p>\u2013 Prof. Dr. Markus Huppenbauer, Zentrum f\u00fcr Religion, Wirtschaft<\/p>\n<p>und Politik, Universit\u00e4t Z\u00fcrich<\/p>\n<p>\u2013 Prof. Dr. Hans Ruh, Wirtschafts- und Sozialethiker<\/p>\n<p>\u2013 Prof. Dr. Peter Schaber, Ethik-Zentrum der Universit\u00e4t Z\u00fcrich<\/p>\n<p>\u2013 Dr. Christoph Weber-Berg, Reformiert Landeskirche Aargau<\/p>\n<p><strong>\u00a0<\/strong><\/p>\n<p><em><strong>Partner<\/strong><\/em><\/p>\n<p><em>Der Swiss Ethics Award wird unterst\u00fctzt von der Holinger AG, Die Post, ibW H\u00f6here Fachschule S\u00fcdostschweiz, Luzerner Kantonalbank, Linkgroup AG, die Zentralbahn und Umwelt Perspektiven.<\/em><\/p>\n<p>&nbsp;<\/p>\n<p>F\u00fcr weitere Details kontaktieren Sie bitte:<\/p>\n<p>Ruth Buholzer, SWISS EXCELLENCE FORUM<\/p>\n<p>(<a href=\"mailto:r.buholzer@excellence-forum.ch\">r.buholzer@excellence-forum.ch<\/a>)<\/p>\n<p><a href=\"\/\/www.swiss-excellence-forum.ch\"><em>www.swiss-excellence-forum.ch<\/em><\/a><\/p>\n","protected":false},"excerpt":{"rendered":"<p>Seit 2005 zeichnet das SWISS EXCELLENCE FORUM mit dem Swiss Ethics Award herausragende ethische Leistungen in der Wirtschaft aus. Im Fokus stehen Leistungen von Organisationen, die in besonderer Weise Verantwortung \u00fcbernehmen und sich aktiv f\u00fcr eine nachhaltige Unternehmensf\u00fchrung engagieren. F\u00fcr den Award 2020 sind f\u00fcnf herausragende Projekte nominiert: Alternative Bank Schweiz AG, Olten\u00a0 Projekt: Klima-Aktive [&hellip;]<\/p>\n","protected":false},"author":5,"featured_media":2740,"comment_status":"closed","ping_status":"closed","sticky":false,"template":"","format":"standard","meta":{"_acf_changed":false,"_yoast_wpseo_focuskw":"Swiss Ethics Award","_yoast_wpseo_metadesc":"Am 30. April 2020 verleiht das SWISS EXCELLENCE FORUM im Rahmen der Ethical Leadership Tagung im KKL Luzern den Swiss Ethics Award.","articlekey":"","footnotes":""},"categories":[580],"tags":[65,183,1143,1656,502],"class_list":["post-10144","post","type-post","status-publish","format-standard","has-post-thumbnail","hentry","category-sustainability","tag-award","tag-ethik","tag-excellence","tag-luzern","tag-veranstaltungen"],"acf":[],"yoast_head":"<!-- This site is optimized with the Yoast SEO plugin v27.5 - https:\/\/yoast.com\/product\/yoast-seo-wordpress\/ -->\n<title>Swiss Ethics Award: Bekanntgabe der Projekte - Organisator<\/title>\n<meta name=\"description\" content=\"Am 30. April 2020 verleiht das SWISS EXCELLENCE FORUM im Rahmen der Ethical Leadership Tagung im KKL Luzern den Swiss Ethics Award.\" \/>\n<meta name=\"robots\" content=\"index, follow, max-snippet:-1, max-image-preview:large, max-video-preview:-1\" \/>\n<link rel=\"canonical\" href=\"https:\/\/www.organisator.ch\/de\/sustainability\/2020-01-14\/swiss-ethics-award-bekanntgabe-der-nominierten\/\" \/>\n<meta property=\"og:locale\" content=\"de_DE\" \/>\n<meta property=\"og:type\" content=\"article\" \/>\n<meta property=\"og:title\" content=\"Swiss Ethics Award: Bekanntgabe der Projekte - Organisator\" \/>\n<meta property=\"og:description\" content=\"Am 30. April 2020 verleiht das SWISS EXCELLENCE FORUM im Rahmen der Ethical Leadership Tagung im KKL Luzern den Swiss Ethics Award.\" \/>\n<meta property=\"og:url\" content=\"https:\/\/www.organisator.ch\/de\/sustainability\/2020-01-14\/swiss-ethics-award-bekanntgabe-der-nominierten\/\" \/>\n<meta property=\"og:site_name\" content=\"Organisator\" \/>\n<meta property=\"article:publisher\" content=\"https:\/\/www.facebook.com\/OrganisatorFachmagazin\" \/>\n<meta property=\"article:published_time\" content=\"2020-01-14T15:13:34+00:00\" \/>\n<meta property=\"article:modified_time\" content=\"2022-02-09T10:10:00+00:00\" \/>\n<meta property=\"og:image\" content=\"https:\/\/www.organisator.ch\/wp-content\/uploads\/2020\/01\/Gruppenfoto-Nominierte.jpg\" \/>\n\t<meta property=\"og:image:width\" content=\"1021\" \/>\n\t<meta property=\"og:image:height\" content=\"680\" \/>\n\t<meta property=\"og:image:type\" content=\"image\/jpeg\" \/>\n<meta name=\"author\" content=\"michael.merz\" \/>\n<meta name=\"twitter:card\" content=\"summary_large_image\" \/>\n<script type=\"application\/ld+json\" class=\"yoast-schema-graph\">{\"@context\":\"https:\\\/\\\/schema.org\",\"@graph\":[{\"@type\":\"Article\",\"@id\":\"https:\\\/\\\/www.organisator.ch\\\/sustainability\\\/2020-01-14\\\/swiss-ethics-award-bekanntgabe-der-nominierten\\\/#article\",\"isPartOf\":{\"@id\":\"https:\\\/\\\/www.organisator.ch\\\/sustainability\\\/2020-01-14\\\/swiss-ethics-award-bekanntgabe-der-nominierten\\\/\"},\"author\":{\"name\":\"michael.merz\",\"@id\":\"https:\\\/\\\/www.organisator.ch\\\/#\\\/schema\\\/person\\\/134708ca9321c57b0362cceb7948ffbd\"},\"headline\":\"Swiss Ethics Award: Bekanntgabe der Projekte\",\"datePublished\":\"2020-01-14T15:13:34+00:00\",\"dateModified\":\"2022-02-09T10:10:00+00:00\",\"mainEntityOfPage\":{\"@id\":\"https:\\\/\\\/www.organisator.ch\\\/sustainability\\\/2020-01-14\\\/swiss-ethics-award-bekanntgabe-der-nominierten\\\/\"},\"wordCount\":360,\"publisher\":{\"@id\":\"https:\\\/\\\/www.organisator.ch\\\/#organization\"},\"image\":{\"@id\":\"https:\\\/\\\/www.organisator.ch\\\/sustainability\\\/2020-01-14\\\/swiss-ethics-award-bekanntgabe-der-nominierten\\\/#primaryimage\"},\"thumbnailUrl\":\"https:\\\/\\\/www.organisator.ch\\\/wp-content\\\/uploads\\\/2020\\\/01\\\/Gruppenfoto-Nominierte.jpg\",\"keywords\":[\"Award\",\"Ethik\",\"Excellence\",\"Luzern\",\"Veranstaltungen\"],\"articleSection\":[\"SUSTAINABILITY\"],\"inLanguage\":\"de\"},{\"@type\":\"WebPage\",\"@id\":\"https:\\\/\\\/www.organisator.ch\\\/sustainability\\\/2020-01-14\\\/swiss-ethics-award-bekanntgabe-der-nominierten\\\/\",\"url\":\"https:\\\/\\\/www.organisator.ch\\\/sustainability\\\/2020-01-14\\\/swiss-ethics-award-bekanntgabe-der-nominierten\\\/\",\"name\":\"Swiss Ethics Award: Bekanntgabe der Projekte - Organisator\",\"isPartOf\":{\"@id\":\"https:\\\/\\\/www.organisator.ch\\\/#website\"},\"primaryImageOfPage\":{\"@id\":\"https:\\\/\\\/www.organisator.ch\\\/sustainability\\\/2020-01-14\\\/swiss-ethics-award-bekanntgabe-der-nominierten\\\/#primaryimage\"},\"image\":{\"@id\":\"https:\\\/\\\/www.organisator.ch\\\/sustainability\\\/2020-01-14\\\/swiss-ethics-award-bekanntgabe-der-nominierten\\\/#primaryimage\"},\"thumbnailUrl\":\"https:\\\/\\\/www.organisator.ch\\\/wp-content\\\/uploads\\\/2020\\\/01\\\/Gruppenfoto-Nominierte.jpg\",\"datePublished\":\"2020-01-14T15:13:34+00:00\",\"dateModified\":\"2022-02-09T10:10:00+00:00\",\"description\":\"Am 30. April 2020 verleiht das SWISS EXCELLENCE FORUM im Rahmen der Ethical Leadership Tagung im KKL Luzern den Swiss Ethics Award.\",\"breadcrumb\":{\"@id\":\"https:\\\/\\\/www.organisator.ch\\\/sustainability\\\/2020-01-14\\\/swiss-ethics-award-bekanntgabe-der-nominierten\\\/#breadcrumb\"},\"inLanguage\":\"de\",\"potentialAction\":[{\"@type\":\"ReadAction\",\"target\":[\"https:\\\/\\\/www.organisator.ch\\\/sustainability\\\/2020-01-14\\\/swiss-ethics-award-bekanntgabe-der-nominierten\\\/\"]}]},{\"@type\":\"ImageObject\",\"inLanguage\":\"de\",\"@id\":\"https:\\\/\\\/www.organisator.ch\\\/sustainability\\\/2020-01-14\\\/swiss-ethics-award-bekanntgabe-der-nominierten\\\/#primaryimage\",\"url\":\"https:\\\/\\\/www.organisator.ch\\\/wp-content\\\/uploads\\\/2020\\\/01\\\/Gruppenfoto-Nominierte.jpg\",\"contentUrl\":\"https:\\\/\\\/www.organisator.ch\\\/wp-content\\\/uploads\\\/2020\\\/01\\\/Gruppenfoto-Nominierte.jpg\",\"width\":1021,\"height\":680,\"caption\":\"Wenn weitsichtige Unternehmen Gutes tun: Ein Gruppenbild am Swiss Ethics Award 2018. Auch der Award 2020 beinhaltet so einige Leuchtpunkte. (Bild: zVg)\"},{\"@type\":\"BreadcrumbList\",\"@id\":\"https:\\\/\\\/www.organisator.ch\\\/sustainability\\\/2020-01-14\\\/swiss-ethics-award-bekanntgabe-der-nominierten\\\/#breadcrumb\",\"itemListElement\":[{\"@type\":\"ListItem\",\"position\":1,\"name\":\"Home\",\"item\":\"https:\\\/\\\/www.organisator.ch\\\/\"},{\"@type\":\"ListItem\",\"position\":2,\"name\":\"Swiss Ethics Award: Bekanntgabe der Projekte\"}]},{\"@type\":\"WebSite\",\"@id\":\"https:\\\/\\\/www.organisator.ch\\\/#website\",\"url\":\"https:\\\/\\\/www.organisator.ch\\\/\",\"name\":\"Organisator\",\"description\":\"Kompetent. Praxisnah. Der ORGANISATOR bereitet in 10 Ausgaben pro Jahr die wesentlichen Themen f\u00fcr F\u00fchrungskr\u00e4fte von KMU auf.\",\"publisher\":{\"@id\":\"https:\\\/\\\/www.organisator.ch\\\/#organization\"},\"potentialAction\":[{\"@type\":\"SearchAction\",\"target\":{\"@type\":\"EntryPoint\",\"urlTemplate\":\"https:\\\/\\\/www.organisator.ch\\\/?s={search_term_string}\"},\"query-input\":{\"@type\":\"PropertyValueSpecification\",\"valueRequired\":true,\"valueName\":\"search_term_string\"}}],\"inLanguage\":\"de\"},{\"@type\":\"Organization\",\"@id\":\"https:\\\/\\\/www.organisator.ch\\\/#organization\",\"name\":\"Organisator\",\"url\":\"https:\\\/\\\/www.organisator.ch\\\/\",\"logo\":{\"@type\":\"ImageObject\",\"inLanguage\":\"de\",\"@id\":\"https:\\\/\\\/www.organisator.ch\\\/#\\\/schema\\\/logo\\\/image\\\/\",\"url\":\"https:\\\/\\\/www.organisator.ch\\\/wp-content\\\/uploads\\\/2022\\\/01\\\/Logo_Organisator_Website.png\",\"contentUrl\":\"https:\\\/\\\/www.organisator.ch\\\/wp-content\\\/uploads\\\/2022\\\/01\\\/Logo_Organisator_Website.png\",\"width\":800,\"height\":77,\"caption\":\"Organisator\"},\"image\":{\"@id\":\"https:\\\/\\\/www.organisator.ch\\\/#\\\/schema\\\/logo\\\/image\\\/\"},\"sameAs\":[\"https:\\\/\\\/www.facebook.com\\\/OrganisatorFachmagazin\",\"https:\\\/\\\/www.linkedin.com\\\/showcase\\\/organisator-das-magazin-fr-kmu\",\"https:\\\/\\\/www.xing.com\\\/news\\\/pages\\\/organisator-ch-695\",\"https:\\\/\\\/www.youtube.com\\\/channel\\\/UCGP2Sq0iWaZwT3BdIAQFYpw\"]},{\"@type\":\"Person\",\"@id\":\"https:\\\/\\\/www.organisator.ch\\\/#\\\/schema\\\/person\\\/134708ca9321c57b0362cceb7948ffbd\",\"name\":\"michael.merz\",\"image\":{\"@type\":\"ImageObject\",\"inLanguage\":\"de\",\"@id\":\"https:\\\/\\\/secure.gravatar.com\\\/avatar\\\/?s=96&d=mm&r=g\",\"url\":\"https:\\\/\\\/secure.gravatar.com\\\/avatar\\\/?s=96&d=mm&r=g\",\"contentUrl\":\"https:\\\/\\\/secure.gravatar.com\\\/avatar\\\/?s=96&d=mm&r=g\",\"caption\":\"michael.merz\"},\"url\":\"https:\\\/\\\/www.organisator.ch\\\/de\\\/author\\\/michael-merz\\\/\"}]}<\/script>\n<!-- \/ Yoast SEO plugin. -->","yoast_head_json":{"title":"Swiss Ethics Award: Bekanntgabe der Projekte - Organisator","description":"Am 30. April 2020 verleiht das SWISS EXCELLENCE FORUM im Rahmen der Ethical Leadership Tagung im KKL Luzern den Swiss Ethics Award.","robots":{"index":"index","follow":"follow","max-snippet":"max-snippet:-1","max-image-preview":"max-image-preview:large","max-video-preview":"max-video-preview:-1"},"canonical":"https:\/\/www.organisator.ch\/de\/sustainability\/2020-01-14\/swiss-ethics-award-bekanntgabe-der-nominierten\/","og_locale":"de_DE","og_type":"article","og_title":"Swiss Ethics Award: Bekanntgabe der Projekte - Organisator","og_description":"Am 30. April 2020 verleiht das SWISS EXCELLENCE FORUM im Rahmen der Ethical Leadership Tagung im KKL Luzern den Swiss Ethics Award.","og_url":"https:\/\/www.organisator.ch\/de\/sustainability\/2020-01-14\/swiss-ethics-award-bekanntgabe-der-nominierten\/","og_site_name":"Organisator","article_publisher":"https:\/\/www.facebook.com\/OrganisatorFachmagazin","article_published_time":"2020-01-14T15:13:34+00:00","article_modified_time":"2022-02-09T10:10:00+00:00","og_image":[{"width":1021,"height":680,"url":"https:\/\/www.organisator.ch\/wp-content\/uploads\/2020\/01\/Gruppenfoto-Nominierte.jpg","type":"image\/jpeg"}],"author":"michael.merz","twitter_card":"summary_large_image","schema":{"@context":"https:\/\/schema.org","@graph":[{"@type":"Article","@id":"https:\/\/www.organisator.ch\/sustainability\/2020-01-14\/swiss-ethics-award-bekanntgabe-der-nominierten\/#article","isPartOf":{"@id":"https:\/\/www.organisator.ch\/sustainability\/2020-01-14\/swiss-ethics-award-bekanntgabe-der-nominierten\/"},"author":{"name":"michael.merz","@id":"https:\/\/www.organisator.ch\/#\/schema\/person\/134708ca9321c57b0362cceb7948ffbd"},"headline":"Swiss Ethics Award: Bekanntgabe der Projekte","datePublished":"2020-01-14T15:13:34+00:00","dateModified":"2022-02-09T10:10:00+00:00","mainEntityOfPage":{"@id":"https:\/\/www.organisator.ch\/sustainability\/2020-01-14\/swiss-ethics-award-bekanntgabe-der-nominierten\/"},"wordCount":360,"publisher":{"@id":"https:\/\/www.organisator.ch\/#organization"},"image":{"@id":"https:\/\/www.organisator.ch\/sustainability\/2020-01-14\/swiss-ethics-award-bekanntgabe-der-nominierten\/#primaryimage"},"thumbnailUrl":"https:\/\/www.organisator.ch\/wp-content\/uploads\/2020\/01\/Gruppenfoto-Nominierte.jpg","keywords":["Award","Ethik","Excellence","Luzern","Veranstaltungen"],"articleSection":["SUSTAINABILITY"],"inLanguage":"de"},{"@type":"WebPage","@id":"https:\/\/www.organisator.ch\/sustainability\/2020-01-14\/swiss-ethics-award-bekanntgabe-der-nominierten\/","url":"https:\/\/www.organisator.ch\/sustainability\/2020-01-14\/swiss-ethics-award-bekanntgabe-der-nominierten\/","name":"Swiss Ethics Award: Bekanntgabe der Projekte - Organisator","isPartOf":{"@id":"https:\/\/www.organisator.ch\/#website"},"primaryImageOfPage":{"@id":"https:\/\/www.organisator.ch\/sustainability\/2020-01-14\/swiss-ethics-award-bekanntgabe-der-nominierten\/#primaryimage"},"image":{"@id":"https:\/\/www.organisator.ch\/sustainability\/2020-01-14\/swiss-ethics-award-bekanntgabe-der-nominierten\/#primaryimage"},"thumbnailUrl":"https:\/\/www.organisator.ch\/wp-content\/uploads\/2020\/01\/Gruppenfoto-Nominierte.jpg","datePublished":"2020-01-14T15:13:34+00:00","dateModified":"2022-02-09T10:10:00+00:00","description":"Am 30. April 2020 verleiht das SWISS EXCELLENCE FORUM im Rahmen der Ethical Leadership Tagung im KKL Luzern den Swiss Ethics Award.","breadcrumb":{"@id":"https:\/\/www.organisator.ch\/sustainability\/2020-01-14\/swiss-ethics-award-bekanntgabe-der-nominierten\/#breadcrumb"},"inLanguage":"de","potentialAction":[{"@type":"ReadAction","target":["https:\/\/www.organisator.ch\/sustainability\/2020-01-14\/swiss-ethics-award-bekanntgabe-der-nominierten\/"]}]},{"@type":"ImageObject","inLanguage":"de","@id":"https:\/\/www.organisator.ch\/sustainability\/2020-01-14\/swiss-ethics-award-bekanntgabe-der-nominierten\/#primaryimage","url":"https:\/\/www.organisator.ch\/wp-content\/uploads\/2020\/01\/Gruppenfoto-Nominierte.jpg","contentUrl":"https:\/\/www.organisator.ch\/wp-content\/uploads\/2020\/01\/Gruppenfoto-Nominierte.jpg","width":1021,"height":680,"caption":"Wenn weitsichtige Unternehmen Gutes tun: Ein Gruppenbild am Swiss Ethics Award 2018. Auch der Award 2020 beinhaltet so einige Leuchtpunkte. (Bild: zVg)"},{"@type":"BreadcrumbList","@id":"https:\/\/www.organisator.ch\/sustainability\/2020-01-14\/swiss-ethics-award-bekanntgabe-der-nominierten\/#breadcrumb","itemListElement":[{"@type":"ListItem","position":1,"name":"Home","item":"https:\/\/www.organisator.ch\/"},{"@type":"ListItem","position":2,"name":"Swiss Ethics Award: Bekanntgabe der Projekte"}]},{"@type":"WebSite","@id":"https:\/\/www.organisator.ch\/#website","url":"https:\/\/www.organisator.ch\/","name":"Organisator","description":"Kompetent. Praxisnah. Der ORGANISATOR bereitet in 10 Ausgaben pro Jahr die wesentlichen Themen f\u00fcr F\u00fchrungskr\u00e4fte von KMU auf.","publisher":{"@id":"https:\/\/www.organisator.ch\/#organization"},"potentialAction":[{"@type":"SearchAction","target":{"@type":"EntryPoint","urlTemplate":"https:\/\/www.organisator.ch\/?s={search_term_string}"},"query-input":{"@type":"PropertyValueSpecification","valueRequired":true,"valueName":"search_term_string"}}],"inLanguage":"de"},{"@type":"Organization","@id":"https:\/\/www.organisator.ch\/#organization","name":"Organisator","url":"https:\/\/www.organisator.ch\/","logo":{"@type":"ImageObject","inLanguage":"de","@id":"https:\/\/www.organisator.ch\/#\/schema\/logo\/image\/","url":"https:\/\/www.organisator.ch\/wp-content\/uploads\/2022\/01\/Logo_Organisator_Website.png","contentUrl":"https:\/\/www.organisator.ch\/wp-content\/uploads\/2022\/01\/Logo_Organisator_Website.png","width":800,"height":77,"caption":"Organisator"},"image":{"@id":"https:\/\/www.organisator.ch\/#\/schema\/logo\/image\/"},"sameAs":["https:\/\/www.facebook.com\/OrganisatorFachmagazin","https:\/\/www.linkedin.com\/showcase\/organisator-das-magazin-fr-kmu","https:\/\/www.xing.com\/news\/pages\/organisator-ch-695","https:\/\/www.youtube.com\/channel\/UCGP2Sq0iWaZwT3BdIAQFYpw"]},{"@type":"Person","@id":"https:\/\/www.organisator.ch\/#\/schema\/person\/134708ca9321c57b0362cceb7948ffbd","name":"michael.merz","image":{"@type":"ImageObject","inLanguage":"de","@id":"https:\/\/secure.gravatar.com\/avatar\/?s=96&d=mm&r=g","url":"https:\/\/secure.gravatar.com\/avatar\/?s=96&d=mm&r=g","contentUrl":"https:\/\/secure.gravatar.com\/avatar\/?s=96&d=mm&r=g","caption":"michael.merz"},"url":"https:\/\/www.organisator.ch\/de\/author\/michael-merz\/"}]}},"_links":{"self":[{"href":"https:\/\/www.organisator.ch\/de\/wp-json\/wp\/v2\/posts\/10144","targetHints":{"allow":["GET"]}}],"collection":[{"href":"https:\/\/www.organisator.ch\/de\/wp-json\/wp\/v2\/posts"}],"about":[{"href":"https:\/\/www.organisator.ch\/de\/wp-json\/wp\/v2\/types\/post"}],"author":[{"embeddable":true,"href":"https:\/\/www.organisator.ch\/de\/wp-json\/wp\/v2\/users\/5"}],"replies":[{"embeddable":true,"href":"https:\/\/www.organisator.ch\/de\/wp-json\/wp\/v2\/comments?post=10144"}],"version-history":[{"count":1,"href":"https:\/\/www.organisator.ch\/de\/wp-json\/wp\/v2\/posts\/10144\/revisions"}],"predecessor-version":[{"id":10856,"href":"https:\/\/www.organisator.ch\/de\/wp-json\/wp\/v2\/posts\/10144\/revisions\/10856"}],"wp:featuredmedia":[{"embeddable":true,"href":"https:\/\/www.organisator.ch\/de\/wp-json\/wp\/v2\/media\/2740"}],"wp:attachment":[{"href":"https:\/\/www.organisator.ch\/de\/wp-json\/wp\/v2\/media?parent=10144"}],"wp:term":[{"taxonomy":"category","embeddable":true,"href":"https:\/\/www.organisator.ch\/de\/wp-json\/wp\/v2\/categories?post=10144"},{"taxonomy":"post_tag","embeddable":true,"href":"https:\/\/www.organisator.ch\/de\/wp-json\/wp\/v2\/tags?post=10144"}],"curies":[{"name":"wp","href":"https:\/\/api.w.org\/{rel}","templated":true}]}}