{"id":10146,"date":"2020-01-14T10:52:30","date_gmt":"2020-01-14T09:52:30","guid":{"rendered":"https:\/\/www.umweltperspektiven.ch\/?p=2764"},"modified":"2020-01-14T10:52:30","modified_gmt":"2020-01-14T09:52:30","slug":"lothar-ein-beispiel-fuer-die-sicherheit-nach-waldschaeden","status":"publish","type":"post","link":"https:\/\/www.organisator.ch\/de\/allgemein\/2020-01-14\/lothar-ein-beispiel-fuer-die-sicherheit-nach-waldschaeden\/","title":{"rendered":"Lothar: Ein Beispiel f\u00fcr die Sicherheit nach Waldsch\u00e4den"},"content":{"rendered":"<p>&nbsp;<\/p>\n<figure id=\"attachment_2765\" aria-describedby=\"caption-attachment-2765\" style=\"width: 527px\" class=\"wp-caption alignnone\"><img loading=\"lazy\" decoding=\"async\" class=\"size-full wp-image-2765\" src=\"\/\/www.umweltperspektiven.ch\/wp-content\/uploads\/2020\/01\/Lothar.jpg.png\" alt=\"\" width=\"527\" height=\"351\" \/><figcaption id=\"caption-attachment-2765\" class=\"wp-caption-text\">2020 ist Jahr des Waldes. Eine gr\u00f6ssere Katastrophe f\u00fcr den Schweizer Wald, aber auch f\u00fcr Forstarbeitende, brachte der Sturm Lothar mit sich. (Bild: zVg)<\/figcaption><\/figure>\n<p>F\u00f6hn- und Winterst\u00fcrme sind in der Schweiz nicht selten: Vivian, Lothar, Evi, Burglind und \u00e4hnlich heissen sie. F\u00fcr die Arbeitssicherheit sind sie eine Herausforderung: die Aufr\u00e4umarbeiten in den W\u00e4ldern gestalten sich meist sehr schwierig. Neben den Wintersturmsch\u00e4den kommen auch immer Menschen zu Schaden.<\/p>\n<p>Nach Lothar verunfallten bei den Aufr\u00e4umarbeiten im Jahr 2000 17 Personen t\u00f6dlich, 14 davon im Privat- und Bauernwald. Im darauffolgenden Jahr verloren 19, in den beiden Jahren 2002 und 2003 zusammen nochmals 17 Personen ihr Leben bei Holzerntearbeiten im Wald. Der Bund reagierte und setzte eine Arbeitsgruppe ein, in der auch die Suva vertreten war.<\/p>\n<p>Insbesondere Privatwaldbesitzer werden seither mit Pr\u00e4ventionsmassnahmen, wie Weiterbildungskursen angesprochen, um f\u00fcr die Risiken beim \u00abHolzen\u00bb zu sensibilisieren. Profis sind nach einem Orkan wie dem Lothar daf\u00fcr zust\u00e4ndig, die W\u00e4lder aufzur\u00e4umen.<\/p>\n<p>In vom Sturm zerst\u00f6rten W\u00e4ldern, mit geworfenen, entwurzelten, abgebrochenen, geknickten und h\u00e4ngen gebliebenen B\u00e4umen und Baumteilen kann es gef\u00e4hrlich werden: sei dies durch den erschwerten Zugang in einer instabilen Umgebung oder unberechenbare Spannungen von ineinander verkeilten oder labilen B\u00e4umen, die pl\u00f6tzlich umfallen, umkippen oder abrollen k\u00f6nnen.<\/p>\n<p>Weiterf\u00fchrende Informationen:<\/p>\n<ul>\n<li><a href=\"\/\/www.suva.ch\/de-CH\/material\/Dokumentationen\/sturmholz-sicher-aufruesten-44070d2375223752\" target=\"_blank\" rel=\"noopener\">Sturmholz sicher aufr\u00fcsten<\/a><\/li>\n<li><a href=\"\/\/www.suva.ch\/de-CH\/material\/Dokumentationen\/profi-im-eigenen-wald-44069d1683116831\" target=\"_blank\" rel=\"noopener\">\u00abProfi\u00bb im eigenen Wald<\/a><\/li>\n<\/ul>\n","protected":false},"excerpt":{"rendered":"<p>&nbsp; F\u00f6hn- und Winterst\u00fcrme sind in der Schweiz nicht selten: Vivian, Lothar, Evi, Burglind und \u00e4hnlich heissen sie. F\u00fcr die Arbeitssicherheit sind sie eine Herausforderung: die Aufr\u00e4umarbeiten in den W\u00e4ldern gestalten sich meist sehr schwierig. Neben den Wintersturmsch\u00e4den kommen auch immer Menschen zu Schaden. Nach Lothar verunfallten bei den Aufr\u00e4umarbeiten im Jahr 2000 17 Personen [&hellip;]<\/p>\n","protected":false},"author":5,"featured_media":9675,"comment_status":"closed","ping_status":"closed","sticky":false,"template":"","format":"standard","meta":{"_acf_changed":false,"_yoast_wpseo_focuskw":"Lothar","_yoast_wpseo_metadesc":"Die Aufr\u00e4umarbeiten nach dem Sturm \"Lothar\" vom Dezember 1999 haben mehrere Todesopfer gefordert.","articlekey":"","footnotes":""},"categories":[1],"tags":[424,434,2232,2499],"class_list":["post-10146","post","type-post","status-publish","format-standard","has-post-thumbnail","hentry","category-allgemein","tag-schweiz","tag-sicherheit","tag-sturm","tag-wald"],"acf":[],"yoast_head":"<!-- This site is optimized with the Yoast SEO plugin v27.4 - https:\/\/yoast.com\/product\/yoast-seo-wordpress\/ -->\n<title>Lothar: Ein Beispiel f\u00fcr die Sicherheit nach Waldsch\u00e4den - Organisator<\/title>\n<meta name=\"description\" content=\"Die Aufr\u00e4umarbeiten nach dem Sturm &quot;Lothar&quot; vom Dezember 1999 haben mehrere Todesopfer gefordert.\" \/>\n<meta name=\"robots\" content=\"index, follow, max-snippet:-1, max-image-preview:large, max-video-preview:-1\" \/>\n<link rel=\"canonical\" href=\"https:\/\/www.organisator.ch\/de\/allgemein\/2020-01-14\/lothar-ein-beispiel-fuer-die-sicherheit-nach-waldschaeden\/\" \/>\n<meta property=\"og:locale\" content=\"de_DE\" \/>\n<meta property=\"og:type\" content=\"article\" \/>\n<meta property=\"og:title\" content=\"Lothar: Ein Beispiel f\u00fcr die Sicherheit nach Waldsch\u00e4den - Organisator\" \/>\n<meta property=\"og:description\" content=\"Die Aufr\u00e4umarbeiten nach dem Sturm &quot;Lothar&quot; vom Dezember 1999 haben mehrere Todesopfer gefordert.\" \/>\n<meta property=\"og:url\" content=\"https:\/\/www.organisator.ch\/de\/allgemein\/2020-01-14\/lothar-ein-beispiel-fuer-die-sicherheit-nach-waldschaeden\/\" \/>\n<meta property=\"og:site_name\" content=\"Organisator\" \/>\n<meta property=\"article:publisher\" content=\"https:\/\/www.facebook.com\/OrganisatorFachmagazin\" \/>\n<meta property=\"article:published_time\" content=\"2020-01-14T09:52:30+00:00\" \/>\n<meta property=\"og:image\" content=\"https:\/\/www.organisator.ch\/wp-content\/uploads\/2020\/01\/Lothar.jpg.png\" \/>\n\t<meta property=\"og:image:width\" content=\"527\" \/>\n\t<meta property=\"og:image:height\" content=\"351\" \/>\n\t<meta property=\"og:image:type\" content=\"image\/png\" \/>\n<meta name=\"author\" content=\"michael.merz\" \/>\n<meta name=\"twitter:card\" content=\"summary_large_image\" \/>\n<script type=\"application\/ld+json\" class=\"yoast-schema-graph\">{\"@context\":\"https:\\\/\\\/schema.org\",\"@graph\":[{\"@type\":\"Article\",\"@id\":\"https:\\\/\\\/www.organisator.ch\\\/fr\\\/general\\\/2020-01-14\\\/lothar-ein-beispiel-fuer-die-sicherheit-nach-waldschaeden\\\/#article\",\"isPartOf\":{\"@id\":\"https:\\\/\\\/www.organisator.ch\\\/fr\\\/general\\\/2020-01-14\\\/lothar-ein-beispiel-fuer-die-sicherheit-nach-waldschaeden\\\/\"},\"author\":{\"name\":\"michael.merz\",\"@id\":\"https:\\\/\\\/www.organisator.ch\\\/#\\\/schema\\\/person\\\/134708ca9321c57b0362cceb7948ffbd\"},\"headline\":\"Lothar: Ein Beispiel f\u00fcr die Sicherheit nach Waldsch\u00e4den\",\"datePublished\":\"2020-01-14T09:52:30+00:00\",\"mainEntityOfPage\":{\"@id\":\"https:\\\/\\\/www.organisator.ch\\\/fr\\\/general\\\/2020-01-14\\\/lothar-ein-beispiel-fuer-die-sicherheit-nach-waldschaeden\\\/\"},\"wordCount\":244,\"publisher\":{\"@id\":\"https:\\\/\\\/www.organisator.ch\\\/#organization\"},\"image\":{\"@id\":\"https:\\\/\\\/www.organisator.ch\\\/fr\\\/general\\\/2020-01-14\\\/lothar-ein-beispiel-fuer-die-sicherheit-nach-waldschaeden\\\/#primaryimage\"},\"thumbnailUrl\":\"https:\\\/\\\/www.organisator.ch\\\/wp-content\\\/uploads\\\/2020\\\/01\\\/Lothar.jpg.png\",\"keywords\":[\"Schweiz\",\"Sicherheit\",\"Sturm\",\"Wald\"],\"inLanguage\":\"de\"},{\"@type\":\"WebPage\",\"@id\":\"https:\\\/\\\/www.organisator.ch\\\/fr\\\/general\\\/2020-01-14\\\/lothar-ein-beispiel-fuer-die-sicherheit-nach-waldschaeden\\\/\",\"url\":\"https:\\\/\\\/www.organisator.ch\\\/fr\\\/general\\\/2020-01-14\\\/lothar-ein-beispiel-fuer-die-sicherheit-nach-waldschaeden\\\/\",\"name\":\"Lothar: Ein Beispiel f\u00fcr die Sicherheit nach Waldsch\u00e4den - Organisator\",\"isPartOf\":{\"@id\":\"https:\\\/\\\/www.organisator.ch\\\/#website\"},\"primaryImageOfPage\":{\"@id\":\"https:\\\/\\\/www.organisator.ch\\\/fr\\\/general\\\/2020-01-14\\\/lothar-ein-beispiel-fuer-die-sicherheit-nach-waldschaeden\\\/#primaryimage\"},\"image\":{\"@id\":\"https:\\\/\\\/www.organisator.ch\\\/fr\\\/general\\\/2020-01-14\\\/lothar-ein-beispiel-fuer-die-sicherheit-nach-waldschaeden\\\/#primaryimage\"},\"thumbnailUrl\":\"https:\\\/\\\/www.organisator.ch\\\/wp-content\\\/uploads\\\/2020\\\/01\\\/Lothar.jpg.png\",\"datePublished\":\"2020-01-14T09:52:30+00:00\",\"description\":\"Die Aufr\u00e4umarbeiten nach dem Sturm \\\"Lothar\\\" vom Dezember 1999 haben mehrere Todesopfer gefordert.\",\"breadcrumb\":{\"@id\":\"https:\\\/\\\/www.organisator.ch\\\/fr\\\/general\\\/2020-01-14\\\/lothar-ein-beispiel-fuer-die-sicherheit-nach-waldschaeden\\\/#breadcrumb\"},\"inLanguage\":\"de\",\"potentialAction\":[{\"@type\":\"ReadAction\",\"target\":[\"https:\\\/\\\/www.organisator.ch\\\/fr\\\/general\\\/2020-01-14\\\/lothar-ein-beispiel-fuer-die-sicherheit-nach-waldschaeden\\\/\"]}]},{\"@type\":\"ImageObject\",\"inLanguage\":\"de\",\"@id\":\"https:\\\/\\\/www.organisator.ch\\\/fr\\\/general\\\/2020-01-14\\\/lothar-ein-beispiel-fuer-die-sicherheit-nach-waldschaeden\\\/#primaryimage\",\"url\":\"https:\\\/\\\/www.organisator.ch\\\/wp-content\\\/uploads\\\/2020\\\/01\\\/Lothar.jpg.png\",\"contentUrl\":\"https:\\\/\\\/www.organisator.ch\\\/wp-content\\\/uploads\\\/2020\\\/01\\\/Lothar.jpg.png\",\"width\":527,\"height\":351,\"caption\":\"2020 ist Jahr des Waldes. Eine gr\u00f6ssere Naturkatastrophe in der Schweiz brachte der Sturm Lothar mit sich. (Bild: zVg)\"},{\"@type\":\"BreadcrumbList\",\"@id\":\"https:\\\/\\\/www.organisator.ch\\\/fr\\\/general\\\/2020-01-14\\\/lothar-ein-beispiel-fuer-die-sicherheit-nach-waldschaeden\\\/#breadcrumb\",\"itemListElement\":[{\"@type\":\"ListItem\",\"position\":1,\"name\":\"Home\",\"item\":\"https:\\\/\\\/www.organisator.ch\\\/\"},{\"@type\":\"ListItem\",\"position\":2,\"name\":\"Lothar: Ein Beispiel f\u00fcr die Sicherheit nach Waldsch\u00e4den\"}]},{\"@type\":\"WebSite\",\"@id\":\"https:\\\/\\\/www.organisator.ch\\\/#website\",\"url\":\"https:\\\/\\\/www.organisator.ch\\\/\",\"name\":\"Organisator\",\"description\":\"Kompetent. Praxisnah. Der ORGANISATOR bereitet in 10 Ausgaben pro Jahr die wesentlichen Themen f\u00fcr F\u00fchrungskr\u00e4fte von KMU auf.\",\"publisher\":{\"@id\":\"https:\\\/\\\/www.organisator.ch\\\/#organization\"},\"potentialAction\":[{\"@type\":\"SearchAction\",\"target\":{\"@type\":\"EntryPoint\",\"urlTemplate\":\"https:\\\/\\\/www.organisator.ch\\\/?s={search_term_string}\"},\"query-input\":{\"@type\":\"PropertyValueSpecification\",\"valueRequired\":true,\"valueName\":\"search_term_string\"}}],\"inLanguage\":\"de\"},{\"@type\":\"Organization\",\"@id\":\"https:\\\/\\\/www.organisator.ch\\\/#organization\",\"name\":\"Organisator\",\"url\":\"https:\\\/\\\/www.organisator.ch\\\/\",\"logo\":{\"@type\":\"ImageObject\",\"inLanguage\":\"de\",\"@id\":\"https:\\\/\\\/www.organisator.ch\\\/#\\\/schema\\\/logo\\\/image\\\/\",\"url\":\"https:\\\/\\\/www.organisator.ch\\\/wp-content\\\/uploads\\\/2022\\\/01\\\/Logo_Organisator_Website.png\",\"contentUrl\":\"https:\\\/\\\/www.organisator.ch\\\/wp-content\\\/uploads\\\/2022\\\/01\\\/Logo_Organisator_Website.png\",\"width\":800,\"height\":77,\"caption\":\"Organisator\"},\"image\":{\"@id\":\"https:\\\/\\\/www.organisator.ch\\\/#\\\/schema\\\/logo\\\/image\\\/\"},\"sameAs\":[\"https:\\\/\\\/www.facebook.com\\\/OrganisatorFachmagazin\",\"https:\\\/\\\/www.linkedin.com\\\/showcase\\\/organisator-das-magazin-fr-kmu\",\"https:\\\/\\\/www.xing.com\\\/news\\\/pages\\\/organisator-ch-695\",\"https:\\\/\\\/www.youtube.com\\\/channel\\\/UCGP2Sq0iWaZwT3BdIAQFYpw\"]},{\"@type\":\"Person\",\"@id\":\"https:\\\/\\\/www.organisator.ch\\\/#\\\/schema\\\/person\\\/134708ca9321c57b0362cceb7948ffbd\",\"name\":\"michael.merz\",\"image\":{\"@type\":\"ImageObject\",\"inLanguage\":\"de\",\"@id\":\"https:\\\/\\\/secure.gravatar.com\\\/avatar\\\/?s=96&d=mm&r=g\",\"url\":\"https:\\\/\\\/secure.gravatar.com\\\/avatar\\\/?s=96&d=mm&r=g\",\"contentUrl\":\"https:\\\/\\\/secure.gravatar.com\\\/avatar\\\/?s=96&d=mm&r=g\",\"caption\":\"michael.merz\"},\"url\":\"https:\\\/\\\/www.organisator.ch\\\/de\\\/author\\\/michael-merz\\\/\"}]}<\/script>\n<!-- \/ Yoast SEO plugin. -->","yoast_head_json":{"title":"Lothar: Ein Beispiel f\u00fcr die Sicherheit nach Waldsch\u00e4den - Organisator","description":"Die Aufr\u00e4umarbeiten nach dem Sturm \"Lothar\" vom Dezember 1999 haben mehrere Todesopfer gefordert.","robots":{"index":"index","follow":"follow","max-snippet":"max-snippet:-1","max-image-preview":"max-image-preview:large","max-video-preview":"max-video-preview:-1"},"canonical":"https:\/\/www.organisator.ch\/de\/allgemein\/2020-01-14\/lothar-ein-beispiel-fuer-die-sicherheit-nach-waldschaeden\/","og_locale":"de_DE","og_type":"article","og_title":"Lothar: Ein Beispiel f\u00fcr die Sicherheit nach Waldsch\u00e4den - Organisator","og_description":"Die Aufr\u00e4umarbeiten nach dem Sturm \"Lothar\" vom Dezember 1999 haben mehrere Todesopfer gefordert.","og_url":"https:\/\/www.organisator.ch\/de\/allgemein\/2020-01-14\/lothar-ein-beispiel-fuer-die-sicherheit-nach-waldschaeden\/","og_site_name":"Organisator","article_publisher":"https:\/\/www.facebook.com\/OrganisatorFachmagazin","article_published_time":"2020-01-14T09:52:30+00:00","og_image":[{"width":527,"height":351,"url":"https:\/\/www.organisator.ch\/wp-content\/uploads\/2020\/01\/Lothar.jpg.png","type":"image\/png"}],"author":"michael.merz","twitter_card":"summary_large_image","schema":{"@context":"https:\/\/schema.org","@graph":[{"@type":"Article","@id":"https:\/\/www.organisator.ch\/fr\/general\/2020-01-14\/lothar-ein-beispiel-fuer-die-sicherheit-nach-waldschaeden\/#article","isPartOf":{"@id":"https:\/\/www.organisator.ch\/fr\/general\/2020-01-14\/lothar-ein-beispiel-fuer-die-sicherheit-nach-waldschaeden\/"},"author":{"name":"michael.merz","@id":"https:\/\/www.organisator.ch\/#\/schema\/person\/134708ca9321c57b0362cceb7948ffbd"},"headline":"Lothar: Ein Beispiel f\u00fcr die Sicherheit nach Waldsch\u00e4den","datePublished":"2020-01-14T09:52:30+00:00","mainEntityOfPage":{"@id":"https:\/\/www.organisator.ch\/fr\/general\/2020-01-14\/lothar-ein-beispiel-fuer-die-sicherheit-nach-waldschaeden\/"},"wordCount":244,"publisher":{"@id":"https:\/\/www.organisator.ch\/#organization"},"image":{"@id":"https:\/\/www.organisator.ch\/fr\/general\/2020-01-14\/lothar-ein-beispiel-fuer-die-sicherheit-nach-waldschaeden\/#primaryimage"},"thumbnailUrl":"https:\/\/www.organisator.ch\/wp-content\/uploads\/2020\/01\/Lothar.jpg.png","keywords":["Schweiz","Sicherheit","Sturm","Wald"],"inLanguage":"de"},{"@type":"WebPage","@id":"https:\/\/www.organisator.ch\/fr\/general\/2020-01-14\/lothar-ein-beispiel-fuer-die-sicherheit-nach-waldschaeden\/","url":"https:\/\/www.organisator.ch\/fr\/general\/2020-01-14\/lothar-ein-beispiel-fuer-die-sicherheit-nach-waldschaeden\/","name":"Lothar: Ein Beispiel f\u00fcr die Sicherheit nach Waldsch\u00e4den - Organisator","isPartOf":{"@id":"https:\/\/www.organisator.ch\/#website"},"primaryImageOfPage":{"@id":"https:\/\/www.organisator.ch\/fr\/general\/2020-01-14\/lothar-ein-beispiel-fuer-die-sicherheit-nach-waldschaeden\/#primaryimage"},"image":{"@id":"https:\/\/www.organisator.ch\/fr\/general\/2020-01-14\/lothar-ein-beispiel-fuer-die-sicherheit-nach-waldschaeden\/#primaryimage"},"thumbnailUrl":"https:\/\/www.organisator.ch\/wp-content\/uploads\/2020\/01\/Lothar.jpg.png","datePublished":"2020-01-14T09:52:30+00:00","description":"Die Aufr\u00e4umarbeiten nach dem Sturm \"Lothar\" vom Dezember 1999 haben mehrere Todesopfer gefordert.","breadcrumb":{"@id":"https:\/\/www.organisator.ch\/fr\/general\/2020-01-14\/lothar-ein-beispiel-fuer-die-sicherheit-nach-waldschaeden\/#breadcrumb"},"inLanguage":"de","potentialAction":[{"@type":"ReadAction","target":["https:\/\/www.organisator.ch\/fr\/general\/2020-01-14\/lothar-ein-beispiel-fuer-die-sicherheit-nach-waldschaeden\/"]}]},{"@type":"ImageObject","inLanguage":"de","@id":"https:\/\/www.organisator.ch\/fr\/general\/2020-01-14\/lothar-ein-beispiel-fuer-die-sicherheit-nach-waldschaeden\/#primaryimage","url":"https:\/\/www.organisator.ch\/wp-content\/uploads\/2020\/01\/Lothar.jpg.png","contentUrl":"https:\/\/www.organisator.ch\/wp-content\/uploads\/2020\/01\/Lothar.jpg.png","width":527,"height":351,"caption":"2020 ist Jahr des Waldes. Eine gr\u00f6ssere Naturkatastrophe in der Schweiz brachte der Sturm Lothar mit sich. (Bild: zVg)"},{"@type":"BreadcrumbList","@id":"https:\/\/www.organisator.ch\/fr\/general\/2020-01-14\/lothar-ein-beispiel-fuer-die-sicherheit-nach-waldschaeden\/#breadcrumb","itemListElement":[{"@type":"ListItem","position":1,"name":"Home","item":"https:\/\/www.organisator.ch\/"},{"@type":"ListItem","position":2,"name":"Lothar: Ein Beispiel f\u00fcr die Sicherheit nach Waldsch\u00e4den"}]},{"@type":"WebSite","@id":"https:\/\/www.organisator.ch\/#website","url":"https:\/\/www.organisator.ch\/","name":"Organisator","description":"Kompetent. Praxisnah. Der ORGANISATOR bereitet in 10 Ausgaben pro Jahr die wesentlichen Themen f\u00fcr F\u00fchrungskr\u00e4fte von KMU auf.","publisher":{"@id":"https:\/\/www.organisator.ch\/#organization"},"potentialAction":[{"@type":"SearchAction","target":{"@type":"EntryPoint","urlTemplate":"https:\/\/www.organisator.ch\/?s={search_term_string}"},"query-input":{"@type":"PropertyValueSpecification","valueRequired":true,"valueName":"search_term_string"}}],"inLanguage":"de"},{"@type":"Organization","@id":"https:\/\/www.organisator.ch\/#organization","name":"Organisator","url":"https:\/\/www.organisator.ch\/","logo":{"@type":"ImageObject","inLanguage":"de","@id":"https:\/\/www.organisator.ch\/#\/schema\/logo\/image\/","url":"https:\/\/www.organisator.ch\/wp-content\/uploads\/2022\/01\/Logo_Organisator_Website.png","contentUrl":"https:\/\/www.organisator.ch\/wp-content\/uploads\/2022\/01\/Logo_Organisator_Website.png","width":800,"height":77,"caption":"Organisator"},"image":{"@id":"https:\/\/www.organisator.ch\/#\/schema\/logo\/image\/"},"sameAs":["https:\/\/www.facebook.com\/OrganisatorFachmagazin","https:\/\/www.linkedin.com\/showcase\/organisator-das-magazin-fr-kmu","https:\/\/www.xing.com\/news\/pages\/organisator-ch-695","https:\/\/www.youtube.com\/channel\/UCGP2Sq0iWaZwT3BdIAQFYpw"]},{"@type":"Person","@id":"https:\/\/www.organisator.ch\/#\/schema\/person\/134708ca9321c57b0362cceb7948ffbd","name":"michael.merz","image":{"@type":"ImageObject","inLanguage":"de","@id":"https:\/\/secure.gravatar.com\/avatar\/?s=96&d=mm&r=g","url":"https:\/\/secure.gravatar.com\/avatar\/?s=96&d=mm&r=g","contentUrl":"https:\/\/secure.gravatar.com\/avatar\/?s=96&d=mm&r=g","caption":"michael.merz"},"url":"https:\/\/www.organisator.ch\/de\/author\/michael-merz\/"}]}},"_links":{"self":[{"href":"https:\/\/www.organisator.ch\/de\/wp-json\/wp\/v2\/posts\/10146","targetHints":{"allow":["GET"]}}],"collection":[{"href":"https:\/\/www.organisator.ch\/de\/wp-json\/wp\/v2\/posts"}],"about":[{"href":"https:\/\/www.organisator.ch\/de\/wp-json\/wp\/v2\/types\/post"}],"author":[{"embeddable":true,"href":"https:\/\/www.organisator.ch\/de\/wp-json\/wp\/v2\/users\/5"}],"replies":[{"embeddable":true,"href":"https:\/\/www.organisator.ch\/de\/wp-json\/wp\/v2\/comments?post=10146"}],"version-history":[{"count":0,"href":"https:\/\/www.organisator.ch\/de\/wp-json\/wp\/v2\/posts\/10146\/revisions"}],"wp:featuredmedia":[{"embeddable":true,"href":"https:\/\/www.organisator.ch\/de\/wp-json\/wp\/v2\/media\/9675"}],"wp:attachment":[{"href":"https:\/\/www.organisator.ch\/de\/wp-json\/wp\/v2\/media?parent=10146"}],"wp:term":[{"taxonomy":"category","embeddable":true,"href":"https:\/\/www.organisator.ch\/de\/wp-json\/wp\/v2\/categories?post=10146"},{"taxonomy":"post_tag","embeddable":true,"href":"https:\/\/www.organisator.ch\/de\/wp-json\/wp\/v2\/tags?post=10146"}],"curies":[{"name":"wp","href":"https:\/\/api.w.org\/{rel}","templated":true}]}}