{"id":10153,"date":"2020-02-04T11:38:37","date_gmt":"2020-02-04T10:38:37","guid":{"rendered":"https:\/\/www.umweltperspektiven.ch\/?p=2804"},"modified":"2022-02-09T11:06:50","modified_gmt":"2022-02-09T10:06:50","slug":"global-risk-report-sieht-handlungsbedarf-was-das-klima-anbetrifft","status":"publish","type":"post","link":"https:\/\/www.organisator.ch\/de\/sustainability\/2020-02-04\/global-risk-report-sieht-handlungsbedarf-was-das-klima-anbetrifft\/","title":{"rendered":"Global Risk Report sieht Handlungsbedarf, was das Klima anbetrifft"},"content":{"rendered":"<figure id=\"attachment_2805\" aria-describedby=\"caption-attachment-2805\" style=\"width: 680px\" class=\"wp-caption alignnone\"><img loading=\"lazy\" decoding=\"async\" class=\"size-medium wp-image-2805\" src=\"\/\/www.umweltperspektiven.ch\/wp-content\/uploads\/2020\/02\/global-risk-report-UP_Umwelt-Perspektiven.jpg\" alt=\"\" width=\"680\" height=\"509\" \/><figcaption id=\"caption-attachment-2805\" class=\"wp-caption-text\">Wenn sich die Beteiligten nicht auf die &#8222;heutige epochale Machtverschiebung&#8220; und die geopolitischen Turbulenzen einstellen, wird es knapp. (Symbolbild: Unsplash)<\/figcaption><\/figure>\n<p>&nbsp;<\/p>\n<p>Der Global Risk Bericht prognostiziert:<\/p>\n<ul>\n<li>Extreme Wetterereignisse mit gro\u00dfen Sch\u00e4den an Eigentum, Infrastruktur und Menschenleben<\/li>\n<li>Versagen von Regierungen und Unternehmen bei der Eind\u00e4mmung des Klimawandels und der Anpassung an den Klimawandel.<\/li>\n<li>Vom Menschen verursachte Umweltsch\u00e4den und -katastrophen, einschlie\u00dflich Umweltkriminalit\u00e4t, wie z.B. \u00d6lverschmutzung und radioaktive Verseuchung.<\/li>\n<li>Grosser Verlust an biologischer Vielfalt und Zusammenbruch von \u00d6kosystemen (an Land oder im Meer) mit irreversiblen Folgen f\u00fcr die Umwelt, was zu einer starken Ersch\u00f6pfung der Ressourcen f\u00fcr die Menschheit und die Industrie f\u00fchrt.<\/li>\n<li>Grosse Naturkatastrophen wie Erdbeben, Tsunamis, Vulkanausbr\u00fcche und geomagnetische St\u00fcrme.<\/li>\n<\/ul>\n<p><strong class=\"editorial_t_strong\">Die Zeit wird knapp<\/strong><\/p>\n<p>Wenn sich die Beteiligten nicht auf die &#8222;heutige epochale Machtverschiebung&#8220; und die geopolitischen Turbulenzen einstellen &#8211; w\u00e4hrend sie sich noch auf die Zukunft vorbereiten &#8211; wird die Zeit knapp, um einige der dringendsten wirtschaftlichen, \u00f6kologischen und technologischen Herausforderungen zu bew\u00e4ltigen. Dies signalisiert, wo der Handlungsbedarf f\u00fcr Unternehmen und politische Entscheidungstr\u00e4ger am gr\u00f6\u00dften ist.<\/p>\n<p><strong class=\"editorial_t_strong\">Denken auf Systemebene<\/strong><\/p>\n<p>Der Bericht \u00fcber die globalen Risiken wurde in Zusammenarbeit mit Marsh &amp; McLennan und der Zurich Insurance Group erstellt und ist Teil der Global Risks Initiative, die alle Beteiligten zusammenbringt, um nachhaltige, integrierte L\u00f6sungen f\u00fcr die dringendsten Herausforderungen der Welt zu entwickeln.\u00a0Um drohenden geopolitischen und \u00f6kologischen Risiken, die sonst unter dem Radar verschwinden k\u00f6nnten, zu begegnen, ist ein Denken auf Systemebene erforderlich. Der diesj\u00e4hrige Bericht konzentriert sich ausdr\u00fccklich auf die Auswirkungen der zunehmenden Ungleichheit, der L\u00fccken in der Technologiepolitik und der unter Druck stehenden Gesundheitssysteme.\u00a0Weiter\u00a0weist er darauf hin, dass die politischen Entscheidungstr\u00e4ger die Ziele zum Schutz der Erde mit denen zur Ankurbelung der Wirtschaft in Einklang bringen m\u00fcssen &#8211; und dass die Unternehmen die Risiken potenziell katastrophaler zuk\u00fcnftiger Verluste vermeiden m\u00fcssen, indem sie sich auf wissenschaftlich fundierte Ziele einstellen.<\/p>\n<p><strong class=\"editorial_t_strong\">Der Druck auf die Unternehmen w\u00e4chst<\/strong><\/p>\n<p>John Drzik, Vorsitzender von Marsh &amp; McLennan Insights, sagte: &#8222;Der Druck auf die Unternehmen w\u00e4chst, der von Investoren, Regulierungsbeh\u00f6rden, Kunden und Mitarbeitern ausgeht, um ihre Widerstandsf\u00e4higkeit gegen die steigende Volatilit\u00e4t des Klimas unter Beweis zu stellen. Wissenschaftliche Fortschritte bedeuten, dass Klimarisiken nun mit gr\u00f6\u00dferer Genauigkeit modelliert und in das Risikomanagement und die Gesch\u00e4ftspl\u00e4ne einbezogen werden k\u00f6nnen. Hochkar\u00e4tige Ereignisse, wie die j\u00fcngsten Waldbr\u00e4nde in Australien und Kalifornien, erh\u00f6hen den Druck auf die Unternehmen, Massnahmen gegen das Klimarisiko zu ergreifen, und das zu einer Zeit, in der sie auch mit gr\u00f6\u00dferen geopolitischen und Cyber-Risiko-Herausforderungen konfrontiert sind.\u201d<\/p>\n<p>&#8222;Die politische Landschaft ist polarisiert, der Meeresspiegel steigt und die Klimafeuer brennen. Dies ist das Jahr, in dem die Staats- und Regierungschefs der Welt mit allen Bereichen der Gesellschaft zusammenarbeiten m\u00fcssen, um unsere Kooperationssysteme zu reparieren und neu zu beleben, nicht nur zum kurzfristigen Nutzen, sondern auch zur Bew\u00e4ltigung unserer tief verwurzelten Risiken&#8220;, sagte Borge Brende, Pr\u00e4sident des Weltwirtschaftsforums.<\/p>\n<p>F\u00fcr die j\u00fcngeren Generationen ist der Zustand des Planeten noch alarmierender. Der Bericht zeigt auf, wie die Risiken von den nach 1980 Geborenen gesehen werden: Sie stuften die Umweltrisiken kurz- und langfristig h\u00f6her ein als andere Befragte.<\/p>\n<p>&nbsp;<\/p>\n","protected":false},"excerpt":{"rendered":"<p>&nbsp; Der Global Risk Bericht prognostiziert: Extreme Wetterereignisse mit gro\u00dfen Sch\u00e4den an Eigentum, Infrastruktur und Menschenleben Versagen von Regierungen und Unternehmen bei der Eind\u00e4mmung des Klimawandels und der Anpassung an den Klimawandel. Vom Menschen verursachte Umweltsch\u00e4den und -katastrophen, einschlie\u00dflich Umweltkriminalit\u00e4t, wie z.B. \u00d6lverschmutzung und radioaktive Verseuchung. Grosser Verlust an biologischer Vielfalt und Zusammenbruch von \u00d6kosystemen [&hellip;]<\/p>\n","protected":false},"author":5,"featured_media":9679,"comment_status":"closed","ping_status":"closed","sticky":false,"template":"","format":"standard","meta":{"_acf_changed":false,"_yoast_wpseo_focuskw":"Global Risk Report","_yoast_wpseo_metadesc":"Der Global Risk Report 2020 des Weltwirtschaftsforums benennt mittels Expertenumfragen die Risiken der kommenden Jahre. Darunter f\u00e4llt auch die Klimafrage.","articlekey":"","footnotes":""},"categories":[580],"tags":[1301,1532,460,2538],"class_list":["post-10153","post","type-post","status-publish","format-standard","has-post-thumbnail","hentry","category-sustainability","tag-global-risk-report","tag-klimawandel","tag-studien","tag-wef"],"acf":[],"yoast_head":"<!-- This site is optimized with the Yoast SEO plugin v27.5 - https:\/\/yoast.com\/product\/yoast-seo-wordpress\/ -->\n<title>Global Risk Report sieht Handlungsbedarf, was das Klima anbetrifft - Organisator<\/title>\n<meta name=\"description\" content=\"Der Global Risk Report 2020 des Weltwirtschaftsforums benennt mittels Expertenumfragen die Risiken der kommenden Jahre. Darunter f\u00e4llt auch die Klimafrage.\" \/>\n<meta name=\"robots\" content=\"index, follow, max-snippet:-1, max-image-preview:large, max-video-preview:-1\" \/>\n<link rel=\"canonical\" href=\"https:\/\/www.organisator.ch\/de\/sustainability\/2020-02-04\/global-risk-report-sieht-handlungsbedarf-was-das-klima-anbetrifft\/\" \/>\n<meta property=\"og:locale\" content=\"de_DE\" \/>\n<meta property=\"og:type\" content=\"article\" \/>\n<meta property=\"og:title\" content=\"Global Risk Report sieht Handlungsbedarf, was das Klima anbetrifft - Organisator\" \/>\n<meta property=\"og:description\" content=\"Der Global Risk Report 2020 des Weltwirtschaftsforums benennt mittels Expertenumfragen die Risiken der kommenden Jahre. Darunter f\u00e4llt auch die Klimafrage.\" \/>\n<meta property=\"og:url\" content=\"https:\/\/www.organisator.ch\/de\/sustainability\/2020-02-04\/global-risk-report-sieht-handlungsbedarf-was-das-klima-anbetrifft\/\" \/>\n<meta property=\"og:site_name\" content=\"Organisator\" \/>\n<meta property=\"article:publisher\" content=\"https:\/\/www.facebook.com\/OrganisatorFachmagazin\" \/>\n<meta property=\"article:published_time\" content=\"2020-02-04T10:38:37+00:00\" \/>\n<meta property=\"article:modified_time\" content=\"2022-02-09T10:06:50+00:00\" \/>\n<meta property=\"og:image\" content=\"https:\/\/www.organisator.ch\/wp-content\/uploads\/2020\/02\/global-risk-report-UP_Umwelt-Perspektiven.jpg\" \/>\n\t<meta property=\"og:image:width\" content=\"1634\" \/>\n\t<meta property=\"og:image:height\" content=\"1223\" \/>\n\t<meta property=\"og:image:type\" content=\"image\/jpeg\" \/>\n<meta name=\"author\" content=\"michael.merz\" \/>\n<meta name=\"twitter:card\" content=\"summary_large_image\" \/>\n<script type=\"application\/ld+json\" class=\"yoast-schema-graph\">{\"@context\":\"https:\\\/\\\/schema.org\",\"@graph\":[{\"@type\":\"Article\",\"@id\":\"https:\\\/\\\/www.organisator.ch\\\/sustainability\\\/2020-02-04\\\/global-risk-report-sieht-handlungsbedarf-was-das-klima-anbetrifft\\\/#article\",\"isPartOf\":{\"@id\":\"https:\\\/\\\/www.organisator.ch\\\/sustainability\\\/2020-02-04\\\/global-risk-report-sieht-handlungsbedarf-was-das-klima-anbetrifft\\\/\"},\"author\":{\"name\":\"michael.merz\",\"@id\":\"https:\\\/\\\/www.organisator.ch\\\/#\\\/schema\\\/person\\\/134708ca9321c57b0362cceb7948ffbd\"},\"headline\":\"Global Risk Report sieht Handlungsbedarf, was das Klima anbetrifft\",\"datePublished\":\"2020-02-04T10:38:37+00:00\",\"dateModified\":\"2022-02-09T10:06:50+00:00\",\"mainEntityOfPage\":{\"@id\":\"https:\\\/\\\/www.organisator.ch\\\/sustainability\\\/2020-02-04\\\/global-risk-report-sieht-handlungsbedarf-was-das-klima-anbetrifft\\\/\"},\"wordCount\":561,\"publisher\":{\"@id\":\"https:\\\/\\\/www.organisator.ch\\\/#organization\"},\"image\":{\"@id\":\"https:\\\/\\\/www.organisator.ch\\\/sustainability\\\/2020-02-04\\\/global-risk-report-sieht-handlungsbedarf-was-das-klima-anbetrifft\\\/#primaryimage\"},\"thumbnailUrl\":\"https:\\\/\\\/www.organisator.ch\\\/wp-content\\\/uploads\\\/2020\\\/02\\\/global-risk-report-UP_Umwelt-Perspektiven.jpg\",\"keywords\":[\"Global Risk Report\",\"Klimawandel\",\"Studien\",\"WEF\"],\"articleSection\":[\"SUSTAINABILITY\"],\"inLanguage\":\"de\"},{\"@type\":\"WebPage\",\"@id\":\"https:\\\/\\\/www.organisator.ch\\\/sustainability\\\/2020-02-04\\\/global-risk-report-sieht-handlungsbedarf-was-das-klima-anbetrifft\\\/\",\"url\":\"https:\\\/\\\/www.organisator.ch\\\/sustainability\\\/2020-02-04\\\/global-risk-report-sieht-handlungsbedarf-was-das-klima-anbetrifft\\\/\",\"name\":\"Global Risk Report sieht Handlungsbedarf, was das Klima anbetrifft - Organisator\",\"isPartOf\":{\"@id\":\"https:\\\/\\\/www.organisator.ch\\\/#website\"},\"primaryImageOfPage\":{\"@id\":\"https:\\\/\\\/www.organisator.ch\\\/sustainability\\\/2020-02-04\\\/global-risk-report-sieht-handlungsbedarf-was-das-klima-anbetrifft\\\/#primaryimage\"},\"image\":{\"@id\":\"https:\\\/\\\/www.organisator.ch\\\/sustainability\\\/2020-02-04\\\/global-risk-report-sieht-handlungsbedarf-was-das-klima-anbetrifft\\\/#primaryimage\"},\"thumbnailUrl\":\"https:\\\/\\\/www.organisator.ch\\\/wp-content\\\/uploads\\\/2020\\\/02\\\/global-risk-report-UP_Umwelt-Perspektiven.jpg\",\"datePublished\":\"2020-02-04T10:38:37+00:00\",\"dateModified\":\"2022-02-09T10:06:50+00:00\",\"description\":\"Der Global Risk Report 2020 des Weltwirtschaftsforums benennt mittels Expertenumfragen die Risiken der kommenden Jahre. Darunter f\u00e4llt auch die Klimafrage.\",\"breadcrumb\":{\"@id\":\"https:\\\/\\\/www.organisator.ch\\\/sustainability\\\/2020-02-04\\\/global-risk-report-sieht-handlungsbedarf-was-das-klima-anbetrifft\\\/#breadcrumb\"},\"inLanguage\":\"de\",\"potentialAction\":[{\"@type\":\"ReadAction\",\"target\":[\"https:\\\/\\\/www.organisator.ch\\\/sustainability\\\/2020-02-04\\\/global-risk-report-sieht-handlungsbedarf-was-das-klima-anbetrifft\\\/\"]}]},{\"@type\":\"ImageObject\",\"inLanguage\":\"de\",\"@id\":\"https:\\\/\\\/www.organisator.ch\\\/sustainability\\\/2020-02-04\\\/global-risk-report-sieht-handlungsbedarf-was-das-klima-anbetrifft\\\/#primaryimage\",\"url\":\"https:\\\/\\\/www.organisator.ch\\\/wp-content\\\/uploads\\\/2020\\\/02\\\/global-risk-report-UP_Umwelt-Perspektiven.jpg\",\"contentUrl\":\"https:\\\/\\\/www.organisator.ch\\\/wp-content\\\/uploads\\\/2020\\\/02\\\/global-risk-report-UP_Umwelt-Perspektiven.jpg\",\"width\":1634,\"height\":1223,\"caption\":\"Wenn sich die Beteiligten nicht auf die \\\"heutige epochale Machtverschiebung\\\" und die geopolitischen Turbulenzen einstellen, wird es knapp. (Symbolbild: Unsplash)\"},{\"@type\":\"BreadcrumbList\",\"@id\":\"https:\\\/\\\/www.organisator.ch\\\/sustainability\\\/2020-02-04\\\/global-risk-report-sieht-handlungsbedarf-was-das-klima-anbetrifft\\\/#breadcrumb\",\"itemListElement\":[{\"@type\":\"ListItem\",\"position\":1,\"name\":\"Home\",\"item\":\"https:\\\/\\\/www.organisator.ch\\\/\"},{\"@type\":\"ListItem\",\"position\":2,\"name\":\"Global Risk Report sieht Handlungsbedarf, was das Klima anbetrifft\"}]},{\"@type\":\"WebSite\",\"@id\":\"https:\\\/\\\/www.organisator.ch\\\/#website\",\"url\":\"https:\\\/\\\/www.organisator.ch\\\/\",\"name\":\"Organisator\",\"description\":\"Kompetent. Praxisnah. Der ORGANISATOR bereitet in 10 Ausgaben pro Jahr die wesentlichen Themen f\u00fcr F\u00fchrungskr\u00e4fte von KMU auf.\",\"publisher\":{\"@id\":\"https:\\\/\\\/www.organisator.ch\\\/#organization\"},\"potentialAction\":[{\"@type\":\"SearchAction\",\"target\":{\"@type\":\"EntryPoint\",\"urlTemplate\":\"https:\\\/\\\/www.organisator.ch\\\/?s={search_term_string}\"},\"query-input\":{\"@type\":\"PropertyValueSpecification\",\"valueRequired\":true,\"valueName\":\"search_term_string\"}}],\"inLanguage\":\"de\"},{\"@type\":\"Organization\",\"@id\":\"https:\\\/\\\/www.organisator.ch\\\/#organization\",\"name\":\"Organisator\",\"url\":\"https:\\\/\\\/www.organisator.ch\\\/\",\"logo\":{\"@type\":\"ImageObject\",\"inLanguage\":\"de\",\"@id\":\"https:\\\/\\\/www.organisator.ch\\\/#\\\/schema\\\/logo\\\/image\\\/\",\"url\":\"https:\\\/\\\/www.organisator.ch\\\/wp-content\\\/uploads\\\/2022\\\/01\\\/Logo_Organisator_Website.png\",\"contentUrl\":\"https:\\\/\\\/www.organisator.ch\\\/wp-content\\\/uploads\\\/2022\\\/01\\\/Logo_Organisator_Website.png\",\"width\":800,\"height\":77,\"caption\":\"Organisator\"},\"image\":{\"@id\":\"https:\\\/\\\/www.organisator.ch\\\/#\\\/schema\\\/logo\\\/image\\\/\"},\"sameAs\":[\"https:\\\/\\\/www.facebook.com\\\/OrganisatorFachmagazin\",\"https:\\\/\\\/www.linkedin.com\\\/showcase\\\/organisator-das-magazin-fr-kmu\",\"https:\\\/\\\/www.xing.com\\\/news\\\/pages\\\/organisator-ch-695\",\"https:\\\/\\\/www.youtube.com\\\/channel\\\/UCGP2Sq0iWaZwT3BdIAQFYpw\"]},{\"@type\":\"Person\",\"@id\":\"https:\\\/\\\/www.organisator.ch\\\/#\\\/schema\\\/person\\\/134708ca9321c57b0362cceb7948ffbd\",\"name\":\"michael.merz\",\"image\":{\"@type\":\"ImageObject\",\"inLanguage\":\"de\",\"@id\":\"https:\\\/\\\/secure.gravatar.com\\\/avatar\\\/?s=96&d=mm&r=g\",\"url\":\"https:\\\/\\\/secure.gravatar.com\\\/avatar\\\/?s=96&d=mm&r=g\",\"contentUrl\":\"https:\\\/\\\/secure.gravatar.com\\\/avatar\\\/?s=96&d=mm&r=g\",\"caption\":\"michael.merz\"},\"url\":\"https:\\\/\\\/www.organisator.ch\\\/de\\\/author\\\/michael-merz\\\/\"}]}<\/script>\n<!-- \/ Yoast SEO plugin. -->","yoast_head_json":{"title":"Global Risk Report sieht Handlungsbedarf, was das Klima anbetrifft - Organisator","description":"Der Global Risk Report 2020 des Weltwirtschaftsforums benennt mittels Expertenumfragen die Risiken der kommenden Jahre. Darunter f\u00e4llt auch die Klimafrage.","robots":{"index":"index","follow":"follow","max-snippet":"max-snippet:-1","max-image-preview":"max-image-preview:large","max-video-preview":"max-video-preview:-1"},"canonical":"https:\/\/www.organisator.ch\/de\/sustainability\/2020-02-04\/global-risk-report-sieht-handlungsbedarf-was-das-klima-anbetrifft\/","og_locale":"de_DE","og_type":"article","og_title":"Global Risk Report sieht Handlungsbedarf, was das Klima anbetrifft - Organisator","og_description":"Der Global Risk Report 2020 des Weltwirtschaftsforums benennt mittels Expertenumfragen die Risiken der kommenden Jahre. Darunter f\u00e4llt auch die Klimafrage.","og_url":"https:\/\/www.organisator.ch\/de\/sustainability\/2020-02-04\/global-risk-report-sieht-handlungsbedarf-was-das-klima-anbetrifft\/","og_site_name":"Organisator","article_publisher":"https:\/\/www.facebook.com\/OrganisatorFachmagazin","article_published_time":"2020-02-04T10:38:37+00:00","article_modified_time":"2022-02-09T10:06:50+00:00","og_image":[{"width":1634,"height":1223,"url":"https:\/\/www.organisator.ch\/wp-content\/uploads\/2020\/02\/global-risk-report-UP_Umwelt-Perspektiven.jpg","type":"image\/jpeg"}],"author":"michael.merz","twitter_card":"summary_large_image","schema":{"@context":"https:\/\/schema.org","@graph":[{"@type":"Article","@id":"https:\/\/www.organisator.ch\/sustainability\/2020-02-04\/global-risk-report-sieht-handlungsbedarf-was-das-klima-anbetrifft\/#article","isPartOf":{"@id":"https:\/\/www.organisator.ch\/sustainability\/2020-02-04\/global-risk-report-sieht-handlungsbedarf-was-das-klima-anbetrifft\/"},"author":{"name":"michael.merz","@id":"https:\/\/www.organisator.ch\/#\/schema\/person\/134708ca9321c57b0362cceb7948ffbd"},"headline":"Global Risk Report sieht Handlungsbedarf, was das Klima anbetrifft","datePublished":"2020-02-04T10:38:37+00:00","dateModified":"2022-02-09T10:06:50+00:00","mainEntityOfPage":{"@id":"https:\/\/www.organisator.ch\/sustainability\/2020-02-04\/global-risk-report-sieht-handlungsbedarf-was-das-klima-anbetrifft\/"},"wordCount":561,"publisher":{"@id":"https:\/\/www.organisator.ch\/#organization"},"image":{"@id":"https:\/\/www.organisator.ch\/sustainability\/2020-02-04\/global-risk-report-sieht-handlungsbedarf-was-das-klima-anbetrifft\/#primaryimage"},"thumbnailUrl":"https:\/\/www.organisator.ch\/wp-content\/uploads\/2020\/02\/global-risk-report-UP_Umwelt-Perspektiven.jpg","keywords":["Global Risk Report","Klimawandel","Studien","WEF"],"articleSection":["SUSTAINABILITY"],"inLanguage":"de"},{"@type":"WebPage","@id":"https:\/\/www.organisator.ch\/sustainability\/2020-02-04\/global-risk-report-sieht-handlungsbedarf-was-das-klima-anbetrifft\/","url":"https:\/\/www.organisator.ch\/sustainability\/2020-02-04\/global-risk-report-sieht-handlungsbedarf-was-das-klima-anbetrifft\/","name":"Global Risk Report sieht Handlungsbedarf, was das Klima anbetrifft - Organisator","isPartOf":{"@id":"https:\/\/www.organisator.ch\/#website"},"primaryImageOfPage":{"@id":"https:\/\/www.organisator.ch\/sustainability\/2020-02-04\/global-risk-report-sieht-handlungsbedarf-was-das-klima-anbetrifft\/#primaryimage"},"image":{"@id":"https:\/\/www.organisator.ch\/sustainability\/2020-02-04\/global-risk-report-sieht-handlungsbedarf-was-das-klima-anbetrifft\/#primaryimage"},"thumbnailUrl":"https:\/\/www.organisator.ch\/wp-content\/uploads\/2020\/02\/global-risk-report-UP_Umwelt-Perspektiven.jpg","datePublished":"2020-02-04T10:38:37+00:00","dateModified":"2022-02-09T10:06:50+00:00","description":"Der Global Risk Report 2020 des Weltwirtschaftsforums benennt mittels Expertenumfragen die Risiken der kommenden Jahre. Darunter f\u00e4llt auch die Klimafrage.","breadcrumb":{"@id":"https:\/\/www.organisator.ch\/sustainability\/2020-02-04\/global-risk-report-sieht-handlungsbedarf-was-das-klima-anbetrifft\/#breadcrumb"},"inLanguage":"de","potentialAction":[{"@type":"ReadAction","target":["https:\/\/www.organisator.ch\/sustainability\/2020-02-04\/global-risk-report-sieht-handlungsbedarf-was-das-klima-anbetrifft\/"]}]},{"@type":"ImageObject","inLanguage":"de","@id":"https:\/\/www.organisator.ch\/sustainability\/2020-02-04\/global-risk-report-sieht-handlungsbedarf-was-das-klima-anbetrifft\/#primaryimage","url":"https:\/\/www.organisator.ch\/wp-content\/uploads\/2020\/02\/global-risk-report-UP_Umwelt-Perspektiven.jpg","contentUrl":"https:\/\/www.organisator.ch\/wp-content\/uploads\/2020\/02\/global-risk-report-UP_Umwelt-Perspektiven.jpg","width":1634,"height":1223,"caption":"Wenn sich die Beteiligten nicht auf die \"heutige epochale Machtverschiebung\" und die geopolitischen Turbulenzen einstellen, wird es knapp. (Symbolbild: Unsplash)"},{"@type":"BreadcrumbList","@id":"https:\/\/www.organisator.ch\/sustainability\/2020-02-04\/global-risk-report-sieht-handlungsbedarf-was-das-klima-anbetrifft\/#breadcrumb","itemListElement":[{"@type":"ListItem","position":1,"name":"Home","item":"https:\/\/www.organisator.ch\/"},{"@type":"ListItem","position":2,"name":"Global Risk Report sieht Handlungsbedarf, was das Klima anbetrifft"}]},{"@type":"WebSite","@id":"https:\/\/www.organisator.ch\/#website","url":"https:\/\/www.organisator.ch\/","name":"Organisator","description":"Kompetent. Praxisnah. Der ORGANISATOR bereitet in 10 Ausgaben pro Jahr die wesentlichen Themen f\u00fcr F\u00fchrungskr\u00e4fte von KMU auf.","publisher":{"@id":"https:\/\/www.organisator.ch\/#organization"},"potentialAction":[{"@type":"SearchAction","target":{"@type":"EntryPoint","urlTemplate":"https:\/\/www.organisator.ch\/?s={search_term_string}"},"query-input":{"@type":"PropertyValueSpecification","valueRequired":true,"valueName":"search_term_string"}}],"inLanguage":"de"},{"@type":"Organization","@id":"https:\/\/www.organisator.ch\/#organization","name":"Organisator","url":"https:\/\/www.organisator.ch\/","logo":{"@type":"ImageObject","inLanguage":"de","@id":"https:\/\/www.organisator.ch\/#\/schema\/logo\/image\/","url":"https:\/\/www.organisator.ch\/wp-content\/uploads\/2022\/01\/Logo_Organisator_Website.png","contentUrl":"https:\/\/www.organisator.ch\/wp-content\/uploads\/2022\/01\/Logo_Organisator_Website.png","width":800,"height":77,"caption":"Organisator"},"image":{"@id":"https:\/\/www.organisator.ch\/#\/schema\/logo\/image\/"},"sameAs":["https:\/\/www.facebook.com\/OrganisatorFachmagazin","https:\/\/www.linkedin.com\/showcase\/organisator-das-magazin-fr-kmu","https:\/\/www.xing.com\/news\/pages\/organisator-ch-695","https:\/\/www.youtube.com\/channel\/UCGP2Sq0iWaZwT3BdIAQFYpw"]},{"@type":"Person","@id":"https:\/\/www.organisator.ch\/#\/schema\/person\/134708ca9321c57b0362cceb7948ffbd","name":"michael.merz","image":{"@type":"ImageObject","inLanguage":"de","@id":"https:\/\/secure.gravatar.com\/avatar\/?s=96&d=mm&r=g","url":"https:\/\/secure.gravatar.com\/avatar\/?s=96&d=mm&r=g","contentUrl":"https:\/\/secure.gravatar.com\/avatar\/?s=96&d=mm&r=g","caption":"michael.merz"},"url":"https:\/\/www.organisator.ch\/de\/author\/michael-merz\/"}]}},"_links":{"self":[{"href":"https:\/\/www.organisator.ch\/de\/wp-json\/wp\/v2\/posts\/10153","targetHints":{"allow":["GET"]}}],"collection":[{"href":"https:\/\/www.organisator.ch\/de\/wp-json\/wp\/v2\/posts"}],"about":[{"href":"https:\/\/www.organisator.ch\/de\/wp-json\/wp\/v2\/types\/post"}],"author":[{"embeddable":true,"href":"https:\/\/www.organisator.ch\/de\/wp-json\/wp\/v2\/users\/5"}],"replies":[{"embeddable":true,"href":"https:\/\/www.organisator.ch\/de\/wp-json\/wp\/v2\/comments?post=10153"}],"version-history":[{"count":1,"href":"https:\/\/www.organisator.ch\/de\/wp-json\/wp\/v2\/posts\/10153\/revisions"}],"predecessor-version":[{"id":10684,"href":"https:\/\/www.organisator.ch\/de\/wp-json\/wp\/v2\/posts\/10153\/revisions\/10684"}],"wp:featuredmedia":[{"embeddable":true,"href":"https:\/\/www.organisator.ch\/de\/wp-json\/wp\/v2\/media\/9679"}],"wp:attachment":[{"href":"https:\/\/www.organisator.ch\/de\/wp-json\/wp\/v2\/media?parent=10153"}],"wp:term":[{"taxonomy":"category","embeddable":true,"href":"https:\/\/www.organisator.ch\/de\/wp-json\/wp\/v2\/categories?post=10153"},{"taxonomy":"post_tag","embeddable":true,"href":"https:\/\/www.organisator.ch\/de\/wp-json\/wp\/v2\/tags?post=10153"}],"curies":[{"name":"wp","href":"https:\/\/api.w.org\/{rel}","templated":true}]}}