{"id":10155,"date":"2020-02-10T10:41:45","date_gmt":"2020-02-10T09:41:45","guid":{"rendered":"https:\/\/www.umweltperspektiven.ch\/?p=2831"},"modified":"2022-02-09T11:06:14","modified_gmt":"2022-02-09T10:06:14","slug":"klimawandel-gefaehrdet-energieversorgung","status":"publish","type":"post","link":"https:\/\/www.organisator.ch\/de\/sustainability\/2020-02-10\/klimawandel-gefaehrdet-energieversorgung\/","title":{"rendered":"Klimawandel gef\u00e4hrdet Energieversorgung"},"content":{"rendered":"<p>&nbsp;<\/p>\n<figure id=\"attachment_2832\" aria-describedby=\"caption-attachment-2832\" style=\"width: 680px\" class=\"wp-caption alignnone\"><img loading=\"lazy\" decoding=\"async\" class=\"size-medium wp-image-2832\" src=\"\/\/www.umweltperspektiven.ch\/wp-content\/uploads\/2020\/02\/13379e0c.jpg\" alt=\"\" width=\"680\" height=\"453\" \/><figcaption id=\"caption-attachment-2832\" class=\"wp-caption-text\">Europe from space at night with city lights showing European cities \u00a9 Nasa<\/figcaption><\/figure>\n<p>&nbsp;<\/p>\n<p>Der Klimawandel birgt enorme Versorgungsrisiken. Ein neues Simulationsmodell der EPFL macht das deutlich. Neue, nachhaltige Energiesysteme sind meist f\u00fcr heutige Klimaverh\u00e4ltnisse konzipiert. Klimabedingte Risiken werden bei ihrer Entwicklung kaum ber\u00fccksichtigt. Forschende der Eidgen\u00f6ssischen Technischen Hochschule Lausanne (<a href=\"\/\/www.epfl.ch\/en\/\" target=\"_blank\" rel=\"noopener\">EPFL<\/a>) haben dies zum Anlass genommen, eine stochastisch robuste Simulationsmethode zu entwickeln. Sie zeigt, dass die k\u00fcnftige Energieversorgung in Gefahr ist.<\/p>\n<p class=\"bodytext\">\u201eWir haben beobachtet, dass die heutigen Energiesysteme so konzipiert sind, dass sie sehr anf\u00e4llig f\u00fcr extreme Wetterereignisse wie St\u00fcrme und Hitzewellen sind\u201c, wird Dasun Perera vom Labor f\u00fcr Solarenergie und Bauphysik der EPFL (<a href=\"\/\/www.epfl.ch\/labs\/leso\/\" target=\"_blank\" rel=\"noopener\">LESO-PB<\/a>) in einer\u00a0<a href=\"\/\/actu.epfl.ch\/news\/climate-change-will-disrupt-existing-energy-system\/\" target=\"_blank\" rel=\"noopener\">Mitteilung<\/a>\u00a0zitiert. Zudem w\u00fcrden Klimaschwankungen zu erheblichen Schwankungen bei der Einspeisung von Strom aus erneuerbaren Quellen in die Netze sowie bei der Energienachfrage f\u00fchren.<\/p>\n<p class=\"bodytext\">Bisher habe niemand versucht, die beiden Themen Klimawandel und Energieproduktion ganzheitlich zu verbinden. \u201eWenn wir nichts unternehmen, werden unsere derzeitigen Energiesysteme die Nachfrage nicht mehr decken k\u00f6nnen\u201c, so Jean-Louis Scartezzini, Leiter des LESO-PB\u00a0an der EPFL.<\/p>\n<p class=\"bodytext\">Die Forschenden wandten ihre Methode auf 30 schwedische St\u00e4dte an. Dabei berechneten sie 13 Szenarien f\u00fcr den Klimawandel. Sie stellten fest, dass unter extremen Bedingungen der st\u00fcndliche Bedarf an Heizung und K\u00fchlung im gesamten derzeitigen Wohngeb\u00e4udebestand des Landes zwischen 50 und 400 Prozent \u00fcber dem historischen 20-Jahres-Durchschnitt liegt. Die Ergebnisse gelten f\u00fcr weite Teile Mitteleuropas.<\/p>\n<p class=\"bodytext\">Sie wurden jetzt in der Zeitschrift \u201e<a href=\"\/\/www.nature.com\/articles\/s41560-020-0558-0\" target=\"_blank\" rel=\"noopener\">Nature Energy<\/a>\u201c ver\u00f6ffentlicht.<\/p>\n","protected":false},"excerpt":{"rendered":"<p>&nbsp; &nbsp; Der Klimawandel birgt enorme Versorgungsrisiken. Ein neues Simulationsmodell der EPFL macht das deutlich. Neue, nachhaltige Energiesysteme sind meist f\u00fcr heutige Klimaverh\u00e4ltnisse konzipiert. Klimabedingte Risiken werden bei ihrer Entwicklung kaum ber\u00fccksichtigt. Forschende der Eidgen\u00f6ssischen Technischen Hochschule Lausanne (EPFL) haben dies zum Anlass genommen, eine stochastisch robuste Simulationsmethode zu entwickeln. Sie zeigt, dass die k\u00fcnftige [&hellip;]<\/p>\n","protected":false},"author":5,"featured_media":2832,"comment_status":"closed","ping_status":"closed","sticky":false,"template":"","format":"standard","meta":{"_acf_changed":false,"_yoast_wpseo_focuskw":"Klimawandel","_yoast_wpseo_metadesc":"Der Klimawandel k\u00f6nnte die Energieversorgung der Schweiz gef\u00e4hrden. Forschende der Eidgen\u00f6ssischen Technischen Hochschule Lausanne schlagen Alarm.","articlekey":"","footnotes":""},"categories":[580],"tags":[617,1107,1532,424],"class_list":["post-10155","post","type-post","status-publish","format-standard","has-post-thumbnail","hentry","category-sustainability","tag-energieversorgung","tag-epfl","tag-klimawandel","tag-schweiz"],"acf":[],"yoast_head":"<!-- This site is optimized with the Yoast SEO plugin v27.5 - https:\/\/yoast.com\/product\/yoast-seo-wordpress\/ -->\n<title>Klimawandel gef\u00e4hrdet Energieversorgung - Organisator<\/title>\n<meta name=\"description\" content=\"Der Klimawandel k\u00f6nnte die Energieversorgung der Schweiz gef\u00e4hrden. Forschende der Eidgen\u00f6ssischen Technischen Hochschule Lausanne schlagen Alarm.\" \/>\n<meta name=\"robots\" content=\"index, follow, max-snippet:-1, max-image-preview:large, max-video-preview:-1\" \/>\n<link rel=\"canonical\" href=\"https:\/\/www.organisator.ch\/de\/sustainability\/2020-02-10\/klimawandel-gefaehrdet-energieversorgung\/\" \/>\n<meta property=\"og:locale\" content=\"de_DE\" \/>\n<meta property=\"og:type\" content=\"article\" \/>\n<meta property=\"og:title\" content=\"Klimawandel gef\u00e4hrdet Energieversorgung - Organisator\" \/>\n<meta property=\"og:description\" content=\"Der Klimawandel k\u00f6nnte die Energieversorgung der Schweiz gef\u00e4hrden. Forschende der Eidgen\u00f6ssischen Technischen Hochschule Lausanne schlagen Alarm.\" \/>\n<meta property=\"og:url\" content=\"https:\/\/www.organisator.ch\/de\/sustainability\/2020-02-10\/klimawandel-gefaehrdet-energieversorgung\/\" \/>\n<meta property=\"og:site_name\" content=\"Organisator\" \/>\n<meta property=\"article:publisher\" content=\"https:\/\/www.facebook.com\/OrganisatorFachmagazin\" \/>\n<meta property=\"article:published_time\" content=\"2020-02-10T09:41:45+00:00\" \/>\n<meta property=\"article:modified_time\" content=\"2022-02-09T10:06:14+00:00\" \/>\n<meta property=\"og:image\" content=\"https:\/\/www.organisator.ch\/wp-content\/uploads\/2020\/02\/13379e0c-scaled.jpg\" \/>\n\t<meta property=\"og:image:width\" content=\"2560\" \/>\n\t<meta property=\"og:image:height\" content=\"1707\" \/>\n\t<meta property=\"og:image:type\" content=\"image\/jpeg\" \/>\n<meta name=\"author\" content=\"michael.merz\" \/>\n<meta name=\"twitter:card\" content=\"summary_large_image\" \/>\n<script type=\"application\/ld+json\" class=\"yoast-schema-graph\">{\"@context\":\"https:\\\/\\\/schema.org\",\"@graph\":[{\"@type\":\"Article\",\"@id\":\"https:\\\/\\\/www.organisator.ch\\\/sustainability\\\/2020-02-10\\\/klimawandel-gefaehrdet-energieversorgung\\\/#article\",\"isPartOf\":{\"@id\":\"https:\\\/\\\/www.organisator.ch\\\/sustainability\\\/2020-02-10\\\/klimawandel-gefaehrdet-energieversorgung\\\/\"},\"author\":{\"name\":\"michael.merz\",\"@id\":\"https:\\\/\\\/www.organisator.ch\\\/#\\\/schema\\\/person\\\/134708ca9321c57b0362cceb7948ffbd\"},\"headline\":\"Klimawandel gef\u00e4hrdet Energieversorgung\",\"datePublished\":\"2020-02-10T09:41:45+00:00\",\"dateModified\":\"2022-02-09T10:06:14+00:00\",\"mainEntityOfPage\":{\"@id\":\"https:\\\/\\\/www.organisator.ch\\\/sustainability\\\/2020-02-10\\\/klimawandel-gefaehrdet-energieversorgung\\\/\"},\"wordCount\":257,\"publisher\":{\"@id\":\"https:\\\/\\\/www.organisator.ch\\\/#organization\"},\"image\":{\"@id\":\"https:\\\/\\\/www.organisator.ch\\\/sustainability\\\/2020-02-10\\\/klimawandel-gefaehrdet-energieversorgung\\\/#primaryimage\"},\"thumbnailUrl\":\"https:\\\/\\\/www.organisator.ch\\\/wp-content\\\/uploads\\\/2020\\\/02\\\/13379e0c-scaled.jpg\",\"keywords\":[\"Energieversorgung\",\"EPFL\",\"Klimawandel\",\"Schweiz\"],\"articleSection\":[\"SUSTAINABILITY\"],\"inLanguage\":\"de\"},{\"@type\":\"WebPage\",\"@id\":\"https:\\\/\\\/www.organisator.ch\\\/sustainability\\\/2020-02-10\\\/klimawandel-gefaehrdet-energieversorgung\\\/\",\"url\":\"https:\\\/\\\/www.organisator.ch\\\/sustainability\\\/2020-02-10\\\/klimawandel-gefaehrdet-energieversorgung\\\/\",\"name\":\"Klimawandel gef\u00e4hrdet Energieversorgung - Organisator\",\"isPartOf\":{\"@id\":\"https:\\\/\\\/www.organisator.ch\\\/#website\"},\"primaryImageOfPage\":{\"@id\":\"https:\\\/\\\/www.organisator.ch\\\/sustainability\\\/2020-02-10\\\/klimawandel-gefaehrdet-energieversorgung\\\/#primaryimage\"},\"image\":{\"@id\":\"https:\\\/\\\/www.organisator.ch\\\/sustainability\\\/2020-02-10\\\/klimawandel-gefaehrdet-energieversorgung\\\/#primaryimage\"},\"thumbnailUrl\":\"https:\\\/\\\/www.organisator.ch\\\/wp-content\\\/uploads\\\/2020\\\/02\\\/13379e0c-scaled.jpg\",\"datePublished\":\"2020-02-10T09:41:45+00:00\",\"dateModified\":\"2022-02-09T10:06:14+00:00\",\"description\":\"Der Klimawandel k\u00f6nnte die Energieversorgung der Schweiz gef\u00e4hrden. Forschende der Eidgen\u00f6ssischen Technischen Hochschule Lausanne schlagen Alarm.\",\"breadcrumb\":{\"@id\":\"https:\\\/\\\/www.organisator.ch\\\/sustainability\\\/2020-02-10\\\/klimawandel-gefaehrdet-energieversorgung\\\/#breadcrumb\"},\"inLanguage\":\"de\",\"potentialAction\":[{\"@type\":\"ReadAction\",\"target\":[\"https:\\\/\\\/www.organisator.ch\\\/sustainability\\\/2020-02-10\\\/klimawandel-gefaehrdet-energieversorgung\\\/\"]}]},{\"@type\":\"ImageObject\",\"inLanguage\":\"de\",\"@id\":\"https:\\\/\\\/www.organisator.ch\\\/sustainability\\\/2020-02-10\\\/klimawandel-gefaehrdet-energieversorgung\\\/#primaryimage\",\"url\":\"https:\\\/\\\/www.organisator.ch\\\/wp-content\\\/uploads\\\/2020\\\/02\\\/13379e0c-scaled.jpg\",\"contentUrl\":\"https:\\\/\\\/www.organisator.ch\\\/wp-content\\\/uploads\\\/2020\\\/02\\\/13379e0c-scaled.jpg\",\"width\":2560,\"height\":1707,\"caption\":\"Europe from space at night with city lights showing European cities \u00a9 Nasa\"},{\"@type\":\"BreadcrumbList\",\"@id\":\"https:\\\/\\\/www.organisator.ch\\\/sustainability\\\/2020-02-10\\\/klimawandel-gefaehrdet-energieversorgung\\\/#breadcrumb\",\"itemListElement\":[{\"@type\":\"ListItem\",\"position\":1,\"name\":\"Home\",\"item\":\"https:\\\/\\\/www.organisator.ch\\\/\"},{\"@type\":\"ListItem\",\"position\":2,\"name\":\"Klimawandel gef\u00e4hrdet Energieversorgung\"}]},{\"@type\":\"WebSite\",\"@id\":\"https:\\\/\\\/www.organisator.ch\\\/#website\",\"url\":\"https:\\\/\\\/www.organisator.ch\\\/\",\"name\":\"Organisator\",\"description\":\"Kompetent. Praxisnah. Der ORGANISATOR bereitet in 10 Ausgaben pro Jahr die wesentlichen Themen f\u00fcr F\u00fchrungskr\u00e4fte von KMU auf.\",\"publisher\":{\"@id\":\"https:\\\/\\\/www.organisator.ch\\\/#organization\"},\"potentialAction\":[{\"@type\":\"SearchAction\",\"target\":{\"@type\":\"EntryPoint\",\"urlTemplate\":\"https:\\\/\\\/www.organisator.ch\\\/?s={search_term_string}\"},\"query-input\":{\"@type\":\"PropertyValueSpecification\",\"valueRequired\":true,\"valueName\":\"search_term_string\"}}],\"inLanguage\":\"de\"},{\"@type\":\"Organization\",\"@id\":\"https:\\\/\\\/www.organisator.ch\\\/#organization\",\"name\":\"Organisator\",\"url\":\"https:\\\/\\\/www.organisator.ch\\\/\",\"logo\":{\"@type\":\"ImageObject\",\"inLanguage\":\"de\",\"@id\":\"https:\\\/\\\/www.organisator.ch\\\/#\\\/schema\\\/logo\\\/image\\\/\",\"url\":\"https:\\\/\\\/www.organisator.ch\\\/wp-content\\\/uploads\\\/2022\\\/01\\\/Logo_Organisator_Website.png\",\"contentUrl\":\"https:\\\/\\\/www.organisator.ch\\\/wp-content\\\/uploads\\\/2022\\\/01\\\/Logo_Organisator_Website.png\",\"width\":800,\"height\":77,\"caption\":\"Organisator\"},\"image\":{\"@id\":\"https:\\\/\\\/www.organisator.ch\\\/#\\\/schema\\\/logo\\\/image\\\/\"},\"sameAs\":[\"https:\\\/\\\/www.facebook.com\\\/OrganisatorFachmagazin\",\"https:\\\/\\\/www.linkedin.com\\\/showcase\\\/organisator-das-magazin-fr-kmu\",\"https:\\\/\\\/www.xing.com\\\/news\\\/pages\\\/organisator-ch-695\",\"https:\\\/\\\/www.youtube.com\\\/channel\\\/UCGP2Sq0iWaZwT3BdIAQFYpw\"]},{\"@type\":\"Person\",\"@id\":\"https:\\\/\\\/www.organisator.ch\\\/#\\\/schema\\\/person\\\/134708ca9321c57b0362cceb7948ffbd\",\"name\":\"michael.merz\",\"image\":{\"@type\":\"ImageObject\",\"inLanguage\":\"de\",\"@id\":\"https:\\\/\\\/secure.gravatar.com\\\/avatar\\\/?s=96&d=mm&r=g\",\"url\":\"https:\\\/\\\/secure.gravatar.com\\\/avatar\\\/?s=96&d=mm&r=g\",\"contentUrl\":\"https:\\\/\\\/secure.gravatar.com\\\/avatar\\\/?s=96&d=mm&r=g\",\"caption\":\"michael.merz\"},\"url\":\"https:\\\/\\\/www.organisator.ch\\\/de\\\/author\\\/michael-merz\\\/\"}]}<\/script>\n<!-- \/ Yoast SEO plugin. -->","yoast_head_json":{"title":"Klimawandel gef\u00e4hrdet Energieversorgung - Organisator","description":"Der Klimawandel k\u00f6nnte die Energieversorgung der Schweiz gef\u00e4hrden. Forschende der Eidgen\u00f6ssischen Technischen Hochschule Lausanne schlagen Alarm.","robots":{"index":"index","follow":"follow","max-snippet":"max-snippet:-1","max-image-preview":"max-image-preview:large","max-video-preview":"max-video-preview:-1"},"canonical":"https:\/\/www.organisator.ch\/de\/sustainability\/2020-02-10\/klimawandel-gefaehrdet-energieversorgung\/","og_locale":"de_DE","og_type":"article","og_title":"Klimawandel gef\u00e4hrdet Energieversorgung - Organisator","og_description":"Der Klimawandel k\u00f6nnte die Energieversorgung der Schweiz gef\u00e4hrden. Forschende der Eidgen\u00f6ssischen Technischen Hochschule Lausanne schlagen Alarm.","og_url":"https:\/\/www.organisator.ch\/de\/sustainability\/2020-02-10\/klimawandel-gefaehrdet-energieversorgung\/","og_site_name":"Organisator","article_publisher":"https:\/\/www.facebook.com\/OrganisatorFachmagazin","article_published_time":"2020-02-10T09:41:45+00:00","article_modified_time":"2022-02-09T10:06:14+00:00","og_image":[{"width":2560,"height":1707,"url":"https:\/\/www.organisator.ch\/wp-content\/uploads\/2020\/02\/13379e0c-scaled.jpg","type":"image\/jpeg"}],"author":"michael.merz","twitter_card":"summary_large_image","schema":{"@context":"https:\/\/schema.org","@graph":[{"@type":"Article","@id":"https:\/\/www.organisator.ch\/sustainability\/2020-02-10\/klimawandel-gefaehrdet-energieversorgung\/#article","isPartOf":{"@id":"https:\/\/www.organisator.ch\/sustainability\/2020-02-10\/klimawandel-gefaehrdet-energieversorgung\/"},"author":{"name":"michael.merz","@id":"https:\/\/www.organisator.ch\/#\/schema\/person\/134708ca9321c57b0362cceb7948ffbd"},"headline":"Klimawandel gef\u00e4hrdet Energieversorgung","datePublished":"2020-02-10T09:41:45+00:00","dateModified":"2022-02-09T10:06:14+00:00","mainEntityOfPage":{"@id":"https:\/\/www.organisator.ch\/sustainability\/2020-02-10\/klimawandel-gefaehrdet-energieversorgung\/"},"wordCount":257,"publisher":{"@id":"https:\/\/www.organisator.ch\/#organization"},"image":{"@id":"https:\/\/www.organisator.ch\/sustainability\/2020-02-10\/klimawandel-gefaehrdet-energieversorgung\/#primaryimage"},"thumbnailUrl":"https:\/\/www.organisator.ch\/wp-content\/uploads\/2020\/02\/13379e0c-scaled.jpg","keywords":["Energieversorgung","EPFL","Klimawandel","Schweiz"],"articleSection":["SUSTAINABILITY"],"inLanguage":"de"},{"@type":"WebPage","@id":"https:\/\/www.organisator.ch\/sustainability\/2020-02-10\/klimawandel-gefaehrdet-energieversorgung\/","url":"https:\/\/www.organisator.ch\/sustainability\/2020-02-10\/klimawandel-gefaehrdet-energieversorgung\/","name":"Klimawandel gef\u00e4hrdet Energieversorgung - Organisator","isPartOf":{"@id":"https:\/\/www.organisator.ch\/#website"},"primaryImageOfPage":{"@id":"https:\/\/www.organisator.ch\/sustainability\/2020-02-10\/klimawandel-gefaehrdet-energieversorgung\/#primaryimage"},"image":{"@id":"https:\/\/www.organisator.ch\/sustainability\/2020-02-10\/klimawandel-gefaehrdet-energieversorgung\/#primaryimage"},"thumbnailUrl":"https:\/\/www.organisator.ch\/wp-content\/uploads\/2020\/02\/13379e0c-scaled.jpg","datePublished":"2020-02-10T09:41:45+00:00","dateModified":"2022-02-09T10:06:14+00:00","description":"Der Klimawandel k\u00f6nnte die Energieversorgung der Schweiz gef\u00e4hrden. Forschende der Eidgen\u00f6ssischen Technischen Hochschule Lausanne schlagen Alarm.","breadcrumb":{"@id":"https:\/\/www.organisator.ch\/sustainability\/2020-02-10\/klimawandel-gefaehrdet-energieversorgung\/#breadcrumb"},"inLanguage":"de","potentialAction":[{"@type":"ReadAction","target":["https:\/\/www.organisator.ch\/sustainability\/2020-02-10\/klimawandel-gefaehrdet-energieversorgung\/"]}]},{"@type":"ImageObject","inLanguage":"de","@id":"https:\/\/www.organisator.ch\/sustainability\/2020-02-10\/klimawandel-gefaehrdet-energieversorgung\/#primaryimage","url":"https:\/\/www.organisator.ch\/wp-content\/uploads\/2020\/02\/13379e0c-scaled.jpg","contentUrl":"https:\/\/www.organisator.ch\/wp-content\/uploads\/2020\/02\/13379e0c-scaled.jpg","width":2560,"height":1707,"caption":"Europe from space at night with city lights showing European cities \u00a9 Nasa"},{"@type":"BreadcrumbList","@id":"https:\/\/www.organisator.ch\/sustainability\/2020-02-10\/klimawandel-gefaehrdet-energieversorgung\/#breadcrumb","itemListElement":[{"@type":"ListItem","position":1,"name":"Home","item":"https:\/\/www.organisator.ch\/"},{"@type":"ListItem","position":2,"name":"Klimawandel gef\u00e4hrdet Energieversorgung"}]},{"@type":"WebSite","@id":"https:\/\/www.organisator.ch\/#website","url":"https:\/\/www.organisator.ch\/","name":"Organisator","description":"Kompetent. Praxisnah. Der ORGANISATOR bereitet in 10 Ausgaben pro Jahr die wesentlichen Themen f\u00fcr F\u00fchrungskr\u00e4fte von KMU auf.","publisher":{"@id":"https:\/\/www.organisator.ch\/#organization"},"potentialAction":[{"@type":"SearchAction","target":{"@type":"EntryPoint","urlTemplate":"https:\/\/www.organisator.ch\/?s={search_term_string}"},"query-input":{"@type":"PropertyValueSpecification","valueRequired":true,"valueName":"search_term_string"}}],"inLanguage":"de"},{"@type":"Organization","@id":"https:\/\/www.organisator.ch\/#organization","name":"Organisator","url":"https:\/\/www.organisator.ch\/","logo":{"@type":"ImageObject","inLanguage":"de","@id":"https:\/\/www.organisator.ch\/#\/schema\/logo\/image\/","url":"https:\/\/www.organisator.ch\/wp-content\/uploads\/2022\/01\/Logo_Organisator_Website.png","contentUrl":"https:\/\/www.organisator.ch\/wp-content\/uploads\/2022\/01\/Logo_Organisator_Website.png","width":800,"height":77,"caption":"Organisator"},"image":{"@id":"https:\/\/www.organisator.ch\/#\/schema\/logo\/image\/"},"sameAs":["https:\/\/www.facebook.com\/OrganisatorFachmagazin","https:\/\/www.linkedin.com\/showcase\/organisator-das-magazin-fr-kmu","https:\/\/www.xing.com\/news\/pages\/organisator-ch-695","https:\/\/www.youtube.com\/channel\/UCGP2Sq0iWaZwT3BdIAQFYpw"]},{"@type":"Person","@id":"https:\/\/www.organisator.ch\/#\/schema\/person\/134708ca9321c57b0362cceb7948ffbd","name":"michael.merz","image":{"@type":"ImageObject","inLanguage":"de","@id":"https:\/\/secure.gravatar.com\/avatar\/?s=96&d=mm&r=g","url":"https:\/\/secure.gravatar.com\/avatar\/?s=96&d=mm&r=g","contentUrl":"https:\/\/secure.gravatar.com\/avatar\/?s=96&d=mm&r=g","caption":"michael.merz"},"url":"https:\/\/www.organisator.ch\/de\/author\/michael-merz\/"}]}},"_links":{"self":[{"href":"https:\/\/www.organisator.ch\/de\/wp-json\/wp\/v2\/posts\/10155","targetHints":{"allow":["GET"]}}],"collection":[{"href":"https:\/\/www.organisator.ch\/de\/wp-json\/wp\/v2\/posts"}],"about":[{"href":"https:\/\/www.organisator.ch\/de\/wp-json\/wp\/v2\/types\/post"}],"author":[{"embeddable":true,"href":"https:\/\/www.organisator.ch\/de\/wp-json\/wp\/v2\/users\/5"}],"replies":[{"embeddable":true,"href":"https:\/\/www.organisator.ch\/de\/wp-json\/wp\/v2\/comments?post=10155"}],"version-history":[{"count":1,"href":"https:\/\/www.organisator.ch\/de\/wp-json\/wp\/v2\/posts\/10155\/revisions"}],"predecessor-version":[{"id":10532,"href":"https:\/\/www.organisator.ch\/de\/wp-json\/wp\/v2\/posts\/10155\/revisions\/10532"}],"wp:featuredmedia":[{"embeddable":true,"href":"https:\/\/www.organisator.ch\/de\/wp-json\/wp\/v2\/media\/2832"}],"wp:attachment":[{"href":"https:\/\/www.organisator.ch\/de\/wp-json\/wp\/v2\/media?parent=10155"}],"wp:term":[{"taxonomy":"category","embeddable":true,"href":"https:\/\/www.organisator.ch\/de\/wp-json\/wp\/v2\/categories?post=10155"},{"taxonomy":"post_tag","embeddable":true,"href":"https:\/\/www.organisator.ch\/de\/wp-json\/wp\/v2\/tags?post=10155"}],"curies":[{"name":"wp","href":"https:\/\/api.w.org\/{rel}","templated":true}]}}