{"id":10156,"date":"2020-02-25T12:24:17","date_gmt":"2020-02-25T11:24:17","guid":{"rendered":"https:\/\/www.umweltperspektiven.ch\/?p=2846"},"modified":"2022-02-09T11:10:00","modified_gmt":"2022-02-09T10:10:00","slug":"investitionen-von-privatpersonen-foerdern-die-abholzung","status":"publish","type":"post","link":"https:\/\/www.organisator.ch\/de\/sustainability\/2020-02-25\/investitionen-von-privatpersonen-foerdern-die-abholzung\/","title":{"rendered":"Investitionen von Privatpersonen f\u00f6rdern die Abholzung"},"content":{"rendered":"<figure id=\"attachment_2847\" aria-describedby=\"caption-attachment-2847\" style=\"width: 680px\" class=\"wp-caption alignnone\"><img loading=\"lazy\" decoding=\"async\" class=\"size-medium wp-image-2847\" src=\"\/\/www.umweltperspektiven.ch\/wp-content\/uploads\/2020\/02\/20200225_Medienmitteilung_UniBE_Investitionen_Superreiche_Waldabholzung_Argentinien_Bild_Rodrigo_Montani.jpg\" alt=\"\" width=\"680\" height=\"453\" srcset=\"https:\/\/www.organisator.ch\/wp-content\/uploads\/2020\/02\/20200225_Medienmitteilung_UniBE_Investitionen_Superreiche_Waldabholzung_Argentinien_Bild_Rodrigo_Montani.jpg 2000w, https:\/\/www.organisator.ch\/wp-content\/uploads\/2020\/02\/20200225_Medienmitteilung_UniBE_Investitionen_Superreiche_Waldabholzung_Argentinien_Bild_Rodrigo_Montani-680x453.jpg 680w, https:\/\/www.organisator.ch\/wp-content\/uploads\/2020\/02\/20200225_Medienmitteilung_UniBE_Investitionen_Superreiche_Waldabholzung_Argentinien_Bild_Rodrigo_Montani-1024x682.jpg 1024w, https:\/\/www.organisator.ch\/wp-content\/uploads\/2020\/02\/20200225_Medienmitteilung_UniBE_Investitionen_Superreiche_Waldabholzung_Argentinien_Bild_Rodrigo_Montani-768x512.jpg 768w, https:\/\/www.organisator.ch\/wp-content\/uploads\/2020\/02\/20200225_Medienmitteilung_UniBE_Investitionen_Superreiche_Waldabholzung_Argentinien_Bild_Rodrigo_Montani-1536x1024.jpg 1536w, https:\/\/www.organisator.ch\/wp-content\/uploads\/2020\/02\/20200225_Medienmitteilung_UniBE_Investitionen_Superreiche_Waldabholzung_Argentinien_Bild_Rodrigo_Montani-18x12.jpg 18w, https:\/\/www.organisator.ch\/wp-content\/uploads\/2020\/02\/20200225_Medienmitteilung_UniBE_Investitionen_Superreiche_Waldabholzung_Argentinien_Bild_Rodrigo_Montani-263x175.jpg 263w, https:\/\/www.organisator.ch\/wp-content\/uploads\/2020\/02\/20200225_Medienmitteilung_UniBE_Investitionen_Superreiche_Waldabholzung_Argentinien_Bild_Rodrigo_Montani-525x350.jpg 525w, https:\/\/www.organisator.ch\/wp-content\/uploads\/2020\/02\/20200225_Medienmitteilung_UniBE_Investitionen_Superreiche_Waldabholzung_Argentinien_Bild_Rodrigo_Montani-1200x800.jpg 1200w, https:\/\/www.organisator.ch\/wp-content\/uploads\/2020\/02\/20200225_Medienmitteilung_UniBE_Investitionen_Superreiche_Waldabholzung_Argentinien_Bild_Rodrigo_Montani-920x613.jpg 920w, https:\/\/www.organisator.ch\/wp-content\/uploads\/2020\/02\/20200225_Medienmitteilung_UniBE_Investitionen_Superreiche_Waldabholzung_Argentinien_Bild_Rodrigo_Montani-1400x933.jpg 1400w, https:\/\/www.organisator.ch\/wp-content\/uploads\/2020\/02\/20200225_Medienmitteilung_UniBE_Investitionen_Superreiche_Waldabholzung_Argentinien_Bild_Rodrigo_Montani-300x200.jpg 300w\" sizes=\"auto, (max-width: 680px) 100vw, 680px\" \/><figcaption id=\"caption-attachment-2847\" class=\"wp-caption-text\">In der Provinz Salta, Argentinien, wird Wald f\u00fcr die Sojaproduktion abgeholzt. (Bild: Rodrigo Montani)<\/figcaption><\/figure>\n<p>Eine der wichtigsten Ursachen f\u00fcr die Entwaldung ist die Investition von Privatpersonen in die Ausdehnung der Anbaufl\u00e4chen \u2013 vor allem in tropischen Regionen. Abholzung setzt nicht nur Kohlenstoff frei, sondern f\u00fchrt auch zum Verlust von Artenvielfalt und \u00d6kosystemen und schm\u00e4lert deren lebenswichtige Funktionen.<\/p>\n<p>Eine besonders wichtige Rolle spielen dabei sogenannte Flex-Crops \u2013 landwirtschaftliche Produkte wie Soja, Palm\u00f6l oder Zuckerrohr, die sowohl der menschlichen Ern\u00e4hrung als auch der Futtermittelproduktion oder industriellen Zwecken dienen. Bisherige Untersuchungen ergaben, dass allein der Anbau von \u00d6lpflanzen wie Palm\u00f6l oder Soja f\u00fcr etwa einen Viertel der Emissionen verantwortlich ist, die weltweit wegen der Abholzung von W\u00e4ldern entstehen. Der Boom von Flex-Crops geht auf verschiedene globale sozio-\u00f6konomische Entwicklungen zur\u00fcck; eine davon ist die steigende Ungleichheit. Bislang weitgehend unerforscht blieb dabei der Einfluss von Investitionen extrem reicher Privatpersonen.<\/p>\n<h2>Mehr Reichtum f\u00fchrt zum Anstieg von Flex-Crop-Anbaufl\u00e4chen<\/h2>\n<p>Eine neue Studie, die von Graziano Ceddia am Centre for Development and Environment (CDE) der Universit\u00e4t Bern durchgef\u00fchrt wurde, untersuchte erstmals, wie sich die Landwirtschaftsinvestitionen von Superreichen auf die Ausdehnung von Flex-Crops im globalen S\u00fcden auswirkt. Die Studie, die sich \u00fcber den Zeitraum von 1991-2014 auf 21 L\u00e4nder in Lateinamerika und S\u00fcdostasien konzentriert, belegt: Die Zunahme des Verm\u00f6gens von reichen Privatpersonen korreliert stark mit dem Zufluss ausl\u00e4ndischer Direktinvestitionen in die Landwirtschaft in diesen beiden Weltregionen \u2013 und f\u00fchrt damit zur Ausdehnung der Anbaufl\u00e4chen von Flex-Crops.<\/p>\n<p>Gleichzeitig zeigte sich, dass die globalen Investoren von der Erwartung hoher Renditen solcher Kapitalanlagen angezogen wurden. \u00abPrivatinvestoren legen ihr Kapital im Agrarsektor im globalen S\u00fcden an, weil die Ertr\u00e4ge traditioneller Investitionen zur\u00fcckgegangen sind\u00bb, so Studienautor Graziano Ceddia.<br \/>\nZusammengefasst l\u00e4sst sich sagen, dass die Verm\u00f6genskonzentration bei reichen Privatinvestoren eine entscheidende Rolle bei der Ausdehnung der landwirtschaftlich genutzten Fl\u00e4che im globalen S\u00fcden spielt und damit direkt zur Entwaldung beitr\u00e4gt. Gem\u00e4ss der Studie, die nun in Nature Sustainability publiziert wurde, hat w\u00e4hrend des untersuchten Zeitraums ein Anstieg des Verm\u00f6gens der Superreichen um 1 Prozent zu einer Ausweitung der Flex-Crop-Anbaufl\u00e4chen um 2,4 bis 10 Prozent gef\u00fchrt.<\/p>\n<h2>Verteilung des Verm\u00f6gens noch wichtiger als Verteilung von Einkommen<\/h2>\n<p>\u00abDie Studienresultate verdeutlichen, dass es wichtig ist, die Auswirkungen von Ungleichheit auf die Umwelt zu untersuchen und sich dabei nicht nur auf die Verteilung der Einkommen zu konzentrieren, sondern auch auf die Verteilung der Verm\u00f6gen\u00bb, sagt Graziano Ceddia. Denn erst grosse Verm\u00f6gen erm\u00f6glichten private Investitionen im Landwirtschaftssektor im grossen Stil. Und Reichtum sei viel ungleicher verteilt als Einkommen. \u00abDie Studie macht augenf\u00e4llig, dass die Ungleichheit dringend verringert werden muss, wenn man Umweltrisiken minimieren will.\u00bb Ausserdem m\u00fcsse die Forschung zu den Zusammenh\u00e4ngen zwischen Verm\u00f6gensverteilung, Investitionen und Umweltzerst\u00f6rung intensiviert werden.<\/p>\n<p>&nbsp;<\/p>\n<table border=\"1\" cellspacing=\"1\" cellpadding=\"1\">\n<tbody>\n<tr>\n<td>\n<h2>Centre for Development and Environment (CDE)<\/h2>\n<p>Das CDE ist das Schweizerische Kompetenzzentrum f\u00fcr nachhaltige Entwicklung. Als eines der strategischen Zentren der Universit\u00e4t Bern ist es beauftragt, nachhaltige Entwicklung gesamtuniversit\u00e4r in Forschung und Lehre zu verankern. In Abstimmung mit den globalen Zielen f\u00fcr nachhaltige Entwicklung der Agenda 2030 erarbeitet das CDE L\u00f6sungsans\u00e4tze und st\u00f6sst Transformationsprozesse an, welche die Gewinne und Risiken der Globalisierung fairer verteilen, die nat\u00fcrlichen Ressourcen schonen und das Wohlergehen auf der Welt f\u00f6rdern. Das CDE besch\u00e4ftigt rund 100 Mitarbeitende aus 25 Disziplinen und ist in f\u00fcnf Regionen des globalen S\u00fcdens sowie in der Schweiz und in Europa aktiv. Das CDE realisiert derzeit 74 Projekte. Ein wichtiger Teil der Aufgaben des CDE sind Lehre und Ausbildung. Das CDE bietet Lehrangebote im Bereich nachhaltiger Entwicklung auf Bachelor-, Master-, Doktorats- und Nachdiplomstufe mit derzeit \u00fcber 500 Studierenden an.<\/p>\n<p><a href=\"\/\/www.cde.unibe.ch\/\">Mehr Informationen zum CDE<\/a><\/td>\n<\/tr>\n<\/tbody>\n<\/table>\n<table style=\"height: 172px;\" border=\"1\" width=\"1425\" cellspacing=\"1\" cellpadding=\"1\">\n<tbody>\n<tr>\n<td>&nbsp;<\/p>\n<p><em>Angaben zur Publikation:<\/em><\/p>\n<p><em>Ceddia M.G.:\u00a0The super-rich and cropland expansion via direct investments in agriculture. Nature Sustainability, 24. Februar 2020,\u00a0<a href=\"\/\/www.nature.com\/articles\/s41893-020-0480-2\" target=\"_blank\" rel=\"noopener\">https:\/\/www.nature.com\/articles\/s41893-020-0480-2<\/a><\/em><\/td>\n<\/tr>\n<\/tbody>\n<\/table>\n<p>&nbsp;<\/p>\n<p>&nbsp;<\/p>\n","protected":false},"excerpt":{"rendered":"<p>Eine der wichtigsten Ursachen f\u00fcr die Entwaldung ist die Investition von Privatpersonen in die Ausdehnung der Anbaufl\u00e4chen \u2013 vor allem in tropischen Regionen. Abholzung setzt nicht nur Kohlenstoff frei, sondern f\u00fchrt auch zum Verlust von Artenvielfalt und \u00d6kosystemen und schm\u00e4lert deren lebenswichtige Funktionen. Eine besonders wichtige Rolle spielen dabei sogenannte Flex-Crops \u2013 landwirtschaftliche Produkte wie [&hellip;]<\/p>\n","protected":false},"author":5,"featured_media":2847,"comment_status":"closed","ping_status":"closed","sticky":false,"template":"","format":"standard","meta":{"_acf_changed":false,"_yoast_wpseo_focuskw":"Privatpersonen","_yoast_wpseo_metadesc":"Reiche Privatpersonen investieren zunehmend in den Agrarsektor. Das heizt den Anbau von Rohstoffen an, die f\u00fcr die menschliche Ern\u00e4hrung gebraucht werden.","articlekey":"","footnotes":""},"categories":[580],"tags":[1102,1192,1765,1905,460],"class_list":["post-10156","post","type-post","status-publish","format-standard","has-post-thumbnail","hentry","category-sustainability","tag-entwaldung","tag-flex-crops","tag-nachhaltige-investments","tag-pflanzliche-rohstoffe","tag-studien"],"acf":[],"yoast_head":"<!-- This site is optimized with the Yoast SEO plugin v27.5 - https:\/\/yoast.com\/product\/yoast-seo-wordpress\/ -->\n<title>Investitionen von Privatpersonen f\u00f6rdern die Abholzung - Organisator<\/title>\n<meta name=\"description\" content=\"Reiche Privatpersonen investieren zunehmend in den Agrarsektor. Das heizt den Anbau von Rohstoffen an, die f\u00fcr die menschliche Ern\u00e4hrung gebraucht werden.\" \/>\n<meta name=\"robots\" content=\"index, follow, max-snippet:-1, max-image-preview:large, max-video-preview:-1\" \/>\n<link rel=\"canonical\" href=\"https:\/\/www.organisator.ch\/de\/sustainability\/2020-02-25\/investitionen-von-privatpersonen-foerdern-die-abholzung\/\" \/>\n<meta property=\"og:locale\" content=\"de_DE\" \/>\n<meta property=\"og:type\" content=\"article\" \/>\n<meta property=\"og:title\" content=\"Investitionen von Privatpersonen f\u00f6rdern die Abholzung - Organisator\" \/>\n<meta property=\"og:description\" content=\"Reiche Privatpersonen investieren zunehmend in den Agrarsektor. Das heizt den Anbau von Rohstoffen an, die f\u00fcr die menschliche Ern\u00e4hrung gebraucht werden.\" \/>\n<meta property=\"og:url\" content=\"https:\/\/www.organisator.ch\/de\/sustainability\/2020-02-25\/investitionen-von-privatpersonen-foerdern-die-abholzung\/\" \/>\n<meta property=\"og:site_name\" content=\"Organisator\" \/>\n<meta property=\"article:publisher\" content=\"https:\/\/www.facebook.com\/OrganisatorFachmagazin\" \/>\n<meta property=\"article:published_time\" content=\"2020-02-25T11:24:17+00:00\" \/>\n<meta property=\"article:modified_time\" content=\"2022-02-09T10:10:00+00:00\" \/>\n<meta property=\"og:image\" content=\"https:\/\/www.organisator.ch\/wp-content\/uploads\/2020\/02\/20200225_Medienmitteilung_UniBE_Investitionen_Superreiche_Waldabholzung_Argentinien_Bild_Rodrigo_Montani.jpg\" \/>\n\t<meta property=\"og:image:width\" content=\"2000\" \/>\n\t<meta property=\"og:image:height\" content=\"1333\" \/>\n\t<meta property=\"og:image:type\" content=\"image\/jpeg\" \/>\n<meta name=\"author\" content=\"michael.merz\" \/>\n<meta name=\"twitter:card\" content=\"summary_large_image\" \/>\n<script type=\"application\/ld+json\" class=\"yoast-schema-graph\">{\"@context\":\"https:\\\/\\\/schema.org\",\"@graph\":[{\"@type\":\"Article\",\"@id\":\"https:\\\/\\\/www.organisator.ch\\\/sustainability\\\/2020-02-25\\\/investitionen-von-privatpersonen-foerdern-die-abholzung\\\/#article\",\"isPartOf\":{\"@id\":\"https:\\\/\\\/www.organisator.ch\\\/sustainability\\\/2020-02-25\\\/investitionen-von-privatpersonen-foerdern-die-abholzung\\\/\"},\"author\":{\"name\":\"michael.merz\",\"@id\":\"https:\\\/\\\/www.organisator.ch\\\/#\\\/schema\\\/person\\\/134708ca9321c57b0362cceb7948ffbd\"},\"headline\":\"Investitionen von Privatpersonen f\u00f6rdern die Abholzung\",\"datePublished\":\"2020-02-25T11:24:17+00:00\",\"dateModified\":\"2022-02-09T10:10:00+00:00\",\"mainEntityOfPage\":{\"@id\":\"https:\\\/\\\/www.organisator.ch\\\/sustainability\\\/2020-02-25\\\/investitionen-von-privatpersonen-foerdern-die-abholzung\\\/\"},\"wordCount\":667,\"publisher\":{\"@id\":\"https:\\\/\\\/www.organisator.ch\\\/#organization\"},\"image\":{\"@id\":\"https:\\\/\\\/www.organisator.ch\\\/sustainability\\\/2020-02-25\\\/investitionen-von-privatpersonen-foerdern-die-abholzung\\\/#primaryimage\"},\"thumbnailUrl\":\"https:\\\/\\\/www.organisator.ch\\\/wp-content\\\/uploads\\\/2020\\\/02\\\/20200225_Medienmitteilung_UniBE_Investitionen_Superreiche_Waldabholzung_Argentinien_Bild_Rodrigo_Montani.jpg\",\"keywords\":[\"Entwaldung\",\"Flex-Crops\",\"Nachhaltige Investments\",\"Pflanzliche Rohstoffe\",\"Studien\"],\"articleSection\":[\"SUSTAINABILITY\"],\"inLanguage\":\"de\"},{\"@type\":\"WebPage\",\"@id\":\"https:\\\/\\\/www.organisator.ch\\\/sustainability\\\/2020-02-25\\\/investitionen-von-privatpersonen-foerdern-die-abholzung\\\/\",\"url\":\"https:\\\/\\\/www.organisator.ch\\\/sustainability\\\/2020-02-25\\\/investitionen-von-privatpersonen-foerdern-die-abholzung\\\/\",\"name\":\"Investitionen von Privatpersonen f\u00f6rdern die Abholzung - Organisator\",\"isPartOf\":{\"@id\":\"https:\\\/\\\/www.organisator.ch\\\/#website\"},\"primaryImageOfPage\":{\"@id\":\"https:\\\/\\\/www.organisator.ch\\\/sustainability\\\/2020-02-25\\\/investitionen-von-privatpersonen-foerdern-die-abholzung\\\/#primaryimage\"},\"image\":{\"@id\":\"https:\\\/\\\/www.organisator.ch\\\/sustainability\\\/2020-02-25\\\/investitionen-von-privatpersonen-foerdern-die-abholzung\\\/#primaryimage\"},\"thumbnailUrl\":\"https:\\\/\\\/www.organisator.ch\\\/wp-content\\\/uploads\\\/2020\\\/02\\\/20200225_Medienmitteilung_UniBE_Investitionen_Superreiche_Waldabholzung_Argentinien_Bild_Rodrigo_Montani.jpg\",\"datePublished\":\"2020-02-25T11:24:17+00:00\",\"dateModified\":\"2022-02-09T10:10:00+00:00\",\"description\":\"Reiche Privatpersonen investieren zunehmend in den Agrarsektor. Das heizt den Anbau von Rohstoffen an, die f\u00fcr die menschliche Ern\u00e4hrung gebraucht werden.\",\"breadcrumb\":{\"@id\":\"https:\\\/\\\/www.organisator.ch\\\/sustainability\\\/2020-02-25\\\/investitionen-von-privatpersonen-foerdern-die-abholzung\\\/#breadcrumb\"},\"inLanguage\":\"de\",\"potentialAction\":[{\"@type\":\"ReadAction\",\"target\":[\"https:\\\/\\\/www.organisator.ch\\\/sustainability\\\/2020-02-25\\\/investitionen-von-privatpersonen-foerdern-die-abholzung\\\/\"]}]},{\"@type\":\"ImageObject\",\"inLanguage\":\"de\",\"@id\":\"https:\\\/\\\/www.organisator.ch\\\/sustainability\\\/2020-02-25\\\/investitionen-von-privatpersonen-foerdern-die-abholzung\\\/#primaryimage\",\"url\":\"https:\\\/\\\/www.organisator.ch\\\/wp-content\\\/uploads\\\/2020\\\/02\\\/20200225_Medienmitteilung_UniBE_Investitionen_Superreiche_Waldabholzung_Argentinien_Bild_Rodrigo_Montani.jpg\",\"contentUrl\":\"https:\\\/\\\/www.organisator.ch\\\/wp-content\\\/uploads\\\/2020\\\/02\\\/20200225_Medienmitteilung_UniBE_Investitionen_Superreiche_Waldabholzung_Argentinien_Bild_Rodrigo_Montani.jpg\",\"width\":2000,\"height\":1333,\"caption\":\"In der Provinz Salta, Argentinien, wird Wald f\u00fcr die Sojaproduktion abgeholzt. (Bild: Rodrigo Montani)\"},{\"@type\":\"BreadcrumbList\",\"@id\":\"https:\\\/\\\/www.organisator.ch\\\/sustainability\\\/2020-02-25\\\/investitionen-von-privatpersonen-foerdern-die-abholzung\\\/#breadcrumb\",\"itemListElement\":[{\"@type\":\"ListItem\",\"position\":1,\"name\":\"Home\",\"item\":\"https:\\\/\\\/www.organisator.ch\\\/\"},{\"@type\":\"ListItem\",\"position\":2,\"name\":\"Investitionen von Privatpersonen f\u00f6rdern die Abholzung\"}]},{\"@type\":\"WebSite\",\"@id\":\"https:\\\/\\\/www.organisator.ch\\\/#website\",\"url\":\"https:\\\/\\\/www.organisator.ch\\\/\",\"name\":\"Organisator\",\"description\":\"Kompetent. Praxisnah. Der ORGANISATOR bereitet in 10 Ausgaben pro Jahr die wesentlichen Themen f\u00fcr F\u00fchrungskr\u00e4fte von KMU auf.\",\"publisher\":{\"@id\":\"https:\\\/\\\/www.organisator.ch\\\/#organization\"},\"potentialAction\":[{\"@type\":\"SearchAction\",\"target\":{\"@type\":\"EntryPoint\",\"urlTemplate\":\"https:\\\/\\\/www.organisator.ch\\\/?s={search_term_string}\"},\"query-input\":{\"@type\":\"PropertyValueSpecification\",\"valueRequired\":true,\"valueName\":\"search_term_string\"}}],\"inLanguage\":\"de\"},{\"@type\":\"Organization\",\"@id\":\"https:\\\/\\\/www.organisator.ch\\\/#organization\",\"name\":\"Organisator\",\"url\":\"https:\\\/\\\/www.organisator.ch\\\/\",\"logo\":{\"@type\":\"ImageObject\",\"inLanguage\":\"de\",\"@id\":\"https:\\\/\\\/www.organisator.ch\\\/#\\\/schema\\\/logo\\\/image\\\/\",\"url\":\"https:\\\/\\\/www.organisator.ch\\\/wp-content\\\/uploads\\\/2022\\\/01\\\/Logo_Organisator_Website.png\",\"contentUrl\":\"https:\\\/\\\/www.organisator.ch\\\/wp-content\\\/uploads\\\/2022\\\/01\\\/Logo_Organisator_Website.png\",\"width\":800,\"height\":77,\"caption\":\"Organisator\"},\"image\":{\"@id\":\"https:\\\/\\\/www.organisator.ch\\\/#\\\/schema\\\/logo\\\/image\\\/\"},\"sameAs\":[\"https:\\\/\\\/www.facebook.com\\\/OrganisatorFachmagazin\",\"https:\\\/\\\/www.linkedin.com\\\/showcase\\\/organisator-das-magazin-fr-kmu\",\"https:\\\/\\\/www.xing.com\\\/news\\\/pages\\\/organisator-ch-695\",\"https:\\\/\\\/www.youtube.com\\\/channel\\\/UCGP2Sq0iWaZwT3BdIAQFYpw\"]},{\"@type\":\"Person\",\"@id\":\"https:\\\/\\\/www.organisator.ch\\\/#\\\/schema\\\/person\\\/134708ca9321c57b0362cceb7948ffbd\",\"name\":\"michael.merz\",\"image\":{\"@type\":\"ImageObject\",\"inLanguage\":\"de\",\"@id\":\"https:\\\/\\\/secure.gravatar.com\\\/avatar\\\/?s=96&d=mm&r=g\",\"url\":\"https:\\\/\\\/secure.gravatar.com\\\/avatar\\\/?s=96&d=mm&r=g\",\"contentUrl\":\"https:\\\/\\\/secure.gravatar.com\\\/avatar\\\/?s=96&d=mm&r=g\",\"caption\":\"michael.merz\"},\"url\":\"https:\\\/\\\/www.organisator.ch\\\/de\\\/author\\\/michael-merz\\\/\"}]}<\/script>\n<!-- \/ Yoast SEO plugin. -->","yoast_head_json":{"title":"Investitionen von Privatpersonen f\u00f6rdern die Abholzung - Organisator","description":"Reiche Privatpersonen investieren zunehmend in den Agrarsektor. Das heizt den Anbau von Rohstoffen an, die f\u00fcr die menschliche Ern\u00e4hrung gebraucht werden.","robots":{"index":"index","follow":"follow","max-snippet":"max-snippet:-1","max-image-preview":"max-image-preview:large","max-video-preview":"max-video-preview:-1"},"canonical":"https:\/\/www.organisator.ch\/de\/sustainability\/2020-02-25\/investitionen-von-privatpersonen-foerdern-die-abholzung\/","og_locale":"de_DE","og_type":"article","og_title":"Investitionen von Privatpersonen f\u00f6rdern die Abholzung - Organisator","og_description":"Reiche Privatpersonen investieren zunehmend in den Agrarsektor. Das heizt den Anbau von Rohstoffen an, die f\u00fcr die menschliche Ern\u00e4hrung gebraucht werden.","og_url":"https:\/\/www.organisator.ch\/de\/sustainability\/2020-02-25\/investitionen-von-privatpersonen-foerdern-die-abholzung\/","og_site_name":"Organisator","article_publisher":"https:\/\/www.facebook.com\/OrganisatorFachmagazin","article_published_time":"2020-02-25T11:24:17+00:00","article_modified_time":"2022-02-09T10:10:00+00:00","og_image":[{"width":2000,"height":1333,"url":"https:\/\/www.organisator.ch\/wp-content\/uploads\/2020\/02\/20200225_Medienmitteilung_UniBE_Investitionen_Superreiche_Waldabholzung_Argentinien_Bild_Rodrigo_Montani.jpg","type":"image\/jpeg"}],"author":"michael.merz","twitter_card":"summary_large_image","schema":{"@context":"https:\/\/schema.org","@graph":[{"@type":"Article","@id":"https:\/\/www.organisator.ch\/sustainability\/2020-02-25\/investitionen-von-privatpersonen-foerdern-die-abholzung\/#article","isPartOf":{"@id":"https:\/\/www.organisator.ch\/sustainability\/2020-02-25\/investitionen-von-privatpersonen-foerdern-die-abholzung\/"},"author":{"name":"michael.merz","@id":"https:\/\/www.organisator.ch\/#\/schema\/person\/134708ca9321c57b0362cceb7948ffbd"},"headline":"Investitionen von Privatpersonen f\u00f6rdern die Abholzung","datePublished":"2020-02-25T11:24:17+00:00","dateModified":"2022-02-09T10:10:00+00:00","mainEntityOfPage":{"@id":"https:\/\/www.organisator.ch\/sustainability\/2020-02-25\/investitionen-von-privatpersonen-foerdern-die-abholzung\/"},"wordCount":667,"publisher":{"@id":"https:\/\/www.organisator.ch\/#organization"},"image":{"@id":"https:\/\/www.organisator.ch\/sustainability\/2020-02-25\/investitionen-von-privatpersonen-foerdern-die-abholzung\/#primaryimage"},"thumbnailUrl":"https:\/\/www.organisator.ch\/wp-content\/uploads\/2020\/02\/20200225_Medienmitteilung_UniBE_Investitionen_Superreiche_Waldabholzung_Argentinien_Bild_Rodrigo_Montani.jpg","keywords":["Entwaldung","Flex-Crops","Nachhaltige Investments","Pflanzliche Rohstoffe","Studien"],"articleSection":["SUSTAINABILITY"],"inLanguage":"de"},{"@type":"WebPage","@id":"https:\/\/www.organisator.ch\/sustainability\/2020-02-25\/investitionen-von-privatpersonen-foerdern-die-abholzung\/","url":"https:\/\/www.organisator.ch\/sustainability\/2020-02-25\/investitionen-von-privatpersonen-foerdern-die-abholzung\/","name":"Investitionen von Privatpersonen f\u00f6rdern die Abholzung - Organisator","isPartOf":{"@id":"https:\/\/www.organisator.ch\/#website"},"primaryImageOfPage":{"@id":"https:\/\/www.organisator.ch\/sustainability\/2020-02-25\/investitionen-von-privatpersonen-foerdern-die-abholzung\/#primaryimage"},"image":{"@id":"https:\/\/www.organisator.ch\/sustainability\/2020-02-25\/investitionen-von-privatpersonen-foerdern-die-abholzung\/#primaryimage"},"thumbnailUrl":"https:\/\/www.organisator.ch\/wp-content\/uploads\/2020\/02\/20200225_Medienmitteilung_UniBE_Investitionen_Superreiche_Waldabholzung_Argentinien_Bild_Rodrigo_Montani.jpg","datePublished":"2020-02-25T11:24:17+00:00","dateModified":"2022-02-09T10:10:00+00:00","description":"Reiche Privatpersonen investieren zunehmend in den Agrarsektor. Das heizt den Anbau von Rohstoffen an, die f\u00fcr die menschliche Ern\u00e4hrung gebraucht werden.","breadcrumb":{"@id":"https:\/\/www.organisator.ch\/sustainability\/2020-02-25\/investitionen-von-privatpersonen-foerdern-die-abholzung\/#breadcrumb"},"inLanguage":"de","potentialAction":[{"@type":"ReadAction","target":["https:\/\/www.organisator.ch\/sustainability\/2020-02-25\/investitionen-von-privatpersonen-foerdern-die-abholzung\/"]}]},{"@type":"ImageObject","inLanguage":"de","@id":"https:\/\/www.organisator.ch\/sustainability\/2020-02-25\/investitionen-von-privatpersonen-foerdern-die-abholzung\/#primaryimage","url":"https:\/\/www.organisator.ch\/wp-content\/uploads\/2020\/02\/20200225_Medienmitteilung_UniBE_Investitionen_Superreiche_Waldabholzung_Argentinien_Bild_Rodrigo_Montani.jpg","contentUrl":"https:\/\/www.organisator.ch\/wp-content\/uploads\/2020\/02\/20200225_Medienmitteilung_UniBE_Investitionen_Superreiche_Waldabholzung_Argentinien_Bild_Rodrigo_Montani.jpg","width":2000,"height":1333,"caption":"In der Provinz Salta, Argentinien, wird Wald f\u00fcr die Sojaproduktion abgeholzt. (Bild: Rodrigo Montani)"},{"@type":"BreadcrumbList","@id":"https:\/\/www.organisator.ch\/sustainability\/2020-02-25\/investitionen-von-privatpersonen-foerdern-die-abholzung\/#breadcrumb","itemListElement":[{"@type":"ListItem","position":1,"name":"Home","item":"https:\/\/www.organisator.ch\/"},{"@type":"ListItem","position":2,"name":"Investitionen von Privatpersonen f\u00f6rdern die Abholzung"}]},{"@type":"WebSite","@id":"https:\/\/www.organisator.ch\/#website","url":"https:\/\/www.organisator.ch\/","name":"Organisator","description":"Kompetent. Praxisnah. Der ORGANISATOR bereitet in 10 Ausgaben pro Jahr die wesentlichen Themen f\u00fcr F\u00fchrungskr\u00e4fte von KMU auf.","publisher":{"@id":"https:\/\/www.organisator.ch\/#organization"},"potentialAction":[{"@type":"SearchAction","target":{"@type":"EntryPoint","urlTemplate":"https:\/\/www.organisator.ch\/?s={search_term_string}"},"query-input":{"@type":"PropertyValueSpecification","valueRequired":true,"valueName":"search_term_string"}}],"inLanguage":"de"},{"@type":"Organization","@id":"https:\/\/www.organisator.ch\/#organization","name":"Organisator","url":"https:\/\/www.organisator.ch\/","logo":{"@type":"ImageObject","inLanguage":"de","@id":"https:\/\/www.organisator.ch\/#\/schema\/logo\/image\/","url":"https:\/\/www.organisator.ch\/wp-content\/uploads\/2022\/01\/Logo_Organisator_Website.png","contentUrl":"https:\/\/www.organisator.ch\/wp-content\/uploads\/2022\/01\/Logo_Organisator_Website.png","width":800,"height":77,"caption":"Organisator"},"image":{"@id":"https:\/\/www.organisator.ch\/#\/schema\/logo\/image\/"},"sameAs":["https:\/\/www.facebook.com\/OrganisatorFachmagazin","https:\/\/www.linkedin.com\/showcase\/organisator-das-magazin-fr-kmu","https:\/\/www.xing.com\/news\/pages\/organisator-ch-695","https:\/\/www.youtube.com\/channel\/UCGP2Sq0iWaZwT3BdIAQFYpw"]},{"@type":"Person","@id":"https:\/\/www.organisator.ch\/#\/schema\/person\/134708ca9321c57b0362cceb7948ffbd","name":"michael.merz","image":{"@type":"ImageObject","inLanguage":"de","@id":"https:\/\/secure.gravatar.com\/avatar\/?s=96&d=mm&r=g","url":"https:\/\/secure.gravatar.com\/avatar\/?s=96&d=mm&r=g","contentUrl":"https:\/\/secure.gravatar.com\/avatar\/?s=96&d=mm&r=g","caption":"michael.merz"},"url":"https:\/\/www.organisator.ch\/de\/author\/michael-merz\/"}]}},"_links":{"self":[{"href":"https:\/\/www.organisator.ch\/de\/wp-json\/wp\/v2\/posts\/10156","targetHints":{"allow":["GET"]}}],"collection":[{"href":"https:\/\/www.organisator.ch\/de\/wp-json\/wp\/v2\/posts"}],"about":[{"href":"https:\/\/www.organisator.ch\/de\/wp-json\/wp\/v2\/types\/post"}],"author":[{"embeddable":true,"href":"https:\/\/www.organisator.ch\/de\/wp-json\/wp\/v2\/users\/5"}],"replies":[{"embeddable":true,"href":"https:\/\/www.organisator.ch\/de\/wp-json\/wp\/v2\/comments?post=10156"}],"version-history":[{"count":1,"href":"https:\/\/www.organisator.ch\/de\/wp-json\/wp\/v2\/posts\/10156\/revisions"}],"predecessor-version":[{"id":10849,"href":"https:\/\/www.organisator.ch\/de\/wp-json\/wp\/v2\/posts\/10156\/revisions\/10849"}],"wp:featuredmedia":[{"embeddable":true,"href":"https:\/\/www.organisator.ch\/de\/wp-json\/wp\/v2\/media\/2847"}],"wp:attachment":[{"href":"https:\/\/www.organisator.ch\/de\/wp-json\/wp\/v2\/media?parent=10156"}],"wp:term":[{"taxonomy":"category","embeddable":true,"href":"https:\/\/www.organisator.ch\/de\/wp-json\/wp\/v2\/categories?post=10156"},{"taxonomy":"post_tag","embeddable":true,"href":"https:\/\/www.organisator.ch\/de\/wp-json\/wp\/v2\/tags?post=10156"}],"curies":[{"name":"wp","href":"https:\/\/api.w.org\/{rel}","templated":true}]}}