{"id":10160,"date":"2020-03-09T11:14:20","date_gmt":"2020-03-09T10:14:20","guid":{"rendered":"https:\/\/www.umweltperspektiven.ch\/?p=2889"},"modified":"2022-02-09T11:06:14","modified_gmt":"2022-02-09T10:06:14","slug":"besteuerung-der-wasserkraftwerke-uri-und-sbb-einigen-sich","status":"publish","type":"post","link":"https:\/\/www.organisator.ch\/de\/sustainability\/2020-03-09\/besteuerung-der-wasserkraftwerke-uri-und-sbb-einigen-sich\/","title":{"rendered":"Besteuerung der Wasserkraftwerke: Uri und SBB einigen sich"},"content":{"rendered":"<figure id=\"attachment_2890\" aria-describedby=\"caption-attachment-2890\" style=\"width: 680px\" class=\"wp-caption alignnone\"><img loading=\"lazy\" decoding=\"async\" class=\"size-medium wp-image-2890\" src=\"\/\/www.umweltperspektiven.ch\/wp-content\/uploads\/2020\/03\/Wasserkraftwerke-SBB-Uri-UP_Management-u-Qualitaet.jpg\" alt=\"\" width=\"680\" height=\"449\" srcset=\"https:\/\/www.organisator.ch\/wp-content\/uploads\/2020\/03\/Wasserkraftwerke-SBB-Uri-UP_Management-u-Qualitaet.jpg 1740w, https:\/\/www.organisator.ch\/wp-content\/uploads\/2020\/03\/Wasserkraftwerke-SBB-Uri-UP_Management-u-Qualitaet-680x449.jpg 680w, https:\/\/www.organisator.ch\/wp-content\/uploads\/2020\/03\/Wasserkraftwerke-SBB-Uri-UP_Management-u-Qualitaet-1024x676.jpg 1024w, https:\/\/www.organisator.ch\/wp-content\/uploads\/2020\/03\/Wasserkraftwerke-SBB-Uri-UP_Management-u-Qualitaet-768x507.jpg 768w, https:\/\/www.organisator.ch\/wp-content\/uploads\/2020\/03\/Wasserkraftwerke-SBB-Uri-UP_Management-u-Qualitaet-1536x1013.jpg 1536w, https:\/\/www.organisator.ch\/wp-content\/uploads\/2020\/03\/Wasserkraftwerke-SBB-Uri-UP_Management-u-Qualitaet-18x12.jpg 18w, https:\/\/www.organisator.ch\/wp-content\/uploads\/2020\/03\/Wasserkraftwerke-SBB-Uri-UP_Management-u-Qualitaet-265x175.jpg 265w, https:\/\/www.organisator.ch\/wp-content\/uploads\/2020\/03\/Wasserkraftwerke-SBB-Uri-UP_Management-u-Qualitaet-530x350.jpg 530w, https:\/\/www.organisator.ch\/wp-content\/uploads\/2020\/03\/Wasserkraftwerke-SBB-Uri-UP_Management-u-Qualitaet-1213x800.jpg 1213w, https:\/\/www.organisator.ch\/wp-content\/uploads\/2020\/03\/Wasserkraftwerke-SBB-Uri-UP_Management-u-Qualitaet-920x607.jpg 920w, https:\/\/www.organisator.ch\/wp-content\/uploads\/2020\/03\/Wasserkraftwerke-SBB-Uri-UP_Management-u-Qualitaet-1400x924.jpg 1400w, https:\/\/www.organisator.ch\/wp-content\/uploads\/2020\/03\/Wasserkraftwerke-SBB-Uri-UP_Management-u-Qualitaet-300x198.jpg 300w\" sizes=\"auto, (max-width: 680px) 100vw, 680px\" \/><figcaption id=\"caption-attachment-2890\" class=\"wp-caption-text\">Das Kraftwerk Amsteg der Schweizerischen Bundesbahnen (SBB) ist ein Hochdruck-Laufwasserkraftwerk an der Reuss im Kanton Uri. Es bildet zusammen mit den Anlagen in G\u00f6schenen und Wassen die Reuss-Kaskade, welche ungef\u00e4hr 40 Prozent des von der SBB verbrauchten Bahnstroms erzeugt. Bild: Die Schaltzentrale in Silenen. (Quelle: Wikipedia)<\/figcaption><\/figure>\n<p class=\"icmsPContent icms-wysiwyg-first\">Die beiden Wasserkraftwerke Amsteg und Wassen befinden sich\u00a0derzeit zu 90 Prozent im Besitz der SBB. Die restlichen Anteile geh\u00f6ren dem Kanton Uri sowie der Urner Kantonalbank. Die SBB hat bisher j\u00e4hrlich eine Steuerausfallentsch\u00e4digung entrichtet. Die SBB fand den Betrag zu hoch, der Kanton Uri aber angemessen.<\/p>\n<p><strong>Steuern und Abgaben in den Gemeinden werden beibehalten\u00a0<\/strong><\/p>\n<p class=\"icmsPContent\">Um eine angemessene Steuerausfallentsch\u00e4digung aufrecht zu halten, ist die Fusion der Kraftwerk Amsteg AG und Kraftwerk Wassen AG mit der SBB AG vorgesehen. Dazu verkauft der Kanton der SBB seine Aktienanteile an diesen beiden Kraftwerkunternehmen. Die Energiebezugsrechte des Kantons an den Kraftwerksproduktionen bleiben vollumf\u00e4nglich gewahrt. Auf die Mitarbeitenden in den Kraftwerken hat die Fusion keine Auswirkungen.<\/p>\n<p class=\"icmsPContent\">Dank der Fusion kann die SBB Synergien schaffen, die erlauben, dass die Steuern und Abgaben der Gemeinden in angemessener Gr\u00f6ssenordnung beibehalten werden.<\/p>\n<p class=\"icmsPContent\">Am st\u00e4rksten von der Einigung profitieren die Einwohnergemeinden Silenen, Gurtnellen und Wassen. Sie sind auf die j\u00e4hrlichen Entsch\u00e4digungszahlungen der SBB-Werke Amsteg und Wassen angewiesen. W\u00e4ren die Verhandlungen gescheitert, h\u00e4tten die Gemeinden einen Teil der Steuerausfallentsch\u00e4digungen der letzten Jahre zur\u00fcckzahlen m\u00fcssen.<\/p>\n<p><strong>Konzessions\u00e4nderungen noch offen\u00a0<\/strong><\/p>\n<p class=\"icmsPContent\">Eine R\u00fcckzahlung h\u00e4tte die Gemeinden enorm belastet. Entsprechend zeigt sich der Gemeindepr\u00e4sident von Silenen, Hermann Epp, erleichtert: \u00abWir sind gl\u00fccklich \u00fcber diese Einigung. Ein Scheitern h\u00e4tte unsere Gemeinde wohl in eine finanzielle Schieflage gebracht.\u00bb<\/p>\n<p class=\"icmsPContent\">Mit dem Abschluss der Rahmenvereinbarung wird ein Konsens erreicht und der Streit dauerhaft beigelegt. Das letzte Wort hat aber der Landrat. Die Abtretung der Aktien der Kraftwerk Amsteg AG und der Kraftwerk Wassen AG an die SBB AG bedingt n\u00e4mlich, dass die entsprechenden Artikel in der Reusskonzession und in der Furkareusskonzession angepasst werden. Die Konzessions\u00e4nderungen sind Gegenstand einer separaten Vorlage, die der Landrat in der Mai-Session behandeln wird. Die ausf\u00fchrliche Botschaft an den Landrat ist im Internet unter <a href=\"\/\/www.ur.ch\">www.ur.ch<\/a> abrufbar. Kanton, SBB und die betroffenen Gemeinden hoffen, dass das Vorgehen auch die Unterst\u00fctzung im Landrat findet.<\/p>\n","protected":false},"excerpt":{"rendered":"<p>Die beiden Wasserkraftwerke Amsteg und Wassen befinden sich\u00a0derzeit zu 90 Prozent im Besitz der SBB. Die restlichen Anteile geh\u00f6ren dem Kanton Uri sowie der Urner Kantonalbank. Die SBB hat bisher j\u00e4hrlich eine Steuerausfallentsch\u00e4digung entrichtet. Die SBB fand den Betrag zu hoch, der Kanton Uri aber angemessen. Steuern und Abgaben in den Gemeinden werden beibehalten\u00a0 Um [&hellip;]<\/p>\n","protected":false},"author":5,"featured_media":2890,"comment_status":"closed","ping_status":"closed","sticky":false,"template":"","format":"standard","meta":{"_acf_changed":false,"_yoast_wpseo_focuskw":"Wasserkraftwerke","_yoast_wpseo_metadesc":"Der Kanton Uri und die SBB vertreten seit einiger Zeit unterschiedliche Rechtsauffassungen \u00fcber die Besteuerung der Wasserkraftwerke.","articlekey":"","footnotes":""},"categories":[580],"tags":[703,1473,1986,424,2419,2512,2519],"class_list":["post-10160","post","type-post","status-publish","format-standard","has-post-thumbnail","hentry","category-sustainability","tag-amsteg","tag-kanton-uri","tag-rechtsstreit","tag-schweiz","tag-uri","tag-wassen","tag-wasserkraft"],"acf":[],"yoast_head":"<!-- This site is optimized with the Yoast SEO plugin v27.4 - https:\/\/yoast.com\/product\/yoast-seo-wordpress\/ -->\n<title>Besteuerung der Wasserkraftwerke: Uri und SBB einigen sich - Organisator<\/title>\n<meta name=\"description\" content=\"Der Kanton Uri und die SBB vertreten seit einiger Zeit unterschiedliche Rechtsauffassungen \u00fcber die Besteuerung der Wasserkraftwerke.\" \/>\n<meta name=\"robots\" content=\"index, follow, max-snippet:-1, max-image-preview:large, max-video-preview:-1\" \/>\n<link rel=\"canonical\" href=\"https:\/\/www.organisator.ch\/de\/sustainability\/2020-03-09\/besteuerung-der-wasserkraftwerke-uri-und-sbb-einigen-sich\/\" \/>\n<meta property=\"og:locale\" content=\"de_DE\" \/>\n<meta property=\"og:type\" content=\"article\" \/>\n<meta property=\"og:title\" content=\"Besteuerung der Wasserkraftwerke: Uri und SBB einigen sich - Organisator\" \/>\n<meta property=\"og:description\" content=\"Der Kanton Uri und die SBB vertreten seit einiger Zeit unterschiedliche Rechtsauffassungen \u00fcber die Besteuerung der Wasserkraftwerke.\" \/>\n<meta property=\"og:url\" content=\"https:\/\/www.organisator.ch\/de\/sustainability\/2020-03-09\/besteuerung-der-wasserkraftwerke-uri-und-sbb-einigen-sich\/\" \/>\n<meta property=\"og:site_name\" content=\"Organisator\" \/>\n<meta property=\"article:publisher\" content=\"https:\/\/www.facebook.com\/OrganisatorFachmagazin\" \/>\n<meta property=\"article:published_time\" content=\"2020-03-09T10:14:20+00:00\" \/>\n<meta property=\"article:modified_time\" content=\"2022-02-09T10:06:14+00:00\" \/>\n<meta property=\"og:image\" content=\"https:\/\/www.organisator.ch\/wp-content\/uploads\/2020\/03\/Wasserkraftwerke-SBB-Uri-UP_Management-u-Qualitaet.jpg\" \/>\n\t<meta property=\"og:image:width\" content=\"1740\" \/>\n\t<meta property=\"og:image:height\" content=\"1148\" \/>\n\t<meta property=\"og:image:type\" content=\"image\/jpeg\" \/>\n<meta name=\"author\" content=\"michael.merz\" \/>\n<meta name=\"twitter:card\" content=\"summary_large_image\" \/>\n<script type=\"application\/ld+json\" class=\"yoast-schema-graph\">{\"@context\":\"https:\\\/\\\/schema.org\",\"@graph\":[{\"@type\":\"Article\",\"@id\":\"https:\\\/\\\/www.organisator.ch\\\/sustainability\\\/2020-03-09\\\/besteuerung-der-wasserkraftwerke-uri-und-sbb-einigen-sich\\\/#article\",\"isPartOf\":{\"@id\":\"https:\\\/\\\/www.organisator.ch\\\/sustainability\\\/2020-03-09\\\/besteuerung-der-wasserkraftwerke-uri-und-sbb-einigen-sich\\\/\"},\"author\":{\"name\":\"michael.merz\",\"@id\":\"https:\\\/\\\/www.organisator.ch\\\/#\\\/schema\\\/person\\\/134708ca9321c57b0362cceb7948ffbd\"},\"headline\":\"Besteuerung der Wasserkraftwerke: Uri und SBB einigen sich\",\"datePublished\":\"2020-03-09T10:14:20+00:00\",\"dateModified\":\"2022-02-09T10:06:14+00:00\",\"mainEntityOfPage\":{\"@id\":\"https:\\\/\\\/www.organisator.ch\\\/sustainability\\\/2020-03-09\\\/besteuerung-der-wasserkraftwerke-uri-und-sbb-einigen-sich\\\/\"},\"wordCount\":393,\"publisher\":{\"@id\":\"https:\\\/\\\/www.organisator.ch\\\/#organization\"},\"image\":{\"@id\":\"https:\\\/\\\/www.organisator.ch\\\/sustainability\\\/2020-03-09\\\/besteuerung-der-wasserkraftwerke-uri-und-sbb-einigen-sich\\\/#primaryimage\"},\"thumbnailUrl\":\"https:\\\/\\\/www.organisator.ch\\\/wp-content\\\/uploads\\\/2020\\\/03\\\/Wasserkraftwerke-SBB-Uri-UP_Management-u-Qualitaet.jpg\",\"keywords\":[\"Amsteg\",\"Kanton Uri\",\"Rechtsstreit\",\"Schweiz\",\"Uri\",\"Wassen\",\"Wasserkraft\"],\"articleSection\":[\"SUSTAINABILITY\"],\"inLanguage\":\"de\"},{\"@type\":\"WebPage\",\"@id\":\"https:\\\/\\\/www.organisator.ch\\\/sustainability\\\/2020-03-09\\\/besteuerung-der-wasserkraftwerke-uri-und-sbb-einigen-sich\\\/\",\"url\":\"https:\\\/\\\/www.organisator.ch\\\/sustainability\\\/2020-03-09\\\/besteuerung-der-wasserkraftwerke-uri-und-sbb-einigen-sich\\\/\",\"name\":\"Besteuerung der Wasserkraftwerke: Uri und SBB einigen sich - Organisator\",\"isPartOf\":{\"@id\":\"https:\\\/\\\/www.organisator.ch\\\/#website\"},\"primaryImageOfPage\":{\"@id\":\"https:\\\/\\\/www.organisator.ch\\\/sustainability\\\/2020-03-09\\\/besteuerung-der-wasserkraftwerke-uri-und-sbb-einigen-sich\\\/#primaryimage\"},\"image\":{\"@id\":\"https:\\\/\\\/www.organisator.ch\\\/sustainability\\\/2020-03-09\\\/besteuerung-der-wasserkraftwerke-uri-und-sbb-einigen-sich\\\/#primaryimage\"},\"thumbnailUrl\":\"https:\\\/\\\/www.organisator.ch\\\/wp-content\\\/uploads\\\/2020\\\/03\\\/Wasserkraftwerke-SBB-Uri-UP_Management-u-Qualitaet.jpg\",\"datePublished\":\"2020-03-09T10:14:20+00:00\",\"dateModified\":\"2022-02-09T10:06:14+00:00\",\"description\":\"Der Kanton Uri und die SBB vertreten seit einiger Zeit unterschiedliche Rechtsauffassungen \u00fcber die Besteuerung der Wasserkraftwerke.\",\"breadcrumb\":{\"@id\":\"https:\\\/\\\/www.organisator.ch\\\/sustainability\\\/2020-03-09\\\/besteuerung-der-wasserkraftwerke-uri-und-sbb-einigen-sich\\\/#breadcrumb\"},\"inLanguage\":\"de\",\"potentialAction\":[{\"@type\":\"ReadAction\",\"target\":[\"https:\\\/\\\/www.organisator.ch\\\/sustainability\\\/2020-03-09\\\/besteuerung-der-wasserkraftwerke-uri-und-sbb-einigen-sich\\\/\"]}]},{\"@type\":\"ImageObject\",\"inLanguage\":\"de\",\"@id\":\"https:\\\/\\\/www.organisator.ch\\\/sustainability\\\/2020-03-09\\\/besteuerung-der-wasserkraftwerke-uri-und-sbb-einigen-sich\\\/#primaryimage\",\"url\":\"https:\\\/\\\/www.organisator.ch\\\/wp-content\\\/uploads\\\/2020\\\/03\\\/Wasserkraftwerke-SBB-Uri-UP_Management-u-Qualitaet.jpg\",\"contentUrl\":\"https:\\\/\\\/www.organisator.ch\\\/wp-content\\\/uploads\\\/2020\\\/03\\\/Wasserkraftwerke-SBB-Uri-UP_Management-u-Qualitaet.jpg\",\"width\":1740,\"height\":1148,\"caption\":\"Das Kraftwerk Amsteg der Schweizerischen Bundesbahnen (SBB) ist ein Hochdruck-Laufwasserkraftwerk an der Reuss im Kanton Uri. Es bildet zusammen mit den Anlagen in G\u00f6schenen und Wassen die Reuss-Kaskade, welche ungef\u00e4hr 40 Prozent des von der SBB verbrauchten Bahnstroms erzeugt. Bild: Die Schaltzentrale in Silenen. (Quelle: Wikipedia)\"},{\"@type\":\"BreadcrumbList\",\"@id\":\"https:\\\/\\\/www.organisator.ch\\\/sustainability\\\/2020-03-09\\\/besteuerung-der-wasserkraftwerke-uri-und-sbb-einigen-sich\\\/#breadcrumb\",\"itemListElement\":[{\"@type\":\"ListItem\",\"position\":1,\"name\":\"Home\",\"item\":\"https:\\\/\\\/www.organisator.ch\\\/\"},{\"@type\":\"ListItem\",\"position\":2,\"name\":\"Besteuerung der Wasserkraftwerke: Uri und SBB einigen sich\"}]},{\"@type\":\"WebSite\",\"@id\":\"https:\\\/\\\/www.organisator.ch\\\/#website\",\"url\":\"https:\\\/\\\/www.organisator.ch\\\/\",\"name\":\"Organisator\",\"description\":\"Kompetent. Praxisnah. Der ORGANISATOR bereitet in 10 Ausgaben pro Jahr die wesentlichen Themen f\u00fcr F\u00fchrungskr\u00e4fte von KMU auf.\",\"publisher\":{\"@id\":\"https:\\\/\\\/www.organisator.ch\\\/#organization\"},\"potentialAction\":[{\"@type\":\"SearchAction\",\"target\":{\"@type\":\"EntryPoint\",\"urlTemplate\":\"https:\\\/\\\/www.organisator.ch\\\/?s={search_term_string}\"},\"query-input\":{\"@type\":\"PropertyValueSpecification\",\"valueRequired\":true,\"valueName\":\"search_term_string\"}}],\"inLanguage\":\"de\"},{\"@type\":\"Organization\",\"@id\":\"https:\\\/\\\/www.organisator.ch\\\/#organization\",\"name\":\"Organisator\",\"url\":\"https:\\\/\\\/www.organisator.ch\\\/\",\"logo\":{\"@type\":\"ImageObject\",\"inLanguage\":\"de\",\"@id\":\"https:\\\/\\\/www.organisator.ch\\\/#\\\/schema\\\/logo\\\/image\\\/\",\"url\":\"https:\\\/\\\/www.organisator.ch\\\/wp-content\\\/uploads\\\/2022\\\/01\\\/Logo_Organisator_Website.png\",\"contentUrl\":\"https:\\\/\\\/www.organisator.ch\\\/wp-content\\\/uploads\\\/2022\\\/01\\\/Logo_Organisator_Website.png\",\"width\":800,\"height\":77,\"caption\":\"Organisator\"},\"image\":{\"@id\":\"https:\\\/\\\/www.organisator.ch\\\/#\\\/schema\\\/logo\\\/image\\\/\"},\"sameAs\":[\"https:\\\/\\\/www.facebook.com\\\/OrganisatorFachmagazin\",\"https:\\\/\\\/www.linkedin.com\\\/showcase\\\/organisator-das-magazin-fr-kmu\",\"https:\\\/\\\/www.xing.com\\\/news\\\/pages\\\/organisator-ch-695\",\"https:\\\/\\\/www.youtube.com\\\/channel\\\/UCGP2Sq0iWaZwT3BdIAQFYpw\"]},{\"@type\":\"Person\",\"@id\":\"https:\\\/\\\/www.organisator.ch\\\/#\\\/schema\\\/person\\\/134708ca9321c57b0362cceb7948ffbd\",\"name\":\"michael.merz\",\"image\":{\"@type\":\"ImageObject\",\"inLanguage\":\"de\",\"@id\":\"https:\\\/\\\/secure.gravatar.com\\\/avatar\\\/?s=96&d=mm&r=g\",\"url\":\"https:\\\/\\\/secure.gravatar.com\\\/avatar\\\/?s=96&d=mm&r=g\",\"contentUrl\":\"https:\\\/\\\/secure.gravatar.com\\\/avatar\\\/?s=96&d=mm&r=g\",\"caption\":\"michael.merz\"},\"url\":\"https:\\\/\\\/www.organisator.ch\\\/de\\\/author\\\/michael-merz\\\/\"}]}<\/script>\n<!-- \/ Yoast SEO plugin. -->","yoast_head_json":{"title":"Besteuerung der Wasserkraftwerke: Uri und SBB einigen sich - Organisator","description":"Der Kanton Uri und die SBB vertreten seit einiger Zeit unterschiedliche Rechtsauffassungen \u00fcber die Besteuerung der Wasserkraftwerke.","robots":{"index":"index","follow":"follow","max-snippet":"max-snippet:-1","max-image-preview":"max-image-preview:large","max-video-preview":"max-video-preview:-1"},"canonical":"https:\/\/www.organisator.ch\/de\/sustainability\/2020-03-09\/besteuerung-der-wasserkraftwerke-uri-und-sbb-einigen-sich\/","og_locale":"de_DE","og_type":"article","og_title":"Besteuerung der Wasserkraftwerke: Uri und SBB einigen sich - Organisator","og_description":"Der Kanton Uri und die SBB vertreten seit einiger Zeit unterschiedliche Rechtsauffassungen \u00fcber die Besteuerung der Wasserkraftwerke.","og_url":"https:\/\/www.organisator.ch\/de\/sustainability\/2020-03-09\/besteuerung-der-wasserkraftwerke-uri-und-sbb-einigen-sich\/","og_site_name":"Organisator","article_publisher":"https:\/\/www.facebook.com\/OrganisatorFachmagazin","article_published_time":"2020-03-09T10:14:20+00:00","article_modified_time":"2022-02-09T10:06:14+00:00","og_image":[{"width":1740,"height":1148,"url":"https:\/\/www.organisator.ch\/wp-content\/uploads\/2020\/03\/Wasserkraftwerke-SBB-Uri-UP_Management-u-Qualitaet.jpg","type":"image\/jpeg"}],"author":"michael.merz","twitter_card":"summary_large_image","schema":{"@context":"https:\/\/schema.org","@graph":[{"@type":"Article","@id":"https:\/\/www.organisator.ch\/sustainability\/2020-03-09\/besteuerung-der-wasserkraftwerke-uri-und-sbb-einigen-sich\/#article","isPartOf":{"@id":"https:\/\/www.organisator.ch\/sustainability\/2020-03-09\/besteuerung-der-wasserkraftwerke-uri-und-sbb-einigen-sich\/"},"author":{"name":"michael.merz","@id":"https:\/\/www.organisator.ch\/#\/schema\/person\/134708ca9321c57b0362cceb7948ffbd"},"headline":"Besteuerung der Wasserkraftwerke: Uri und SBB einigen sich","datePublished":"2020-03-09T10:14:20+00:00","dateModified":"2022-02-09T10:06:14+00:00","mainEntityOfPage":{"@id":"https:\/\/www.organisator.ch\/sustainability\/2020-03-09\/besteuerung-der-wasserkraftwerke-uri-und-sbb-einigen-sich\/"},"wordCount":393,"publisher":{"@id":"https:\/\/www.organisator.ch\/#organization"},"image":{"@id":"https:\/\/www.organisator.ch\/sustainability\/2020-03-09\/besteuerung-der-wasserkraftwerke-uri-und-sbb-einigen-sich\/#primaryimage"},"thumbnailUrl":"https:\/\/www.organisator.ch\/wp-content\/uploads\/2020\/03\/Wasserkraftwerke-SBB-Uri-UP_Management-u-Qualitaet.jpg","keywords":["Amsteg","Kanton Uri","Rechtsstreit","Schweiz","Uri","Wassen","Wasserkraft"],"articleSection":["SUSTAINABILITY"],"inLanguage":"de"},{"@type":"WebPage","@id":"https:\/\/www.organisator.ch\/sustainability\/2020-03-09\/besteuerung-der-wasserkraftwerke-uri-und-sbb-einigen-sich\/","url":"https:\/\/www.organisator.ch\/sustainability\/2020-03-09\/besteuerung-der-wasserkraftwerke-uri-und-sbb-einigen-sich\/","name":"Besteuerung der Wasserkraftwerke: Uri und SBB einigen sich - Organisator","isPartOf":{"@id":"https:\/\/www.organisator.ch\/#website"},"primaryImageOfPage":{"@id":"https:\/\/www.organisator.ch\/sustainability\/2020-03-09\/besteuerung-der-wasserkraftwerke-uri-und-sbb-einigen-sich\/#primaryimage"},"image":{"@id":"https:\/\/www.organisator.ch\/sustainability\/2020-03-09\/besteuerung-der-wasserkraftwerke-uri-und-sbb-einigen-sich\/#primaryimage"},"thumbnailUrl":"https:\/\/www.organisator.ch\/wp-content\/uploads\/2020\/03\/Wasserkraftwerke-SBB-Uri-UP_Management-u-Qualitaet.jpg","datePublished":"2020-03-09T10:14:20+00:00","dateModified":"2022-02-09T10:06:14+00:00","description":"Der Kanton Uri und die SBB vertreten seit einiger Zeit unterschiedliche Rechtsauffassungen \u00fcber die Besteuerung der Wasserkraftwerke.","breadcrumb":{"@id":"https:\/\/www.organisator.ch\/sustainability\/2020-03-09\/besteuerung-der-wasserkraftwerke-uri-und-sbb-einigen-sich\/#breadcrumb"},"inLanguage":"de","potentialAction":[{"@type":"ReadAction","target":["https:\/\/www.organisator.ch\/sustainability\/2020-03-09\/besteuerung-der-wasserkraftwerke-uri-und-sbb-einigen-sich\/"]}]},{"@type":"ImageObject","inLanguage":"de","@id":"https:\/\/www.organisator.ch\/sustainability\/2020-03-09\/besteuerung-der-wasserkraftwerke-uri-und-sbb-einigen-sich\/#primaryimage","url":"https:\/\/www.organisator.ch\/wp-content\/uploads\/2020\/03\/Wasserkraftwerke-SBB-Uri-UP_Management-u-Qualitaet.jpg","contentUrl":"https:\/\/www.organisator.ch\/wp-content\/uploads\/2020\/03\/Wasserkraftwerke-SBB-Uri-UP_Management-u-Qualitaet.jpg","width":1740,"height":1148,"caption":"Das Kraftwerk Amsteg der Schweizerischen Bundesbahnen (SBB) ist ein Hochdruck-Laufwasserkraftwerk an der Reuss im Kanton Uri. Es bildet zusammen mit den Anlagen in G\u00f6schenen und Wassen die Reuss-Kaskade, welche ungef\u00e4hr 40 Prozent des von der SBB verbrauchten Bahnstroms erzeugt. Bild: Die Schaltzentrale in Silenen. (Quelle: Wikipedia)"},{"@type":"BreadcrumbList","@id":"https:\/\/www.organisator.ch\/sustainability\/2020-03-09\/besteuerung-der-wasserkraftwerke-uri-und-sbb-einigen-sich\/#breadcrumb","itemListElement":[{"@type":"ListItem","position":1,"name":"Home","item":"https:\/\/www.organisator.ch\/"},{"@type":"ListItem","position":2,"name":"Besteuerung der Wasserkraftwerke: Uri und SBB einigen sich"}]},{"@type":"WebSite","@id":"https:\/\/www.organisator.ch\/#website","url":"https:\/\/www.organisator.ch\/","name":"Organisator","description":"Kompetent. Praxisnah. Der ORGANISATOR bereitet in 10 Ausgaben pro Jahr die wesentlichen Themen f\u00fcr F\u00fchrungskr\u00e4fte von KMU auf.","publisher":{"@id":"https:\/\/www.organisator.ch\/#organization"},"potentialAction":[{"@type":"SearchAction","target":{"@type":"EntryPoint","urlTemplate":"https:\/\/www.organisator.ch\/?s={search_term_string}"},"query-input":{"@type":"PropertyValueSpecification","valueRequired":true,"valueName":"search_term_string"}}],"inLanguage":"de"},{"@type":"Organization","@id":"https:\/\/www.organisator.ch\/#organization","name":"Organisator","url":"https:\/\/www.organisator.ch\/","logo":{"@type":"ImageObject","inLanguage":"de","@id":"https:\/\/www.organisator.ch\/#\/schema\/logo\/image\/","url":"https:\/\/www.organisator.ch\/wp-content\/uploads\/2022\/01\/Logo_Organisator_Website.png","contentUrl":"https:\/\/www.organisator.ch\/wp-content\/uploads\/2022\/01\/Logo_Organisator_Website.png","width":800,"height":77,"caption":"Organisator"},"image":{"@id":"https:\/\/www.organisator.ch\/#\/schema\/logo\/image\/"},"sameAs":["https:\/\/www.facebook.com\/OrganisatorFachmagazin","https:\/\/www.linkedin.com\/showcase\/organisator-das-magazin-fr-kmu","https:\/\/www.xing.com\/news\/pages\/organisator-ch-695","https:\/\/www.youtube.com\/channel\/UCGP2Sq0iWaZwT3BdIAQFYpw"]},{"@type":"Person","@id":"https:\/\/www.organisator.ch\/#\/schema\/person\/134708ca9321c57b0362cceb7948ffbd","name":"michael.merz","image":{"@type":"ImageObject","inLanguage":"de","@id":"https:\/\/secure.gravatar.com\/avatar\/?s=96&d=mm&r=g","url":"https:\/\/secure.gravatar.com\/avatar\/?s=96&d=mm&r=g","contentUrl":"https:\/\/secure.gravatar.com\/avatar\/?s=96&d=mm&r=g","caption":"michael.merz"},"url":"https:\/\/www.organisator.ch\/de\/author\/michael-merz\/"}]}},"_links":{"self":[{"href":"https:\/\/www.organisator.ch\/de\/wp-json\/wp\/v2\/posts\/10160","targetHints":{"allow":["GET"]}}],"collection":[{"href":"https:\/\/www.organisator.ch\/de\/wp-json\/wp\/v2\/posts"}],"about":[{"href":"https:\/\/www.organisator.ch\/de\/wp-json\/wp\/v2\/types\/post"}],"author":[{"embeddable":true,"href":"https:\/\/www.organisator.ch\/de\/wp-json\/wp\/v2\/users\/5"}],"replies":[{"embeddable":true,"href":"https:\/\/www.organisator.ch\/de\/wp-json\/wp\/v2\/comments?post=10160"}],"version-history":[{"count":1,"href":"https:\/\/www.organisator.ch\/de\/wp-json\/wp\/v2\/posts\/10160\/revisions"}],"predecessor-version":[{"id":10528,"href":"https:\/\/www.organisator.ch\/de\/wp-json\/wp\/v2\/posts\/10160\/revisions\/10528"}],"wp:featuredmedia":[{"embeddable":true,"href":"https:\/\/www.organisator.ch\/de\/wp-json\/wp\/v2\/media\/2890"}],"wp:attachment":[{"href":"https:\/\/www.organisator.ch\/de\/wp-json\/wp\/v2\/media?parent=10160"}],"wp:term":[{"taxonomy":"category","embeddable":true,"href":"https:\/\/www.organisator.ch\/de\/wp-json\/wp\/v2\/categories?post=10160"},{"taxonomy":"post_tag","embeddable":true,"href":"https:\/\/www.organisator.ch\/de\/wp-json\/wp\/v2\/tags?post=10160"}],"curies":[{"name":"wp","href":"https:\/\/api.w.org\/{rel}","templated":true}]}}