{"id":10162,"date":"2020-03-10T15:49:22","date_gmt":"2020-03-10T14:49:22","guid":{"rendered":"https:\/\/www.umweltperspektiven.ch\/?p=2896"},"modified":"2022-02-09T11:06:50","modified_gmt":"2022-02-09T10:06:50","slug":"auswirkungen-des-klimawandels-auf-unser-umfeld","status":"publish","type":"post","link":"https:\/\/www.organisator.ch\/de\/sustainability\/2020-03-10\/auswirkungen-des-klimawandels-auf-unser-umfeld\/","title":{"rendered":"Auswirkungen des Klimawandels auf unser Umfeld"},"content":{"rendered":"<figure id=\"attachment_2901\" aria-describedby=\"caption-attachment-2901\" style=\"width: 546px\" class=\"wp-caption alignnone\"><img loading=\"lazy\" decoding=\"async\" class=\"size-full wp-image-2901\" src=\"\/\/www.umweltperspektiven.ch\/wp-content\/uploads\/2020\/03\/herrenhaus-grafenort-Klimawandel-UP-Umwelt-Perspektiven.jpg\" alt=\"\" width=\"546\" height=\"378\" srcset=\"https:\/\/www.organisator.ch\/wp-content\/uploads\/2020\/03\/herrenhaus-grafenort-Klimawandel-UP-Umwelt-Perspektiven.jpg 546w, https:\/\/www.organisator.ch\/wp-content\/uploads\/2020\/03\/herrenhaus-grafenort-Klimawandel-UP-Umwelt-Perspektiven-18x12.jpg 18w, https:\/\/www.organisator.ch\/wp-content\/uploads\/2020\/03\/herrenhaus-grafenort-Klimawandel-UP-Umwelt-Perspektiven-253x175.jpg 253w, https:\/\/www.organisator.ch\/wp-content\/uploads\/2020\/03\/herrenhaus-grafenort-Klimawandel-UP-Umwelt-Perspektiven-506x350.jpg 506w, https:\/\/www.organisator.ch\/wp-content\/uploads\/2020\/03\/herrenhaus-grafenort-Klimawandel-UP-Umwelt-Perspektiven-300x208.jpg 300w\" sizes=\"auto, (max-width: 546px) 100vw, 546px\" \/><figcaption id=\"caption-attachment-2901\" class=\"wp-caption-text\">Eine gute Sache und kostenlos: Einsichten zum Klimawandel erhalten im Herrenhaus Grafenort bei Engelberg. (Bild: zVg)<\/figcaption><\/figure>\n<p>In vier Vorabendveranstaltungen werden zusammen mit verschiedenen Experten die lokalen Folgen von Naturgefahren aufgrund des Klimawandels sowie daraus resultierende m\u00f6gliche Chancen er\u00f6rtert.<\/p>\n<p>Am Freitag 27. M\u00e4rz eruieren die Teilnehmer der Workshops unter anderem mit Thomas Bucheli, SRF Meteo, die Meteorologischen Naturgefahren und die Klimazukunft im Alpenraum. Aber auch zu den geologische Naturgefahren, der Biodiversit\u00e4t und Alplandwirtschaft oder zum Thema Schutzwald wird an weiteren drei Abenden eine Bestandsaufnahme mit namhaften Fachleuten aus der Schweiz erarbeitet.<\/p>\n<p>Alle interessierten Personen sind eingeladen, die Auswirkungen des Klimawandels rund um den Titlis zu diskutieren.<\/p>\n<p>Die Vorabendveranstaltungen finden am Freitag 27. M\u00e4rz, 24. April, 8. Mai und 15. Mai 2020 jeweils von 16.40 bis ca. 20 Uhr im Herrenhaus in Grafenort statt (Haltestelle zb Zentralbahn direkt vor Herrenhaus). Anschliessend wird ein Ap\u00e9ro offeriert und weiter diskutiert. Die Teilnahme ist kostenlos, eine Anmeldung ist jedoch notwendig, da beschr\u00e4nkte Platzzahl gegeben.<\/p>\n<p><a href=\"\/\/lebensraum-gebirge.ch\/veranstaltungen\">Alle Infos und detailliertes Programm aller Veranstaltungen\u00a0\u00a0<\/a><\/p>\n<p><em>Freitag 27. M\u00e4rz 2020, 16.40 Uhr<\/em><br \/>\n<em>Herrenhaus Grafenort Meteorologische Naturgefahren<\/em><br \/>\n<em>Klimazukunft im Alpenraum mit Prof. em. Heinz Wanner, Universit\u00e4t Bern \/ Josef Eberli, BAFU \/ Thomas Bucheli, SRF Meteo \/ Hans Peter Willi, ehem. BAFU<\/em><\/p>\n<p><em>Freitag 24. April 2020, 16.40 Uhr<\/em><br \/>\n<em>Herrenhaus Grafenort<\/em><br \/>\n<em>Geologische Naturgefahren<\/em><br \/>\n<em>Klimarisiken in den Alpen mit Prof. em. Wilfried Haeberli, Universit\u00e4t Z\u00fcrich \/ Prof. Daniel Farinotti, ETH Z\u00fcrich \/ Dr. C\u00e9cile Pellet, Univer-sit\u00e9 Fribourg \/ Dr. Alexander Bast, SLF Davos<\/em><\/p>\n<p><em>Freitag 8. Mai 2020, 16.40 Uhr<\/em><br \/>\n<em>Herrenhaus Grafenort<\/em><br \/>\n<em>Biodiversit\u00e4t + Alplandwirtschaft<\/em><br \/>\n<em>Biodiversit\u00e4t im Gebirge mit Prof. Christian K\u00f6rner, GMBA, Universit\u00e4t Basel \/ Prof. Jasmin Joshi, HTR Rapperswil \/ Dr. Felix Herzog, Ag-roscope Z\u00fcrich \/ Prof. Peter Duelli, WSL Birmensdorf<\/em><\/p>\n<p><em>Freitag 15. Mai 2020, 16.40 Uhr<\/em><br \/>\n<em>Herrenhaus Grafenort<\/em><br \/>\n<em>Schutzwald<\/em><br \/>\n<em>Klimawandel im Gebirgswald mit Dr. Peter Brang, WSL Birmensdorf \/ Dr. Peter Bebi, SLF Davos \/ Dr. Boris Pezzatti, WSL Cadenazzo \/ Dr. Rainer Egloff, independent researcher<\/em><\/p>\n<p>&nbsp;<\/p>\n","protected":false},"excerpt":{"rendered":"<p>In vier Vorabendveranstaltungen werden zusammen mit verschiedenen Experten die lokalen Folgen von Naturgefahren aufgrund des Klimawandels sowie daraus resultierende m\u00f6gliche Chancen er\u00f6rtert. Am Freitag 27. M\u00e4rz eruieren die Teilnehmer der Workshops unter anderem mit Thomas Bucheli, SRF Meteo, die Meteorologischen Naturgefahren und die Klimazukunft im Alpenraum. Aber auch zu den geologische Naturgefahren, der Biodiversit\u00e4t und [&hellip;]<\/p>\n","protected":false},"author":5,"featured_media":2901,"comment_status":"closed","ping_status":"closed","sticky":false,"template":"","format":"standard","meta":{"_acf_changed":false,"_yoast_wpseo_focuskw":"Klimawandel","_yoast_wpseo_metadesc":"Um die Herausforderungen des Klimawandels zu identifizieren, hat die Stiftung Lebensraum Gebirge das Projekt \u00abKlima und Wandel im Gebirge\u00bb gestartet.","articlekey":"","footnotes":""},"categories":[580],"tags":[829,1147,1532,1591,1699,1807,424,2434],"class_list":["post-10162","post","type-post","status-publish","format-standard","has-post-thumbnail","hentry","category-sustainability","tag-biodiversitaet","tag-extremwetter","tag-klimawandel","tag-landschaftsschutz","tag-meteo","tag-naturereignisse","tag-schweiz","tag-veranstaltung"],"acf":[],"yoast_head":"<!-- This site is optimized with the Yoast SEO plugin v27.4 - https:\/\/yoast.com\/product\/yoast-seo-wordpress\/ -->\n<title>Auswirkungen des Klimawandels auf unser Umfeld - Organisator<\/title>\n<meta name=\"description\" content=\"Um die Herausforderungen des Klimawandels zu identifizieren, hat die Stiftung Lebensraum Gebirge das Projekt \u00abKlima und Wandel im Gebirge\u00bb gestartet.\" \/>\n<meta name=\"robots\" content=\"index, follow, max-snippet:-1, max-image-preview:large, max-video-preview:-1\" \/>\n<link rel=\"canonical\" href=\"https:\/\/www.organisator.ch\/de\/sustainability\/2020-03-10\/auswirkungen-des-klimawandels-auf-unser-umfeld\/\" \/>\n<meta property=\"og:locale\" content=\"de_DE\" \/>\n<meta property=\"og:type\" content=\"article\" \/>\n<meta property=\"og:title\" content=\"Auswirkungen des Klimawandels auf unser Umfeld - Organisator\" \/>\n<meta property=\"og:description\" content=\"Um die Herausforderungen des Klimawandels zu identifizieren, hat die Stiftung Lebensraum Gebirge das Projekt \u00abKlima und Wandel im Gebirge\u00bb gestartet.\" \/>\n<meta property=\"og:url\" content=\"https:\/\/www.organisator.ch\/de\/sustainability\/2020-03-10\/auswirkungen-des-klimawandels-auf-unser-umfeld\/\" \/>\n<meta property=\"og:site_name\" content=\"Organisator\" \/>\n<meta property=\"article:publisher\" content=\"https:\/\/www.facebook.com\/OrganisatorFachmagazin\" \/>\n<meta property=\"article:published_time\" content=\"2020-03-10T14:49:22+00:00\" \/>\n<meta property=\"article:modified_time\" content=\"2022-02-09T10:06:50+00:00\" \/>\n<meta property=\"og:image\" content=\"https:\/\/www.organisator.ch\/wp-content\/uploads\/2020\/03\/herrenhaus-grafenort-Klimawandel-UP-Umwelt-Perspektiven.jpg\" \/>\n\t<meta property=\"og:image:width\" content=\"546\" \/>\n\t<meta property=\"og:image:height\" content=\"378\" \/>\n\t<meta property=\"og:image:type\" content=\"image\/jpeg\" \/>\n<meta name=\"author\" content=\"michael.merz\" \/>\n<meta name=\"twitter:card\" content=\"summary_large_image\" \/>\n<script type=\"application\/ld+json\" class=\"yoast-schema-graph\">{\"@context\":\"https:\\\/\\\/schema.org\",\"@graph\":[{\"@type\":\"Article\",\"@id\":\"https:\\\/\\\/www.organisator.ch\\\/sustainability\\\/2020-03-10\\\/auswirkungen-des-klimawandels-auf-unser-umfeld\\\/#article\",\"isPartOf\":{\"@id\":\"https:\\\/\\\/www.organisator.ch\\\/sustainability\\\/2020-03-10\\\/auswirkungen-des-klimawandels-auf-unser-umfeld\\\/\"},\"author\":{\"name\":\"michael.merz\",\"@id\":\"https:\\\/\\\/www.organisator.ch\\\/#\\\/schema\\\/person\\\/134708ca9321c57b0362cceb7948ffbd\"},\"headline\":\"Auswirkungen des Klimawandels auf unser Umfeld\",\"datePublished\":\"2020-03-10T14:49:22+00:00\",\"dateModified\":\"2022-02-09T10:06:50+00:00\",\"mainEntityOfPage\":{\"@id\":\"https:\\\/\\\/www.organisator.ch\\\/sustainability\\\/2020-03-10\\\/auswirkungen-des-klimawandels-auf-unser-umfeld\\\/\"},\"wordCount\":314,\"publisher\":{\"@id\":\"https:\\\/\\\/www.organisator.ch\\\/#organization\"},\"image\":{\"@id\":\"https:\\\/\\\/www.organisator.ch\\\/sustainability\\\/2020-03-10\\\/auswirkungen-des-klimawandels-auf-unser-umfeld\\\/#primaryimage\"},\"thumbnailUrl\":\"https:\\\/\\\/www.organisator.ch\\\/wp-content\\\/uploads\\\/2020\\\/03\\\/herrenhaus-grafenort-Klimawandel-UP-Umwelt-Perspektiven.jpg\",\"keywords\":[\"Biodiversit\u00e4t\",\"Extremwetter\",\"Klimawandel\",\"Landschaftsschutz\",\"Meteo\",\"Naturereignisse\",\"Schweiz\",\"Veranstaltung\"],\"articleSection\":[\"SUSTAINABILITY\"],\"inLanguage\":\"de\"},{\"@type\":\"WebPage\",\"@id\":\"https:\\\/\\\/www.organisator.ch\\\/sustainability\\\/2020-03-10\\\/auswirkungen-des-klimawandels-auf-unser-umfeld\\\/\",\"url\":\"https:\\\/\\\/www.organisator.ch\\\/sustainability\\\/2020-03-10\\\/auswirkungen-des-klimawandels-auf-unser-umfeld\\\/\",\"name\":\"Auswirkungen des Klimawandels auf unser Umfeld - Organisator\",\"isPartOf\":{\"@id\":\"https:\\\/\\\/www.organisator.ch\\\/#website\"},\"primaryImageOfPage\":{\"@id\":\"https:\\\/\\\/www.organisator.ch\\\/sustainability\\\/2020-03-10\\\/auswirkungen-des-klimawandels-auf-unser-umfeld\\\/#primaryimage\"},\"image\":{\"@id\":\"https:\\\/\\\/www.organisator.ch\\\/sustainability\\\/2020-03-10\\\/auswirkungen-des-klimawandels-auf-unser-umfeld\\\/#primaryimage\"},\"thumbnailUrl\":\"https:\\\/\\\/www.organisator.ch\\\/wp-content\\\/uploads\\\/2020\\\/03\\\/herrenhaus-grafenort-Klimawandel-UP-Umwelt-Perspektiven.jpg\",\"datePublished\":\"2020-03-10T14:49:22+00:00\",\"dateModified\":\"2022-02-09T10:06:50+00:00\",\"description\":\"Um die Herausforderungen des Klimawandels zu identifizieren, hat die Stiftung Lebensraum Gebirge das Projekt \u00abKlima und Wandel im Gebirge\u00bb gestartet.\",\"breadcrumb\":{\"@id\":\"https:\\\/\\\/www.organisator.ch\\\/sustainability\\\/2020-03-10\\\/auswirkungen-des-klimawandels-auf-unser-umfeld\\\/#breadcrumb\"},\"inLanguage\":\"de\",\"potentialAction\":[{\"@type\":\"ReadAction\",\"target\":[\"https:\\\/\\\/www.organisator.ch\\\/sustainability\\\/2020-03-10\\\/auswirkungen-des-klimawandels-auf-unser-umfeld\\\/\"]}]},{\"@type\":\"ImageObject\",\"inLanguage\":\"de\",\"@id\":\"https:\\\/\\\/www.organisator.ch\\\/sustainability\\\/2020-03-10\\\/auswirkungen-des-klimawandels-auf-unser-umfeld\\\/#primaryimage\",\"url\":\"https:\\\/\\\/www.organisator.ch\\\/wp-content\\\/uploads\\\/2020\\\/03\\\/herrenhaus-grafenort-Klimawandel-UP-Umwelt-Perspektiven.jpg\",\"contentUrl\":\"https:\\\/\\\/www.organisator.ch\\\/wp-content\\\/uploads\\\/2020\\\/03\\\/herrenhaus-grafenort-Klimawandel-UP-Umwelt-Perspektiven.jpg\",\"width\":546,\"height\":378,\"caption\":\"Herrenhaus Grafenort\"},{\"@type\":\"BreadcrumbList\",\"@id\":\"https:\\\/\\\/www.organisator.ch\\\/sustainability\\\/2020-03-10\\\/auswirkungen-des-klimawandels-auf-unser-umfeld\\\/#breadcrumb\",\"itemListElement\":[{\"@type\":\"ListItem\",\"position\":1,\"name\":\"Home\",\"item\":\"https:\\\/\\\/www.organisator.ch\\\/\"},{\"@type\":\"ListItem\",\"position\":2,\"name\":\"Auswirkungen des Klimawandels auf unser Umfeld\"}]},{\"@type\":\"WebSite\",\"@id\":\"https:\\\/\\\/www.organisator.ch\\\/#website\",\"url\":\"https:\\\/\\\/www.organisator.ch\\\/\",\"name\":\"Organisator\",\"description\":\"Kompetent. Praxisnah. Der ORGANISATOR bereitet in 10 Ausgaben pro Jahr die wesentlichen Themen f\u00fcr F\u00fchrungskr\u00e4fte von KMU auf.\",\"publisher\":{\"@id\":\"https:\\\/\\\/www.organisator.ch\\\/#organization\"},\"potentialAction\":[{\"@type\":\"SearchAction\",\"target\":{\"@type\":\"EntryPoint\",\"urlTemplate\":\"https:\\\/\\\/www.organisator.ch\\\/?s={search_term_string}\"},\"query-input\":{\"@type\":\"PropertyValueSpecification\",\"valueRequired\":true,\"valueName\":\"search_term_string\"}}],\"inLanguage\":\"de\"},{\"@type\":\"Organization\",\"@id\":\"https:\\\/\\\/www.organisator.ch\\\/#organization\",\"name\":\"Organisator\",\"url\":\"https:\\\/\\\/www.organisator.ch\\\/\",\"logo\":{\"@type\":\"ImageObject\",\"inLanguage\":\"de\",\"@id\":\"https:\\\/\\\/www.organisator.ch\\\/#\\\/schema\\\/logo\\\/image\\\/\",\"url\":\"https:\\\/\\\/www.organisator.ch\\\/wp-content\\\/uploads\\\/2022\\\/01\\\/Logo_Organisator_Website.png\",\"contentUrl\":\"https:\\\/\\\/www.organisator.ch\\\/wp-content\\\/uploads\\\/2022\\\/01\\\/Logo_Organisator_Website.png\",\"width\":800,\"height\":77,\"caption\":\"Organisator\"},\"image\":{\"@id\":\"https:\\\/\\\/www.organisator.ch\\\/#\\\/schema\\\/logo\\\/image\\\/\"},\"sameAs\":[\"https:\\\/\\\/www.facebook.com\\\/OrganisatorFachmagazin\",\"https:\\\/\\\/www.linkedin.com\\\/showcase\\\/organisator-das-magazin-fr-kmu\",\"https:\\\/\\\/www.xing.com\\\/news\\\/pages\\\/organisator-ch-695\",\"https:\\\/\\\/www.youtube.com\\\/channel\\\/UCGP2Sq0iWaZwT3BdIAQFYpw\"]},{\"@type\":\"Person\",\"@id\":\"https:\\\/\\\/www.organisator.ch\\\/#\\\/schema\\\/person\\\/134708ca9321c57b0362cceb7948ffbd\",\"name\":\"michael.merz\",\"image\":{\"@type\":\"ImageObject\",\"inLanguage\":\"de\",\"@id\":\"https:\\\/\\\/secure.gravatar.com\\\/avatar\\\/?s=96&d=mm&r=g\",\"url\":\"https:\\\/\\\/secure.gravatar.com\\\/avatar\\\/?s=96&d=mm&r=g\",\"contentUrl\":\"https:\\\/\\\/secure.gravatar.com\\\/avatar\\\/?s=96&d=mm&r=g\",\"caption\":\"michael.merz\"},\"url\":\"https:\\\/\\\/www.organisator.ch\\\/de\\\/author\\\/michael-merz\\\/\"}]}<\/script>\n<!-- \/ Yoast SEO plugin. -->","yoast_head_json":{"title":"Auswirkungen des Klimawandels auf unser Umfeld - Organisator","description":"Um die Herausforderungen des Klimawandels zu identifizieren, hat die Stiftung Lebensraum Gebirge das Projekt \u00abKlima und Wandel im Gebirge\u00bb gestartet.","robots":{"index":"index","follow":"follow","max-snippet":"max-snippet:-1","max-image-preview":"max-image-preview:large","max-video-preview":"max-video-preview:-1"},"canonical":"https:\/\/www.organisator.ch\/de\/sustainability\/2020-03-10\/auswirkungen-des-klimawandels-auf-unser-umfeld\/","og_locale":"de_DE","og_type":"article","og_title":"Auswirkungen des Klimawandels auf unser Umfeld - Organisator","og_description":"Um die Herausforderungen des Klimawandels zu identifizieren, hat die Stiftung Lebensraum Gebirge das Projekt \u00abKlima und Wandel im Gebirge\u00bb gestartet.","og_url":"https:\/\/www.organisator.ch\/de\/sustainability\/2020-03-10\/auswirkungen-des-klimawandels-auf-unser-umfeld\/","og_site_name":"Organisator","article_publisher":"https:\/\/www.facebook.com\/OrganisatorFachmagazin","article_published_time":"2020-03-10T14:49:22+00:00","article_modified_time":"2022-02-09T10:06:50+00:00","og_image":[{"width":546,"height":378,"url":"https:\/\/www.organisator.ch\/wp-content\/uploads\/2020\/03\/herrenhaus-grafenort-Klimawandel-UP-Umwelt-Perspektiven.jpg","type":"image\/jpeg"}],"author":"michael.merz","twitter_card":"summary_large_image","schema":{"@context":"https:\/\/schema.org","@graph":[{"@type":"Article","@id":"https:\/\/www.organisator.ch\/sustainability\/2020-03-10\/auswirkungen-des-klimawandels-auf-unser-umfeld\/#article","isPartOf":{"@id":"https:\/\/www.organisator.ch\/sustainability\/2020-03-10\/auswirkungen-des-klimawandels-auf-unser-umfeld\/"},"author":{"name":"michael.merz","@id":"https:\/\/www.organisator.ch\/#\/schema\/person\/134708ca9321c57b0362cceb7948ffbd"},"headline":"Auswirkungen des Klimawandels auf unser Umfeld","datePublished":"2020-03-10T14:49:22+00:00","dateModified":"2022-02-09T10:06:50+00:00","mainEntityOfPage":{"@id":"https:\/\/www.organisator.ch\/sustainability\/2020-03-10\/auswirkungen-des-klimawandels-auf-unser-umfeld\/"},"wordCount":314,"publisher":{"@id":"https:\/\/www.organisator.ch\/#organization"},"image":{"@id":"https:\/\/www.organisator.ch\/sustainability\/2020-03-10\/auswirkungen-des-klimawandels-auf-unser-umfeld\/#primaryimage"},"thumbnailUrl":"https:\/\/www.organisator.ch\/wp-content\/uploads\/2020\/03\/herrenhaus-grafenort-Klimawandel-UP-Umwelt-Perspektiven.jpg","keywords":["Biodiversit\u00e4t","Extremwetter","Klimawandel","Landschaftsschutz","Meteo","Naturereignisse","Schweiz","Veranstaltung"],"articleSection":["SUSTAINABILITY"],"inLanguage":"de"},{"@type":"WebPage","@id":"https:\/\/www.organisator.ch\/sustainability\/2020-03-10\/auswirkungen-des-klimawandels-auf-unser-umfeld\/","url":"https:\/\/www.organisator.ch\/sustainability\/2020-03-10\/auswirkungen-des-klimawandels-auf-unser-umfeld\/","name":"Auswirkungen des Klimawandels auf unser Umfeld - Organisator","isPartOf":{"@id":"https:\/\/www.organisator.ch\/#website"},"primaryImageOfPage":{"@id":"https:\/\/www.organisator.ch\/sustainability\/2020-03-10\/auswirkungen-des-klimawandels-auf-unser-umfeld\/#primaryimage"},"image":{"@id":"https:\/\/www.organisator.ch\/sustainability\/2020-03-10\/auswirkungen-des-klimawandels-auf-unser-umfeld\/#primaryimage"},"thumbnailUrl":"https:\/\/www.organisator.ch\/wp-content\/uploads\/2020\/03\/herrenhaus-grafenort-Klimawandel-UP-Umwelt-Perspektiven.jpg","datePublished":"2020-03-10T14:49:22+00:00","dateModified":"2022-02-09T10:06:50+00:00","description":"Um die Herausforderungen des Klimawandels zu identifizieren, hat die Stiftung Lebensraum Gebirge das Projekt \u00abKlima und Wandel im Gebirge\u00bb gestartet.","breadcrumb":{"@id":"https:\/\/www.organisator.ch\/sustainability\/2020-03-10\/auswirkungen-des-klimawandels-auf-unser-umfeld\/#breadcrumb"},"inLanguage":"de","potentialAction":[{"@type":"ReadAction","target":["https:\/\/www.organisator.ch\/sustainability\/2020-03-10\/auswirkungen-des-klimawandels-auf-unser-umfeld\/"]}]},{"@type":"ImageObject","inLanguage":"de","@id":"https:\/\/www.organisator.ch\/sustainability\/2020-03-10\/auswirkungen-des-klimawandels-auf-unser-umfeld\/#primaryimage","url":"https:\/\/www.organisator.ch\/wp-content\/uploads\/2020\/03\/herrenhaus-grafenort-Klimawandel-UP-Umwelt-Perspektiven.jpg","contentUrl":"https:\/\/www.organisator.ch\/wp-content\/uploads\/2020\/03\/herrenhaus-grafenort-Klimawandel-UP-Umwelt-Perspektiven.jpg","width":546,"height":378,"caption":"Herrenhaus Grafenort"},{"@type":"BreadcrumbList","@id":"https:\/\/www.organisator.ch\/sustainability\/2020-03-10\/auswirkungen-des-klimawandels-auf-unser-umfeld\/#breadcrumb","itemListElement":[{"@type":"ListItem","position":1,"name":"Home","item":"https:\/\/www.organisator.ch\/"},{"@type":"ListItem","position":2,"name":"Auswirkungen des Klimawandels auf unser Umfeld"}]},{"@type":"WebSite","@id":"https:\/\/www.organisator.ch\/#website","url":"https:\/\/www.organisator.ch\/","name":"Organisator","description":"Kompetent. Praxisnah. Der ORGANISATOR bereitet in 10 Ausgaben pro Jahr die wesentlichen Themen f\u00fcr F\u00fchrungskr\u00e4fte von KMU auf.","publisher":{"@id":"https:\/\/www.organisator.ch\/#organization"},"potentialAction":[{"@type":"SearchAction","target":{"@type":"EntryPoint","urlTemplate":"https:\/\/www.organisator.ch\/?s={search_term_string}"},"query-input":{"@type":"PropertyValueSpecification","valueRequired":true,"valueName":"search_term_string"}}],"inLanguage":"de"},{"@type":"Organization","@id":"https:\/\/www.organisator.ch\/#organization","name":"Organisator","url":"https:\/\/www.organisator.ch\/","logo":{"@type":"ImageObject","inLanguage":"de","@id":"https:\/\/www.organisator.ch\/#\/schema\/logo\/image\/","url":"https:\/\/www.organisator.ch\/wp-content\/uploads\/2022\/01\/Logo_Organisator_Website.png","contentUrl":"https:\/\/www.organisator.ch\/wp-content\/uploads\/2022\/01\/Logo_Organisator_Website.png","width":800,"height":77,"caption":"Organisator"},"image":{"@id":"https:\/\/www.organisator.ch\/#\/schema\/logo\/image\/"},"sameAs":["https:\/\/www.facebook.com\/OrganisatorFachmagazin","https:\/\/www.linkedin.com\/showcase\/organisator-das-magazin-fr-kmu","https:\/\/www.xing.com\/news\/pages\/organisator-ch-695","https:\/\/www.youtube.com\/channel\/UCGP2Sq0iWaZwT3BdIAQFYpw"]},{"@type":"Person","@id":"https:\/\/www.organisator.ch\/#\/schema\/person\/134708ca9321c57b0362cceb7948ffbd","name":"michael.merz","image":{"@type":"ImageObject","inLanguage":"de","@id":"https:\/\/secure.gravatar.com\/avatar\/?s=96&d=mm&r=g","url":"https:\/\/secure.gravatar.com\/avatar\/?s=96&d=mm&r=g","contentUrl":"https:\/\/secure.gravatar.com\/avatar\/?s=96&d=mm&r=g","caption":"michael.merz"},"url":"https:\/\/www.organisator.ch\/de\/author\/michael-merz\/"}]}},"_links":{"self":[{"href":"https:\/\/www.organisator.ch\/de\/wp-json\/wp\/v2\/posts\/10162","targetHints":{"allow":["GET"]}}],"collection":[{"href":"https:\/\/www.organisator.ch\/de\/wp-json\/wp\/v2\/posts"}],"about":[{"href":"https:\/\/www.organisator.ch\/de\/wp-json\/wp\/v2\/types\/post"}],"author":[{"embeddable":true,"href":"https:\/\/www.organisator.ch\/de\/wp-json\/wp\/v2\/users\/5"}],"replies":[{"embeddable":true,"href":"https:\/\/www.organisator.ch\/de\/wp-json\/wp\/v2\/comments?post=10162"}],"version-history":[{"count":1,"href":"https:\/\/www.organisator.ch\/de\/wp-json\/wp\/v2\/posts\/10162\/revisions"}],"predecessor-version":[{"id":10682,"href":"https:\/\/www.organisator.ch\/de\/wp-json\/wp\/v2\/posts\/10162\/revisions\/10682"}],"wp:featuredmedia":[{"embeddable":true,"href":"https:\/\/www.organisator.ch\/de\/wp-json\/wp\/v2\/media\/2901"}],"wp:attachment":[{"href":"https:\/\/www.organisator.ch\/de\/wp-json\/wp\/v2\/media?parent=10162"}],"wp:term":[{"taxonomy":"category","embeddable":true,"href":"https:\/\/www.organisator.ch\/de\/wp-json\/wp\/v2\/categories?post=10162"},{"taxonomy":"post_tag","embeddable":true,"href":"https:\/\/www.organisator.ch\/de\/wp-json\/wp\/v2\/tags?post=10162"}],"curies":[{"name":"wp","href":"https:\/\/api.w.org\/{rel}","templated":true}]}}