{"id":10168,"date":"2020-04-21T09:15:53","date_gmt":"2020-04-21T07:15:53","guid":{"rendered":"https:\/\/www.umweltperspektiven.ch\/?p=3010"},"modified":"2020-04-21T09:15:53","modified_gmt":"2020-04-21T07:15:53","slug":"corona-stimmungsbarometer","status":"publish","type":"post","link":"https:\/\/www.organisator.ch\/de\/allgemein\/2020-04-21\/corona-stimmungsbarometer\/","title":{"rendered":"Corona-Stimmungsbarometer"},"content":{"rendered":"<figure id=\"attachment_3011\" aria-describedby=\"caption-attachment-3011\" style=\"width: 680px\" class=\"wp-caption alignnone\"><img loading=\"lazy\" decoding=\"async\" class=\"size-medium wp-image-3011\" src=\"\/\/www.umweltperspektiven.ch\/wp-content\/uploads\/2020\/04\/Comparis-Umfrage-UP-Umwelt-Perspektiven.jpg\" alt=\"\" width=\"680\" height=\"453\" \/><figcaption id=\"caption-attachment-3011\" class=\"wp-caption-text\">Schweizer Bev\u00f6lkerung erh\u00e4lt erstmals f\u00fcr ihr Verhalten die Note \u00abgen\u00fcgend\u00bb. (Bild: Unsplash)<\/figcaption><\/figure>\n<p><span style=\"font-size: 10.5pt; font-family: 'Arial',sans-serif;\">Jede Woche seit dem Start des Lockdowns in der Schweiz l\u00e4sst der Online-Vergleichsdienst Comparis und das Marktforschungsinstitut Marketagent Schweiz die Bev\u00f6lkerung \u00fcber die Qualit\u00e4t des Corona-Krisenmanagements der folgenden Akteure urteilen: Regierung, Gesundheitswesen (Spit\u00e4ler, Arztpraxen, medizinische Hotlines etc.), eigene Familie, eigener Arbeitgeber, Finanzakteure (Banken, Versicherungen, Nationalbank etc.) Armee und Schweizer Bev\u00f6lkerung. \u00dcber das Oster-Wochenende haben die Befragten das Verhalten der Schweizer Bev\u00f6lkerung erstmals als gen\u00fcgend beurteilt.\u00a0<\/span><\/p>\n<p><strong><span style=\"font-size: 10.5pt; font-family: 'Arial',sans-serif;\">Verhalten der Bev\u00f6lkerung ist erstmals auch bei J\u00fcngeren akzeptiert\u00a0<\/span><\/strong><\/p>\n<p><span style=\"font-size: 10.5pt; font-family: 'Arial',sans-serif;\">Die Schweizer Bev\u00f6lkerung hat sich in vier Wochen von der Note 3,8 auf 4,0 verbessert (Notenskala 1 bis 6). Zum ersten Mal ist das Verhalten der Bev\u00f6lkerung auch bei den J\u00fcngeren akzeptiert. Die 40- bis 49-J\u00e4hrigen haben eine 4,0 gegeben. Die unter 20-J\u00e4hrigen waren vor einem Monat noch besonders streng: Ihre Beurteilung ist von 3,3 vor einem Monat auf immerhin 3,9 angestiegen. Bei den 30- bis 39-J\u00e4hrigen stieg die Bewertung ebenfalls auf 3,9 (von 3,4).\u00a0<\/span><\/p>\n<p><span style=\"font-size: 10.5pt; font-family: 'Arial',sans-serif;\">\u00abM\u00f6glicherweise zeigt die aktuell positive Entwicklung der Infektionszahlen der Bev\u00f6lkerung, wie viel sie mit ihrem Verhalten erreicht hat und tr\u00e4gt zu einer positiveren Bewertung des eigenen Verhaltens bei\u00bb, sagt Liane Nagengast, Marktforscherin bei Marketagent Schweiz.\u00a0<\/span><\/p>\n<p><strong><span style=\"font-size: 10.5pt; font-family: 'Arial',sans-serif;\">Die H\u00e4lfte der Befragten gibt ihrem Arbeitgeber gute bis sehr gute Noten<\/span><\/strong><\/p>\n<p><span style=\"font-size: 10.5pt; font-family: 'Arial',sans-serif;\">Die Arbeitgeber haben zwar \u00fcber alle Generationen hinweg ihre Note von 4,7 seit der letzten Befragung nicht verbessern k\u00f6nnen. Doch der Anteil der Personen, die ihrem eigenen Arbeitgeber die Note \u00abgut\u00bb bis \u00absehr gut\u00bb verliehen, ist seit dem Start des Lockdowns so stark angestiegen wie in keiner anderen Kategorie \u2013 von 41,1 auf 48,9 Prozent. Das ist nochmals ein deutliches Plus von 7,8 Prozentpunkten.<\/span><\/p>\n<p><span style=\"font-size: 10.5pt; font-family: 'Arial',sans-serif;\">Die Deutschschweizer haben inzwischen die Tessiner punkto Zufriedenheit mit ihrem Arbeitgeber \u00fcberholt. Hier gaben \u00fcber die Ostertage 51,5 Prozent der Befragten ihren Arbeitgebern Noten zwischen 5 und 6 (7,6 Prozentpunkte mehr als in der ersten Befragung). Im Tessin sank der Anteil derweil leicht seit letzter Woche von 52 auf 48,9 Prozent.<\/span><\/p>\n<p><span style=\"font-size: 10.5pt; font-family: 'Arial',sans-serif;\">\u00abDas R\u00fcckgrat der Schweizer Wirtschaft sind kleinere und mittlere Unternehmen. Ihre \u00fcberschaubare Gr\u00f6sse erlaubt es, schnell auf neue Herausforderungen zu reagieren, die Prozesse entsprechend anzupassen und das Personal bestm\u00f6glich einzusetzen. In Kombination mit der Kurzarbeit-Regelung und den schnell gew\u00e4hrten Krisen-Krediten seitens des Bundes steht die Schweizer Wirtschaft im internationalen Vergleich sehr gut da\u00bb, beobachtet Comparis-Finanzexperte Fr\u00e9d\u00e9ric Papp. Zentral sei indes ein baldiger aber sorgf\u00e4ltiger Ausstieg aus dem Lockdown. Denn vor allem im Bereich \u00abHandel, Verkehr und Gastgewerbe\u00bb drohten massive Wertsch\u00f6pfungsverluste durch den Ausfall der Endnachfrage von bis zu 25 Prozent*. \u00abEinbussen in dieser Gr\u00f6ssenordnung werden zu weiteren Entlassungen f\u00fchren\u00bb, so Papp. \u00a0<\/span><\/p>\n<p><strong><span style=\"font-size: 10.5pt; font-family: 'Arial',sans-serif;\">Lagerkoller bei den Teenagern<\/span><\/strong><\/p>\n<p><span style=\"font-size: 10.5pt; font-family: 'Arial',sans-serif;\">Nach Wochen ohne feste Schul- und Lehrstellenstrukturen zuhause zeigt sich in der vierten Befragung ein Lagerkoller bei den Teenagern. Noch immer f\u00fchrt das Krisenmanagement der Familie gemeinsam mit jenem des Gesundheitswesens die Rangliste an mit einer Gesamtbewertung von 5,2. Doch unter den 15- bis 19-J\u00e4hrigen sackte der Anteil der Befragten, die ihre eigene Familie mit \u00abgut\u00bb bis \u00absehr gut\u00bb bewerteten, letzte Woche um satte 12,8 Prozentpunkte auf nur mehr 65,5 Prozent ab. Das sind so wenige wie im gesamten Befragungszeitraum nicht. Die Teenagergruppe beurteilte ihre eigene Familie in der Osterwoche total mit einer Note von 4,9 (nach 5,1 in der Vorwoche).<\/span><\/p>\n<p><a href=\"\/\/www.comparis.ch\">www.comparis.ch<\/a><\/p>\n","protected":false},"excerpt":{"rendered":"<p>Jede Woche seit dem Start des Lockdowns in der Schweiz l\u00e4sst der Online-Vergleichsdienst Comparis und das Marktforschungsinstitut Marketagent Schweiz die Bev\u00f6lkerung \u00fcber die Qualit\u00e4t des Corona-Krisenmanagements der folgenden Akteure urteilen: Regierung, Gesundheitswesen (Spit\u00e4ler, Arztpraxen, medizinische Hotlines etc.), eigene Familie, eigener Arbeitgeber, Finanzakteure (Banken, Versicherungen, Nationalbank etc.) Armee und Schweizer Bev\u00f6lkerung. \u00dcber das Oster-Wochenende haben die [&hellip;]<\/p>\n","protected":false},"author":5,"featured_media":9697,"comment_status":"closed","ping_status":"closed","sticky":false,"template":"","format":"standard","meta":{"_acf_changed":false,"_yoast_wpseo_focuskw":"comparis","_yoast_wpseo_metadesc":"comparis.ch und Marketagent.com Schweiz f\u00fchlen Schweizerinnen und Schweizern in der Corona-Krise mit einer w\u00f6chentlichen repr\u00e4sentativen Befragung .","articlekey":"","footnotes":""},"categories":[1],"tags":[805,131,953,341,424,487],"class_list":["post-10168","post","type-post","status-publish","format-standard","has-post-thumbnail","hentry","category-allgemein","tag-bevoelkerung","tag-corona-krise","tag-covid-19","tag-marktforschung","tag-schweiz","tag-umfrage"],"acf":[],"yoast_head":"<!-- This site is optimized with the Yoast SEO plugin v27.4 - https:\/\/yoast.com\/product\/yoast-seo-wordpress\/ -->\n<title>Corona-Stimmungsbarometer - Organisator<\/title>\n<meta name=\"description\" content=\"comparis.ch und Marketagent.com Schweiz f\u00fchlen Schweizerinnen und Schweizern in der Corona-Krise mit einer w\u00f6chentlichen repr\u00e4sentativen Befragung .\" \/>\n<meta name=\"robots\" content=\"index, follow, max-snippet:-1, max-image-preview:large, max-video-preview:-1\" \/>\n<link rel=\"canonical\" href=\"https:\/\/www.organisator.ch\/de\/allgemein\/2020-04-21\/corona-stimmungsbarometer\/\" \/>\n<meta property=\"og:locale\" content=\"de_DE\" \/>\n<meta property=\"og:type\" content=\"article\" \/>\n<meta property=\"og:title\" content=\"Corona-Stimmungsbarometer - Organisator\" \/>\n<meta property=\"og:description\" content=\"comparis.ch und Marketagent.com Schweiz f\u00fchlen Schweizerinnen und Schweizern in der Corona-Krise mit einer w\u00f6chentlichen repr\u00e4sentativen Befragung .\" \/>\n<meta property=\"og:url\" content=\"https:\/\/www.organisator.ch\/de\/allgemein\/2020-04-21\/corona-stimmungsbarometer\/\" \/>\n<meta property=\"og:site_name\" content=\"Organisator\" \/>\n<meta property=\"article:publisher\" content=\"https:\/\/www.facebook.com\/OrganisatorFachmagazin\" \/>\n<meta property=\"article:published_time\" content=\"2020-04-21T07:15:53+00:00\" \/>\n<meta property=\"og:image\" content=\"https:\/\/www.organisator.ch\/wp-content\/uploads\/2020\/04\/Comparis-Umfrage-UP-Umwelt-Perspektiven-scaled.jpg\" \/>\n\t<meta property=\"og:image:width\" content=\"2560\" \/>\n\t<meta property=\"og:image:height\" content=\"1707\" \/>\n\t<meta property=\"og:image:type\" content=\"image\/jpeg\" \/>\n<meta name=\"author\" content=\"michael.merz\" \/>\n<meta name=\"twitter:card\" content=\"summary_large_image\" \/>\n<script type=\"application\/ld+json\" class=\"yoast-schema-graph\">{\"@context\":\"https:\\\/\\\/schema.org\",\"@graph\":[{\"@type\":\"Article\",\"@id\":\"https:\\\/\\\/www.organisator.ch\\\/en\\\/general\\\/2020-04-21\\\/corona-stimmungsbarometer\\\/#article\",\"isPartOf\":{\"@id\":\"https:\\\/\\\/www.organisator.ch\\\/en\\\/general\\\/2020-04-21\\\/corona-stimmungsbarometer\\\/\"},\"author\":{\"name\":\"michael.merz\",\"@id\":\"https:\\\/\\\/www.organisator.ch\\\/#\\\/schema\\\/person\\\/134708ca9321c57b0362cceb7948ffbd\"},\"headline\":\"Corona-Stimmungsbarometer\",\"datePublished\":\"2020-04-21T07:15:53+00:00\",\"mainEntityOfPage\":{\"@id\":\"https:\\\/\\\/www.organisator.ch\\\/en\\\/general\\\/2020-04-21\\\/corona-stimmungsbarometer\\\/\"},\"wordCount\":550,\"publisher\":{\"@id\":\"https:\\\/\\\/www.organisator.ch\\\/#organization\"},\"image\":{\"@id\":\"https:\\\/\\\/www.organisator.ch\\\/en\\\/general\\\/2020-04-21\\\/corona-stimmungsbarometer\\\/#primaryimage\"},\"thumbnailUrl\":\"https:\\\/\\\/www.organisator.ch\\\/wp-content\\\/uploads\\\/2020\\\/04\\\/Comparis-Umfrage-UP-Umwelt-Perspektiven-scaled.jpg\",\"keywords\":[\"Bev\u00f6lkerung\",\"Corona-Krise\",\"Covid-19\",\"Marktforschung\",\"Schweiz\",\"Umfrage\"],\"inLanguage\":\"de\"},{\"@type\":\"WebPage\",\"@id\":\"https:\\\/\\\/www.organisator.ch\\\/en\\\/general\\\/2020-04-21\\\/corona-stimmungsbarometer\\\/\",\"url\":\"https:\\\/\\\/www.organisator.ch\\\/en\\\/general\\\/2020-04-21\\\/corona-stimmungsbarometer\\\/\",\"name\":\"Corona-Stimmungsbarometer - Organisator\",\"isPartOf\":{\"@id\":\"https:\\\/\\\/www.organisator.ch\\\/#website\"},\"primaryImageOfPage\":{\"@id\":\"https:\\\/\\\/www.organisator.ch\\\/en\\\/general\\\/2020-04-21\\\/corona-stimmungsbarometer\\\/#primaryimage\"},\"image\":{\"@id\":\"https:\\\/\\\/www.organisator.ch\\\/en\\\/general\\\/2020-04-21\\\/corona-stimmungsbarometer\\\/#primaryimage\"},\"thumbnailUrl\":\"https:\\\/\\\/www.organisator.ch\\\/wp-content\\\/uploads\\\/2020\\\/04\\\/Comparis-Umfrage-UP-Umwelt-Perspektiven-scaled.jpg\",\"datePublished\":\"2020-04-21T07:15:53+00:00\",\"description\":\"comparis.ch und Marketagent.com Schweiz f\u00fchlen Schweizerinnen und Schweizern in der Corona-Krise mit einer w\u00f6chentlichen repr\u00e4sentativen Befragung .\",\"breadcrumb\":{\"@id\":\"https:\\\/\\\/www.organisator.ch\\\/en\\\/general\\\/2020-04-21\\\/corona-stimmungsbarometer\\\/#breadcrumb\"},\"inLanguage\":\"de\",\"potentialAction\":[{\"@type\":\"ReadAction\",\"target\":[\"https:\\\/\\\/www.organisator.ch\\\/en\\\/general\\\/2020-04-21\\\/corona-stimmungsbarometer\\\/\"]}]},{\"@type\":\"ImageObject\",\"inLanguage\":\"de\",\"@id\":\"https:\\\/\\\/www.organisator.ch\\\/en\\\/general\\\/2020-04-21\\\/corona-stimmungsbarometer\\\/#primaryimage\",\"url\":\"https:\\\/\\\/www.organisator.ch\\\/wp-content\\\/uploads\\\/2020\\\/04\\\/Comparis-Umfrage-UP-Umwelt-Perspektiven-scaled.jpg\",\"contentUrl\":\"https:\\\/\\\/www.organisator.ch\\\/wp-content\\\/uploads\\\/2020\\\/04\\\/Comparis-Umfrage-UP-Umwelt-Perspektiven-scaled.jpg\",\"width\":2560,\"height\":1707,\"caption\":\"Schweizer Bev\u00f6lkerung erh\u00e4lt erstmals f\u00fcr ihr Verhalten die Note \u00abgen\u00fcgend\u00bb. (Bild: Unsplash)\"},{\"@type\":\"BreadcrumbList\",\"@id\":\"https:\\\/\\\/www.organisator.ch\\\/en\\\/general\\\/2020-04-21\\\/corona-stimmungsbarometer\\\/#breadcrumb\",\"itemListElement\":[{\"@type\":\"ListItem\",\"position\":1,\"name\":\"Home\",\"item\":\"https:\\\/\\\/www.organisator.ch\\\/\"},{\"@type\":\"ListItem\",\"position\":2,\"name\":\"Corona-Stimmungsbarometer\"}]},{\"@type\":\"WebSite\",\"@id\":\"https:\\\/\\\/www.organisator.ch\\\/#website\",\"url\":\"https:\\\/\\\/www.organisator.ch\\\/\",\"name\":\"Organisator\",\"description\":\"Kompetent. Praxisnah. Der ORGANISATOR bereitet in 10 Ausgaben pro Jahr die wesentlichen Themen f\u00fcr F\u00fchrungskr\u00e4fte von KMU auf.\",\"publisher\":{\"@id\":\"https:\\\/\\\/www.organisator.ch\\\/#organization\"},\"potentialAction\":[{\"@type\":\"SearchAction\",\"target\":{\"@type\":\"EntryPoint\",\"urlTemplate\":\"https:\\\/\\\/www.organisator.ch\\\/?s={search_term_string}\"},\"query-input\":{\"@type\":\"PropertyValueSpecification\",\"valueRequired\":true,\"valueName\":\"search_term_string\"}}],\"inLanguage\":\"de\"},{\"@type\":\"Organization\",\"@id\":\"https:\\\/\\\/www.organisator.ch\\\/#organization\",\"name\":\"Organisator\",\"url\":\"https:\\\/\\\/www.organisator.ch\\\/\",\"logo\":{\"@type\":\"ImageObject\",\"inLanguage\":\"de\",\"@id\":\"https:\\\/\\\/www.organisator.ch\\\/#\\\/schema\\\/logo\\\/image\\\/\",\"url\":\"https:\\\/\\\/www.organisator.ch\\\/wp-content\\\/uploads\\\/2022\\\/01\\\/Logo_Organisator_Website.png\",\"contentUrl\":\"https:\\\/\\\/www.organisator.ch\\\/wp-content\\\/uploads\\\/2022\\\/01\\\/Logo_Organisator_Website.png\",\"width\":800,\"height\":77,\"caption\":\"Organisator\"},\"image\":{\"@id\":\"https:\\\/\\\/www.organisator.ch\\\/#\\\/schema\\\/logo\\\/image\\\/\"},\"sameAs\":[\"https:\\\/\\\/www.facebook.com\\\/OrganisatorFachmagazin\",\"https:\\\/\\\/www.linkedin.com\\\/showcase\\\/organisator-das-magazin-fr-kmu\",\"https:\\\/\\\/www.xing.com\\\/news\\\/pages\\\/organisator-ch-695\",\"https:\\\/\\\/www.youtube.com\\\/channel\\\/UCGP2Sq0iWaZwT3BdIAQFYpw\"]},{\"@type\":\"Person\",\"@id\":\"https:\\\/\\\/www.organisator.ch\\\/#\\\/schema\\\/person\\\/134708ca9321c57b0362cceb7948ffbd\",\"name\":\"michael.merz\",\"image\":{\"@type\":\"ImageObject\",\"inLanguage\":\"de\",\"@id\":\"https:\\\/\\\/secure.gravatar.com\\\/avatar\\\/?s=96&d=mm&r=g\",\"url\":\"https:\\\/\\\/secure.gravatar.com\\\/avatar\\\/?s=96&d=mm&r=g\",\"contentUrl\":\"https:\\\/\\\/secure.gravatar.com\\\/avatar\\\/?s=96&d=mm&r=g\",\"caption\":\"michael.merz\"},\"url\":\"https:\\\/\\\/www.organisator.ch\\\/de\\\/author\\\/michael-merz\\\/\"}]}<\/script>\n<!-- \/ Yoast SEO plugin. -->","yoast_head_json":{"title":"Corona-Stimmungsbarometer - Organisator","description":"comparis.ch und Marketagent.com Schweiz f\u00fchlen Schweizerinnen und Schweizern in der Corona-Krise mit einer w\u00f6chentlichen repr\u00e4sentativen Befragung .","robots":{"index":"index","follow":"follow","max-snippet":"max-snippet:-1","max-image-preview":"max-image-preview:large","max-video-preview":"max-video-preview:-1"},"canonical":"https:\/\/www.organisator.ch\/de\/allgemein\/2020-04-21\/corona-stimmungsbarometer\/","og_locale":"de_DE","og_type":"article","og_title":"Corona-Stimmungsbarometer - Organisator","og_description":"comparis.ch und Marketagent.com Schweiz f\u00fchlen Schweizerinnen und Schweizern in der Corona-Krise mit einer w\u00f6chentlichen repr\u00e4sentativen Befragung .","og_url":"https:\/\/www.organisator.ch\/de\/allgemein\/2020-04-21\/corona-stimmungsbarometer\/","og_site_name":"Organisator","article_publisher":"https:\/\/www.facebook.com\/OrganisatorFachmagazin","article_published_time":"2020-04-21T07:15:53+00:00","og_image":[{"width":2560,"height":1707,"url":"https:\/\/www.organisator.ch\/wp-content\/uploads\/2020\/04\/Comparis-Umfrage-UP-Umwelt-Perspektiven-scaled.jpg","type":"image\/jpeg"}],"author":"michael.merz","twitter_card":"summary_large_image","schema":{"@context":"https:\/\/schema.org","@graph":[{"@type":"Article","@id":"https:\/\/www.organisator.ch\/en\/general\/2020-04-21\/corona-stimmungsbarometer\/#article","isPartOf":{"@id":"https:\/\/www.organisator.ch\/en\/general\/2020-04-21\/corona-stimmungsbarometer\/"},"author":{"name":"michael.merz","@id":"https:\/\/www.organisator.ch\/#\/schema\/person\/134708ca9321c57b0362cceb7948ffbd"},"headline":"Corona-Stimmungsbarometer","datePublished":"2020-04-21T07:15:53+00:00","mainEntityOfPage":{"@id":"https:\/\/www.organisator.ch\/en\/general\/2020-04-21\/corona-stimmungsbarometer\/"},"wordCount":550,"publisher":{"@id":"https:\/\/www.organisator.ch\/#organization"},"image":{"@id":"https:\/\/www.organisator.ch\/en\/general\/2020-04-21\/corona-stimmungsbarometer\/#primaryimage"},"thumbnailUrl":"https:\/\/www.organisator.ch\/wp-content\/uploads\/2020\/04\/Comparis-Umfrage-UP-Umwelt-Perspektiven-scaled.jpg","keywords":["Bev\u00f6lkerung","Corona-Krise","Covid-19","Marktforschung","Schweiz","Umfrage"],"inLanguage":"de"},{"@type":"WebPage","@id":"https:\/\/www.organisator.ch\/en\/general\/2020-04-21\/corona-stimmungsbarometer\/","url":"https:\/\/www.organisator.ch\/en\/general\/2020-04-21\/corona-stimmungsbarometer\/","name":"Corona-Stimmungsbarometer - Organisator","isPartOf":{"@id":"https:\/\/www.organisator.ch\/#website"},"primaryImageOfPage":{"@id":"https:\/\/www.organisator.ch\/en\/general\/2020-04-21\/corona-stimmungsbarometer\/#primaryimage"},"image":{"@id":"https:\/\/www.organisator.ch\/en\/general\/2020-04-21\/corona-stimmungsbarometer\/#primaryimage"},"thumbnailUrl":"https:\/\/www.organisator.ch\/wp-content\/uploads\/2020\/04\/Comparis-Umfrage-UP-Umwelt-Perspektiven-scaled.jpg","datePublished":"2020-04-21T07:15:53+00:00","description":"comparis.ch und Marketagent.com Schweiz f\u00fchlen Schweizerinnen und Schweizern in der Corona-Krise mit einer w\u00f6chentlichen repr\u00e4sentativen Befragung .","breadcrumb":{"@id":"https:\/\/www.organisator.ch\/en\/general\/2020-04-21\/corona-stimmungsbarometer\/#breadcrumb"},"inLanguage":"de","potentialAction":[{"@type":"ReadAction","target":["https:\/\/www.organisator.ch\/en\/general\/2020-04-21\/corona-stimmungsbarometer\/"]}]},{"@type":"ImageObject","inLanguage":"de","@id":"https:\/\/www.organisator.ch\/en\/general\/2020-04-21\/corona-stimmungsbarometer\/#primaryimage","url":"https:\/\/www.organisator.ch\/wp-content\/uploads\/2020\/04\/Comparis-Umfrage-UP-Umwelt-Perspektiven-scaled.jpg","contentUrl":"https:\/\/www.organisator.ch\/wp-content\/uploads\/2020\/04\/Comparis-Umfrage-UP-Umwelt-Perspektiven-scaled.jpg","width":2560,"height":1707,"caption":"Schweizer Bev\u00f6lkerung erh\u00e4lt erstmals f\u00fcr ihr Verhalten die Note \u00abgen\u00fcgend\u00bb. (Bild: Unsplash)"},{"@type":"BreadcrumbList","@id":"https:\/\/www.organisator.ch\/en\/general\/2020-04-21\/corona-stimmungsbarometer\/#breadcrumb","itemListElement":[{"@type":"ListItem","position":1,"name":"Home","item":"https:\/\/www.organisator.ch\/"},{"@type":"ListItem","position":2,"name":"Corona-Stimmungsbarometer"}]},{"@type":"WebSite","@id":"https:\/\/www.organisator.ch\/#website","url":"https:\/\/www.organisator.ch\/","name":"Organisator","description":"Kompetent. Praxisnah. Der ORGANISATOR bereitet in 10 Ausgaben pro Jahr die wesentlichen Themen f\u00fcr F\u00fchrungskr\u00e4fte von KMU auf.","publisher":{"@id":"https:\/\/www.organisator.ch\/#organization"},"potentialAction":[{"@type":"SearchAction","target":{"@type":"EntryPoint","urlTemplate":"https:\/\/www.organisator.ch\/?s={search_term_string}"},"query-input":{"@type":"PropertyValueSpecification","valueRequired":true,"valueName":"search_term_string"}}],"inLanguage":"de"},{"@type":"Organization","@id":"https:\/\/www.organisator.ch\/#organization","name":"Organisator","url":"https:\/\/www.organisator.ch\/","logo":{"@type":"ImageObject","inLanguage":"de","@id":"https:\/\/www.organisator.ch\/#\/schema\/logo\/image\/","url":"https:\/\/www.organisator.ch\/wp-content\/uploads\/2022\/01\/Logo_Organisator_Website.png","contentUrl":"https:\/\/www.organisator.ch\/wp-content\/uploads\/2022\/01\/Logo_Organisator_Website.png","width":800,"height":77,"caption":"Organisator"},"image":{"@id":"https:\/\/www.organisator.ch\/#\/schema\/logo\/image\/"},"sameAs":["https:\/\/www.facebook.com\/OrganisatorFachmagazin","https:\/\/www.linkedin.com\/showcase\/organisator-das-magazin-fr-kmu","https:\/\/www.xing.com\/news\/pages\/organisator-ch-695","https:\/\/www.youtube.com\/channel\/UCGP2Sq0iWaZwT3BdIAQFYpw"]},{"@type":"Person","@id":"https:\/\/www.organisator.ch\/#\/schema\/person\/134708ca9321c57b0362cceb7948ffbd","name":"michael.merz","image":{"@type":"ImageObject","inLanguage":"de","@id":"https:\/\/secure.gravatar.com\/avatar\/?s=96&d=mm&r=g","url":"https:\/\/secure.gravatar.com\/avatar\/?s=96&d=mm&r=g","contentUrl":"https:\/\/secure.gravatar.com\/avatar\/?s=96&d=mm&r=g","caption":"michael.merz"},"url":"https:\/\/www.organisator.ch\/de\/author\/michael-merz\/"}]}},"_links":{"self":[{"href":"https:\/\/www.organisator.ch\/de\/wp-json\/wp\/v2\/posts\/10168","targetHints":{"allow":["GET"]}}],"collection":[{"href":"https:\/\/www.organisator.ch\/de\/wp-json\/wp\/v2\/posts"}],"about":[{"href":"https:\/\/www.organisator.ch\/de\/wp-json\/wp\/v2\/types\/post"}],"author":[{"embeddable":true,"href":"https:\/\/www.organisator.ch\/de\/wp-json\/wp\/v2\/users\/5"}],"replies":[{"embeddable":true,"href":"https:\/\/www.organisator.ch\/de\/wp-json\/wp\/v2\/comments?post=10168"}],"version-history":[{"count":0,"href":"https:\/\/www.organisator.ch\/de\/wp-json\/wp\/v2\/posts\/10168\/revisions"}],"wp:featuredmedia":[{"embeddable":true,"href":"https:\/\/www.organisator.ch\/de\/wp-json\/wp\/v2\/media\/9697"}],"wp:attachment":[{"href":"https:\/\/www.organisator.ch\/de\/wp-json\/wp\/v2\/media?parent=10168"}],"wp:term":[{"taxonomy":"category","embeddable":true,"href":"https:\/\/www.organisator.ch\/de\/wp-json\/wp\/v2\/categories?post=10168"},{"taxonomy":"post_tag","embeddable":true,"href":"https:\/\/www.organisator.ch\/de\/wp-json\/wp\/v2\/tags?post=10168"}],"curies":[{"name":"wp","href":"https:\/\/api.w.org\/{rel}","templated":true}]}}