{"id":10171,"date":"2020-04-24T10:13:03","date_gmt":"2020-04-24T08:13:03","guid":{"rendered":"https:\/\/www.umweltperspektiven.ch\/?p=3025"},"modified":"2022-02-09T11:05:33","modified_gmt":"2022-02-09T10:05:33","slug":"atemschutzmasken-fuer-die-schweiz","status":"publish","type":"post","link":"https:\/\/www.organisator.ch\/de\/sustainability\/2020-04-24\/atemschutzmasken-fuer-die-schweiz\/","title":{"rendered":"Atemschutzmasken f\u00fcr die Schweiz"},"content":{"rendered":"<div class=\"span9\">\n<div class=\"std-art-output-wrapper\">\n<div class=\"std-art-output\">\n<div class=\"std-paragraph-block\">\n<div class=\"std-art-paragraph\">\n<p>&nbsp;<\/p>\n<figure id=\"attachment_3026\" aria-describedby=\"caption-attachment-3026\" style=\"width: 680px\" class=\"wp-caption alignnone\"><img loading=\"lazy\" decoding=\"async\" class=\"size-medium wp-image-3026\" src=\"\/\/www.umweltperspektiven.ch\/wp-content\/uploads\/2020\/04\/Stopper_Claudio_Schwarz_Purzlbaum_f\u00fcr-Unsplash_size.jpg\" alt=\"\" width=\"680\" height=\"348\" \/><figcaption id=\"caption-attachment-3026\" class=\"wp-caption-text\">Schutzmasken sind ein rares Gut und doch werden sie nur einmal verwendet. (Bild: Unsplash)<\/figcaption><\/figure>\n<p>In der Corona-Krise r\u00fccken die Schweizer Forschenden zusammen. Um den Bedarf der Schweiz mit\u00a0Schutzmaterial sicherzustellen, haben Forschende der Empa, der ETH Z\u00fcrich, der EPFL und des Labors Spiez gemeinsam mit einer grossen Anzahl Partnern aus dem Gesundheitswesen und der Industrie\u00a0<a href=\"\/\/www.empa.ch\/web\/remask\">das Projekt \u00abReMask<\/a>\u00bb gestartet. Die Ziele von ReMask sind Technologien zur Wiederverwendung von vorhandenen Masken, die inl\u00e4ndische Produktion effizienter Schutzausr\u00fcstungen und die Entwicklung alternativer Masken mit neuen Eigenschaften, um Viren zu binden und abzut\u00f6ten, zu entwickeln.<\/p>\n<p>Die Erkenntnisse von ReMask unterst\u00fctzten die k\u00fcrzlich gegr\u00fcndete \u00abNational COVID-19 Science Task Force\u00bb, deren Experten das Bundesamt f\u00fcr Gesundheit (BAG), den Krisenstab sowie andere Bundesstellen bei der Pandemiebew\u00e4ltigung beraten. Eine der Task Force-Aufgaben mit hoher Priorit\u00e4t ist das von Peter Wick (Empa),\u00a0Sarah Tschudin Sutter (Uni Basel)\u00a0\u00a0und Andreas Mortensen (EPFL) geleitete Bestreben, Projekte zur Herstellung und Wiederverwendung von Schutzmasken zu erm\u00f6glichen.<\/p>\n<p>Mit ReMask wird dieser multidisziplin\u00e4re Ansatz nun umgesetzt.\u00a0Die Expertengruppe\u00a0<a href=\"\/\/www.empa.ch\/web\/remask\">\u00ab<\/a>Masken\u00bb der Science Task Force hat nun eine Empfehlung f\u00fcr minimale Qualit\u00e4tsanforderungen f\u00fcr so genannte &#8222;Community Masken&#8220; f\u00fcr die Bev\u00f6lkerung abgegeben.\u00a0<a href=\"\/\/www.empa.ch\/web\/remask\">Basierend auf diesen Empfehlungen\u00a0<\/a>wird die\u00a0Empa derartige\u00a0Community Masken w\u00e4hrend der derzeitigen\u00a0Krisensituation\u00a0tempor\u00e4r untersuchen, bis das entsprechende Knowhow\u00a0einer unabh\u00e4ngigen Stelle \u00fcbertragen werden kann.<\/p>\n<\/div>\n<\/div>\n<div class=\"std-paragraph-block\">\n<h2>Schutzmasken: Drei Typen f\u00fcr unterschiedliche Zwecke<\/h2>\n<p>&nbsp;<\/p>\n<div class=\"std-art-paragraph\">\n<div>\n<div class=\"std-art-embedded-image\">\n<div class=\"std-art-img-row\">\n<div class=\"std-art-img-cell\"><img decoding=\"async\" src=\"\/\/www.empa.ch\/documents\/56164\/12681608\/Masken_box.jpg\/c1a10d10-508f-4c7f-b9cb-054b928a4dbb?t=1586950073637\" alt=\"\/documents\/56164\/12681608\/Masken_box.jpg\/c1a10d10-508f-4c7f-b9cb-054b928a4dbb?t=1586950073637\" \/><\/div>\n<\/div>\n<div>Fotos: Unsplash\/istock<\/div>\n<\/div>\n<\/div>\n<p>&nbsp;<\/p>\n<p>Chirurgische Masken (rechts) sollen verhindern, dass gr\u00f6ssere Tr\u00f6pfchen mit Krankheitserregern vom Tr\u00e4ger\u00a0abgesondert werden. Den Tr\u00e4ger sch\u00fctzen sie daher weniger, da kleine Partikel nach innen passieren\u00a0k\u00f6nnen und die Maske nicht dicht am Gesicht anliegt. Die Umgebung sch\u00fctzen sie hingegen vor\u00a0virushaltigen Tr\u00f6pfchen eines infizierten Tr\u00e4gers.<\/p>\n<p>Anders die Atemschutzmasken vom Typ FFP-2 (engl. \u00abfiltering face piece\u00bb): FFP-2-Masken (links) sollen den Tr\u00e4ger vor Schadstoffen und Krankheitserregern in der Luft sch\u00fctzen. Die kleinsten Partikel, die abgefangen werden k\u00f6nnen, sind rund 600 Nanometer gross.\u00a0Beide Maskenarten sind derzeit nur zum einmaligen Tragen vorgesehen.<\/p>\n<p>Als Drittes sind die sogenannten Community-Masken oder Hygiene-Masken zu nennen, die nicht unter die zertifizierten Normen der beiden anderen Maskentypen fallen. Die Verwendung von Community-Masken ist \u2013 wie der Name sagt \u2013 f\u00fcr die breite Bev\u00f6lkerung gedacht als M\u00f6glichkeit, das \u00dcbertragungsrisiko zu\u00a0\u00a0minimieren und damit die Umgebung zu sch\u00fctzen.<\/p>\n<p>&nbsp;<\/p>\n<\/div>\n<\/div>\n<div class=\"std-paragraph-block\">\n<div class=\"std-art-paragraph\">\n<div>\n<div class=\"std-art-embedded-image\">\n<div class=\"std-art-img-row\">\n<div class=\"std-art-img-cell\"><img decoding=\"async\" src=\"\/\/www.empa.ch\/documents\/56164\/12681608\/Auswahl_para.jpg\/fde14ac6-4b57-4d1d-a6c3-f6b56929f759?t=1586950074053\" alt=\"\/documents\/56164\/12681608\/Auswahl_para.jpg\/fde14ac6-4b57-4d1d-a6c3-f6b56929f759?t=1586950074053\" \/><\/div>\n<\/div>\n<div>Empa-Forscherin Luzia Wiesli und Mechaniker J\u00f6rg Gschwend haben bereits mit den Versuchsaufbauten f\u00fcr das ReMask-Projekt begonnen. Foto: Empa<\/div>\n<\/div>\n<\/div>\n<p>&nbsp;<\/p>\n<p>In den Empa-Labors sind f\u00fcr die kurzfristige \u00dcberbr\u00fcckung von Engp\u00e4ssen bereits Forschungsprojekte angelaufen, um die Wiederverwendung von Masken zu erm\u00f6glichen. Dies\u00a0sorgt dar\u00fcber hinaus auch langfristig f\u00fcr einen nachhaltigeren Umgang mit den Materialressourcen. Dabei muss unter anderem gekl\u00e4rt werden, wie sich die Masken zerst\u00f6rungsfrei sterilisieren lassen, wie sie haltbar gelagert werden k\u00f6nnen und wie sich ihre Effektivit\u00e4t auch nach mehrfachem Gebrauch zweifelsfrei nachweisen l\u00e4sst.<\/p>\n<p>Damit f\u00fcr diese Versuche keine gef\u00e4hrlichen Viren eingesetzt werden m\u00fcssen, arbeiten die Forscher mit nicht-infekti\u00f6sen Partikeln, die das Geschehen an der Innen- und Aussenseite einer Maske im Sinne einer Tr\u00f6pfcheninfektion simulieren. \u00abWir entwickeln derzeit Apparaturen, mit denen sich diese Simulationen erreichen lassen\u00bb, sagt Empa-Forscher Ren\u00e9 Rossi vom \u00abLaboratory for Biomimetic Membranes and Textiles\u00bb in St. Gallen.<\/p>\n<p>Ebenso m\u00fcssen weitere Eigenschaften der Masken wie Luftdurchl\u00e4ssigkeit (&lt;60 Pa\/cm<sup>2<\/sup>), Spritzwasserresistenz (undurchl\u00e4ssig von Spritzwasser) oder die Effizienz der Filtration gegen kleine Partikel (Filtrationseffizient von\u00a070 % bei Partikeln mit einer Gr\u00f6sse von 1 Mikrometer)\u00a0untersucht werden. Die Versuchsprotokolle, die hierbei erarbeitet werden, sollen grossfl\u00e4chig an Unternehmen, die Masken, Filter und Schutzausr\u00fcstung herstellen, verteilt werden. \u00abEs geht um einen zeitnahen, gesamtschweizerischen Effort\u00bb, so Rossi. Daher arbeite man nicht mit einem einzelnen Industriepartner zusammen, sondern habe die gesamte Branche ins Boot geholt.<\/p>\n<\/div>\n<\/div>\n<div class=\"std-paragraph-block\">\n<h5>ReMask Konsortium<\/h5>\n<div class=\"std-art-paragraph\">\n<p>F\u00fcr das ReMask-Projekt haben sich Experten aus der Forschung, dem Gesundheitswesen und der Industrie zusammengeschlossen, um zeitnah dringend ben\u00f6tigte Produkte, Konzepte und Technologien f\u00fcr die Bek\u00e4mpfung von COVID-19 bereitzustellen. An der Empa sind das\u00a0<a href=\"\/\/www.empa.ch\/de\/web\/s401\">\u00abLaboratory for Biomimetic Membranes and Textiles\u00bb<\/a>, das\u00a0<a href=\"\/\/www.empa.ch\/web\/s403\">\u00abParticles-Biology Interactions Lab\u00bb<\/a>, das \u00ab<a href=\"\/\/www.empa.ch\/web\/s405\/research\">Transport at Nanoscale Interfaces Laboratory\u00bb<\/a>, das\u00a0<a href=\"\/\/www.empa.ch\/web\/s499\">\u00abCenter for X-ray Analytics\u00bb<\/a>\u00a0und das\u00a0<a href=\"\/\/www.empa.ch\/web\/s404\">\u00abBiointerfaces\u00bb<\/a>\u00a0Labor beteiligt.<br \/>\n<strong>Partner:\u00a0<\/strong>ETH Z\u00fcrich, EPFL, Labor Spiez, Universit\u00e4tsspital Z\u00fcrich, Inselspital Bern, \u00abCentre hospitalier universitaire vaudois\u00bb (CHUV), \u00abH\u00f4pitaux Universitaires de Gen\u00e8ve\u00bb (HUG), Kantonsspital Wintertur, Spital Wallis, Regio 144 AG, Indema AG sowie 200 Firmen des Branchenverbands Swiss Textiles (https:\/\/subitex.empa.ch)<\/p>\n<\/div>\n<\/div>\n<div class=\"std-paragraph-block\">\n<div class=\"std-art-paragraph\">\n<p>Mittel- und langfristige Ziele von ReMask beinhalten zudem die Entwicklung und Produktion von neuartigen Masken und Maskenteilen. So sollen zus\u00e4tzliche Schichten auf der Innen- und Aussenseite herk\u00f6mmlicher Masken deren Langlebigkeit und Funktionalit\u00e4t verbessern. Auf der Innenseite der Masken soll eine Wasser-bindende Schicht die\u00a0Feuchtigkeit aus dem Atem des Tr\u00e4gers binden. Auf der Aussenseite hingegen soll das Coronavirus gezielt geblockt werden. Bekannt ist bereits, dass die Kronen-artige\u00a0Erregerh\u00fclle elektrisch negativ geladen ist. \u00abEine Beschichtung von Fasern oder Membranen, die positiv geladen ist, w\u00fcrde das Virus an der Aussenseite der Maske elektrostatisch binden und somit blockieren\u00bb, erkl\u00e4rt Rossi. Ausserdem wollen die Forscher Textilien mit Virus-abt\u00f6tenden Eigenschaften entwickeln. Rossi: \u00abWir verfolgen mehrere Ans\u00e4tze, mit denen sich Coronaviren, die auf dem Textil landen, inaktivieren lassen.\u00bb<\/p>\n<p>Aufgebaut wird hierbei auf das Wissen, das im Zuge eines Vorg\u00e4ngerprojekts erarbeitet werden konnte.\u00a0<a href=\"\/\/www.empa.ch\/de\/web\/s604\/schutzmaske\">Innerhalb dieses Projekts der Empa und der EPFL<\/a>,\u00a0wurde ein Mundschutz entwickelt, der mit einer neuartigen Filterfolie ausgestattet ist. Standhalten m\u00fcssen diese neuartigen, robusteren und leistungsf\u00e4higen Masken ebenfalls den Testverfahren, die jetzt schon f\u00fcr gebrauchte Masken implementiert werden.<\/p>\n<p>F\u00fcr die Produktion und Funktionalisierung von Schutzmasken werden Schweizer Unternehmen zum Zuge kommen. So ist ReMask neben einem Forschungs- auch ein Wirtschaftsf\u00f6rderungsprojekt, das in der Corona-Krise f\u00fcr Auftr\u00e4ge an Schweizer Unternehmen sorgt.<\/p>\n<\/div>\n<\/div>\n<div class=\"std-paragraph-block\">\n<h5><em>Support f\u00fcr Start-ups<\/em><\/h5>\n<div class=\"std-art-paragraph\">\n<p><em>In den vergangenen Jahren sind mehr als die H\u00e4lfte aller schweizerischen \u00abdeep tech\u00bb Start-ups aus Institutionen des ETH-Bereichs hervorgegangen, wodurch neue Technologien, Dienstleistungen und Arbeitspl\u00e4tze entstanden sind. Damit die innovative und wirtschaftsf\u00f6rdernde Leistung von Start-up-Unternehmen in der Schweiz nicht durch die Corona-Krise gef\u00e4hrdet wird, hat der ETH-Bereich k\u00fcrzlich eine neue Initiative gestartet, an der auch die Empa beteiligt ist. Die \u00abCOVID-19 Start-up-Task Force\u00bb soll die hochqualifizierten Jungunternehmen in der derzeitigen Krisensituation unterst\u00fctzen. Zudem nutzt sie Synergien und Kontakte zu den Wirtschaftsexperten der \u00abNationalen COVID-19 Science Task Force\u00bb sowie den wichtigsten Stakeholdern im schweizerischen Start-up-\u00d6kosystem.<\/em><\/p>\n<\/div>\n<\/div>\n<\/div>\n<\/div>\n<\/div>\n<div class=\"span3\">\n<div class=\"std-art-right-hand-column\">\n<div class=\"std-art-rhs-box\">\n<div class=\"std-art-rhs-box-content\">\n<p>&nbsp;<\/p>\n<\/div>\n<\/div>\n<\/div>\n<\/div>\n","protected":false},"excerpt":{"rendered":"<p>&nbsp; In der Corona-Krise r\u00fccken die Schweizer Forschenden zusammen. Um den Bedarf der Schweiz mit\u00a0Schutzmaterial sicherzustellen, haben Forschende der Empa, der ETH Z\u00fcrich, der EPFL und des Labors Spiez gemeinsam mit einer grossen Anzahl Partnern aus dem Gesundheitswesen und der Industrie\u00a0das Projekt \u00abReMask\u00bb gestartet. Die Ziele von ReMask sind Technologien zur Wiederverwendung von vorhandenen Masken, [&hellip;]<\/p>\n","protected":false},"author":5,"featured_media":3026,"comment_status":"closed","ping_status":"closed","sticky":false,"template":"","format":"standard","meta":{"_acf_changed":false,"_yoast_wpseo_focuskw":"Schutzmasken","_yoast_wpseo_metadesc":"Schutzmasken sind derzeit ein rares Gut. Um die Schweiz in der Corona-Krise mit effizientem Schutzmaterial auszur\u00fcsten, arbeiten Empa-Forschende intensiv.","articlekey":"","footnotes":""},"categories":[580],"tags":[132,953,1052,218,2071,424],"class_list":["post-10171","post","type-post","status-publish","format-standard","has-post-thumbnail","hentry","category-sustainability","tag-coronavirus","tag-covid-19","tag-empa","tag-forschung","tag-schutzmasken","tag-schweiz"],"acf":[],"yoast_head":"<!-- This site is optimized with the Yoast SEO plugin v27.4 - https:\/\/yoast.com\/product\/yoast-seo-wordpress\/ -->\n<title>Atemschutzmasken f\u00fcr die Schweiz - Organisator<\/title>\n<meta name=\"description\" content=\"Schutzmasken sind derzeit ein rares Gut. Um die Schweiz in der Corona-Krise mit effizientem Schutzmaterial auszur\u00fcsten, arbeiten Empa-Forschende intensiv.\" \/>\n<meta name=\"robots\" content=\"index, follow, max-snippet:-1, max-image-preview:large, max-video-preview:-1\" \/>\n<link rel=\"canonical\" href=\"https:\/\/www.organisator.ch\/de\/sustainability\/2020-04-24\/atemschutzmasken-fuer-die-schweiz\/\" \/>\n<meta property=\"og:locale\" content=\"de_DE\" \/>\n<meta property=\"og:type\" content=\"article\" \/>\n<meta property=\"og:title\" content=\"Atemschutzmasken f\u00fcr die Schweiz - Organisator\" \/>\n<meta property=\"og:description\" content=\"Schutzmasken sind derzeit ein rares Gut. Um die Schweiz in der Corona-Krise mit effizientem Schutzmaterial auszur\u00fcsten, arbeiten Empa-Forschende intensiv.\" \/>\n<meta property=\"og:url\" content=\"https:\/\/www.organisator.ch\/de\/sustainability\/2020-04-24\/atemschutzmasken-fuer-die-schweiz\/\" \/>\n<meta property=\"og:site_name\" content=\"Organisator\" \/>\n<meta property=\"article:publisher\" content=\"https:\/\/www.facebook.com\/OrganisatorFachmagazin\" \/>\n<meta property=\"article:published_time\" content=\"2020-04-24T08:13:03+00:00\" \/>\n<meta property=\"article:modified_time\" content=\"2022-02-09T10:05:33+00:00\" \/>\n<meta property=\"og:image\" content=\"https:\/\/www.organisator.ch\/wp-content\/uploads\/2020\/04\/Stopper_Claudio_Schwarz_Purzlbaum_fuer-Unsplash_size.jpg\" \/>\n\t<meta property=\"og:image:width\" content=\"890\" \/>\n\t<meta property=\"og:image:height\" content=\"455\" \/>\n\t<meta property=\"og:image:type\" content=\"image\/jpeg\" \/>\n<meta name=\"author\" content=\"michael.merz\" \/>\n<meta name=\"twitter:card\" content=\"summary_large_image\" \/>\n<script type=\"application\/ld+json\" class=\"yoast-schema-graph\">{\"@context\":\"https:\\\/\\\/schema.org\",\"@graph\":[{\"@type\":\"Article\",\"@id\":\"https:\\\/\\\/www.organisator.ch\\\/sustainability\\\/2020-04-24\\\/atemschutzmasken-fuer-die-schweiz\\\/#article\",\"isPartOf\":{\"@id\":\"https:\\\/\\\/www.organisator.ch\\\/sustainability\\\/2020-04-24\\\/atemschutzmasken-fuer-die-schweiz\\\/\"},\"author\":{\"name\":\"michael.merz\",\"@id\":\"https:\\\/\\\/www.organisator.ch\\\/#\\\/schema\\\/person\\\/134708ca9321c57b0362cceb7948ffbd\"},\"headline\":\"Atemschutzmasken f\u00fcr die Schweiz\",\"datePublished\":\"2020-04-24T08:13:03+00:00\",\"dateModified\":\"2022-02-09T10:05:33+00:00\",\"mainEntityOfPage\":{\"@id\":\"https:\\\/\\\/www.organisator.ch\\\/sustainability\\\/2020-04-24\\\/atemschutzmasken-fuer-die-schweiz\\\/\"},\"wordCount\":1088,\"publisher\":{\"@id\":\"https:\\\/\\\/www.organisator.ch\\\/#organization\"},\"image\":{\"@id\":\"https:\\\/\\\/www.organisator.ch\\\/sustainability\\\/2020-04-24\\\/atemschutzmasken-fuer-die-schweiz\\\/#primaryimage\"},\"thumbnailUrl\":\"https:\\\/\\\/www.organisator.ch\\\/wp-content\\\/uploads\\\/2020\\\/04\\\/Stopper_Claudio_Schwarz_Purzlbaum_fuer-Unsplash_size.jpg\",\"keywords\":[\"Coronavirus\",\"Covid-19\",\"Empa\",\"Forschung\",\"Schutzmasken\",\"Schweiz\"],\"articleSection\":[\"SUSTAINABILITY\"],\"inLanguage\":\"de\"},{\"@type\":\"WebPage\",\"@id\":\"https:\\\/\\\/www.organisator.ch\\\/sustainability\\\/2020-04-24\\\/atemschutzmasken-fuer-die-schweiz\\\/\",\"url\":\"https:\\\/\\\/www.organisator.ch\\\/sustainability\\\/2020-04-24\\\/atemschutzmasken-fuer-die-schweiz\\\/\",\"name\":\"Atemschutzmasken f\u00fcr die Schweiz - Organisator\",\"isPartOf\":{\"@id\":\"https:\\\/\\\/www.organisator.ch\\\/#website\"},\"primaryImageOfPage\":{\"@id\":\"https:\\\/\\\/www.organisator.ch\\\/sustainability\\\/2020-04-24\\\/atemschutzmasken-fuer-die-schweiz\\\/#primaryimage\"},\"image\":{\"@id\":\"https:\\\/\\\/www.organisator.ch\\\/sustainability\\\/2020-04-24\\\/atemschutzmasken-fuer-die-schweiz\\\/#primaryimage\"},\"thumbnailUrl\":\"https:\\\/\\\/www.organisator.ch\\\/wp-content\\\/uploads\\\/2020\\\/04\\\/Stopper_Claudio_Schwarz_Purzlbaum_fuer-Unsplash_size.jpg\",\"datePublished\":\"2020-04-24T08:13:03+00:00\",\"dateModified\":\"2022-02-09T10:05:33+00:00\",\"description\":\"Schutzmasken sind derzeit ein rares Gut. Um die Schweiz in der Corona-Krise mit effizientem Schutzmaterial auszur\u00fcsten, arbeiten Empa-Forschende intensiv.\",\"breadcrumb\":{\"@id\":\"https:\\\/\\\/www.organisator.ch\\\/sustainability\\\/2020-04-24\\\/atemschutzmasken-fuer-die-schweiz\\\/#breadcrumb\"},\"inLanguage\":\"de\",\"potentialAction\":[{\"@type\":\"ReadAction\",\"target\":[\"https:\\\/\\\/www.organisator.ch\\\/sustainability\\\/2020-04-24\\\/atemschutzmasken-fuer-die-schweiz\\\/\"]}]},{\"@type\":\"ImageObject\",\"inLanguage\":\"de\",\"@id\":\"https:\\\/\\\/www.organisator.ch\\\/sustainability\\\/2020-04-24\\\/atemschutzmasken-fuer-die-schweiz\\\/#primaryimage\",\"url\":\"https:\\\/\\\/www.organisator.ch\\\/wp-content\\\/uploads\\\/2020\\\/04\\\/Stopper_Claudio_Schwarz_Purzlbaum_fuer-Unsplash_size.jpg\",\"contentUrl\":\"https:\\\/\\\/www.organisator.ch\\\/wp-content\\\/uploads\\\/2020\\\/04\\\/Stopper_Claudio_Schwarz_Purzlbaum_fuer-Unsplash_size.jpg\",\"width\":890,\"height\":455,\"caption\":\"Schutzmasken sind ein rares Gut und doch werden sie nur einmal verwendet. (Bild: Unsplash)\"},{\"@type\":\"BreadcrumbList\",\"@id\":\"https:\\\/\\\/www.organisator.ch\\\/sustainability\\\/2020-04-24\\\/atemschutzmasken-fuer-die-schweiz\\\/#breadcrumb\",\"itemListElement\":[{\"@type\":\"ListItem\",\"position\":1,\"name\":\"Home\",\"item\":\"https:\\\/\\\/www.organisator.ch\\\/\"},{\"@type\":\"ListItem\",\"position\":2,\"name\":\"Atemschutzmasken f\u00fcr die Schweiz\"}]},{\"@type\":\"WebSite\",\"@id\":\"https:\\\/\\\/www.organisator.ch\\\/#website\",\"url\":\"https:\\\/\\\/www.organisator.ch\\\/\",\"name\":\"Organisator\",\"description\":\"Kompetent. Praxisnah. Der ORGANISATOR bereitet in 10 Ausgaben pro Jahr die wesentlichen Themen f\u00fcr F\u00fchrungskr\u00e4fte von KMU auf.\",\"publisher\":{\"@id\":\"https:\\\/\\\/www.organisator.ch\\\/#organization\"},\"potentialAction\":[{\"@type\":\"SearchAction\",\"target\":{\"@type\":\"EntryPoint\",\"urlTemplate\":\"https:\\\/\\\/www.organisator.ch\\\/?s={search_term_string}\"},\"query-input\":{\"@type\":\"PropertyValueSpecification\",\"valueRequired\":true,\"valueName\":\"search_term_string\"}}],\"inLanguage\":\"de\"},{\"@type\":\"Organization\",\"@id\":\"https:\\\/\\\/www.organisator.ch\\\/#organization\",\"name\":\"Organisator\",\"url\":\"https:\\\/\\\/www.organisator.ch\\\/\",\"logo\":{\"@type\":\"ImageObject\",\"inLanguage\":\"de\",\"@id\":\"https:\\\/\\\/www.organisator.ch\\\/#\\\/schema\\\/logo\\\/image\\\/\",\"url\":\"https:\\\/\\\/www.organisator.ch\\\/wp-content\\\/uploads\\\/2022\\\/01\\\/Logo_Organisator_Website.png\",\"contentUrl\":\"https:\\\/\\\/www.organisator.ch\\\/wp-content\\\/uploads\\\/2022\\\/01\\\/Logo_Organisator_Website.png\",\"width\":800,\"height\":77,\"caption\":\"Organisator\"},\"image\":{\"@id\":\"https:\\\/\\\/www.organisator.ch\\\/#\\\/schema\\\/logo\\\/image\\\/\"},\"sameAs\":[\"https:\\\/\\\/www.facebook.com\\\/OrganisatorFachmagazin\",\"https:\\\/\\\/www.linkedin.com\\\/showcase\\\/organisator-das-magazin-fr-kmu\",\"https:\\\/\\\/www.xing.com\\\/news\\\/pages\\\/organisator-ch-695\",\"https:\\\/\\\/www.youtube.com\\\/channel\\\/UCGP2Sq0iWaZwT3BdIAQFYpw\"]},{\"@type\":\"Person\",\"@id\":\"https:\\\/\\\/www.organisator.ch\\\/#\\\/schema\\\/person\\\/134708ca9321c57b0362cceb7948ffbd\",\"name\":\"michael.merz\",\"image\":{\"@type\":\"ImageObject\",\"inLanguage\":\"de\",\"@id\":\"https:\\\/\\\/secure.gravatar.com\\\/avatar\\\/?s=96&d=mm&r=g\",\"url\":\"https:\\\/\\\/secure.gravatar.com\\\/avatar\\\/?s=96&d=mm&r=g\",\"contentUrl\":\"https:\\\/\\\/secure.gravatar.com\\\/avatar\\\/?s=96&d=mm&r=g\",\"caption\":\"michael.merz\"},\"url\":\"https:\\\/\\\/www.organisator.ch\\\/de\\\/author\\\/michael-merz\\\/\"}]}<\/script>\n<!-- \/ Yoast SEO plugin. -->","yoast_head_json":{"title":"Atemschutzmasken f\u00fcr die Schweiz - Organisator","description":"Schutzmasken sind derzeit ein rares Gut. Um die Schweiz in der Corona-Krise mit effizientem Schutzmaterial auszur\u00fcsten, arbeiten Empa-Forschende intensiv.","robots":{"index":"index","follow":"follow","max-snippet":"max-snippet:-1","max-image-preview":"max-image-preview:large","max-video-preview":"max-video-preview:-1"},"canonical":"https:\/\/www.organisator.ch\/de\/sustainability\/2020-04-24\/atemschutzmasken-fuer-die-schweiz\/","og_locale":"de_DE","og_type":"article","og_title":"Atemschutzmasken f\u00fcr die Schweiz - Organisator","og_description":"Schutzmasken sind derzeit ein rares Gut. Um die Schweiz in der Corona-Krise mit effizientem Schutzmaterial auszur\u00fcsten, arbeiten Empa-Forschende intensiv.","og_url":"https:\/\/www.organisator.ch\/de\/sustainability\/2020-04-24\/atemschutzmasken-fuer-die-schweiz\/","og_site_name":"Organisator","article_publisher":"https:\/\/www.facebook.com\/OrganisatorFachmagazin","article_published_time":"2020-04-24T08:13:03+00:00","article_modified_time":"2022-02-09T10:05:33+00:00","og_image":[{"width":890,"height":455,"url":"https:\/\/www.organisator.ch\/wp-content\/uploads\/2020\/04\/Stopper_Claudio_Schwarz_Purzlbaum_fuer-Unsplash_size.jpg","type":"image\/jpeg"}],"author":"michael.merz","twitter_card":"summary_large_image","schema":{"@context":"https:\/\/schema.org","@graph":[{"@type":"Article","@id":"https:\/\/www.organisator.ch\/sustainability\/2020-04-24\/atemschutzmasken-fuer-die-schweiz\/#article","isPartOf":{"@id":"https:\/\/www.organisator.ch\/sustainability\/2020-04-24\/atemschutzmasken-fuer-die-schweiz\/"},"author":{"name":"michael.merz","@id":"https:\/\/www.organisator.ch\/#\/schema\/person\/134708ca9321c57b0362cceb7948ffbd"},"headline":"Atemschutzmasken f\u00fcr die Schweiz","datePublished":"2020-04-24T08:13:03+00:00","dateModified":"2022-02-09T10:05:33+00:00","mainEntityOfPage":{"@id":"https:\/\/www.organisator.ch\/sustainability\/2020-04-24\/atemschutzmasken-fuer-die-schweiz\/"},"wordCount":1088,"publisher":{"@id":"https:\/\/www.organisator.ch\/#organization"},"image":{"@id":"https:\/\/www.organisator.ch\/sustainability\/2020-04-24\/atemschutzmasken-fuer-die-schweiz\/#primaryimage"},"thumbnailUrl":"https:\/\/www.organisator.ch\/wp-content\/uploads\/2020\/04\/Stopper_Claudio_Schwarz_Purzlbaum_fuer-Unsplash_size.jpg","keywords":["Coronavirus","Covid-19","Empa","Forschung","Schutzmasken","Schweiz"],"articleSection":["SUSTAINABILITY"],"inLanguage":"de"},{"@type":"WebPage","@id":"https:\/\/www.organisator.ch\/sustainability\/2020-04-24\/atemschutzmasken-fuer-die-schweiz\/","url":"https:\/\/www.organisator.ch\/sustainability\/2020-04-24\/atemschutzmasken-fuer-die-schweiz\/","name":"Atemschutzmasken f\u00fcr die Schweiz - Organisator","isPartOf":{"@id":"https:\/\/www.organisator.ch\/#website"},"primaryImageOfPage":{"@id":"https:\/\/www.organisator.ch\/sustainability\/2020-04-24\/atemschutzmasken-fuer-die-schweiz\/#primaryimage"},"image":{"@id":"https:\/\/www.organisator.ch\/sustainability\/2020-04-24\/atemschutzmasken-fuer-die-schweiz\/#primaryimage"},"thumbnailUrl":"https:\/\/www.organisator.ch\/wp-content\/uploads\/2020\/04\/Stopper_Claudio_Schwarz_Purzlbaum_fuer-Unsplash_size.jpg","datePublished":"2020-04-24T08:13:03+00:00","dateModified":"2022-02-09T10:05:33+00:00","description":"Schutzmasken sind derzeit ein rares Gut. Um die Schweiz in der Corona-Krise mit effizientem Schutzmaterial auszur\u00fcsten, arbeiten Empa-Forschende intensiv.","breadcrumb":{"@id":"https:\/\/www.organisator.ch\/sustainability\/2020-04-24\/atemschutzmasken-fuer-die-schweiz\/#breadcrumb"},"inLanguage":"de","potentialAction":[{"@type":"ReadAction","target":["https:\/\/www.organisator.ch\/sustainability\/2020-04-24\/atemschutzmasken-fuer-die-schweiz\/"]}]},{"@type":"ImageObject","inLanguage":"de","@id":"https:\/\/www.organisator.ch\/sustainability\/2020-04-24\/atemschutzmasken-fuer-die-schweiz\/#primaryimage","url":"https:\/\/www.organisator.ch\/wp-content\/uploads\/2020\/04\/Stopper_Claudio_Schwarz_Purzlbaum_fuer-Unsplash_size.jpg","contentUrl":"https:\/\/www.organisator.ch\/wp-content\/uploads\/2020\/04\/Stopper_Claudio_Schwarz_Purzlbaum_fuer-Unsplash_size.jpg","width":890,"height":455,"caption":"Schutzmasken sind ein rares Gut und doch werden sie nur einmal verwendet. (Bild: Unsplash)"},{"@type":"BreadcrumbList","@id":"https:\/\/www.organisator.ch\/sustainability\/2020-04-24\/atemschutzmasken-fuer-die-schweiz\/#breadcrumb","itemListElement":[{"@type":"ListItem","position":1,"name":"Home","item":"https:\/\/www.organisator.ch\/"},{"@type":"ListItem","position":2,"name":"Atemschutzmasken f\u00fcr die Schweiz"}]},{"@type":"WebSite","@id":"https:\/\/www.organisator.ch\/#website","url":"https:\/\/www.organisator.ch\/","name":"Organisator","description":"Kompetent. Praxisnah. Der ORGANISATOR bereitet in 10 Ausgaben pro Jahr die wesentlichen Themen f\u00fcr F\u00fchrungskr\u00e4fte von KMU auf.","publisher":{"@id":"https:\/\/www.organisator.ch\/#organization"},"potentialAction":[{"@type":"SearchAction","target":{"@type":"EntryPoint","urlTemplate":"https:\/\/www.organisator.ch\/?s={search_term_string}"},"query-input":{"@type":"PropertyValueSpecification","valueRequired":true,"valueName":"search_term_string"}}],"inLanguage":"de"},{"@type":"Organization","@id":"https:\/\/www.organisator.ch\/#organization","name":"Organisator","url":"https:\/\/www.organisator.ch\/","logo":{"@type":"ImageObject","inLanguage":"de","@id":"https:\/\/www.organisator.ch\/#\/schema\/logo\/image\/","url":"https:\/\/www.organisator.ch\/wp-content\/uploads\/2022\/01\/Logo_Organisator_Website.png","contentUrl":"https:\/\/www.organisator.ch\/wp-content\/uploads\/2022\/01\/Logo_Organisator_Website.png","width":800,"height":77,"caption":"Organisator"},"image":{"@id":"https:\/\/www.organisator.ch\/#\/schema\/logo\/image\/"},"sameAs":["https:\/\/www.facebook.com\/OrganisatorFachmagazin","https:\/\/www.linkedin.com\/showcase\/organisator-das-magazin-fr-kmu","https:\/\/www.xing.com\/news\/pages\/organisator-ch-695","https:\/\/www.youtube.com\/channel\/UCGP2Sq0iWaZwT3BdIAQFYpw"]},{"@type":"Person","@id":"https:\/\/www.organisator.ch\/#\/schema\/person\/134708ca9321c57b0362cceb7948ffbd","name":"michael.merz","image":{"@type":"ImageObject","inLanguage":"de","@id":"https:\/\/secure.gravatar.com\/avatar\/?s=96&d=mm&r=g","url":"https:\/\/secure.gravatar.com\/avatar\/?s=96&d=mm&r=g","contentUrl":"https:\/\/secure.gravatar.com\/avatar\/?s=96&d=mm&r=g","caption":"michael.merz"},"url":"https:\/\/www.organisator.ch\/de\/author\/michael-merz\/"}]}},"_links":{"self":[{"href":"https:\/\/www.organisator.ch\/de\/wp-json\/wp\/v2\/posts\/10171","targetHints":{"allow":["GET"]}}],"collection":[{"href":"https:\/\/www.organisator.ch\/de\/wp-json\/wp\/v2\/posts"}],"about":[{"href":"https:\/\/www.organisator.ch\/de\/wp-json\/wp\/v2\/types\/post"}],"author":[{"embeddable":true,"href":"https:\/\/www.organisator.ch\/de\/wp-json\/wp\/v2\/users\/5"}],"replies":[{"embeddable":true,"href":"https:\/\/www.organisator.ch\/de\/wp-json\/wp\/v2\/comments?post=10171"}],"version-history":[{"count":1,"href":"https:\/\/www.organisator.ch\/de\/wp-json\/wp\/v2\/posts\/10171\/revisions"}],"predecessor-version":[{"id":10393,"href":"https:\/\/www.organisator.ch\/de\/wp-json\/wp\/v2\/posts\/10171\/revisions\/10393"}],"wp:featuredmedia":[{"embeddable":true,"href":"https:\/\/www.organisator.ch\/de\/wp-json\/wp\/v2\/media\/3026"}],"wp:attachment":[{"href":"https:\/\/www.organisator.ch\/de\/wp-json\/wp\/v2\/media?parent=10171"}],"wp:term":[{"taxonomy":"category","embeddable":true,"href":"https:\/\/www.organisator.ch\/de\/wp-json\/wp\/v2\/categories?post=10171"},{"taxonomy":"post_tag","embeddable":true,"href":"https:\/\/www.organisator.ch\/de\/wp-json\/wp\/v2\/tags?post=10171"}],"curies":[{"name":"wp","href":"https:\/\/api.w.org\/{rel}","templated":true}]}}