{"id":10176,"date":"2020-05-11T07:37:42","date_gmt":"2020-05-11T05:37:42","guid":{"rendered":"https:\/\/www.umweltperspektiven.ch\/?p=3052"},"modified":"2022-02-09T11:09:58","modified_gmt":"2022-02-09T10:09:58","slug":"gen-z-und-millennials-wollen-co2-neutral-shoppen-boomers-eher-nicht","status":"publish","type":"post","link":"https:\/\/www.organisator.ch\/de\/sustainability\/2020-05-11\/gen-z-und-millennials-wollen-co2-neutral-shoppen-boomers-eher-nicht\/","title":{"rendered":"Studie: Gen Z und Millennials wollen CO2-neutral shoppen, Boomers eher nicht"},"content":{"rendered":"<figure id=\"attachment_3053\" aria-describedby=\"caption-attachment-3053\" style=\"width: 680px\" class=\"wp-caption alignnone\"><img loading=\"lazy\" decoding=\"async\" class=\"size-medium wp-image-3053\" src=\"\/\/www.umweltperspektiven.ch\/wp-content\/uploads\/2020\/05\/Unbenannt-2.jpg\" alt=\"\" width=\"680\" height=\"453\" srcset=\"https:\/\/www.organisator.ch\/wp-content\/uploads\/2020\/05\/Unbenannt-2.jpg 1920w, https:\/\/www.organisator.ch\/wp-content\/uploads\/2020\/05\/Unbenannt-2-680x453.jpg 680w, https:\/\/www.organisator.ch\/wp-content\/uploads\/2020\/05\/Unbenannt-2-1024x683.jpg 1024w, https:\/\/www.organisator.ch\/wp-content\/uploads\/2020\/05\/Unbenannt-2-768x512.jpg 768w, https:\/\/www.organisator.ch\/wp-content\/uploads\/2020\/05\/Unbenannt-2-1536x1024.jpg 1536w, https:\/\/www.organisator.ch\/wp-content\/uploads\/2020\/05\/Unbenannt-2-18x12.jpg 18w, https:\/\/www.organisator.ch\/wp-content\/uploads\/2020\/05\/Unbenannt-2-263x175.jpg 263w, https:\/\/www.organisator.ch\/wp-content\/uploads\/2020\/05\/Unbenannt-2-525x350.jpg 525w, https:\/\/www.organisator.ch\/wp-content\/uploads\/2020\/05\/Unbenannt-2-1200x800.jpg 1200w, https:\/\/www.organisator.ch\/wp-content\/uploads\/2020\/05\/Unbenannt-2-920x613.jpg 920w, https:\/\/www.organisator.ch\/wp-content\/uploads\/2020\/05\/Unbenannt-2-1400x933.jpg 1400w, https:\/\/www.organisator.ch\/wp-content\/uploads\/2020\/05\/Unbenannt-2-300x200.jpg 300w\" sizes=\"auto, (max-width: 680px) 100vw, 680px\" \/><figcaption id=\"caption-attachment-3053\" class=\"wp-caption-text\">Nachhaltige Stromerzeugung: Solarpanels auf dem riesigen Warenlager von Digitec Galaxus in Wohlen AG. (Bild: Digitec Galaxus)<\/figcaption><\/figure>\n<p>Auch wenn das Thema ob der Corona-Pandemie vor\u00fcbergehend in den Hintergrund ger\u00fcckt ist: Shoppen belastet die Umwelt. Der Abbau der Rohstoffe, die industrielle Herstellung der Produkte oder der Transport um den Globus blasen tonnenweise CO2 und andere Schadstoffe in der Atmosph\u00e4re.<\/p>\n<p>Digitec Galaxus wollte wissen, ob die Schweizer Konsumenten den CO2-Fussabdruck ihres Online-Konsums durch eine freiwillige Abgabe kompensieren w\u00fcrden. Das Unternehmen will selbst Ende Mai eine freiwillige CO2-Abgabe einf\u00fchren f\u00fcr Bestellungen und dabei transpartent ausweisen, wieviel CO2 durch den Einkauf verursacht wird.<\/p>\n<p>Der Onlineh\u00e4ndler hat eim Marktforschungs-Institut GfK eine repr\u00e4sentative <a href=\"\/\/www.digitec.ch\/de\/page\/gen-z-und-millennials-wollen-co2-neutral-shoppen-boomers-eher-nicht-16118\">Umfrage<\/a> in Auftrag gegeben. Befragt wurden 501 Menschen in der Deutschschweiz und der Romandie.<\/p>\n<p>Das Ergebnis: Jeder dritte Einwohner der Schweiz h\u00e4tte gerne die M\u00f6glichkeit, den CO2-Ausstoss seiner Online-Eink\u00e4ufe kompensieren zu k\u00f6nnen. Je ein weiterer Drittel der Bev\u00f6lkerung findet eine solche Option unn\u00f6tig bzw. ist unentschlossen (siehe Grafik unten).<\/p>\n<p>&nbsp;<\/p>\n<p><img loading=\"lazy\" decoding=\"async\" class=\"alignnone size-medium wp-image-3054\" src=\"\/\/www.umweltperspektiven.ch\/wp-content\/uploads\/2020\/05\/CO2_Kompensation_F1_DE_b.png\" alt=\"\" width=\"680\" height=\"481\" \/><\/p>\n<p>&nbsp;<\/p>\n<p><strong>Zwei Gr\u00e4ben: R\u00f6sti und Alter<\/strong><\/p>\n<p>Nimmt man die Antworten unter die Lupe, erkennt man zwei Gr\u00e4ben. Erstens den R\u00f6stigraben: Vor allem Deutschschweizer w\u00fcnschen sich eine CO2-Kompensationsm\u00f6glichkeit. In der Westschweiz hingegen antwortete nur gut ein Viertel der Befragten, dass sie beim Einkaufen die Option zum Co2-neutralen Shoppen unbedingt oder \u00abeher\u00bb begr\u00fcssen w\u00fcrden. M\u00e4nner haben zudem eine klarere Meinung als Frauen: Mehr von ihnen finden die Kompensation sowohl sinnvoll als auch sinnlos.<\/p>\n<p>Der zweite Graben verl\u00e4uft zwischen den Generationen: Es sind vor allem junge Schweizerinnen und Schweizer unter 30 Jahren sowie Einwohner mit einem mittleren Haushaltseinkommen zwischen 7000 und 12&#8217;000 Franken im Monat, die ihren \u00f6kologischen Fussabdruck verkleinern m\u00f6chten.<\/p>\n<p>&nbsp;<\/p>\n<p><strong>Junge und Frauen m\u00f6gen es hochprozentig<\/strong><\/p>\n<p>Die Teilnehmer der Umfrage wurden auch gefragt, wie gross ihre Zahlungsbereitschaft w\u00e4re, wenn sie beim Einkauf im Internet die M\u00f6glichkeit einer CO2-Kompensation h\u00e4tten. Mehr als die H\u00e4lfte der Schweizerinnen und Schweizer w\u00e4re demnach bereit, einen Teil des Warenwerts f\u00fcr Umweltprojekte zu spenden \u2013 auch wenn es bei 15 von 100 Befragten nicht mal ein Prozent des Kaufbetrags sein d\u00fcrfte. Gut ein Viertel der Befragten gab an, dass sie die Kompensationsm\u00f6glichkeit h\u00f6chstens dann nutzen w\u00fcrden, wenn dies mit keinen direkten Kosten verbunden w\u00e4re.<\/p>\n<p>Frauen haben \u00fcbrigens eine deutlich h\u00f6here Spendenbereitschaft als M\u00e4nner. Dasselbe gilt f\u00fcr junge Schweizerinnen und Schweizer: Bei den unter 30-J\u00e4hrigen w\u00fcrden mehr als zwei Drittel Geld f\u00fcr eine Umweltkompensation locker machen. Sieben Prozent von ihnen w\u00e4ren sogar zu einer Zahlung zwischen 10 und 20 Prozent des Warenwerts bereit \u2013 und ein Prozent zu noch mehr.<\/p>\n<p>Am knausrigsten sind die 50- bis 59-J\u00e4hrigen: Mehr als einem Drittel der Befragten ist die Reduktion des CO2-Fussabdrucks keinen Rappen wert. Spendabel sind ausserdem die Gutverdienenden: \u00dcber die H\u00e4lfte derjenigen, die im Haushalt pro Monat mehr als 12&#8217;000 Franken verdienen, w\u00fcrden mehr als ein Prozent des Warenwerts f\u00fcr die Umweltkompensation spenden.<\/p>\n<p>&nbsp;<\/p>\n<p>&nbsp;<\/p>\n<p>&nbsp;<\/p>\n<p><img decoding=\"async\" src=\"\/\/drupal-varnish-galledia-werbewoche-drupal-master.ch.amazee.io\/sites\/default\/files\/styles\/default_s\/public\/2020-05\/CO2_Kompensation_F2_DE_t.png?itok=0Fcdbm_8\" alt=\"&quot;&quot;\" \/><\/p>\n<p>&nbsp;<\/p>\n<p>&nbsp;<\/p>\n","protected":false},"excerpt":{"rendered":"<p>Auch wenn das Thema ob der Corona-Pandemie vor\u00fcbergehend in den Hintergrund ger\u00fcckt ist: Shoppen belastet die Umwelt. Der Abbau der Rohstoffe, die industrielle Herstellung der Produkte oder der Transport um den Globus blasen tonnenweise CO2 und andere Schadstoffe in der Atmosph\u00e4re. Digitec Galaxus wollte wissen, ob die Schweizer Konsumenten den CO2-Fussabdruck ihres Online-Konsums durch eine [&hellip;]<\/p>\n","protected":false},"author":5,"featured_media":3053,"comment_status":"closed","ping_status":"closed","sticky":false,"template":"","format":"standard","meta":{"_acf_changed":false,"_yoast_wpseo_focuskw":"Studie","_yoast_wpseo_metadesc":"Jeder dritte Schweizer m\u00f6chte den CO2-Ausstoss seiner Online-Eink\u00e4ufe gleich im Shop kompensieren k\u00f6nnen, zeigt eine neue Studie von Galaxus Digitec.","articlekey":"","footnotes":""},"categories":[580],"tags":[929,312,358,424,460],"class_list":["post-10176","post","type-post","status-publish","format-standard","has-post-thumbnail","hentry","category-sustainability","tag-co2-kompensation","tag-konsum","tag-nachhaltige-wirtschaft","tag-schweiz","tag-studien"],"acf":[],"yoast_head":"<!-- This site is optimized with the Yoast SEO plugin v27.5 - https:\/\/yoast.com\/product\/yoast-seo-wordpress\/ -->\n<title>Studie: Gen Z und Millennials wollen CO2-neutral shoppen, Boomers eher nicht - Organisator<\/title>\n<meta name=\"description\" content=\"Jeder dritte Schweizer m\u00f6chte den CO2-Ausstoss seiner Online-Eink\u00e4ufe gleich im Shop kompensieren k\u00f6nnen, zeigt eine neue Studie von Galaxus Digitec.\" \/>\n<meta name=\"robots\" content=\"index, follow, max-snippet:-1, max-image-preview:large, max-video-preview:-1\" \/>\n<link rel=\"canonical\" href=\"https:\/\/www.organisator.ch\/de\/sustainability\/2020-05-11\/gen-z-und-millennials-wollen-co2-neutral-shoppen-boomers-eher-nicht\/\" \/>\n<meta property=\"og:locale\" content=\"de_DE\" \/>\n<meta property=\"og:type\" content=\"article\" \/>\n<meta property=\"og:title\" content=\"Studie: Gen Z und Millennials wollen CO2-neutral shoppen, Boomers eher nicht - Organisator\" \/>\n<meta property=\"og:description\" content=\"Jeder dritte Schweizer m\u00f6chte den CO2-Ausstoss seiner Online-Eink\u00e4ufe gleich im Shop kompensieren k\u00f6nnen, zeigt eine neue Studie von Galaxus Digitec.\" \/>\n<meta property=\"og:url\" content=\"https:\/\/www.organisator.ch\/de\/sustainability\/2020-05-11\/gen-z-und-millennials-wollen-co2-neutral-shoppen-boomers-eher-nicht\/\" \/>\n<meta property=\"og:site_name\" content=\"Organisator\" \/>\n<meta property=\"article:publisher\" content=\"https:\/\/www.facebook.com\/OrganisatorFachmagazin\" \/>\n<meta property=\"article:published_time\" content=\"2020-05-11T05:37:42+00:00\" \/>\n<meta property=\"article:modified_time\" content=\"2022-02-09T10:09:58+00:00\" \/>\n<meta property=\"og:image\" content=\"https:\/\/www.organisator.ch\/wp-content\/uploads\/2020\/05\/Unbenannt-2.jpg\" \/>\n\t<meta property=\"og:image:width\" content=\"1920\" \/>\n\t<meta property=\"og:image:height\" content=\"1280\" \/>\n\t<meta property=\"og:image:type\" content=\"image\/jpeg\" \/>\n<meta name=\"author\" content=\"michael.merz\" \/>\n<meta name=\"twitter:card\" content=\"summary_large_image\" \/>\n<script type=\"application\/ld+json\" class=\"yoast-schema-graph\">{\"@context\":\"https:\\\/\\\/schema.org\",\"@graph\":[{\"@type\":\"Article\",\"@id\":\"https:\\\/\\\/www.organisator.ch\\\/sustainability\\\/2020-05-11\\\/gen-z-und-millennials-wollen-co2-neutral-shoppen-boomers-eher-nicht\\\/#article\",\"isPartOf\":{\"@id\":\"https:\\\/\\\/www.organisator.ch\\\/sustainability\\\/2020-05-11\\\/gen-z-und-millennials-wollen-co2-neutral-shoppen-boomers-eher-nicht\\\/\"},\"author\":{\"name\":\"michael.merz\",\"@id\":\"https:\\\/\\\/www.organisator.ch\\\/#\\\/schema\\\/person\\\/134708ca9321c57b0362cceb7948ffbd\"},\"headline\":\"Studie: Gen Z und Millennials wollen CO2-neutral shoppen, Boomers eher nicht\",\"datePublished\":\"2020-05-11T05:37:42+00:00\",\"dateModified\":\"2022-02-09T10:09:58+00:00\",\"mainEntityOfPage\":{\"@id\":\"https:\\\/\\\/www.organisator.ch\\\/sustainability\\\/2020-05-11\\\/gen-z-und-millennials-wollen-co2-neutral-shoppen-boomers-eher-nicht\\\/\"},\"wordCount\":527,\"publisher\":{\"@id\":\"https:\\\/\\\/www.organisator.ch\\\/#organization\"},\"image\":{\"@id\":\"https:\\\/\\\/www.organisator.ch\\\/sustainability\\\/2020-05-11\\\/gen-z-und-millennials-wollen-co2-neutral-shoppen-boomers-eher-nicht\\\/#primaryimage\"},\"thumbnailUrl\":\"https:\\\/\\\/www.organisator.ch\\\/wp-content\\\/uploads\\\/2020\\\/05\\\/Unbenannt-2.jpg\",\"keywords\":[\"Co2 Kompensation\",\"Konsum\",\"Nachhaltige Wirtschaft\",\"Schweiz\",\"Studien\"],\"articleSection\":[\"SUSTAINABILITY\"],\"inLanguage\":\"de\"},{\"@type\":\"WebPage\",\"@id\":\"https:\\\/\\\/www.organisator.ch\\\/sustainability\\\/2020-05-11\\\/gen-z-und-millennials-wollen-co2-neutral-shoppen-boomers-eher-nicht\\\/\",\"url\":\"https:\\\/\\\/www.organisator.ch\\\/sustainability\\\/2020-05-11\\\/gen-z-und-millennials-wollen-co2-neutral-shoppen-boomers-eher-nicht\\\/\",\"name\":\"Studie: Gen Z und Millennials wollen CO2-neutral shoppen, Boomers eher nicht - Organisator\",\"isPartOf\":{\"@id\":\"https:\\\/\\\/www.organisator.ch\\\/#website\"},\"primaryImageOfPage\":{\"@id\":\"https:\\\/\\\/www.organisator.ch\\\/sustainability\\\/2020-05-11\\\/gen-z-und-millennials-wollen-co2-neutral-shoppen-boomers-eher-nicht\\\/#primaryimage\"},\"image\":{\"@id\":\"https:\\\/\\\/www.organisator.ch\\\/sustainability\\\/2020-05-11\\\/gen-z-und-millennials-wollen-co2-neutral-shoppen-boomers-eher-nicht\\\/#primaryimage\"},\"thumbnailUrl\":\"https:\\\/\\\/www.organisator.ch\\\/wp-content\\\/uploads\\\/2020\\\/05\\\/Unbenannt-2.jpg\",\"datePublished\":\"2020-05-11T05:37:42+00:00\",\"dateModified\":\"2022-02-09T10:09:58+00:00\",\"description\":\"Jeder dritte Schweizer m\u00f6chte den CO2-Ausstoss seiner Online-Eink\u00e4ufe gleich im Shop kompensieren k\u00f6nnen, zeigt eine neue Studie von Galaxus Digitec.\",\"breadcrumb\":{\"@id\":\"https:\\\/\\\/www.organisator.ch\\\/sustainability\\\/2020-05-11\\\/gen-z-und-millennials-wollen-co2-neutral-shoppen-boomers-eher-nicht\\\/#breadcrumb\"},\"inLanguage\":\"de\",\"potentialAction\":[{\"@type\":\"ReadAction\",\"target\":[\"https:\\\/\\\/www.organisator.ch\\\/sustainability\\\/2020-05-11\\\/gen-z-und-millennials-wollen-co2-neutral-shoppen-boomers-eher-nicht\\\/\"]}]},{\"@type\":\"ImageObject\",\"inLanguage\":\"de\",\"@id\":\"https:\\\/\\\/www.organisator.ch\\\/sustainability\\\/2020-05-11\\\/gen-z-und-millennials-wollen-co2-neutral-shoppen-boomers-eher-nicht\\\/#primaryimage\",\"url\":\"https:\\\/\\\/www.organisator.ch\\\/wp-content\\\/uploads\\\/2020\\\/05\\\/Unbenannt-2.jpg\",\"contentUrl\":\"https:\\\/\\\/www.organisator.ch\\\/wp-content\\\/uploads\\\/2020\\\/05\\\/Unbenannt-2.jpg\",\"width\":1920,\"height\":1280,\"caption\":\"Nachhaltige Stromerzeugung: Solarpanels auf dem riesigen Warenlager von Digitec Galaxus in Wohlen AG. (Bild: Digitec Galaxus)\"},{\"@type\":\"BreadcrumbList\",\"@id\":\"https:\\\/\\\/www.organisator.ch\\\/sustainability\\\/2020-05-11\\\/gen-z-und-millennials-wollen-co2-neutral-shoppen-boomers-eher-nicht\\\/#breadcrumb\",\"itemListElement\":[{\"@type\":\"ListItem\",\"position\":1,\"name\":\"Home\",\"item\":\"https:\\\/\\\/www.organisator.ch\\\/\"},{\"@type\":\"ListItem\",\"position\":2,\"name\":\"Studie: Gen Z und Millennials wollen CO2-neutral shoppen, Boomers eher nicht\"}]},{\"@type\":\"WebSite\",\"@id\":\"https:\\\/\\\/www.organisator.ch\\\/#website\",\"url\":\"https:\\\/\\\/www.organisator.ch\\\/\",\"name\":\"Organisator\",\"description\":\"Kompetent. Praxisnah. Der ORGANISATOR bereitet in 10 Ausgaben pro Jahr die wesentlichen Themen f\u00fcr F\u00fchrungskr\u00e4fte von KMU auf.\",\"publisher\":{\"@id\":\"https:\\\/\\\/www.organisator.ch\\\/#organization\"},\"potentialAction\":[{\"@type\":\"SearchAction\",\"target\":{\"@type\":\"EntryPoint\",\"urlTemplate\":\"https:\\\/\\\/www.organisator.ch\\\/?s={search_term_string}\"},\"query-input\":{\"@type\":\"PropertyValueSpecification\",\"valueRequired\":true,\"valueName\":\"search_term_string\"}}],\"inLanguage\":\"de\"},{\"@type\":\"Organization\",\"@id\":\"https:\\\/\\\/www.organisator.ch\\\/#organization\",\"name\":\"Organisator\",\"url\":\"https:\\\/\\\/www.organisator.ch\\\/\",\"logo\":{\"@type\":\"ImageObject\",\"inLanguage\":\"de\",\"@id\":\"https:\\\/\\\/www.organisator.ch\\\/#\\\/schema\\\/logo\\\/image\\\/\",\"url\":\"https:\\\/\\\/www.organisator.ch\\\/wp-content\\\/uploads\\\/2022\\\/01\\\/Logo_Organisator_Website.png\",\"contentUrl\":\"https:\\\/\\\/www.organisator.ch\\\/wp-content\\\/uploads\\\/2022\\\/01\\\/Logo_Organisator_Website.png\",\"width\":800,\"height\":77,\"caption\":\"Organisator\"},\"image\":{\"@id\":\"https:\\\/\\\/www.organisator.ch\\\/#\\\/schema\\\/logo\\\/image\\\/\"},\"sameAs\":[\"https:\\\/\\\/www.facebook.com\\\/OrganisatorFachmagazin\",\"https:\\\/\\\/www.linkedin.com\\\/showcase\\\/organisator-das-magazin-fr-kmu\",\"https:\\\/\\\/www.xing.com\\\/news\\\/pages\\\/organisator-ch-695\",\"https:\\\/\\\/www.youtube.com\\\/channel\\\/UCGP2Sq0iWaZwT3BdIAQFYpw\"]},{\"@type\":\"Person\",\"@id\":\"https:\\\/\\\/www.organisator.ch\\\/#\\\/schema\\\/person\\\/134708ca9321c57b0362cceb7948ffbd\",\"name\":\"michael.merz\",\"image\":{\"@type\":\"ImageObject\",\"inLanguage\":\"de\",\"@id\":\"https:\\\/\\\/secure.gravatar.com\\\/avatar\\\/?s=96&d=mm&r=g\",\"url\":\"https:\\\/\\\/secure.gravatar.com\\\/avatar\\\/?s=96&d=mm&r=g\",\"contentUrl\":\"https:\\\/\\\/secure.gravatar.com\\\/avatar\\\/?s=96&d=mm&r=g\",\"caption\":\"michael.merz\"},\"url\":\"https:\\\/\\\/www.organisator.ch\\\/de\\\/author\\\/michael-merz\\\/\"}]}<\/script>\n<!-- \/ Yoast SEO plugin. -->","yoast_head_json":{"title":"Studie: Gen Z und Millennials wollen CO2-neutral shoppen, Boomers eher nicht - Organisator","description":"Jeder dritte Schweizer m\u00f6chte den CO2-Ausstoss seiner Online-Eink\u00e4ufe gleich im Shop kompensieren k\u00f6nnen, zeigt eine neue Studie von Galaxus Digitec.","robots":{"index":"index","follow":"follow","max-snippet":"max-snippet:-1","max-image-preview":"max-image-preview:large","max-video-preview":"max-video-preview:-1"},"canonical":"https:\/\/www.organisator.ch\/de\/sustainability\/2020-05-11\/gen-z-und-millennials-wollen-co2-neutral-shoppen-boomers-eher-nicht\/","og_locale":"de_DE","og_type":"article","og_title":"Studie: Gen Z und Millennials wollen CO2-neutral shoppen, Boomers eher nicht - Organisator","og_description":"Jeder dritte Schweizer m\u00f6chte den CO2-Ausstoss seiner Online-Eink\u00e4ufe gleich im Shop kompensieren k\u00f6nnen, zeigt eine neue Studie von Galaxus Digitec.","og_url":"https:\/\/www.organisator.ch\/de\/sustainability\/2020-05-11\/gen-z-und-millennials-wollen-co2-neutral-shoppen-boomers-eher-nicht\/","og_site_name":"Organisator","article_publisher":"https:\/\/www.facebook.com\/OrganisatorFachmagazin","article_published_time":"2020-05-11T05:37:42+00:00","article_modified_time":"2022-02-09T10:09:58+00:00","og_image":[{"width":1920,"height":1280,"url":"https:\/\/www.organisator.ch\/wp-content\/uploads\/2020\/05\/Unbenannt-2.jpg","type":"image\/jpeg"}],"author":"michael.merz","twitter_card":"summary_large_image","schema":{"@context":"https:\/\/schema.org","@graph":[{"@type":"Article","@id":"https:\/\/www.organisator.ch\/sustainability\/2020-05-11\/gen-z-und-millennials-wollen-co2-neutral-shoppen-boomers-eher-nicht\/#article","isPartOf":{"@id":"https:\/\/www.organisator.ch\/sustainability\/2020-05-11\/gen-z-und-millennials-wollen-co2-neutral-shoppen-boomers-eher-nicht\/"},"author":{"name":"michael.merz","@id":"https:\/\/www.organisator.ch\/#\/schema\/person\/134708ca9321c57b0362cceb7948ffbd"},"headline":"Studie: Gen Z und Millennials wollen CO2-neutral shoppen, Boomers eher nicht","datePublished":"2020-05-11T05:37:42+00:00","dateModified":"2022-02-09T10:09:58+00:00","mainEntityOfPage":{"@id":"https:\/\/www.organisator.ch\/sustainability\/2020-05-11\/gen-z-und-millennials-wollen-co2-neutral-shoppen-boomers-eher-nicht\/"},"wordCount":527,"publisher":{"@id":"https:\/\/www.organisator.ch\/#organization"},"image":{"@id":"https:\/\/www.organisator.ch\/sustainability\/2020-05-11\/gen-z-und-millennials-wollen-co2-neutral-shoppen-boomers-eher-nicht\/#primaryimage"},"thumbnailUrl":"https:\/\/www.organisator.ch\/wp-content\/uploads\/2020\/05\/Unbenannt-2.jpg","keywords":["Co2 Kompensation","Konsum","Nachhaltige Wirtschaft","Schweiz","Studien"],"articleSection":["SUSTAINABILITY"],"inLanguage":"de"},{"@type":"WebPage","@id":"https:\/\/www.organisator.ch\/sustainability\/2020-05-11\/gen-z-und-millennials-wollen-co2-neutral-shoppen-boomers-eher-nicht\/","url":"https:\/\/www.organisator.ch\/sustainability\/2020-05-11\/gen-z-und-millennials-wollen-co2-neutral-shoppen-boomers-eher-nicht\/","name":"Studie: Gen Z und Millennials wollen CO2-neutral shoppen, Boomers eher nicht - Organisator","isPartOf":{"@id":"https:\/\/www.organisator.ch\/#website"},"primaryImageOfPage":{"@id":"https:\/\/www.organisator.ch\/sustainability\/2020-05-11\/gen-z-und-millennials-wollen-co2-neutral-shoppen-boomers-eher-nicht\/#primaryimage"},"image":{"@id":"https:\/\/www.organisator.ch\/sustainability\/2020-05-11\/gen-z-und-millennials-wollen-co2-neutral-shoppen-boomers-eher-nicht\/#primaryimage"},"thumbnailUrl":"https:\/\/www.organisator.ch\/wp-content\/uploads\/2020\/05\/Unbenannt-2.jpg","datePublished":"2020-05-11T05:37:42+00:00","dateModified":"2022-02-09T10:09:58+00:00","description":"Jeder dritte Schweizer m\u00f6chte den CO2-Ausstoss seiner Online-Eink\u00e4ufe gleich im Shop kompensieren k\u00f6nnen, zeigt eine neue Studie von Galaxus Digitec.","breadcrumb":{"@id":"https:\/\/www.organisator.ch\/sustainability\/2020-05-11\/gen-z-und-millennials-wollen-co2-neutral-shoppen-boomers-eher-nicht\/#breadcrumb"},"inLanguage":"de","potentialAction":[{"@type":"ReadAction","target":["https:\/\/www.organisator.ch\/sustainability\/2020-05-11\/gen-z-und-millennials-wollen-co2-neutral-shoppen-boomers-eher-nicht\/"]}]},{"@type":"ImageObject","inLanguage":"de","@id":"https:\/\/www.organisator.ch\/sustainability\/2020-05-11\/gen-z-und-millennials-wollen-co2-neutral-shoppen-boomers-eher-nicht\/#primaryimage","url":"https:\/\/www.organisator.ch\/wp-content\/uploads\/2020\/05\/Unbenannt-2.jpg","contentUrl":"https:\/\/www.organisator.ch\/wp-content\/uploads\/2020\/05\/Unbenannt-2.jpg","width":1920,"height":1280,"caption":"Nachhaltige Stromerzeugung: Solarpanels auf dem riesigen Warenlager von Digitec Galaxus in Wohlen AG. (Bild: Digitec Galaxus)"},{"@type":"BreadcrumbList","@id":"https:\/\/www.organisator.ch\/sustainability\/2020-05-11\/gen-z-und-millennials-wollen-co2-neutral-shoppen-boomers-eher-nicht\/#breadcrumb","itemListElement":[{"@type":"ListItem","position":1,"name":"Home","item":"https:\/\/www.organisator.ch\/"},{"@type":"ListItem","position":2,"name":"Studie: Gen Z und Millennials wollen CO2-neutral shoppen, Boomers eher nicht"}]},{"@type":"WebSite","@id":"https:\/\/www.organisator.ch\/#website","url":"https:\/\/www.organisator.ch\/","name":"Organisator","description":"Kompetent. Praxisnah. Der ORGANISATOR bereitet in 10 Ausgaben pro Jahr die wesentlichen Themen f\u00fcr F\u00fchrungskr\u00e4fte von KMU auf.","publisher":{"@id":"https:\/\/www.organisator.ch\/#organization"},"potentialAction":[{"@type":"SearchAction","target":{"@type":"EntryPoint","urlTemplate":"https:\/\/www.organisator.ch\/?s={search_term_string}"},"query-input":{"@type":"PropertyValueSpecification","valueRequired":true,"valueName":"search_term_string"}}],"inLanguage":"de"},{"@type":"Organization","@id":"https:\/\/www.organisator.ch\/#organization","name":"Organisator","url":"https:\/\/www.organisator.ch\/","logo":{"@type":"ImageObject","inLanguage":"de","@id":"https:\/\/www.organisator.ch\/#\/schema\/logo\/image\/","url":"https:\/\/www.organisator.ch\/wp-content\/uploads\/2022\/01\/Logo_Organisator_Website.png","contentUrl":"https:\/\/www.organisator.ch\/wp-content\/uploads\/2022\/01\/Logo_Organisator_Website.png","width":800,"height":77,"caption":"Organisator"},"image":{"@id":"https:\/\/www.organisator.ch\/#\/schema\/logo\/image\/"},"sameAs":["https:\/\/www.facebook.com\/OrganisatorFachmagazin","https:\/\/www.linkedin.com\/showcase\/organisator-das-magazin-fr-kmu","https:\/\/www.xing.com\/news\/pages\/organisator-ch-695","https:\/\/www.youtube.com\/channel\/UCGP2Sq0iWaZwT3BdIAQFYpw"]},{"@type":"Person","@id":"https:\/\/www.organisator.ch\/#\/schema\/person\/134708ca9321c57b0362cceb7948ffbd","name":"michael.merz","image":{"@type":"ImageObject","inLanguage":"de","@id":"https:\/\/secure.gravatar.com\/avatar\/?s=96&d=mm&r=g","url":"https:\/\/secure.gravatar.com\/avatar\/?s=96&d=mm&r=g","contentUrl":"https:\/\/secure.gravatar.com\/avatar\/?s=96&d=mm&r=g","caption":"michael.merz"},"url":"https:\/\/www.organisator.ch\/de\/author\/michael-merz\/"}]}},"_links":{"self":[{"href":"https:\/\/www.organisator.ch\/de\/wp-json\/wp\/v2\/posts\/10176","targetHints":{"allow":["GET"]}}],"collection":[{"href":"https:\/\/www.organisator.ch\/de\/wp-json\/wp\/v2\/posts"}],"about":[{"href":"https:\/\/www.organisator.ch\/de\/wp-json\/wp\/v2\/types\/post"}],"author":[{"embeddable":true,"href":"https:\/\/www.organisator.ch\/de\/wp-json\/wp\/v2\/users\/5"}],"replies":[{"embeddable":true,"href":"https:\/\/www.organisator.ch\/de\/wp-json\/wp\/v2\/comments?post=10176"}],"version-history":[{"count":1,"href":"https:\/\/www.organisator.ch\/de\/wp-json\/wp\/v2\/posts\/10176\/revisions"}],"predecessor-version":[{"id":10837,"href":"https:\/\/www.organisator.ch\/de\/wp-json\/wp\/v2\/posts\/10176\/revisions\/10837"}],"wp:featuredmedia":[{"embeddable":true,"href":"https:\/\/www.organisator.ch\/de\/wp-json\/wp\/v2\/media\/3053"}],"wp:attachment":[{"href":"https:\/\/www.organisator.ch\/de\/wp-json\/wp\/v2\/media?parent=10176"}],"wp:term":[{"taxonomy":"category","embeddable":true,"href":"https:\/\/www.organisator.ch\/de\/wp-json\/wp\/v2\/categories?post=10176"},{"taxonomy":"post_tag","embeddable":true,"href":"https:\/\/www.organisator.ch\/de\/wp-json\/wp\/v2\/tags?post=10176"}],"curies":[{"name":"wp","href":"https:\/\/api.w.org\/{rel}","templated":true}]}}