{"id":10180,"date":"2020-06-05T09:41:55","date_gmt":"2020-06-05T07:41:55","guid":{"rendered":"https:\/\/www.umweltperspektiven.ch\/?p=3095"},"modified":"2022-02-09T11:09:58","modified_gmt":"2022-02-09T10:09:58","slug":"si-opener-schutz-digitaler-menschenrechte-in-der-zeit-nach-covid-19","status":"publish","type":"post","link":"https:\/\/www.organisator.ch\/de\/sustainability\/2020-06-05\/si-opener-schutz-digitaler-menschenrechte-in-der-zeit-nach-covid-19\/","title":{"rendered":"SI Opener: Schutz digitaler Menschenrechte in der Zeit nach Covid-19"},"content":{"rendered":"<figure id=\"attachment_3116\" aria-describedby=\"caption-attachment-3116\" style=\"width: 680px\" class=\"wp-caption alignnone\"><img loading=\"lazy\" decoding=\"async\" class=\"wp-image-3116 size-medium\" src=\"\/\/www.umweltperspektiven.ch\/wp-content\/uploads\/2020\/06\/digitialit\u00e4t-menschenrechte-up-umwelt-perspektiven.jpg\" alt=\"\" width=\"680\" height=\"461\" \/><figcaption id=\"caption-attachment-3116\" class=\"wp-caption-text\">Kommunikationsunternehmen sehen sich zunehmend mit Anordnungen von Regierungen konfrontiert, die den Zugang zu ihren Diensten einschr\u00e4nken und Netzwerke st\u00f6ren wollen. (Bild: Unsplash)<\/figcaption><\/figure>\n<p>In einer Mitteilung zum SI Opener heisst es: &#8222;In der Corona-Krise \u2013 wie \u00fcbrigens bei vielen anderen grundlegenden ESG-Themen \u2013 werden digitale Menschenrechte auf den Pr\u00fcfstand gestellt. Einerseits k\u00f6nnen Apps, mit denen infizierte Personen aufgesp\u00fcrt werden k\u00f6nnen, Leben retten und zur Lockerung von Massnahmen zur Eind\u00e4mmung der Pandemie beitragen und somit der Wirtschaft helfen. Andererseits wird durch den Einsatz solcher Apps die Privatsph\u00e4re gef\u00e4hrdet, wenn man dabei nicht sorgf\u00e4ltig vorgeht.&#8220;<\/p>\n<p>Manche scheinen der Auffassung zu sein, dass die Privatsph\u00e4re f\u00fcr diesen Zweck geopfert werden sollte. AccessNow, eine f\u00fchrende gemeinn\u00fctzige Organisation auf diesem Gebiet, vertritt allerdings die Ansicht, dass starke digitale Rechte in der Tat zur Verbesserung der \u00f6ffentlichen Gesundheit beitragen k\u00f6nnen.(2)<\/p>\n<p>Robeco (siehe Box unten) teilt diese Ansicht uneingeschr\u00e4nkt. &#8222;Wenn digitale Rechte nicht in angemessener Weise gesch\u00fctzt werden, werden die Menschen Apps zum Aufsp\u00fcren von Infizierten nicht freiwillig benutzen, sodass diese Apps in diesem Fall nur dann zum Erfolg f\u00fchren, wenn ihre Nutzung verpflichtend vorgeschrieben wird. In vielen L\u00e4ndern wird man das nicht akzeptieren, und die Regierungen dieser L\u00e4nder w\u00e4ren somit nicht in der Lage, digitale Gesundheitstools erfolgreich einzusetzen.&#8220;<\/p>\n<p><strong>Probleme mit Blick auf digitale Menschenrechte<\/strong><\/p>\n<p>Es gibt aber auch andere, heisst es im SI Opener weiter, &#8222;weniger offensichtliche Probleme&#8220;. Gesundheitsdaten geh\u00f6ren zu den sensibelsten Daten, die es gibt. Datenschutz ist hier von gr\u00f6sster Wichtigkeit. Die Auswertung von Gesundheitsdaten durch die Beh\u00f6rden kann erforderlich sein, um auf den massiven Ausbruch einer Infektionskrankheit zu reagieren. Ein schlechter Umgang mit diesen Daten kann jedoch zu Misstrauen und dazu f\u00fchren, dass von digitalen Gesundheitstools weniger Gebrauch gemacht wird.<\/p>\n<p>Ein weiteres wichtiges Thema ist die \u00dcberwachung. Manche Regierungen nutzen die Krise m\u00f6glicherweise, um in grossem Umfang \u00dcberwachungstools zu installieren, was als kontrovers angesehen werden k\u00f6nnte. Zum Beispiel spielt die Gesichtserkennung bei der \u00dcberwachung und Kontrolle der Bewegungen von Personen in der Corona-Krise bereits eine grosse Rolle. China macht hiervon Gebrauch, um Infizierte aufzusp\u00fcren und Personen zu identifizieren, die keine Masken tragen.<\/p>\n<p>In Moskau nutzen die Beh\u00f6rden Berichten zufolge \u00dcberwachungskameras und Systeme zur Gesichtserkennung und Standortbestimmung, um Quarant\u00e4ne-Vorschriften durchzusetzen und Infizierte und deren Familienangeh\u00f6rige aufzusp\u00fcren.(3)\u00a0 Auch wenn uns bewusst ist, dass Individualismus in westlichen L\u00e4ndern einen h\u00f6heren Stellenwert hat als anderswo, bringen diese Praktiken unserer Meinung nach die Gefahr einer ernstlichen Verletzung des grundlegenden Menschenrechts auf Privatsph\u00e4re mit sich \u2013 ohne klaren gesellschaftlichen Nutzen.<\/p>\n<p><strong>Zensur und Verbreitung falscher Informationen<\/strong><\/p>\n<p>IT- und Telekommunikationsunternehmen sehen sich \u00fcberall auf der Welt zunehmend mit Anordnungen von Regierungen konfrontiert, die den Zugang zu ihren Diensten einschr\u00e4nken und Netzwerke st\u00f6ren wollen. Solche St\u00f6rungen haben Einschr\u00e4nkungen des international anerkannten Rechts auf freie Meinungs\u00e4usserung, die Unterbindung des Zugangs zu Notfalldiensten, Zahlungsverkehrs- und Gesundheitsleistungen sowie die Beschr\u00e4nkung von Kontakten zu Familienmitgliedern und Freunden zur Folge.<\/p>\n<p>In einigen F\u00e4llen sind solche Anordnungen mit einem zus\u00e4tzlichen Risiko von Menschenrechtsverletzungen verbunden, wenn dadurch im Vorfeld von Wahlen der freie Informationsfluss behindert wird oder wenn die Anordnungen auf bestimmte Regionen, Bezirke oder ethnische Gruppen abzielen. In der jetzigen Krise erleben wir, dass die Beh\u00f6rden in China, im Iran und sogar in den USA versuchen, von Journalisten und Gesundheitsexperten in den sozialen Medien verbreitete Informationen zu kontrollieren.<\/p>\n<p>Wir erleben aber auch, dass sehr viele falsche Informationen verbreitet werden wie z. B., dass man die Luft anhalten sollte, um zu pr\u00fcfen, ob man infiziert ist, oder die Empfehlung verschiedenster Medikamente, die als L\u00f6sung f\u00fcr die Corona-Pandemie angepriesen werden. Als Reaktion hierauf verweisen grosse Plattformen wie Facebook, Google und Twitter Verbraucher auf verl\u00e4ssliche Informationsquellen wie die Gesundheitsbeh\u00f6rden.<\/p>\n<p><strong>Was k\u00f6nnen Unternehmen tun?<\/strong><\/p>\n<p>Wenn ein guter Regulierungsrahmen fehlt, bringen digitale Menschenrechte unserer \u00dcberzeugung nach f\u00fcr die Unternehmen, in die wir investieren, Risiken mit sich. Den Datenschutz, die Cybersicherheit und gesellschaftliche Auswirkungen von KI betreffende Risiken k\u00f6nnen sich sehr nachteilig auf ihr Gesch\u00e4ft auswirken. Daher k\u00f6nnen sich Unternehmen durch einen vorbildlichen Umgang mit diesen Themen von anderen abheben.<\/p>\n<p>Im Rahmen unseres auf Fundamentaldaten beruhenden Investmentprozesses analysiert Robeco deshalb systematisch, wie Unternehmen mit diesen Themen umgehen. Um die diesbez\u00fcglichen Risiken zu bewerten, untersuchen sie nicht nur die St\u00e4rke der redaktionellen und die Informationssicherheit betreffenden Richtlinien von Unternehmen, sondern auch die Vorgehensweise und Ergebnisse, wenn es um Verst\u00f6sse und Bussgelder geht. Manche Unternehmen handeln in Bezug auf diese Ergebnisse auch transparenter als andere.<\/p>\n<p>Wir verbinden diese Analyse mit anderen wesentlichen Aspekten wie der Unternehmensf\u00fchrung und der Personalpolitik, um die Auswirkungen auf die Werttreiber von Unternehmen in diesen Sektoren zu beurteilen. Risiken in Bezug auf den Datenschutz und die Cybersicherheit sowie gesellschaftliche Risiken mit Blick auf KI lassen sich hinsichtlich ihrer Auswirkungen auf Umsatzerl\u00f6se und Kostenfaktoren oft nur schwer quantifizieren. Auf Basis unserer Analyse passen wir daher in erster Linie unsere Zahl f\u00fcr die Kapitalkosten eines Unternehmens an, um einen Sch\u00e4tzwert f\u00fcr Reputationsrisiken, rechtliche und gesch\u00e4ftliche Risiken zu bekommen.<\/p>\n<p><strong>Die Spitze des Eisbergs<\/strong><\/p>\n<p>Bei unserer Investmentanalyse und unserer aktiven Einflussnahme auf Unternehmen konzentriert sich Robeco auf unmittelbar bevorstehende Risiken und Herausforderungen wie Diskriminierung oder Datenschutzverst\u00f6sse infolge des Aufbaus von Algorithmen. Wir schauen auch auf die Effektivit\u00e4t der Unternehmensf\u00fchrung in Bezug auf digitale Menschenrechte und ihre Auswirkungen auf das Humankapital, aber auch auf die Chancen, die KI bietet. Alle diese Aspekte sind f\u00fcr den finanziellen Erfolg eines Unternehmens von wesentlicher Bedeutung.<\/p>\n<p>Robeco im SI Opener abschliessend mit einem Commitment, welches viel verspricht: &#8222;Wir bitten Unternehmen, entsprechende Kenntnisse auf Vorstandsebene zu erwerben und belastbare Richtlinien und Prozesse festzulegen, die in unserer zunehmend digitalisierten Welt f\u00fcr die Einhaltung von Menschenrechten sorgen. Wir bitten sie auch um Transparenz, wenn Probleme oder Verst\u00f6sse festgestellt werden. Um keine Zweifel aufkommen zu lassen: Nat\u00fcrlich ist eine App, die helfen k\u00f6nnte, Covid-19-F\u00e4lle aufzusp\u00fcren und die Ausbreitung des Coronavirus einzud\u00e4mmen, eine gute Idee. Ihr Erfolg h\u00e4ngt aber davon ab, wie gut die Menschenrechte gesch\u00fctzt werden.&#8220;<\/p>\n<p><a href=\"\/\/voxia.ch\/wp-content\/uploads\/2020\/06\/SI-Opener-Protecting-digital-human-rights-in-the-post-Covid-19-era-May-2020.pdf\">Link zur originalen PDF-Version des SI Opener&#8217;s #1<\/a><\/p>\n<p>&nbsp;<\/p>\n<p><em>Hintergrund-Infromationen zum SI Opener:<\/em><\/p>\n<p><em>Wie bei allen sich rasch entwickelnden Trends bringt das Fehlen eines soliden Regulierungsrahmens neue Risiken und Chancen f\u00fcr alle Beteiligten mit sich. Wir bei Robeco haben schon vor vielen Jahren erkannt, dass der Datenschutz f\u00fcr Internet- und Telekommunikationsunternehmen ein wesentliches Gesch\u00e4ftsrisiko darstellt. Die Gesch\u00e4ftsmodelle einiger Unternehmen basieren vollst\u00e4ndig darauf, Daten \u00fcber Verbraucher zu sammeln, zu nutzen oder zu verkaufen. Cybersicherheit und die mit K\u00fcnstlicher Intelligenz (KI) verbundenen gesellschaftlichen Risiken sind deshalb Punkte, die wir in den Fokus stellen, wenn es um digitale Menschenrechte geht.<\/em><\/p>\n<p><em>Nach unserer \u00dcberzeugung ist Sustainable Investing nicht schwarz-weiss. Und es geht dabei auch nicht um Schnellsch\u00fcsse oder einfache Antworten. Wir sind ausserdem der Meinung, dass einige g\u00e4ngige Annahmen \u00fcber Sustainable Investing falsch sein k\u00f6nnten. Deshalb nutzen wir bei Robeco gern unsere f\u00fchrende Stellung auf diesem Gebiet, um Anleger \u00fcber Sustainable Investing zu informieren. In unserer neuen Artikelserie unter dem Titel \u201eSI Opener\u201c besch\u00e4ftigen wir uns mit \u00fcberraschenden Aspekten, die Sustainable Investing und den menschlichen Fortschritt betreffen. Den Anfang macht die digitale Bedrohung von Privatsph\u00e4re und Menschenrechten. Mit dieser Serie m\u00f6chten wir darauf aufmerksam machen, dass Sustainable Investing ein komplexes Thema ist und man viel Fachwissen und Erfahrung braucht, um hier die richtigen Anlageentscheidungen zu treffen. \u00a0<\/em><\/p>\n<p><em>Quellen:<\/em><\/p>\n<p><em>1) Quelle:<a href=\"\/\/techjury.net\/stats-about\/big-data-statistics\/#gref\"> https:\/\/techjury.net\/stats-about\/big-data-statistics\/#gref<\/a><\/em><\/p>\n<p><em>2) Quelle: <a href=\"\/\/www.accessnow.org\/protect-digital-rights-promote-public-health-towards-a-better-coronavirus-response\/\">https:\/\/www.accessnow.org\/protect-digital-rights-promote-public-health-towards-a-better-coronavirus-response\/<\/a><\/em><\/p>\n<p><em>3) Quelle: <a href=\"\/\/www.accessnow.org\">AccessNow.org<\/a><\/em><\/p>\n","protected":false},"excerpt":{"rendered":"<p>In einer Mitteilung zum SI Opener heisst es: &#8222;In der Corona-Krise \u2013 wie \u00fcbrigens bei vielen anderen grundlegenden ESG-Themen \u2013 werden digitale Menschenrechte auf den Pr\u00fcfstand gestellt. Einerseits k\u00f6nnen Apps, mit denen infizierte Personen aufgesp\u00fcrt werden k\u00f6nnen, Leben retten und zur Lockerung von Massnahmen zur Eind\u00e4mmung der Pandemie beitragen und somit der Wirtschaft helfen. Andererseits [&hellip;]<\/p>\n","protected":false},"author":5,"featured_media":3116,"comment_status":"closed","ping_status":"closed","sticky":false,"template":"","format":"standard","meta":{"_acf_changed":false,"_yoast_wpseo_focuskw":"SI Opener","_yoast_wpseo_metadesc":"Im SI Opener heisst es: \"Die Menge digitaler Daten kann ernsthafte Probleme in Bezug auf Datenschutz und Menschenrechte verursachen.","articlekey":"","footnotes":""},"categories":[580],"tags":[131,953,157,1443,1687,1948],"class_list":["post-10180","post","type-post","status-publish","format-standard","has-post-thumbnail","hentry","category-sustainability","tag-corona-krise","tag-covid-19","tag-digitalitaet","tag-investments","tag-menschenrechte","tag-privat-sphaere"],"acf":[],"yoast_head":"<!-- This site is optimized with the Yoast SEO plugin v27.4 - https:\/\/yoast.com\/product\/yoast-seo-wordpress\/ -->\n<title>SI Opener: Schutz digitaler Menschenrechte in der Zeit nach Covid-19 - Organisator<\/title>\n<meta name=\"description\" content=\"Im SI Opener heisst es: &quot;Die Menge digitaler Daten kann ernsthafte Probleme in Bezug auf Datenschutz und Menschenrechte verursachen.\" \/>\n<meta name=\"robots\" content=\"index, follow, max-snippet:-1, max-image-preview:large, max-video-preview:-1\" \/>\n<link rel=\"canonical\" href=\"https:\/\/www.organisator.ch\/de\/sustainability\/2020-06-05\/si-opener-schutz-digitaler-menschenrechte-in-der-zeit-nach-covid-19\/\" \/>\n<meta property=\"og:locale\" content=\"de_DE\" \/>\n<meta property=\"og:type\" content=\"article\" \/>\n<meta property=\"og:title\" content=\"SI Opener: Schutz digitaler Menschenrechte in der Zeit nach Covid-19 - Organisator\" \/>\n<meta property=\"og:description\" content=\"Im SI Opener heisst es: &quot;Die Menge digitaler Daten kann ernsthafte Probleme in Bezug auf Datenschutz und Menschenrechte verursachen.\" \/>\n<meta property=\"og:url\" content=\"https:\/\/www.organisator.ch\/de\/sustainability\/2020-06-05\/si-opener-schutz-digitaler-menschenrechte-in-der-zeit-nach-covid-19\/\" \/>\n<meta property=\"og:site_name\" content=\"Organisator\" \/>\n<meta property=\"article:publisher\" content=\"https:\/\/www.facebook.com\/OrganisatorFachmagazin\" \/>\n<meta property=\"article:published_time\" content=\"2020-06-05T07:41:55+00:00\" \/>\n<meta property=\"article:modified_time\" content=\"2022-02-09T10:09:58+00:00\" \/>\n<meta property=\"og:image\" content=\"https:\/\/www.organisator.ch\/wp-content\/uploads\/2020\/06\/digitialitaet-menschenrechte-up-umwelt-perspektiven-scaled.jpg\" \/>\n\t<meta property=\"og:image:width\" content=\"2560\" \/>\n\t<meta property=\"og:image:height\" content=\"1736\" \/>\n\t<meta property=\"og:image:type\" content=\"image\/jpeg\" \/>\n<meta name=\"author\" content=\"michael.merz\" \/>\n<meta name=\"twitter:card\" content=\"summary_large_image\" \/>\n<script type=\"application\/ld+json\" class=\"yoast-schema-graph\">{\"@context\":\"https:\\\/\\\/schema.org\",\"@graph\":[{\"@type\":\"Article\",\"@id\":\"https:\\\/\\\/www.organisator.ch\\\/sustainability\\\/2020-06-05\\\/si-opener-schutz-digitaler-menschenrechte-in-der-zeit-nach-covid-19\\\/#article\",\"isPartOf\":{\"@id\":\"https:\\\/\\\/www.organisator.ch\\\/sustainability\\\/2020-06-05\\\/si-opener-schutz-digitaler-menschenrechte-in-der-zeit-nach-covid-19\\\/\"},\"author\":{\"name\":\"michael.merz\",\"@id\":\"https:\\\/\\\/www.organisator.ch\\\/#\\\/schema\\\/person\\\/134708ca9321c57b0362cceb7948ffbd\"},\"headline\":\"SI Opener: Schutz digitaler Menschenrechte in der Zeit nach Covid-19\",\"datePublished\":\"2020-06-05T07:41:55+00:00\",\"dateModified\":\"2022-02-09T10:09:58+00:00\",\"mainEntityOfPage\":{\"@id\":\"https:\\\/\\\/www.organisator.ch\\\/sustainability\\\/2020-06-05\\\/si-opener-schutz-digitaler-menschenrechte-in-der-zeit-nach-covid-19\\\/\"},\"wordCount\":1284,\"publisher\":{\"@id\":\"https:\\\/\\\/www.organisator.ch\\\/#organization\"},\"image\":{\"@id\":\"https:\\\/\\\/www.organisator.ch\\\/sustainability\\\/2020-06-05\\\/si-opener-schutz-digitaler-menschenrechte-in-der-zeit-nach-covid-19\\\/#primaryimage\"},\"thumbnailUrl\":\"https:\\\/\\\/www.organisator.ch\\\/wp-content\\\/uploads\\\/2020\\\/06\\\/digitialitaet-menschenrechte-up-umwelt-perspektiven-scaled.jpg\",\"keywords\":[\"Corona-Krise\",\"Covid-19\",\"Digitalit\u00e4t\",\"Investments\",\"Menschenrechte\",\"Privat Sph\u00e4re\"],\"articleSection\":[\"SUSTAINABILITY\"],\"inLanguage\":\"de\"},{\"@type\":\"WebPage\",\"@id\":\"https:\\\/\\\/www.organisator.ch\\\/sustainability\\\/2020-06-05\\\/si-opener-schutz-digitaler-menschenrechte-in-der-zeit-nach-covid-19\\\/\",\"url\":\"https:\\\/\\\/www.organisator.ch\\\/sustainability\\\/2020-06-05\\\/si-opener-schutz-digitaler-menschenrechte-in-der-zeit-nach-covid-19\\\/\",\"name\":\"SI Opener: Schutz digitaler Menschenrechte in der Zeit nach Covid-19 - Organisator\",\"isPartOf\":{\"@id\":\"https:\\\/\\\/www.organisator.ch\\\/#website\"},\"primaryImageOfPage\":{\"@id\":\"https:\\\/\\\/www.organisator.ch\\\/sustainability\\\/2020-06-05\\\/si-opener-schutz-digitaler-menschenrechte-in-der-zeit-nach-covid-19\\\/#primaryimage\"},\"image\":{\"@id\":\"https:\\\/\\\/www.organisator.ch\\\/sustainability\\\/2020-06-05\\\/si-opener-schutz-digitaler-menschenrechte-in-der-zeit-nach-covid-19\\\/#primaryimage\"},\"thumbnailUrl\":\"https:\\\/\\\/www.organisator.ch\\\/wp-content\\\/uploads\\\/2020\\\/06\\\/digitialitaet-menschenrechte-up-umwelt-perspektiven-scaled.jpg\",\"datePublished\":\"2020-06-05T07:41:55+00:00\",\"dateModified\":\"2022-02-09T10:09:58+00:00\",\"description\":\"Im SI Opener heisst es: \\\"Die Menge digitaler Daten kann ernsthafte Probleme in Bezug auf Datenschutz und Menschenrechte verursachen.\",\"breadcrumb\":{\"@id\":\"https:\\\/\\\/www.organisator.ch\\\/sustainability\\\/2020-06-05\\\/si-opener-schutz-digitaler-menschenrechte-in-der-zeit-nach-covid-19\\\/#breadcrumb\"},\"inLanguage\":\"de\",\"potentialAction\":[{\"@type\":\"ReadAction\",\"target\":[\"https:\\\/\\\/www.organisator.ch\\\/sustainability\\\/2020-06-05\\\/si-opener-schutz-digitaler-menschenrechte-in-der-zeit-nach-covid-19\\\/\"]}]},{\"@type\":\"ImageObject\",\"inLanguage\":\"de\",\"@id\":\"https:\\\/\\\/www.organisator.ch\\\/sustainability\\\/2020-06-05\\\/si-opener-schutz-digitaler-menschenrechte-in-der-zeit-nach-covid-19\\\/#primaryimage\",\"url\":\"https:\\\/\\\/www.organisator.ch\\\/wp-content\\\/uploads\\\/2020\\\/06\\\/digitialitaet-menschenrechte-up-umwelt-perspektiven-scaled.jpg\",\"contentUrl\":\"https:\\\/\\\/www.organisator.ch\\\/wp-content\\\/uploads\\\/2020\\\/06\\\/digitialitaet-menschenrechte-up-umwelt-perspektiven-scaled.jpg\",\"width\":2560,\"height\":1736},{\"@type\":\"BreadcrumbList\",\"@id\":\"https:\\\/\\\/www.organisator.ch\\\/sustainability\\\/2020-06-05\\\/si-opener-schutz-digitaler-menschenrechte-in-der-zeit-nach-covid-19\\\/#breadcrumb\",\"itemListElement\":[{\"@type\":\"ListItem\",\"position\":1,\"name\":\"Home\",\"item\":\"https:\\\/\\\/www.organisator.ch\\\/\"},{\"@type\":\"ListItem\",\"position\":2,\"name\":\"SI Opener: Schutz digitaler Menschenrechte in der Zeit nach Covid-19\"}]},{\"@type\":\"WebSite\",\"@id\":\"https:\\\/\\\/www.organisator.ch\\\/#website\",\"url\":\"https:\\\/\\\/www.organisator.ch\\\/\",\"name\":\"Organisator\",\"description\":\"Kompetent. Praxisnah. Der ORGANISATOR bereitet in 10 Ausgaben pro Jahr die wesentlichen Themen f\u00fcr F\u00fchrungskr\u00e4fte von KMU auf.\",\"publisher\":{\"@id\":\"https:\\\/\\\/www.organisator.ch\\\/#organization\"},\"potentialAction\":[{\"@type\":\"SearchAction\",\"target\":{\"@type\":\"EntryPoint\",\"urlTemplate\":\"https:\\\/\\\/www.organisator.ch\\\/?s={search_term_string}\"},\"query-input\":{\"@type\":\"PropertyValueSpecification\",\"valueRequired\":true,\"valueName\":\"search_term_string\"}}],\"inLanguage\":\"de\"},{\"@type\":\"Organization\",\"@id\":\"https:\\\/\\\/www.organisator.ch\\\/#organization\",\"name\":\"Organisator\",\"url\":\"https:\\\/\\\/www.organisator.ch\\\/\",\"logo\":{\"@type\":\"ImageObject\",\"inLanguage\":\"de\",\"@id\":\"https:\\\/\\\/www.organisator.ch\\\/#\\\/schema\\\/logo\\\/image\\\/\",\"url\":\"https:\\\/\\\/www.organisator.ch\\\/wp-content\\\/uploads\\\/2022\\\/01\\\/Logo_Organisator_Website.png\",\"contentUrl\":\"https:\\\/\\\/www.organisator.ch\\\/wp-content\\\/uploads\\\/2022\\\/01\\\/Logo_Organisator_Website.png\",\"width\":800,\"height\":77,\"caption\":\"Organisator\"},\"image\":{\"@id\":\"https:\\\/\\\/www.organisator.ch\\\/#\\\/schema\\\/logo\\\/image\\\/\"},\"sameAs\":[\"https:\\\/\\\/www.facebook.com\\\/OrganisatorFachmagazin\",\"https:\\\/\\\/www.linkedin.com\\\/showcase\\\/organisator-das-magazin-fr-kmu\",\"https:\\\/\\\/www.xing.com\\\/news\\\/pages\\\/organisator-ch-695\",\"https:\\\/\\\/www.youtube.com\\\/channel\\\/UCGP2Sq0iWaZwT3BdIAQFYpw\"]},{\"@type\":\"Person\",\"@id\":\"https:\\\/\\\/www.organisator.ch\\\/#\\\/schema\\\/person\\\/134708ca9321c57b0362cceb7948ffbd\",\"name\":\"michael.merz\",\"image\":{\"@type\":\"ImageObject\",\"inLanguage\":\"de\",\"@id\":\"https:\\\/\\\/secure.gravatar.com\\\/avatar\\\/?s=96&d=mm&r=g\",\"url\":\"https:\\\/\\\/secure.gravatar.com\\\/avatar\\\/?s=96&d=mm&r=g\",\"contentUrl\":\"https:\\\/\\\/secure.gravatar.com\\\/avatar\\\/?s=96&d=mm&r=g\",\"caption\":\"michael.merz\"},\"url\":\"https:\\\/\\\/www.organisator.ch\\\/de\\\/author\\\/michael-merz\\\/\"}]}<\/script>\n<!-- \/ Yoast SEO plugin. -->","yoast_head_json":{"title":"SI Opener: Schutz digitaler Menschenrechte in der Zeit nach Covid-19 - Organisator","description":"Im SI Opener heisst es: \"Die Menge digitaler Daten kann ernsthafte Probleme in Bezug auf Datenschutz und Menschenrechte verursachen.","robots":{"index":"index","follow":"follow","max-snippet":"max-snippet:-1","max-image-preview":"max-image-preview:large","max-video-preview":"max-video-preview:-1"},"canonical":"https:\/\/www.organisator.ch\/de\/sustainability\/2020-06-05\/si-opener-schutz-digitaler-menschenrechte-in-der-zeit-nach-covid-19\/","og_locale":"de_DE","og_type":"article","og_title":"SI Opener: Schutz digitaler Menschenrechte in der Zeit nach Covid-19 - Organisator","og_description":"Im SI Opener heisst es: \"Die Menge digitaler Daten kann ernsthafte Probleme in Bezug auf Datenschutz und Menschenrechte verursachen.","og_url":"https:\/\/www.organisator.ch\/de\/sustainability\/2020-06-05\/si-opener-schutz-digitaler-menschenrechte-in-der-zeit-nach-covid-19\/","og_site_name":"Organisator","article_publisher":"https:\/\/www.facebook.com\/OrganisatorFachmagazin","article_published_time":"2020-06-05T07:41:55+00:00","article_modified_time":"2022-02-09T10:09:58+00:00","og_image":[{"width":2560,"height":1736,"url":"https:\/\/www.organisator.ch\/wp-content\/uploads\/2020\/06\/digitialitaet-menschenrechte-up-umwelt-perspektiven-scaled.jpg","type":"image\/jpeg"}],"author":"michael.merz","twitter_card":"summary_large_image","schema":{"@context":"https:\/\/schema.org","@graph":[{"@type":"Article","@id":"https:\/\/www.organisator.ch\/sustainability\/2020-06-05\/si-opener-schutz-digitaler-menschenrechte-in-der-zeit-nach-covid-19\/#article","isPartOf":{"@id":"https:\/\/www.organisator.ch\/sustainability\/2020-06-05\/si-opener-schutz-digitaler-menschenrechte-in-der-zeit-nach-covid-19\/"},"author":{"name":"michael.merz","@id":"https:\/\/www.organisator.ch\/#\/schema\/person\/134708ca9321c57b0362cceb7948ffbd"},"headline":"SI Opener: Schutz digitaler Menschenrechte in der Zeit nach Covid-19","datePublished":"2020-06-05T07:41:55+00:00","dateModified":"2022-02-09T10:09:58+00:00","mainEntityOfPage":{"@id":"https:\/\/www.organisator.ch\/sustainability\/2020-06-05\/si-opener-schutz-digitaler-menschenrechte-in-der-zeit-nach-covid-19\/"},"wordCount":1284,"publisher":{"@id":"https:\/\/www.organisator.ch\/#organization"},"image":{"@id":"https:\/\/www.organisator.ch\/sustainability\/2020-06-05\/si-opener-schutz-digitaler-menschenrechte-in-der-zeit-nach-covid-19\/#primaryimage"},"thumbnailUrl":"https:\/\/www.organisator.ch\/wp-content\/uploads\/2020\/06\/digitialitaet-menschenrechte-up-umwelt-perspektiven-scaled.jpg","keywords":["Corona-Krise","Covid-19","Digitalit\u00e4t","Investments","Menschenrechte","Privat Sph\u00e4re"],"articleSection":["SUSTAINABILITY"],"inLanguage":"de"},{"@type":"WebPage","@id":"https:\/\/www.organisator.ch\/sustainability\/2020-06-05\/si-opener-schutz-digitaler-menschenrechte-in-der-zeit-nach-covid-19\/","url":"https:\/\/www.organisator.ch\/sustainability\/2020-06-05\/si-opener-schutz-digitaler-menschenrechte-in-der-zeit-nach-covid-19\/","name":"SI Opener: Schutz digitaler Menschenrechte in der Zeit nach Covid-19 - Organisator","isPartOf":{"@id":"https:\/\/www.organisator.ch\/#website"},"primaryImageOfPage":{"@id":"https:\/\/www.organisator.ch\/sustainability\/2020-06-05\/si-opener-schutz-digitaler-menschenrechte-in-der-zeit-nach-covid-19\/#primaryimage"},"image":{"@id":"https:\/\/www.organisator.ch\/sustainability\/2020-06-05\/si-opener-schutz-digitaler-menschenrechte-in-der-zeit-nach-covid-19\/#primaryimage"},"thumbnailUrl":"https:\/\/www.organisator.ch\/wp-content\/uploads\/2020\/06\/digitialitaet-menschenrechte-up-umwelt-perspektiven-scaled.jpg","datePublished":"2020-06-05T07:41:55+00:00","dateModified":"2022-02-09T10:09:58+00:00","description":"Im SI Opener heisst es: \"Die Menge digitaler Daten kann ernsthafte Probleme in Bezug auf Datenschutz und Menschenrechte verursachen.","breadcrumb":{"@id":"https:\/\/www.organisator.ch\/sustainability\/2020-06-05\/si-opener-schutz-digitaler-menschenrechte-in-der-zeit-nach-covid-19\/#breadcrumb"},"inLanguage":"de","potentialAction":[{"@type":"ReadAction","target":["https:\/\/www.organisator.ch\/sustainability\/2020-06-05\/si-opener-schutz-digitaler-menschenrechte-in-der-zeit-nach-covid-19\/"]}]},{"@type":"ImageObject","inLanguage":"de","@id":"https:\/\/www.organisator.ch\/sustainability\/2020-06-05\/si-opener-schutz-digitaler-menschenrechte-in-der-zeit-nach-covid-19\/#primaryimage","url":"https:\/\/www.organisator.ch\/wp-content\/uploads\/2020\/06\/digitialitaet-menschenrechte-up-umwelt-perspektiven-scaled.jpg","contentUrl":"https:\/\/www.organisator.ch\/wp-content\/uploads\/2020\/06\/digitialitaet-menschenrechte-up-umwelt-perspektiven-scaled.jpg","width":2560,"height":1736},{"@type":"BreadcrumbList","@id":"https:\/\/www.organisator.ch\/sustainability\/2020-06-05\/si-opener-schutz-digitaler-menschenrechte-in-der-zeit-nach-covid-19\/#breadcrumb","itemListElement":[{"@type":"ListItem","position":1,"name":"Home","item":"https:\/\/www.organisator.ch\/"},{"@type":"ListItem","position":2,"name":"SI Opener: Schutz digitaler Menschenrechte in der Zeit nach Covid-19"}]},{"@type":"WebSite","@id":"https:\/\/www.organisator.ch\/#website","url":"https:\/\/www.organisator.ch\/","name":"Organisator","description":"Kompetent. Praxisnah. Der ORGANISATOR bereitet in 10 Ausgaben pro Jahr die wesentlichen Themen f\u00fcr F\u00fchrungskr\u00e4fte von KMU auf.","publisher":{"@id":"https:\/\/www.organisator.ch\/#organization"},"potentialAction":[{"@type":"SearchAction","target":{"@type":"EntryPoint","urlTemplate":"https:\/\/www.organisator.ch\/?s={search_term_string}"},"query-input":{"@type":"PropertyValueSpecification","valueRequired":true,"valueName":"search_term_string"}}],"inLanguage":"de"},{"@type":"Organization","@id":"https:\/\/www.organisator.ch\/#organization","name":"Organisator","url":"https:\/\/www.organisator.ch\/","logo":{"@type":"ImageObject","inLanguage":"de","@id":"https:\/\/www.organisator.ch\/#\/schema\/logo\/image\/","url":"https:\/\/www.organisator.ch\/wp-content\/uploads\/2022\/01\/Logo_Organisator_Website.png","contentUrl":"https:\/\/www.organisator.ch\/wp-content\/uploads\/2022\/01\/Logo_Organisator_Website.png","width":800,"height":77,"caption":"Organisator"},"image":{"@id":"https:\/\/www.organisator.ch\/#\/schema\/logo\/image\/"},"sameAs":["https:\/\/www.facebook.com\/OrganisatorFachmagazin","https:\/\/www.linkedin.com\/showcase\/organisator-das-magazin-fr-kmu","https:\/\/www.xing.com\/news\/pages\/organisator-ch-695","https:\/\/www.youtube.com\/channel\/UCGP2Sq0iWaZwT3BdIAQFYpw"]},{"@type":"Person","@id":"https:\/\/www.organisator.ch\/#\/schema\/person\/134708ca9321c57b0362cceb7948ffbd","name":"michael.merz","image":{"@type":"ImageObject","inLanguage":"de","@id":"https:\/\/secure.gravatar.com\/avatar\/?s=96&d=mm&r=g","url":"https:\/\/secure.gravatar.com\/avatar\/?s=96&d=mm&r=g","contentUrl":"https:\/\/secure.gravatar.com\/avatar\/?s=96&d=mm&r=g","caption":"michael.merz"},"url":"https:\/\/www.organisator.ch\/de\/author\/michael-merz\/"}]}},"_links":{"self":[{"href":"https:\/\/www.organisator.ch\/de\/wp-json\/wp\/v2\/posts\/10180","targetHints":{"allow":["GET"]}}],"collection":[{"href":"https:\/\/www.organisator.ch\/de\/wp-json\/wp\/v2\/posts"}],"about":[{"href":"https:\/\/www.organisator.ch\/de\/wp-json\/wp\/v2\/types\/post"}],"author":[{"embeddable":true,"href":"https:\/\/www.organisator.ch\/de\/wp-json\/wp\/v2\/users\/5"}],"replies":[{"embeddable":true,"href":"https:\/\/www.organisator.ch\/de\/wp-json\/wp\/v2\/comments?post=10180"}],"version-history":[{"count":1,"href":"https:\/\/www.organisator.ch\/de\/wp-json\/wp\/v2\/posts\/10180\/revisions"}],"predecessor-version":[{"id":10834,"href":"https:\/\/www.organisator.ch\/de\/wp-json\/wp\/v2\/posts\/10180\/revisions\/10834"}],"wp:featuredmedia":[{"embeddable":true,"href":"https:\/\/www.organisator.ch\/de\/wp-json\/wp\/v2\/media\/3116"}],"wp:attachment":[{"href":"https:\/\/www.organisator.ch\/de\/wp-json\/wp\/v2\/media?parent=10180"}],"wp:term":[{"taxonomy":"category","embeddable":true,"href":"https:\/\/www.organisator.ch\/de\/wp-json\/wp\/v2\/categories?post=10180"},{"taxonomy":"post_tag","embeddable":true,"href":"https:\/\/www.organisator.ch\/de\/wp-json\/wp\/v2\/tags?post=10180"}],"curies":[{"name":"wp","href":"https:\/\/api.w.org\/{rel}","templated":true}]}}