{"id":10186,"date":"2020-06-17T12:41:59","date_gmt":"2020-06-17T10:41:59","guid":{"rendered":"https:\/\/www.umweltperspektiven.ch\/?p=3154"},"modified":"2022-08-02T14:58:03","modified_gmt":"2022-08-02T12:58:03","slug":"plastik-recycling-migros-startet-offensive","status":"publish","type":"post","link":"https:\/\/www.organisator.ch\/de\/sustainability\/2020-06-17\/plastik-recycling-migros-startet-offensive\/","title":{"rendered":"Plastik-Recycling: Migros startet Offensive"},"content":{"rendered":"<section>\n<figure id=\"attachment_3155\" aria-describedby=\"caption-attachment-3155\" style=\"width: 680px\" class=\"wp-caption alignnone\"><img loading=\"lazy\" decoding=\"async\" class=\"wp-image-3155 size-medium\" src=\"\/\/www.umweltperspektiven.ch\/wp-content\/uploads\/2020\/06\/Migros_Sammelsack_UP_Umweltperspektiven.jpg\" alt=\"Plastik\" width=\"680\" height=\"468\" srcset=\"https:\/\/www.organisator.ch\/wp-content\/uploads\/2020\/06\/Migros_Sammelsack_UP_Umweltperspektiven.jpg 1200w, https:\/\/www.organisator.ch\/wp-content\/uploads\/2020\/06\/Migros_Sammelsack_UP_Umweltperspektiven-680x468.jpg 680w, https:\/\/www.organisator.ch\/wp-content\/uploads\/2020\/06\/Migros_Sammelsack_UP_Umweltperspektiven-1024x704.jpg 1024w, https:\/\/www.organisator.ch\/wp-content\/uploads\/2020\/06\/Migros_Sammelsack_UP_Umweltperspektiven-768x528.jpg 768w, https:\/\/www.organisator.ch\/wp-content\/uploads\/2020\/06\/Migros_Sammelsack_UP_Umweltperspektiven-18x12.jpg 18w, https:\/\/www.organisator.ch\/wp-content\/uploads\/2020\/06\/Migros_Sammelsack_UP_Umweltperspektiven-255x175.jpg 255w, https:\/\/www.organisator.ch\/wp-content\/uploads\/2020\/06\/Migros_Sammelsack_UP_Umweltperspektiven-509x350.jpg 509w, https:\/\/www.organisator.ch\/wp-content\/uploads\/2020\/06\/Migros_Sammelsack_UP_Umweltperspektiven-1164x800.jpg 1164w, https:\/\/www.organisator.ch\/wp-content\/uploads\/2020\/06\/Migros_Sammelsack_UP_Umweltperspektiven-920x633.jpg 920w, https:\/\/www.organisator.ch\/wp-content\/uploads\/2020\/06\/Migros_Sammelsack_UP_Umweltperspektiven-300x206.jpg 300w\" sizes=\"auto, (max-width: 680px) 100vw, 680px\" \/><figcaption id=\"caption-attachment-3155\" class=\"wp-caption-text\">In der Schweiz werden j\u00e4hrlich eine\u00a0Million Tonnen Kunststoffe\u00a0verbraucht. Das entspricht\u00a0125 Kilogramm pro Kopf. 80 Prozent der Abf\u00e4lle landeten bisher in der Kehrichtverbrennungsanlage. (Bild: zVg)<\/figcaption><\/figure>\n<p class=\"nau-t-typography-display-3-light\">Die Migros wird ab dem 29. Juni erste Sammelstellen in Migros-Filialen aufbauen. Start macht die Genossenschaft Migros Luzern. Ende August werden die Genossenschaften Genf, Neuenburg-Freiburg, Waadt und Wallis hinzukommen. Der orange Riese geht davon aus, dass bis 2021 s\u00e4mtliche Migros-Genossenschaften die Plastiksammelstellen anbieten.<\/p>\n<\/section>\n<section>\n<p class=\"nau-t-typography-display-3-light\">Zum Start sind bei den teilnehmenden Genossenschaften nicht alle Filialen an Bord, auch weil teilweise bauliche Massnahmen n\u00f6tig sind. Partnerfirmen wie Migrolino und Voi sind ebenfalls Teil des Projekts.<\/p>\n<\/section>\n<section><strong>Eigenschaften den neuen Sacks im Detail\u00a0<\/strong><\/p>\n<p class=\"nau-t-typography-display-3-light\">Der Sammelsack besteht zu 85 Prozent aus recycelten Rohstoffen und ist in drei Gr\u00f6ssen (17, 35 und 60 Liter) erh\u00e4ltlich. Kostenlos ist er allerdings nicht. Der Preis liegt zwischen 90 Rappen und 2,50\u00a0<a href=\"\/\/www.nau.ch\/politik\/franken\">Franken<\/a>. Gewinn macht die Migros damit aber nicht.<\/p>\n<\/section>\n<section>\n<p class=\"nau-t-typography-display-3-light\">PET-Flaschen werden weiterhin separat gesammelt. Die Migros nimmt auch Plastik-Abf\u00e4lle von anderen Detailh\u00e4ndlern zur\u00fcck. Eine Zusammenarbeit mit\u00a0<a href=\"\/\/www.nau.ch\/news\/coop\">Coop<\/a>\u00a0und Co. besteht aktuell nicht.<\/p>\n<\/section>\n<section>\n<p class=\"nau-t-typography-display-3-light\">Nicht erw\u00fcnscht sind auch Flaschen mit Inhalt oder stark verschmutze Verpackungen. Ziel ist, dass 70 Prozent des gesammelten Plastiks wiederverwendet werden kann.<\/p>\n<\/section>\n<section>\n<p class=\"nau-t-typography-display-2-medium\"><strong>Industrielle Wiederverwendung\u00a0<\/strong><\/p>\n<\/section>\n<section>\n<p class=\"nau-t-typography-display-3-light\">Wie die Migros in einer Medienmitteilung schreibt, wurden f\u00fcr das Projekt f\u00fchrende Kunststoffrecycler der Schweiz eingespannt. Das gesammelte Material wird erst durch die Firma Innorecycling sortiert. Anschliessend rezykliert Innoplastics den Kunststoff und produziert Granulate.<\/p>\n<\/section>\n<section>\n<p class=\"nau-t-typography-display-3-light\">Diese sollen wiederum in der Migros-Industrie verwendet werden. So entstehen aus altem Plastik neue Verpackungen f\u00fcr Migros-Produkte.<\/p>\n<\/section>\n<section>\n<p class=\"nau-t-typography-display-3-light\">\n<\/section>\n","protected":false},"excerpt":{"rendered":"<p>Die Migros wird ab dem 29. Juni erste Sammelstellen in Migros-Filialen aufbauen. Start macht die Genossenschaft Migros Luzern. Ende August werden die Genossenschaften Genf, Neuenburg-Freiburg, Waadt und Wallis hinzukommen. Der orange Riese geht davon aus, dass bis 2021 s\u00e4mtliche Migros-Genossenschaften die Plastiksammelstellen anbieten. Zum Start sind bei den teilnehmenden Genossenschaften nicht alle Filialen an Bord, [&hellip;]<\/p>\n","protected":false},"author":5,"featured_media":3155,"comment_status":"closed","ping_status":"closed","sticky":false,"template":"","format":"standard","meta":{"_acf_changed":false,"_yoast_wpseo_focuskw":"Plastik","_yoast_wpseo_metadesc":"F\u00fcr die Migros sei es nicht weniger als eine \u00abneue \u00c4ra im Bereich Nachhaltigkeit\u00bb. Die gr\u00f6sste Detailh\u00e4ndlerin der Schweiz f\u00fchrt neu einen Sammelsack ein, mit dem praktisch alle Plastik-Verpackungen gesammelt werden k\u00f6nnen.","articlekey":"","footnotes":""},"categories":[580],"tags":[594,1768,1917,1987],"class_list":["post-10186","post","type-post","status-publish","format-standard","has-post-thumbnail","hentry","category-sustainability","tag-kreislaufwirtschaft","tag-nachhaltige-lieferketten","tag-plastik","tag-recycling"],"acf":[],"yoast_head":"<!-- This site is optimized with the Yoast SEO plugin v27.4 - https:\/\/yoast.com\/product\/yoast-seo-wordpress\/ -->\n<title>Plastik-Recycling: Migros startet Offensive - Organisator<\/title>\n<meta name=\"description\" content=\"F\u00fcr die Migros sei es nicht weniger als eine \u00abneue \u00c4ra im Bereich Nachhaltigkeit\u00bb. Die gr\u00f6sste Detailh\u00e4ndlerin der Schweiz f\u00fchrt neu einen Sammelsack ein, mit dem praktisch alle Plastik-Verpackungen gesammelt werden k\u00f6nnen.\" \/>\n<meta name=\"robots\" content=\"index, follow, max-snippet:-1, max-image-preview:large, max-video-preview:-1\" \/>\n<link rel=\"canonical\" href=\"https:\/\/www.organisator.ch\/de\/sustainability\/2020-06-17\/plastik-recycling-migros-startet-offensive\/\" \/>\n<meta property=\"og:locale\" content=\"de_DE\" \/>\n<meta property=\"og:type\" content=\"article\" \/>\n<meta property=\"og:title\" content=\"Plastik-Recycling: Migros startet Offensive - Organisator\" \/>\n<meta property=\"og:description\" content=\"F\u00fcr die Migros sei es nicht weniger als eine \u00abneue \u00c4ra im Bereich Nachhaltigkeit\u00bb. Die gr\u00f6sste Detailh\u00e4ndlerin der Schweiz f\u00fchrt neu einen Sammelsack ein, mit dem praktisch alle Plastik-Verpackungen gesammelt werden k\u00f6nnen.\" \/>\n<meta property=\"og:url\" content=\"https:\/\/www.organisator.ch\/de\/sustainability\/2020-06-17\/plastik-recycling-migros-startet-offensive\/\" \/>\n<meta property=\"og:site_name\" content=\"Organisator\" \/>\n<meta property=\"article:publisher\" content=\"https:\/\/www.facebook.com\/OrganisatorFachmagazin\" \/>\n<meta property=\"article:published_time\" content=\"2020-06-17T10:41:59+00:00\" \/>\n<meta property=\"article:modified_time\" content=\"2022-08-02T12:58:03+00:00\" \/>\n<meta property=\"og:image\" content=\"https:\/\/www.organisator.ch\/wp-content\/uploads\/2020\/06\/Migros_Sammelsack_UP_Umweltperspektiven.jpg\" \/>\n\t<meta property=\"og:image:width\" content=\"1200\" \/>\n\t<meta property=\"og:image:height\" content=\"825\" \/>\n\t<meta property=\"og:image:type\" content=\"image\/jpeg\" \/>\n<meta name=\"author\" content=\"michael.merz\" \/>\n<meta name=\"twitter:card\" content=\"summary_large_image\" \/>\n<script type=\"application\/ld+json\" class=\"yoast-schema-graph\">{\"@context\":\"https:\\\/\\\/schema.org\",\"@graph\":[{\"@type\":\"Article\",\"@id\":\"https:\\\/\\\/www.organisator.ch\\\/sustainability\\\/2020-06-17\\\/plastik-recycling-migros-startet-offensive\\\/#article\",\"isPartOf\":{\"@id\":\"https:\\\/\\\/www.organisator.ch\\\/sustainability\\\/2020-06-17\\\/plastik-recycling-migros-startet-offensive\\\/\"},\"author\":{\"name\":\"michael.merz\",\"@id\":\"https:\\\/\\\/www.organisator.ch\\\/#\\\/schema\\\/person\\\/134708ca9321c57b0362cceb7948ffbd\"},\"headline\":\"Plastik-Recycling: Migros startet Offensive\",\"datePublished\":\"2020-06-17T10:41:59+00:00\",\"dateModified\":\"2022-08-02T12:58:03+00:00\",\"mainEntityOfPage\":{\"@id\":\"https:\\\/\\\/www.organisator.ch\\\/sustainability\\\/2020-06-17\\\/plastik-recycling-migros-startet-offensive\\\/\"},\"wordCount\":257,\"publisher\":{\"@id\":\"https:\\\/\\\/www.organisator.ch\\\/#organization\"},\"image\":{\"@id\":\"https:\\\/\\\/www.organisator.ch\\\/sustainability\\\/2020-06-17\\\/plastik-recycling-migros-startet-offensive\\\/#primaryimage\"},\"thumbnailUrl\":\"https:\\\/\\\/www.organisator.ch\\\/wp-content\\\/uploads\\\/2020\\\/06\\\/Migros_Sammelsack_UP_Umweltperspektiven.jpg\",\"keywords\":[\"Kreislaufwirtschaft\",\"Nachhaltige Lieferketten\",\"Plastik\",\"Recycling\"],\"articleSection\":[\"SUSTAINABILITY\"],\"inLanguage\":\"de\"},{\"@type\":\"WebPage\",\"@id\":\"https:\\\/\\\/www.organisator.ch\\\/sustainability\\\/2020-06-17\\\/plastik-recycling-migros-startet-offensive\\\/\",\"url\":\"https:\\\/\\\/www.organisator.ch\\\/sustainability\\\/2020-06-17\\\/plastik-recycling-migros-startet-offensive\\\/\",\"name\":\"Plastik-Recycling: Migros startet Offensive - Organisator\",\"isPartOf\":{\"@id\":\"https:\\\/\\\/www.organisator.ch\\\/#website\"},\"primaryImageOfPage\":{\"@id\":\"https:\\\/\\\/www.organisator.ch\\\/sustainability\\\/2020-06-17\\\/plastik-recycling-migros-startet-offensive\\\/#primaryimage\"},\"image\":{\"@id\":\"https:\\\/\\\/www.organisator.ch\\\/sustainability\\\/2020-06-17\\\/plastik-recycling-migros-startet-offensive\\\/#primaryimage\"},\"thumbnailUrl\":\"https:\\\/\\\/www.organisator.ch\\\/wp-content\\\/uploads\\\/2020\\\/06\\\/Migros_Sammelsack_UP_Umweltperspektiven.jpg\",\"datePublished\":\"2020-06-17T10:41:59+00:00\",\"dateModified\":\"2022-08-02T12:58:03+00:00\",\"description\":\"F\u00fcr die Migros sei es nicht weniger als eine \u00abneue \u00c4ra im Bereich Nachhaltigkeit\u00bb. Die gr\u00f6sste Detailh\u00e4ndlerin der Schweiz f\u00fchrt neu einen Sammelsack ein, mit dem praktisch alle Plastik-Verpackungen gesammelt werden k\u00f6nnen.\",\"breadcrumb\":{\"@id\":\"https:\\\/\\\/www.organisator.ch\\\/sustainability\\\/2020-06-17\\\/plastik-recycling-migros-startet-offensive\\\/#breadcrumb\"},\"inLanguage\":\"de\",\"potentialAction\":[{\"@type\":\"ReadAction\",\"target\":[\"https:\\\/\\\/www.organisator.ch\\\/sustainability\\\/2020-06-17\\\/plastik-recycling-migros-startet-offensive\\\/\"]}]},{\"@type\":\"ImageObject\",\"inLanguage\":\"de\",\"@id\":\"https:\\\/\\\/www.organisator.ch\\\/sustainability\\\/2020-06-17\\\/plastik-recycling-migros-startet-offensive\\\/#primaryimage\",\"url\":\"https:\\\/\\\/www.organisator.ch\\\/wp-content\\\/uploads\\\/2020\\\/06\\\/Migros_Sammelsack_UP_Umweltperspektiven.jpg\",\"contentUrl\":\"https:\\\/\\\/www.organisator.ch\\\/wp-content\\\/uploads\\\/2020\\\/06\\\/Migros_Sammelsack_UP_Umweltperspektiven.jpg\",\"width\":1200,\"height\":825},{\"@type\":\"BreadcrumbList\",\"@id\":\"https:\\\/\\\/www.organisator.ch\\\/sustainability\\\/2020-06-17\\\/plastik-recycling-migros-startet-offensive\\\/#breadcrumb\",\"itemListElement\":[{\"@type\":\"ListItem\",\"position\":1,\"name\":\"Home\",\"item\":\"https:\\\/\\\/www.organisator.ch\\\/\"},{\"@type\":\"ListItem\",\"position\":2,\"name\":\"Plastik-Recycling: Migros startet Offensive\"}]},{\"@type\":\"WebSite\",\"@id\":\"https:\\\/\\\/www.organisator.ch\\\/#website\",\"url\":\"https:\\\/\\\/www.organisator.ch\\\/\",\"name\":\"Organisator\",\"description\":\"Kompetent. Praxisnah. Der ORGANISATOR bereitet in 10 Ausgaben pro Jahr die wesentlichen Themen f\u00fcr F\u00fchrungskr\u00e4fte von KMU auf.\",\"publisher\":{\"@id\":\"https:\\\/\\\/www.organisator.ch\\\/#organization\"},\"potentialAction\":[{\"@type\":\"SearchAction\",\"target\":{\"@type\":\"EntryPoint\",\"urlTemplate\":\"https:\\\/\\\/www.organisator.ch\\\/?s={search_term_string}\"},\"query-input\":{\"@type\":\"PropertyValueSpecification\",\"valueRequired\":true,\"valueName\":\"search_term_string\"}}],\"inLanguage\":\"de\"},{\"@type\":\"Organization\",\"@id\":\"https:\\\/\\\/www.organisator.ch\\\/#organization\",\"name\":\"Organisator\",\"url\":\"https:\\\/\\\/www.organisator.ch\\\/\",\"logo\":{\"@type\":\"ImageObject\",\"inLanguage\":\"de\",\"@id\":\"https:\\\/\\\/www.organisator.ch\\\/#\\\/schema\\\/logo\\\/image\\\/\",\"url\":\"https:\\\/\\\/www.organisator.ch\\\/wp-content\\\/uploads\\\/2022\\\/01\\\/Logo_Organisator_Website.png\",\"contentUrl\":\"https:\\\/\\\/www.organisator.ch\\\/wp-content\\\/uploads\\\/2022\\\/01\\\/Logo_Organisator_Website.png\",\"width\":800,\"height\":77,\"caption\":\"Organisator\"},\"image\":{\"@id\":\"https:\\\/\\\/www.organisator.ch\\\/#\\\/schema\\\/logo\\\/image\\\/\"},\"sameAs\":[\"https:\\\/\\\/www.facebook.com\\\/OrganisatorFachmagazin\",\"https:\\\/\\\/www.linkedin.com\\\/showcase\\\/organisator-das-magazin-fr-kmu\",\"https:\\\/\\\/www.xing.com\\\/news\\\/pages\\\/organisator-ch-695\",\"https:\\\/\\\/www.youtube.com\\\/channel\\\/UCGP2Sq0iWaZwT3BdIAQFYpw\"]},{\"@type\":\"Person\",\"@id\":\"https:\\\/\\\/www.organisator.ch\\\/#\\\/schema\\\/person\\\/134708ca9321c57b0362cceb7948ffbd\",\"name\":\"michael.merz\",\"image\":{\"@type\":\"ImageObject\",\"inLanguage\":\"de\",\"@id\":\"https:\\\/\\\/secure.gravatar.com\\\/avatar\\\/?s=96&d=mm&r=g\",\"url\":\"https:\\\/\\\/secure.gravatar.com\\\/avatar\\\/?s=96&d=mm&r=g\",\"contentUrl\":\"https:\\\/\\\/secure.gravatar.com\\\/avatar\\\/?s=96&d=mm&r=g\",\"caption\":\"michael.merz\"},\"url\":\"https:\\\/\\\/www.organisator.ch\\\/de\\\/author\\\/michael-merz\\\/\"}]}<\/script>\n<!-- \/ Yoast SEO plugin. -->","yoast_head_json":{"title":"Plastik-Recycling: Migros startet Offensive - Organisator","description":"F\u00fcr die Migros sei es nicht weniger als eine \u00abneue \u00c4ra im Bereich Nachhaltigkeit\u00bb. Die gr\u00f6sste Detailh\u00e4ndlerin der Schweiz f\u00fchrt neu einen Sammelsack ein, mit dem praktisch alle Plastik-Verpackungen gesammelt werden k\u00f6nnen.","robots":{"index":"index","follow":"follow","max-snippet":"max-snippet:-1","max-image-preview":"max-image-preview:large","max-video-preview":"max-video-preview:-1"},"canonical":"https:\/\/www.organisator.ch\/de\/sustainability\/2020-06-17\/plastik-recycling-migros-startet-offensive\/","og_locale":"de_DE","og_type":"article","og_title":"Plastik-Recycling: Migros startet Offensive - Organisator","og_description":"F\u00fcr die Migros sei es nicht weniger als eine \u00abneue \u00c4ra im Bereich Nachhaltigkeit\u00bb. Die gr\u00f6sste Detailh\u00e4ndlerin der Schweiz f\u00fchrt neu einen Sammelsack ein, mit dem praktisch alle Plastik-Verpackungen gesammelt werden k\u00f6nnen.","og_url":"https:\/\/www.organisator.ch\/de\/sustainability\/2020-06-17\/plastik-recycling-migros-startet-offensive\/","og_site_name":"Organisator","article_publisher":"https:\/\/www.facebook.com\/OrganisatorFachmagazin","article_published_time":"2020-06-17T10:41:59+00:00","article_modified_time":"2022-08-02T12:58:03+00:00","og_image":[{"width":1200,"height":825,"url":"https:\/\/www.organisator.ch\/wp-content\/uploads\/2020\/06\/Migros_Sammelsack_UP_Umweltperspektiven.jpg","type":"image\/jpeg"}],"author":"michael.merz","twitter_card":"summary_large_image","schema":{"@context":"https:\/\/schema.org","@graph":[{"@type":"Article","@id":"https:\/\/www.organisator.ch\/sustainability\/2020-06-17\/plastik-recycling-migros-startet-offensive\/#article","isPartOf":{"@id":"https:\/\/www.organisator.ch\/sustainability\/2020-06-17\/plastik-recycling-migros-startet-offensive\/"},"author":{"name":"michael.merz","@id":"https:\/\/www.organisator.ch\/#\/schema\/person\/134708ca9321c57b0362cceb7948ffbd"},"headline":"Plastik-Recycling: Migros startet Offensive","datePublished":"2020-06-17T10:41:59+00:00","dateModified":"2022-08-02T12:58:03+00:00","mainEntityOfPage":{"@id":"https:\/\/www.organisator.ch\/sustainability\/2020-06-17\/plastik-recycling-migros-startet-offensive\/"},"wordCount":257,"publisher":{"@id":"https:\/\/www.organisator.ch\/#organization"},"image":{"@id":"https:\/\/www.organisator.ch\/sustainability\/2020-06-17\/plastik-recycling-migros-startet-offensive\/#primaryimage"},"thumbnailUrl":"https:\/\/www.organisator.ch\/wp-content\/uploads\/2020\/06\/Migros_Sammelsack_UP_Umweltperspektiven.jpg","keywords":["Kreislaufwirtschaft","Nachhaltige Lieferketten","Plastik","Recycling"],"articleSection":["SUSTAINABILITY"],"inLanguage":"de"},{"@type":"WebPage","@id":"https:\/\/www.organisator.ch\/sustainability\/2020-06-17\/plastik-recycling-migros-startet-offensive\/","url":"https:\/\/www.organisator.ch\/sustainability\/2020-06-17\/plastik-recycling-migros-startet-offensive\/","name":"Plastik-Recycling: Migros startet Offensive - Organisator","isPartOf":{"@id":"https:\/\/www.organisator.ch\/#website"},"primaryImageOfPage":{"@id":"https:\/\/www.organisator.ch\/sustainability\/2020-06-17\/plastik-recycling-migros-startet-offensive\/#primaryimage"},"image":{"@id":"https:\/\/www.organisator.ch\/sustainability\/2020-06-17\/plastik-recycling-migros-startet-offensive\/#primaryimage"},"thumbnailUrl":"https:\/\/www.organisator.ch\/wp-content\/uploads\/2020\/06\/Migros_Sammelsack_UP_Umweltperspektiven.jpg","datePublished":"2020-06-17T10:41:59+00:00","dateModified":"2022-08-02T12:58:03+00:00","description":"F\u00fcr die Migros sei es nicht weniger als eine \u00abneue \u00c4ra im Bereich Nachhaltigkeit\u00bb. Die gr\u00f6sste Detailh\u00e4ndlerin der Schweiz f\u00fchrt neu einen Sammelsack ein, mit dem praktisch alle Plastik-Verpackungen gesammelt werden k\u00f6nnen.","breadcrumb":{"@id":"https:\/\/www.organisator.ch\/sustainability\/2020-06-17\/plastik-recycling-migros-startet-offensive\/#breadcrumb"},"inLanguage":"de","potentialAction":[{"@type":"ReadAction","target":["https:\/\/www.organisator.ch\/sustainability\/2020-06-17\/plastik-recycling-migros-startet-offensive\/"]}]},{"@type":"ImageObject","inLanguage":"de","@id":"https:\/\/www.organisator.ch\/sustainability\/2020-06-17\/plastik-recycling-migros-startet-offensive\/#primaryimage","url":"https:\/\/www.organisator.ch\/wp-content\/uploads\/2020\/06\/Migros_Sammelsack_UP_Umweltperspektiven.jpg","contentUrl":"https:\/\/www.organisator.ch\/wp-content\/uploads\/2020\/06\/Migros_Sammelsack_UP_Umweltperspektiven.jpg","width":1200,"height":825},{"@type":"BreadcrumbList","@id":"https:\/\/www.organisator.ch\/sustainability\/2020-06-17\/plastik-recycling-migros-startet-offensive\/#breadcrumb","itemListElement":[{"@type":"ListItem","position":1,"name":"Home","item":"https:\/\/www.organisator.ch\/"},{"@type":"ListItem","position":2,"name":"Plastik-Recycling: Migros startet Offensive"}]},{"@type":"WebSite","@id":"https:\/\/www.organisator.ch\/#website","url":"https:\/\/www.organisator.ch\/","name":"Organisator","description":"Kompetent. Praxisnah. Der ORGANISATOR bereitet in 10 Ausgaben pro Jahr die wesentlichen Themen f\u00fcr F\u00fchrungskr\u00e4fte von KMU auf.","publisher":{"@id":"https:\/\/www.organisator.ch\/#organization"},"potentialAction":[{"@type":"SearchAction","target":{"@type":"EntryPoint","urlTemplate":"https:\/\/www.organisator.ch\/?s={search_term_string}"},"query-input":{"@type":"PropertyValueSpecification","valueRequired":true,"valueName":"search_term_string"}}],"inLanguage":"de"},{"@type":"Organization","@id":"https:\/\/www.organisator.ch\/#organization","name":"Organisator","url":"https:\/\/www.organisator.ch\/","logo":{"@type":"ImageObject","inLanguage":"de","@id":"https:\/\/www.organisator.ch\/#\/schema\/logo\/image\/","url":"https:\/\/www.organisator.ch\/wp-content\/uploads\/2022\/01\/Logo_Organisator_Website.png","contentUrl":"https:\/\/www.organisator.ch\/wp-content\/uploads\/2022\/01\/Logo_Organisator_Website.png","width":800,"height":77,"caption":"Organisator"},"image":{"@id":"https:\/\/www.organisator.ch\/#\/schema\/logo\/image\/"},"sameAs":["https:\/\/www.facebook.com\/OrganisatorFachmagazin","https:\/\/www.linkedin.com\/showcase\/organisator-das-magazin-fr-kmu","https:\/\/www.xing.com\/news\/pages\/organisator-ch-695","https:\/\/www.youtube.com\/channel\/UCGP2Sq0iWaZwT3BdIAQFYpw"]},{"@type":"Person","@id":"https:\/\/www.organisator.ch\/#\/schema\/person\/134708ca9321c57b0362cceb7948ffbd","name":"michael.merz","image":{"@type":"ImageObject","inLanguage":"de","@id":"https:\/\/secure.gravatar.com\/avatar\/?s=96&d=mm&r=g","url":"https:\/\/secure.gravatar.com\/avatar\/?s=96&d=mm&r=g","contentUrl":"https:\/\/secure.gravatar.com\/avatar\/?s=96&d=mm&r=g","caption":"michael.merz"},"url":"https:\/\/www.organisator.ch\/de\/author\/michael-merz\/"}]}},"_links":{"self":[{"href":"https:\/\/www.organisator.ch\/de\/wp-json\/wp\/v2\/posts\/10186","targetHints":{"allow":["GET"]}}],"collection":[{"href":"https:\/\/www.organisator.ch\/de\/wp-json\/wp\/v2\/posts"}],"about":[{"href":"https:\/\/www.organisator.ch\/de\/wp-json\/wp\/v2\/types\/post"}],"author":[{"embeddable":true,"href":"https:\/\/www.organisator.ch\/de\/wp-json\/wp\/v2\/users\/5"}],"replies":[{"embeddable":true,"href":"https:\/\/www.organisator.ch\/de\/wp-json\/wp\/v2\/comments?post=10186"}],"version-history":[{"count":3,"href":"https:\/\/www.organisator.ch\/de\/wp-json\/wp\/v2\/posts\/10186\/revisions"}],"predecessor-version":[{"id":16224,"href":"https:\/\/www.organisator.ch\/de\/wp-json\/wp\/v2\/posts\/10186\/revisions\/16224"}],"wp:featuredmedia":[{"embeddable":true,"href":"https:\/\/www.organisator.ch\/de\/wp-json\/wp\/v2\/media\/3155"}],"wp:attachment":[{"href":"https:\/\/www.organisator.ch\/de\/wp-json\/wp\/v2\/media?parent=10186"}],"wp:term":[{"taxonomy":"category","embeddable":true,"href":"https:\/\/www.organisator.ch\/de\/wp-json\/wp\/v2\/categories?post=10186"},{"taxonomy":"post_tag","embeddable":true,"href":"https:\/\/www.organisator.ch\/de\/wp-json\/wp\/v2\/tags?post=10186"}],"curies":[{"name":"wp","href":"https:\/\/api.w.org\/{rel}","templated":true}]}}