{"id":10189,"date":"2020-07-08T12:01:53","date_gmt":"2020-07-08T10:01:53","guid":{"rendered":"https:\/\/www.umweltperspektiven.ch\/?p=3182"},"modified":"2022-02-09T11:06:13","modified_gmt":"2022-02-09T10:06:13","slug":"wasserstoff-zukunft-ist-gegenwart","status":"publish","type":"post","link":"https:\/\/www.organisator.ch\/de\/sustainability\/2020-07-08\/wasserstoff-zukunft-ist-gegenwart\/","title":{"rendered":"Wasserstoff: Zukunft ist Gegenwart"},"content":{"rendered":"<p><img loading=\"lazy\" decoding=\"async\" class=\"wp-image-3183 \" src=\"\/\/www.umweltperspektiven.ch\/wp-content\/uploads\/2020\/07\/01_Wasserstoff-Tankstelle-St.-Gallen_autosprint.ch_.jpg\" alt=\"\" width=\"832\" height=\"554\" \/><\/p>\n<p>F\u00fcr die Wasserstoff-Tankstelle St. Gallen gab Bertrand Piccard das Startzeichen fu\u0308r den Betrieb.Bis Ende 2020 werden auf der Achse Bodensee \u2013 Genfersee \u00f6ffentliche Wasserstoff-Tankstellen in St. Gallen (SG), Ru\u0308mlang (ZH), Hunzenschwil (AG), Zofingen (AG), Bern (BE) und Crissier (VD) in Betrieb sein. Die Umwelt Perspektiven berichten in der aktuellen Ausgabe (UP 2020_02) ausf\u00fchrlich \u00fcber die Vorteile von Wasserstoff-angetriebenen Lastern. An der neuen Wasserstoff-Tankstelle in St. Gallen gibt es den gru\u0308nen Wasserstoff fu\u0308r Nutzfahrzeuge (350 bar) und Personenwagen (700 bar). Die Osterwalder St. Gallen AG bietet den gru\u0308nen Wasserstoff als erste Tankstelle mit der Bezeichnung H2 Zero an. Kollegen von <a href=\"\/\/www.autosprint.ch\/branche\/wasserstoff-zukunft-ist-gegenwart\/\">autosprint.ch<\/a> waren vor Ort und haben die wichtigsten Entwicklungen zusammengefasst.<\/p>\n<p><strong>Einzigartige Leistung der Privatwirtschaft<\/strong><\/p>\n<p>Bertrand Piccard: \u00abWas die Schweizer Privatwirtschaft da schafft, ist weltweit einzigartig. Einige glaubten, die Wasserstoffindustrie sei eine reine Utopie. Die Schweiz aber beweist, dass sich elektrisch angetriebene Nutzfahrzeuge und Personenwagen mit sauberem Wasserstoff betanken und ohne CO2-Emissionen fahren lassen.\u00bb<\/p>\n<p><strong>Elektrisch angetriebene Lastwagen<\/strong><br \/>\nNach einer mehrja\u0308hrigen Pilotphase fahren die Mitglieder des Fo\u0308rdervereins H2 Mobilita\u0308t Schweiz und ihre Partnerunternehmen das neue Elektro-Mobilita\u0308tssystem in der Schweiz hoch.<br \/>\nDieses ermo\u0308glicht den CO2-freien Betrieb von elektrisch angetriebenen Nutzfahrzeugen und Personenwagen, die mit gru\u0308nem Wasserstoff als Energiespeicher unterwegs sind.<\/p>\n<p><strong>So funktioniert das Mobilita\u0308tssystem<\/strong><br \/>\nHydrospider, Hyundai Hydrogen Mobility (HHM), der Fo\u0308rderverein H2 Mobilita\u0308t Schweiz und H2 Energy bauen derzeit in der Schweiz die emissionsfreie Elektromobilita\u0308t auf. Die Grundlage dazu liefert ein O\u0308kosystem, das verschiedene Akteure in einem System vereint.<\/p>\n<p>Jeder Bereich dieses Kreislaufs, von der Energiequelle u\u0308ber die Produktion bis zum Einsatz im Elektrofahrzeug, funktioniert ohne CO2-Emissionen.<\/p>\n<p><strong>Herstellung ausschliesslich der Schweiz<\/strong><br \/>\nDer geschlossene Kreislauf beginnt mit der Produktion von gru\u0308nem Wasserstoff durch die Hydrospider AG. Vorab erfolgt dies in einer Produktionsanlage beim Alpiq Wasserkraftwerk Go\u0308sgen (SO).<br \/>\nDer Wasserstoff wird ausschliesslich mit Hilfe von Strom aus erneuerbaren Energien (Wasser, Sonne, Wind) in der Schweiz hergestellt \u2013 und ist somit emissionsfrei und klimafreundlich. Dabei handelt es sich um vollsta\u0308ndig gru\u0308nen Wasserstoff.<\/p>\n<p><strong>1600 Brennstoffzellen-Elektro-Trucks<\/strong><br \/>\nHyundai Hydrogen Mobility AG importiert bis 2025 bis zu 1600 Brennstoffzellen-Elektro-Trucks. Wasserstoff-Versorgung, Aufbau der Nutzfahrzeuge, Infrastruktur und Tankstellennetz fu\u0308r die ersten 50 Hyundai Xcient Fuel Cell Lastwagen sind vorbereitet. Die 36 Tonnen Anha\u0308ngerzu\u0308ge sollen noch vor Ende 2020 auf den Schweizer Strassen unterwegs sein.<br \/>\nDie Mitglieder des Fo\u0308rdervereins H2 Mobilita\u0308t Schweiz setzen die Nutzfahrzeuge ein und bauen die landesweite Betankungsinfrastruktur mit 350 bar und 700 bar auf (fu\u0308r Nutzfahrzeuge und Personenwagen).<\/p>\n<p><strong>Vorteile der Wasserstoff-Elektromobilita\u0308t<\/strong><br \/>\nHyundai und Toyota bieten in der Schweiz bereits heute serienma\u0308ssige Elektro-Personenwagen an, die mit Wasserstoff betankt werden.<br \/>\nVorteile der Wasserstoff-Elektromobilita\u0308t: lokale und unabha\u0308ngige Produktion, emissionsfreie Mobilita\u0308t (Wasserdampf anstatt Abgase), Antrieb mit Elektromotor (leise und effizient), rasches Betanken (Vergleich mit konventionellen Fahrzeugen) und eine hohe Reichweite.<br \/>\nDie Zukunft ist in diesen Tagen schon Gegenwart.<\/p>\n<p><a href=\"\/\/h2mobilitaet.ch\/\" target=\"_blank\" rel=\"noopener\">h2mobilitaet.ch<\/a><\/p>\n<p>&nbsp;<\/p>\n<p><em>Alle Artikel zu den Themen:\u00a0<a href=\"\/\/www.autosprint.ch\/tag\/bertrand-piccard\/\" rel=\"tag\">Bertrand Piccard<\/a>,\u00a0<a href=\"\/\/www.autosprint.ch\/tag\/h2-mobilitaet\/\" rel=\"tag\">H2 Mobilit\u00e4t<\/a>,\u00a0<a href=\"\/\/www.autosprint.ch\/tag\/hyundai\/\" rel=\"tag\">Hyundai<\/a>,\u00a0<a href=\"\/\/www.autosprint.ch\/tag\/wasserstoff\/\" rel=\"tag\">Wasserstoff<\/a><\/em><\/p>\n<p>&nbsp;<\/p>\n<p>&nbsp;<\/p>\n","protected":false},"excerpt":{"rendered":"<p>F\u00fcr die Wasserstoff-Tankstelle St. Gallen gab Bertrand Piccard das Startzeichen fu\u0308r den Betrieb.Bis Ende 2020 werden auf der Achse Bodensee \u2013 Genfersee \u00f6ffentliche Wasserstoff-Tankstellen in St. Gallen (SG), Ru\u0308mlang (ZH), Hunzenschwil (AG), Zofingen (AG), Bern (BE) und Crissier (VD) in Betrieb sein. Die Umwelt Perspektiven berichten in der aktuellen Ausgabe (UP 2020_02) ausf\u00fchrlich \u00fcber die [&hellip;]<\/p>\n","protected":false},"author":5,"featured_media":9711,"comment_status":"closed","ping_status":"closed","sticky":false,"template":"","format":"standard","meta":{"_acf_changed":false,"_yoast_wpseo_focuskw":"Wasserstoff","_yoast_wpseo_metadesc":"Mit der Ero\u0308ffnung der ersten Avia Wasserstoff-Tankstelle in St. Gallen wurde nach Coop in Hunzenschwil die zweite Tankstelle in Betrieb gesetzt.","articlekey":"","footnotes":""},"categories":[580],"tags":[1038,1048,1098,1336,424,2524],"class_list":["post-10189","post","type-post","status-publish","format-standard","has-post-thumbnail","hentry","category-sustainability","tag-elektromobilitaet","tag-emissionsfrei","tag-enerneuerbare-energie","tag-guetertransport","tag-schweiz","tag-wasserstoff"],"acf":[],"yoast_head":"<!-- This site is optimized with the Yoast SEO plugin v27.4 - https:\/\/yoast.com\/product\/yoast-seo-wordpress\/ -->\n<title>Wasserstoff: Zukunft ist Gegenwart - Organisator<\/title>\n<meta name=\"description\" content=\"Mit der Ero\u0308ffnung der ersten Avia Wasserstoff-Tankstelle in St. Gallen wurde nach Coop in Hunzenschwil die zweite Tankstelle in Betrieb gesetzt.\" \/>\n<meta name=\"robots\" content=\"index, follow, max-snippet:-1, max-image-preview:large, max-video-preview:-1\" \/>\n<link rel=\"canonical\" href=\"https:\/\/www.organisator.ch\/de\/sustainability\/2020-07-08\/wasserstoff-zukunft-ist-gegenwart\/\" \/>\n<meta property=\"og:locale\" content=\"de_DE\" \/>\n<meta property=\"og:type\" content=\"article\" \/>\n<meta property=\"og:title\" content=\"Wasserstoff: Zukunft ist Gegenwart - Organisator\" \/>\n<meta property=\"og:description\" content=\"Mit der Ero\u0308ffnung der ersten Avia Wasserstoff-Tankstelle in St. Gallen wurde nach Coop in Hunzenschwil die zweite Tankstelle in Betrieb gesetzt.\" \/>\n<meta property=\"og:url\" content=\"https:\/\/www.organisator.ch\/de\/sustainability\/2020-07-08\/wasserstoff-zukunft-ist-gegenwart\/\" \/>\n<meta property=\"og:site_name\" content=\"Organisator\" \/>\n<meta property=\"article:publisher\" content=\"https:\/\/www.facebook.com\/OrganisatorFachmagazin\" \/>\n<meta property=\"article:published_time\" content=\"2020-07-08T10:01:53+00:00\" \/>\n<meta property=\"article:modified_time\" content=\"2022-02-09T10:06:13+00:00\" \/>\n<meta property=\"og:image\" content=\"https:\/\/www.organisator.ch\/wp-content\/uploads\/2020\/07\/01_Wasserstoff-Tankstelle-St.-Gallen_autosprint.ch_.jpg\" \/>\n\t<meta property=\"og:image:width\" content=\"1920\" \/>\n\t<meta property=\"og:image:height\" content=\"1280\" \/>\n\t<meta property=\"og:image:type\" content=\"image\/jpeg\" \/>\n<meta name=\"author\" content=\"michael.merz\" \/>\n<meta name=\"twitter:card\" content=\"summary_large_image\" \/>\n<script type=\"application\/ld+json\" class=\"yoast-schema-graph\">{\"@context\":\"https:\\\/\\\/schema.org\",\"@graph\":[{\"@type\":\"Article\",\"@id\":\"https:\\\/\\\/www.organisator.ch\\\/sustainability\\\/2020-07-08\\\/wasserstoff-zukunft-ist-gegenwart\\\/#article\",\"isPartOf\":{\"@id\":\"https:\\\/\\\/www.organisator.ch\\\/sustainability\\\/2020-07-08\\\/wasserstoff-zukunft-ist-gegenwart\\\/\"},\"author\":{\"name\":\"michael.merz\",\"@id\":\"https:\\\/\\\/www.organisator.ch\\\/#\\\/schema\\\/person\\\/134708ca9321c57b0362cceb7948ffbd\"},\"headline\":\"Wasserstoff: Zukunft ist Gegenwart\",\"datePublished\":\"2020-07-08T10:01:53+00:00\",\"dateModified\":\"2022-02-09T10:06:13+00:00\",\"mainEntityOfPage\":{\"@id\":\"https:\\\/\\\/www.organisator.ch\\\/sustainability\\\/2020-07-08\\\/wasserstoff-zukunft-ist-gegenwart\\\/\"},\"wordCount\":491,\"publisher\":{\"@id\":\"https:\\\/\\\/www.organisator.ch\\\/#organization\"},\"image\":{\"@id\":\"https:\\\/\\\/www.organisator.ch\\\/sustainability\\\/2020-07-08\\\/wasserstoff-zukunft-ist-gegenwart\\\/#primaryimage\"},\"thumbnailUrl\":\"https:\\\/\\\/www.organisator.ch\\\/wp-content\\\/uploads\\\/2020\\\/07\\\/01_Wasserstoff-Tankstelle-St.-Gallen_autosprint.ch_.jpg\",\"keywords\":[\"Elektromobilit\u00e4t\",\"emissionsfrei\",\"Enerneuerbare Energie\",\"G\u00fctertransport\",\"Schweiz\",\"Wasserstoff\"],\"articleSection\":[\"SUSTAINABILITY\"],\"inLanguage\":\"de\"},{\"@type\":\"WebPage\",\"@id\":\"https:\\\/\\\/www.organisator.ch\\\/sustainability\\\/2020-07-08\\\/wasserstoff-zukunft-ist-gegenwart\\\/\",\"url\":\"https:\\\/\\\/www.organisator.ch\\\/sustainability\\\/2020-07-08\\\/wasserstoff-zukunft-ist-gegenwart\\\/\",\"name\":\"Wasserstoff: Zukunft ist Gegenwart - Organisator\",\"isPartOf\":{\"@id\":\"https:\\\/\\\/www.organisator.ch\\\/#website\"},\"primaryImageOfPage\":{\"@id\":\"https:\\\/\\\/www.organisator.ch\\\/sustainability\\\/2020-07-08\\\/wasserstoff-zukunft-ist-gegenwart\\\/#primaryimage\"},\"image\":{\"@id\":\"https:\\\/\\\/www.organisator.ch\\\/sustainability\\\/2020-07-08\\\/wasserstoff-zukunft-ist-gegenwart\\\/#primaryimage\"},\"thumbnailUrl\":\"https:\\\/\\\/www.organisator.ch\\\/wp-content\\\/uploads\\\/2020\\\/07\\\/01_Wasserstoff-Tankstelle-St.-Gallen_autosprint.ch_.jpg\",\"datePublished\":\"2020-07-08T10:01:53+00:00\",\"dateModified\":\"2022-02-09T10:06:13+00:00\",\"description\":\"Mit der Ero\u0308ffnung der ersten Avia Wasserstoff-Tankstelle in St. Gallen wurde nach Coop in Hunzenschwil die zweite Tankstelle in Betrieb gesetzt.\",\"breadcrumb\":{\"@id\":\"https:\\\/\\\/www.organisator.ch\\\/sustainability\\\/2020-07-08\\\/wasserstoff-zukunft-ist-gegenwart\\\/#breadcrumb\"},\"inLanguage\":\"de\",\"potentialAction\":[{\"@type\":\"ReadAction\",\"target\":[\"https:\\\/\\\/www.organisator.ch\\\/sustainability\\\/2020-07-08\\\/wasserstoff-zukunft-ist-gegenwart\\\/\"]}]},{\"@type\":\"ImageObject\",\"inLanguage\":\"de\",\"@id\":\"https:\\\/\\\/www.organisator.ch\\\/sustainability\\\/2020-07-08\\\/wasserstoff-zukunft-ist-gegenwart\\\/#primaryimage\",\"url\":\"https:\\\/\\\/www.organisator.ch\\\/wp-content\\\/uploads\\\/2020\\\/07\\\/01_Wasserstoff-Tankstelle-St.-Gallen_autosprint.ch_.jpg\",\"contentUrl\":\"https:\\\/\\\/www.organisator.ch\\\/wp-content\\\/uploads\\\/2020\\\/07\\\/01_Wasserstoff-Tankstelle-St.-Gallen_autosprint.ch_.jpg\",\"width\":1920,\"height\":1280,\"caption\":\"F\u00fcr die Wasserstoff-Tankstelle St. Gallen gab Bertrand Piccard das Startzeichen fu\u0308r den Betrieb.\"},{\"@type\":\"BreadcrumbList\",\"@id\":\"https:\\\/\\\/www.organisator.ch\\\/sustainability\\\/2020-07-08\\\/wasserstoff-zukunft-ist-gegenwart\\\/#breadcrumb\",\"itemListElement\":[{\"@type\":\"ListItem\",\"position\":1,\"name\":\"Home\",\"item\":\"https:\\\/\\\/www.organisator.ch\\\/\"},{\"@type\":\"ListItem\",\"position\":2,\"name\":\"Wasserstoff: Zukunft ist Gegenwart\"}]},{\"@type\":\"WebSite\",\"@id\":\"https:\\\/\\\/www.organisator.ch\\\/#website\",\"url\":\"https:\\\/\\\/www.organisator.ch\\\/\",\"name\":\"Organisator\",\"description\":\"Kompetent. Praxisnah. Der ORGANISATOR bereitet in 10 Ausgaben pro Jahr die wesentlichen Themen f\u00fcr F\u00fchrungskr\u00e4fte von KMU auf.\",\"publisher\":{\"@id\":\"https:\\\/\\\/www.organisator.ch\\\/#organization\"},\"potentialAction\":[{\"@type\":\"SearchAction\",\"target\":{\"@type\":\"EntryPoint\",\"urlTemplate\":\"https:\\\/\\\/www.organisator.ch\\\/?s={search_term_string}\"},\"query-input\":{\"@type\":\"PropertyValueSpecification\",\"valueRequired\":true,\"valueName\":\"search_term_string\"}}],\"inLanguage\":\"de\"},{\"@type\":\"Organization\",\"@id\":\"https:\\\/\\\/www.organisator.ch\\\/#organization\",\"name\":\"Organisator\",\"url\":\"https:\\\/\\\/www.organisator.ch\\\/\",\"logo\":{\"@type\":\"ImageObject\",\"inLanguage\":\"de\",\"@id\":\"https:\\\/\\\/www.organisator.ch\\\/#\\\/schema\\\/logo\\\/image\\\/\",\"url\":\"https:\\\/\\\/www.organisator.ch\\\/wp-content\\\/uploads\\\/2022\\\/01\\\/Logo_Organisator_Website.png\",\"contentUrl\":\"https:\\\/\\\/www.organisator.ch\\\/wp-content\\\/uploads\\\/2022\\\/01\\\/Logo_Organisator_Website.png\",\"width\":800,\"height\":77,\"caption\":\"Organisator\"},\"image\":{\"@id\":\"https:\\\/\\\/www.organisator.ch\\\/#\\\/schema\\\/logo\\\/image\\\/\"},\"sameAs\":[\"https:\\\/\\\/www.facebook.com\\\/OrganisatorFachmagazin\",\"https:\\\/\\\/www.linkedin.com\\\/showcase\\\/organisator-das-magazin-fr-kmu\",\"https:\\\/\\\/www.xing.com\\\/news\\\/pages\\\/organisator-ch-695\",\"https:\\\/\\\/www.youtube.com\\\/channel\\\/UCGP2Sq0iWaZwT3BdIAQFYpw\"]},{\"@type\":\"Person\",\"@id\":\"https:\\\/\\\/www.organisator.ch\\\/#\\\/schema\\\/person\\\/134708ca9321c57b0362cceb7948ffbd\",\"name\":\"michael.merz\",\"image\":{\"@type\":\"ImageObject\",\"inLanguage\":\"de\",\"@id\":\"https:\\\/\\\/secure.gravatar.com\\\/avatar\\\/?s=96&d=mm&r=g\",\"url\":\"https:\\\/\\\/secure.gravatar.com\\\/avatar\\\/?s=96&d=mm&r=g\",\"contentUrl\":\"https:\\\/\\\/secure.gravatar.com\\\/avatar\\\/?s=96&d=mm&r=g\",\"caption\":\"michael.merz\"},\"url\":\"https:\\\/\\\/www.organisator.ch\\\/de\\\/author\\\/michael-merz\\\/\"}]}<\/script>\n<!-- \/ Yoast SEO plugin. -->","yoast_head_json":{"title":"Wasserstoff: Zukunft ist Gegenwart - Organisator","description":"Mit der Ero\u0308ffnung der ersten Avia Wasserstoff-Tankstelle in St. Gallen wurde nach Coop in Hunzenschwil die zweite Tankstelle in Betrieb gesetzt.","robots":{"index":"index","follow":"follow","max-snippet":"max-snippet:-1","max-image-preview":"max-image-preview:large","max-video-preview":"max-video-preview:-1"},"canonical":"https:\/\/www.organisator.ch\/de\/sustainability\/2020-07-08\/wasserstoff-zukunft-ist-gegenwart\/","og_locale":"de_DE","og_type":"article","og_title":"Wasserstoff: Zukunft ist Gegenwart - Organisator","og_description":"Mit der Ero\u0308ffnung der ersten Avia Wasserstoff-Tankstelle in St. Gallen wurde nach Coop in Hunzenschwil die zweite Tankstelle in Betrieb gesetzt.","og_url":"https:\/\/www.organisator.ch\/de\/sustainability\/2020-07-08\/wasserstoff-zukunft-ist-gegenwart\/","og_site_name":"Organisator","article_publisher":"https:\/\/www.facebook.com\/OrganisatorFachmagazin","article_published_time":"2020-07-08T10:01:53+00:00","article_modified_time":"2022-02-09T10:06:13+00:00","og_image":[{"width":1920,"height":1280,"url":"https:\/\/www.organisator.ch\/wp-content\/uploads\/2020\/07\/01_Wasserstoff-Tankstelle-St.-Gallen_autosprint.ch_.jpg","type":"image\/jpeg"}],"author":"michael.merz","twitter_card":"summary_large_image","schema":{"@context":"https:\/\/schema.org","@graph":[{"@type":"Article","@id":"https:\/\/www.organisator.ch\/sustainability\/2020-07-08\/wasserstoff-zukunft-ist-gegenwart\/#article","isPartOf":{"@id":"https:\/\/www.organisator.ch\/sustainability\/2020-07-08\/wasserstoff-zukunft-ist-gegenwart\/"},"author":{"name":"michael.merz","@id":"https:\/\/www.organisator.ch\/#\/schema\/person\/134708ca9321c57b0362cceb7948ffbd"},"headline":"Wasserstoff: Zukunft ist Gegenwart","datePublished":"2020-07-08T10:01:53+00:00","dateModified":"2022-02-09T10:06:13+00:00","mainEntityOfPage":{"@id":"https:\/\/www.organisator.ch\/sustainability\/2020-07-08\/wasserstoff-zukunft-ist-gegenwart\/"},"wordCount":491,"publisher":{"@id":"https:\/\/www.organisator.ch\/#organization"},"image":{"@id":"https:\/\/www.organisator.ch\/sustainability\/2020-07-08\/wasserstoff-zukunft-ist-gegenwart\/#primaryimage"},"thumbnailUrl":"https:\/\/www.organisator.ch\/wp-content\/uploads\/2020\/07\/01_Wasserstoff-Tankstelle-St.-Gallen_autosprint.ch_.jpg","keywords":["Elektromobilit\u00e4t","emissionsfrei","Enerneuerbare Energie","G\u00fctertransport","Schweiz","Wasserstoff"],"articleSection":["SUSTAINABILITY"],"inLanguage":"de"},{"@type":"WebPage","@id":"https:\/\/www.organisator.ch\/sustainability\/2020-07-08\/wasserstoff-zukunft-ist-gegenwart\/","url":"https:\/\/www.organisator.ch\/sustainability\/2020-07-08\/wasserstoff-zukunft-ist-gegenwart\/","name":"Wasserstoff: Zukunft ist Gegenwart - Organisator","isPartOf":{"@id":"https:\/\/www.organisator.ch\/#website"},"primaryImageOfPage":{"@id":"https:\/\/www.organisator.ch\/sustainability\/2020-07-08\/wasserstoff-zukunft-ist-gegenwart\/#primaryimage"},"image":{"@id":"https:\/\/www.organisator.ch\/sustainability\/2020-07-08\/wasserstoff-zukunft-ist-gegenwart\/#primaryimage"},"thumbnailUrl":"https:\/\/www.organisator.ch\/wp-content\/uploads\/2020\/07\/01_Wasserstoff-Tankstelle-St.-Gallen_autosprint.ch_.jpg","datePublished":"2020-07-08T10:01:53+00:00","dateModified":"2022-02-09T10:06:13+00:00","description":"Mit der Ero\u0308ffnung der ersten Avia Wasserstoff-Tankstelle in St. Gallen wurde nach Coop in Hunzenschwil die zweite Tankstelle in Betrieb gesetzt.","breadcrumb":{"@id":"https:\/\/www.organisator.ch\/sustainability\/2020-07-08\/wasserstoff-zukunft-ist-gegenwart\/#breadcrumb"},"inLanguage":"de","potentialAction":[{"@type":"ReadAction","target":["https:\/\/www.organisator.ch\/sustainability\/2020-07-08\/wasserstoff-zukunft-ist-gegenwart\/"]}]},{"@type":"ImageObject","inLanguage":"de","@id":"https:\/\/www.organisator.ch\/sustainability\/2020-07-08\/wasserstoff-zukunft-ist-gegenwart\/#primaryimage","url":"https:\/\/www.organisator.ch\/wp-content\/uploads\/2020\/07\/01_Wasserstoff-Tankstelle-St.-Gallen_autosprint.ch_.jpg","contentUrl":"https:\/\/www.organisator.ch\/wp-content\/uploads\/2020\/07\/01_Wasserstoff-Tankstelle-St.-Gallen_autosprint.ch_.jpg","width":1920,"height":1280,"caption":"F\u00fcr die Wasserstoff-Tankstelle St. Gallen gab Bertrand Piccard das Startzeichen fu\u0308r den Betrieb."},{"@type":"BreadcrumbList","@id":"https:\/\/www.organisator.ch\/sustainability\/2020-07-08\/wasserstoff-zukunft-ist-gegenwart\/#breadcrumb","itemListElement":[{"@type":"ListItem","position":1,"name":"Home","item":"https:\/\/www.organisator.ch\/"},{"@type":"ListItem","position":2,"name":"Wasserstoff: Zukunft ist Gegenwart"}]},{"@type":"WebSite","@id":"https:\/\/www.organisator.ch\/#website","url":"https:\/\/www.organisator.ch\/","name":"Organisator","description":"Kompetent. Praxisnah. Der ORGANISATOR bereitet in 10 Ausgaben pro Jahr die wesentlichen Themen f\u00fcr F\u00fchrungskr\u00e4fte von KMU auf.","publisher":{"@id":"https:\/\/www.organisator.ch\/#organization"},"potentialAction":[{"@type":"SearchAction","target":{"@type":"EntryPoint","urlTemplate":"https:\/\/www.organisator.ch\/?s={search_term_string}"},"query-input":{"@type":"PropertyValueSpecification","valueRequired":true,"valueName":"search_term_string"}}],"inLanguage":"de"},{"@type":"Organization","@id":"https:\/\/www.organisator.ch\/#organization","name":"Organisator","url":"https:\/\/www.organisator.ch\/","logo":{"@type":"ImageObject","inLanguage":"de","@id":"https:\/\/www.organisator.ch\/#\/schema\/logo\/image\/","url":"https:\/\/www.organisator.ch\/wp-content\/uploads\/2022\/01\/Logo_Organisator_Website.png","contentUrl":"https:\/\/www.organisator.ch\/wp-content\/uploads\/2022\/01\/Logo_Organisator_Website.png","width":800,"height":77,"caption":"Organisator"},"image":{"@id":"https:\/\/www.organisator.ch\/#\/schema\/logo\/image\/"},"sameAs":["https:\/\/www.facebook.com\/OrganisatorFachmagazin","https:\/\/www.linkedin.com\/showcase\/organisator-das-magazin-fr-kmu","https:\/\/www.xing.com\/news\/pages\/organisator-ch-695","https:\/\/www.youtube.com\/channel\/UCGP2Sq0iWaZwT3BdIAQFYpw"]},{"@type":"Person","@id":"https:\/\/www.organisator.ch\/#\/schema\/person\/134708ca9321c57b0362cceb7948ffbd","name":"michael.merz","image":{"@type":"ImageObject","inLanguage":"de","@id":"https:\/\/secure.gravatar.com\/avatar\/?s=96&d=mm&r=g","url":"https:\/\/secure.gravatar.com\/avatar\/?s=96&d=mm&r=g","contentUrl":"https:\/\/secure.gravatar.com\/avatar\/?s=96&d=mm&r=g","caption":"michael.merz"},"url":"https:\/\/www.organisator.ch\/de\/author\/michael-merz\/"}]}},"_links":{"self":[{"href":"https:\/\/www.organisator.ch\/de\/wp-json\/wp\/v2\/posts\/10189","targetHints":{"allow":["GET"]}}],"collection":[{"href":"https:\/\/www.organisator.ch\/de\/wp-json\/wp\/v2\/posts"}],"about":[{"href":"https:\/\/www.organisator.ch\/de\/wp-json\/wp\/v2\/types\/post"}],"author":[{"embeddable":true,"href":"https:\/\/www.organisator.ch\/de\/wp-json\/wp\/v2\/users\/5"}],"replies":[{"embeddable":true,"href":"https:\/\/www.organisator.ch\/de\/wp-json\/wp\/v2\/comments?post=10189"}],"version-history":[{"count":1,"href":"https:\/\/www.organisator.ch\/de\/wp-json\/wp\/v2\/posts\/10189\/revisions"}],"predecessor-version":[{"id":10523,"href":"https:\/\/www.organisator.ch\/de\/wp-json\/wp\/v2\/posts\/10189\/revisions\/10523"}],"wp:featuredmedia":[{"embeddable":true,"href":"https:\/\/www.organisator.ch\/de\/wp-json\/wp\/v2\/media\/9711"}],"wp:attachment":[{"href":"https:\/\/www.organisator.ch\/de\/wp-json\/wp\/v2\/media?parent=10189"}],"wp:term":[{"taxonomy":"category","embeddable":true,"href":"https:\/\/www.organisator.ch\/de\/wp-json\/wp\/v2\/categories?post=10189"},{"taxonomy":"post_tag","embeddable":true,"href":"https:\/\/www.organisator.ch\/de\/wp-json\/wp\/v2\/tags?post=10189"}],"curies":[{"name":"wp","href":"https:\/\/api.w.org\/{rel}","templated":true}]}}