{"id":10193,"date":"2020-07-21T15:49:16","date_gmt":"2020-07-21T13:49:16","guid":{"rendered":"https:\/\/www.umweltperspektiven.ch\/?p=3209"},"modified":"2024-11-07T05:34:46","modified_gmt":"2024-11-07T04:34:46","slug":"fuenf-von-sechs-circle-gebaeuden-vermietet","status":"publish","type":"post","link":"https:\/\/www.organisator.ch\/de\/allgemein\/2020-07-21\/fuenf-von-sechs-circle-gebaeuden-vermietet\/","title":{"rendered":"F\u00fcnf von sechs Circle-Geb\u00e4uden vermietet"},"content":{"rendered":"<figure id=\"attachment_3210\" aria-describedby=\"caption-attachment-3210\" style=\"width: 150px\" class=\"wp-caption alignnone\"><img loading=\"lazy\" decoding=\"async\" class=\"wp-image-3210 size-thumbnail\" src=\"https:\/\/www.organisator.ch\/wp-content\/uploads\/2018\/02\/Sage-und-Zuercher-Kantonalbank-kooperieren_Organisator-150x150.jpg\" alt=\"Unispace neuer Standort The Circle\" width=\"150\" height=\"150\" srcset=\"https:\/\/www.organisator.ch\/wp-content\/uploads\/2018\/02\/Sage-und-Zuercher-Kantonalbank-kooperieren_Organisator-150x150.jpg 150w, https:\/\/www.organisator.ch\/wp-content\/uploads\/2018\/02\/Sage-und-Zuercher-Kantonalbank-kooperieren_Organisator-250x250.jpg 250w, https:\/\/www.organisator.ch\/wp-content\/uploads\/2018\/02\/Sage-und-Zuercher-Kantonalbank-kooperieren_Organisator-100x100.jpg 100w\" sizes=\"auto, (max-width: 150px) 100vw, 150px\" \/><figcaption id=\"caption-attachment-3210\" class=\"wp-caption-text\">The Circle bietet viele Meeting-Optionen. Die bauweise \u00fcberzeugt durch einige &#8222;gr\u00fcne&#8220; Aspekte. Demn\u00e4chst sollen die Geb\u00e4ude mit dem Minergie-Standard ausgezeichnet werden. (Bild: The Circle)<\/figcaption><\/figure>\n<p><span lang=\"DE-CH\" xml:lang=\"DE-CH\">&#8222;Der neue Standort im Flughafen Z\u00fcrich \u00abThe Circle\u00bb stellt f\u00fcr Unispace einen weiteren, wichtigen Meilenstein dar in unserer kontinuierlichen Entwicklung im Schweizer und globalen Markt&#8220;, betont Benji Tiso, Principal Unispace Schweiz. F\u00fchr ihn ist dieser Standortentscheid von grosser Bedeutung:&#8220;Das zukunftsweisende Konzept vom Circle unterstreicht unsere Position als marktdefinierende Vision\u00e4re im Workplace Design. Die Synergien, die sich an diesem neuen Standort ergeben erlauben uns, unsere Kompetenz optimal einzubringen und langj\u00e4hrige Partnerschaften zu bilden. Wir sind \u00fcberzeugt, dass der Circle Unispace, aber auch den Flughafen Z\u00fcrich im internationalen Kontext weiter festigt und hervorhebt!&#8220;<\/span><\/p>\n<p><strong>Individuelle L\u00f6sungen<\/strong><\/p>\n<p><span lang=\"DE-CH\" xml:lang=\"DE-CH\">Unispace gestaltet die Arbeitswelten von Unternehmen und realisiert innovative und auf die Zukunft ausgerichtete B\u00fcrofl\u00e4chen, im Circle findet das globale Unternehmen eine ideale Situation, die eigene Kompetenz umzusetzen.<\/span><\/p>\n<p><span lang=\"DE-CH\" xml:lang=\"DE-CH\">Die neue Destination f\u00fcr Z\u00fcrich \u00fcberzeugt aufgrund des Community-Gedankens und der Synergien zu anderen Mietern und Nutzungsmodulen. Zudem wird der Circle gew\u00e4hlt, um Mitarbeitenden, Kunden und Partnern eine moderne, zukunftsorientierte Arbeitsumgebung am besterschlossenen Ort der Schweiz zu bieten.<\/span><\/p>\n<p><span lang=\"DE-CH\" xml:lang=\"DE-CH\">Nebst Microsoft und SAP verlegt ein weiteres weltweit t\u00e4tiges IT-Unternehmen seinen Schweizer Hauptsitz in den Circle. Damit wird der Circle zum Technologie- und Innovations-Hotspot der Schweiz: Zudem erfreut sich der Circle auch grosser Beliebtheit bei biopharmazeutischen Unternehmen. <\/span><span lang=\"DE-CH\" xml:lang=\"DE-CH\">Neben MSD hat sich ein weiteres Pharma-Unternehmen dazu entschieden, den Schweizer Hauptsitz in den Circle am Flughafen Z\u00fcrich zu verlegen. Insgesamt wurden mit diesen drei Abschl\u00fcssen weitere 8&#8217;000m2 B\u00fcrofl\u00e4che vermietet.<\/span><\/p>\n<p><em><span lang=\"DE-CH\" xml:lang=\"DE-CH\">Damit sind die B\u00fcrofl\u00e4chen zu einem Grossteil vermietet. Noch knapp 10\u2019000m2 B\u00fcrofl\u00e4che sind verf\u00fcgbar, darunter befinden sich Klein- und Grossfl\u00e4chen an zentraler Lage. Mehr Informationen dazu finden Sie auf folgender Website: <\/span><\/em><a href=\"\/\/www.thecircle.ch\/de\/bueroflaechen\" target=\"_blank\" rel=\"noopener\"><span lang=\"DE-CH\" xml:lang=\"DE-CH\"><em>https:\/\/www.thecircle.ch\/de\/bueroflaechen<\/em><\/span><\/a><\/p>\n<p>&nbsp;<\/p>\n<p><strong><span lang=\"DE-CH\" xml:lang=\"DE-CH\">Er\u00f6ffnung in Etappen ab Herbst 2020<\/span><\/strong><\/p>\n<p><span lang=\"DE-CH\" xml:lang=\"DE-CH\">Trotz Coronavirus macht der Circle gute Fortschritte und es wird nur mit leichten Verz\u00f6gerungen bis zur Fertigstellung gerechnet. Mehrere Mieter haben ihre Fl\u00e4che bereits \u00fcbernommen, die offizielle Er\u00f6ffnung der publikumswirksamen Bereiche wie Kongresszentrum, Hotel, Restaurants und Shops ist ab November 2020 geplant.<\/span><\/p>\n","protected":false},"excerpt":{"rendered":"<p>&#8222;Der neue Standort im Flughafen Z\u00fcrich \u00abThe Circle\u00bb stellt f\u00fcr Unispace einen weiteren, wichtigen Meilenstein dar in unserer kontinuierlichen Entwicklung im Schweizer und globalen Markt&#8220;, betont Benji Tiso, Principal Unispace Schweiz. F\u00fchr ihn ist dieser Standortentscheid von grosser Bedeutung:&#8220;Das zukunftsweisende Konzept vom Circle unterstreicht unsere Position als marktdefinierende Vision\u00e4re im Workplace Design. Die Synergien, die [&hellip;]<\/p>\n","protected":false},"author":5,"featured_media":9714,"comment_status":"closed","ping_status":"closed","sticky":false,"template":"","format":"standard","meta":{"_acf_changed":false,"_yoast_wpseo_focuskw":"Unispace neuer Standort The Circle","_yoast_wpseo_metadesc":"Unispace er\u00f6ffnet neuen Standort im Flughafen Z\u00fcrich \u00abThe Circle\u00bb und st\u00e4rkt seine Position im Workplace Design.","articlekey":"","footnotes":""},"categories":[1],"tags":[124,1196,1707,365,2298],"class_list":["post-10193","post","type-post","status-publish","format-standard","has-post-thumbnail","hentry","category-allgemein","tag-co-working","tag-flughafen-zuerich","tag-mietflaechen","tag-office","tag-the-circle"],"acf":[],"yoast_head":"<!-- This site is optimized with the Yoast SEO plugin v27.5 - https:\/\/yoast.com\/product\/yoast-seo-wordpress\/ -->\n<title>F\u00fcnf von sechs Circle-Geb\u00e4uden vermietet - Organisator<\/title>\n<meta name=\"description\" content=\"Unispace er\u00f6ffnet neuen Standort im Flughafen Z\u00fcrich \u00abThe Circle\u00bb und st\u00e4rkt seine Position im Workplace Design.\" \/>\n<meta name=\"robots\" content=\"index, follow, max-snippet:-1, max-image-preview:large, max-video-preview:-1\" \/>\n<link rel=\"canonical\" href=\"https:\/\/www.organisator.ch\/de\/allgemein\/2020-07-21\/fuenf-von-sechs-circle-gebaeuden-vermietet\/\" \/>\n<meta property=\"og:locale\" content=\"de_DE\" \/>\n<meta property=\"og:type\" content=\"article\" \/>\n<meta property=\"og:title\" content=\"F\u00fcnf von sechs Circle-Geb\u00e4uden vermietet - Organisator\" \/>\n<meta property=\"og:description\" content=\"Unispace er\u00f6ffnet neuen Standort im Flughafen Z\u00fcrich \u00abThe Circle\u00bb und st\u00e4rkt seine Position im Workplace Design.\" \/>\n<meta property=\"og:url\" content=\"https:\/\/www.organisator.ch\/de\/allgemein\/2020-07-21\/fuenf-von-sechs-circle-gebaeuden-vermietet\/\" \/>\n<meta property=\"og:site_name\" content=\"Organisator\" \/>\n<meta property=\"article:publisher\" content=\"https:\/\/www.facebook.com\/OrganisatorFachmagazin\" \/>\n<meta property=\"article:published_time\" content=\"2020-07-21T13:49:16+00:00\" \/>\n<meta property=\"article:modified_time\" content=\"2024-11-07T04:34:46+00:00\" \/>\n<meta property=\"og:image\" content=\"https:\/\/www.organisator.ch\/wp-content\/uploads\/2020\/07\/pavillion_park_0.jpg\" \/>\n\t<meta property=\"og:image:width\" content=\"929\" \/>\n\t<meta property=\"og:image:height\" content=\"600\" \/>\n\t<meta property=\"og:image:type\" content=\"image\/jpeg\" \/>\n<meta name=\"author\" content=\"michael.merz\" \/>\n<meta name=\"twitter:card\" content=\"summary_large_image\" \/>\n<script type=\"application\/ld+json\" class=\"yoast-schema-graph\">{\"@context\":\"https:\\\/\\\/schema.org\",\"@graph\":[{\"@type\":\"Article\",\"@id\":\"https:\\\/\\\/www.organisator.ch\\\/allgemein\\\/2020-07-21\\\/fuenf-von-sechs-circle-gebaeuden-vermietet\\\/#article\",\"isPartOf\":{\"@id\":\"https:\\\/\\\/www.organisator.ch\\\/allgemein\\\/2020-07-21\\\/fuenf-von-sechs-circle-gebaeuden-vermietet\\\/\"},\"author\":{\"name\":\"michael.merz\",\"@id\":\"https:\\\/\\\/www.organisator.ch\\\/#\\\/schema\\\/person\\\/134708ca9321c57b0362cceb7948ffbd\"},\"headline\":\"F\u00fcnf von sechs Circle-Geb\u00e4uden vermietet\",\"datePublished\":\"2020-07-21T13:49:16+00:00\",\"dateModified\":\"2024-11-07T04:34:46+00:00\",\"mainEntityOfPage\":{\"@id\":\"https:\\\/\\\/www.organisator.ch\\\/allgemein\\\/2020-07-21\\\/fuenf-von-sechs-circle-gebaeuden-vermietet\\\/\"},\"wordCount\":379,\"publisher\":{\"@id\":\"https:\\\/\\\/www.organisator.ch\\\/#organization\"},\"image\":{\"@id\":\"https:\\\/\\\/www.organisator.ch\\\/allgemein\\\/2020-07-21\\\/fuenf-von-sechs-circle-gebaeuden-vermietet\\\/#primaryimage\"},\"thumbnailUrl\":\"https:\\\/\\\/www.organisator.ch\\\/wp-content\\\/uploads\\\/2020\\\/07\\\/pavillion_park_0.jpg\",\"keywords\":[\"Co-Working\",\"Flughafen Z\u00fcrich\",\"Mietfl\u00e4chen\",\"Office\",\"The Circle\"],\"inLanguage\":\"de\"},{\"@type\":\"WebPage\",\"@id\":\"https:\\\/\\\/www.organisator.ch\\\/allgemein\\\/2020-07-21\\\/fuenf-von-sechs-circle-gebaeuden-vermietet\\\/\",\"url\":\"https:\\\/\\\/www.organisator.ch\\\/allgemein\\\/2020-07-21\\\/fuenf-von-sechs-circle-gebaeuden-vermietet\\\/\",\"name\":\"F\u00fcnf von sechs Circle-Geb\u00e4uden vermietet - Organisator\",\"isPartOf\":{\"@id\":\"https:\\\/\\\/www.organisator.ch\\\/#website\"},\"primaryImageOfPage\":{\"@id\":\"https:\\\/\\\/www.organisator.ch\\\/allgemein\\\/2020-07-21\\\/fuenf-von-sechs-circle-gebaeuden-vermietet\\\/#primaryimage\"},\"image\":{\"@id\":\"https:\\\/\\\/www.organisator.ch\\\/allgemein\\\/2020-07-21\\\/fuenf-von-sechs-circle-gebaeuden-vermietet\\\/#primaryimage\"},\"thumbnailUrl\":\"https:\\\/\\\/www.organisator.ch\\\/wp-content\\\/uploads\\\/2020\\\/07\\\/pavillion_park_0.jpg\",\"datePublished\":\"2020-07-21T13:49:16+00:00\",\"dateModified\":\"2024-11-07T04:34:46+00:00\",\"description\":\"Unispace er\u00f6ffnet neuen Standort im Flughafen Z\u00fcrich \u00abThe Circle\u00bb und st\u00e4rkt seine Position im Workplace Design.\",\"breadcrumb\":{\"@id\":\"https:\\\/\\\/www.organisator.ch\\\/allgemein\\\/2020-07-21\\\/fuenf-von-sechs-circle-gebaeuden-vermietet\\\/#breadcrumb\"},\"inLanguage\":\"de\",\"potentialAction\":[{\"@type\":\"ReadAction\",\"target\":[\"https:\\\/\\\/www.organisator.ch\\\/allgemein\\\/2020-07-21\\\/fuenf-von-sechs-circle-gebaeuden-vermietet\\\/\"]}]},{\"@type\":\"ImageObject\",\"inLanguage\":\"de\",\"@id\":\"https:\\\/\\\/www.organisator.ch\\\/allgemein\\\/2020-07-21\\\/fuenf-von-sechs-circle-gebaeuden-vermietet\\\/#primaryimage\",\"url\":\"https:\\\/\\\/www.organisator.ch\\\/wp-content\\\/uploads\\\/2020\\\/07\\\/pavillion_park_0.jpg\",\"contentUrl\":\"https:\\\/\\\/www.organisator.ch\\\/wp-content\\\/uploads\\\/2020\\\/07\\\/pavillion_park_0.jpg\",\"width\":929,\"height\":600},{\"@type\":\"BreadcrumbList\",\"@id\":\"https:\\\/\\\/www.organisator.ch\\\/allgemein\\\/2020-07-21\\\/fuenf-von-sechs-circle-gebaeuden-vermietet\\\/#breadcrumb\",\"itemListElement\":[{\"@type\":\"ListItem\",\"position\":1,\"name\":\"Home\",\"item\":\"https:\\\/\\\/www.organisator.ch\\\/\"},{\"@type\":\"ListItem\",\"position\":2,\"name\":\"F\u00fcnf von sechs Circle-Geb\u00e4uden vermietet\"}]},{\"@type\":\"WebSite\",\"@id\":\"https:\\\/\\\/www.organisator.ch\\\/#website\",\"url\":\"https:\\\/\\\/www.organisator.ch\\\/\",\"name\":\"Organisator\",\"description\":\"Kompetent. Praxisnah. Der ORGANISATOR bereitet in 10 Ausgaben pro Jahr die wesentlichen Themen f\u00fcr F\u00fchrungskr\u00e4fte von KMU auf.\",\"publisher\":{\"@id\":\"https:\\\/\\\/www.organisator.ch\\\/#organization\"},\"potentialAction\":[{\"@type\":\"SearchAction\",\"target\":{\"@type\":\"EntryPoint\",\"urlTemplate\":\"https:\\\/\\\/www.organisator.ch\\\/?s={search_term_string}\"},\"query-input\":{\"@type\":\"PropertyValueSpecification\",\"valueRequired\":true,\"valueName\":\"search_term_string\"}}],\"inLanguage\":\"de\"},{\"@type\":\"Organization\",\"@id\":\"https:\\\/\\\/www.organisator.ch\\\/#organization\",\"name\":\"Organisator\",\"url\":\"https:\\\/\\\/www.organisator.ch\\\/\",\"logo\":{\"@type\":\"ImageObject\",\"inLanguage\":\"de\",\"@id\":\"https:\\\/\\\/www.organisator.ch\\\/#\\\/schema\\\/logo\\\/image\\\/\",\"url\":\"https:\\\/\\\/www.organisator.ch\\\/wp-content\\\/uploads\\\/2022\\\/01\\\/Logo_Organisator_Website.png\",\"contentUrl\":\"https:\\\/\\\/www.organisator.ch\\\/wp-content\\\/uploads\\\/2022\\\/01\\\/Logo_Organisator_Website.png\",\"width\":800,\"height\":77,\"caption\":\"Organisator\"},\"image\":{\"@id\":\"https:\\\/\\\/www.organisator.ch\\\/#\\\/schema\\\/logo\\\/image\\\/\"},\"sameAs\":[\"https:\\\/\\\/www.facebook.com\\\/OrganisatorFachmagazin\",\"https:\\\/\\\/www.linkedin.com\\\/showcase\\\/organisator-das-magazin-fr-kmu\",\"https:\\\/\\\/www.xing.com\\\/news\\\/pages\\\/organisator-ch-695\",\"https:\\\/\\\/www.youtube.com\\\/channel\\\/UCGP2Sq0iWaZwT3BdIAQFYpw\"]},{\"@type\":\"Person\",\"@id\":\"https:\\\/\\\/www.organisator.ch\\\/#\\\/schema\\\/person\\\/134708ca9321c57b0362cceb7948ffbd\",\"name\":\"michael.merz\",\"image\":{\"@type\":\"ImageObject\",\"inLanguage\":\"de\",\"@id\":\"https:\\\/\\\/secure.gravatar.com\\\/avatar\\\/?s=96&d=mm&r=g\",\"url\":\"https:\\\/\\\/secure.gravatar.com\\\/avatar\\\/?s=96&d=mm&r=g\",\"contentUrl\":\"https:\\\/\\\/secure.gravatar.com\\\/avatar\\\/?s=96&d=mm&r=g\",\"caption\":\"michael.merz\"},\"url\":\"https:\\\/\\\/www.organisator.ch\\\/de\\\/author\\\/michael-merz\\\/\"}]}<\/script>\n<!-- \/ Yoast SEO plugin. -->","yoast_head_json":{"title":"F\u00fcnf von sechs Circle-Geb\u00e4uden vermietet - Organisator","description":"Unispace er\u00f6ffnet neuen Standort im Flughafen Z\u00fcrich \u00abThe Circle\u00bb und st\u00e4rkt seine Position im Workplace Design.","robots":{"index":"index","follow":"follow","max-snippet":"max-snippet:-1","max-image-preview":"max-image-preview:large","max-video-preview":"max-video-preview:-1"},"canonical":"https:\/\/www.organisator.ch\/de\/allgemein\/2020-07-21\/fuenf-von-sechs-circle-gebaeuden-vermietet\/","og_locale":"de_DE","og_type":"article","og_title":"F\u00fcnf von sechs Circle-Geb\u00e4uden vermietet - Organisator","og_description":"Unispace er\u00f6ffnet neuen Standort im Flughafen Z\u00fcrich \u00abThe Circle\u00bb und st\u00e4rkt seine Position im Workplace Design.","og_url":"https:\/\/www.organisator.ch\/de\/allgemein\/2020-07-21\/fuenf-von-sechs-circle-gebaeuden-vermietet\/","og_site_name":"Organisator","article_publisher":"https:\/\/www.facebook.com\/OrganisatorFachmagazin","article_published_time":"2020-07-21T13:49:16+00:00","article_modified_time":"2024-11-07T04:34:46+00:00","og_image":[{"width":929,"height":600,"url":"https:\/\/www.organisator.ch\/wp-content\/uploads\/2020\/07\/pavillion_park_0.jpg","type":"image\/jpeg"}],"author":"michael.merz","twitter_card":"summary_large_image","schema":{"@context":"https:\/\/schema.org","@graph":[{"@type":"Article","@id":"https:\/\/www.organisator.ch\/allgemein\/2020-07-21\/fuenf-von-sechs-circle-gebaeuden-vermietet\/#article","isPartOf":{"@id":"https:\/\/www.organisator.ch\/allgemein\/2020-07-21\/fuenf-von-sechs-circle-gebaeuden-vermietet\/"},"author":{"name":"michael.merz","@id":"https:\/\/www.organisator.ch\/#\/schema\/person\/134708ca9321c57b0362cceb7948ffbd"},"headline":"F\u00fcnf von sechs Circle-Geb\u00e4uden vermietet","datePublished":"2020-07-21T13:49:16+00:00","dateModified":"2024-11-07T04:34:46+00:00","mainEntityOfPage":{"@id":"https:\/\/www.organisator.ch\/allgemein\/2020-07-21\/fuenf-von-sechs-circle-gebaeuden-vermietet\/"},"wordCount":379,"publisher":{"@id":"https:\/\/www.organisator.ch\/#organization"},"image":{"@id":"https:\/\/www.organisator.ch\/allgemein\/2020-07-21\/fuenf-von-sechs-circle-gebaeuden-vermietet\/#primaryimage"},"thumbnailUrl":"https:\/\/www.organisator.ch\/wp-content\/uploads\/2020\/07\/pavillion_park_0.jpg","keywords":["Co-Working","Flughafen Z\u00fcrich","Mietfl\u00e4chen","Office","The Circle"],"inLanguage":"de"},{"@type":"WebPage","@id":"https:\/\/www.organisator.ch\/allgemein\/2020-07-21\/fuenf-von-sechs-circle-gebaeuden-vermietet\/","url":"https:\/\/www.organisator.ch\/allgemein\/2020-07-21\/fuenf-von-sechs-circle-gebaeuden-vermietet\/","name":"F\u00fcnf von sechs Circle-Geb\u00e4uden vermietet - Organisator","isPartOf":{"@id":"https:\/\/www.organisator.ch\/#website"},"primaryImageOfPage":{"@id":"https:\/\/www.organisator.ch\/allgemein\/2020-07-21\/fuenf-von-sechs-circle-gebaeuden-vermietet\/#primaryimage"},"image":{"@id":"https:\/\/www.organisator.ch\/allgemein\/2020-07-21\/fuenf-von-sechs-circle-gebaeuden-vermietet\/#primaryimage"},"thumbnailUrl":"https:\/\/www.organisator.ch\/wp-content\/uploads\/2020\/07\/pavillion_park_0.jpg","datePublished":"2020-07-21T13:49:16+00:00","dateModified":"2024-11-07T04:34:46+00:00","description":"Unispace er\u00f6ffnet neuen Standort im Flughafen Z\u00fcrich \u00abThe Circle\u00bb und st\u00e4rkt seine Position im Workplace Design.","breadcrumb":{"@id":"https:\/\/www.organisator.ch\/allgemein\/2020-07-21\/fuenf-von-sechs-circle-gebaeuden-vermietet\/#breadcrumb"},"inLanguage":"de","potentialAction":[{"@type":"ReadAction","target":["https:\/\/www.organisator.ch\/allgemein\/2020-07-21\/fuenf-von-sechs-circle-gebaeuden-vermietet\/"]}]},{"@type":"ImageObject","inLanguage":"de","@id":"https:\/\/www.organisator.ch\/allgemein\/2020-07-21\/fuenf-von-sechs-circle-gebaeuden-vermietet\/#primaryimage","url":"https:\/\/www.organisator.ch\/wp-content\/uploads\/2020\/07\/pavillion_park_0.jpg","contentUrl":"https:\/\/www.organisator.ch\/wp-content\/uploads\/2020\/07\/pavillion_park_0.jpg","width":929,"height":600},{"@type":"BreadcrumbList","@id":"https:\/\/www.organisator.ch\/allgemein\/2020-07-21\/fuenf-von-sechs-circle-gebaeuden-vermietet\/#breadcrumb","itemListElement":[{"@type":"ListItem","position":1,"name":"Home","item":"https:\/\/www.organisator.ch\/"},{"@type":"ListItem","position":2,"name":"F\u00fcnf von sechs Circle-Geb\u00e4uden vermietet"}]},{"@type":"WebSite","@id":"https:\/\/www.organisator.ch\/#website","url":"https:\/\/www.organisator.ch\/","name":"Organisator","description":"Kompetent. Praxisnah. Der ORGANISATOR bereitet in 10 Ausgaben pro Jahr die wesentlichen Themen f\u00fcr F\u00fchrungskr\u00e4fte von KMU auf.","publisher":{"@id":"https:\/\/www.organisator.ch\/#organization"},"potentialAction":[{"@type":"SearchAction","target":{"@type":"EntryPoint","urlTemplate":"https:\/\/www.organisator.ch\/?s={search_term_string}"},"query-input":{"@type":"PropertyValueSpecification","valueRequired":true,"valueName":"search_term_string"}}],"inLanguage":"de"},{"@type":"Organization","@id":"https:\/\/www.organisator.ch\/#organization","name":"Organisator","url":"https:\/\/www.organisator.ch\/","logo":{"@type":"ImageObject","inLanguage":"de","@id":"https:\/\/www.organisator.ch\/#\/schema\/logo\/image\/","url":"https:\/\/www.organisator.ch\/wp-content\/uploads\/2022\/01\/Logo_Organisator_Website.png","contentUrl":"https:\/\/www.organisator.ch\/wp-content\/uploads\/2022\/01\/Logo_Organisator_Website.png","width":800,"height":77,"caption":"Organisator"},"image":{"@id":"https:\/\/www.organisator.ch\/#\/schema\/logo\/image\/"},"sameAs":["https:\/\/www.facebook.com\/OrganisatorFachmagazin","https:\/\/www.linkedin.com\/showcase\/organisator-das-magazin-fr-kmu","https:\/\/www.xing.com\/news\/pages\/organisator-ch-695","https:\/\/www.youtube.com\/channel\/UCGP2Sq0iWaZwT3BdIAQFYpw"]},{"@type":"Person","@id":"https:\/\/www.organisator.ch\/#\/schema\/person\/134708ca9321c57b0362cceb7948ffbd","name":"michael.merz","image":{"@type":"ImageObject","inLanguage":"de","@id":"https:\/\/secure.gravatar.com\/avatar\/?s=96&d=mm&r=g","url":"https:\/\/secure.gravatar.com\/avatar\/?s=96&d=mm&r=g","contentUrl":"https:\/\/secure.gravatar.com\/avatar\/?s=96&d=mm&r=g","caption":"michael.merz"},"url":"https:\/\/www.organisator.ch\/de\/author\/michael-merz\/"}]}},"_links":{"self":[{"href":"https:\/\/www.organisator.ch\/de\/wp-json\/wp\/v2\/posts\/10193","targetHints":{"allow":["GET"]}}],"collection":[{"href":"https:\/\/www.organisator.ch\/de\/wp-json\/wp\/v2\/posts"}],"about":[{"href":"https:\/\/www.organisator.ch\/de\/wp-json\/wp\/v2\/types\/post"}],"author":[{"embeddable":true,"href":"https:\/\/www.organisator.ch\/de\/wp-json\/wp\/v2\/users\/5"}],"replies":[{"embeddable":true,"href":"https:\/\/www.organisator.ch\/de\/wp-json\/wp\/v2\/comments?post=10193"}],"version-history":[{"count":2,"href":"https:\/\/www.organisator.ch\/de\/wp-json\/wp\/v2\/posts\/10193\/revisions"}],"predecessor-version":[{"id":31610,"href":"https:\/\/www.organisator.ch\/de\/wp-json\/wp\/v2\/posts\/10193\/revisions\/31610"}],"wp:featuredmedia":[{"embeddable":true,"href":"https:\/\/www.organisator.ch\/de\/wp-json\/wp\/v2\/media\/9714"}],"wp:attachment":[{"href":"https:\/\/www.organisator.ch\/de\/wp-json\/wp\/v2\/media?parent=10193"}],"wp:term":[{"taxonomy":"category","embeddable":true,"href":"https:\/\/www.organisator.ch\/de\/wp-json\/wp\/v2\/categories?post=10193"},{"taxonomy":"post_tag","embeddable":true,"href":"https:\/\/www.organisator.ch\/de\/wp-json\/wp\/v2\/tags?post=10193"}],"curies":[{"name":"wp","href":"https:\/\/api.w.org\/{rel}","templated":true}]}}